{"id":204418,"date":"2026-03-09T19:05:00","date_gmt":"2026-03-09T22:05:00","guid":{"rendered":"https:\/\/www.correiobraziliense.com.br\/cbradar\/?p=204418"},"modified":"2026-03-07T19:21:29","modified_gmt":"2026-03-07T22:21:29","slug":"o-que-o-formato-do-seu-umbigo-diz-sobre-sua-ancestralidade","status":"publish","type":"post","link":"https:\/\/www.correiobraziliense.com.br\/cbradar\/o-que-o-formato-do-seu-umbigo-diz-sobre-sua-ancestralidade\/","title":{"rendered":"O que o formato do seu umbigo diz sobre sua ancestralidade"},"content":{"rendered":"\n<p>O formato do <strong>umbigo<\/strong> costuma ser visto apenas como uma caracter\u00edstica est\u00e9tica do corpo. No entanto, algumas tradi\u00e7\u00f5es populares e estudos sobre <strong>gen\u00e9tica humana<\/strong> sugerem rela\u00e7\u00f5es curiosas entre essa forma e a heran\u00e7a familiar. Embora n\u00e3o seja um indicador cient\u00edfico definitivo de origem, observar esse detalhe corporal desperta interesse sobre ancestralidade, desenvolvimento fetal e diversidade f\u00edsica entre popula\u00e7\u00f5es.<\/p>\n\n\n\n<h2 class=\"wp-block-heading\">O formato do umbigo pode indicar tra\u00e7os da ancestralidade?<\/h2>\n\n\n\n<p>O <strong>umbigo<\/strong> surge ap\u00f3s o corte do <strong>cord\u00e3o umbilical<\/strong>, estrutura respons\u00e1vel pela conex\u00e3o entre o <a href=\"https:\/\/www.correiobraziliense.com.br\/cbradar\/os-bebes-mais-choroes-costumam-nascer-nestes-3-meses-do-ano-revelam-especialistas\/\" target=\"_blank\" rel=\"noreferrer noopener\">beb\u00ea <\/a>e a placenta durante a gesta\u00e7\u00e3o. A cicatriza\u00e7\u00e3o desse local cria diferentes formatos, como umbigo para dentro, para fora ou com pequenas varia\u00e7\u00f5es na borda. Essas diferen\u00e7as acontecem principalmente por fatores biol\u00f3gicos ligados ao processo de cicatriza\u00e7\u00e3o.<\/p>\n\n\n\n<p>Mesmo assim, algumas pesquisas em <strong>gen\u00e9tica<\/strong> observam que caracter\u00edsticas f\u00edsicas externas podem aparecer com maior frequ\u00eancia em determinados grupos familiares. Isso n\u00e3o significa que o formato do umbigo revele com precis\u00e3o a origem de uma pessoa, mas ele pode refletir padr\u00f5es corporais que atravessam gera\u00e7\u00f5es dentro de determinadas linhagens.<\/p>\n\n\n\n<figure class=\"wp-block-image size-full\"><img decoding=\"async\" width=\"1280\" height=\"720\" src=\"https:\/\/www.correiobraziliense.com.br\/cbradar\/wp-content\/uploads\/2026\/03\/umbigo_1772846752808.jpg\" alt=\"O que o formato do seu umbigo diz sobre sua ancestralidade\" class=\"wp-image-204421\" srcset=\"https:\/\/www.correiobraziliense.com.br\/cbradar\/wp-content\/uploads\/2026\/03\/umbigo_1772846752808.jpg 1280w, https:\/\/www.correiobraziliense.com.br\/cbradar\/wp-content\/uploads\/2026\/03\/umbigo_1772846752808-300x169.jpg 300w, https:\/\/www.correiobraziliense.com.br\/cbradar\/wp-content\/uploads\/2026\/03\/umbigo_1772846752808-768x432.jpg 768w, https:\/\/www.correiobraziliense.com.br\/cbradar\/wp-content\/uploads\/2026\/03\/umbigo_1772846752808-750x422.jpg 750w, https:\/\/www.correiobraziliense.com.br\/cbradar\/wp-content\/uploads\/2026\/03\/umbigo_1772846752808-1140x641.jpg 1140w\" sizes=\"(max-width: 1280px) 100vw, 1280px\" \/><figcaption class=\"wp-element-caption\">Por que cada pessoa tem um formato diferente de umbigo &#8211; Cr\u00e9ditos: depositphotos.com \/ ashumskiy<\/figcaption><\/figure>\n\n\n\n<h2 class=\"wp-block-heading\">Por que cada pessoa possui um formato diferente de umbigo?<\/h2>\n\n\n\n<p>A principal raz\u00e3o para a diversidade de formatos est\u00e1 no processo de cicatriza\u00e7\u00e3o ap\u00f3s o nascimento. O <strong>tecido umbilical<\/strong> seca e se desprende naturalmente, e a forma final depende da elasticidade da pele, da quantidade de gordura abdominal e de como o organismo reage durante essa cicatriza\u00e7\u00e3o.<\/p>\n\n\n\n<p>Fatores heredit\u00e1rios tamb\u00e9m podem influenciar caracter\u00edsticas da pele e da estrutura corporal. Assim, pessoas da mesma fam\u00edlia podem apresentar umbigos semelhantes. Esse padr\u00e3o n\u00e3o ocorre de forma absoluta, mas demonstra como a <strong>heran\u00e7a gen\u00e9tica<\/strong> participa da forma\u00e7\u00e3o de muitos detalhes f\u00edsicos do corpo humano.<\/p>\n\n\n\n<h2 class=\"wp-block-heading\">Quais s\u00e3o os tipos mais comuns de umbigo?<\/h2>\n\n\n\n<p>Diversos formatos aparecem com frequ\u00eancia em diferentes popula\u00e7\u00f5es. Eles variam principalmente pela profundidade, pela posi\u00e7\u00e3o e pelo contorno da cicatriz umbilical. Entre os tipos mais observados est\u00e3o:<\/p>\n\n\n\n<ul class=\"wp-block-list\">\n<li><strong>Umbigo para dentro<\/strong>: formato mais comum, com leve cavidade no centro do abd\u00f4men<\/li>\n\n\n\n<li><strong>Umbigo para fora<\/strong>: pequena sali\u00eancia causada por uma cicatriza\u00e7\u00e3o diferente<\/li>\n\n\n\n<li><strong>Umbigo oval<\/strong>: abertura alongada, com formato semelhante a um pequeno oval<\/li>\n\n\n\n<li><strong>Umbigo redondo<\/strong>: cavidade circular e mais sim\u00e9trica<\/li>\n\n\n\n<li><strong>Umbigo vertical<\/strong>: abertura estreita com orienta\u00e7\u00e3o vertical<\/li>\n<\/ul>\n\n\n\n<p>Essas varia\u00e7\u00f5es fazem parte da diversidade natural do corpo humano e n\u00e3o indicam diferen\u00e7as de sa\u00fade ou capacidade f\u00edsica.<\/p>\n\n\n\n<h2 class=\"wp-block-heading\">Existe rela\u00e7\u00e3o cient\u00edfica entre umbigo e origem gen\u00e9tica?<\/h2>\n\n\n\n<p>At\u00e9 o momento, a <strong>ci\u00eancia<\/strong> n\u00e3o confirma uma liga\u00e7\u00e3o direta entre o formato do umbigo e a origem \u00e9tnica de uma pessoa. Pesquisadores da \u00e1rea de <strong>antropologia biol\u00f3gica<\/strong> analisam diversos tra\u00e7os f\u00edsicos para compreender popula\u00e7\u00f5es humanas, mas o umbigo raramente aparece como um marcador confi\u00e1vel.<\/p>\n\n\n\n<p>Caracter\u00edsticas como <strong>tom de pele<\/strong>, <strong>formato do rosto<\/strong> e <strong>tipo de cabelo<\/strong> apresentam rela\u00e7\u00e3o gen\u00e9tica mais evidente. O umbigo, por outro lado, sofre forte influ\u00eancia do processo de cicatriza\u00e7\u00e3o individual, o que reduz sua utilidade como indicador preciso de ancestralidade.<\/p>\n\n\n\n<p><br>Se voc\u00ea gosta de descobrir curiosidades sobre o corpo humano, este v\u00eddeo do canal<a href=\"https:\/\/www.youtube.com\/@BBCNewsBrasil\" target=\"_blank\" rel=\"noreferrer noopener\"> <strong>BBC News Brasil<\/strong>,<\/a> com 4,79 milh\u00f5es de subscritores, foi escolhido especialmente para voc\u00ea. Ele explica o que o umbigo pode revelar sobre a sa\u00fade e quais sinais merecem aten\u00e7\u00e3o<\/p>\n\n\n\n<figure class=\"wp-block-embed is-type-video is-provider-youtube wp-block-embed-youtube wp-embed-aspect-16-9 wp-has-aspect-ratio\"><div class=\"wp-block-embed__wrapper\">\n<div class=\"jeg_video_container jeg_video_content\"><iframe loading=\"lazy\" title=\"O que o umbigo tem a dizer sobre sua sa\u00fade\" width=\"500\" height=\"281\" src=\"https:\/\/www.youtube.com\/embed\/FLfNRQp-j-0?feature=oembed\" frameborder=\"0\" allow=\"accelerometer; autoplay; clipboard-write; encrypted-media; gyroscope; picture-in-picture; web-share\" referrerpolicy=\"strict-origin-when-cross-origin\" allowfullscreen><\/iframe><\/div>\n<\/div><\/figure>\n\n\n\n<h2 class=\"wp-block-heading\">Por que o umbigo ainda desperta curiosidade sobre heran\u00e7a familiar?<\/h2>\n\n\n\n<p>Apesar da aus\u00eancia de comprova\u00e7\u00e3o cient\u00edfica direta, o umbigo continua sendo tema de curiosidade popular. Muitas pessoas percebem semelhan\u00e7as f\u00edsicas entre parentes e passam a associar esse detalhe corporal a uma poss\u00edvel heran\u00e7a familiar.<\/p>\n\n\n\n<p>Esse interesse tamb\u00e9m reflete o desejo humano de compreender a pr\u00f3pria origem. Ao observar pequenas caracter\u00edsticas do corpo, indiv\u00edduos buscam conex\u00f5es com sua hist\u00f3ria familiar, com antepassados e com a diversidade gen\u00e9tica que comp\u00f5e cada gera\u00e7\u00e3o dentro de uma mesma fam\u00edlia.<\/p>\n","protected":false},"excerpt":{"rendered":"<p>O formato do umbigo pode ter rela\u00e7\u00e3o com heran\u00e7a familiar? Veja o que a ci\u00eancia explica sobre essa curiosidade do corpo humano<\/p>\n","protected":false},"author":23,"featured_media":204419,"comment_status":"open","ping_status":"open","sticky":false,"template":"","format":"standard","meta":{"_yoast_wpseo_focuskw":"Formato do seu umbigo","_yoast_wpseo_title":"","_yoast_wpseo_metadesc":"O formato do umbigo pode ter rela\u00e7\u00e3o com heran\u00e7a familiar? Veja o que a ci\u00eancia explica sobre essa curiosidade do corpo humano","jnews-multi-image_gallery":[],"jnews_single_post":{"format":"standard"},"jnews_primary_category":[],"jnews_social_meta":[],"jnews_override_counter":[],"footnotes":""},"categories":[112],"tags":[3559,144,9593],"class_list":["post-204418","post","type-post","status-publish","format-standard","has-post-thumbnail","hentry","category-curiosidades","tag-corpo-humano","tag-curiosidades","tag-umbigo"],"yoast_head":"<!-- This site is optimized with the Yoast SEO plugin v24.6 - https:\/\/yoast.com\/wordpress\/plugins\/seo\/ -->\n<title>O que o formato do seu umbigo diz sobre sua ancestralidade - Correio Braziliense - Radar<\/title>\n<meta name=\"description\" content=\"O formato do umbigo pode ter rela\u00e7\u00e3o com heran\u00e7a familiar? Veja o que a ci\u00eancia explica sobre essa curiosidade do corpo humano\" \/>\n<meta name=\"robots\" content=\"index, follow, max-snippet:-1, max-image-preview:large, max-video-preview:-1\" \/>\n<link rel=\"canonical\" href=\"https:\/\/www.correiobraziliense.com.br\/cbradar\/o-que-o-formato-do-seu-umbigo-diz-sobre-sua-ancestralidade\/\" \/>\n<meta property=\"og:locale\" content=\"pt_BR\" \/>\n<meta property=\"og:type\" content=\"article\" \/>\n<meta property=\"og:title\" content=\"O que o formato do seu umbigo diz sobre sua ancestralidade - Correio Braziliense - Radar\" \/>\n<meta property=\"og:description\" content=\"O formato do umbigo pode ter rela\u00e7\u00e3o com heran\u00e7a familiar? Veja o que a ci\u00eancia explica sobre essa curiosidade do corpo humano\" \/>\n<meta property=\"og:url\" content=\"https:\/\/www.correiobraziliense.com.br\/cbradar\/o-que-o-formato-do-seu-umbigo-diz-sobre-sua-ancestralidade\/\" \/>\n<meta property=\"og:site_name\" content=\"Correio Braziliense - Radar\" \/>\n<meta property=\"article:published_time\" content=\"2026-03-09T22:05:00+00:00\" \/>\n<meta property=\"og:image\" content=\"https:\/\/www.correiobraziliense.com.br\/cbradar\/wp-content\/uploads\/2026\/03\/umbigo_1772846623275.jpg\" \/>\n\t<meta property=\"og:image:width\" content=\"1280\" \/>\n\t<meta property=\"og:image:height\" content=\"720\" \/>\n\t<meta property=\"og:image:type\" content=\"image\/jpeg\" \/>\n<meta name=\"author\" content=\"Nicolas Otto\" \/>\n<meta name=\"twitter:card\" content=\"summary_large_image\" \/>\n<meta name=\"twitter:label1\" content=\"Escrito por\" \/>\n\t<meta name=\"twitter:data1\" content=\"Nicolas Otto\" \/>\n\t<meta name=\"twitter:label2\" content=\"Est. tempo de leitura\" \/>\n\t<meta name=\"twitter:data2\" content=\"4 minutos\" \/>\n<!-- \/ Yoast SEO plugin. -->","yoast_head_json":{"title":"O que o formato do seu umbigo diz sobre sua ancestralidade - Correio Braziliense - Radar","description":"O formato do umbigo pode ter rela\u00e7\u00e3o com heran\u00e7a familiar? Veja o que a ci\u00eancia explica sobre essa curiosidade do corpo humano","robots":{"index":"index","follow":"follow","max-snippet":"max-snippet:-1","max-image-preview":"max-image-preview:large","max-video-preview":"max-video-preview:-1"},"canonical":"https:\/\/www.correiobraziliense.com.br\/cbradar\/o-que-o-formato-do-seu-umbigo-diz-sobre-sua-ancestralidade\/","og_locale":"pt_BR","og_type":"article","og_title":"O que o formato do seu umbigo diz sobre sua ancestralidade - Correio Braziliense - Radar","og_description":"O formato do umbigo pode ter rela\u00e7\u00e3o com heran\u00e7a familiar? Veja o que a ci\u00eancia explica sobre essa curiosidade do corpo humano","og_url":"https:\/\/www.correiobraziliense.com.br\/cbradar\/o-que-o-formato-do-seu-umbigo-diz-sobre-sua-ancestralidade\/","og_site_name":"Correio Braziliense - Radar","article_published_time":"2026-03-09T22:05:00+00:00","og_image":[{"width":1280,"height":720,"url":"https:\/\/www.correiobraziliense.com.br\/cbradar\/wp-content\/uploads\/2026\/03\/umbigo_1772846623275.jpg","type":"image\/jpeg"}],"author":"Nicolas Otto","twitter_card":"summary_large_image","twitter_misc":{"Escrito por":"Nicolas Otto","Est. tempo de leitura":"4 minutos"},"schema":{"@context":"https:\/\/schema.org","@graph":[{"@type":"WebPage","@id":"https:\/\/www.correiobraziliense.com.br\/cbradar\/o-que-o-formato-do-seu-umbigo-diz-sobre-sua-ancestralidade\/","url":"https:\/\/www.correiobraziliense.com.br\/cbradar\/o-que-o-formato-do-seu-umbigo-diz-sobre-sua-ancestralidade\/","name":"O que o formato do seu umbigo diz sobre sua ancestralidade - Correio Braziliense - Radar","isPartOf":{"@id":"https:\/\/www.correiobraziliense.com.br\/cbradar\/#website"},"primaryImageOfPage":{"@id":"https:\/\/www.correiobraziliense.com.br\/cbradar\/o-que-o-formato-do-seu-umbigo-diz-sobre-sua-ancestralidade\/#primaryimage"},"image":{"@id":"https:\/\/www.correiobraziliense.com.br\/cbradar\/o-que-o-formato-do-seu-umbigo-diz-sobre-sua-ancestralidade\/#primaryimage"},"thumbnailUrl":"https:\/\/www.correiobraziliense.com.br\/cbradar\/wp-content\/uploads\/2026\/03\/umbigo_1772846623275.jpg","datePublished":"2026-03-09T22:05:00+00:00","author":{"@id":"https:\/\/www.correiobraziliense.com.br\/cbradar\/#\/schema\/person\/3221b250518e74ac52c442d1c1236aaa"},"description":"O formato do umbigo pode ter rela\u00e7\u00e3o com heran\u00e7a familiar? Veja o que a ci\u00eancia explica sobre essa curiosidade do corpo humano","breadcrumb":{"@id":"https:\/\/www.correiobraziliense.com.br\/cbradar\/o-que-o-formato-do-seu-umbigo-diz-sobre-sua-ancestralidade\/#breadcrumb"},"inLanguage":"pt-BR","potentialAction":[{"@type":"ReadAction","target":["https:\/\/www.correiobraziliense.com.br\/cbradar\/o-que-o-formato-do-seu-umbigo-diz-sobre-sua-ancestralidade\/"]}]},{"@type":"ImageObject","inLanguage":"pt-BR","@id":"https:\/\/www.correiobraziliense.com.br\/cbradar\/o-que-o-formato-do-seu-umbigo-diz-sobre-sua-ancestralidade\/#primaryimage","url":"https:\/\/www.correiobraziliense.com.br\/cbradar\/wp-content\/uploads\/2026\/03\/umbigo_1772846623275.jpg","contentUrl":"https:\/\/www.correiobraziliense.com.br\/cbradar\/wp-content\/uploads\/2026\/03\/umbigo_1772846623275.jpg","width":1280,"height":720,"caption":"Por que cada pessoa tem um formato diferente de umbigo - Cr\u00e9ditos: depositphotos.com \/ Krakenimages.com"},{"@type":"BreadcrumbList","@id":"https:\/\/www.correiobraziliense.com.br\/cbradar\/o-que-o-formato-do-seu-umbigo-diz-sobre-sua-ancestralidade\/#breadcrumb","itemListElement":[{"@type":"ListItem","position":1,"name":"In\u00edcio","item":"https:\/\/www.correiobraziliense.com.br\/cbradar\/"},{"@type":"ListItem","position":2,"name":"O que o formato do seu umbigo diz sobre sua ancestralidade"}]},{"@type":"WebSite","@id":"https:\/\/www.correiobraziliense.com.br\/cbradar\/#website","url":"https:\/\/www.correiobraziliense.com.br\/cbradar\/","name":"Correio Braziliense - Radar","description":"Acompanhe as \u00faltimas not\u00edcias e fique bem informado sobre tudo o que acontece no Brasil e no mundo.","potentialAction":[{"@type":"SearchAction","target":{"@type":"EntryPoint","urlTemplate":"https:\/\/www.correiobraziliense.com.br\/cbradar\/?s={search_term_string}"},"query-input":{"@type":"PropertyValueSpecification","valueRequired":true,"valueName":"search_term_string"}}],"inLanguage":"pt-BR"},{"@type":"Person","@id":"https:\/\/www.correiobraziliense.com.br\/cbradar\/#\/schema\/person\/3221b250518e74ac52c442d1c1236aaa","name":"Nicolas Otto","image":{"@type":"ImageObject","inLanguage":"pt-BR","@id":"https:\/\/www.correiobraziliense.com.br\/cbradar\/#\/schema\/person\/image\/","url":"https:\/\/secure.gravatar.com\/avatar\/05925f730d72f0ea0df144f236adfb18?s=96&d=mm&r=g","contentUrl":"https:\/\/secure.gravatar.com\/avatar\/05925f730d72f0ea0df144f236adfb18?s=96&d=mm&r=g","caption":"Nicolas Otto"},"sameAs":["https:\/\/www.correiobraziliense.com.br\/cbradar\/"],"url":"https:\/\/www.correiobraziliense.com.br\/cbradar\/author\/nicolas-otto\/"}]}},"_links":{"self":[{"href":"https:\/\/www.correiobraziliense.com.br\/cbradar\/wp-json\/wp\/v2\/posts\/204418","targetHints":{"allow":["GET"]}}],"collection":[{"href":"https:\/\/www.correiobraziliense.com.br\/cbradar\/wp-json\/wp\/v2\/posts"}],"about":[{"href":"https:\/\/www.correiobraziliense.com.br\/cbradar\/wp-json\/wp\/v2\/types\/post"}],"author":[{"embeddable":true,"href":"https:\/\/www.correiobraziliense.com.br\/cbradar\/wp-json\/wp\/v2\/users\/23"}],"replies":[{"embeddable":true,"href":"https:\/\/www.correiobraziliense.com.br\/cbradar\/wp-json\/wp\/v2\/comments?post=204418"}],"version-history":[{"count":2,"href":"https:\/\/www.correiobraziliense.com.br\/cbradar\/wp-json\/wp\/v2\/posts\/204418\/revisions"}],"predecessor-version":[{"id":204422,"href":"https:\/\/www.correiobraziliense.com.br\/cbradar\/wp-json\/wp\/v2\/posts\/204418\/revisions\/204422"}],"wp:featuredmedia":[{"embeddable":true,"href":"https:\/\/www.correiobraziliense.com.br\/cbradar\/wp-json\/wp\/v2\/media\/204419"}],"wp:attachment":[{"href":"https:\/\/www.correiobraziliense.com.br\/cbradar\/wp-json\/wp\/v2\/media?parent=204418"}],"wp:term":[{"taxonomy":"category","embeddable":true,"href":"https:\/\/www.correiobraziliense.com.br\/cbradar\/wp-json\/wp\/v2\/categories?post=204418"},{"taxonomy":"post_tag","embeddable":true,"href":"https:\/\/www.correiobraziliense.com.br\/cbradar\/wp-json\/wp\/v2\/tags?post=204418"}],"curies":[{"name":"wp","href":"https:\/\/api.w.org\/{rel}","templated":true}]}}