{"id":204423,"date":"2026-03-09T19:35:00","date_gmt":"2026-03-09T22:35:00","guid":{"rendered":"https:\/\/www.correiobraziliense.com.br\/cbradar\/?p=204423"},"modified":"2026-03-06T22:33:55","modified_gmt":"2026-03-07T01:33:55","slug":"os-3-sinais-na-sua-pele-que-indicam-que-algo-vai-mal-no-seu-figado","status":"publish","type":"post","link":"https:\/\/www.correiobraziliense.com.br\/cbradar\/os-3-sinais-na-sua-pele-que-indicam-que-algo-vai-mal-no-seu-figado\/","title":{"rendered":"Os 3 sinais na sua pele que indicam que algo vai mal no seu f\u00edgado"},"content":{"rendered":"\n<p>A pele pode revelar altera\u00e7\u00f5es importantes no funcionamento do <strong>f\u00edgado<\/strong>, \u00f3rg\u00e3o respons\u00e1vel por filtrar toxinas, produzir prote\u00ednas e auxiliar na digest\u00e3o. Quando esse sistema enfrenta dificuldades, o corpo pode manifestar sinais vis\u00edveis na superf\u00edcie da pele. Observar essas mudan\u00e7as ajuda a identificar poss\u00edveis desequil\u00edbrios e refor\u00e7a a import\u00e2ncia da avalia\u00e7\u00e3o m\u00e9dica.<\/p>\n\n\n\n<h2 class=\"wp-block-heading\">Por que problemas no f\u00edgado podem aparecer na pele?<\/h2>\n\n\n\n<p>O <strong>f\u00edgado<\/strong> exerce fun\u00e7\u00f5es essenciais no metabolismo e na elimina\u00e7\u00e3o de subst\u00e2ncias t\u00f3xicas do organismo. Quando ocorre alguma altera\u00e7\u00e3o nesse \u00f3rg\u00e3o, subst\u00e2ncias que deveriam ser processadas adequadamente podem circular pelo sangue, gerando efeitos vis\u00edveis em diferentes partes do corpo, incluindo mudan\u00e7as percept\u00edveis na apar\u00eancia da <a href=\"https:\/\/www.correiobraziliense.com.br\/cbradar\/pouca-gente-lembra-dela-mas-essa-semente-e-uma-das-fontes-mais-concentradas-de-vitamina-e-para-a-pele\/\" target=\"_blank\" rel=\"noreferrer noopener\">pele<\/a>.<\/p>\n\n\n\n<p>Essas altera\u00e7\u00f5es n\u00e3o surgem por acaso. A pele funciona como um reflexo do equil\u00edbrio interno do organismo. Condi\u00e7\u00f5es como <strong>inflama\u00e7\u00e3o hep\u00e1tica<\/strong>, ac\u00famulo de pigmentos biliares ou dificuldades na filtragem de toxinas podem provocar mudan\u00e7as de cor, surgimento de manchas e outras manifesta\u00e7\u00f5es que indicam a necessidade de investiga\u00e7\u00e3o cl\u00ednica.<\/p>\n\n\n\n<figure class=\"wp-block-image size-full\"><img decoding=\"async\" width=\"1280\" height=\"720\" src=\"https:\/\/www.correiobraziliense.com.br\/cbradar\/wp-content\/uploads\/2026\/03\/figado_1772847079595.jpg\" alt=\"Os 3 sinais na sua pele que indicam que algo vai mal no seu f\u00edgado\" class=\"wp-image-204425\" srcset=\"https:\/\/www.correiobraziliense.com.br\/cbradar\/wp-content\/uploads\/2026\/03\/figado_1772847079595.jpg 1280w, https:\/\/www.correiobraziliense.com.br\/cbradar\/wp-content\/uploads\/2026\/03\/figado_1772847079595-300x169.jpg 300w, https:\/\/www.correiobraziliense.com.br\/cbradar\/wp-content\/uploads\/2026\/03\/figado_1772847079595-768x432.jpg 768w, https:\/\/www.correiobraziliense.com.br\/cbradar\/wp-content\/uploads\/2026\/03\/figado_1772847079595-750x422.jpg 750w, https:\/\/www.correiobraziliense.com.br\/cbradar\/wp-content\/uploads\/2026\/03\/figado_1772847079595-1140x641.jpg 1140w\" sizes=\"(max-width: 1280px) 100vw, 1280px\" \/><figcaption class=\"wp-element-caption\">Pouca gente percebe, mas a pele pode revelar problemas no f\u00edgado &#8211; Cr\u00e9ditos: depositphotos.com \/ KostyaKlimenko<\/figcaption><\/figure>\n\n\n\n<h2 class=\"wp-block-heading\">Quais altera\u00e7\u00f5es cut\u00e2neas podem indicar problemas no f\u00edgado?<\/h2>\n\n\n\n<p>Entre os sinais observados por profissionais da <strong>Medicina<\/strong>, alguns aparecem com maior frequ\u00eancia em pessoas com altera\u00e7\u00f5es hep\u00e1ticas. A presen\u00e7a dessas mudan\u00e7as n\u00e3o confirma automaticamente uma doen\u00e7a, por\u00e9m serve como alerta importante para procurar avalia\u00e7\u00e3o especializada e realizar exames laboratoriais adequados.<\/p>\n\n\n\n<p>A pele pode reagir a dist\u00farbios do <strong>f\u00edgado<\/strong> com diferentes manifesta\u00e7\u00f5es, incluindo altera\u00e7\u00e3o de pigmenta\u00e7\u00e3o, surgimento de vasos aparentes ou coceiras persistentes. Essas rea\u00e7\u00f5es acontecem porque o equil\u00edbrio metab\u00f3lico do corpo depende diretamente da fun\u00e7\u00e3o hep\u00e1tica, respons\u00e1vel por diversos processos qu\u00edmicos essenciais para o organismo.<\/p>\n\n\n\n<h2 class=\"wp-block-heading\">Quais s\u00e3o tr\u00eas sinais na pele que merecem aten\u00e7\u00e3o?<\/h2>\n\n\n\n<p>Alguns sinais dermatol\u00f3gicos aparecem com maior frequ\u00eancia quando existe comprometimento do <strong>f\u00edgado<\/strong>. Essas manifesta\u00e7\u00f5es podem surgir gradualmente e muitas vezes passam despercebidas. Observar essas mudan\u00e7as permite reconhecer poss\u00edveis altera\u00e7\u00f5es no organismo e refor\u00e7a a import\u00e2ncia de acompanhamento m\u00e9dico quando os sintomas persistem:<\/p>\n\n\n\n<p>Os tr\u00eas sinais mais associados a altera\u00e7\u00f5es hep\u00e1ticas incluem:<\/p>\n\n\n\n<ul class=\"wp-block-list\">\n<li><strong>Icter\u00edcia<\/strong>: colora\u00e7\u00e3o amarelada na pele e nos olhos causada pelo aumento da <strong>bilirrubina<\/strong> no sangue<\/li>\n\n\n\n<li><strong>Coceira persistente<\/strong>: irrita\u00e7\u00e3o na pele relacionada ao ac\u00famulo de subst\u00e2ncias que o f\u00edgado deveria eliminar<\/li>\n\n\n\n<li><strong>Vasinhos aparentes na pele<\/strong>: pequenos vasos dilatados conhecidos como <strong>aranhas vasculares<\/strong>, comuns em altera\u00e7\u00f5es hep\u00e1ticas<\/li>\n<\/ul>\n\n\n\n<h2 class=\"wp-block-heading\">A icter\u00edcia sempre indica doen\u00e7a hep\u00e1tica?<\/h2>\n\n\n\n<p>A <strong>icter\u00edcia<\/strong> \u00e9 um dos sinais mais conhecidos relacionados ao f\u00edgado. Ela ocorre quando h\u00e1 aumento da <strong>bilirrubina<\/strong>, pigmento produzido durante a quebra das c\u00e9lulas sangu\u00edneas. Quando o f\u00edgado n\u00e3o consegue metabolizar essa subst\u00e2ncia de forma eficiente, a pele e os olhos podem adquirir tonalidade amarelada.<\/p>\n\n\n\n<p>Apesar dessa associa\u00e7\u00e3o frequente, a icter\u00edcia tamb\u00e9m pode aparecer em outras condi\u00e7\u00f5es m\u00e9dicas. Problemas nas <strong>vias biliares<\/strong>, altera\u00e7\u00f5es sangu\u00edneas ou doen\u00e7as metab\u00f3licas tamb\u00e9m podem provocar aumento de bilirrubina. Por esse motivo, a avalia\u00e7\u00e3o m\u00e9dica e exames laboratoriais s\u00e3o fundamentais para identificar a causa correta.<\/p>\n\n\n\n<p>Se voc\u00ea quer entender melhor a icter\u00edcia em rec\u00e9m-nascidos e saber quando as fezes do beb\u00ea indicam algo normal ou preocupante, este v\u00eddeo do canal <strong><a href=\"https:\/\/www.youtube.com\/@drleandrobuck\" target=\"_blank\" rel=\"noreferrer noopener\">Dr. Leandro Buck Gastropediatra<\/a><\/strong>, com 3,72 mil subscritores, foi escolhido especialmente para voc\u00ea. Ele traz orienta\u00e7\u00f5es claras para pais e cuidadores.<\/p>\n\n\n\n<figure class=\"wp-block-embed is-type-video is-provider-youtube wp-block-embed-youtube wp-embed-aspect-4-3 wp-has-aspect-ratio\"><div class=\"wp-block-embed__wrapper\">\n<div class=\"jeg_video_container jeg_video_content\"><iframe loading=\"lazy\" title=\"A icter\u00edcia do rec\u00e9m-nascido e orienta\u00e7\u00f5es sobre fezes\" width=\"500\" height=\"375\" src=\"https:\/\/www.youtube.com\/embed\/OYuOY6nnZXQ?feature=oembed\" frameborder=\"0\" allow=\"accelerometer; autoplay; clipboard-write; encrypted-media; gyroscope; picture-in-picture; web-share\" referrerpolicy=\"strict-origin-when-cross-origin\" allowfullscreen><\/iframe><\/div>\n<\/div><\/figure>\n\n\n\n<h2 class=\"wp-block-heading\">Quando procurar avalia\u00e7\u00e3o m\u00e9dica ao notar esses sinais?<\/h2>\n\n\n\n<p>Mudan\u00e7as persistentes na pele merecem aten\u00e7\u00e3o, principalmente quando surgem junto de sintomas como cansa\u00e7o frequente, desconforto abdominal ou altera\u00e7\u00e3o no apetite. Esses sinais podem indicar que o <strong>f\u00edgado<\/strong> enfrenta algum tipo de sobrecarga ou processo inflamat\u00f3rio que exige investiga\u00e7\u00e3o cl\u00ednica.<\/p>\n\n\n\n<p>Buscar orienta\u00e7\u00e3o de profissionais da <strong>Gastroenterologia<\/strong> permite avaliar a fun\u00e7\u00e3o hep\u00e1tica com exames espec\u00edficos. A an\u00e1lise de sangue, exames de imagem e hist\u00f3rico cl\u00ednico ajudam a identificar poss\u00edveis altera\u00e7\u00f5es e orientar o tratamento adequado, contribuindo para a preserva\u00e7\u00e3o da sa\u00fade e do equil\u00edbrio do organismo.<\/p>\n","protected":false},"excerpt":{"rendered":"<p>A pele pode refletir problemas internos do organismo. Conhe\u00e7a tr\u00eas sinais dermatol\u00f3gicos associados \u00e0 sa\u00fade do f\u00edgado<\/p>\n","protected":false},"author":23,"featured_media":204424,"comment_status":"open","ping_status":"open","sticky":false,"template":"","format":"standard","meta":{"_yoast_wpseo_focuskw":"Sinais na sua pele","_yoast_wpseo_title":"","_yoast_wpseo_metadesc":"A pele pode refletir problemas internos do organismo. Conhe\u00e7a tr\u00eas sinais dermatol\u00f3gicos associados \u00e0 sa\u00fade do f\u00edgado","jnews-multi-image_gallery":[],"jnews_single_post":{"format":"standard"},"jnews_primary_category":[],"jnews_social_meta":[],"jnews_override_counter":[],"footnotes":""},"categories":[112],"tags":[144,4167,15849],"class_list":["post-204423","post","type-post","status-publish","format-standard","has-post-thumbnail","hentry","category-curiosidades","tag-curiosidades","tag-figado","tag-sinais-na-pele"],"yoast_head":"<!-- This site is optimized with the Yoast SEO plugin v24.6 - https:\/\/yoast.com\/wordpress\/plugins\/seo\/ -->\n<title>Os 3 sinais na sua pele que indicam que algo vai mal no seu f\u00edgado - Correio Braziliense - Radar<\/title>\n<meta name=\"description\" content=\"A pele pode refletir problemas internos do organismo. Conhe\u00e7a tr\u00eas sinais dermatol\u00f3gicos associados \u00e0 sa\u00fade do f\u00edgado\" \/>\n<meta name=\"robots\" content=\"index, follow, max-snippet:-1, max-image-preview:large, max-video-preview:-1\" \/>\n<link rel=\"canonical\" href=\"https:\/\/www.correiobraziliense.com.br\/cbradar\/os-3-sinais-na-sua-pele-que-indicam-que-algo-vai-mal-no-seu-figado\/\" \/>\n<meta property=\"og:locale\" content=\"pt_BR\" \/>\n<meta property=\"og:type\" content=\"article\" \/>\n<meta property=\"og:title\" content=\"Os 3 sinais na sua pele que indicam que algo vai mal no seu f\u00edgado - Correio Braziliense - Radar\" \/>\n<meta property=\"og:description\" content=\"A pele pode refletir problemas internos do organismo. Conhe\u00e7a tr\u00eas sinais dermatol\u00f3gicos associados \u00e0 sa\u00fade do f\u00edgado\" \/>\n<meta property=\"og:url\" content=\"https:\/\/www.correiobraziliense.com.br\/cbradar\/os-3-sinais-na-sua-pele-que-indicam-que-algo-vai-mal-no-seu-figado\/\" \/>\n<meta property=\"og:site_name\" content=\"Correio Braziliense - Radar\" \/>\n<meta property=\"article:published_time\" content=\"2026-03-09T22:35:00+00:00\" \/>\n<meta property=\"og:image\" content=\"https:\/\/www.correiobraziliense.com.br\/cbradar\/wp-content\/uploads\/2026\/03\/sinais-na-sua-pele.png\" \/>\n\t<meta property=\"og:image:width\" content=\"1280\" \/>\n\t<meta property=\"og:image:height\" content=\"721\" \/>\n\t<meta property=\"og:image:type\" content=\"image\/png\" \/>\n<meta name=\"author\" content=\"Nicolas Otto\" \/>\n<meta name=\"twitter:card\" content=\"summary_large_image\" \/>\n<meta name=\"twitter:label1\" content=\"Escrito por\" \/>\n\t<meta name=\"twitter:data1\" content=\"Nicolas Otto\" \/>\n\t<meta name=\"twitter:label2\" content=\"Est. tempo de leitura\" \/>\n\t<meta name=\"twitter:data2\" content=\"4 minutos\" \/>\n<!-- \/ Yoast SEO plugin. -->","yoast_head_json":{"title":"Os 3 sinais na sua pele que indicam que algo vai mal no seu f\u00edgado - Correio Braziliense - Radar","description":"A pele pode refletir problemas internos do organismo. Conhe\u00e7a tr\u00eas sinais dermatol\u00f3gicos associados \u00e0 sa\u00fade do f\u00edgado","robots":{"index":"index","follow":"follow","max-snippet":"max-snippet:-1","max-image-preview":"max-image-preview:large","max-video-preview":"max-video-preview:-1"},"canonical":"https:\/\/www.correiobraziliense.com.br\/cbradar\/os-3-sinais-na-sua-pele-que-indicam-que-algo-vai-mal-no-seu-figado\/","og_locale":"pt_BR","og_type":"article","og_title":"Os 3 sinais na sua pele que indicam que algo vai mal no seu f\u00edgado - Correio Braziliense - Radar","og_description":"A pele pode refletir problemas internos do organismo. Conhe\u00e7a tr\u00eas sinais dermatol\u00f3gicos associados \u00e0 sa\u00fade do f\u00edgado","og_url":"https:\/\/www.correiobraziliense.com.br\/cbradar\/os-3-sinais-na-sua-pele-que-indicam-que-algo-vai-mal-no-seu-figado\/","og_site_name":"Correio Braziliense - Radar","article_published_time":"2026-03-09T22:35:00+00:00","og_image":[{"width":1280,"height":721,"url":"https:\/\/www.correiobraziliense.com.br\/cbradar\/wp-content\/uploads\/2026\/03\/sinais-na-sua-pele.png","type":"image\/png"}],"author":"Nicolas Otto","twitter_card":"summary_large_image","twitter_misc":{"Escrito por":"Nicolas Otto","Est. tempo de leitura":"4 minutos"},"schema":{"@context":"https:\/\/schema.org","@graph":[{"@type":"WebPage","@id":"https:\/\/www.correiobraziliense.com.br\/cbradar\/os-3-sinais-na-sua-pele-que-indicam-que-algo-vai-mal-no-seu-figado\/","url":"https:\/\/www.correiobraziliense.com.br\/cbradar\/os-3-sinais-na-sua-pele-que-indicam-que-algo-vai-mal-no-seu-figado\/","name":"Os 3 sinais na sua pele que indicam que algo vai mal no seu f\u00edgado - Correio Braziliense - Radar","isPartOf":{"@id":"https:\/\/www.correiobraziliense.com.br\/cbradar\/#website"},"primaryImageOfPage":{"@id":"https:\/\/www.correiobraziliense.com.br\/cbradar\/os-3-sinais-na-sua-pele-que-indicam-que-algo-vai-mal-no-seu-figado\/#primaryimage"},"image":{"@id":"https:\/\/www.correiobraziliense.com.br\/cbradar\/os-3-sinais-na-sua-pele-que-indicam-que-algo-vai-mal-no-seu-figado\/#primaryimage"},"thumbnailUrl":"https:\/\/www.correiobraziliense.com.br\/cbradar\/wp-content\/uploads\/2026\/03\/sinais-na-sua-pele.png","datePublished":"2026-03-09T22:35:00+00:00","author":{"@id":"https:\/\/www.correiobraziliense.com.br\/cbradar\/#\/schema\/person\/3221b250518e74ac52c442d1c1236aaa"},"description":"A pele pode refletir problemas internos do organismo. Conhe\u00e7a tr\u00eas sinais dermatol\u00f3gicos associados \u00e0 sa\u00fade do f\u00edgado","breadcrumb":{"@id":"https:\/\/www.correiobraziliense.com.br\/cbradar\/os-3-sinais-na-sua-pele-que-indicam-que-algo-vai-mal-no-seu-figado\/#breadcrumb"},"inLanguage":"pt-BR","potentialAction":[{"@type":"ReadAction","target":["https:\/\/www.correiobraziliense.com.br\/cbradar\/os-3-sinais-na-sua-pele-que-indicam-que-algo-vai-mal-no-seu-figado\/"]}]},{"@type":"ImageObject","inLanguage":"pt-BR","@id":"https:\/\/www.correiobraziliense.com.br\/cbradar\/os-3-sinais-na-sua-pele-que-indicam-que-algo-vai-mal-no-seu-figado\/#primaryimage","url":"https:\/\/www.correiobraziliense.com.br\/cbradar\/wp-content\/uploads\/2026\/03\/sinais-na-sua-pele.png","contentUrl":"https:\/\/www.correiobraziliense.com.br\/cbradar\/wp-content\/uploads\/2026\/03\/sinais-na-sua-pele.png","width":1280,"height":721,"caption":"Pouca gente percebe, mas a pele pode revelar problemas no f\u00edgado"},{"@type":"BreadcrumbList","@id":"https:\/\/www.correiobraziliense.com.br\/cbradar\/os-3-sinais-na-sua-pele-que-indicam-que-algo-vai-mal-no-seu-figado\/#breadcrumb","itemListElement":[{"@type":"ListItem","position":1,"name":"In\u00edcio","item":"https:\/\/www.correiobraziliense.com.br\/cbradar\/"},{"@type":"ListItem","position":2,"name":"Os 3 sinais na sua pele que indicam que algo vai mal no seu f\u00edgado"}]},{"@type":"WebSite","@id":"https:\/\/www.correiobraziliense.com.br\/cbradar\/#website","url":"https:\/\/www.correiobraziliense.com.br\/cbradar\/","name":"Correio Braziliense - Radar","description":"Acompanhe as \u00faltimas not\u00edcias e fique bem informado sobre tudo o que acontece no Brasil e no mundo.","potentialAction":[{"@type":"SearchAction","target":{"@type":"EntryPoint","urlTemplate":"https:\/\/www.correiobraziliense.com.br\/cbradar\/?s={search_term_string}"},"query-input":{"@type":"PropertyValueSpecification","valueRequired":true,"valueName":"search_term_string"}}],"inLanguage":"pt-BR"},{"@type":"Person","@id":"https:\/\/www.correiobraziliense.com.br\/cbradar\/#\/schema\/person\/3221b250518e74ac52c442d1c1236aaa","name":"Nicolas Otto","image":{"@type":"ImageObject","inLanguage":"pt-BR","@id":"https:\/\/www.correiobraziliense.com.br\/cbradar\/#\/schema\/person\/image\/","url":"https:\/\/secure.gravatar.com\/avatar\/05925f730d72f0ea0df144f236adfb18?s=96&d=mm&r=g","contentUrl":"https:\/\/secure.gravatar.com\/avatar\/05925f730d72f0ea0df144f236adfb18?s=96&d=mm&r=g","caption":"Nicolas Otto"},"sameAs":["https:\/\/www.correiobraziliense.com.br\/cbradar\/"],"url":"https:\/\/www.correiobraziliense.com.br\/cbradar\/author\/nicolas-otto\/"}]}},"_links":{"self":[{"href":"https:\/\/www.correiobraziliense.com.br\/cbradar\/wp-json\/wp\/v2\/posts\/204423","targetHints":{"allow":["GET"]}}],"collection":[{"href":"https:\/\/www.correiobraziliense.com.br\/cbradar\/wp-json\/wp\/v2\/posts"}],"about":[{"href":"https:\/\/www.correiobraziliense.com.br\/cbradar\/wp-json\/wp\/v2\/types\/post"}],"author":[{"embeddable":true,"href":"https:\/\/www.correiobraziliense.com.br\/cbradar\/wp-json\/wp\/v2\/users\/23"}],"replies":[{"embeddable":true,"href":"https:\/\/www.correiobraziliense.com.br\/cbradar\/wp-json\/wp\/v2\/comments?post=204423"}],"version-history":[{"count":1,"href":"https:\/\/www.correiobraziliense.com.br\/cbradar\/wp-json\/wp\/v2\/posts\/204423\/revisions"}],"predecessor-version":[{"id":204426,"href":"https:\/\/www.correiobraziliense.com.br\/cbradar\/wp-json\/wp\/v2\/posts\/204423\/revisions\/204426"}],"wp:featuredmedia":[{"embeddable":true,"href":"https:\/\/www.correiobraziliense.com.br\/cbradar\/wp-json\/wp\/v2\/media\/204424"}],"wp:attachment":[{"href":"https:\/\/www.correiobraziliense.com.br\/cbradar\/wp-json\/wp\/v2\/media?parent=204423"}],"wp:term":[{"taxonomy":"category","embeddable":true,"href":"https:\/\/www.correiobraziliense.com.br\/cbradar\/wp-json\/wp\/v2\/categories?post=204423"},{"taxonomy":"post_tag","embeddable":true,"href":"https:\/\/www.correiobraziliense.com.br\/cbradar\/wp-json\/wp\/v2\/tags?post=204423"}],"curies":[{"name":"wp","href":"https:\/\/api.w.org\/{rel}","templated":true}]}}