{"id":204431,"date":"2026-03-09T20:05:00","date_gmt":"2026-03-09T23:05:00","guid":{"rendered":"https:\/\/www.correiobraziliense.com.br\/cbradar\/?p=204431"},"modified":"2026-03-07T19:20:40","modified_gmt":"2026-03-07T22:20:40","slug":"por-que-os-seres-humanos-sao-os-unicos-animais-que-choram-por-emocao","status":"publish","type":"post","link":"https:\/\/www.correiobraziliense.com.br\/cbradar\/por-que-os-seres-humanos-sao-os-unicos-animais-que-choram-por-emocao\/","title":{"rendered":"Por que os seres humanos s\u00e3o os \u00fanicos animais que choram por emo\u00e7\u00e3o"},"content":{"rendered":"\n<p>A capacidade humana de chorar por emo\u00e7\u00e3o sempre despertou interesse de pesquisadores de \u00e1reas como <strong>Psicologia<\/strong>, <strong>Neuroci\u00eancia<\/strong> e <strong>Biologia Evolutiva<\/strong>. Embora muitos animais produzam l\u00e1grimas para proteger os olhos, apenas seres humanos manifestam l\u00e1grimas associadas a sentimentos complexos. Esse fen\u00f4meno envolve fatores neurol\u00f3gicos, sociais e evolutivos que ajudam a explicar por que o choro emocional ocupa um papel \u00fanico na experi\u00eancia humana.<\/p>\n\n\n\n<h2 class=\"wp-block-heading\">Por que os seres humanos choram por emo\u00e7\u00e3o?<\/h2>\n\n\n\n<p>O choro emocional est\u00e1 ligado \u00e0 forma como o c\u00e9rebro humano processa sentimentos complexos. Estruturas como o <strong>Sistema L\u00edmbico<\/strong>, respons\u00e1vel pelas <a href=\"https:\/\/www.correiobraziliense.com.br\/cbradar\/por-que-algumas-pessoas-ficam-tristes-no-proprio-aniversario-segundo-a-psicologia-das-emocoes\/\" target=\"_blank\" rel=\"noreferrer noopener\">emo\u00e7\u00f5es<\/a>, se comunicam com \u00e1reas que controlam a produ\u00e7\u00e3o de l\u00e1grimas. Essa conex\u00e3o permite que estados emocionais intensos, como tristeza, alegria ou frustra\u00e7\u00e3o, desencadeiem a libera\u00e7\u00e3o de l\u00e1grimas.<\/p>\n\n\n\n<p>Al\u00e9m do aspecto biol\u00f3gico, o choro emocional tamb\u00e9m possui fun\u00e7\u00e3o social. Ao expressar vulnerabilidade, ele facilita empatia e apoio entre pessoas. Esse comportamento pode fortalecer v\u00ednculos dentro de grupos humanos, tornando-se um recurso importante para comunica\u00e7\u00e3o emocional e coopera\u00e7\u00e3o social ao longo da evolu\u00e7\u00e3o.<\/p>\n\n\n\n<figure class=\"wp-block-image size-full\"><img decoding=\"async\" width=\"1280\" height=\"720\" src=\"https:\/\/www.correiobraziliense.com.br\/cbradar\/wp-content\/uploads\/2026\/03\/chorando-de-emocao_1772847696743.jpg\" alt=\"Por que os seres humanos s\u00e3o os \u00fanicos animais que choram por emo\u00e7\u00e3o?\" class=\"wp-image-204433\" srcset=\"https:\/\/www.correiobraziliense.com.br\/cbradar\/wp-content\/uploads\/2026\/03\/chorando-de-emocao_1772847696743.jpg 1280w, https:\/\/www.correiobraziliense.com.br\/cbradar\/wp-content\/uploads\/2026\/03\/chorando-de-emocao_1772847696743-300x169.jpg 300w, https:\/\/www.correiobraziliense.com.br\/cbradar\/wp-content\/uploads\/2026\/03\/chorando-de-emocao_1772847696743-768x432.jpg 768w, https:\/\/www.correiobraziliense.com.br\/cbradar\/wp-content\/uploads\/2026\/03\/chorando-de-emocao_1772847696743-750x422.jpg 750w, https:\/\/www.correiobraziliense.com.br\/cbradar\/wp-content\/uploads\/2026\/03\/chorando-de-emocao_1772847696743-1140x641.jpg 1140w\" sizes=\"(max-width: 1280px) 100vw, 1280px\" \/><figcaption class=\"wp-element-caption\">O detalhe curioso que explica o choro humano &#8211; Cr\u00e9ditos: depositphotos.com \/ muro<\/figcaption><\/figure>\n\n\n\n<h2 class=\"wp-block-heading\">Animais produzem l\u00e1grimas da mesma forma que os humanos?<\/h2>\n\n\n\n<p>Diversas esp\u00e9cies animais produzem l\u00e1grimas para lubrificar e proteger os olhos. Esse tipo de secre\u00e7\u00e3o ocular \u00e9 chamado de <strong>l\u00e1grima basal<\/strong> e tem fun\u00e7\u00e3o fisiol\u00f3gica essencial. Ela ajuda a remover part\u00edculas, manter a superf\u00edcie ocular saud\u00e1vel e evitar irrita\u00e7\u00f5es provocadas por poeira ou agentes externos.<\/p>\n\n\n\n<p>Entretanto, n\u00e3o h\u00e1 evid\u00eancias consistentes de que animais liberem l\u00e1grimas como resposta direta a emo\u00e7\u00f5es. Embora muitos expressem dor ou estresse por meio de vocaliza\u00e7\u00f5es e comportamentos espec\u00edficos, o choro emocional com l\u00e1grimas aparentes permanece uma caracter\u00edstica amplamente associada \u00e0 esp\u00e9cie humana.<\/p>\n\n\n\n<h2 class=\"wp-block-heading\">Quais tipos de l\u00e1grimas existem no organismo humano?<\/h2>\n\n\n\n<p>O corpo humano produz diferentes tipos de l\u00e1grimas, cada uma com fun\u00e7\u00e3o espec\u00edfica na prote\u00e7\u00e3o e na resposta a est\u00edmulos f\u00edsicos ou emocionais. A produ\u00e7\u00e3o ocorre nas <strong>gl\u00e2ndulas lacrimais<\/strong>, que liberam fluidos importantes para a sa\u00fade ocular e para determinadas rea\u00e7\u00f5es emocionais associadas ao funcionamento do c\u00e9rebro.<\/p>\n\n\n\n<p>Essas l\u00e1grimas costumam ser classificadas em tr\u00eas categorias principais:<\/p>\n\n\n\n<ul class=\"wp-block-list\">\n<li><strong>L\u00e1grimas basais<\/strong>, respons\u00e1veis por manter os olhos hidratados e protegidos durante todo o tempo<\/li>\n\n\n\n<li><strong>L\u00e1grimas reflexas<\/strong>, liberadas quando h\u00e1 irrita\u00e7\u00e3o provocada por fuma\u00e7a, poeira ou subst\u00e2ncias qu\u00edmicas<\/li>\n\n\n\n<li><strong>L\u00e1grimas emocionais<\/strong>, associadas a sentimentos intensos como tristeza profunda, alegria intensa ou al\u00edvio emocional<\/li>\n<\/ul>\n\n\n\n<h2 class=\"wp-block-heading\">O choro emocional possui benef\u00edcios para o corpo?<\/h2>\n\n\n\n<p>Estudos em <strong>Psicologia<\/strong> e <strong>Neuroci\u00eancia<\/strong> indicam que o choro emocional pode desempenhar um papel regulador nas emo\u00e7\u00f5es. Ao liberar tens\u00e3o acumulada, esse processo contribui para reduzir n\u00edveis de estresse e promover sensa\u00e7\u00e3o de al\u00edvio ap\u00f3s momentos de forte impacto emocional.<\/p>\n\n\n\n<p>Algumas pesquisas sugerem que l\u00e1grimas emocionais podem conter subst\u00e2ncias relacionadas ao estresse, embora esse tema ainda seja investigado. Independentemente da composi\u00e7\u00e3o qu\u00edmica, o ato de chorar frequentemente est\u00e1 associado a processos de regula\u00e7\u00e3o emocional e recupera\u00e7\u00e3o psicol\u00f3gica ap\u00f3s experi\u00eancias intensas.<\/p>\n\n\n\n<p><br>Se voc\u00ea quer entender melhor por que chorar pode fazer bem para a sa\u00fade emocional, este v\u00eddeo do canal <strong><a href=\"https:\/\/www.youtube.com\/@seeleve9298\" target=\"_blank\" rel=\"noreferrer noopener\">Se Eleve<\/a><\/strong>, com 132 mil subscritores, foi escolhido especialmente para voc\u00ea. Ele apresenta benef\u00edcios do choro que j\u00e1 foram observados e discutidos pela ci\u00eancia.<\/p>\n\n\n\n<figure class=\"wp-block-embed is-type-video is-provider-youtube wp-block-embed-youtube wp-embed-aspect-16-9 wp-has-aspect-ratio\"><div class=\"wp-block-embed__wrapper\">\n<div class=\"jeg_video_container jeg_video_content\"><iframe loading=\"lazy\" title=\"OS BENEF\u00cdCIOS DE CHORAR (COMPROVADOS PELA CI\u00caNCIA!) | Se Eleve \ud83c\udf00\u2728\" width=\"500\" height=\"281\" src=\"https:\/\/www.youtube.com\/embed\/J_Aoe1vChBQ?feature=oembed\" frameborder=\"0\" allow=\"accelerometer; autoplay; clipboard-write; encrypted-media; gyroscope; picture-in-picture; web-share\" referrerpolicy=\"strict-origin-when-cross-origin\" allowfullscreen><\/iframe><\/div>\n<\/div><\/figure>\n\n\n\n<h2 class=\"wp-block-heading\">O choro emocional pode ter origem evolutiva?<\/h2>\n\n\n\n<p>Diversos pesquisadores consideram que o choro emocional pode ter surgido como forma de comunica\u00e7\u00e3o social durante a evolu\u00e7\u00e3o humana. Em sociedades antigas, expressar sofrimento ou vulnerabilidade poderia sinalizar necessidade de apoio dentro do grupo, incentivando coopera\u00e7\u00e3o e cuidado coletivo.<\/p>\n\n\n\n<p>Com o desenvolvimento de capacidades cognitivas mais complexas, o c\u00e9rebro humano passou a associar emo\u00e7\u00f5es profundas a respostas f\u00edsicas como l\u00e1grimas. Esse mecanismo provavelmente foi refor\u00e7ado ao longo da evolu\u00e7\u00e3o por favorecer intera\u00e7\u00f5es sociais mais emp\u00e1ticas e fortalecer v\u00ednculos entre indiv\u00edduos dentro de comunidades humanas.<\/p>\n","protected":false},"excerpt":{"rendered":"<p>Pesquisas tentam explicar por que os humanos choram em momentos intensos. O motivo pode estar ligado \u00e0 evolu\u00e7\u00e3o e \u00e0s emo\u00e7\u00f5es profundas<\/p>\n","protected":false},"author":23,"featured_media":204432,"comment_status":"open","ping_status":"open","sticky":false,"template":"","format":"standard","meta":{"_yoast_wpseo_focuskw":"Choram por emo\u00e7\u00e3o","_yoast_wpseo_title":"","_yoast_wpseo_metadesc":"Pesquisas tentam explicar por que os humanos choram em momentos intensos. O motivo pode estar ligado \u00e0 evolu\u00e7\u00e3o e \u00e0s emo\u00e7\u00f5es profundas","jnews-multi-image_gallery":[],"jnews_single_post":{"format":"standard"},"jnews_primary_category":[],"jnews_social_meta":[],"jnews_override_counter":[],"footnotes":""},"categories":[112],"post_tag":[5322,144,15850],"class_list":["post-204431","post","type-post","status-publish","format-standard","has-post-thumbnail","hentry","category-curiosidades","tag-chorar","tag-curiosidades","tag-seres-humanos"],"yoast_head":"<!-- This site is optimized with the Yoast SEO plugin v24.6 - https:\/\/yoast.com\/wordpress\/plugins\/seo\/ -->\n<title>Por que os seres humanos s\u00e3o os \u00fanicos animais que choram por emo\u00e7\u00e3o - Correio Braziliense - Radar<\/title>\n<meta name=\"description\" content=\"Pesquisas tentam explicar por que os humanos choram em momentos intensos. O motivo pode estar ligado \u00e0 evolu\u00e7\u00e3o e \u00e0s emo\u00e7\u00f5es profundas\" \/>\n<meta name=\"robots\" content=\"index, follow, max-snippet:-1, max-image-preview:large, max-video-preview:-1\" \/>\n<link rel=\"canonical\" href=\"https:\/\/www.correiobraziliense.com.br\/cbradar\/por-que-os-seres-humanos-sao-os-unicos-animais-que-choram-por-emocao\/\" \/>\n<meta property=\"og:locale\" content=\"pt_BR\" \/>\n<meta property=\"og:type\" content=\"article\" \/>\n<meta property=\"og:title\" content=\"Por que os seres humanos s\u00e3o os \u00fanicos animais que choram por emo\u00e7\u00e3o - Correio Braziliense - Radar\" \/>\n<meta property=\"og:description\" content=\"Pesquisas tentam explicar por que os humanos choram em momentos intensos. O motivo pode estar ligado \u00e0 evolu\u00e7\u00e3o e \u00e0s emo\u00e7\u00f5es profundas\" \/>\n<meta property=\"og:url\" content=\"https:\/\/www.correiobraziliense.com.br\/cbradar\/por-que-os-seres-humanos-sao-os-unicos-animais-que-choram-por-emocao\/\" \/>\n<meta property=\"og:site_name\" content=\"Correio Braziliense - Radar\" \/>\n<meta property=\"article:published_time\" content=\"2026-03-09T23:05:00+00:00\" \/>\n<meta property=\"og:image\" content=\"https:\/\/www.correiobraziliense.com.br\/cbradar\/wp-content\/uploads\/2026\/03\/chorando-de-emocao_1772847648197.jpg\" \/>\n\t<meta property=\"og:image:width\" content=\"1280\" \/>\n\t<meta property=\"og:image:height\" content=\"720\" \/>\n\t<meta property=\"og:image:type\" content=\"image\/jpeg\" \/>\n<meta name=\"author\" content=\"Nicolas Otto\" \/>\n<meta name=\"twitter:card\" content=\"summary_large_image\" \/>\n<meta name=\"twitter:label1\" content=\"Escrito por\" \/>\n\t<meta name=\"twitter:data1\" content=\"Nicolas Otto\" \/>\n\t<meta name=\"twitter:label2\" content=\"Est. tempo de leitura\" \/>\n\t<meta name=\"twitter:data2\" content=\"4 minutos\" \/>\n<!-- \/ Yoast SEO plugin. -->","yoast_head_json":{"title":"Por que os seres humanos s\u00e3o os \u00fanicos animais que choram por emo\u00e7\u00e3o - Correio Braziliense - Radar","description":"Pesquisas tentam explicar por que os humanos choram em momentos intensos. O motivo pode estar ligado \u00e0 evolu\u00e7\u00e3o e \u00e0s emo\u00e7\u00f5es profundas","robots":{"index":"index","follow":"follow","max-snippet":"max-snippet:-1","max-image-preview":"max-image-preview:large","max-video-preview":"max-video-preview:-1"},"canonical":"https:\/\/www.correiobraziliense.com.br\/cbradar\/por-que-os-seres-humanos-sao-os-unicos-animais-que-choram-por-emocao\/","og_locale":"pt_BR","og_type":"article","og_title":"Por que os seres humanos s\u00e3o os \u00fanicos animais que choram por emo\u00e7\u00e3o - Correio Braziliense - Radar","og_description":"Pesquisas tentam explicar por que os humanos choram em momentos intensos. O motivo pode estar ligado \u00e0 evolu\u00e7\u00e3o e \u00e0s emo\u00e7\u00f5es profundas","og_url":"https:\/\/www.correiobraziliense.com.br\/cbradar\/por-que-os-seres-humanos-sao-os-unicos-animais-que-choram-por-emocao\/","og_site_name":"Correio Braziliense - Radar","article_published_time":"2026-03-09T23:05:00+00:00","og_image":[{"width":1280,"height":720,"url":"https:\/\/www.correiobraziliense.com.br\/cbradar\/wp-content\/uploads\/2026\/03\/chorando-de-emocao_1772847648197.jpg","type":"image\/jpeg"}],"author":"Nicolas Otto","twitter_card":"summary_large_image","twitter_misc":{"Escrito por":"Nicolas Otto","Est. tempo de leitura":"4 minutos"},"schema":{"@context":"https:\/\/schema.org","@graph":[{"@type":"WebPage","@id":"https:\/\/www.correiobraziliense.com.br\/cbradar\/por-que-os-seres-humanos-sao-os-unicos-animais-que-choram-por-emocao\/","url":"https:\/\/www.correiobraziliense.com.br\/cbradar\/por-que-os-seres-humanos-sao-os-unicos-animais-que-choram-por-emocao\/","name":"Por que os seres humanos s\u00e3o os \u00fanicos animais que choram por emo\u00e7\u00e3o - Correio Braziliense - Radar","isPartOf":{"@id":"https:\/\/www.correiobraziliense.com.br\/cbradar\/#website"},"primaryImageOfPage":{"@id":"https:\/\/www.correiobraziliense.com.br\/cbradar\/por-que-os-seres-humanos-sao-os-unicos-animais-que-choram-por-emocao\/#primaryimage"},"image":{"@id":"https:\/\/www.correiobraziliense.com.br\/cbradar\/por-que-os-seres-humanos-sao-os-unicos-animais-que-choram-por-emocao\/#primaryimage"},"thumbnailUrl":"https:\/\/www.correiobraziliense.com.br\/cbradar\/wp-content\/uploads\/2026\/03\/chorando-de-emocao_1772847648197.jpg","datePublished":"2026-03-09T23:05:00+00:00","author":{"@id":"https:\/\/www.correiobraziliense.com.br\/cbradar\/#\/schema\/person\/3221b250518e74ac52c442d1c1236aaa"},"description":"Pesquisas tentam explicar por que os humanos choram em momentos intensos. O motivo pode estar ligado \u00e0 evolu\u00e7\u00e3o e \u00e0s emo\u00e7\u00f5es profundas","breadcrumb":{"@id":"https:\/\/www.correiobraziliense.com.br\/cbradar\/por-que-os-seres-humanos-sao-os-unicos-animais-que-choram-por-emocao\/#breadcrumb"},"inLanguage":"pt-BR","potentialAction":[{"@type":"ReadAction","target":["https:\/\/www.correiobraziliense.com.br\/cbradar\/por-que-os-seres-humanos-sao-os-unicos-animais-que-choram-por-emocao\/"]}]},{"@type":"ImageObject","inLanguage":"pt-BR","@id":"https:\/\/www.correiobraziliense.com.br\/cbradar\/por-que-os-seres-humanos-sao-os-unicos-animais-que-choram-por-emocao\/#primaryimage","url":"https:\/\/www.correiobraziliense.com.br\/cbradar\/wp-content\/uploads\/2026\/03\/chorando-de-emocao_1772847648197.jpg","contentUrl":"https:\/\/www.correiobraziliense.com.br\/cbradar\/wp-content\/uploads\/2026\/03\/chorando-de-emocao_1772847648197.jpg","width":1280,"height":720,"caption":"O detalhe curioso que explica o choro humano - Cr\u00e9ditos: depositphotos.com \/ VitalikRadko"},{"@type":"BreadcrumbList","@id":"https:\/\/www.correiobraziliense.com.br\/cbradar\/por-que-os-seres-humanos-sao-os-unicos-animais-que-choram-por-emocao\/#breadcrumb","itemListElement":[{"@type":"ListItem","position":1,"name":"In\u00edcio","item":"https:\/\/www.correiobraziliense.com.br\/cbradar\/"},{"@type":"ListItem","position":2,"name":"Por que os seres humanos s\u00e3o os \u00fanicos animais que choram por emo\u00e7\u00e3o"}]},{"@type":"WebSite","@id":"https:\/\/www.correiobraziliense.com.br\/cbradar\/#website","url":"https:\/\/www.correiobraziliense.com.br\/cbradar\/","name":"Correio Braziliense - Radar","description":"Acompanhe as \u00faltimas not\u00edcias e fique bem informado sobre tudo o que acontece no Brasil e no mundo.","potentialAction":[{"@type":"SearchAction","target":{"@type":"EntryPoint","urlTemplate":"https:\/\/www.correiobraziliense.com.br\/cbradar\/?s={search_term_string}"},"query-input":{"@type":"PropertyValueSpecification","valueRequired":true,"valueName":"search_term_string"}}],"inLanguage":"pt-BR"},{"@type":"Person","@id":"https:\/\/www.correiobraziliense.com.br\/cbradar\/#\/schema\/person\/3221b250518e74ac52c442d1c1236aaa","name":"Nicolas Otto","image":{"@type":"ImageObject","inLanguage":"pt-BR","@id":"https:\/\/www.correiobraziliense.com.br\/cbradar\/#\/schema\/person\/image\/","url":"https:\/\/secure.gravatar.com\/avatar\/05925f730d72f0ea0df144f236adfb18?s=96&d=mm&r=g","contentUrl":"https:\/\/secure.gravatar.com\/avatar\/05925f730d72f0ea0df144f236adfb18?s=96&d=mm&r=g","caption":"Nicolas Otto"},"sameAs":["https:\/\/www.correiobraziliense.com.br\/cbradar\/"],"url":"https:\/\/www.correiobraziliense.com.br\/cbradar\/author\/nicolas-otto\/"}]}},"_links":{"self":[{"href":"https:\/\/www.correiobraziliense.com.br\/cbradar\/wp-json\/wp\/v2\/posts\/204431","targetHints":{"allow":["GET"]}}],"collection":[{"href":"https:\/\/www.correiobraziliense.com.br\/cbradar\/wp-json\/wp\/v2\/posts"}],"about":[{"href":"https:\/\/www.correiobraziliense.com.br\/cbradar\/wp-json\/wp\/v2\/types\/post"}],"author":[{"embeddable":true,"href":"https:\/\/www.correiobraziliense.com.br\/cbradar\/wp-json\/wp\/v2\/users\/23"}],"replies":[{"embeddable":true,"href":"https:\/\/www.correiobraziliense.com.br\/cbradar\/wp-json\/wp\/v2\/comments?post=204431"}],"version-history":[{"count":2,"href":"https:\/\/www.correiobraziliense.com.br\/cbradar\/wp-json\/wp\/v2\/posts\/204431\/revisions"}],"predecessor-version":[{"id":204866,"href":"https:\/\/www.correiobraziliense.com.br\/cbradar\/wp-json\/wp\/v2\/posts\/204431\/revisions\/204866"}],"wp:featuredmedia":[{"embeddable":true,"href":"https:\/\/www.correiobraziliense.com.br\/cbradar\/wp-json\/wp\/v2\/media\/204432"}],"wp:attachment":[{"href":"https:\/\/www.correiobraziliense.com.br\/cbradar\/wp-json\/wp\/v2\/media?parent=204431"}],"wp:term":[{"taxonomy":"category","embeddable":true,"href":"https:\/\/www.correiobraziliense.com.br\/cbradar\/wp-json\/wp\/v2\/categories?post=204431"},{"taxonomy":"post_tag","embeddable":true,"href":"https:\/\/www.correiobraziliense.com.br\/cbradar\/wp-json\/wp\/v2\/post_tag?post=204431"}],"curies":[{"name":"wp","href":"https:\/\/api.w.org\/{rel}","templated":true}]}}