{"id":204439,"date":"2026-03-09T20:35:00","date_gmt":"2026-03-09T23:35:00","guid":{"rendered":"https:\/\/www.correiobraziliense.com.br\/cbradar\/?p=204439"},"modified":"2026-03-06T22:57:39","modified_gmt":"2026-03-07T01:57:39","slug":"como-o-seu-cerebro-muda-fisicamente-quando-voce-se-torna-bilingue","status":"publish","type":"post","link":"https:\/\/www.correiobraziliense.com.br\/cbradar\/como-o-seu-cerebro-muda-fisicamente-quando-voce-se-torna-bilingue\/","title":{"rendered":"Como o seu c\u00e9rebro muda fisicamente quando voc\u00ea se torna bil\u00edngue"},"content":{"rendered":"\n<p>Aprender um segundo idioma envolve muito mais do que ampliar o vocabul\u00e1rio ou melhorar a comunica\u00e7\u00e3o. Pesquisas em <strong>Neuroci\u00eancia<\/strong> indicam que o bilinguismo provoca mudan\u00e7as f\u00edsicas no <strong>c\u00e9rebro humano<\/strong>, influenciando mem\u00f3ria, aten\u00e7\u00e3o e capacidade de adapta\u00e7\u00e3o cognitiva. Essas transforma\u00e7\u00f5es surgem gradualmente com o uso constante de duas l\u00ednguas em diferentes contextos sociais e intelectuais.<\/p>\n\n\n\n<h2 class=\"wp-block-heading\">Como o bilinguismo altera a estrutura do c\u00e9rebro?<\/h2>\n\n\n\n<p>O aprendizado cont\u00ednuo de duas <a href=\"https:\/\/www.correiobraziliense.com.br\/cbradar\/o-segredo-dos-poliglotas-para-manter-5-linguas-vivas-na-memoria\/\" target=\"_blank\" rel=\"noreferrer noopener\">l\u00ednguas <\/a>estimula regi\u00f5es cerebrais respons\u00e1veis pelo <strong>processamento lingu\u00edstico<\/strong>, mem\u00f3ria e controle cognitivo. Estudos em <strong>Neuroimagem<\/strong> mostram aumento na densidade de <strong>massa cinzenta<\/strong>, principalmente em \u00e1reas ligadas \u00e0 linguagem e \u00e0 tomada de decis\u00f5es. Esse processo ocorre porque o c\u00e9rebro precisa gerenciar dois sistemas lingu\u00edsticos simultaneamente.<\/p>\n\n\n\n<p>Al\u00e9m disso, a comunica\u00e7\u00e3o em mais de um idioma fortalece conex\u00f5es entre diferentes regi\u00f5es cerebrais. Essas conex\u00f5es ajudam na troca r\u00e1pida de informa\u00e7\u00f5es entre \u00e1reas respons\u00e1veis por compreens\u00e3o, fala e racioc\u00ednio. O resultado \u00e9 um c\u00e9rebro mais adapt\u00e1vel, capaz de alternar tarefas mentais com maior efici\u00eancia em diversas situa\u00e7\u00f5es.<\/p>\n\n\n\n<figure class=\"wp-block-image size-full\"><img decoding=\"async\" width=\"1280\" height=\"720\" src=\"https:\/\/www.correiobraziliense.com.br\/cbradar\/wp-content\/uploads\/2026\/03\/cerebro_1772848512130.jpg\" alt=\"Como o seu c\u00e9rebro muda fisicamente quando voc\u00ea se torna bil\u00edngue\" class=\"wp-image-204441\" srcset=\"https:\/\/www.correiobraziliense.com.br\/cbradar\/wp-content\/uploads\/2026\/03\/cerebro_1772848512130.jpg 1280w, https:\/\/www.correiobraziliense.com.br\/cbradar\/wp-content\/uploads\/2026\/03\/cerebro_1772848512130-300x169.jpg 300w, https:\/\/www.correiobraziliense.com.br\/cbradar\/wp-content\/uploads\/2026\/03\/cerebro_1772848512130-768x432.jpg 768w, https:\/\/www.correiobraziliense.com.br\/cbradar\/wp-content\/uploads\/2026\/03\/cerebro_1772848512130-750x422.jpg 750w, https:\/\/www.correiobraziliense.com.br\/cbradar\/wp-content\/uploads\/2026\/03\/cerebro_1772848512130-1140x641.jpg 1140w\" sizes=\"(max-width: 1280px) 100vw, 1280px\" \/><figcaption class=\"wp-element-caption\">O impacto do bilinguismo na mem\u00f3ria e na concentra\u00e7\u00e3o &#8211; Cr\u00e9ditos: depositphotos.com \/ KostyaKlimenko<\/figcaption><\/figure>\n\n\n\n<h2 class=\"wp-block-heading\">Quais \u00e1reas do c\u00e9rebro s\u00e3o mais estimuladas em pessoas bil\u00edngues?<\/h2>\n\n\n\n<p>Pesquisas indicam que regi\u00f5es como o <strong>C\u00f3rtex Pr\u00e9-Frontal<\/strong> e o <strong>Hipocampo<\/strong> apresentam maior atividade em indiv\u00edduos que utilizam duas l\u00ednguas regularmente. O c\u00f3rtex pr\u00e9-frontal participa do controle de aten\u00e7\u00e3o e da tomada de decis\u00f5es, enquanto o hipocampo atua diretamente na forma\u00e7\u00e3o de mem\u00f3rias.<\/p>\n\n\n\n<p>O uso frequente de dois idiomas tamb\u00e9m estimula o <strong>C\u00f3rtex Cingulado Anterior<\/strong>, regi\u00e3o associada \u00e0 capacidade de resolver conflitos mentais. Esse mecanismo entra em a\u00e7\u00e3o quando o c\u00e9rebro precisa selecionar rapidamente qual idioma usar, bloqueando interfer\u00eancias da outra l\u00edngua durante a comunica\u00e7\u00e3o.<\/p>\n\n\n\n<h2 class=\"wp-block-heading\">Quais mudan\u00e7as cognitivas ocorrem quando algu\u00e9m se torna bil\u00edngue?<\/h2>\n\n\n\n<p>O bilinguismo provoca adapta\u00e7\u00f5es cognitivas importantes ao longo do tempo. Alternar entre duas l\u00ednguas exige que o c\u00e9rebro mantenha aten\u00e7\u00e3o constante, controle mental e capacidade de adapta\u00e7\u00e3o. Essas demandas estimulam fun\u00e7\u00f5es executivas e fortalecem habilidades que influenciam o desempenho intelectual em diferentes atividades.<\/p>\n\n\n\n<p>Entre as mudan\u00e7as cognitivas mais observadas est\u00e3o:<\/p>\n\n\n\n<ul class=\"wp-block-list\">\n<li><strong>Maior flexibilidade mental<\/strong>, permitindo alternar tarefas com mais facilidade<\/li>\n\n\n\n<li><strong>Aumento da capacidade de concentra\u00e7\u00e3o<\/strong>, especialmente em ambientes com distra\u00e7\u00f5es<\/li>\n\n\n\n<li><strong>Melhora no controle cognitivo<\/strong>, respons\u00e1vel por filtrar informa\u00e7\u00f5es irrelevantes<\/li>\n\n\n\n<li><strong>Fortalecimento da mem\u00f3ria de trabalho<\/strong>, essencial para racioc\u00ednio e aprendizado<\/li>\n<\/ul>\n\n\n\n<h2 class=\"wp-block-heading\">Por que o c\u00e9rebro bil\u00edngue desenvolve maior flexibilidade mental?<\/h2>\n\n\n\n<p>A flexibilidade mental surge porque o c\u00e9rebro precisa alternar constantemente entre dois sistemas lingu\u00edsticos. Esse processo exige sele\u00e7\u00e3o r\u00e1pida de palavras, estruturas gramaticais e sons corretos em cada situa\u00e7\u00e3o. O mecanismo atua como um treino cont\u00ednuo para regi\u00f5es respons\u00e1veis por <strong>aten\u00e7\u00e3o seletiva<\/strong> e <strong>controle executivo<\/strong>.<\/p>\n\n\n\n<p>Com o tempo, essa pr\u00e1tica fortalece circuitos neurais que ajudam o indiv\u00edduo a lidar com mudan\u00e7as e resolver problemas complexos. Essa adapta\u00e7\u00e3o n\u00e3o se limita ao uso da linguagem, influenciando tamb\u00e9m atividades que exigem planejamento, an\u00e1lise e tomada de decis\u00f5es em diferentes contextos.<\/p>\n\n\n\n<p><br>Se voc\u00ea tem curiosidade sobre como aprender novos idiomas afeta a mente, este v\u00eddeo do canal <strong><a href=\"https:\/\/www.youtube.com\/@BBCNewsBrasil\" target=\"_blank\" rel=\"noreferrer noopener\">BBC News Brasil<\/a><\/strong>, com 4,79 milh\u00f5es de subscritores, foi escolhido especialmente para voc\u00ea. Ele mostra como falar outras l\u00ednguas pode provocar mudan\u00e7as reais no funcionamento do c\u00e9rebro.<\/p>\n\n\n\n<figure class=\"wp-block-embed is-type-video is-provider-youtube wp-block-embed-youtube wp-embed-aspect-16-9 wp-has-aspect-ratio\"><div class=\"wp-block-embed__wrapper\">\n<div class=\"jeg_video_container jeg_video_content\"><iframe loading=\"lazy\" title=\"Como seu c\u00e9rebro muda ao falar outros idiomas\" width=\"500\" height=\"281\" src=\"https:\/\/www.youtube.com\/embed\/_fmqo8p-57Q?feature=oembed\" frameborder=\"0\" allow=\"accelerometer; autoplay; clipboard-write; encrypted-media; gyroscope; picture-in-picture; web-share\" referrerpolicy=\"strict-origin-when-cross-origin\" allowfullscreen><\/iframe><\/div>\n<\/div><\/figure>\n\n\n\n<h2 class=\"wp-block-heading\">O bilinguismo pode influenciar o envelhecimento do c\u00e9rebro?<\/h2>\n\n\n\n<p>Diversos estudos indicam que o uso constante de duas l\u00ednguas pode contribuir para maior <strong>reserva cognitiva<\/strong>, conceito associado \u00e0 capacidade do c\u00e9rebro de resistir ao decl\u00ednio mental. Pessoas bil\u00edngues costumam apresentar maior atividade neural em \u00e1reas respons\u00e1veis pela mem\u00f3ria e pelo racioc\u00ednio.<\/p>\n\n\n\n<p>Essa estimula\u00e7\u00e3o cont\u00ednua pode retardar o aparecimento de sintomas relacionados ao envelhecimento cognitivo. Embora n\u00e3o seja um fator isolado de prote\u00e7\u00e3o, o bilinguismo funciona como exerc\u00edcio mental constante, ajudando a manter o c\u00e9rebro ativo e adapt\u00e1vel durante diferentes fases da vida.<\/p>\n","protected":false},"excerpt":{"rendered":"<p>Aprender um segundo idioma pode provocar mudan\u00e7as reais no c\u00e9rebro. Entenda como o bilinguismo influencia mem\u00f3ria e racioc\u00ednio<\/p>\n","protected":false},"author":23,"featured_media":204440,"comment_status":"open","ping_status":"open","sticky":false,"template":"","format":"standard","meta":{"_yoast_wpseo_focuskw":"C\u00e9rebro muda fisicamente","_yoast_wpseo_title":"","_yoast_wpseo_metadesc":"Aprender um segundo idioma pode provocar mudan\u00e7as reais no c\u00e9rebro. Entenda como o bilinguismo influencia mem\u00f3ria e racioc\u00ednio","jnews-multi-image_gallery":[],"jnews_single_post":{"format":"standard"},"jnews_primary_category":[],"jnews_social_meta":[],"jnews_override_counter":[],"footnotes":""},"categories":[112],"tags":[698,144,11064],"class_list":["post-204439","post","type-post","status-publish","format-standard","has-post-thumbnail","hentry","category-curiosidades","tag-cerebro","tag-curiosidades","tag-linguas"],"yoast_head":"<!-- This site is optimized with the Yoast SEO plugin v24.6 - https:\/\/yoast.com\/wordpress\/plugins\/seo\/ -->\n<title>Como o seu c\u00e9rebro muda fisicamente quando voc\u00ea se torna bil\u00edngue - Correio Braziliense - Radar<\/title>\n<meta name=\"description\" content=\"Aprender um segundo idioma pode provocar mudan\u00e7as reais no c\u00e9rebro. Entenda como o bilinguismo influencia mem\u00f3ria e racioc\u00ednio\" \/>\n<meta name=\"robots\" content=\"index, follow, max-snippet:-1, max-image-preview:large, max-video-preview:-1\" \/>\n<link rel=\"canonical\" href=\"https:\/\/www.correiobraziliense.com.br\/cbradar\/como-o-seu-cerebro-muda-fisicamente-quando-voce-se-torna-bilingue\/\" \/>\n<meta property=\"og:locale\" content=\"pt_BR\" \/>\n<meta property=\"og:type\" content=\"article\" \/>\n<meta property=\"og:title\" content=\"Como o seu c\u00e9rebro muda fisicamente quando voc\u00ea se torna bil\u00edngue - Correio Braziliense - Radar\" \/>\n<meta property=\"og:description\" content=\"Aprender um segundo idioma pode provocar mudan\u00e7as reais no c\u00e9rebro. Entenda como o bilinguismo influencia mem\u00f3ria e racioc\u00ednio\" \/>\n<meta property=\"og:url\" content=\"https:\/\/www.correiobraziliense.com.br\/cbradar\/como-o-seu-cerebro-muda-fisicamente-quando-voce-se-torna-bilingue\/\" \/>\n<meta property=\"og:site_name\" content=\"Correio Braziliense - Radar\" \/>\n<meta property=\"article:published_time\" content=\"2026-03-09T23:35:00+00:00\" \/>\n<meta property=\"og:image\" content=\"https:\/\/www.correiobraziliense.com.br\/cbradar\/wp-content\/uploads\/2026\/03\/pessoa-bilingue-representa-que-ela-e-bilingue-com.png\" \/>\n\t<meta property=\"og:image:width\" content=\"1280\" \/>\n\t<meta property=\"og:image:height\" content=\"721\" \/>\n\t<meta property=\"og:image:type\" content=\"image\/png\" \/>\n<meta name=\"author\" content=\"Nicolas Otto\" \/>\n<meta name=\"twitter:card\" content=\"summary_large_image\" \/>\n<meta name=\"twitter:label1\" content=\"Escrito por\" \/>\n\t<meta name=\"twitter:data1\" content=\"Nicolas Otto\" \/>\n\t<meta name=\"twitter:label2\" content=\"Est. tempo de leitura\" \/>\n\t<meta name=\"twitter:data2\" content=\"4 minutos\" \/>\n<!-- \/ Yoast SEO plugin. -->","yoast_head_json":{"title":"Como o seu c\u00e9rebro muda fisicamente quando voc\u00ea se torna bil\u00edngue - Correio Braziliense - Radar","description":"Aprender um segundo idioma pode provocar mudan\u00e7as reais no c\u00e9rebro. Entenda como o bilinguismo influencia mem\u00f3ria e racioc\u00ednio","robots":{"index":"index","follow":"follow","max-snippet":"max-snippet:-1","max-image-preview":"max-image-preview:large","max-video-preview":"max-video-preview:-1"},"canonical":"https:\/\/www.correiobraziliense.com.br\/cbradar\/como-o-seu-cerebro-muda-fisicamente-quando-voce-se-torna-bilingue\/","og_locale":"pt_BR","og_type":"article","og_title":"Como o seu c\u00e9rebro muda fisicamente quando voc\u00ea se torna bil\u00edngue - Correio Braziliense - Radar","og_description":"Aprender um segundo idioma pode provocar mudan\u00e7as reais no c\u00e9rebro. Entenda como o bilinguismo influencia mem\u00f3ria e racioc\u00ednio","og_url":"https:\/\/www.correiobraziliense.com.br\/cbradar\/como-o-seu-cerebro-muda-fisicamente-quando-voce-se-torna-bilingue\/","og_site_name":"Correio Braziliense - Radar","article_published_time":"2026-03-09T23:35:00+00:00","og_image":[{"width":1280,"height":721,"url":"https:\/\/www.correiobraziliense.com.br\/cbradar\/wp-content\/uploads\/2026\/03\/pessoa-bilingue-representa-que-ela-e-bilingue-com.png","type":"image\/png"}],"author":"Nicolas Otto","twitter_card":"summary_large_image","twitter_misc":{"Escrito por":"Nicolas Otto","Est. tempo de leitura":"4 minutos"},"schema":{"@context":"https:\/\/schema.org","@graph":[{"@type":"WebPage","@id":"https:\/\/www.correiobraziliense.com.br\/cbradar\/como-o-seu-cerebro-muda-fisicamente-quando-voce-se-torna-bilingue\/","url":"https:\/\/www.correiobraziliense.com.br\/cbradar\/como-o-seu-cerebro-muda-fisicamente-quando-voce-se-torna-bilingue\/","name":"Como o seu c\u00e9rebro muda fisicamente quando voc\u00ea se torna bil\u00edngue - Correio Braziliense - Radar","isPartOf":{"@id":"https:\/\/www.correiobraziliense.com.br\/cbradar\/#website"},"primaryImageOfPage":{"@id":"https:\/\/www.correiobraziliense.com.br\/cbradar\/como-o-seu-cerebro-muda-fisicamente-quando-voce-se-torna-bilingue\/#primaryimage"},"image":{"@id":"https:\/\/www.correiobraziliense.com.br\/cbradar\/como-o-seu-cerebro-muda-fisicamente-quando-voce-se-torna-bilingue\/#primaryimage"},"thumbnailUrl":"https:\/\/www.correiobraziliense.com.br\/cbradar\/wp-content\/uploads\/2026\/03\/pessoa-bilingue-representa-que-ela-e-bilingue-com.png","datePublished":"2026-03-09T23:35:00+00:00","author":{"@id":"https:\/\/www.correiobraziliense.com.br\/cbradar\/#\/schema\/person\/3221b250518e74ac52c442d1c1236aaa"},"description":"Aprender um segundo idioma pode provocar mudan\u00e7as reais no c\u00e9rebro. Entenda como o bilinguismo influencia mem\u00f3ria e racioc\u00ednio","breadcrumb":{"@id":"https:\/\/www.correiobraziliense.com.br\/cbradar\/como-o-seu-cerebro-muda-fisicamente-quando-voce-se-torna-bilingue\/#breadcrumb"},"inLanguage":"pt-BR","potentialAction":[{"@type":"ReadAction","target":["https:\/\/www.correiobraziliense.com.br\/cbradar\/como-o-seu-cerebro-muda-fisicamente-quando-voce-se-torna-bilingue\/"]}]},{"@type":"ImageObject","inLanguage":"pt-BR","@id":"https:\/\/www.correiobraziliense.com.br\/cbradar\/como-o-seu-cerebro-muda-fisicamente-quando-voce-se-torna-bilingue\/#primaryimage","url":"https:\/\/www.correiobraziliense.com.br\/cbradar\/wp-content\/uploads\/2026\/03\/pessoa-bilingue-representa-que-ela-e-bilingue-com.png","contentUrl":"https:\/\/www.correiobraziliense.com.br\/cbradar\/wp-content\/uploads\/2026\/03\/pessoa-bilingue-representa-que-ela-e-bilingue-com.png","width":1280,"height":721,"caption":"O impacto do bilinguismo na mem\u00f3ria e na concentra\u00e7\u00e3o"},{"@type":"BreadcrumbList","@id":"https:\/\/www.correiobraziliense.com.br\/cbradar\/como-o-seu-cerebro-muda-fisicamente-quando-voce-se-torna-bilingue\/#breadcrumb","itemListElement":[{"@type":"ListItem","position":1,"name":"In\u00edcio","item":"https:\/\/www.correiobraziliense.com.br\/cbradar\/"},{"@type":"ListItem","position":2,"name":"Como o seu c\u00e9rebro muda fisicamente quando voc\u00ea se torna bil\u00edngue"}]},{"@type":"WebSite","@id":"https:\/\/www.correiobraziliense.com.br\/cbradar\/#website","url":"https:\/\/www.correiobraziliense.com.br\/cbradar\/","name":"Correio Braziliense - Radar","description":"Acompanhe as \u00faltimas not\u00edcias e fique bem informado sobre tudo o que acontece no Brasil e no mundo.","potentialAction":[{"@type":"SearchAction","target":{"@type":"EntryPoint","urlTemplate":"https:\/\/www.correiobraziliense.com.br\/cbradar\/?s={search_term_string}"},"query-input":{"@type":"PropertyValueSpecification","valueRequired":true,"valueName":"search_term_string"}}],"inLanguage":"pt-BR"},{"@type":"Person","@id":"https:\/\/www.correiobraziliense.com.br\/cbradar\/#\/schema\/person\/3221b250518e74ac52c442d1c1236aaa","name":"Nicolas Otto","image":{"@type":"ImageObject","inLanguage":"pt-BR","@id":"https:\/\/www.correiobraziliense.com.br\/cbradar\/#\/schema\/person\/image\/","url":"https:\/\/secure.gravatar.com\/avatar\/05925f730d72f0ea0df144f236adfb18?s=96&d=mm&r=g","contentUrl":"https:\/\/secure.gravatar.com\/avatar\/05925f730d72f0ea0df144f236adfb18?s=96&d=mm&r=g","caption":"Nicolas Otto"},"sameAs":["https:\/\/www.correiobraziliense.com.br\/cbradar\/"],"url":"https:\/\/www.correiobraziliense.com.br\/cbradar\/author\/nicolas-otto\/"}]}},"_links":{"self":[{"href":"https:\/\/www.correiobraziliense.com.br\/cbradar\/wp-json\/wp\/v2\/posts\/204439","targetHints":{"allow":["GET"]}}],"collection":[{"href":"https:\/\/www.correiobraziliense.com.br\/cbradar\/wp-json\/wp\/v2\/posts"}],"about":[{"href":"https:\/\/www.correiobraziliense.com.br\/cbradar\/wp-json\/wp\/v2\/types\/post"}],"author":[{"embeddable":true,"href":"https:\/\/www.correiobraziliense.com.br\/cbradar\/wp-json\/wp\/v2\/users\/23"}],"replies":[{"embeddable":true,"href":"https:\/\/www.correiobraziliense.com.br\/cbradar\/wp-json\/wp\/v2\/comments?post=204439"}],"version-history":[{"count":1,"href":"https:\/\/www.correiobraziliense.com.br\/cbradar\/wp-json\/wp\/v2\/posts\/204439\/revisions"}],"predecessor-version":[{"id":204442,"href":"https:\/\/www.correiobraziliense.com.br\/cbradar\/wp-json\/wp\/v2\/posts\/204439\/revisions\/204442"}],"wp:featuredmedia":[{"embeddable":true,"href":"https:\/\/www.correiobraziliense.com.br\/cbradar\/wp-json\/wp\/v2\/media\/204440"}],"wp:attachment":[{"href":"https:\/\/www.correiobraziliense.com.br\/cbradar\/wp-json\/wp\/v2\/media?parent=204439"}],"wp:term":[{"taxonomy":"category","embeddable":true,"href":"https:\/\/www.correiobraziliense.com.br\/cbradar\/wp-json\/wp\/v2\/categories?post=204439"},{"taxonomy":"post_tag","embeddable":true,"href":"https:\/\/www.correiobraziliense.com.br\/cbradar\/wp-json\/wp\/v2\/tags?post=204439"}],"curies":[{"name":"wp","href":"https:\/\/api.w.org\/{rel}","templated":true}]}}