{"id":204443,"date":"2026-03-09T20:55:00","date_gmt":"2026-03-09T23:55:00","guid":{"rendered":"https:\/\/www.correiobraziliense.com.br\/cbradar\/?p=204443"},"modified":"2026-03-06T23:03:07","modified_gmt":"2026-03-07T02:03:07","slug":"como-regular-seu-ciclo-circadiano-para-acordar-com-energia-total-as-6-da-manha","status":"publish","type":"post","link":"https:\/\/www.correiobraziliense.com.br\/cbradar\/como-regular-seu-ciclo-circadiano-para-acordar-com-energia-total-as-6-da-manha\/","title":{"rendered":"Como regular seu ciclo circadiano para acordar com energia total \u00e0s 6 da manh\u00e3"},"content":{"rendered":"\n<p>O <strong>ciclo circadiano<\/strong> regula diversos processos do corpo humano, incluindo sono, energia, temperatura corporal e produ\u00e7\u00e3o hormonal. Quando esse rel\u00f3gio biol\u00f3gico funciona de forma equilibrada, acordar cedo se torna mais natural e produtivo. Ajustar h\u00e1bitos de sono, exposi\u00e7\u00e3o \u00e0 luz e hor\u00e1rios de alimenta\u00e7\u00e3o pode ajudar o organismo a despertar com disposi\u00e7\u00e3o e clareza mental.<\/p>\n\n\n\n<h2 class=\"wp-block-heading\">O que \u00e9 o ciclo circadiano e por que ele influencia sua energia matinal?<\/h2>\n\n\n\n<p>O <strong>ciclo circadiano<\/strong> \u00e9 um sistema biol\u00f3gico interno que regula o funcionamento do organismo ao longo de aproximadamente vinte e quatro horas. Ele controla processos importantes como libera\u00e7\u00e3o de horm\u00f4nios, temperatura corporal e n\u00edveis de alerta. Esse mecanismo responde principalmente \u00e0 <strong>luz natural<\/strong>, que informa ao c\u00e9rebro quando \u00e9 momento de despertar ou iniciar o descanso.<\/p>\n\n\n\n<p>Quando esse ritmo est\u00e1 desregulado, o <a href=\"https:\/\/www.correiobraziliense.com.br\/cbradar\/o-que-o-corpo-comeca-a-mostrar-quando-os-niveis-de-vitamina-b12-estao-baixos\/\" target=\"_blank\" rel=\"noreferrer noopener\">corpo <\/a>enfrenta dificuldade para iniciar o sono ou acordar com disposi\u00e7\u00e3o. O desalinhamento tamb\u00e9m pode reduzir foco, produtividade e equil\u00edbrio hormonal. Ajustar rotinas de descanso e exposi\u00e7\u00e3o \u00e0 luz ajuda o organismo a sincronizar novamente seu rel\u00f3gio biol\u00f3gico com o ambiente.<\/p>\n\n\n\n<figure class=\"wp-block-image size-full\"><img decoding=\"async\" width=\"1280\" height=\"720\" src=\"https:\/\/www.correiobraziliense.com.br\/cbradar\/wp-content\/uploads\/2026\/03\/pessoa-acordando_1772848836089.jpg\" alt=\"Como regular seu ciclo circadiano para acordar com energia total \u00e0s 6 da manh\u00e3\" class=\"wp-image-204445\" srcset=\"https:\/\/www.correiobraziliense.com.br\/cbradar\/wp-content\/uploads\/2026\/03\/pessoa-acordando_1772848836089.jpg 1280w, https:\/\/www.correiobraziliense.com.br\/cbradar\/wp-content\/uploads\/2026\/03\/pessoa-acordando_1772848836089-300x169.jpg 300w, https:\/\/www.correiobraziliense.com.br\/cbradar\/wp-content\/uploads\/2026\/03\/pessoa-acordando_1772848836089-768x432.jpg 768w, https:\/\/www.correiobraziliense.com.br\/cbradar\/wp-content\/uploads\/2026\/03\/pessoa-acordando_1772848836089-750x422.jpg 750w, https:\/\/www.correiobraziliense.com.br\/cbradar\/wp-content\/uploads\/2026\/03\/pessoa-acordando_1772848836089-1140x641.jpg 1140w\" sizes=\"(max-width: 1280px) 100vw, 1280px\" \/><figcaption class=\"wp-element-caption\">Como acordar cedo com energia regulando o ciclo circadiano &#8211; Cr\u00e9ditos: depositphotos.com \/ nesharm<\/figcaption><\/figure>\n\n\n\n<h2 class=\"wp-block-heading\">Como a luz natural ajuda a ajustar o rel\u00f3gio biol\u00f3gico?<\/h2>\n\n\n\n<p>A luz natural atua como um dos principais reguladores do <strong>rel\u00f3gio biol\u00f3gico humano<\/strong>. Ao receber luz pela manh\u00e3, o c\u00e9rebro reduz a produ\u00e7\u00e3o de <strong>Melatonina<\/strong>, horm\u00f4nio ligado ao sono, e aumenta a libera\u00e7\u00e3o de <strong>Cortisol<\/strong>, subst\u00e2ncia associada ao estado de alerta e energia.<\/p>\n\n\n\n<p>Essa resposta biol\u00f3gica informa ao organismo que o per\u00edodo ativo do dia come\u00e7ou. A exposi\u00e7\u00e3o \u00e0 luz logo ap\u00f3s acordar fortalece o alinhamento entre o ambiente externo e os processos internos do corpo. Com o tempo, essa pr\u00e1tica contribui para despertar com mais clareza mental e disposi\u00e7\u00e3o.<\/p>\n\n\n\n<h2 class=\"wp-block-heading\">Quais h\u00e1bitos ajudam a regular o ciclo circadiano?<\/h2>\n\n\n\n<p>A regula\u00e7\u00e3o do <strong>ritmo circadiano<\/strong> depende de comportamentos repetidos diariamente. Pequenos ajustes na rotina podem influenciar a qualidade do sono e a capacidade do corpo de acordar cedo com energia. A consist\u00eancia nesses h\u00e1bitos permite que o organismo reconhe\u00e7a padr\u00f5es claros entre per\u00edodos de atividade e descanso.<\/p>\n\n\n\n<p>Entre pr\u00e1ticas que contribuem para equilibrar o rel\u00f3gio biol\u00f3gico est\u00e3o:<\/p>\n\n\n\n<ul class=\"wp-block-list\">\n<li><strong>Dormir e acordar sempre no mesmo hor\u00e1rio<\/strong>, inclusive durante fins de semana<\/li>\n\n\n\n<li><strong>Expor-se \u00e0 luz natural pela manh\u00e3<\/strong>, preferencialmente nos primeiros minutos ap\u00f3s despertar<\/li>\n\n\n\n<li><strong>Evitar luz intensa e telas eletr\u00f4nicas \u00e0 noite<\/strong>, reduzindo est\u00edmulos ao c\u00e9rebro<\/li>\n\n\n\n<li><strong>Manter refei\u00e7\u00f5es em hor\u00e1rios regulares<\/strong>, refor\u00e7ando o ritmo metab\u00f3lico do organismo<\/li>\n\n\n\n<li><strong>Praticar atividade f\u00edsica moderada<\/strong>, estimulando equil\u00edbrio hormonal e qualidade do sono<\/li>\n<\/ul>\n\n\n\n<h2 class=\"wp-block-heading\">Por que manter hor\u00e1rios consistentes melhora o despertar?<\/h2>\n\n\n\n<p>O c\u00e9rebro funciona melhor quando reconhece padr\u00f5es previs\u00edveis de atividade e descanso. Manter hor\u00e1rios fixos para dormir e acordar fortalece a sincroniza\u00e7\u00e3o entre o <strong>Sistema Nervoso Central<\/strong> e os sinais ambientais que indicam in\u00edcio e fim do dia.<\/p>\n\n\n\n<p>Essa regularidade ajuda a estabilizar a produ\u00e7\u00e3o de <strong>Melatonina<\/strong> e outros horm\u00f4nios relacionados ao sono. Com o tempo, o organismo passa a iniciar o processo de despertar naturalmente pr\u00f3ximo ao hor\u00e1rio habitual, tornando o in\u00edcio da manh\u00e3 menos cansativo e mais produtivo.<\/p>\n\n\n\n<p>Se voc\u00ea quer melhorar a qualidade do seu descanso sem depender de rem\u00e9dios, este v\u00eddeo do canal <strong><a href=\"https:\/\/www.youtube.com\/@DrRenatoSilva\" target=\"_blank\" rel=\"noreferrer noopener\">Dr. Renato Silva<\/a><\/strong>, com 280 mil subscritores, foi escolhido especialmente para voc\u00ea. Ele apresenta estrat\u00e9gias naturais que podem ajudar a regular o sono e melhorar sua rotina noturna.<\/p>\n\n\n\n<figure class=\"wp-block-embed is-type-video is-provider-youtube wp-block-embed-youtube wp-embed-aspect-16-9 wp-has-aspect-ratio\"><div class=\"wp-block-embed__wrapper\">\n<div class=\"jeg_video_container jeg_video_content\"><iframe loading=\"lazy\" title=\"COMO REGULAR O SONO NATURALMENTE\" width=\"500\" height=\"281\" src=\"https:\/\/www.youtube.com\/embed\/wz9iStQuE1A?feature=oembed\" frameborder=\"0\" allow=\"accelerometer; autoplay; clipboard-write; encrypted-media; gyroscope; picture-in-picture; web-share\" referrerpolicy=\"strict-origin-when-cross-origin\" allowfullscreen><\/iframe><\/div>\n<\/div><\/figure>\n\n\n\n<h2 class=\"wp-block-heading\">Como preparar a noite para acordar com energia \u00e0s 6 da manh\u00e3?<\/h2>\n\n\n\n<p>A qualidade do despertar come\u00e7a durante a noite. Criar um ambiente adequado para o descanso permite que o c\u00e9rebro entre em fases profundas de sono, essenciais para recupera\u00e7\u00e3o f\u00edsica e mental. Reduzir est\u00edmulos antes de dormir ajuda o organismo a iniciar o processo natural de relaxamento.<\/p>\n\n\n\n<p>Pr\u00e1ticas simples podem facilitar esse processo, como diminuir a ilumina\u00e7\u00e3o do ambiente, evitar refei\u00e7\u00f5es pesadas \u00e0 noite e manter temperatura confort\u00e1vel no quarto. Esses fatores estimulam a produ\u00e7\u00e3o adequada de <strong>Melatonina<\/strong>, favorecendo um sono mais reparador e um despertar matinal com maior disposi\u00e7\u00e3o.<\/p>\n","protected":false},"excerpt":{"rendered":"<p>A ci\u00eancia do ciclo circadiano explica por que algumas pessoas acordam cedo com energia. Veja como ajustar sua rotina para melhorar o despertar<\/p>\n","protected":false},"author":23,"featured_media":204444,"comment_status":"open","ping_status":"open","sticky":false,"template":"","format":"standard","meta":{"_yoast_wpseo_focuskw":"Regular seu ciclo","_yoast_wpseo_title":"","_yoast_wpseo_metadesc":"A ci\u00eancia do ciclo circadiano explica por que algumas pessoas acordam cedo com energia. Veja como ajustar sua rotina para melhorar o despertar","jnews-multi-image_gallery":[],"jnews_single_post":{"format":"standard"},"jnews_primary_category":[],"jnews_social_meta":[],"jnews_override_counter":[],"footnotes":""},"categories":[112],"post_tag":[8742,2339,144],"class_list":["post-204443","post","type-post","status-publish","format-standard","has-post-thumbnail","hentry","category-curiosidades","tag-ciclo-circadiano","tag-corpo","tag-curiosidades"],"yoast_head":"<!-- This site is optimized with the Yoast SEO plugin v24.6 - https:\/\/yoast.com\/wordpress\/plugins\/seo\/ -->\n<title>Como regular seu ciclo circadiano para acordar com energia total \u00e0s 6 da manh\u00e3 - Correio Braziliense - Radar<\/title>\n<meta name=\"description\" content=\"A ci\u00eancia do ciclo circadiano explica por que algumas pessoas acordam cedo com energia. Veja como ajustar sua rotina para melhorar o despertar\" \/>\n<meta name=\"robots\" content=\"index, follow, max-snippet:-1, max-image-preview:large, max-video-preview:-1\" \/>\n<link rel=\"canonical\" href=\"https:\/\/www.correiobraziliense.com.br\/cbradar\/como-regular-seu-ciclo-circadiano-para-acordar-com-energia-total-as-6-da-manha\/\" \/>\n<meta property=\"og:locale\" content=\"pt_BR\" \/>\n<meta property=\"og:type\" content=\"article\" \/>\n<meta property=\"og:title\" content=\"Como regular seu ciclo circadiano para acordar com energia total \u00e0s 6 da manh\u00e3 - Correio Braziliense - Radar\" \/>\n<meta property=\"og:description\" content=\"A ci\u00eancia do ciclo circadiano explica por que algumas pessoas acordam cedo com energia. Veja como ajustar sua rotina para melhorar o despertar\" \/>\n<meta property=\"og:url\" content=\"https:\/\/www.correiobraziliense.com.br\/cbradar\/como-regular-seu-ciclo-circadiano-para-acordar-com-energia-total-as-6-da-manha\/\" \/>\n<meta property=\"og:site_name\" content=\"Correio Braziliense - Radar\" \/>\n<meta property=\"article:published_time\" content=\"2026-03-09T23:55:00+00:00\" \/>\n<meta property=\"og:image\" content=\"https:\/\/www.correiobraziliense.com.br\/cbradar\/wp-content\/uploads\/2026\/03\/pessoa-acordando_1772848798025.jpg\" \/>\n\t<meta property=\"og:image:width\" content=\"1280\" \/>\n\t<meta property=\"og:image:height\" content=\"720\" \/>\n\t<meta property=\"og:image:type\" content=\"image\/jpeg\" \/>\n<meta name=\"author\" content=\"Nicolas Otto\" \/>\n<meta name=\"twitter:card\" content=\"summary_large_image\" \/>\n<meta name=\"twitter:label1\" content=\"Escrito por\" \/>\n\t<meta name=\"twitter:data1\" content=\"Nicolas Otto\" \/>\n\t<meta name=\"twitter:label2\" content=\"Est. tempo de leitura\" \/>\n\t<meta name=\"twitter:data2\" content=\"4 minutos\" \/>\n<!-- \/ Yoast SEO plugin. -->","yoast_head_json":{"title":"Como regular seu ciclo circadiano para acordar com energia total \u00e0s 6 da manh\u00e3 - Correio Braziliense - Radar","description":"A ci\u00eancia do ciclo circadiano explica por que algumas pessoas acordam cedo com energia. Veja como ajustar sua rotina para melhorar o despertar","robots":{"index":"index","follow":"follow","max-snippet":"max-snippet:-1","max-image-preview":"max-image-preview:large","max-video-preview":"max-video-preview:-1"},"canonical":"https:\/\/www.correiobraziliense.com.br\/cbradar\/como-regular-seu-ciclo-circadiano-para-acordar-com-energia-total-as-6-da-manha\/","og_locale":"pt_BR","og_type":"article","og_title":"Como regular seu ciclo circadiano para acordar com energia total \u00e0s 6 da manh\u00e3 - Correio Braziliense - Radar","og_description":"A ci\u00eancia do ciclo circadiano explica por que algumas pessoas acordam cedo com energia. Veja como ajustar sua rotina para melhorar o despertar","og_url":"https:\/\/www.correiobraziliense.com.br\/cbradar\/como-regular-seu-ciclo-circadiano-para-acordar-com-energia-total-as-6-da-manha\/","og_site_name":"Correio Braziliense - Radar","article_published_time":"2026-03-09T23:55:00+00:00","og_image":[{"width":1280,"height":720,"url":"https:\/\/www.correiobraziliense.com.br\/cbradar\/wp-content\/uploads\/2026\/03\/pessoa-acordando_1772848798025.jpg","type":"image\/jpeg"}],"author":"Nicolas Otto","twitter_card":"summary_large_image","twitter_misc":{"Escrito por":"Nicolas Otto","Est. tempo de leitura":"4 minutos"},"schema":{"@context":"https:\/\/schema.org","@graph":[{"@type":"WebPage","@id":"https:\/\/www.correiobraziliense.com.br\/cbradar\/como-regular-seu-ciclo-circadiano-para-acordar-com-energia-total-as-6-da-manha\/","url":"https:\/\/www.correiobraziliense.com.br\/cbradar\/como-regular-seu-ciclo-circadiano-para-acordar-com-energia-total-as-6-da-manha\/","name":"Como regular seu ciclo circadiano para acordar com energia total \u00e0s 6 da manh\u00e3 - Correio Braziliense - Radar","isPartOf":{"@id":"https:\/\/www.correiobraziliense.com.br\/cbradar\/#website"},"primaryImageOfPage":{"@id":"https:\/\/www.correiobraziliense.com.br\/cbradar\/como-regular-seu-ciclo-circadiano-para-acordar-com-energia-total-as-6-da-manha\/#primaryimage"},"image":{"@id":"https:\/\/www.correiobraziliense.com.br\/cbradar\/como-regular-seu-ciclo-circadiano-para-acordar-com-energia-total-as-6-da-manha\/#primaryimage"},"thumbnailUrl":"https:\/\/www.correiobraziliense.com.br\/cbradar\/wp-content\/uploads\/2026\/03\/pessoa-acordando_1772848798025.jpg","datePublished":"2026-03-09T23:55:00+00:00","author":{"@id":"https:\/\/www.correiobraziliense.com.br\/cbradar\/#\/schema\/person\/3221b250518e74ac52c442d1c1236aaa"},"description":"A ci\u00eancia do ciclo circadiano explica por que algumas pessoas acordam cedo com energia. Veja como ajustar sua rotina para melhorar o despertar","breadcrumb":{"@id":"https:\/\/www.correiobraziliense.com.br\/cbradar\/como-regular-seu-ciclo-circadiano-para-acordar-com-energia-total-as-6-da-manha\/#breadcrumb"},"inLanguage":"pt-BR","potentialAction":[{"@type":"ReadAction","target":["https:\/\/www.correiobraziliense.com.br\/cbradar\/como-regular-seu-ciclo-circadiano-para-acordar-com-energia-total-as-6-da-manha\/"]}]},{"@type":"ImageObject","inLanguage":"pt-BR","@id":"https:\/\/www.correiobraziliense.com.br\/cbradar\/como-regular-seu-ciclo-circadiano-para-acordar-com-energia-total-as-6-da-manha\/#primaryimage","url":"https:\/\/www.correiobraziliense.com.br\/cbradar\/wp-content\/uploads\/2026\/03\/pessoa-acordando_1772848798025.jpg","contentUrl":"https:\/\/www.correiobraziliense.com.br\/cbradar\/wp-content\/uploads\/2026\/03\/pessoa-acordando_1772848798025.jpg","width":1280,"height":720,"caption":"Como acordar cedo com energia regulando o ciclo circadiano - Cr\u00e9ditos: depositphotos.com \/ nesharm"},{"@type":"BreadcrumbList","@id":"https:\/\/www.correiobraziliense.com.br\/cbradar\/como-regular-seu-ciclo-circadiano-para-acordar-com-energia-total-as-6-da-manha\/#breadcrumb","itemListElement":[{"@type":"ListItem","position":1,"name":"In\u00edcio","item":"https:\/\/www.correiobraziliense.com.br\/cbradar\/"},{"@type":"ListItem","position":2,"name":"Como regular seu ciclo circadiano para acordar com energia total \u00e0s 6 da manh\u00e3"}]},{"@type":"WebSite","@id":"https:\/\/www.correiobraziliense.com.br\/cbradar\/#website","url":"https:\/\/www.correiobraziliense.com.br\/cbradar\/","name":"Correio Braziliense - Radar","description":"Acompanhe as \u00faltimas not\u00edcias e fique bem informado sobre tudo o que acontece no Brasil e no mundo.","potentialAction":[{"@type":"SearchAction","target":{"@type":"EntryPoint","urlTemplate":"https:\/\/www.correiobraziliense.com.br\/cbradar\/?s={search_term_string}"},"query-input":{"@type":"PropertyValueSpecification","valueRequired":true,"valueName":"search_term_string"}}],"inLanguage":"pt-BR"},{"@type":"Person","@id":"https:\/\/www.correiobraziliense.com.br\/cbradar\/#\/schema\/person\/3221b250518e74ac52c442d1c1236aaa","name":"Nicolas Otto","image":{"@type":"ImageObject","inLanguage":"pt-BR","@id":"https:\/\/www.correiobraziliense.com.br\/cbradar\/#\/schema\/person\/image\/","url":"https:\/\/secure.gravatar.com\/avatar\/05925f730d72f0ea0df144f236adfb18?s=96&d=mm&r=g","contentUrl":"https:\/\/secure.gravatar.com\/avatar\/05925f730d72f0ea0df144f236adfb18?s=96&d=mm&r=g","caption":"Nicolas Otto"},"sameAs":["https:\/\/www.correiobraziliense.com.br\/cbradar\/"],"url":"https:\/\/www.correiobraziliense.com.br\/cbradar\/author\/nicolas-otto\/"}]}},"_links":{"self":[{"href":"https:\/\/www.correiobraziliense.com.br\/cbradar\/wp-json\/wp\/v2\/posts\/204443","targetHints":{"allow":["GET"]}}],"collection":[{"href":"https:\/\/www.correiobraziliense.com.br\/cbradar\/wp-json\/wp\/v2\/posts"}],"about":[{"href":"https:\/\/www.correiobraziliense.com.br\/cbradar\/wp-json\/wp\/v2\/types\/post"}],"author":[{"embeddable":true,"href":"https:\/\/www.correiobraziliense.com.br\/cbradar\/wp-json\/wp\/v2\/users\/23"}],"replies":[{"embeddable":true,"href":"https:\/\/www.correiobraziliense.com.br\/cbradar\/wp-json\/wp\/v2\/comments?post=204443"}],"version-history":[{"count":1,"href":"https:\/\/www.correiobraziliense.com.br\/cbradar\/wp-json\/wp\/v2\/posts\/204443\/revisions"}],"predecessor-version":[{"id":204446,"href":"https:\/\/www.correiobraziliense.com.br\/cbradar\/wp-json\/wp\/v2\/posts\/204443\/revisions\/204446"}],"wp:featuredmedia":[{"embeddable":true,"href":"https:\/\/www.correiobraziliense.com.br\/cbradar\/wp-json\/wp\/v2\/media\/204444"}],"wp:attachment":[{"href":"https:\/\/www.correiobraziliense.com.br\/cbradar\/wp-json\/wp\/v2\/media?parent=204443"}],"wp:term":[{"taxonomy":"category","embeddable":true,"href":"https:\/\/www.correiobraziliense.com.br\/cbradar\/wp-json\/wp\/v2\/categories?post=204443"},{"taxonomy":"post_tag","embeddable":true,"href":"https:\/\/www.correiobraziliense.com.br\/cbradar\/wp-json\/wp\/v2\/post_tag?post=204443"}],"curies":[{"name":"wp","href":"https:\/\/api.w.org\/{rel}","templated":true}]}}