{"id":204576,"date":"2026-03-08T18:35:00","date_gmt":"2026-03-08T21:35:00","guid":{"rendered":"https:\/\/www.correiobraziliense.com.br\/cbradar\/?p=204576"},"modified":"2026-03-07T13:10:02","modified_gmt":"2026-03-07T16:10:02","slug":"alimentos-que-ajudam-a-fortalecer-o-sistema-imunologico-de-forma-natural","status":"publish","type":"post","link":"https:\/\/www.correiobraziliense.com.br\/cbradar\/alimentos-que-ajudam-a-fortalecer-o-sistema-imunologico-de-forma-natural\/","title":{"rendered":"Alimentos que ajudam a fortalecer o sistema imunol\u00f3gico de forma natural"},"content":{"rendered":"\n<p>Nutrir o corpo com alimentos estrat\u00e9gicos \u00e9 a maneira mais eficiente de construir uma barreira defensiva contra v\u00edrus e bact\u00e9rias oportunistas. Uma dieta rica em vitaminas e minerais otimiza a resposta das c\u00e9lulas de defesa, garantindo uma recupera\u00e7\u00e3o mais r\u00e1pida e vigorosa. Adotar h\u00e1bitos saud\u00e1veis hoje previne complica\u00e7\u00f5es futuras de forma duradoura.<\/p>\n\n\n\n<h2 class=\"wp-block-heading\">Como as frutas c\u00edtricas potencializam sua barreira natural?<\/h2>\n\n\n\n<p>As frutas c\u00edtricas s\u00e3o famosas por seu alt\u00edssimo teor de vitamina C, um nutriente que estimula a produ\u00e7\u00e3o de gl\u00f3bulos brancos no sangue humano. Essas c\u00e9lulas s\u00e3o as principais respons\u00e1veis por combater infec\u00e7\u00f5es e agentes invasores que tentam comprometer sua sa\u00fade. Incluir laranja e lim\u00e3o no caf\u00e9 da manh\u00e3 garante um aporte constante de <strong>antioxidantes essenciais<\/strong>.<\/p>\n\n\n\n<p>Al\u00e9m do fortalecimento imunol\u00f3gico imediato, o consumo regular dessas frutas auxilia na absor\u00e7\u00e3o de ferro de origem vegetal presente em outros alimentos. Essa sinergia nutricional \u00e9 fundamental para evitar a anemia e manter a disposi\u00e7\u00e3o f\u00edsica elevada durante todo o dia de trabalho. Manter essa rotina alimentar \u00e9 um investimento inteligente na sua <strong>longevidade biol\u00f3gica e bem-estar<\/strong>.<\/p>\n\n\n\n<figure class=\"wp-block-image size-full\"><img decoding=\"async\" width=\"1280\" height=\"720\" src=\"https:\/\/www.correiobraziliense.com.br\/cbradar\/wp-content\/uploads\/2026\/03\/Gemini_Generated_Image_mm52chmm52chmm52-1-1.png\" alt=\"Alimentos que ajudam a fortalecer o sistema imunol\u00f3gico de forma natural\" class=\"wp-image-204606\" srcset=\"https:\/\/www.correiobraziliense.com.br\/cbradar\/wp-content\/uploads\/2026\/03\/Gemini_Generated_Image_mm52chmm52chmm52-1-1.png 1280w, https:\/\/www.correiobraziliense.com.br\/cbradar\/wp-content\/uploads\/2026\/03\/Gemini_Generated_Image_mm52chmm52chmm52-1-1-300x169.png 300w, https:\/\/www.correiobraziliense.com.br\/cbradar\/wp-content\/uploads\/2026\/03\/Gemini_Generated_Image_mm52chmm52chmm52-1-1-768x432.png 768w, https:\/\/www.correiobraziliense.com.br\/cbradar\/wp-content\/uploads\/2026\/03\/Gemini_Generated_Image_mm52chmm52chmm52-1-1-750x422.png 750w, https:\/\/www.correiobraziliense.com.br\/cbradar\/wp-content\/uploads\/2026\/03\/Gemini_Generated_Image_mm52chmm52chmm52-1-1-1140x641.png 1140w\" sizes=\"(max-width: 1280px) 100vw, 1280px\" \/><figcaption class=\"wp-element-caption\">Certos alimentos ajudam a fortalecer o sistema imunol\u00f3gico e proteger o organismo<\/figcaption><\/figure>\n\n\n\n<h2 class=\"wp-block-heading\">Qual o papel dos vegetais verde-escuros na prote\u00e7\u00e3o celular?<\/h2>\n\n\n\n<p>Vegetais como o br\u00f3colis e o espinafre s\u00e3o verdadeiros superalimentos carregados de vitaminas A, C e E, al\u00e9m de diversos minerais importantes. Esses nutrientes atuam diretamente na prote\u00e7\u00e3o das membranas celulares contra o estresse oxidativo causado por uma rotina urbana exaustiva e polu\u00edda. Eles fornecem as ferramentas necess\u00e1rias para que o organismo realize <strong>reparos teciduais eficientes<\/strong>.<\/p>\n\n\n\n<p>Para aproveitar o m\u00e1ximo desses benef\u00edcios, recomenda-se consumir esses vegetais com o menor tempo de cozimento poss\u00edvel, preservando as enzimas sens\u00edveis ao calor intenso. A inclus\u00e3o dessas folhas nas refei\u00e7\u00f5es principais fortalece o sistema digestivo, que abriga grande parte das nossas defesas naturais. Uma microbiota saud\u00e1vel \u00e9 a base para uma <strong>imunidade inabal\u00e1vel e resiliente<\/strong>.<\/p>\n\n\n\n<h2 class=\"wp-block-heading\">Por que o alho e o gengibre s\u00e3o aliados poderosos?<\/h2>\n\n\n\n<p>O alho cont\u00e9m subst\u00e2ncias como a alicina, que possui propriedades antimicrobianas e anti-inflamat\u00f3rias comprovadas pela ci\u00eancia moderna ao longo de muitas d\u00e9cadas de estudos. J\u00e1 o gengibre ajuda a reduzir inflama\u00e7\u00f5es na garganta e possui efeitos termog\u00eanicos que auxiliam o metabolismo de forma bastante natural. Ambos s\u00e3o temperos indispens\u00e1veis para quem busca <strong>prote\u00e7\u00e3o di\u00e1ria e natural<\/strong>.<\/p>\n\n\n\n<p>Confira a lista abaixo:<\/p>\n\n\n\n<ul class=\"wp-block-list\">\n<li>Melhora na produ\u00e7\u00e3o de anticorpos espec\u00edficos.<\/li>\n\n\n\n<li>Redu\u00e7\u00e3o de inflama\u00e7\u00f5es sist\u00eamicas silenciosas.<\/li>\n\n\n\n<li>Aumento da resist\u00eancia contra gripes comuns.<\/li>\n\n\n\n<li>Desintoxica\u00e7\u00e3o natural de agentes patog\u00eanicos externos.<\/li>\n<\/ul>\n\n\n\n<h2 class=\"wp-block-heading\">De que maneira os iogurtes naturais equilibram sua defesa?<\/h2>\n\n\n\n<p>Os iogurtes naturais s\u00e3o fontes ricas de probi\u00f3ticos, que s\u00e3o bact\u00e9rias ben\u00e9ficas que colonizam o intestino e estimulam o sistema imunol\u00f3gico diretamente. Um sistema digestivo equilibrado impede a prolifera\u00e7\u00e3o de microrganismos nocivos e melhora a absor\u00e7\u00e3o de nutrientes vitais para o corpo. Manter a flora intestinal saud\u00e1vel \u00e9 um passo crucial para <strong>prevenir doen\u00e7as infecciosas recorrentes<\/strong>.<\/p>\n\n\n\n<p>Ao escolher esses produtos, prefira as vers\u00f5es sem adi\u00e7\u00e3o de a\u00e7\u00facares ou conservantes qu\u00edmicos que podem prejudicar o equil\u00edbrio biol\u00f3gico delicado. O consumo di\u00e1rio de probi\u00f3ticos fortalece a barreira mucosa do intestino, dificultando a entrada de pat\u00f3genos na corrente sangu\u00ednea de forma muito eficaz. Essa pr\u00e1tica alimentar simples gera resultados vis\u00edveis na sua <strong>resist\u00eancia f\u00edsica e disposi\u00e7\u00e3o<\/strong>.<\/p>\n\n\n\n<p>No v\u00eddeo abaixo do TikTok <strong><em>Drdanieltales<\/em><\/strong>, que conta com mais de<strong><em> 1.5 milh\u00f5es<\/em><\/strong> de seguidores, ele sugere um suco para aumentar sua imunidade r\u00e1pido:<\/p>\n\n\n\n<blockquote class=\"tiktok-embed\" cite=\"https:\/\/www.tiktok.com\/@drdanieltales\/video\/7469904057973460279\" data-video-id=\"7469904057973460279\" style=\"max-width: 605px;min-width: 325px;\" > <section> <a target=\"_blank\" title=\"@drdanieltales\" href=\"https:\/\/www.tiktok.com\/@drdanieltales?refer=embed\">@drdanieltales<\/a> \ud83d\uded1 EST\u00c1 SEM IMUNIDADE? TOME ISSO! \ud83d\uded1 Se voc\u00ea vive gripado, com o nariz escorrendo, pegando resfriado por qualquer coisa ou sofre com rinite, sinusite e bronquite\u2026 \u26a0\ufe0f ent\u00e3o j\u00e1 SALVE esse v\u00eddeo porque essa solu\u00e7\u00e3o natural pode mudar sua vida! \ud83c\udf79\ud83d\udcaa Esse suco poderoso vai turbinar sua imunidade em poucos dias, ajudando seu corpo a: \u2705 Ficar mais resistente contra v\u00edrus e bact\u00e9rias \ud83e\udda0 \u2705 Acabar com a tosse chata que n\u00e3o passa \ud83e\udd27 \u2705 Fortalecer as defesas naturais do organismo \ud83d\udcaa Mas aten\u00e7\u00e3o! \ud83d\udea8 Para ter todos esses benef\u00edcios, voc\u00ea precisa preparar do jeito certo! Assista ao v\u00eddeo at\u00e9 o final para aprender a receita completa! \ud83c\udfa5\u2728 \ud83d\udd25 Desafio lan\u00e7ado! Beba por 7 dias e me conta nos coment\u00e1rios como voc\u00ea se sentiu! \ud83d\udc47 \ud83d\udca5 E tem mais: \ud83d\udd25 AULA GRATUITA SECA BARRIGA \ud83d\udc49 Emagre\u00e7a r\u00e1pido e sem dietas malucas! \u26a0\ufe0f Salve essa data: 17&#47;02 \u23f3 Vagas limitadas! CLlCA no LlNK da BlO e garanta seu lugar! \ud83d\ude80 Marque algu\u00e9m que precisa fortalecer a imunidade! Compartilhe para ajudar mais pessoas a se protegerem de gripes e resfriados! \ud83d\udc9a\ud83d\udcaa <a title=\"imunidadealta\" target=\"_blank\" href=\"https:\/\/www.tiktok.com\/tag\/imunidadealta?refer=embed\">#ImunidadeAlta<\/a> <a title=\"sa\u00fadenatural\" target=\"_blank\" href=\"https:\/\/www.tiktok.com\/tag\/sa%C3%BAdenatural?refer=embed\">#Sa\u00fadeNatural<\/a> <a title=\"fortalecerimunidade\" target=\"_blank\" href=\"https:\/\/www.tiktok.com\/tag\/fortalecerimunidade?refer=embed\">#FortalecerImunidade<\/a> <a title=\"dicasdesa\u00fade\" target=\"_blank\" href=\"https:\/\/www.tiktok.com\/tag\/dicasdesa%C3%BAde?refer=embed\">#DicasDeSa\u00fade<\/a> <a target=\"_blank\" title=\"\u266c som original - DR DANIEL TALES\" href=\"https:\/\/www.tiktok.com\/music\/som-original-7469904096851053367?refer=embed\">\u266c som original &#8211; DR DANIEL TALES<\/a> <\/section> <\/blockquote> <script async src=\"https:\/\/www.tiktok.com\/embed.js\"><\/script>\n\n\n\n<p>Leia tamb\u00e9m:<a href=\"https:\/\/www.correiobraziliense.com.br\/cbradar\/propriedades-do-maracuja-que-explicam-sua-fama-como-fruta-calmante\/\" target=\"_blank\" rel=\"noreferrer noopener\"> Propriedades do maracuj\u00e1 que explicam sua fama como fruta calmante<\/a><\/p>\n\n\n\n<h2 class=\"wp-block-heading\">Existe uma base cient\u00edfica para a suplementa\u00e7\u00e3o vitam\u00ednica?<\/h2>\n\n\n\n<p>Embora a alimenta\u00e7\u00e3o seja a fonte prim\u00e1ria de nutrientes, em alguns casos a suplementa\u00e7\u00e3o de vitamina D e zinco torna-se necess\u00e1ria. Esses elementos s\u00e3o cruciais para a ativa\u00e7\u00e3o das c\u00e9lulas T, que identificam e destroem c\u00e9lulas infectadas por v\u00edrus perigosos no organismo. No entanto, qualquer suplementa\u00e7\u00e3o deve ser orientada por profissionais de sa\u00fade para evitar <strong>sobrecargas metab\u00f3licas desnecess\u00e1rias<\/strong>.<\/p>\n\n\n\n<p>De acordo com as diretrizes do <strong>National Institutes of Health<\/strong>, manter uma dieta diversificada \u00e9 a melhor defesa contra defici\u00eancias nutricionais que enfraquecem o corpo. O equil\u00edbrio entre prote\u00ednas, gorduras boas e vitaminas \u00e9 o que sustenta a vitalidade humana em n\u00edveis \u00f3timos. Para entender mais sobre como a nutri\u00e7\u00e3o impacta seu sistema, consulte o portal <a target=\"_blank\" rel=\"noreferrer noopener\" href=\"https:\/\/www.ncbi.nlm.nih.gov\/pmc\/articles\/PMC7019735\/\">NIH.gov<\/a>.<\/p>\n","protected":false},"excerpt":{"rendered":"<p>Nutrir o corpo com alimentos estrat\u00e9gicos \u00e9 a maneira mais eficiente de construir uma barreira defensiva contra v\u00edrus e bact\u00e9rias oportunistas. Uma dieta rica em vitaminas e minerais otimiza a resposta das c\u00e9lulas de defesa, garantindo uma recupera\u00e7\u00e3o mais r\u00e1pida e vigorosa. Adotar h\u00e1bitos saud\u00e1veis hoje previne complica\u00e7\u00f5es futuras de forma duradoura. Como as frutas [&hellip;]<\/p>\n","protected":false},"author":21,"featured_media":204605,"comment_status":"open","ping_status":"open","sticky":false,"template":"","format":"standard","meta":{"_yoast_wpseo_focuskw":"Alimentos que aumentam a imunidade","_yoast_wpseo_title":"","_yoast_wpseo_metadesc":"Alguns alimentos ajudam o organismo a fortalecer suas defesas naturais e manter o corpo mais resistente no dia a dia","jnews-multi-image_gallery":[],"jnews_single_post":{"format":"standard"},"jnews_primary_category":[],"jnews_social_meta":[],"jnews_override_counter":[],"footnotes":""},"categories":[119],"tags":[281,1423,4835,1318],"class_list":["post-204576","post","type-post","status-publish","format-standard","has-post-thumbnail","hentry","category-bem-estar","tag-alimentacao","tag-alimentos","tag-imunidade","tag-saude-2"],"yoast_head":"<!-- This site is optimized with the Yoast SEO plugin v24.6 - https:\/\/yoast.com\/wordpress\/plugins\/seo\/ -->\n<title>Alimentos que ajudam a fortalecer o sistema imunol\u00f3gico de forma natural - Correio Braziliense - Radar<\/title>\n<meta name=\"description\" content=\"Alguns alimentos ajudam o organismo a fortalecer suas defesas naturais e manter o corpo mais resistente no dia a dia\" \/>\n<meta name=\"robots\" content=\"index, follow, max-snippet:-1, max-image-preview:large, max-video-preview:-1\" \/>\n<link rel=\"canonical\" href=\"https:\/\/www.correiobraziliense.com.br\/cbradar\/alimentos-que-ajudam-a-fortalecer-o-sistema-imunologico-de-forma-natural\/\" \/>\n<meta property=\"og:locale\" content=\"pt_BR\" \/>\n<meta property=\"og:type\" content=\"article\" \/>\n<meta property=\"og:title\" content=\"Alimentos que ajudam a fortalecer o sistema imunol\u00f3gico de forma natural - Correio Braziliense - Radar\" \/>\n<meta property=\"og:description\" content=\"Alguns alimentos ajudam o organismo a fortalecer suas defesas naturais e manter o corpo mais resistente no dia a dia\" \/>\n<meta property=\"og:url\" content=\"https:\/\/www.correiobraziliense.com.br\/cbradar\/alimentos-que-ajudam-a-fortalecer-o-sistema-imunologico-de-forma-natural\/\" \/>\n<meta property=\"og:site_name\" content=\"Correio Braziliense - Radar\" \/>\n<meta property=\"article:published_time\" content=\"2026-03-08T21:35:00+00:00\" \/>\n<meta property=\"og:image\" content=\"https:\/\/www.correiobraziliense.com.br\/cbradar\/wp-content\/uploads\/2026\/03\/Gemini_Generated_Image_nx7mk4nx7mk4nx7m-1-1.png\" \/>\n\t<meta property=\"og:image:width\" content=\"1280\" \/>\n\t<meta property=\"og:image:height\" content=\"720\" \/>\n\t<meta property=\"og:image:type\" content=\"image\/png\" \/>\n<meta name=\"author\" content=\"Patrick Silva\" \/>\n<meta name=\"twitter:card\" content=\"summary_large_image\" \/>\n<meta name=\"twitter:label1\" content=\"Escrito por\" \/>\n\t<meta name=\"twitter:data1\" content=\"Patrick Silva\" \/>\n\t<meta name=\"twitter:label2\" content=\"Est. tempo de leitura\" \/>\n\t<meta name=\"twitter:data2\" content=\"5 minutos\" \/>\n<!-- \/ Yoast SEO plugin. -->","yoast_head_json":{"title":"Alimentos que ajudam a fortalecer o sistema imunol\u00f3gico de forma natural - Correio Braziliense - Radar","description":"Alguns alimentos ajudam o organismo a fortalecer suas defesas naturais e manter o corpo mais resistente no dia a dia","robots":{"index":"index","follow":"follow","max-snippet":"max-snippet:-1","max-image-preview":"max-image-preview:large","max-video-preview":"max-video-preview:-1"},"canonical":"https:\/\/www.correiobraziliense.com.br\/cbradar\/alimentos-que-ajudam-a-fortalecer-o-sistema-imunologico-de-forma-natural\/","og_locale":"pt_BR","og_type":"article","og_title":"Alimentos que ajudam a fortalecer o sistema imunol\u00f3gico de forma natural - Correio Braziliense - Radar","og_description":"Alguns alimentos ajudam o organismo a fortalecer suas defesas naturais e manter o corpo mais resistente no dia a dia","og_url":"https:\/\/www.correiobraziliense.com.br\/cbradar\/alimentos-que-ajudam-a-fortalecer-o-sistema-imunologico-de-forma-natural\/","og_site_name":"Correio Braziliense - Radar","article_published_time":"2026-03-08T21:35:00+00:00","og_image":[{"width":1280,"height":720,"url":"https:\/\/www.correiobraziliense.com.br\/cbradar\/wp-content\/uploads\/2026\/03\/Gemini_Generated_Image_nx7mk4nx7mk4nx7m-1-1.png","type":"image\/png"}],"author":"Patrick Silva","twitter_card":"summary_large_image","twitter_misc":{"Escrito por":"Patrick Silva","Est. tempo de leitura":"5 minutos"},"schema":{"@context":"https:\/\/schema.org","@graph":[{"@type":"WebPage","@id":"https:\/\/www.correiobraziliense.com.br\/cbradar\/alimentos-que-ajudam-a-fortalecer-o-sistema-imunologico-de-forma-natural\/","url":"https:\/\/www.correiobraziliense.com.br\/cbradar\/alimentos-que-ajudam-a-fortalecer-o-sistema-imunologico-de-forma-natural\/","name":"Alimentos que ajudam a fortalecer o sistema imunol\u00f3gico de forma natural - Correio Braziliense - Radar","isPartOf":{"@id":"https:\/\/www.correiobraziliense.com.br\/cbradar\/#website"},"primaryImageOfPage":{"@id":"https:\/\/www.correiobraziliense.com.br\/cbradar\/alimentos-que-ajudam-a-fortalecer-o-sistema-imunologico-de-forma-natural\/#primaryimage"},"image":{"@id":"https:\/\/www.correiobraziliense.com.br\/cbradar\/alimentos-que-ajudam-a-fortalecer-o-sistema-imunologico-de-forma-natural\/#primaryimage"},"thumbnailUrl":"https:\/\/www.correiobraziliense.com.br\/cbradar\/wp-content\/uploads\/2026\/03\/Gemini_Generated_Image_nx7mk4nx7mk4nx7m-1-1.png","datePublished":"2026-03-08T21:35:00+00:00","author":{"@id":"https:\/\/www.correiobraziliense.com.br\/cbradar\/#\/schema\/person\/5440b72be9c7eb74f446c846479dc4da"},"description":"Alguns alimentos ajudam o organismo a fortalecer suas defesas naturais e manter o corpo mais resistente no dia a dia","breadcrumb":{"@id":"https:\/\/www.correiobraziliense.com.br\/cbradar\/alimentos-que-ajudam-a-fortalecer-o-sistema-imunologico-de-forma-natural\/#breadcrumb"},"inLanguage":"pt-BR","potentialAction":[{"@type":"ReadAction","target":["https:\/\/www.correiobraziliense.com.br\/cbradar\/alimentos-que-ajudam-a-fortalecer-o-sistema-imunologico-de-forma-natural\/"]}]},{"@type":"ImageObject","inLanguage":"pt-BR","@id":"https:\/\/www.correiobraziliense.com.br\/cbradar\/alimentos-que-ajudam-a-fortalecer-o-sistema-imunologico-de-forma-natural\/#primaryimage","url":"https:\/\/www.correiobraziliense.com.br\/cbradar\/wp-content\/uploads\/2026\/03\/Gemini_Generated_Image_nx7mk4nx7mk4nx7m-1-1.png","contentUrl":"https:\/\/www.correiobraziliense.com.br\/cbradar\/wp-content\/uploads\/2026\/03\/Gemini_Generated_Image_nx7mk4nx7mk4nx7m-1-1.png","width":1280,"height":720,"caption":"Certos alimentos ajudam a fortalecer o sistema imunol\u00f3gico e proteger o organismo"},{"@type":"BreadcrumbList","@id":"https:\/\/www.correiobraziliense.com.br\/cbradar\/alimentos-que-ajudam-a-fortalecer-o-sistema-imunologico-de-forma-natural\/#breadcrumb","itemListElement":[{"@type":"ListItem","position":1,"name":"In\u00edcio","item":"https:\/\/www.correiobraziliense.com.br\/cbradar\/"},{"@type":"ListItem","position":2,"name":"Alimentos que ajudam a fortalecer o sistema imunol\u00f3gico de forma natural"}]},{"@type":"WebSite","@id":"https:\/\/www.correiobraziliense.com.br\/cbradar\/#website","url":"https:\/\/www.correiobraziliense.com.br\/cbradar\/","name":"Correio Braziliense - Radar","description":"Acompanhe as \u00faltimas not\u00edcias e fique bem informado sobre tudo o que acontece no Brasil e no mundo.","potentialAction":[{"@type":"SearchAction","target":{"@type":"EntryPoint","urlTemplate":"https:\/\/www.correiobraziliense.com.br\/cbradar\/?s={search_term_string}"},"query-input":{"@type":"PropertyValueSpecification","valueRequired":true,"valueName":"search_term_string"}}],"inLanguage":"pt-BR"},{"@type":"Person","@id":"https:\/\/www.correiobraziliense.com.br\/cbradar\/#\/schema\/person\/5440b72be9c7eb74f446c846479dc4da","name":"Patrick Silva","image":{"@type":"ImageObject","inLanguage":"pt-BR","@id":"https:\/\/www.correiobraziliense.com.br\/cbradar\/#\/schema\/person\/image\/","url":"https:\/\/secure.gravatar.com\/avatar\/944109df296fc087785c9715fd5f80b2?s=96&d=mm&r=g","contentUrl":"https:\/\/secure.gravatar.com\/avatar\/944109df296fc087785c9715fd5f80b2?s=96&d=mm&r=g","caption":"Patrick Silva"},"sameAs":["https:\/\/www.correiobraziliense.com.br\/cbradar\/"],"url":"https:\/\/www.correiobraziliense.com.br\/cbradar\/author\/patrick-silva\/"}]}},"_links":{"self":[{"href":"https:\/\/www.correiobraziliense.com.br\/cbradar\/wp-json\/wp\/v2\/posts\/204576","targetHints":{"allow":["GET"]}}],"collection":[{"href":"https:\/\/www.correiobraziliense.com.br\/cbradar\/wp-json\/wp\/v2\/posts"}],"about":[{"href":"https:\/\/www.correiobraziliense.com.br\/cbradar\/wp-json\/wp\/v2\/types\/post"}],"author":[{"embeddable":true,"href":"https:\/\/www.correiobraziliense.com.br\/cbradar\/wp-json\/wp\/v2\/users\/21"}],"replies":[{"embeddable":true,"href":"https:\/\/www.correiobraziliense.com.br\/cbradar\/wp-json\/wp\/v2\/comments?post=204576"}],"version-history":[{"count":2,"href":"https:\/\/www.correiobraziliense.com.br\/cbradar\/wp-json\/wp\/v2\/posts\/204576\/revisions"}],"predecessor-version":[{"id":204608,"href":"https:\/\/www.correiobraziliense.com.br\/cbradar\/wp-json\/wp\/v2\/posts\/204576\/revisions\/204608"}],"wp:featuredmedia":[{"embeddable":true,"href":"https:\/\/www.correiobraziliense.com.br\/cbradar\/wp-json\/wp\/v2\/media\/204605"}],"wp:attachment":[{"href":"https:\/\/www.correiobraziliense.com.br\/cbradar\/wp-json\/wp\/v2\/media?parent=204576"}],"wp:term":[{"taxonomy":"category","embeddable":true,"href":"https:\/\/www.correiobraziliense.com.br\/cbradar\/wp-json\/wp\/v2\/categories?post=204576"},{"taxonomy":"post_tag","embeddable":true,"href":"https:\/\/www.correiobraziliense.com.br\/cbradar\/wp-json\/wp\/v2\/tags?post=204576"}],"curies":[{"name":"wp","href":"https:\/\/api.w.org\/{rel}","templated":true}]}}