{"id":204583,"date":"2026-03-08T14:25:02","date_gmt":"2026-03-08T17:25:02","guid":{"rendered":"https:\/\/www.correiobraziliense.com.br\/cbradar\/?p=204583"},"modified":"2026-03-07T12:26:30","modified_gmt":"2026-03-07T15:26:30","slug":"rica-em-vitamina-c-essa-fruta-diferente-pode-ajudar-a-imunidade-e-ainda-crescer-no-quintal","status":"publish","type":"post","link":"https:\/\/www.correiobraziliense.com.br\/cbradar\/rica-em-vitamina-c-essa-fruta-diferente-pode-ajudar-a-imunidade-e-ainda-crescer-no-quintal\/","title":{"rendered":"Rica em vitamina C, essa fruta diferente pode ajudar a imunidade e ainda crescer no quintal"},"content":{"rendered":"\n<p>Imagine abrir a geladeira em um dia frio e encontrar um <b>kiwi<\/b> bem verdinho te esperando: al\u00e9m de <b>saboroso<\/b>, ele pode ser um grande aliado para manter as defesas do corpo em alta. Essa frutinha diferente vem ganhando <b>espa\u00e7o<\/b> tanto nos pratos de quem busca mais sa\u00fade quanto nos quintais e varandas de quem sonha em colher o pr\u00f3prio alimento em casa.<\/p>\n\n\n\n<h2 class=\"wp-block-heading\">Kiwi e imunidade quais s\u00e3o as propriedades mais importantes<\/h2>\n\n\n\n<p>O kiwi ficou famoso por ser riqu\u00edssimo em <b>vitamina C<\/b>, nutriente que ajuda o sistema imunol\u00f3gico a funcionar melhor. Em uma por\u00e7\u00e3o comum, ele pode ter tanta ou mais <b>vitamina<\/b> C do que frutas c\u00edtricas conhecidas, como laranja e lim\u00e3o, contribuindo para proteger as <b>c\u00e9lulas<\/b> do desgaste do dia a dia.<\/p>\n\n\n\n<p>Al\u00e9m disso, o kiwi oferece <b>fibras<\/b> que colaboram com o intestino, regi\u00e3o cada vez mais ligada \u00e0 imunidade. A fruta ainda traz vitamina K, <b>vitamina E<\/b>, folato e minerais como pot\u00e1ssio e cobre, al\u00e9m de compostos <b>antioxidantes<\/b>, como carotenoides e polifen\u00f3is, que ajudam a combater os radicais livres.<\/p>\n\n\n<div class=\"wp-block-image\">\n<figure class=\"aligncenter size-large\"><img decoding=\"async\" width=\"1024\" height=\"576\" src=\"https:\/\/www.correiobraziliense.com.br\/cbradar\/wp-content\/uploads\/2025\/11\/kiwi-plantacao-_1763150645518-1024x576.jpg\" alt=\"\" class=\"wp-image-137568\" srcset=\"https:\/\/www.correiobraziliense.com.br\/cbradar\/wp-content\/uploads\/2025\/11\/kiwi-plantacao-_1763150645518-1024x576.jpg 1024w, https:\/\/www.correiobraziliense.com.br\/cbradar\/wp-content\/uploads\/2025\/11\/kiwi-plantacao-_1763150645518-300x169.jpg 300w, https:\/\/www.correiobraziliense.com.br\/cbradar\/wp-content\/uploads\/2025\/11\/kiwi-plantacao-_1763150645518-768x432.jpg 768w, https:\/\/www.correiobraziliense.com.br\/cbradar\/wp-content\/uploads\/2025\/11\/kiwi-plantacao-_1763150645518-750x422.jpg 750w, https:\/\/www.correiobraziliense.com.br\/cbradar\/wp-content\/uploads\/2025\/11\/kiwi-plantacao-_1763150645518-1140x641.jpg 1140w, https:\/\/www.correiobraziliense.com.br\/cbradar\/wp-content\/uploads\/2025\/11\/kiwi-plantacao-_1763150645518.jpg 1280w\" sizes=\"(max-width: 1024px) 100vw, 1024px\" \/><figcaption class=\"wp-element-caption\">Utilize uma combina\u00e7\u00e3o de terra vegetal, areia e h\u00famus de minhoca, em partes iguais, garantindo uma textura leve e f\u00e9rtil &#8211; Cr\u00e9ditos: depositphotos.com \/ Martina_L<\/figcaption><\/figure><\/div>\n\n\n<p>Leia tamb\u00e9m:&nbsp;<a href=\"https:\/\/www.correiobraziliense.com.br\/cbradar\/a-folha-verde-que-muita-gente-usa-em-sucos-tambem-pode-ser-plantada-em-casa-com-facilidade\/\" target=\"_blank\" rel=\"noopener\">A folha verde que muita gente usa em sucos tamb\u00e9m pode ser plantada em casa com facilidade<\/a><\/p>\n\n\n\n<h2 class=\"wp-block-heading\">Como incluir o kiwi na rotina para fortalecer as defesas do corpo<\/h2>\n\n\n\n<p>Para aproveitar os <b>benef\u00edcios<\/b> do kiwi para a imunidade, o ideal \u00e9 consumi-lo com frequ\u00eancia dentro de uma alimenta\u00e7\u00e3o variada. Ele \u00e9 <b>vers\u00e1til<\/b>: pode entrar no caf\u00e9 da manh\u00e3, em lanches r\u00e1pidos, como sobremesa mais leve ou at\u00e9 em prepara\u00e7\u00f5es salgadas, trazendo um toque fresco e levemente <b>\u00e1cido<\/b>.<\/p>\n\n\n\n<p>Se voc\u00ea tem dificuldades para comer <b>frutas<\/b> no dia a dia, o kiwi pode ser uma boa porta de entrada, pois combina com receitas simples e pr\u00e1ticas:<\/p>\n\n\n\n<ul class=\"wp-block-list\">\n<li>Comer o kiwi ao <b>natural<\/b>, bem lavado, com ou sem casca, conforme a <b>prefer\u00eancia<\/b>;<\/li>\n\n\n\n<li>Adicionar rodelas de kiwi a saladas de <b>folhas<\/b>, misturando sabores doces e <b>\u00e1cidos<\/b>;<\/li>\n\n\n\n<li>Preparar vitaminas com <b>leite<\/b> ou bebidas vegetais, combinando o kiwi com outras <b>frutas<\/b>;<\/li>\n\n\n\n<li>Usar a fruta em sobremesas <b>simples<\/b>, como pav\u00eas e mousses com menor teor de <b>a\u00e7\u00facar<\/b>.<\/li>\n<\/ul>\n\n\n\n<h2 class=\"wp-block-heading\">Como plantar kiwi em casa passo a passo<\/h2>\n\n\n\n<p>Se a vontade \u00e9 colher o pr\u00f3prio <b>kiwi<\/b>, o primeiro passo \u00e9 entender que ele gosta de clima mais ameno, do subtropical ao <b>temperado<\/b>. Em muitas regi\u00f5es do Brasil, ele se adapta melhor em \u00e1reas serranas ou lugares com invernos mais frios e ver\u00f5es que n\u00e3o sejam extremamente <b>quentes<\/b>. Se voc\u00ea gosta de cultivo, separamos esse v\u00eddeo do canal <a href=\"https:\/\/www.youtube.com\/@DaTerralu\" target=\"_blank\" rel=\"noreferrer noopener\">Da Terra<\/a> ensinando a plantar em casa:<\/p>\n\n\n\n<figure class=\"wp-block-embed is-type-video is-provider-youtube wp-block-embed-youtube wp-embed-aspect-16-9 wp-has-aspect-ratio\"><div class=\"wp-block-embed__wrapper\">\n<div class=\"jeg_video_container jeg_video_content\"><iframe loading=\"lazy\" title=\"Aten\u00e7\u00e3o:Como Plantar Kiwi!!\" width=\"500\" height=\"281\" src=\"https:\/\/www.youtube.com\/embed\/GsNaHk3QHXw?start=17&#038;feature=oembed\" frameborder=\"0\" allow=\"accelerometer; autoplay; clipboard-write; encrypted-media; gyroscope; picture-in-picture; web-share\" referrerpolicy=\"strict-origin-when-cross-origin\" allowfullscreen><\/iframe><\/div>\n<\/div><\/figure>\n\n\n\n<p>O ideal \u00e9 escolher mudas enxertadas em viveiros <b>confi\u00e1veis<\/b> e lembrar que o kiwi \u00e9 uma planta di\u00f3ica, ou seja, h\u00e1 p\u00e9s masculinos e femininos, e a maioria das variedades precisa dos dois para frutificar bem. O local de plantio deve receber sol direto por algumas <b>horas<\/b>, ter solo bem drenado, f\u00e9rtil e ligeiramente \u00e1cido, al\u00e9m de prote\u00e7\u00e3o contra ventos <b>fortes<\/b>.<\/p>\n\n\n\n<h2 class=\"wp-block-heading\">Quais cuidados ajudam o kiwi a ficar saud\u00e1vel e produzir bons frutos<\/h2>\n\n\n\n<p>Depois de plantar, a aten\u00e7\u00e3o cont\u00ednua faz toda a <b>diferen\u00e7a<\/b> para ter um p\u00e9 de kiwi bonito e produtivo por muitos anos. A aduba\u00e7\u00e3o com mat\u00e9ria org\u00e2nica e fertilizantes <b>equilibrados<\/b> rep\u00f5e os nutrientes do solo, enquanto uma camada de palha ou folhas secas ao redor do tronco ajuda a manter a <b>umidade<\/b> e proteger as ra\u00edzes.<\/p>\n\n\n\n<p>Tamb\u00e9m \u00e9 importante ficar de olho em sinais de <b>pragas<\/b> e doen\u00e7as, como folhas amareladas ou frutos deformados, e buscar orienta\u00e7\u00e3o t\u00e9cnica quando necess\u00e1rio. Colher o kiwi no ponto certo de <b>matura\u00e7\u00e3o<\/b> no pr\u00f3prio quintal costuma preservar melhor a vitamina C e outros compostos sens\u00edveis, unindo <b>sabor<\/b>, cuidado com a sa\u00fade e o prazer de consumir uma fruta que voc\u00ea mesmo viu crescer.<\/p>\n","protected":false},"excerpt":{"rendered":"<p>Imagine abrir a geladeira em um dia frio e encontrar um kiwi bem verdinho te esperando: al\u00e9m de saboroso, ele pode ser um grande aliado para manter as defesas do corpo em alta. Essa frutinha diferente vem ganhando espa\u00e7o tanto nos pratos de quem busca mais sa\u00fade quanto nos quintais e varandas de quem sonha [&hellip;]<\/p>\n","protected":false},"author":9,"featured_media":194611,"comment_status":"open","ping_status":"open","sticky":false,"template":"","format":"standard","meta":{"_yoast_wpseo_focuskw":"plantar kiwi","_yoast_wpseo_title":"","_yoast_wpseo_metadesc":"Uma fruta rica em vitamina C pode ajudar a fortalecer a imunidade, trazer antioxidantes e ainda ser cultivada em casa em clima adequado.","jnews-multi-image_gallery":[],"jnews_single_post":{"format":"standard"},"jnews_primary_category":[],"jnews_social_meta":[],"jnews_override_counter":[],"footnotes":""},"categories":[119,136],"post_tag":[4274,6717,1637,4090],"class_list":["post-204583","post","type-post","status-publish","format-standard","has-post-thumbnail","hentry","category-bem-estar","category-jardinagem","tag-como-plantar-kiwi","tag-cultivo-de-kiwi","tag-kiwi","tag-plantar-kiwi"],"yoast_head":"<!-- This site is optimized with the Yoast SEO plugin v24.6 - https:\/\/yoast.com\/wordpress\/plugins\/seo\/ -->\n<title>Rica em vitamina C, essa fruta diferente pode ajudar a imunidade e ainda crescer no quintal - Correio Braziliense - Radar<\/title>\n<meta name=\"description\" content=\"Uma fruta rica em vitamina C pode ajudar a fortalecer a imunidade, trazer antioxidantes e ainda ser cultivada em casa em clima adequado.\" \/>\n<meta name=\"robots\" content=\"index, follow, max-snippet:-1, max-image-preview:large, max-video-preview:-1\" \/>\n<link rel=\"canonical\" href=\"https:\/\/www.correiobraziliense.com.br\/cbradar\/rica-em-vitamina-c-essa-fruta-diferente-pode-ajudar-a-imunidade-e-ainda-crescer-no-quintal\/\" \/>\n<meta property=\"og:locale\" content=\"pt_BR\" \/>\n<meta property=\"og:type\" content=\"article\" \/>\n<meta property=\"og:title\" content=\"Rica em vitamina C, essa fruta diferente pode ajudar a imunidade e ainda crescer no quintal - Correio Braziliense - Radar\" \/>\n<meta property=\"og:description\" content=\"Uma fruta rica em vitamina C pode ajudar a fortalecer a imunidade, trazer antioxidantes e ainda ser cultivada em casa em clima adequado.\" \/>\n<meta property=\"og:url\" content=\"https:\/\/www.correiobraziliense.com.br\/cbradar\/rica-em-vitamina-c-essa-fruta-diferente-pode-ajudar-a-imunidade-e-ainda-crescer-no-quintal\/\" \/>\n<meta property=\"og:site_name\" content=\"Correio Braziliense - Radar\" \/>\n<meta property=\"article:published_time\" content=\"2026-03-08T17:25:02+00:00\" \/>\n<meta property=\"og:image\" content=\"https:\/\/www.correiobraziliense.com.br\/cbradar\/wp-content\/uploads\/2026\/02\/Gemini_Generated_Image_arxaigarxaigarxa-1.png\" \/>\n\t<meta property=\"og:image:width\" content=\"1280\" \/>\n\t<meta property=\"og:image:height\" content=\"720\" \/>\n\t<meta property=\"og:image:type\" content=\"image\/png\" \/>\n<meta name=\"author\" content=\"Daniely Cardoso\" \/>\n<meta name=\"twitter:card\" content=\"summary_large_image\" \/>\n<meta name=\"twitter:label1\" content=\"Escrito por\" \/>\n\t<meta name=\"twitter:data1\" content=\"Daniely Cardoso\" \/>\n\t<meta name=\"twitter:label2\" content=\"Est. tempo de leitura\" \/>\n\t<meta name=\"twitter:data2\" content=\"4 minutos\" \/>\n<!-- \/ Yoast SEO plugin. -->","yoast_head_json":{"title":"Rica em vitamina C, essa fruta diferente pode ajudar a imunidade e ainda crescer no quintal - Correio Braziliense - Radar","description":"Uma fruta rica em vitamina C pode ajudar a fortalecer a imunidade, trazer antioxidantes e ainda ser cultivada em casa em clima adequado.","robots":{"index":"index","follow":"follow","max-snippet":"max-snippet:-1","max-image-preview":"max-image-preview:large","max-video-preview":"max-video-preview:-1"},"canonical":"https:\/\/www.correiobraziliense.com.br\/cbradar\/rica-em-vitamina-c-essa-fruta-diferente-pode-ajudar-a-imunidade-e-ainda-crescer-no-quintal\/","og_locale":"pt_BR","og_type":"article","og_title":"Rica em vitamina C, essa fruta diferente pode ajudar a imunidade e ainda crescer no quintal - Correio Braziliense - Radar","og_description":"Uma fruta rica em vitamina C pode ajudar a fortalecer a imunidade, trazer antioxidantes e ainda ser cultivada em casa em clima adequado.","og_url":"https:\/\/www.correiobraziliense.com.br\/cbradar\/rica-em-vitamina-c-essa-fruta-diferente-pode-ajudar-a-imunidade-e-ainda-crescer-no-quintal\/","og_site_name":"Correio Braziliense - Radar","article_published_time":"2026-03-08T17:25:02+00:00","og_image":[{"width":1280,"height":720,"url":"https:\/\/www.correiobraziliense.com.br\/cbradar\/wp-content\/uploads\/2026\/02\/Gemini_Generated_Image_arxaigarxaigarxa-1.png","type":"image\/png"}],"author":"Daniely Cardoso","twitter_card":"summary_large_image","twitter_misc":{"Escrito por":"Daniely Cardoso","Est. tempo de leitura":"4 minutos"},"schema":{"@context":"https:\/\/schema.org","@graph":[{"@type":"WebPage","@id":"https:\/\/www.correiobraziliense.com.br\/cbradar\/rica-em-vitamina-c-essa-fruta-diferente-pode-ajudar-a-imunidade-e-ainda-crescer-no-quintal\/","url":"https:\/\/www.correiobraziliense.com.br\/cbradar\/rica-em-vitamina-c-essa-fruta-diferente-pode-ajudar-a-imunidade-e-ainda-crescer-no-quintal\/","name":"Rica em vitamina C, essa fruta diferente pode ajudar a imunidade e ainda crescer no quintal - Correio Braziliense - Radar","isPartOf":{"@id":"https:\/\/www.correiobraziliense.com.br\/cbradar\/#website"},"primaryImageOfPage":{"@id":"https:\/\/www.correiobraziliense.com.br\/cbradar\/rica-em-vitamina-c-essa-fruta-diferente-pode-ajudar-a-imunidade-e-ainda-crescer-no-quintal\/#primaryimage"},"image":{"@id":"https:\/\/www.correiobraziliense.com.br\/cbradar\/rica-em-vitamina-c-essa-fruta-diferente-pode-ajudar-a-imunidade-e-ainda-crescer-no-quintal\/#primaryimage"},"thumbnailUrl":"https:\/\/www.correiobraziliense.com.br\/cbradar\/wp-content\/uploads\/2026\/02\/Gemini_Generated_Image_arxaigarxaigarxa-1.png","datePublished":"2026-03-08T17:25:02+00:00","author":{"@id":"https:\/\/www.correiobraziliense.com.br\/cbradar\/#\/schema\/person\/7356666e12ec0ee53f348ee5db227032"},"description":"Uma fruta rica em vitamina C pode ajudar a fortalecer a imunidade, trazer antioxidantes e ainda ser cultivada em casa em clima adequado.","breadcrumb":{"@id":"https:\/\/www.correiobraziliense.com.br\/cbradar\/rica-em-vitamina-c-essa-fruta-diferente-pode-ajudar-a-imunidade-e-ainda-crescer-no-quintal\/#breadcrumb"},"inLanguage":"pt-BR","potentialAction":[{"@type":"ReadAction","target":["https:\/\/www.correiobraziliense.com.br\/cbradar\/rica-em-vitamina-c-essa-fruta-diferente-pode-ajudar-a-imunidade-e-ainda-crescer-no-quintal\/"]}]},{"@type":"ImageObject","inLanguage":"pt-BR","@id":"https:\/\/www.correiobraziliense.com.br\/cbradar\/rica-em-vitamina-c-essa-fruta-diferente-pode-ajudar-a-imunidade-e-ainda-crescer-no-quintal\/#primaryimage","url":"https:\/\/www.correiobraziliense.com.br\/cbradar\/wp-content\/uploads\/2026\/02\/Gemini_Generated_Image_arxaigarxaigarxa-1.png","contentUrl":"https:\/\/www.correiobraziliense.com.br\/cbradar\/wp-content\/uploads\/2026\/02\/Gemini_Generated_Image_arxaigarxaigarxa-1.png","width":1280,"height":720,"caption":"Para aproveitar melhor os benef\u00edcios do kiwi para o intestino, o ideal \u00e9 consumi-lo com regularidade"},{"@type":"BreadcrumbList","@id":"https:\/\/www.correiobraziliense.com.br\/cbradar\/rica-em-vitamina-c-essa-fruta-diferente-pode-ajudar-a-imunidade-e-ainda-crescer-no-quintal\/#breadcrumb","itemListElement":[{"@type":"ListItem","position":1,"name":"In\u00edcio","item":"https:\/\/www.correiobraziliense.com.br\/cbradar\/"},{"@type":"ListItem","position":2,"name":"Rica em vitamina C, essa fruta diferente pode ajudar a imunidade e ainda crescer no quintal"}]},{"@type":"WebSite","@id":"https:\/\/www.correiobraziliense.com.br\/cbradar\/#website","url":"https:\/\/www.correiobraziliense.com.br\/cbradar\/","name":"Correio Braziliense - Radar","description":"Acompanhe as \u00faltimas not\u00edcias e fique bem informado sobre tudo o que acontece no Brasil e no mundo.","potentialAction":[{"@type":"SearchAction","target":{"@type":"EntryPoint","urlTemplate":"https:\/\/www.correiobraziliense.com.br\/cbradar\/?s={search_term_string}"},"query-input":{"@type":"PropertyValueSpecification","valueRequired":true,"valueName":"search_term_string"}}],"inLanguage":"pt-BR"},{"@type":"Person","@id":"https:\/\/www.correiobraziliense.com.br\/cbradar\/#\/schema\/person\/7356666e12ec0ee53f348ee5db227032","name":"Daniely Cardoso","image":{"@type":"ImageObject","inLanguage":"pt-BR","@id":"https:\/\/www.correiobraziliense.com.br\/cbradar\/#\/schema\/person\/image\/","url":"https:\/\/secure.gravatar.com\/avatar\/4b80ddbd124d1f071b626d52d62e5dff?s=96&d=mm&r=g","contentUrl":"https:\/\/secure.gravatar.com\/avatar\/4b80ddbd124d1f071b626d52d62e5dff?s=96&d=mm&r=g","caption":"Daniely Cardoso"},"description":"Redatora nos portais CB Radar e EM Foco, formada pela Universidade Federal de Goi\u00e1s, em Goi\u00e2nia. Apaixonada por comunica\u00e7\u00e3o, arte, decora\u00e7\u00e3o e tend\u00eancias, atuo na produ\u00e7\u00e3o de conte\u00fados envolventes sobre curiosidades, moda, beleza e paisagismo, sempre com um olhar atento \u00e0s novidades do momento.","sameAs":["https:\/\/www.correiobraziliense.com.br\/cbradar"],"url":"https:\/\/www.correiobraziliense.com.br\/cbradar\/author\/danielymyth\/"}]}},"_links":{"self":[{"href":"https:\/\/www.correiobraziliense.com.br\/cbradar\/wp-json\/wp\/v2\/posts\/204583","targetHints":{"allow":["GET"]}}],"collection":[{"href":"https:\/\/www.correiobraziliense.com.br\/cbradar\/wp-json\/wp\/v2\/posts"}],"about":[{"href":"https:\/\/www.correiobraziliense.com.br\/cbradar\/wp-json\/wp\/v2\/types\/post"}],"author":[{"embeddable":true,"href":"https:\/\/www.correiobraziliense.com.br\/cbradar\/wp-json\/wp\/v2\/users\/9"}],"replies":[{"embeddable":true,"href":"https:\/\/www.correiobraziliense.com.br\/cbradar\/wp-json\/wp\/v2\/comments?post=204583"}],"version-history":[{"count":2,"href":"https:\/\/www.correiobraziliense.com.br\/cbradar\/wp-json\/wp\/v2\/posts\/204583\/revisions"}],"predecessor-version":[{"id":204656,"href":"https:\/\/www.correiobraziliense.com.br\/cbradar\/wp-json\/wp\/v2\/posts\/204583\/revisions\/204656"}],"wp:featuredmedia":[{"embeddable":true,"href":"https:\/\/www.correiobraziliense.com.br\/cbradar\/wp-json\/wp\/v2\/media\/194611"}],"wp:attachment":[{"href":"https:\/\/www.correiobraziliense.com.br\/cbradar\/wp-json\/wp\/v2\/media?parent=204583"}],"wp:term":[{"taxonomy":"category","embeddable":true,"href":"https:\/\/www.correiobraziliense.com.br\/cbradar\/wp-json\/wp\/v2\/categories?post=204583"},{"taxonomy":"post_tag","embeddable":true,"href":"https:\/\/www.correiobraziliense.com.br\/cbradar\/wp-json\/wp\/v2\/post_tag?post=204583"}],"curies":[{"name":"wp","href":"https:\/\/api.w.org\/{rel}","templated":true}]}}