{"id":204587,"date":"2026-03-08T00:55:00","date_gmt":"2026-03-08T03:55:00","guid":{"rendered":"https:\/\/www.correiobraziliense.com.br\/cbradar\/?p=204587"},"modified":"2026-03-07T19:13:24","modified_gmt":"2026-03-07T22:13:24","slug":"a-planta-que-nasce-nas-calcadas-pode-ajudar-na-digestao-e-apoiar-a-saude-do-figado","status":"publish","type":"post","link":"https:\/\/www.correiobraziliense.com.br\/cbradar\/a-planta-que-nasce-nas-calcadas-pode-ajudar-na-digestao-e-apoiar-a-saude-do-figado\/","title":{"rendered":"A planta que nasce nas cal\u00e7adas pode ajudar na digest\u00e3o e apoiar a sa\u00fade do f\u00edgado"},"content":{"rendered":"\n<p>Voc\u00ea j\u00e1 reparou naquele <b>\u201cmato\u201d<\/b> que nasce entre as frestas da cal\u00e7ada e que, quando assopramos, espalha v\u00e1rios <b>floquinhos<\/b> pelo vento? Esse \u00e9 o dente-de-le\u00e3o, uma <b>plantinha<\/b> comum, resistente e cheia de hist\u00f3rias na medicina popular. F\u00e1cil de encontrar em diferentes regi\u00f5es do Brasil, ele vem ganhando espa\u00e7o nas hortas caseiras e na rotina de quem busca formas mais naturais de cuidar do corpo, especialmente quando o assunto \u00e9 apoio ao f\u00edgado, digest\u00e3o e sensa\u00e7\u00e3o de equil\u00edbrio no dia a dia.<\/p>\n\n\n\n<h2 class=\"wp-block-heading\">Quais s\u00e3o as principais propriedades e nutrientes do dente-de-le\u00e3o<\/h2>\n\n\n\n<p>Mesmo sendo visto muitas vezes como <b>erva<\/b> daninha, o dente-de-le\u00e3o chama aten\u00e7\u00e3o por seu poss\u00edvel papel <b>\u201cdepurativo\u201d<\/b>, ajudando o corpo em processos naturais de <b>limpeza<\/b> interna. Na pr\u00e1tica, isso significa que seus compostos podem colaborar com fun\u00e7\u00f5es do f\u00edgado e dos rins, \u00f3rg\u00e3os que j\u00e1 fazem esse trabalho de filtro diariamente.<\/p>\n\n\n\n<p>A planta \u00e9 rica em subst\u00e2ncias como <b>inulina<\/b>, compostos fen\u00f3licos e flavonoides, al\u00e9m de conter vitaminas A, C, K e algumas do complexo B, al\u00e9m de minerais como <b>pot\u00e1ssio<\/b>, c\u00e1lcio e ferro. As folhas ainda s\u00e3o conhecidas por um leve efeito <b>diur\u00e9tico<\/b>, o que pode ajudar o corpo a eliminar l\u00edquidos em excesso, sempre dentro de uma alimenta\u00e7\u00e3o equilibrada e com boa hidrata\u00e7\u00e3o.<\/p>\n\n\n<div class=\"wp-block-image\">\n<figure class=\"aligncenter size-large\"><img decoding=\"async\" width=\"1024\" height=\"576\" src=\"https:\/\/www.correiobraziliense.com.br\/cbradar\/wp-content\/uploads\/2025\/08\/taraxacum-officinale_1755716897922-1024x576.jpg\" alt=\"Ervas medicinais que reduzem o incha\u00e7o nas pernas com a\u00e7\u00e3o diur\u00e9tica e venot\u00f4nica\" class=\"wp-image-89954\" srcset=\"https:\/\/www.correiobraziliense.com.br\/cbradar\/wp-content\/uploads\/2025\/08\/taraxacum-officinale_1755716897922-1024x576.jpg 1024w, https:\/\/www.correiobraziliense.com.br\/cbradar\/wp-content\/uploads\/2025\/08\/taraxacum-officinale_1755716897922-300x169.jpg 300w, https:\/\/www.correiobraziliense.com.br\/cbradar\/wp-content\/uploads\/2025\/08\/taraxacum-officinale_1755716897922-768x432.jpg 768w, https:\/\/www.correiobraziliense.com.br\/cbradar\/wp-content\/uploads\/2025\/08\/taraxacum-officinale_1755716897922-750x422.jpg 750w, https:\/\/www.correiobraziliense.com.br\/cbradar\/wp-content\/uploads\/2025\/08\/taraxacum-officinale_1755716897922-1140x641.jpg 1140w, https:\/\/www.correiobraziliense.com.br\/cbradar\/wp-content\/uploads\/2025\/08\/taraxacum-officinale_1755716897922.jpg 1280w\" sizes=\"(max-width: 1024px) 100vw, 1024px\" \/><figcaption class=\"wp-element-caption\">o dente-de-le\u00e3o, rico em pot\u00e1ssio e princ\u00edpios amargos, tamb\u00e9m atua como um diur\u00e9tico suave &#8211; Cr\u00e9ditos: depositphotos.com \/ MadeleineSteinbach<\/figcaption><\/figure><\/div>\n\n\n<p>Leia tamb\u00e9m:&nbsp;<a href=\"https:\/\/www.correiobraziliense.com.br\/cbradar\/a-folha-verde-que-muita-gente-usa-em-sucos-tambem-pode-ser-plantada-em-casa-com-facilidade\/\" target=\"_blank\" rel=\"noopener\">A folha verde que muita gente usa em sucos tamb\u00e9m pode ser plantada em casa com facilidade<\/a><\/p>\n\n\n\n<h2 class=\"wp-block-heading\">Como o dente-de-le\u00e3o pode apoiar processos naturais de limpeza do organismo<\/h2>\n\n\n\n<p>Quando se fala que o dente-de-le\u00e3o <b>\u201cdesintoxica\u201d<\/b>, o que est\u00e1 em jogo \u00e9 o apoio que ele pode oferecer aos \u00f3rg\u00e3os que j\u00e1 fazem esse trabalho, especialmente o f\u00edgado e o sistema urin\u00e1rio. Pesquisas ainda est\u00e3o em andamento, mas parte de seus <b>componentes<\/b> \u00e9 estudada justamente pelo poss\u00edvel efeito <b>protetor<\/b> sobre as c\u00e9lulas hep\u00e1ticas.<\/p>\n\n\n\n<p>O est\u00edmulo suave \u00e0 produ\u00e7\u00e3o de <b>urina<\/b> ajuda na elimina\u00e7\u00e3o de res\u00edduos pela urina, desde que voc\u00ea beba \u00e1gua ao longo do dia. Em pr\u00e1ticas tradicionais, o dente-de-le\u00e3o costuma ser combinado com outras <b>ervas<\/b> em ch\u00e1s voltados \u00e0 \u201climpeza\u201d do sangue e do aparelho digestivo, sempre como <b>complemento<\/b>, e n\u00e3o substituindo exames ou tratamentos m\u00e9dicos.<\/p>\n\n\n\n<h2 class=\"wp-block-heading\">Quais s\u00e3o as formas mais comuns de consumo do dente-de-le\u00e3o<\/h2>\n\n\n\n<p>No dia a dia, o dente-de-le\u00e3o pode entrar na rotina de jeitos simples, especialmente para quem gosta de <b>ch\u00e1s<\/b> e preparos naturais. O ideal \u00e9 sempre come\u00e7ar com pequenas <b>quantidades<\/b> e observar como o corpo reage, principalmente se voc\u00ea nunca consumiu a <b>planta<\/b> antes.<\/p>\n\n\n\n<p>Entre as formas mais usadas, algumas se destacam pela praticidade e pelo aproveitamento das diferentes partes da planta:<\/p>\n\n\n\n<ul class=\"wp-block-list\">\n<li><strong>Ch\u00e1<\/strong> de folhas frescas ou <b>secas<\/b>, tomado entre as <b>refei\u00e7\u00f5es<\/b>;<\/li>\n\n\n\n<li><strong>Infus\u00e3o<\/strong> ou decoc\u00e7\u00e3o da <b>raiz<\/b>, em preparos um pouco mais <b>concentrados<\/b>;<\/li>\n\n\n\n<li><strong>Folhas<\/strong> jovens cruas, em saladas, sandu\u00edches ou sucos <b>verdes<\/b>;<\/li>\n\n\n\n<li><strong>Extratos<\/strong> em c\u00e1psulas ou <b>gotas<\/b>, sempre com orienta\u00e7\u00e3o <b>profissional<\/b>.<\/li>\n<\/ul>\n\n\n\n<p>Se voc\u00ea gosta de ouvir especialistas, separamos esse v\u00eddeo da <a href=\"https:\/\/www.youtube.com\/@AngelaXavier\" target=\"_blank\" rel=\"noreferrer noopener\">Angela Xavier<\/a> mostrando com mais detalhes os benef\u00edcios dessa planta:<\/p>\n\n\n\n<figure class=\"wp-block-embed is-type-video is-provider-youtube wp-block-embed-youtube wp-embed-aspect-16-9 wp-has-aspect-ratio\"><div class=\"wp-block-embed__wrapper\">\n<div class=\"jeg_video_container jeg_video_content\"><iframe loading=\"lazy\" title=\"Dente de Le\u00e3o: morde o colesterol, a gordura no f\u00edgado, faz correr o diabetes\u2026\" width=\"500\" height=\"281\" src=\"https:\/\/www.youtube.com\/embed\/esWc0k1VFI8?start=51&#038;feature=oembed\" frameborder=\"0\" allow=\"accelerometer; autoplay; clipboard-write; encrypted-media; gyroscope; picture-in-picture; web-share\" referrerpolicy=\"strict-origin-when-cross-origin\" allowfullscreen><\/iframe><\/div>\n<\/div><\/figure>\n\n\n\n<h2 class=\"wp-block-heading\">Como plantar dente-de-le\u00e3o em casa de forma simples<\/h2>\n\n\n\n<p>Ter dente-de-le\u00e3o em casa \u00e9 uma boa ideia para quem quer saber de onde vem o que consome e evitar <b>agrot\u00f3xicos<\/b>. A planta \u00e9 <b>r\u00fastica<\/b>, adapta-se bem a climas amenos ou levemente quentes e costuma rebrotar com for\u00e7a na primavera, mesmo em regi\u00f5es com inverno mais <b>frio<\/b>.<\/p>\n\n\n\n<p>Para cultivar em vasos ou canteiros, escolha um local com <b>sol<\/b> direto por algumas horas do dia, solo bem drenado e rico em mat\u00e9ria <b>org\u00e2nica<\/b>. Sementes podem ser apenas espalhadas sobre a terra e levemente <b>cobertas<\/b>, mantendo o solo \u00famido, mas sem encharcar. Com regas regulares e um pouco de adubo org\u00e2nico, logo surgem folhas jovens que podem ser colhidas pela manh\u00e3, enquanto as ra\u00edzes podem ser retiradas ap\u00f3s alguns meses de desenvolvimento.<\/p>\n\n\n\n<h2 class=\"wp-block-heading\">Quais cuidados e poss\u00edveis riscos envolvem o uso do dente-de-le\u00e3o<\/h2>\n\n\n\n<p>Mesmo sendo uma planta comum, o dente-de-le\u00e3o n\u00e3o \u00e9 isento de <b>cuidados<\/b>. Pessoas al\u00e9rgicas a esp\u00e9cies da fam\u00edlia Asteraceae, como camomila e margarida, podem ter irrita\u00e7\u00f5es na <b>pele<\/b> ou desconforto digestivo, principalmente com uso em <b>excesso<\/b>. Por isso, vale come\u00e7ar aos poucos e observar.<\/p>\n\n\n\n<p>Quem usa medicamentos cont\u00ednuos, especialmente <b>diur\u00e9ticos<\/b>, anticoagulantes ou rem\u00e9dios que agem no f\u00edgado, precisa conversar com m\u00e9dico ou nutricionista antes de consumir ch\u00e1s concentrados ou <b>extratos<\/b>. Em quantidades moderadas na alimenta\u00e7\u00e3o, folhas, flores e ra\u00edzes podem enriquecer o <b>card\u00e1pio<\/b>, e cultivar a planta em casa ainda reduz a exposi\u00e7\u00e3o a poluentes e produtos qu\u00edmicos, unindo cuidado com a sa\u00fade e prazer em cuidar do pr\u00f3prio jardim.<\/p>\n","protected":false},"excerpt":{"rendered":"<p>Voc\u00ea j\u00e1 reparou naquele \u201cmato\u201d que nasce entre as frestas da cal\u00e7ada e que, quando assopramos, espalha v\u00e1rios floquinhos pelo vento? Esse \u00e9 o dente-de-le\u00e3o, uma plantinha comum, resistente e cheia de hist\u00f3rias na medicina popular. F\u00e1cil de encontrar em diferentes regi\u00f5es do Brasil, ele vem ganhando espa\u00e7o nas hortas caseiras e na rotina de [&hellip;]<\/p>\n","protected":false},"author":9,"featured_media":192198,"comment_status":"open","ping_status":"open","sticky":false,"template":"","format":"standard","meta":{"_yoast_wpseo_focuskw":"plantar dente-de-le\u00e3o","_yoast_wpseo_title":"","_yoast_wpseo_metadesc":"Uma planta comum das cal\u00e7adas pode ter propriedades que ajudam a digest\u00e3o e apoiam fun\u00e7\u00f5es naturais do f\u00edgado quando consumida com modera\u00e7\u00e3o.","jnews-multi-image_gallery":[],"jnews_single_post":{"format":"standard"},"jnews_primary_category":[],"jnews_social_meta":[],"jnews_override_counter":[],"footnotes":""},"categories":[119,136],"tags":[14649,6037,14648],"class_list":["post-204587","post","type-post","status-publish","format-standard","has-post-thumbnail","hentry","category-bem-estar","category-jardinagem","tag-cultivo-de-dente-de-leao","tag-dente-de-leao","tag-plantar-dente-de-leao"],"yoast_head":"<!-- This site is optimized with the Yoast SEO plugin v24.6 - https:\/\/yoast.com\/wordpress\/plugins\/seo\/ -->\n<title>A planta que nasce nas cal\u00e7adas pode ajudar na digest\u00e3o e apoiar a sa\u00fade do f\u00edgado - Correio Braziliense - Radar<\/title>\n<meta name=\"description\" content=\"Uma planta comum das cal\u00e7adas pode ter propriedades que ajudam a digest\u00e3o e apoiam fun\u00e7\u00f5es naturais do f\u00edgado quando consumida com modera\u00e7\u00e3o.\" \/>\n<meta name=\"robots\" content=\"index, follow, max-snippet:-1, max-image-preview:large, max-video-preview:-1\" \/>\n<link rel=\"canonical\" href=\"https:\/\/www.correiobraziliense.com.br\/cbradar\/a-planta-que-nasce-nas-calcadas-pode-ajudar-na-digestao-e-apoiar-a-saude-do-figado\/\" \/>\n<meta property=\"og:locale\" content=\"pt_BR\" \/>\n<meta property=\"og:type\" content=\"article\" \/>\n<meta property=\"og:title\" content=\"A planta que nasce nas cal\u00e7adas pode ajudar na digest\u00e3o e apoiar a sa\u00fade do f\u00edgado - Correio Braziliense - Radar\" \/>\n<meta property=\"og:description\" content=\"Uma planta comum das cal\u00e7adas pode ter propriedades que ajudam a digest\u00e3o e apoiam fun\u00e7\u00f5es naturais do f\u00edgado quando consumida com modera\u00e7\u00e3o.\" \/>\n<meta property=\"og:url\" content=\"https:\/\/www.correiobraziliense.com.br\/cbradar\/a-planta-que-nasce-nas-calcadas-pode-ajudar-na-digestao-e-apoiar-a-saude-do-figado\/\" \/>\n<meta property=\"og:site_name\" content=\"Correio Braziliense - Radar\" \/>\n<meta property=\"article:published_time\" content=\"2026-03-08T03:55:00+00:00\" \/>\n<meta property=\"og:image\" content=\"https:\/\/www.correiobraziliense.com.br\/cbradar\/wp-content\/uploads\/2026\/02\/Gemini_Generated_Image_z0huzsz0huzsz0hu-1.png\" \/>\n\t<meta property=\"og:image:width\" content=\"1280\" \/>\n\t<meta property=\"og:image:height\" content=\"720\" \/>\n\t<meta property=\"og:image:type\" content=\"image\/png\" \/>\n<meta name=\"author\" content=\"Daniely Cardoso\" \/>\n<meta name=\"twitter:card\" content=\"summary_large_image\" \/>\n<meta name=\"twitter:label1\" content=\"Escrito por\" \/>\n\t<meta name=\"twitter:data1\" content=\"Daniely Cardoso\" \/>\n\t<meta name=\"twitter:label2\" content=\"Est. tempo de leitura\" \/>\n\t<meta name=\"twitter:data2\" content=\"5 minutos\" \/>\n<!-- \/ Yoast SEO plugin. -->","yoast_head_json":{"title":"A planta que nasce nas cal\u00e7adas pode ajudar na digest\u00e3o e apoiar a sa\u00fade do f\u00edgado - Correio Braziliense - Radar","description":"Uma planta comum das cal\u00e7adas pode ter propriedades que ajudam a digest\u00e3o e apoiam fun\u00e7\u00f5es naturais do f\u00edgado quando consumida com modera\u00e7\u00e3o.","robots":{"index":"index","follow":"follow","max-snippet":"max-snippet:-1","max-image-preview":"max-image-preview:large","max-video-preview":"max-video-preview:-1"},"canonical":"https:\/\/www.correiobraziliense.com.br\/cbradar\/a-planta-que-nasce-nas-calcadas-pode-ajudar-na-digestao-e-apoiar-a-saude-do-figado\/","og_locale":"pt_BR","og_type":"article","og_title":"A planta que nasce nas cal\u00e7adas pode ajudar na digest\u00e3o e apoiar a sa\u00fade do f\u00edgado - Correio Braziliense - Radar","og_description":"Uma planta comum das cal\u00e7adas pode ter propriedades que ajudam a digest\u00e3o e apoiam fun\u00e7\u00f5es naturais do f\u00edgado quando consumida com modera\u00e7\u00e3o.","og_url":"https:\/\/www.correiobraziliense.com.br\/cbradar\/a-planta-que-nasce-nas-calcadas-pode-ajudar-na-digestao-e-apoiar-a-saude-do-figado\/","og_site_name":"Correio Braziliense - Radar","article_published_time":"2026-03-08T03:55:00+00:00","og_image":[{"width":1280,"height":720,"url":"https:\/\/www.correiobraziliense.com.br\/cbradar\/wp-content\/uploads\/2026\/02\/Gemini_Generated_Image_z0huzsz0huzsz0hu-1.png","type":"image\/png"}],"author":"Daniely Cardoso","twitter_card":"summary_large_image","twitter_misc":{"Escrito por":"Daniely Cardoso","Est. tempo de leitura":"5 minutos"},"schema":{"@context":"https:\/\/schema.org","@graph":[{"@type":"WebPage","@id":"https:\/\/www.correiobraziliense.com.br\/cbradar\/a-planta-que-nasce-nas-calcadas-pode-ajudar-na-digestao-e-apoiar-a-saude-do-figado\/","url":"https:\/\/www.correiobraziliense.com.br\/cbradar\/a-planta-que-nasce-nas-calcadas-pode-ajudar-na-digestao-e-apoiar-a-saude-do-figado\/","name":"A planta que nasce nas cal\u00e7adas pode ajudar na digest\u00e3o e apoiar a sa\u00fade do f\u00edgado - Correio Braziliense - Radar","isPartOf":{"@id":"https:\/\/www.correiobraziliense.com.br\/cbradar\/#website"},"primaryImageOfPage":{"@id":"https:\/\/www.correiobraziliense.com.br\/cbradar\/a-planta-que-nasce-nas-calcadas-pode-ajudar-na-digestao-e-apoiar-a-saude-do-figado\/#primaryimage"},"image":{"@id":"https:\/\/www.correiobraziliense.com.br\/cbradar\/a-planta-que-nasce-nas-calcadas-pode-ajudar-na-digestao-e-apoiar-a-saude-do-figado\/#primaryimage"},"thumbnailUrl":"https:\/\/www.correiobraziliense.com.br\/cbradar\/wp-content\/uploads\/2026\/02\/Gemini_Generated_Image_z0huzsz0huzsz0hu-1.png","datePublished":"2026-03-08T03:55:00+00:00","author":{"@id":"https:\/\/www.correiobraziliense.com.br\/cbradar\/#\/schema\/person\/7356666e12ec0ee53f348ee5db227032"},"description":"Uma planta comum das cal\u00e7adas pode ter propriedades que ajudam a digest\u00e3o e apoiam fun\u00e7\u00f5es naturais do f\u00edgado quando consumida com modera\u00e7\u00e3o.","breadcrumb":{"@id":"https:\/\/www.correiobraziliense.com.br\/cbradar\/a-planta-que-nasce-nas-calcadas-pode-ajudar-na-digestao-e-apoiar-a-saude-do-figado\/#breadcrumb"},"inLanguage":"pt-BR","potentialAction":[{"@type":"ReadAction","target":["https:\/\/www.correiobraziliense.com.br\/cbradar\/a-planta-que-nasce-nas-calcadas-pode-ajudar-na-digestao-e-apoiar-a-saude-do-figado\/"]}]},{"@type":"ImageObject","inLanguage":"pt-BR","@id":"https:\/\/www.correiobraziliense.com.br\/cbradar\/a-planta-que-nasce-nas-calcadas-pode-ajudar-na-digestao-e-apoiar-a-saude-do-figado\/#primaryimage","url":"https:\/\/www.correiobraziliense.com.br\/cbradar\/wp-content\/uploads\/2026\/02\/Gemini_Generated_Image_z0huzsz0huzsz0hu-1.png","contentUrl":"https:\/\/www.correiobraziliense.com.br\/cbradar\/wp-content\/uploads\/2026\/02\/Gemini_Generated_Image_z0huzsz0huzsz0hu-1.png","width":1280,"height":720,"caption":"No dente-de-le\u00e3o, a raiz costuma ser associada ao suporte ao f\u00edgado, e as folhas, a um leve efeito diur\u00e9tic"},{"@type":"BreadcrumbList","@id":"https:\/\/www.correiobraziliense.com.br\/cbradar\/a-planta-que-nasce-nas-calcadas-pode-ajudar-na-digestao-e-apoiar-a-saude-do-figado\/#breadcrumb","itemListElement":[{"@type":"ListItem","position":1,"name":"In\u00edcio","item":"https:\/\/www.correiobraziliense.com.br\/cbradar\/"},{"@type":"ListItem","position":2,"name":"A planta que nasce nas cal\u00e7adas pode ajudar na digest\u00e3o e apoiar a sa\u00fade do f\u00edgado"}]},{"@type":"WebSite","@id":"https:\/\/www.correiobraziliense.com.br\/cbradar\/#website","url":"https:\/\/www.correiobraziliense.com.br\/cbradar\/","name":"Correio Braziliense - Radar","description":"Acompanhe as \u00faltimas not\u00edcias e fique bem informado sobre tudo o que acontece no Brasil e no mundo.","potentialAction":[{"@type":"SearchAction","target":{"@type":"EntryPoint","urlTemplate":"https:\/\/www.correiobraziliense.com.br\/cbradar\/?s={search_term_string}"},"query-input":{"@type":"PropertyValueSpecification","valueRequired":true,"valueName":"search_term_string"}}],"inLanguage":"pt-BR"},{"@type":"Person","@id":"https:\/\/www.correiobraziliense.com.br\/cbradar\/#\/schema\/person\/7356666e12ec0ee53f348ee5db227032","name":"Daniely Cardoso","image":{"@type":"ImageObject","inLanguage":"pt-BR","@id":"https:\/\/www.correiobraziliense.com.br\/cbradar\/#\/schema\/person\/image\/","url":"https:\/\/secure.gravatar.com\/avatar\/4b80ddbd124d1f071b626d52d62e5dff?s=96&d=mm&r=g","contentUrl":"https:\/\/secure.gravatar.com\/avatar\/4b80ddbd124d1f071b626d52d62e5dff?s=96&d=mm&r=g","caption":"Daniely Cardoso"},"description":"Redatora nos portais CB Radar e EM Foco, formada pela Universidade Federal de Goi\u00e1s, em Goi\u00e2nia. Apaixonada por comunica\u00e7\u00e3o, arte, decora\u00e7\u00e3o e tend\u00eancias, atuo na produ\u00e7\u00e3o de conte\u00fados envolventes sobre curiosidades, moda, beleza e paisagismo, sempre com um olhar atento \u00e0s novidades do momento.","sameAs":["https:\/\/www.correiobraziliense.com.br\/cbradar"],"url":"https:\/\/www.correiobraziliense.com.br\/cbradar\/author\/danielymyth\/"}]}},"_links":{"self":[{"href":"https:\/\/www.correiobraziliense.com.br\/cbradar\/wp-json\/wp\/v2\/posts\/204587","targetHints":{"allow":["GET"]}}],"collection":[{"href":"https:\/\/www.correiobraziliense.com.br\/cbradar\/wp-json\/wp\/v2\/posts"}],"about":[{"href":"https:\/\/www.correiobraziliense.com.br\/cbradar\/wp-json\/wp\/v2\/types\/post"}],"author":[{"embeddable":true,"href":"https:\/\/www.correiobraziliense.com.br\/cbradar\/wp-json\/wp\/v2\/users\/9"}],"replies":[{"embeddable":true,"href":"https:\/\/www.correiobraziliense.com.br\/cbradar\/wp-json\/wp\/v2\/comments?post=204587"}],"version-history":[{"count":2,"href":"https:\/\/www.correiobraziliense.com.br\/cbradar\/wp-json\/wp\/v2\/posts\/204587\/revisions"}],"predecessor-version":[{"id":204683,"href":"https:\/\/www.correiobraziliense.com.br\/cbradar\/wp-json\/wp\/v2\/posts\/204587\/revisions\/204683"}],"wp:featuredmedia":[{"embeddable":true,"href":"https:\/\/www.correiobraziliense.com.br\/cbradar\/wp-json\/wp\/v2\/media\/192198"}],"wp:attachment":[{"href":"https:\/\/www.correiobraziliense.com.br\/cbradar\/wp-json\/wp\/v2\/media?parent=204587"}],"wp:term":[{"taxonomy":"category","embeddable":true,"href":"https:\/\/www.correiobraziliense.com.br\/cbradar\/wp-json\/wp\/v2\/categories?post=204587"},{"taxonomy":"post_tag","embeddable":true,"href":"https:\/\/www.correiobraziliense.com.br\/cbradar\/wp-json\/wp\/v2\/tags?post=204587"}],"curies":[{"name":"wp","href":"https:\/\/api.w.org\/{rel}","templated":true}]}}