{"id":204590,"date":"2026-03-08T17:35:00","date_gmt":"2026-03-08T20:35:00","guid":{"rendered":"https:\/\/www.correiobraziliense.com.br\/cbradar\/?p=204590"},"modified":"2026-03-07T11:43:25","modified_gmt":"2026-03-07T14:43:25","slug":"o-que-significa-a-frase-de-albert-einstein-a-mente-que-se-abre-a-uma-nova-ideia-jamais-volta-ao-seu-tamanho-original","status":"publish","type":"post","link":"https:\/\/www.correiobraziliense.com.br\/cbradar\/o-que-significa-a-frase-de-albert-einstein-a-mente-que-se-abre-a-uma-nova-ideia-jamais-volta-ao-seu-tamanho-original\/","title":{"rendered":"O que significa a frase de Albert Einstein: \u201cA mente que se abre a uma nova ideia jamais volta ao seu tamanho original.\u201d"},"content":{"rendered":"\n<p>A frase atribu\u00edda ao f\u00edsico <strong>Albert Einstein<\/strong> reflete a natureza irrevers\u00edvel do aprendizado humano e da expans\u00e3o da consci\u00eancia individual. Quando permitimos que conceitos inovadores entrem em nosso intelecto, a percep\u00e7\u00e3o de mundo se transforma permanentemente, impossibilitando o retorno \u00e0 ignor\u00e2ncia anterior. Esse crescimento intelectual \u00e9 o motor da evolu\u00e7\u00e3o constante na vida de todos.<\/p>\n\n\n\n<h2 class=\"wp-block-heading\">Por que o aprendizado altera a estrutura do pensamento?<\/h2>\n\n\n\n<p>Aprender algo novo cria <strong><a href=\"https:\/\/www.correiobraziliense.com.br\/cbradar\/a-frase-com-a-qual-albert-einstein-explicou-por-que-inteligencia-sem-etica-nao-e-progresso\/\" target=\"_blank\" rel=\"noreferrer noopener\">conex\u00f5es <\/a><\/strong>neurais in\u00e9ditas que reorganizam a forma como interpretamos a realidade ao nosso redor diariamente no cotidiano. Uma vez que uma nova perspectiva \u00e9 assimilada, o c\u00e9rebro deixa de operar sob as limita\u00e7\u00f5es do conhecimento antigo e ultrapassado. Essa mudan\u00e7a estrutural \u00e9 compar\u00e1vel a um horizonte que se expande infinitamente para todos.<\/p>\n\n\n\n<p>O processo de expans\u00e3o mental ocorre quando desafiamos preconceitos e aceitamos informa\u00e7\u00f5es que antes pareciam imposs\u00edveis ou complexas demais para n\u00f3s. Esse esfor\u00e7o intelectual exige coragem para abandonar zonas de conforto cognitivas e abra\u00e7ar a incerteza do desconhecido absoluto. A jornada rumo ao saber \u00e9 um caminho sem volta que redefine nossa pr\u00f3pria exist\u00eancia no universo agora.<\/p>\n\n\n\n<p>Alguns cientistas transformaram completamente a forma como entendemos o universo, e suas ideias continuam influenciando a ci\u00eancia at\u00e9 hoje. Conhecer essa trajet\u00f3ria ajuda a compreender grandes avan\u00e7os do conhecimento. No conte\u00fado do <strong>Tinocando TV<\/strong>, com 2,67 milh\u00f5es de inscritos, voc\u00ea descobre como isso aconteceu:<\/p>\n\n\n\n<figure class=\"wp-block-embed is-type-video is-provider-youtube wp-block-embed-youtube wp-embed-aspect-16-9 wp-has-aspect-ratio\"><div class=\"wp-block-embed__wrapper\">\n<div class=\"jeg_video_container jeg_video_content\"><iframe loading=\"lazy\" title=\"como ALBERT EINSTEIN MUDOU o MUNDO?\" width=\"500\" height=\"281\" src=\"https:\/\/www.youtube.com\/embed\/PtARID6WRaU?feature=oembed\" frameborder=\"0\" allow=\"accelerometer; autoplay; clipboard-write; encrypted-media; gyroscope; picture-in-picture; web-share\" referrerpolicy=\"strict-origin-when-cross-origin\" allowfullscreen><\/iframe><\/div>\n<\/div><\/figure>\n\n\n\n<h2 class=\"wp-block-heading\">Como a curiosidade impulsiona o crescimento intelectual humano?<\/h2>\n\n\n\n<p>A curiosidade funciona como o combust\u00edvel necess\u00e1rio para romper as barreiras da mesmice e buscar solu\u00e7\u00f5es criativas para problemas antigos da sociedade. Indiv\u00edduos curiosos est\u00e3o constantemente expondo suas mentes a est\u00edmulos diversos que for\u00e7am o pensamento cr\u00edtico a evoluir de maneira acelerada. Manter o interesse genu\u00edno pelo mundo \u00e9 a chave para uma <strong>vida intelectual vibrante e muito produtiva<\/strong>.<\/p>\n\n\n\n<p>Quando questionamos o funcionamento das coisas, abrimos portas para inova\u00e7\u00f5es que transformam n\u00e3o apenas nossa vida, mas toda a sociedade atual brasileira. O desejo de entender o porqu\u00ea dos fen\u00f4menos naturais e sociais nos afasta da estagna\u00e7\u00e3o mental perigosa. Cultivar essa busca incessante pela verdade permite que o intelecto se torne uma ferramenta poderosa de transforma\u00e7\u00e3o social e humana.<\/p>\n\n\n\n<h2 class=\"wp-block-heading\">Quais h\u00e1bitos ajudam a manter a mente flex\u00edvel?<\/h2>\n\n\n\n<p>Adotar uma postura de eterno aprendiz exige a pr\u00e1tica constante de atividades que estimulem o racioc\u00ednio l\u00f3gico e a criatividade pessoal sempre. Ler g\u00eaneros variados, aprender novos idiomas ou praticar medita\u00e7\u00e3o s\u00e3o formas eficientes de exercitar a plasticidade cerebral em qualquer idade. Manter o c\u00e9rebro ativo garante que a <strong>capacidade de inova\u00e7\u00e3o pessoal<\/strong> permane\u00e7a sempre em n\u00edveis elevados e saud\u00e1veis.<\/p>\n\n\n\n<p>Confira a lista abaixo:<\/p>\n\n\n\n<ul class=\"wp-block-list\">\n<li>Leitura di\u00e1ria de temas variados.<\/li>\n\n\n\n<li>Pr\u00e1tica regular de novos hobbies.<\/li>\n\n\n\n<li>Di\u00e1logo com pessoas de opini\u00f5es diferentes.<\/li>\n\n\n\n<li>Resolu\u00e7\u00e3o de desafios e quebra-cabe\u00e7as.<\/li>\n<\/ul>\n\n\n\n<h2 class=\"wp-block-heading\">Existe um limite para a expans\u00e3o da consci\u00eancia?<\/h2>\n\n\n\n<p>A mente humana possui uma capacidade de armazenamento e processamento que desafia os limites da compreens\u00e3o cient\u00edfica moderna atual em todo mundo. N\u00e3o existe um ponto final para o conhecimento, pois cada nova descoberta abre caminho para outras perguntas ainda mais profundas e instigantes. Essa continuidade garante que o <strong>processo de evolu\u00e7\u00e3o mental<\/strong> seja uma jornada eterna para a humanidade hoje.<\/p>\n\n\n\n<p>Expandir a consci\u00eancia significa tamb\u00e9m desenvolver a empatia e a compreens\u00e3o sobre as diversas realidades que comp\u00f5em o nosso mundo complexo e din\u00e2mico. Ao integrar saberes de diferentes \u00e1reas, criamos uma vis\u00e3o sist\u00eamica que favorece a resolu\u00e7\u00e3o de conflitos globais e locais de forma harmoniosa. O crescimento intelectual deve sempre estar alinhado ao desenvolvimento \u00e9tico e moral de cada cidad\u00e3o consciente agora.<\/p>\n\n\n\n<figure class=\"wp-block-image size-full\"><img decoding=\"async\" width=\"1280\" height=\"720\" src=\"https:\/\/www.correiobraziliense.com.br\/cbradar\/wp-content\/uploads\/2026\/03\/Gemini_Generated_Image_qbfjivqbfjivqbfj-1-1.png\" alt=\"O que significa a frase de Albert Einstein: \u201cA mente que se abre a uma nova ideia jamais volta ao seu tamanho original.\u201d\" class=\"wp-image-204595\" srcset=\"https:\/\/www.correiobraziliense.com.br\/cbradar\/wp-content\/uploads\/2026\/03\/Gemini_Generated_Image_qbfjivqbfjivqbfj-1-1.png 1280w, https:\/\/www.correiobraziliense.com.br\/cbradar\/wp-content\/uploads\/2026\/03\/Gemini_Generated_Image_qbfjivqbfjivqbfj-1-1-300x169.png 300w, https:\/\/www.correiobraziliense.com.br\/cbradar\/wp-content\/uploads\/2026\/03\/Gemini_Generated_Image_qbfjivqbfjivqbfj-1-1-768x432.png 768w, https:\/\/www.correiobraziliense.com.br\/cbradar\/wp-content\/uploads\/2026\/03\/Gemini_Generated_Image_qbfjivqbfjivqbfj-1-1-750x422.png 750w, https:\/\/www.correiobraziliense.com.br\/cbradar\/wp-content\/uploads\/2026\/03\/Gemini_Generated_Image_qbfjivqbfjivqbfj-1-1-1140x641.png 1140w\" sizes=\"(max-width: 1280px) 100vw, 1280px\" \/><figcaption class=\"wp-element-caption\">Uma frase atribu\u00edda a Einstein provoca reflex\u00e3o sobre aprendizado e transforma\u00e7\u00e3o da mente<\/figcaption><\/figure>\n\n\n\n<h2 class=\"wp-block-heading\">Qual a import\u00e2ncia da neuroplasticidade nesta jornada evolutiva?<\/h2>\n\n\n\n<p>A neuroplasticidade \u00e9 a habilidade biol\u00f3gica que permite ao c\u00e9rebro se adaptar e mudar conforme as experi\u00eancias vividas pelo sujeito em seu ambiente. Essa caracter\u00edstica fundamental confirma a premissa de que o aprendizado cont\u00ednuo altera fisicamente a estrutura cerebral, promovendo sa\u00fade cognitiva a longo prazo. Entender esse mecanismo biol\u00f3gico \u00e9 essencial para valorizar cada nova informa\u00e7\u00e3o que decidimos processar e absorver diariamente.<\/p>\n\n\n\n<p>Estudos publicados por institui\u00e7\u00f5es de renome mundial confirmam que o engajamento intelectual reduz o risco de doen\u00e7as neurodegenerativas severas na velhice humana. Voc\u00ea pode consultar dados t\u00e9cnicos sobre como manter a sa\u00fade do c\u00e9rebro no portal oficial da <a href=\"https:\/\/ntrs.nasa.gov\/api\/citations\/20210000804\/downloads\/CBS%20INSpresentation%20Jan24_assubmitted.pdf\" target=\"_blank\" rel=\"noreferrer noopener\">NASA<\/a> para aprofundar seu conhecimento cient\u00edfico. Investir na pr\u00f3pria educa\u00e7\u00e3o \u00e9 a melhor estrat\u00e9gia para garantir uma <strong>mente l\u00facida e resiliente<\/strong> sempre.<\/p>\n","protected":false},"excerpt":{"rendered":"<p>A frase atribu\u00edda ao f\u00edsico Albert Einstein reflete a natureza irrevers\u00edvel do aprendizado humano e da expans\u00e3o da consci\u00eancia individual. Quando permitimos que conceitos inovadores entrem em nosso intelecto, a percep\u00e7\u00e3o de mundo se transforma permanentemente, impossibilitando o retorno \u00e0 ignor\u00e2ncia anterior. Esse crescimento intelectual \u00e9 o motor da evolu\u00e7\u00e3o constante na vida de todos. [&hellip;]<\/p>\n","protected":false},"author":21,"featured_media":204594,"comment_status":"open","ping_status":"open","sticky":false,"template":"","format":"standard","meta":{"_yoast_wpseo_focuskw":"frase de einstein sobre conhecimento e expansao da mente","_yoast_wpseo_title":"","_yoast_wpseo_metadesc":"Uma frase atribu\u00edda a Albert Einstein provoca reflex\u00e3o sobre aprendizado, percep\u00e7\u00e3o e mudan\u00e7as na forma de pensar","jnews-multi-image_gallery":[],"jnews_single_post":{"format":"standard"},"jnews_primary_category":[],"jnews_social_meta":[],"jnews_override_counter":[],"footnotes":""},"categories":[112],"tags":[6125,5078,226,478],"class_list":["post-204590","post","type-post","status-publish","format-standard","has-post-thumbnail","hentry","category-curiosidades","tag-albert-einstein","tag-filosofia","tag-mundo","tag-nasa"],"yoast_head":"<!-- This site is optimized with the Yoast SEO plugin v24.6 - https:\/\/yoast.com\/wordpress\/plugins\/seo\/ -->\n<title>O que significa a frase de Albert Einstein: \u201cA mente que se abre a uma nova ideia jamais volta ao seu tamanho original.\u201d - Correio Braziliense - Radar<\/title>\n<meta name=\"description\" content=\"Uma frase atribu\u00edda a Albert Einstein provoca reflex\u00e3o sobre aprendizado, percep\u00e7\u00e3o e mudan\u00e7as na forma de pensar\" \/>\n<meta name=\"robots\" content=\"index, follow, max-snippet:-1, max-image-preview:large, max-video-preview:-1\" \/>\n<link rel=\"canonical\" href=\"https:\/\/www.correiobraziliense.com.br\/cbradar\/o-que-significa-a-frase-de-albert-einstein-a-mente-que-se-abre-a-uma-nova-ideia-jamais-volta-ao-seu-tamanho-original\/\" \/>\n<meta property=\"og:locale\" content=\"pt_BR\" \/>\n<meta property=\"og:type\" content=\"article\" \/>\n<meta property=\"og:title\" content=\"O que significa a frase de Albert Einstein: \u201cA mente que se abre a uma nova ideia jamais volta ao seu tamanho original.\u201d - Correio Braziliense - Radar\" \/>\n<meta property=\"og:description\" content=\"Uma frase atribu\u00edda a Albert Einstein provoca reflex\u00e3o sobre aprendizado, percep\u00e7\u00e3o e mudan\u00e7as na forma de pensar\" \/>\n<meta property=\"og:url\" content=\"https:\/\/www.correiobraziliense.com.br\/cbradar\/o-que-significa-a-frase-de-albert-einstein-a-mente-que-se-abre-a-uma-nova-ideia-jamais-volta-ao-seu-tamanho-original\/\" \/>\n<meta property=\"og:site_name\" content=\"Correio Braziliense - Radar\" \/>\n<meta property=\"article:published_time\" content=\"2026-03-08T20:35:00+00:00\" \/>\n<meta property=\"og:image\" content=\"https:\/\/www.correiobraziliense.com.br\/cbradar\/wp-content\/uploads\/2026\/03\/freepik__faa-a-imagem-do-albert-einstein-rosto-envelhecido-__25144-1-1.png\" \/>\n\t<meta property=\"og:image:width\" content=\"1280\" \/>\n\t<meta property=\"og:image:height\" content=\"720\" \/>\n\t<meta property=\"og:image:type\" content=\"image\/png\" \/>\n<meta name=\"author\" content=\"Patrick Silva\" \/>\n<meta name=\"twitter:card\" content=\"summary_large_image\" \/>\n<meta name=\"twitter:label1\" content=\"Escrito por\" \/>\n\t<meta name=\"twitter:data1\" content=\"Patrick Silva\" \/>\n\t<meta name=\"twitter:label2\" content=\"Est. tempo de leitura\" \/>\n\t<meta name=\"twitter:data2\" content=\"5 minutos\" \/>\n<!-- \/ Yoast SEO plugin. -->","yoast_head_json":{"title":"O que significa a frase de Albert Einstein: \u201cA mente que se abre a uma nova ideia jamais volta ao seu tamanho original.\u201d - Correio Braziliense - Radar","description":"Uma frase atribu\u00edda a Albert Einstein provoca reflex\u00e3o sobre aprendizado, percep\u00e7\u00e3o e mudan\u00e7as na forma de pensar","robots":{"index":"index","follow":"follow","max-snippet":"max-snippet:-1","max-image-preview":"max-image-preview:large","max-video-preview":"max-video-preview:-1"},"canonical":"https:\/\/www.correiobraziliense.com.br\/cbradar\/o-que-significa-a-frase-de-albert-einstein-a-mente-que-se-abre-a-uma-nova-ideia-jamais-volta-ao-seu-tamanho-original\/","og_locale":"pt_BR","og_type":"article","og_title":"O que significa a frase de Albert Einstein: \u201cA mente que se abre a uma nova ideia jamais volta ao seu tamanho original.\u201d - Correio Braziliense - Radar","og_description":"Uma frase atribu\u00edda a Albert Einstein provoca reflex\u00e3o sobre aprendizado, percep\u00e7\u00e3o e mudan\u00e7as na forma de pensar","og_url":"https:\/\/www.correiobraziliense.com.br\/cbradar\/o-que-significa-a-frase-de-albert-einstein-a-mente-que-se-abre-a-uma-nova-ideia-jamais-volta-ao-seu-tamanho-original\/","og_site_name":"Correio Braziliense - Radar","article_published_time":"2026-03-08T20:35:00+00:00","og_image":[{"width":1280,"height":720,"url":"https:\/\/www.correiobraziliense.com.br\/cbradar\/wp-content\/uploads\/2026\/03\/freepik__faa-a-imagem-do-albert-einstein-rosto-envelhecido-__25144-1-1.png","type":"image\/png"}],"author":"Patrick Silva","twitter_card":"summary_large_image","twitter_misc":{"Escrito por":"Patrick Silva","Est. tempo de leitura":"5 minutos"},"schema":{"@context":"https:\/\/schema.org","@graph":[{"@type":"WebPage","@id":"https:\/\/www.correiobraziliense.com.br\/cbradar\/o-que-significa-a-frase-de-albert-einstein-a-mente-que-se-abre-a-uma-nova-ideia-jamais-volta-ao-seu-tamanho-original\/","url":"https:\/\/www.correiobraziliense.com.br\/cbradar\/o-que-significa-a-frase-de-albert-einstein-a-mente-que-se-abre-a-uma-nova-ideia-jamais-volta-ao-seu-tamanho-original\/","name":"O que significa a frase de Albert Einstein: \u201cA mente que se abre a uma nova ideia jamais volta ao seu tamanho original.\u201d - Correio Braziliense - Radar","isPartOf":{"@id":"https:\/\/www.correiobraziliense.com.br\/cbradar\/#website"},"primaryImageOfPage":{"@id":"https:\/\/www.correiobraziliense.com.br\/cbradar\/o-que-significa-a-frase-de-albert-einstein-a-mente-que-se-abre-a-uma-nova-ideia-jamais-volta-ao-seu-tamanho-original\/#primaryimage"},"image":{"@id":"https:\/\/www.correiobraziliense.com.br\/cbradar\/o-que-significa-a-frase-de-albert-einstein-a-mente-que-se-abre-a-uma-nova-ideia-jamais-volta-ao-seu-tamanho-original\/#primaryimage"},"thumbnailUrl":"https:\/\/www.correiobraziliense.com.br\/cbradar\/wp-content\/uploads\/2026\/03\/freepik__faa-a-imagem-do-albert-einstein-rosto-envelhecido-__25144-1-1.png","datePublished":"2026-03-08T20:35:00+00:00","author":{"@id":"https:\/\/www.correiobraziliense.com.br\/cbradar\/#\/schema\/person\/5440b72be9c7eb74f446c846479dc4da"},"description":"Uma frase atribu\u00edda a Albert Einstein provoca reflex\u00e3o sobre aprendizado, percep\u00e7\u00e3o e mudan\u00e7as na forma de pensar","breadcrumb":{"@id":"https:\/\/www.correiobraziliense.com.br\/cbradar\/o-que-significa-a-frase-de-albert-einstein-a-mente-que-se-abre-a-uma-nova-ideia-jamais-volta-ao-seu-tamanho-original\/#breadcrumb"},"inLanguage":"pt-BR","potentialAction":[{"@type":"ReadAction","target":["https:\/\/www.correiobraziliense.com.br\/cbradar\/o-que-significa-a-frase-de-albert-einstein-a-mente-que-se-abre-a-uma-nova-ideia-jamais-volta-ao-seu-tamanho-original\/"]}]},{"@type":"ImageObject","inLanguage":"pt-BR","@id":"https:\/\/www.correiobraziliense.com.br\/cbradar\/o-que-significa-a-frase-de-albert-einstein-a-mente-que-se-abre-a-uma-nova-ideia-jamais-volta-ao-seu-tamanho-original\/#primaryimage","url":"https:\/\/www.correiobraziliense.com.br\/cbradar\/wp-content\/uploads\/2026\/03\/freepik__faa-a-imagem-do-albert-einstein-rosto-envelhecido-__25144-1-1.png","contentUrl":"https:\/\/www.correiobraziliense.com.br\/cbradar\/wp-content\/uploads\/2026\/03\/freepik__faa-a-imagem-do-albert-einstein-rosto-envelhecido-__25144-1-1.png","width":1280,"height":720,"caption":"Uma frase atribu\u00edda a Einstein provoca reflex\u00e3o sobre aprendizado e transforma\u00e7\u00e3o da mente"},{"@type":"BreadcrumbList","@id":"https:\/\/www.correiobraziliense.com.br\/cbradar\/o-que-significa-a-frase-de-albert-einstein-a-mente-que-se-abre-a-uma-nova-ideia-jamais-volta-ao-seu-tamanho-original\/#breadcrumb","itemListElement":[{"@type":"ListItem","position":1,"name":"In\u00edcio","item":"https:\/\/www.correiobraziliense.com.br\/cbradar\/"},{"@type":"ListItem","position":2,"name":"O que significa a frase de Albert Einstein: \u201cA mente que se abre a uma nova ideia jamais volta ao seu tamanho original.\u201d"}]},{"@type":"WebSite","@id":"https:\/\/www.correiobraziliense.com.br\/cbradar\/#website","url":"https:\/\/www.correiobraziliense.com.br\/cbradar\/","name":"Correio Braziliense - Radar","description":"Acompanhe as \u00faltimas not\u00edcias e fique bem informado sobre tudo o que acontece no Brasil e no mundo.","potentialAction":[{"@type":"SearchAction","target":{"@type":"EntryPoint","urlTemplate":"https:\/\/www.correiobraziliense.com.br\/cbradar\/?s={search_term_string}"},"query-input":{"@type":"PropertyValueSpecification","valueRequired":true,"valueName":"search_term_string"}}],"inLanguage":"pt-BR"},{"@type":"Person","@id":"https:\/\/www.correiobraziliense.com.br\/cbradar\/#\/schema\/person\/5440b72be9c7eb74f446c846479dc4da","name":"Patrick Silva","image":{"@type":"ImageObject","inLanguage":"pt-BR","@id":"https:\/\/www.correiobraziliense.com.br\/cbradar\/#\/schema\/person\/image\/","url":"https:\/\/secure.gravatar.com\/avatar\/944109df296fc087785c9715fd5f80b2?s=96&d=mm&r=g","contentUrl":"https:\/\/secure.gravatar.com\/avatar\/944109df296fc087785c9715fd5f80b2?s=96&d=mm&r=g","caption":"Patrick Silva"},"sameAs":["https:\/\/www.correiobraziliense.com.br\/cbradar\/"],"url":"https:\/\/www.correiobraziliense.com.br\/cbradar\/author\/patrick-silva\/"}]}},"_links":{"self":[{"href":"https:\/\/www.correiobraziliense.com.br\/cbradar\/wp-json\/wp\/v2\/posts\/204590","targetHints":{"allow":["GET"]}}],"collection":[{"href":"https:\/\/www.correiobraziliense.com.br\/cbradar\/wp-json\/wp\/v2\/posts"}],"about":[{"href":"https:\/\/www.correiobraziliense.com.br\/cbradar\/wp-json\/wp\/v2\/types\/post"}],"author":[{"embeddable":true,"href":"https:\/\/www.correiobraziliense.com.br\/cbradar\/wp-json\/wp\/v2\/users\/21"}],"replies":[{"embeddable":true,"href":"https:\/\/www.correiobraziliense.com.br\/cbradar\/wp-json\/wp\/v2\/comments?post=204590"}],"version-history":[{"count":3,"href":"https:\/\/www.correiobraziliense.com.br\/cbradar\/wp-json\/wp\/v2\/posts\/204590\/revisions"}],"predecessor-version":[{"id":204601,"href":"https:\/\/www.correiobraziliense.com.br\/cbradar\/wp-json\/wp\/v2\/posts\/204590\/revisions\/204601"}],"wp:featuredmedia":[{"embeddable":true,"href":"https:\/\/www.correiobraziliense.com.br\/cbradar\/wp-json\/wp\/v2\/media\/204594"}],"wp:attachment":[{"href":"https:\/\/www.correiobraziliense.com.br\/cbradar\/wp-json\/wp\/v2\/media?parent=204590"}],"wp:term":[{"taxonomy":"category","embeddable":true,"href":"https:\/\/www.correiobraziliense.com.br\/cbradar\/wp-json\/wp\/v2\/categories?post=204590"},{"taxonomy":"post_tag","embeddable":true,"href":"https:\/\/www.correiobraziliense.com.br\/cbradar\/wp-json\/wp\/v2\/tags?post=204590"}],"curies":[{"name":"wp","href":"https:\/\/api.w.org\/{rel}","templated":true}]}}