{"id":204616,"date":"2026-03-08T00:35:00","date_gmt":"2026-03-08T03:35:00","guid":{"rendered":"https:\/\/www.correiobraziliense.com.br\/cbradar\/?p=204616"},"modified":"2026-03-07T19:13:19","modified_gmt":"2026-03-07T22:13:19","slug":"por-que-sentimos-arrepios-e-o-que-acontece-no-corpo-durante-essa-reacao","status":"publish","type":"post","link":"https:\/\/www.correiobraziliense.com.br\/cbradar\/por-que-sentimos-arrepios-e-o-que-acontece-no-corpo-durante-essa-reacao\/","title":{"rendered":"Por que sentimos arrepios e o que acontece no corpo durante essa rea\u00e7\u00e3o"},"content":{"rendered":"\n<p>O arrepio, conhecido tecnicamente como piloere\u00e7\u00e3o, \u00e9 uma resposta involunt\u00e1ria do sistema nervoso aut\u00f4nomo que remonta aos nossos ancestrais biol\u00f3gicos mais distantes. Esse fen\u00f4meno ocorre quando min\u00fasculos m\u00fasculos na base de cada fol\u00edculo capilar se contraem, elevando os pelos da pele. Compreender essa rea\u00e7\u00e3o revela como o corpo humano preserva mecanismos de defesa instintivos.<\/p>\n\n\n\n<h2 class=\"wp-block-heading\">Como o corpo utiliza os arrepios para regular a temperatura?<\/h2>\n\n\n\n<p>Quando somos expostos ao frio intenso, o c\u00e9rebro envia sinais imediatos para que os m\u00fasculos eretores do pelo se contraiam rapidamente. Em mam\u00edferos com pelos densos, essa a\u00e7\u00e3o cria uma camada de ar isolante que ret\u00e9m o calor corporal pr\u00f3ximo \u00e0 pele. Nos seres humanos, embora tenhamos menos pelos, o mecanismo persiste como um <strong>vest\u00edgio evolutivo<\/strong> funcional.<\/p>\n\n\n\n<p>Essa contra\u00e7\u00e3o muscular tamb\u00e9m gera uma pequena quantidade de energia t\u00e9rmica metab\u00f3lica, auxiliando minimamente no aquecimento superficial do organismo. \u00c9 uma tentativa desesperada do sistema biol\u00f3gico de manter a homeostase em ambientes hostis e gelados. Observar essa rea\u00e7\u00e3o ajuda a identificar quando o corpo precisa de prote\u00e7\u00e3o externa adicional para evitar a <strong>hipotermia severa<\/strong> ou desconfortos t\u00e9rmicos.<\/p>\n\n\n\n<figure class=\"wp-block-image size-full\"><img decoding=\"async\" width=\"1280\" height=\"720\" src=\"https:\/\/www.correiobraziliense.com.br\/cbradar\/wp-content\/uploads\/2026\/03\/Gemini_Generated_Image_4q9bys4q9bys4q9b-1-1.png\" alt=\"Por que sentimos arrepios e o que acontece no corpo durante essa rea\u00e7\u00e3o\" class=\"wp-image-204639\" srcset=\"https:\/\/www.correiobraziliense.com.br\/cbradar\/wp-content\/uploads\/2026\/03\/Gemini_Generated_Image_4q9bys4q9bys4q9b-1-1.png 1280w, https:\/\/www.correiobraziliense.com.br\/cbradar\/wp-content\/uploads\/2026\/03\/Gemini_Generated_Image_4q9bys4q9bys4q9b-1-1-300x169.png 300w, https:\/\/www.correiobraziliense.com.br\/cbradar\/wp-content\/uploads\/2026\/03\/Gemini_Generated_Image_4q9bys4q9bys4q9b-1-1-768x432.png 768w, https:\/\/www.correiobraziliense.com.br\/cbradar\/wp-content\/uploads\/2026\/03\/Gemini_Generated_Image_4q9bys4q9bys4q9b-1-1-750x422.png 750w, https:\/\/www.correiobraziliense.com.br\/cbradar\/wp-content\/uploads\/2026\/03\/Gemini_Generated_Image_4q9bys4q9bys4q9b-1-1-1140x641.png 1140w\" sizes=\"(max-width: 1280px) 100vw, 1280px\" \/><figcaption class=\"wp-element-caption\">Arrepios surgem por frio ou emo\u00e7\u00e3o e revelam mecanismos antigos do corpo humano<\/figcaption><\/figure>\n\n\n\n<h2 class=\"wp-block-heading\">Por que emo\u00e7\u00f5es fortes disparam essa rea\u00e7\u00e3o cut\u00e2nea s\u00fabita?<\/h2>\n\n\n\n<p>Sentimentos intensos, como o medo, a alegria profunda ou a admira\u00e7\u00e3o est\u00e9tica, ativam a libera\u00e7\u00e3o s\u00fabita de adrenalina na corrente sangu\u00ednea. Esse horm\u00f4nio prepara o corpo para uma resposta de luta ou fuga, desencadeando a piloere\u00e7\u00e3o como um efeito colateral instintivo. A conex\u00e3o entre o sistema l\u00edmbico e a pele demonstra qu\u00e3o integradas est\u00e3o nossas <strong>emo\u00e7\u00f5es e fisiologia<\/strong>.<\/p>\n\n\n\n<p>Ouvir uma m\u00fasica emocionante ou presenciar um ato de coragem pode causar arrepios devido \u00e0 ativa\u00e7\u00e3o de centros de recompensa no c\u00e9rebro. Essa descarga dopamin\u00e9rgica sinaliza que o est\u00edmulo \u00e9 significativo, provocando a rea\u00e7\u00e3o f\u00edsica que percorre os bra\u00e7os e a nuca. \u00c9 uma evid\u00eancia t\u00e1til de que a mente processou algo extraordin\u00e1rio, transformando abstra\u00e7\u00f5es mentais em <strong>sensa\u00e7\u00f5es f\u00edsicas reais<\/strong>.<\/p>\n\n\n\n<h2 class=\"wp-block-heading\">Quais s\u00e3o os gatilhos biol\u00f3gicos mais comuns para os arrepios?<\/h2>\n\n\n\n<p>Existem diversos fatores que podem ativar o arco reflexo respons\u00e1vel pela eleva\u00e7\u00e3o dos pelos de forma involunt\u00e1ria e r\u00e1pida. Desde mudan\u00e7as bruscas de temperatura at\u00e9 sons estridentes que o c\u00e9rebro interpreta como amea\u00e7as potenciais ao indiv\u00edduo. Essa sensibilidade cut\u00e2nea \u00e9 uma ferramenta de monitoramento constante do ambiente que nos cerca diariamente.<\/p>\n\n\n\n<p>Confira a lista abaixo:<\/p>\n\n\n\n<ul class=\"wp-block-list\">\n<li>Queda s\u00fabita na temperatura ambiente.<\/li>\n\n\n\n<li>Est\u00edmulos sonoros agudos ou \u00e1speros.<\/li>\n\n\n\n<li>Rea\u00e7\u00f5es de medo ou sobressalto imediato.<\/li>\n\n\n\n<li>Experi\u00eancias est\u00e9ticas de alta intensidade.<\/li>\n<\/ul>\n\n\n\n<h2 class=\"wp-block-heading\">Existe uma fun\u00e7\u00e3o social por tr\u00e1s do eri\u00e7amento dos pelos?<\/h2>\n\n\n\n<p>Em outras esp\u00e9cies, o arrepio serve para fazer o animal parecer maior e mais perigoso perante predadores ou rivais territoriais. Nos humanos, embora o efeito visual seja reduzido, a rea\u00e7\u00e3o ainda comunica estados internos de vulnerabilidade ou excita\u00e7\u00e3o para outros membros do grupo. \u00c9 uma forma primitiva de <strong>linguagem corporal n\u00e3o verbal<\/strong> que precede a fala estruturada.<\/p>\n\n\n\n<p>Sentir arrepios durante uma intera\u00e7\u00e3o social pode indicar uma conex\u00e3o emp\u00e1tica profunda com a narrativa de outra pessoa presente. Essa resposta f\u00edsica valida a sinceridade da emo\u00e7\u00e3o compartilhada, fortalecendo os la\u00e7os de confian\u00e7a dentro das comunidades humanas modernas. A biologia utiliza a pele para expressar o que as palavras muitas vezes n\u00e3o conseguem transmitir com a mesma <strong>intensidade e verdade<\/strong>.<\/p>\n\n\n\n<p>No v\u00eddeo abaixo do TikTok <strong><em>Fatosdesconhecidos<\/em><\/strong>, que conta com mais de<strong><em> 8.1 milh\u00f5es<\/em><\/strong> de seguidores, ele explica por que ficamos arrepiados:<\/p>\n\n\n\n<blockquote class=\"tiktok-embed\" cite=\"https:\/\/www.tiktok.com\/@fatosdesconhecidos\/video\/7295923944756923653\" data-video-id=\"7295923944756923653\" style=\"max-width: 605px;min-width: 325px;\" > <section> <a target=\"_blank\" title=\"@fatosdesconhecidos\" href=\"https:\/\/www.tiktok.com\/@fatosdesconhecidos?refer=embed\">@fatosdesconhecidos<\/a> <p>Por que ficamos arrepiados?<\/p> <a target=\"_blank\" title=\"\u266c som original - Fatos Desconhecidos\" href=\"https:\/\/www.tiktok.com\/music\/som-original-7295923966694820613?refer=embed\">\u266c som original &#8211; Fatos Desconhecidos<\/a> <\/section> <\/blockquote> <script async src=\"https:\/\/www.tiktok.com\/embed.js\"><\/script>\n\n\n\n<p>Leia tamb\u00e9m: <a href=\"http:\/\/www.correiobraziliense.com.br\/cbradar\/wp-admin\/edit.php?s&amp;post_status=publish&amp;post_type=post&amp;action=-1&amp;m=0&amp;cat=119&amp;seo_filter&amp;readability_filter&amp;paged=1&amp;action2=-1\" target=\"_blank\" rel=\"noreferrer noopener\">Como o c\u00e9rebro controla o corpo, respira\u00e7\u00e3o, movimentos e pensamentos ao mesmo tempo<\/a><\/p>\n\n\n\n<h2 class=\"wp-block-heading\">O que a ci\u00eancia diz sobre a frequ\u00eancia dessas rea\u00e7\u00f5es?<\/h2>\n\n\n\n<p>Estudos indicam que a predisposi\u00e7\u00e3o para sentir arrepios, especialmente os causados por m\u00fasica, pode estar ligada \u00e0 estrutura das conex\u00f5es cerebrais individuais. Pessoas com volumes maiores de fibras nervosas entre o c\u00f3rtex auditivo e as \u00e1reas de processamento emocional tendem a reagir mais fisicamente. Essa varia\u00e7\u00e3o biol\u00f3gica torna a experi\u00eancia humana \u00fanica e <strong>profundamente subjetiva<\/strong> para cada indiv\u00edduo.<\/p>\n\n\n\n<p>Pesquisadores da <strong>Harvard University<\/strong> exploraram como esses picos de excita\u00e7\u00e3o influenciam a criatividade e a percep\u00e7\u00e3o est\u00e9tica de volunt\u00e1rios em laborat\u00f3rio. Compreender os mecanismos neurais por tr\u00e1s da piloere\u00e7\u00e3o ajuda a mapear como o c\u00e9rebro humano evoluiu para processar a beleza e o perigo. Para detalhes t\u00e9cnicos sobre a fisiologia do sistema nervoso aut\u00f4nomo, consulte o portal oficial do <a target=\"_blank\" rel=\"noreferrer noopener\" href=\"https:\/\/www.ncbi.nlm.nih.gov\/books\/NBK537102\/\">NIH.gov<\/a>.<\/p>\n","protected":false},"excerpt":{"rendered":"<p>O arrepio, conhecido tecnicamente como piloere\u00e7\u00e3o, \u00e9 uma resposta involunt\u00e1ria do sistema nervoso aut\u00f4nomo que remonta aos nossos ancestrais biol\u00f3gicos mais distantes. Esse fen\u00f4meno ocorre quando min\u00fasculos m\u00fasculos na base de cada fol\u00edculo capilar se contraem, elevando os pelos da pele. Compreender essa rea\u00e7\u00e3o revela como o corpo humano preserva mecanismos de defesa instintivos. Como [&hellip;]<\/p>\n","protected":false},"author":21,"featured_media":204638,"comment_status":"open","ping_status":"open","sticky":false,"template":"","format":"standard","meta":{"_yoast_wpseo_focuskw":"Porque ficamos arrepiados","_yoast_wpseo_title":"","_yoast_wpseo_metadesc":"Uma rea\u00e7\u00e3o curiosa da pele pode surgir com frio, medo ou emo\u00e7\u00e3o intensa e revela mecanismos antigos do corpo humano","jnews-multi-image_gallery":[],"jnews_single_post":{"format":"standard"},"jnews_primary_category":[],"jnews_social_meta":[],"jnews_override_counter":[],"footnotes":""},"categories":[119],"tags":[15860,13302,2339,3559],"class_list":["post-204616","post","type-post","status-publish","format-standard","has-post-thumbnail","hentry","category-bem-estar","tag-arrepiar","tag-arrepio","tag-corpo","tag-corpo-humano"],"yoast_head":"<!-- This site is optimized with the Yoast SEO plugin v24.6 - https:\/\/yoast.com\/wordpress\/plugins\/seo\/ -->\n<title>Por que sentimos arrepios e o que acontece no corpo durante essa rea\u00e7\u00e3o - Correio Braziliense - Radar<\/title>\n<meta name=\"description\" content=\"Uma rea\u00e7\u00e3o curiosa da pele pode surgir com frio, medo ou emo\u00e7\u00e3o intensa e revela mecanismos antigos do corpo humano\" \/>\n<meta name=\"robots\" content=\"index, follow, max-snippet:-1, max-image-preview:large, max-video-preview:-1\" \/>\n<link rel=\"canonical\" href=\"https:\/\/www.correiobraziliense.com.br\/cbradar\/por-que-sentimos-arrepios-e-o-que-acontece-no-corpo-durante-essa-reacao\/\" \/>\n<meta property=\"og:locale\" content=\"pt_BR\" \/>\n<meta property=\"og:type\" content=\"article\" \/>\n<meta property=\"og:title\" content=\"Por que sentimos arrepios e o que acontece no corpo durante essa rea\u00e7\u00e3o - Correio Braziliense - Radar\" \/>\n<meta property=\"og:description\" content=\"Uma rea\u00e7\u00e3o curiosa da pele pode surgir com frio, medo ou emo\u00e7\u00e3o intensa e revela mecanismos antigos do corpo humano\" \/>\n<meta property=\"og:url\" content=\"https:\/\/www.correiobraziliense.com.br\/cbradar\/por-que-sentimos-arrepios-e-o-que-acontece-no-corpo-durante-essa-reacao\/\" \/>\n<meta property=\"og:site_name\" content=\"Correio Braziliense - Radar\" \/>\n<meta property=\"article:published_time\" content=\"2026-03-08T03:35:00+00:00\" \/>\n<meta property=\"og:image\" content=\"https:\/\/www.correiobraziliense.com.br\/cbradar\/wp-content\/uploads\/2026\/03\/Gemini_Generated_Image_i2peh2i2peh2i2pe-1.png\" \/>\n\t<meta property=\"og:image:width\" content=\"1400\" \/>\n\t<meta property=\"og:image:height\" content=\"764\" \/>\n\t<meta property=\"og:image:type\" content=\"image\/png\" \/>\n<meta name=\"author\" content=\"Patrick Silva\" \/>\n<meta name=\"twitter:card\" content=\"summary_large_image\" \/>\n<meta name=\"twitter:label1\" content=\"Escrito por\" \/>\n\t<meta name=\"twitter:data1\" content=\"Patrick Silva\" \/>\n\t<meta name=\"twitter:label2\" content=\"Est. tempo de leitura\" \/>\n\t<meta name=\"twitter:data2\" content=\"5 minutos\" \/>\n<!-- \/ Yoast SEO plugin. -->","yoast_head_json":{"title":"Por que sentimos arrepios e o que acontece no corpo durante essa rea\u00e7\u00e3o - Correio Braziliense - Radar","description":"Uma rea\u00e7\u00e3o curiosa da pele pode surgir com frio, medo ou emo\u00e7\u00e3o intensa e revela mecanismos antigos do corpo humano","robots":{"index":"index","follow":"follow","max-snippet":"max-snippet:-1","max-image-preview":"max-image-preview:large","max-video-preview":"max-video-preview:-1"},"canonical":"https:\/\/www.correiobraziliense.com.br\/cbradar\/por-que-sentimos-arrepios-e-o-que-acontece-no-corpo-durante-essa-reacao\/","og_locale":"pt_BR","og_type":"article","og_title":"Por que sentimos arrepios e o que acontece no corpo durante essa rea\u00e7\u00e3o - Correio Braziliense - Radar","og_description":"Uma rea\u00e7\u00e3o curiosa da pele pode surgir com frio, medo ou emo\u00e7\u00e3o intensa e revela mecanismos antigos do corpo humano","og_url":"https:\/\/www.correiobraziliense.com.br\/cbradar\/por-que-sentimos-arrepios-e-o-que-acontece-no-corpo-durante-essa-reacao\/","og_site_name":"Correio Braziliense - Radar","article_published_time":"2026-03-08T03:35:00+00:00","og_image":[{"width":1400,"height":764,"url":"https:\/\/www.correiobraziliense.com.br\/cbradar\/wp-content\/uploads\/2026\/03\/Gemini_Generated_Image_i2peh2i2peh2i2pe-1.png","type":"image\/png"}],"author":"Patrick Silva","twitter_card":"summary_large_image","twitter_misc":{"Escrito por":"Patrick Silva","Est. tempo de leitura":"5 minutos"},"schema":{"@context":"https:\/\/schema.org","@graph":[{"@type":"WebPage","@id":"https:\/\/www.correiobraziliense.com.br\/cbradar\/por-que-sentimos-arrepios-e-o-que-acontece-no-corpo-durante-essa-reacao\/","url":"https:\/\/www.correiobraziliense.com.br\/cbradar\/por-que-sentimos-arrepios-e-o-que-acontece-no-corpo-durante-essa-reacao\/","name":"Por que sentimos arrepios e o que acontece no corpo durante essa rea\u00e7\u00e3o - Correio Braziliense - Radar","isPartOf":{"@id":"https:\/\/www.correiobraziliense.com.br\/cbradar\/#website"},"primaryImageOfPage":{"@id":"https:\/\/www.correiobraziliense.com.br\/cbradar\/por-que-sentimos-arrepios-e-o-que-acontece-no-corpo-durante-essa-reacao\/#primaryimage"},"image":{"@id":"https:\/\/www.correiobraziliense.com.br\/cbradar\/por-que-sentimos-arrepios-e-o-que-acontece-no-corpo-durante-essa-reacao\/#primaryimage"},"thumbnailUrl":"https:\/\/www.correiobraziliense.com.br\/cbradar\/wp-content\/uploads\/2026\/03\/Gemini_Generated_Image_i2peh2i2peh2i2pe-1.png","datePublished":"2026-03-08T03:35:00+00:00","author":{"@id":"https:\/\/www.correiobraziliense.com.br\/cbradar\/#\/schema\/person\/5440b72be9c7eb74f446c846479dc4da"},"description":"Uma rea\u00e7\u00e3o curiosa da pele pode surgir com frio, medo ou emo\u00e7\u00e3o intensa e revela mecanismos antigos do corpo humano","breadcrumb":{"@id":"https:\/\/www.correiobraziliense.com.br\/cbradar\/por-que-sentimos-arrepios-e-o-que-acontece-no-corpo-durante-essa-reacao\/#breadcrumb"},"inLanguage":"pt-BR","potentialAction":[{"@type":"ReadAction","target":["https:\/\/www.correiobraziliense.com.br\/cbradar\/por-que-sentimos-arrepios-e-o-que-acontece-no-corpo-durante-essa-reacao\/"]}]},{"@type":"ImageObject","inLanguage":"pt-BR","@id":"https:\/\/www.correiobraziliense.com.br\/cbradar\/por-que-sentimos-arrepios-e-o-que-acontece-no-corpo-durante-essa-reacao\/#primaryimage","url":"https:\/\/www.correiobraziliense.com.br\/cbradar\/wp-content\/uploads\/2026\/03\/Gemini_Generated_Image_i2peh2i2peh2i2pe-1.png","contentUrl":"https:\/\/www.correiobraziliense.com.br\/cbradar\/wp-content\/uploads\/2026\/03\/Gemini_Generated_Image_i2peh2i2peh2i2pe-1.png","width":1400,"height":764,"caption":"Arrepios surgem por frio ou emo\u00e7\u00e3o e revelam mecanismos antigos do corpo humano"},{"@type":"BreadcrumbList","@id":"https:\/\/www.correiobraziliense.com.br\/cbradar\/por-que-sentimos-arrepios-e-o-que-acontece-no-corpo-durante-essa-reacao\/#breadcrumb","itemListElement":[{"@type":"ListItem","position":1,"name":"In\u00edcio","item":"https:\/\/www.correiobraziliense.com.br\/cbradar\/"},{"@type":"ListItem","position":2,"name":"Por que sentimos arrepios e o que acontece no corpo durante essa rea\u00e7\u00e3o"}]},{"@type":"WebSite","@id":"https:\/\/www.correiobraziliense.com.br\/cbradar\/#website","url":"https:\/\/www.correiobraziliense.com.br\/cbradar\/","name":"Correio Braziliense - Radar","description":"Acompanhe as \u00faltimas not\u00edcias e fique bem informado sobre tudo o que acontece no Brasil e no mundo.","potentialAction":[{"@type":"SearchAction","target":{"@type":"EntryPoint","urlTemplate":"https:\/\/www.correiobraziliense.com.br\/cbradar\/?s={search_term_string}"},"query-input":{"@type":"PropertyValueSpecification","valueRequired":true,"valueName":"search_term_string"}}],"inLanguage":"pt-BR"},{"@type":"Person","@id":"https:\/\/www.correiobraziliense.com.br\/cbradar\/#\/schema\/person\/5440b72be9c7eb74f446c846479dc4da","name":"Patrick Silva","image":{"@type":"ImageObject","inLanguage":"pt-BR","@id":"https:\/\/www.correiobraziliense.com.br\/cbradar\/#\/schema\/person\/image\/","url":"https:\/\/secure.gravatar.com\/avatar\/944109df296fc087785c9715fd5f80b2?s=96&d=mm&r=g","contentUrl":"https:\/\/secure.gravatar.com\/avatar\/944109df296fc087785c9715fd5f80b2?s=96&d=mm&r=g","caption":"Patrick Silva"},"sameAs":["https:\/\/www.correiobraziliense.com.br\/cbradar\/"],"url":"https:\/\/www.correiobraziliense.com.br\/cbradar\/author\/patrick-silva\/"}]}},"_links":{"self":[{"href":"https:\/\/www.correiobraziliense.com.br\/cbradar\/wp-json\/wp\/v2\/posts\/204616","targetHints":{"allow":["GET"]}}],"collection":[{"href":"https:\/\/www.correiobraziliense.com.br\/cbradar\/wp-json\/wp\/v2\/posts"}],"about":[{"href":"https:\/\/www.correiobraziliense.com.br\/cbradar\/wp-json\/wp\/v2\/types\/post"}],"author":[{"embeddable":true,"href":"https:\/\/www.correiobraziliense.com.br\/cbradar\/wp-json\/wp\/v2\/users\/21"}],"replies":[{"embeddable":true,"href":"https:\/\/www.correiobraziliense.com.br\/cbradar\/wp-json\/wp\/v2\/comments?post=204616"}],"version-history":[{"count":1,"href":"https:\/\/www.correiobraziliense.com.br\/cbradar\/wp-json\/wp\/v2\/posts\/204616\/revisions"}],"predecessor-version":[{"id":204640,"href":"https:\/\/www.correiobraziliense.com.br\/cbradar\/wp-json\/wp\/v2\/posts\/204616\/revisions\/204640"}],"wp:featuredmedia":[{"embeddable":true,"href":"https:\/\/www.correiobraziliense.com.br\/cbradar\/wp-json\/wp\/v2\/media\/204638"}],"wp:attachment":[{"href":"https:\/\/www.correiobraziliense.com.br\/cbradar\/wp-json\/wp\/v2\/media?parent=204616"}],"wp:term":[{"taxonomy":"category","embeddable":true,"href":"https:\/\/www.correiobraziliense.com.br\/cbradar\/wp-json\/wp\/v2\/categories?post=204616"},{"taxonomy":"post_tag","embeddable":true,"href":"https:\/\/www.correiobraziliense.com.br\/cbradar\/wp-json\/wp\/v2\/tags?post=204616"}],"curies":[{"name":"wp","href":"https:\/\/api.w.org\/{rel}","templated":true}]}}