{"id":204674,"date":"2026-03-07T14:05:00","date_gmt":"2026-03-07T17:05:00","guid":{"rendered":"https:\/\/www.correiobraziliense.com.br\/cbradar\/?p=204674"},"modified":"2026-03-07T13:56:58","modified_gmt":"2026-03-07T16:56:58","slug":"com-490-anos-esta-cidade-brasileira-e-uma-das-mais-antigas-do-brasil-e-surpreende-pela-qualidade-de-vida-a-beira-mar","status":"publish","type":"post","link":"https:\/\/www.correiobraziliense.com.br\/cbradar\/com-490-anos-esta-cidade-brasileira-e-uma-das-mais-antigas-do-brasil-e-surpreende-pela-qualidade-de-vida-a-beira-mar\/","title":{"rendered":"Com 490 anos, esta cidade brasileira \u00e9 uma das mais antigas do Brasil e surpreende pela qualidade de vida \u00e0 beira-mar"},"content":{"rendered":"\n<p>A brisa do mar entra pela janela o ano inteiro. <strong>Vila Velha<\/strong>, no litoral do <strong>Esp\u00edrito Santo<\/strong>, nasceu em <strong>1535<\/strong> como a primeira capital da capitania e hoje oferece ao morador o que poucas cidades brasileiras conseguem reunir: praia a poucos passos de casa, infraestrutura urbana completa e um dos maiores IDH do estado.<\/p>\n\n\n\n<h2 class=\"wp-block-heading\">A cidade mais antiga do Esp\u00edrito Santo ainda dita o ritmo<\/h2>\n\n\n\n<p>O donat\u00e1rio portugu\u00eas <strong>Vasco Fernandes Coutinho<\/strong> desembarcou na <strong>Prainha<\/strong> em 23 de maio de 1535, a bordo da caravela Gl\u00f3ria, acompanhado por cerca de 60 homens. Era oitava de Pentecostes, e ele batizou a terra de <strong>Esp\u00edrito Santo<\/strong>. A vila serviu como sede da capitania at\u00e9 <strong>1549<\/strong>, quando a capital foi transferida para <strong>Vit\u00f3ria<\/strong>. Desde ent\u00e3o, o povoado original passou a ser chamado de Vila Velha.<\/p>\n\n\n\n<p>O gent\u00edlico popular nasceu nesse per\u00edodo: os tupiniquins estranhavam as canelas manchadas pela lama escura do mangue (ou as meias verdes dos navegadores) e come\u00e7aram a chamar os portugueses de &#8220;canelas-verdes&#8221;. Hoje, o vilavelhense carrega o apelido com orgulho, e a express\u00e3o batiza eventos, times e marcas locais.<\/p>\n\n\n<div class=\"wp-block-image\">\n<figure class=\"aligncenter size-large\"><img decoding=\"async\" width=\"1024\" height=\"576\" src=\"https:\/\/www.correiobraziliense.com.br\/cbradar\/wp-content\/uploads\/2025\/12\/G-2025-12-10T014725.069-1024x576.png\" alt=\"Uma cidade fundada em 1535 une casar\u00f5es hist\u00f3ricos e modernidade, atraindo investimentos pr\u00f3ximos \u00e0s orlas com muita qualidade de vida\" class=\"wp-image-153714\" srcset=\"https:\/\/www.correiobraziliense.com.br\/cbradar\/wp-content\/uploads\/2025\/12\/G-2025-12-10T014725.069-1024x576.png 1024w, https:\/\/www.correiobraziliense.com.br\/cbradar\/wp-content\/uploads\/2025\/12\/G-2025-12-10T014725.069-300x169.png 300w, https:\/\/www.correiobraziliense.com.br\/cbradar\/wp-content\/uploads\/2025\/12\/G-2025-12-10T014725.069-768x432.png 768w, https:\/\/www.correiobraziliense.com.br\/cbradar\/wp-content\/uploads\/2025\/12\/G-2025-12-10T014725.069-750x422.png 750w, https:\/\/www.correiobraziliense.com.br\/cbradar\/wp-content\/uploads\/2025\/12\/G-2025-12-10T014725.069-1140x641.png 1140w, https:\/\/www.correiobraziliense.com.br\/cbradar\/wp-content\/uploads\/2025\/12\/G-2025-12-10T014725.069.png 1280w\" sizes=\"(max-width: 1024px) 100vw, 1024px\" \/><figcaption class=\"wp-element-caption\">Vila Velha vem se consolidando como um dos principais destinos capixabas, combinando vida de cidade grande com atrativos religiosos, culturais e de praia. \/\/ Cr\u00e9ditos: YouTube @feliipe.resende<\/figcaption><\/figure><\/div>\n\n\n<h2 class=\"wp-block-heading\">Como \u00e9 o cotidiano de quem mora na cidade canela-verde?<\/h2>\n\n\n\n<p>Vila Velha tem cerca de 506 mil habitantes distribu\u00eddos em mais de 90 bairros, com 99,5% da popula\u00e7\u00e3o vivendo em zona urbana. O IDH municipal \u00e9 de 0,800, o segundo mais alto do estado. A cidade fica a apenas 14 km de Vit\u00f3ria pela <strong>Terceira Ponte<\/strong>, o que d\u00e1 acesso r\u00e1pido ao aeroporto, hospitais de refer\u00eancia e universidades da capital.<\/p>\n\n\n\n<p>Bairros como <strong>Praia da Costa<\/strong>, <strong>Itapo\u00e3<\/strong> e <strong>Itaparica<\/strong> concentram escolas, shoppings, supermercados e cal\u00e7ad\u00f5es \u00e0 beira-mar. A rotina do morador mistura o ritmo de cidade grande com o h\u00e1bito de caminhar na orla ao fim do dia. O custo de vida costuma ser mais acess\u00edvel que o da vizinha Vit\u00f3ria, e o mercado imobili\u00e1rio vive fase de forte valoriza\u00e7\u00e3o: em 2024, Vila Velha registrou a segunda maior alta de pre\u00e7o por metro quadrado do pa\u00eds, segundo o \u00edndice <strong>FipeZap<\/strong>.<\/p>\n\n\n\n<p><strong>Vila Velha \u00e9 um destino capixaba que une qualidade de vida, praias paradis\u00edacas e uma infraestrutura completa.<\/strong> O v\u00eddeo \u00e9 do canal <strong>Cidades do Interior,<\/strong> que conta com mais de <strong>73 mil inscritos<\/strong>, e apresenta 10 motivos para escolher a cidade como lar, destacando o Convento da Penha, a famosa f\u00e1brica de chocolates da Garoto e o alto IDH da regi\u00e3o:<\/p>\n\n\n\n<figure class=\"wp-block-embed aligncenter is-type-video is-provider-youtube wp-block-embed-youtube wp-embed-aspect-16-9 wp-has-aspect-ratio\"><div class=\"wp-block-embed__wrapper\">\n<div class=\"jeg_video_container jeg_video_content\"><iframe loading=\"lazy\" title=\"10 MOTIVOS PARA MORAR EM VILA VELHA - ES\" width=\"500\" height=\"281\" src=\"https:\/\/www.youtube.com\/embed\/NZVUz43oZTg?feature=oembed\" frameborder=\"0\" allow=\"accelerometer; autoplay; clipboard-write; encrypted-media; gyroscope; picture-in-picture; web-share\" referrerpolicy=\"strict-origin-when-cross-origin\" allowfullscreen><\/iframe><\/div>\n<\/div><\/figure>\n\n\n\n<h2 class=\"wp-block-heading\">O que o morador faz no tempo livre?<\/h2>\n\n\n\n<p>S\u00e3o 32 km de litoral recortados por praias urbanas e trechos de restinga preservada. A cidade oferece op\u00e7\u00f5es para todos os perfis.<\/p>\n\n\n\n<ul class=\"wp-block-list\">\n<li><strong>Praia da Costa<\/strong>: cal\u00e7ad\u00e3o movimentado, quiosques, ciclovia e vista para o <strong>Morro do Moreno<\/strong>, onde moradores praticam trilha e rapel.<\/li>\n\n\n\n<li><strong>Convento da Penha<\/strong>: erguido a partir de 1558 no alto de um penhasco de 154 metros, \u00e9 o principal monumento religioso do estado, <a href=\"http:\/\/portal.iphan.gov.br\/pagina\/detalhes\/1363\/\" target=\"_blank\" rel=\"noreferrer noopener\"><strong>tombado pelo IPHAN em 1943<\/strong><\/a>. Atrai mais de 3 milh\u00f5es de visitantes por ano e abriga a Festa da Penha, quando cerca de 700 mil fi\u00e9is percorrem 14 km em romaria.<\/li>\n\n\n\n<li><strong>Farol de Santa Luzia<\/strong>: cart\u00e3o-postal do s\u00e9culo XIX, com mirante para a ba\u00eda de Vit\u00f3ria.<\/li>\n\n\n\n<li><strong>Museu da Garoto<\/strong>: a f\u00e1brica de chocolates nasceu em Vila Velha e oferece visitas guiadas com degusta\u00e7\u00e3o. O aroma doce se espalha pelo bairro da <strong>Gl\u00f3ria<\/strong>.<\/li>\n\n\n\n<li><strong>Parque Natural Municipal de Jacarenema<\/strong>: \u00e1rea de restinga e manguezal preservada, com trilhas ecol\u00f3gicas a poucos minutos do centro.<\/li>\n<\/ul>\n\n\n\n<h2 class=\"wp-block-heading\">Que sabores fazem parte da mesa capixaba?<\/h2>\n\n\n\n<p>A gastronomia de Vila Velha reflete a tradi\u00e7\u00e3o litor\u00e2nea do Esp\u00edrito Santo. Os restaurantes da orla e da Prainha servem pratos que misturam heran\u00e7a ind\u00edgena e influ\u00eancia portuguesa.<\/p>\n\n\n\n<ul class=\"wp-block-list\">\n<li><strong>Moqueca capixaba<\/strong>: diferente da baiana, n\u00e3o leva azeite de dend\u00ea nem leite de coco. Vai panela de barro, urucum e peixe fresco.<\/li>\n\n\n\n<li><strong>Torta capixaba<\/strong>: receita tradicional da Semana Santa, feita com frutos do mar, palmito e ovos.<\/li>\n\n\n\n<li><strong>Pero\u00e1 frito<\/strong>: peixe t\u00edpico da regi\u00e3o, servido inteiro e crocante nos quiosques de praia.<\/li>\n<\/ul>\n\n\n\n<p><strong>Leia tamb\u00e9m: <a href=\"https:\/\/www.correiobraziliense.com.br\/cbradar\/substituto-da-cortina-de-vidro-a-pelicula-inteligente-que-fica-opaca-com-um-clique-e-garante-privacidade-total\/\" target=\"_blank\" rel=\"noreferrer noopener\">Substituto da cortina de vidro: a pel\u00edcula inteligente que fica opaca com um clique e garante privacidade total.<\/a><\/strong><\/p>\n\n\n<div class=\"wp-block-image\">\n<figure class=\"aligncenter size-large\"><img decoding=\"async\" width=\"1024\" height=\"576\" src=\"https:\/\/www.correiobraziliense.com.br\/cbradar\/wp-content\/uploads\/2025\/12\/G-2025-12-10T014823.151-1024x576.png\" alt=\"Essa ilha quase secreta fica a uma hora de S\u00e3o Paulo e chama aten\u00e7\u00e3o ao oferecer uma vida mais leve com qualidade de vida exemplar no Brasil\" class=\"wp-image-153713\" srcset=\"https:\/\/www.correiobraziliense.com.br\/cbradar\/wp-content\/uploads\/2025\/12\/G-2025-12-10T014823.151-1024x576.png 1024w, https:\/\/www.correiobraziliense.com.br\/cbradar\/wp-content\/uploads\/2025\/12\/G-2025-12-10T014823.151-300x169.png 300w, https:\/\/www.correiobraziliense.com.br\/cbradar\/wp-content\/uploads\/2025\/12\/G-2025-12-10T014823.151-768x432.png 768w, https:\/\/www.correiobraziliense.com.br\/cbradar\/wp-content\/uploads\/2025\/12\/G-2025-12-10T014823.151-750x422.png 750w, https:\/\/www.correiobraziliense.com.br\/cbradar\/wp-content\/uploads\/2025\/12\/G-2025-12-10T014823.151-1140x641.png 1140w, https:\/\/www.correiobraziliense.com.br\/cbradar\/wp-content\/uploads\/2025\/12\/G-2025-12-10T014823.151.png 1280w\" sizes=\"(max-width: 1024px) 100vw, 1024px\" \/><figcaption class=\"wp-element-caption\">A proximidade com Vit\u00f3ria e o f\u00e1cil acesso pela Terceira Ponte fazem de Vila Velha uma base pr\u00e1tica tanto para morar quanto para explorar o litoral capixaba. \/\/ Cr\u00e9ditos: YouTube @feliipe.resende<\/figcaption><\/figure><\/div>\n\n\n<h2 class=\"wp-block-heading\">Quando o clima favorece cada tipo de programa?<\/h2>\n\n\n\n<p>O clima tropical quente garante temperaturas agrad\u00e1veis o ano inteiro. A brisa mar\u00edtima suaviza o calor mesmo nos meses mais quentes.<\/p>\n\n\n\n<div class=\"google-auto-ads-ignore\" style=\"font-family: 'Segoe UI', Roboto, Helvetica, Arial, sans-serif; max-width: 900px; margin: 10px auto; display: flex; flex-wrap: wrap; gap: 12px; justify-content: center;\">\n\n  <div style=\"flex: 1 1 200px; background: #ffffff; border-radius: 12px; border: 1px solid #bfdbfe; box-shadow: 0 2px 10px rgba(37, 99, 235, 0.05); overflow: hidden; display: flex; flex-direction: column;\">\n    <div style=\"background: #eff6ff; padding: 10px; border-bottom: 1px solid #dbeafe; display: flex; align-items: center; gap: 8px;\">\n      <div style=\"background: #2563eb; padding: 4px; border-radius: 6px; display: flex;\">\n        <svg width=\"14\" height=\"14\" viewBox=\"0 0 24 24\" fill=\"none\" stroke=\"#ffffff\" stroke-width=\"3\" stroke-linecap=\"round\" stroke-linejoin=\"round\"><circle cx=\"12\" cy=\"12\" r=\"5\"\/><line x1=\"12\" y1=\"1\" x2=\"12\" y2=\"3\"\/><line x1=\"12\" y1=\"21\" x2=\"12\" y2=\"23\"\/><line x1=\"4.22\" y1=\"4.22\" x2=\"5.64\" y2=\"5.64\"\/><line x1=\"18.36\" y1=\"18.36\" x2=\"19.78\" y2=\"19.78\"\/><line x1=\"1\" y1=\"12\" x2=\"3\" y2=\"12\"\/><line x1=\"21\" y1=\"12\" x2=\"23\" y2=\"12\"\/><\/svg>\n      <\/div>\n      <span style=\"font-size: 0.75rem; font-weight: 800; color: #1e3a8a; letter-spacing: 0.05em;\">VER\u00c3O<\/span>\n    <\/div>\n    <div style=\"padding: 12px; text-align: center;\">\n      <div style=\"font-size: 0.7rem; color: #1d4ed8; font-weight: 700;\">DEZ &#8211; FEV<\/div>\n      <div style=\"font-size: 1.2rem; font-weight: 900; color: #2563eb; margin: 2px 0;\">24-32\u00b0C<\/div>\n      <div style=\"font-size: 0.8rem; color: #1e293b; line-height: 1.3;\">Chuva alta. Aproveite as <strong>praias e trilhas<\/strong> logo cedo para evitar o calor e as pancadas da tarde.<\/div>\n    <\/div>\n  <\/div>\n\n  <div style=\"flex: 1 1 200px; background: #ffffff; border-radius: 12px; border: 1px solid #bfdbfe; box-shadow: 0 2px 10px rgba(37, 99, 235, 0.05); overflow: hidden; display: flex; flex-direction: column;\">\n    <div style=\"background: #eff6ff; padding: 10px; border-bottom: 1px solid #dbeafe; display: flex; align-items: center; gap: 8px;\">\n      <div style=\"background: #2563eb; padding: 4px; border-radius: 6px; display: flex;\">\n        <svg width=\"14\" height=\"14\" viewBox=\"0 0 24 24\" fill=\"none\" stroke=\"#ffffff\" stroke-width=\"3\" stroke-linecap=\"round\" stroke-linejoin=\"round\"><path d=\"M12 2L2 7l10 5 10-5-10-5zM2 17l10 5 10-5M2 12l10 5 10-5\"\/><\/svg>\n      <\/div>\n      <span style=\"font-size: 0.75rem; font-weight: 800; color: #1e3a8a; letter-spacing: 0.05em;\">OUTONO<\/span>\n    <\/div>\n    <div style=\"padding: 12px; text-align: center;\">\n      <div style=\"font-size: 0.7rem; color: #1d4ed8; font-weight: 700;\">MAR &#8211; MAI<\/div>\n      <div style=\"font-size: 1.2rem; font-weight: 900; color: #2563eb; margin: 2px 0;\">22-30\u00b0C<\/div>\n      <div style=\"font-size: 0.8rem; color: #1e293b; line-height: 1.3;\">Chuva m\u00e9dia. Clima ideal para subir ao <strong>Convento da Penha<\/strong> e visitar os <strong>museus<\/strong>.<\/div>\n    <\/div>\n  <\/div>\n\n  <div style=\"flex: 1 1 200px; background: #ffffff; border-radius: 12px; border: 1px solid #bfdbfe; box-shadow: 0 2px 10px rgba(37, 99, 235, 0.05); overflow: hidden; display: flex; flex-direction: column;\">\n    <div style=\"background: #eff6ff; padding: 10px; border-bottom: 1px solid #dbeafe; display: flex; align-items: center; gap: 8px;\">\n      <div style=\"background: #2563eb; padding: 4px; border-radius: 6px; display: flex;\">\n        <svg width=\"14\" height=\"14\" viewBox=\"0 0 24 24\" fill=\"none\" stroke=\"#ffffff\" stroke-width=\"3\" stroke-linecap=\"round\" stroke-linejoin=\"round\"><path d=\"M12 3a6 6 0 0 0 9 9 9 9 0 1 1-9-9Z\"\/><path d=\"M19 3v4\"\/><path d=\"M21 5h-4\"\/><\/svg>\n      <\/div>\n      <span style=\"font-size: 0.75rem; font-weight: 800; color: #1e3a8a; letter-spacing: 0.05em;\">INVERNO<\/span>\n    <\/div>\n    <div style=\"padding: 12px; text-align: center;\">\n      <div style=\"font-size: 0.7rem; color: #1d4ed8; font-weight: 700;\">JUN &#8211; AGO<\/div>\n      <div style=\"font-size: 1.2rem; font-weight: 900; color: #2563eb; margin: 2px 0;\">18-26\u00b0C<\/div>\n      <div style=\"font-size: 0.8rem; color: #1e293b; line-height: 1.3;\">Chuva baixa. Esta\u00e7\u00e3o firme e agrad\u00e1vel para <strong>caminhadas na orla<\/strong> e desfrutar da <strong>gastronomia<\/strong> capixaba.<\/div>\n    <\/div>\n  <\/div>\n\n  <div style=\"flex: 1 1 200px; background: #ffffff; border-radius: 12px; border: 1px solid #bfdbfe; box-shadow: 0 2px 10px rgba(37, 99, 235, 0.05); overflow: hidden; display: flex; flex-direction: column;\">\n    <div style=\"background: #eff6ff; padding: 10px; border-bottom: 1px solid #dbeafe; display: flex; align-items: center; gap: 10px;\">\n      <div style=\"background: #2563eb; padding: 4px; border-radius: 6px; display: flex;\">\n        <svg width=\"14\" height=\"14\" viewBox=\"0 0 24 24\" fill=\"none\" stroke=\"#ffffff\" stroke-width=\"3\" stroke-linecap=\"round\" stroke-linejoin=\"round\"><path d=\"M12 7.5V21m-4.5-9L12 21l4.5-9\"\/><\/svg>\n      <\/div>\n      <span style=\"font-size: 0.75rem; font-weight: 800; color: #1e3a8a; letter-spacing: 0.05em;\">PRIMAVERA<\/span>\n    <\/div>\n    <div style=\"padding: 12px; text-align: center;\">\n      <div style=\"font-size: 0.7rem; color: #1d4ed8; font-weight: 700;\">SET &#8211; NOV<\/div>\n      <div style=\"font-size: 1.2rem; font-weight: 900; color: #2563eb; margin: 2px 0;\">21-29\u00b0C<\/div>\n      <div style=\"font-size: 0.8rem; color: #1e293b; line-height: 1.3;\">Chuva m\u00e9dia. Esta\u00e7\u00e3o perfeita para explorar os <strong>parques naturais<\/strong> e praticar <strong>ciclismo<\/strong>.<\/div>\n    <\/div>\n  <\/div>\n\n<\/div>\n\n\n\n<p><em>Temperaturas aproximadas com base no <a href=\"https:\/\/www.climatempo.com.br\/previsao-do-tempo\/cidade\/83\/vilavelha-es\" target=\"_blank\" rel=\"noreferrer noopener\"><strong>Climatempo<\/strong><\/a>. Condi\u00e7\u00f5es podem variar.<\/em><\/p>\n\n\n\n<h2 class=\"wp-block-heading\">Como chegar e como circular pela cidade?<\/h2>\n\n\n\n<p>O <strong>Aeroporto de Vit\u00f3ria (VIX)<\/strong> recebe voos diretos das principais capitais e fica a menos de 20 minutos do centro de Vila Velha. De carro, a cidade est\u00e1 a cerca de 520 km do <strong>Rio de Janeiro<\/strong> pela <strong>BR-101<\/strong>. Dentro da regi\u00e3o metropolitana, o sistema <strong>Transcol<\/strong> conecta Vila Velha a Vit\u00f3ria, <strong>Serra<\/strong> e <strong>Cariacica<\/strong> por terminais integrados. A Terceira Ponte \u00e9 o principal elo rodovi\u00e1rio com a capital.<\/p>\n\n\n\n<h2 class=\"wp-block-heading\">A cidade onde tudo come\u00e7ou segue valendo a mudan\u00e7a<\/h2>\n\n\n\n<p><strong>Vila Velha carrega quase cinco s\u00e9culos de hist\u00f3ria em ruas que terminam na areia.<\/strong> O <a href=\"https:\/\/descubraoespiritosanto.es.gov.br\/cidades\/vila-velha\" target=\"_blank\" rel=\"noreferrer noopener\"><strong>ber\u00e7o do Esp\u00edrito Santo<\/strong><\/a> combina IDH elevado, orla generosa e um Convento que vigia a ba\u00eda desde 1558, tudo a uma ponte de dist\u00e2ncia da capital.<\/p>\n\n\n\n<p>Voc\u00ea precisa cruzar a Terceira Ponte e sentir o ritmo da cidade canela-verde, onde a moqueca sai da panela de barro e o p\u00f4r do sol pinta o Morro do Moreno todos os dias.<\/p>\n","protected":false},"excerpt":{"rendered":"<p>A brisa do mar entra pela janela o ano inteiro. Vila Velha, no litoral do Esp\u00edrito Santo, nasceu em 1535 como a primeira capital da capitania e hoje oferece ao morador o que poucas cidades brasileiras conseguem reunir: praia a poucos passos de casa, infraestrutura urbana completa e um dos maiores IDH do estado. A [&hellip;]<\/p>\n","protected":false},"author":8,"featured_media":204741,"comment_status":"open","ping_status":"open","sticky":false,"template":"","format":"standard","meta":{"_yoast_wpseo_focuskw":"cidade brasileira","_yoast_wpseo_title":"","_yoast_wpseo_metadesc":"Com 490 anos de hist\u00f3ria, esta cidade brasileira combina casar\u00f5es, qualidade de vida e uma orla que faz parte da rotina dos moradores.","jnews-multi-image_gallery":[],"jnews_single_post":{"format":"standard"},"jnews_primary_category":[],"jnews_social_meta":[],"jnews_override_counter":[],"footnotes":""},"categories":[108,111],"post_tag":[6090,12548],"class_list":["post-204674","post","type-post","status-publish","format-standard","has-post-thumbnail","hentry","category-cidades","category-turismo","tag-espirito-santo","tag-vila-velha"],"yoast_head":"<!-- This site is optimized with the Yoast SEO plugin v24.6 - https:\/\/yoast.com\/wordpress\/plugins\/seo\/ -->\n<title>Com 490 anos, esta cidade brasileira \u00e9 uma das mais antigas do Brasil e surpreende pela qualidade de vida \u00e0 beira-mar - Correio Braziliense - Radar<\/title>\n<meta name=\"description\" content=\"Com 490 anos de hist\u00f3ria, esta cidade brasileira combina casar\u00f5es, qualidade de vida e uma orla que faz parte da rotina dos moradores.\" \/>\n<meta name=\"robots\" content=\"index, follow, max-snippet:-1, max-image-preview:large, max-video-preview:-1\" \/>\n<link rel=\"canonical\" href=\"https:\/\/www.correiobraziliense.com.br\/cbradar\/com-490-anos-esta-cidade-brasileira-e-uma-das-mais-antigas-do-brasil-e-surpreende-pela-qualidade-de-vida-a-beira-mar\/\" \/>\n<meta property=\"og:locale\" content=\"pt_BR\" \/>\n<meta property=\"og:type\" content=\"article\" \/>\n<meta property=\"og:title\" content=\"Com 490 anos, esta cidade brasileira \u00e9 uma das mais antigas do Brasil e surpreende pela qualidade de vida \u00e0 beira-mar - Correio Braziliense - Radar\" \/>\n<meta property=\"og:description\" content=\"Com 490 anos de hist\u00f3ria, esta cidade brasileira combina casar\u00f5es, qualidade de vida e uma orla que faz parte da rotina dos moradores.\" \/>\n<meta property=\"og:url\" content=\"https:\/\/www.correiobraziliense.com.br\/cbradar\/com-490-anos-esta-cidade-brasileira-e-uma-das-mais-antigas-do-brasil-e-surpreende-pela-qualidade-de-vida-a-beira-mar\/\" \/>\n<meta property=\"og:site_name\" content=\"Correio Braziliense - Radar\" \/>\n<meta property=\"article:published_time\" content=\"2026-03-07T17:05:00+00:00\" \/>\n<meta property=\"og:image\" content=\"https:\/\/www.correiobraziliense.com.br\/cbradar\/wp-content\/uploads\/2026\/03\/aaa-2026-03-07T135251.371.png\" \/>\n\t<meta property=\"og:image:width\" content=\"1280\" \/>\n\t<meta property=\"og:image:height\" content=\"720\" \/>\n\t<meta property=\"og:image:type\" content=\"image\/png\" \/>\n<meta name=\"author\" content=\"Maura Pereira\" \/>\n<meta name=\"twitter:card\" content=\"summary_large_image\" \/>\n<meta name=\"twitter:label1\" content=\"Escrito por\" \/>\n\t<meta name=\"twitter:data1\" content=\"Maura Pereira\" \/>\n\t<meta name=\"twitter:label2\" content=\"Est. tempo de leitura\" \/>\n\t<meta name=\"twitter:data2\" content=\"7 minutos\" \/>\n<!-- \/ Yoast SEO plugin. -->","yoast_head_json":{"title":"Com 490 anos, esta cidade brasileira \u00e9 uma das mais antigas do Brasil e surpreende pela qualidade de vida \u00e0 beira-mar - Correio Braziliense - Radar","description":"Com 490 anos de hist\u00f3ria, esta cidade brasileira combina casar\u00f5es, qualidade de vida e uma orla que faz parte da rotina dos moradores.","robots":{"index":"index","follow":"follow","max-snippet":"max-snippet:-1","max-image-preview":"max-image-preview:large","max-video-preview":"max-video-preview:-1"},"canonical":"https:\/\/www.correiobraziliense.com.br\/cbradar\/com-490-anos-esta-cidade-brasileira-e-uma-das-mais-antigas-do-brasil-e-surpreende-pela-qualidade-de-vida-a-beira-mar\/","og_locale":"pt_BR","og_type":"article","og_title":"Com 490 anos, esta cidade brasileira \u00e9 uma das mais antigas do Brasil e surpreende pela qualidade de vida \u00e0 beira-mar - Correio Braziliense - Radar","og_description":"Com 490 anos de hist\u00f3ria, esta cidade brasileira combina casar\u00f5es, qualidade de vida e uma orla que faz parte da rotina dos moradores.","og_url":"https:\/\/www.correiobraziliense.com.br\/cbradar\/com-490-anos-esta-cidade-brasileira-e-uma-das-mais-antigas-do-brasil-e-surpreende-pela-qualidade-de-vida-a-beira-mar\/","og_site_name":"Correio Braziliense - Radar","article_published_time":"2026-03-07T17:05:00+00:00","og_image":[{"width":1280,"height":720,"url":"https:\/\/www.correiobraziliense.com.br\/cbradar\/wp-content\/uploads\/2026\/03\/aaa-2026-03-07T135251.371.png","type":"image\/png"}],"author":"Maura Pereira","twitter_card":"summary_large_image","twitter_misc":{"Escrito por":"Maura Pereira","Est. tempo de leitura":"7 minutos"},"schema":{"@context":"https:\/\/schema.org","@graph":[{"@type":"WebPage","@id":"https:\/\/www.correiobraziliense.com.br\/cbradar\/com-490-anos-esta-cidade-brasileira-e-uma-das-mais-antigas-do-brasil-e-surpreende-pela-qualidade-de-vida-a-beira-mar\/","url":"https:\/\/www.correiobraziliense.com.br\/cbradar\/com-490-anos-esta-cidade-brasileira-e-uma-das-mais-antigas-do-brasil-e-surpreende-pela-qualidade-de-vida-a-beira-mar\/","name":"Com 490 anos, esta cidade brasileira \u00e9 uma das mais antigas do Brasil e surpreende pela qualidade de vida \u00e0 beira-mar - Correio Braziliense - Radar","isPartOf":{"@id":"https:\/\/www.correiobraziliense.com.br\/cbradar\/#website"},"primaryImageOfPage":{"@id":"https:\/\/www.correiobraziliense.com.br\/cbradar\/com-490-anos-esta-cidade-brasileira-e-uma-das-mais-antigas-do-brasil-e-surpreende-pela-qualidade-de-vida-a-beira-mar\/#primaryimage"},"image":{"@id":"https:\/\/www.correiobraziliense.com.br\/cbradar\/com-490-anos-esta-cidade-brasileira-e-uma-das-mais-antigas-do-brasil-e-surpreende-pela-qualidade-de-vida-a-beira-mar\/#primaryimage"},"thumbnailUrl":"https:\/\/www.correiobraziliense.com.br\/cbradar\/wp-content\/uploads\/2026\/03\/aaa-2026-03-07T135251.371.png","datePublished":"2026-03-07T17:05:00+00:00","author":{"@id":"https:\/\/www.correiobraziliense.com.br\/cbradar\/#\/schema\/person\/4053c651a9bfc785afc6f4cbc9032fd3"},"description":"Com 490 anos de hist\u00f3ria, esta cidade brasileira combina casar\u00f5es, qualidade de vida e uma orla que faz parte da rotina dos moradores.","breadcrumb":{"@id":"https:\/\/www.correiobraziliense.com.br\/cbradar\/com-490-anos-esta-cidade-brasileira-e-uma-das-mais-antigas-do-brasil-e-surpreende-pela-qualidade-de-vida-a-beira-mar\/#breadcrumb"},"inLanguage":"pt-BR","potentialAction":[{"@type":"ReadAction","target":["https:\/\/www.correiobraziliense.com.br\/cbradar\/com-490-anos-esta-cidade-brasileira-e-uma-das-mais-antigas-do-brasil-e-surpreende-pela-qualidade-de-vida-a-beira-mar\/"]}]},{"@type":"ImageObject","inLanguage":"pt-BR","@id":"https:\/\/www.correiobraziliense.com.br\/cbradar\/com-490-anos-esta-cidade-brasileira-e-uma-das-mais-antigas-do-brasil-e-surpreende-pela-qualidade-de-vida-a-beira-mar\/#primaryimage","url":"https:\/\/www.correiobraziliense.com.br\/cbradar\/wp-content\/uploads\/2026\/03\/aaa-2026-03-07T135251.371.png","contentUrl":"https:\/\/www.correiobraziliense.com.br\/cbradar\/wp-content\/uploads\/2026\/03\/aaa-2026-03-07T135251.371.png","width":1280,"height":720,"caption":"Vila Velha carrega quase cinco s\u00e9culos de hist\u00f3ria em ruas que terminam na areia. \/ Imagem ilustrativa"},{"@type":"BreadcrumbList","@id":"https:\/\/www.correiobraziliense.com.br\/cbradar\/com-490-anos-esta-cidade-brasileira-e-uma-das-mais-antigas-do-brasil-e-surpreende-pela-qualidade-de-vida-a-beira-mar\/#breadcrumb","itemListElement":[{"@type":"ListItem","position":1,"name":"In\u00edcio","item":"https:\/\/www.correiobraziliense.com.br\/cbradar\/"},{"@type":"ListItem","position":2,"name":"Com 490 anos, esta cidade brasileira \u00e9 uma das mais antigas do Brasil e surpreende pela qualidade de vida \u00e0 beira-mar"}]},{"@type":"WebSite","@id":"https:\/\/www.correiobraziliense.com.br\/cbradar\/#website","url":"https:\/\/www.correiobraziliense.com.br\/cbradar\/","name":"Correio Braziliense - Radar","description":"Acompanhe as \u00faltimas not\u00edcias e fique bem informado sobre tudo o que acontece no Brasil e no mundo.","potentialAction":[{"@type":"SearchAction","target":{"@type":"EntryPoint","urlTemplate":"https:\/\/www.correiobraziliense.com.br\/cbradar\/?s={search_term_string}"},"query-input":{"@type":"PropertyValueSpecification","valueRequired":true,"valueName":"search_term_string"}}],"inLanguage":"pt-BR"},{"@type":"Person","@id":"https:\/\/www.correiobraziliense.com.br\/cbradar\/#\/schema\/person\/4053c651a9bfc785afc6f4cbc9032fd3","name":"Maura Pereira","image":{"@type":"ImageObject","inLanguage":"pt-BR","@id":"https:\/\/www.correiobraziliense.com.br\/cbradar\/#\/schema\/person\/image\/","url":"https:\/\/secure.gravatar.com\/avatar\/3effd6bdadfa447f15089c7f7144eaa6?s=96&d=mm&r=g","contentUrl":"https:\/\/secure.gravatar.com\/avatar\/3effd6bdadfa447f15089c7f7144eaa6?s=96&d=mm&r=g","caption":"Maura Pereira"},"sameAs":["https:\/\/www.correiobraziliense.com.br\/"],"url":"https:\/\/www.correiobraziliense.com.br\/cbradar\/author\/mauramyth\/"}]}},"_links":{"self":[{"href":"https:\/\/www.correiobraziliense.com.br\/cbradar\/wp-json\/wp\/v2\/posts\/204674","targetHints":{"allow":["GET"]}}],"collection":[{"href":"https:\/\/www.correiobraziliense.com.br\/cbradar\/wp-json\/wp\/v2\/posts"}],"about":[{"href":"https:\/\/www.correiobraziliense.com.br\/cbradar\/wp-json\/wp\/v2\/types\/post"}],"author":[{"embeddable":true,"href":"https:\/\/www.correiobraziliense.com.br\/cbradar\/wp-json\/wp\/v2\/users\/8"}],"replies":[{"embeddable":true,"href":"https:\/\/www.correiobraziliense.com.br\/cbradar\/wp-json\/wp\/v2\/comments?post=204674"}],"version-history":[{"count":11,"href":"https:\/\/www.correiobraziliense.com.br\/cbradar\/wp-json\/wp\/v2\/posts\/204674\/revisions"}],"predecessor-version":[{"id":204736,"href":"https:\/\/www.correiobraziliense.com.br\/cbradar\/wp-json\/wp\/v2\/posts\/204674\/revisions\/204736"}],"wp:featuredmedia":[{"embeddable":true,"href":"https:\/\/www.correiobraziliense.com.br\/cbradar\/wp-json\/wp\/v2\/media\/204741"}],"wp:attachment":[{"href":"https:\/\/www.correiobraziliense.com.br\/cbradar\/wp-json\/wp\/v2\/media?parent=204674"}],"wp:term":[{"taxonomy":"category","embeddable":true,"href":"https:\/\/www.correiobraziliense.com.br\/cbradar\/wp-json\/wp\/v2\/categories?post=204674"},{"taxonomy":"post_tag","embeddable":true,"href":"https:\/\/www.correiobraziliense.com.br\/cbradar\/wp-json\/wp\/v2\/post_tag?post=204674"}],"curies":[{"name":"wp","href":"https:\/\/api.w.org\/{rel}","templated":true}]}}