{"id":204745,"date":"2026-03-08T07:45:00","date_gmt":"2026-03-08T10:45:00","guid":{"rendered":"https:\/\/www.correiobraziliense.com.br\/cbradar\/?p=204745"},"modified":"2026-03-07T14:09:05","modified_gmt":"2026-03-07T17:09:05","slug":"alimentos-que-ajudam-a-proteger-o-cerebro-e-melhorar-a-memoria","status":"publish","type":"post","link":"https:\/\/www.correiobraziliense.com.br\/cbradar\/alimentos-que-ajudam-a-proteger-o-cerebro-e-melhorar-a-memoria\/","title":{"rendered":"Alimentos que ajudam a proteger o c\u00e9rebro e melhorar a mem\u00f3ria"},"content":{"rendered":"\n<p>A intera\u00e7\u00e3o entre nutri\u00e7\u00e3o e funcionamento cerebral \u00e9 profunda e multifacetada. O c\u00e9rebro, respons\u00e1vel por cerca de 20% do consumo energ\u00e9tico do corpo, depende de uma dieta rica em nutrientes espec\u00edficos para manter a mem\u00f3ria, a aten\u00e7\u00e3o e outras fun\u00e7\u00f5es cognitivas em bom estado ao longo da vida.<\/p>\n\n\n\n<h2 class=\"wp-block-heading\">Como a alimenta\u00e7\u00e3o influencia a sa\u00fade mental e cognitiva?<\/h2>\n\n\n\n<p>Padr\u00f5es alimentares saud\u00e1veis t\u00eam sido frequentemente associados a melhor fun\u00e7\u00e3o cognitiva em diversos estudos. Uma an\u00e1lise sistem\u00e1tica feita entre 2015 e 2024, publicada na&nbsp;<em>Clinical Nutrition Research<\/em>, destacou a dieta MIND, que enfatiza vegetais de folhas verdes, frutas vermelhas, peixes, nozes e azeite de oliva.<\/p>\n\n\n\n<p>Os pesquisadores observaram que aderir a este tipo de dieta ajuda a manter a fun\u00e7\u00e3o cognitiva em um estado saud\u00e1vel e a retardar o decl\u00ednio mental ligado ao envelhecimento. Esse padr\u00e3o, que combina caracter\u00edsticas das dietas mediterr\u00e2nea e DASH, tamb\u00e9m est\u00e1 associado \u00e0 redu\u00e7\u00e3o do risco de dem\u00eancia e de doen\u00e7as cardiovasculares.<\/p>\n\n\n\n<p>Para compreender melhor como a alimenta\u00e7\u00e3o pode influenciar a <strong>Sa\u00fade mental<\/strong>, assista ao v\u00eddeo a seguir, no qual o m\u00e9dico <strong>Dr. Pablo Vinicius<\/strong> explica o assunto de forma clara e did\u00e1tica em seu canal no YouTube.<\/p>\n\n\n\n<iframe loading=\"lazy\" width=\"1396\" height=\"785\" src=\"https:\/\/www.youtube.com\/embed\/k6XjEf_t-4o\" title=\"ALIMENTA\u00c7\u00c3O E SA\u00daDE MENTAL! DR. PABLO EXPLICA COMO ALIMENTOS INLFUENCIAM NOS TRANSTORNOS EMOCIONAIS\" frameborder=\"0\" allow=\"accelerometer; autoplay; clipboard-write; encrypted-media; gyroscope; picture-in-picture; web-share\" referrerpolicy=\"strict-origin-when-cross-origin\" allowfullscreen><\/iframe>\n\n\n\n<h2 class=\"wp-block-heading\">Quais alimentos s\u00e3o mais ben\u00e9ficos para o c\u00e9rebro?<\/h2>\n\n\n\n<p>Determinados alimentos concentram nutrientes essenciais para o bom funcionamento cerebral, como \u00f4mega-3, antioxidantes e vitaminas do complexo B. Incluir esses itens de forma variada e regular na rotina alimentar contribui para melhor mem\u00f3ria, foco e prote\u00e7\u00e3o contra inflama\u00e7\u00f5es e danos oxidativos.<\/p>\n\n\n\n\n<style>\n  .make-wrap{\n    max-width: 760px;\n    margin: 26px auto;\n    padding: 18px;\n    border-radius: 18px;\n    background: linear-gradient(135deg,#fff7fb 0%,#f6f2ff 100%);\n    border: 1px solid #f7d4ea;\n    box-shadow: 0 8px 20px rgba(236,72,153,.12);\n    font-family: system-ui, -apple-system, Segoe UI, Roboto, Helvetica, Arial, sans-serif;\n  }\n\n  .make-title{\n    display:flex; \n    align-items:center; \n    gap:10px;\n    margin:0 0 12px 4px;\n    font-size:1.2rem; \n    font-weight:900; \n    color:#9d174d;\n  }\n\n  .make-table{\n    width:100%;\n    border-collapse:separate;\n    border-spacing:0;\n    overflow:hidden;\n    border-radius:16px;\n    border:1px solid #f7d4ea;\n    background:#fff;\n    font-size:.92rem;\n  }\n\n  .make-table thead th{\n    background:linear-gradient(90deg,#fde7f3 0%,#f8e9ff 100%);\n    padding:12px;\n    color:#7a1e63;\n    font-weight:800;\n    text-align:left;\n    border-bottom:1px solid #f7d4ea;\n  }\n\n  .make-table tbody td{\n    padding:12px;\n    color:#374151;\n    vertical-align:top;\n    border-bottom:1px dashed #f7d4ea;\n  }\n\n  .make-table tbody tr:nth-child(odd){\n    background:#fffaff;\n  }\n\n  .price{\n    display:inline-flex;\n    align-items:center;\n    background:#fff7ed;\n    color:#b45309;\n    padding:6px 10px;\n    border-radius:10px;\n    border:1px solid #fed7aa;\n    font-weight:700;\n    white-space:nowrap;\n  }\n\n  .badge{\n    display:inline-block;\n    background:#fde7f3;\n    color:#c026d3;\n    border:1px solid #fecdd3;\n    padding:4px 10px;\n    border-radius:999px;\n    font-weight:700;\n    font-size:.78rem;\n  }\n\n  @media (max-width:720px){\n    .make-table thead{display:none}\n    .make-table, .make-table tbody, .make-table tr, .make-table td{\n      display:block; \n      width:100%;\n    }\n    .make-table tr{\n      margin-bottom:12px;\n      border:1px solid #f7d4ea;\n      border-radius:14px;\n      overflow:hidden;\n      background:#fff;\n    }\n    .make-table td[data-label]:before{\n      content:attr(data-label);\n      display:block;\n      font-weight:800;\n      color:#7a1e63;\n      margin-bottom:4px;\n    }\n    .make-table tbody td:last-child{border-bottom:none}\n  }\n<\/style>\n\n<div class=\"make-wrap\">\n  <h3 class=\"make-title\">\ud83e\udde0\u2728 Alimentos que Fortalecem o C\u00e9rebro<\/h3>\n\n  <table class=\"make-table\">\n    <thead>\n      <tr>\n        <th>Alimento<\/th>\n        <th>Principais Nutrientes<\/th>\n        <th>Benef\u00edcios para o C\u00e9rebro<\/th>\n      <\/tr>\n    <\/thead>\n    <tbody>\n      <tr>\n        <td data-label=\"Alimento\"><span class=\"badge\">Peixes gordurosos<\/span><\/td>\n        <td data-label=\"Principais Nutrientes\">\u00d4mega-3<\/td>\n        <td data-label=\"Benef\u00edcios para o C\u00e9rebro\">Ajudam na comunica\u00e7\u00e3o neural e reduzem inflama\u00e7\u00f5es cerebrais.<\/td>\n      <\/tr>\n      <tr>\n        <td data-label=\"Alimento\"><span class=\"badge\">Frutas vermelhas<\/span><\/td>\n        <td data-label=\"Principais Nutrientes\">Antocianinas<\/td>\n        <td data-label=\"Benef\u00edcios para o C\u00e9rebro\">Protegem a mem\u00f3ria contra danos oxidativos e favorecem a plasticidade neural.<\/td>\n      <\/tr>\n      <tr>\n        <td data-label=\"Alimento\"><span class=\"badge\">Nozes e castanhas<\/span><\/td>\n        <td data-label=\"Principais Nutrientes\">Vitamina E e gorduras saud\u00e1veis<\/td>\n        <td data-label=\"Benef\u00edcios para o C\u00e9rebro\">Ajudam a prevenir o envelhecimento celular precoce.<\/td>\n      <\/tr>\n      <tr>\n        <td data-label=\"Alimento\"><span class=\"badge\">Folhas verdes<\/span><\/td>\n        <td data-label=\"Principais Nutrientes\">Folato e vitamina K<\/td>\n        <td data-label=\"Benef\u00edcios para o C\u00e9rebro\">Promovem sa\u00fade vascular e cognitiva de forma cont\u00ednua.<\/td>\n      <\/tr>\n      <tr>\n        <td data-label=\"Alimento\"><span class=\"badge\">Azeite extravirgem<\/span><\/td>\n        <td data-label=\"Principais Nutrientes\">Polifen\u00f3is<\/td>\n        <td data-label=\"Benef\u00edcios para o C\u00e9rebro\">Protegem os tecidos cerebrais e melhoram a circula\u00e7\u00e3o sangu\u00ednea.<\/td>\n      <\/tr>\n    <\/tbody>\n  <\/table>\n\n  <p style=\"margin-top:14px; color:#6b7280; font-size:.9rem;\">\n    \ud83d\udca1 <strong>Dica:<\/strong> Incluir esses alimentos regularmente na dieta pode ajudar a manter a mem\u00f3ria e a sa\u00fade cerebral ao longo dos anos.\n  <\/p>\n<\/div>\n\n\n\n\n\n<h2 class=\"wp-block-heading\">Quais h\u00e1bitos alimentares podem prejudicar o c\u00e9rebro?<\/h2>\n\n\n\n<p>Alguns padr\u00f5es alimentares podem comprometer o desempenho cognitivo e aumentar o risco de doen\u00e7as neurol\u00f3gicas. O consumo frequente de alimentos ultraprocessados, a\u00e7\u00facares em excesso e gorduras trans est\u00e1 ligado a maior inflama\u00e7\u00e3o sist\u00eamica e a altera\u00e7\u00f5es negativas na mem\u00f3ria e na capacidade de concentra\u00e7\u00e3o.<\/p>\n\n\n\n<p>Dietas com alto teor de a\u00e7\u00facar refinado prejudicam a mem\u00f3ria, enquanto o excesso de gorduras trans e saturadas danifica os vasos sangu\u00edneos cerebrais. J\u00e1 a ingest\u00e3o insuficiente de frutas e vegetais aumenta a vulnerabilidade do c\u00e9rebro ao estresse oxidativo e acelera processos de envelhecimento cerebral.<\/p>\n\n\n<div class=\"wp-block-image\">\n<figure class=\"aligncenter size-large\"><img decoding=\"async\" width=\"1024\" height=\"576\" src=\"https:\/\/www.correiobraziliense.com.br\/cbradar\/wp-content\/uploads\/2025\/07\/acucar_1751463295145-1024x576.jpg\" alt=\"\" class=\"wp-image-63211\" srcset=\"https:\/\/www.correiobraziliense.com.br\/cbradar\/wp-content\/uploads\/2025\/07\/acucar_1751463295145-1024x576.jpg 1024w, https:\/\/www.correiobraziliense.com.br\/cbradar\/wp-content\/uploads\/2025\/07\/acucar_1751463295145-300x169.jpg 300w, https:\/\/www.correiobraziliense.com.br\/cbradar\/wp-content\/uploads\/2025\/07\/acucar_1751463295145-768x432.jpg 768w, https:\/\/www.correiobraziliense.com.br\/cbradar\/wp-content\/uploads\/2025\/07\/acucar_1751463295145-750x422.jpg 750w, https:\/\/www.correiobraziliense.com.br\/cbradar\/wp-content\/uploads\/2025\/07\/acucar_1751463295145-1140x641.jpg 1140w, https:\/\/www.correiobraziliense.com.br\/cbradar\/wp-content\/uploads\/2025\/07\/acucar_1751463295145.jpg 1280w\" sizes=\"(max-width: 1024px) 100vw, 1024px\" \/><figcaption class=\"wp-element-caption\">Pouca gente sabe como o corpo reage ao excesso de a\u00e7\u00facar &#8211; Cr\u00e9ditos: depositphotos.com \/ HayDmitriy<\/figcaption><\/figure><\/div>\n\n\n<h2 class=\"wp-block-heading\">Qual \u00e9 o papel da avalia\u00e7\u00e3o profissional na sa\u00fade cognitiva?<\/h2>\n\n\n\n<p>Embora uma dieta adequada seja uma estrat\u00e9gia eficaz para proteger o c\u00e9rebro, outros fatores tamb\u00e9m influenciam a fun\u00e7\u00e3o cognitiva, como dist\u00farbios do sono, sedentarismo, estresse cr\u00f4nico e desequil\u00edbrios hormonais. Por isso, a avalia\u00e7\u00e3o com profissionais de sa\u00fade \u00e9 fundamental para um plano abrangente de preven\u00e7\u00e3o.<\/p>\n\n\n\n<p>Neurologistas, psiquiatras, nutricionistas e endocrinologistas podem investigar queixas de mem\u00f3ria, altera\u00e7\u00f5es de humor e dificuldades de concentra\u00e7\u00e3o, orientando exames complementares e ajustes de estilo de vida. Especialmente ap\u00f3s os 50 anos, esse acompanhamento regular pode fazer grande diferen\u00e7a na preserva\u00e7\u00e3o da cogni\u00e7\u00e3o e da qualidade de vida.<\/p>\n\n\n<a href=\"https:\/\/www.instagram.com\/dra.annaluisabf\/\" target=\"_blank\" rel=\"noopener\" style=\"text-decoration: none; color: inherit;\">\n    <span style=\"display: inline-block; border: 1px solid #ccc; border-radius: 10px; padding: 15px; max-width: 550px; font-family: sans-serif; box-shadow: 0 2px 5px rgba(0,0,0,0.1); width: 100%;\">\n\n      <!-- T\u00edtulo -->\n      <span style=\"display: block; margin: 0 0 15px 0; font-weight: bold; color: #2c3e50; text-align: center;\">\n        Entre em contato:\n      <\/span>\n\n      <!-- Linha do perfil -->\n      <span style=\"display: flex; align-items: center; gap: 15px;\">\n        <img decoding=\"async\"\n          src=\"https:\/\/www.correiobraziliense.com.br\/cbradar\/wp-content\/uploads\/2025\/08\/dra_anna_luisa.jpeg\"\n          alt=\"Foto da Dra. Anna Lu\u00edsa\"\n          style=\"border-radius: 50%; width: 80px; height: 80px; object-fit: cover;\"\n        \/>\n        <span style=\"display: flex; flex-direction: column;\">\n          <span style=\"font-size: 18px; font-weight: 700; color: #2c3e50;\">Dra. Anna Lu\u00edsa Barbosa Fernandes<\/span>\n          <span style=\"color: #555;\">CRM-GO 33.271<\/span>\n        <\/span>\n      <\/span>\n\n      <!-- Redes -->\n      <span style=\"display: flex; align-items: center; gap: 10px; margin-top: 12px;\">\n        <img decoding=\"async\" src=\"https:\/\/cdn-icons-png.flaticon.com\/24\/1384\/1384063.png\" alt=\"Instagram\" width=\"24\" height=\"24\" \/>\n        <span style=\"text-decoration: underline; color: #2c3e50;\">@dra.annaluisabf<\/span>\n      <\/span>\n\n    <\/span>\n  <\/a>","protected":false},"excerpt":{"rendered":"<p>A intera\u00e7\u00e3o entre nutri\u00e7\u00e3o e funcionamento cerebral \u00e9 profunda e multifacetada. O c\u00e9rebro, respons\u00e1vel por cerca de 20% do consumo energ\u00e9tico do corpo, depende de uma dieta rica em nutrientes espec\u00edficos para manter a mem\u00f3ria, a aten\u00e7\u00e3o e outras fun\u00e7\u00f5es cognitivas em bom estado ao longo da vida. Como a alimenta\u00e7\u00e3o influencia a sa\u00fade mental [&hellip;]<\/p>\n","protected":false},"author":14,"featured_media":126820,"comment_status":"open","ping_status":"open","sticky":false,"template":"","format":"standard","meta":{"_yoast_wpseo_focuskw":"alimenta\u00e7\u00e3o","_yoast_wpseo_title":"","_yoast_wpseo_metadesc":"A alimenta\u00e7\u00e3o tem papel importante na sa\u00fade do c\u00e9rebro. Veja quais alimentos ajudam a proteger a mente.","jnews-multi-image_gallery":[],"jnews_single_post":{"format":"standard"},"jnews_primary_category":[],"jnews_social_meta":[],"jnews_override_counter":[],"footnotes":""},"categories":[4404],"post_tag":[120,247,1318],"class_list":["post-204745","post","type-post","status-publish","format-standard","has-post-thumbnail","hentry","category-saude","tag-bem-estar","tag-qualidade-de-vida","tag-saude-2"],"yoast_head":"<!-- This site is optimized with the Yoast SEO plugin v24.6 - https:\/\/yoast.com\/wordpress\/plugins\/seo\/ -->\n<title>Alimentos que ajudam a proteger o c\u00e9rebro e melhorar a mem\u00f3ria - Correio Braziliense - Radar<\/title>\n<meta name=\"description\" content=\"A alimenta\u00e7\u00e3o tem papel importante na sa\u00fade do c\u00e9rebro. Veja quais alimentos ajudam a proteger a mente.\" \/>\n<meta name=\"robots\" content=\"index, follow, max-snippet:-1, max-image-preview:large, max-video-preview:-1\" \/>\n<link rel=\"canonical\" href=\"https:\/\/www.correiobraziliense.com.br\/cbradar\/alimentos-que-ajudam-a-proteger-o-cerebro-e-melhorar-a-memoria\/\" \/>\n<meta property=\"og:locale\" content=\"pt_BR\" \/>\n<meta property=\"og:type\" content=\"article\" \/>\n<meta property=\"og:title\" content=\"Alimentos que ajudam a proteger o c\u00e9rebro e melhorar a mem\u00f3ria - Correio Braziliense - Radar\" \/>\n<meta property=\"og:description\" content=\"A alimenta\u00e7\u00e3o tem papel importante na sa\u00fade do c\u00e9rebro. Veja quais alimentos ajudam a proteger a mente.\" \/>\n<meta property=\"og:url\" content=\"https:\/\/www.correiobraziliense.com.br\/cbradar\/alimentos-que-ajudam-a-proteger-o-cerebro-e-melhorar-a-memoria\/\" \/>\n<meta property=\"og:site_name\" content=\"Correio Braziliense - Radar\" \/>\n<meta property=\"article:published_time\" content=\"2026-03-08T10:45:00+00:00\" \/>\n<meta property=\"og:image\" content=\"https:\/\/www.correiobraziliense.com.br\/cbradar\/wp-content\/uploads\/2025\/10\/comida-relogio_1761590348319.jpg\" \/>\n\t<meta property=\"og:image:width\" content=\"1280\" \/>\n\t<meta property=\"og:image:height\" content=\"720\" \/>\n\t<meta property=\"og:image:type\" content=\"image\/jpeg\" \/>\n<meta name=\"author\" content=\"guilherme_saude\" \/>\n<meta name=\"twitter:card\" content=\"summary_large_image\" \/>\n<meta name=\"twitter:label1\" content=\"Escrito por\" \/>\n\t<meta name=\"twitter:data1\" content=\"guilherme_saude\" \/>\n\t<meta name=\"twitter:label2\" content=\"Est. tempo de leitura\" \/>\n\t<meta name=\"twitter:data2\" content=\"4 minutos\" \/>\n<!-- \/ Yoast SEO plugin. -->","yoast_head_json":{"title":"Alimentos que ajudam a proteger o c\u00e9rebro e melhorar a mem\u00f3ria - Correio Braziliense - Radar","description":"A alimenta\u00e7\u00e3o tem papel importante na sa\u00fade do c\u00e9rebro. Veja quais alimentos ajudam a proteger a mente.","robots":{"index":"index","follow":"follow","max-snippet":"max-snippet:-1","max-image-preview":"max-image-preview:large","max-video-preview":"max-video-preview:-1"},"canonical":"https:\/\/www.correiobraziliense.com.br\/cbradar\/alimentos-que-ajudam-a-proteger-o-cerebro-e-melhorar-a-memoria\/","og_locale":"pt_BR","og_type":"article","og_title":"Alimentos que ajudam a proteger o c\u00e9rebro e melhorar a mem\u00f3ria - Correio Braziliense - Radar","og_description":"A alimenta\u00e7\u00e3o tem papel importante na sa\u00fade do c\u00e9rebro. Veja quais alimentos ajudam a proteger a mente.","og_url":"https:\/\/www.correiobraziliense.com.br\/cbradar\/alimentos-que-ajudam-a-proteger-o-cerebro-e-melhorar-a-memoria\/","og_site_name":"Correio Braziliense - Radar","article_published_time":"2026-03-08T10:45:00+00:00","og_image":[{"width":1280,"height":720,"url":"https:\/\/www.correiobraziliense.com.br\/cbradar\/wp-content\/uploads\/2025\/10\/comida-relogio_1761590348319.jpg","type":"image\/jpeg"}],"author":"guilherme_saude","twitter_card":"summary_large_image","twitter_misc":{"Escrito por":"guilherme_saude","Est. tempo de leitura":"4 minutos"},"schema":{"@context":"https:\/\/schema.org","@graph":[{"@type":"WebPage","@id":"https:\/\/www.correiobraziliense.com.br\/cbradar\/alimentos-que-ajudam-a-proteger-o-cerebro-e-melhorar-a-memoria\/","url":"https:\/\/www.correiobraziliense.com.br\/cbradar\/alimentos-que-ajudam-a-proteger-o-cerebro-e-melhorar-a-memoria\/","name":"Alimentos que ajudam a proteger o c\u00e9rebro e melhorar a mem\u00f3ria - Correio Braziliense - Radar","isPartOf":{"@id":"https:\/\/www.correiobraziliense.com.br\/cbradar\/#website"},"primaryImageOfPage":{"@id":"https:\/\/www.correiobraziliense.com.br\/cbradar\/alimentos-que-ajudam-a-proteger-o-cerebro-e-melhorar-a-memoria\/#primaryimage"},"image":{"@id":"https:\/\/www.correiobraziliense.com.br\/cbradar\/alimentos-que-ajudam-a-proteger-o-cerebro-e-melhorar-a-memoria\/#primaryimage"},"thumbnailUrl":"https:\/\/www.correiobraziliense.com.br\/cbradar\/wp-content\/uploads\/2025\/10\/comida-relogio_1761590348319.jpg","datePublished":"2026-03-08T10:45:00+00:00","author":{"@id":"https:\/\/www.correiobraziliense.com.br\/cbradar\/#\/schema\/person\/5aa4bf3c8fa699c267933611de12978b"},"description":"A alimenta\u00e7\u00e3o tem papel importante na sa\u00fade do c\u00e9rebro. Veja quais alimentos ajudam a proteger a mente.","breadcrumb":{"@id":"https:\/\/www.correiobraziliense.com.br\/cbradar\/alimentos-que-ajudam-a-proteger-o-cerebro-e-melhorar-a-memoria\/#breadcrumb"},"inLanguage":"pt-BR","potentialAction":[{"@type":"ReadAction","target":["https:\/\/www.correiobraziliense.com.br\/cbradar\/alimentos-que-ajudam-a-proteger-o-cerebro-e-melhorar-a-memoria\/"]}]},{"@type":"ImageObject","inLanguage":"pt-BR","@id":"https:\/\/www.correiobraziliense.com.br\/cbradar\/alimentos-que-ajudam-a-proteger-o-cerebro-e-melhorar-a-memoria\/#primaryimage","url":"https:\/\/www.correiobraziliense.com.br\/cbradar\/wp-content\/uploads\/2025\/10\/comida-relogio_1761590348319.jpg","contentUrl":"https:\/\/www.correiobraziliense.com.br\/cbradar\/wp-content\/uploads\/2025\/10\/comida-relogio_1761590348319.jpg","width":1280,"height":720,"caption":"Alimenta\u00e7\u00e3o de 3 em 3 Horas - Cr\u00e9ditos: depositphotos.com \/ AntonMatyukha"},{"@type":"BreadcrumbList","@id":"https:\/\/www.correiobraziliense.com.br\/cbradar\/alimentos-que-ajudam-a-proteger-o-cerebro-e-melhorar-a-memoria\/#breadcrumb","itemListElement":[{"@type":"ListItem","position":1,"name":"In\u00edcio","item":"https:\/\/www.correiobraziliense.com.br\/cbradar\/"},{"@type":"ListItem","position":2,"name":"Alimentos que ajudam a proteger o c\u00e9rebro e melhorar a mem\u00f3ria"}]},{"@type":"WebSite","@id":"https:\/\/www.correiobraziliense.com.br\/cbradar\/#website","url":"https:\/\/www.correiobraziliense.com.br\/cbradar\/","name":"Correio Braziliense - Radar","description":"Acompanhe as \u00faltimas not\u00edcias e fique bem informado sobre tudo o que acontece no Brasil e no mundo.","potentialAction":[{"@type":"SearchAction","target":{"@type":"EntryPoint","urlTemplate":"https:\/\/www.correiobraziliense.com.br\/cbradar\/?s={search_term_string}"},"query-input":{"@type":"PropertyValueSpecification","valueRequired":true,"valueName":"search_term_string"}}],"inLanguage":"pt-BR"},{"@type":"Person","@id":"https:\/\/www.correiobraziliense.com.br\/cbradar\/#\/schema\/person\/5aa4bf3c8fa699c267933611de12978b","name":"guilherme_saude","image":{"@type":"ImageObject","inLanguage":"pt-BR","@id":"https:\/\/www.correiobraziliense.com.br\/cbradar\/#\/schema\/person\/image\/","url":"https:\/\/secure.gravatar.com\/avatar\/df9adfb835d344bc0af109d41756253f?s=96&d=mm&r=g","contentUrl":"https:\/\/secure.gravatar.com\/avatar\/df9adfb835d344bc0af109d41756253f?s=96&d=mm&r=g","caption":"guilherme_saude"},"url":"https:\/\/www.correiobraziliense.com.br\/cbradar\/author\/guilherme_saude\/"}]}},"_links":{"self":[{"href":"https:\/\/www.correiobraziliense.com.br\/cbradar\/wp-json\/wp\/v2\/posts\/204745","targetHints":{"allow":["GET"]}}],"collection":[{"href":"https:\/\/www.correiobraziliense.com.br\/cbradar\/wp-json\/wp\/v2\/posts"}],"about":[{"href":"https:\/\/www.correiobraziliense.com.br\/cbradar\/wp-json\/wp\/v2\/types\/post"}],"author":[{"embeddable":true,"href":"https:\/\/www.correiobraziliense.com.br\/cbradar\/wp-json\/wp\/v2\/users\/14"}],"replies":[{"embeddable":true,"href":"https:\/\/www.correiobraziliense.com.br\/cbradar\/wp-json\/wp\/v2\/comments?post=204745"}],"version-history":[{"count":1,"href":"https:\/\/www.correiobraziliense.com.br\/cbradar\/wp-json\/wp\/v2\/posts\/204745\/revisions"}],"predecessor-version":[{"id":204750,"href":"https:\/\/www.correiobraziliense.com.br\/cbradar\/wp-json\/wp\/v2\/posts\/204745\/revisions\/204750"}],"wp:featuredmedia":[{"embeddable":true,"href":"https:\/\/www.correiobraziliense.com.br\/cbradar\/wp-json\/wp\/v2\/media\/126820"}],"wp:attachment":[{"href":"https:\/\/www.correiobraziliense.com.br\/cbradar\/wp-json\/wp\/v2\/media?parent=204745"}],"wp:term":[{"taxonomy":"category","embeddable":true,"href":"https:\/\/www.correiobraziliense.com.br\/cbradar\/wp-json\/wp\/v2\/categories?post=204745"},{"taxonomy":"post_tag","embeddable":true,"href":"https:\/\/www.correiobraziliense.com.br\/cbradar\/wp-json\/wp\/v2\/post_tag?post=204745"}],"curies":[{"name":"wp","href":"https:\/\/api.w.org\/{rel}","templated":true}]}}