{"id":204753,"date":"2026-03-08T06:05:00","date_gmt":"2026-03-08T09:05:00","guid":{"rendered":"https:\/\/www.correiobraziliense.com.br\/cbradar\/?p=204753"},"modified":"2026-03-07T14:13:46","modified_gmt":"2026-03-07T17:13:46","slug":"por-que-pessoas-emocionalmente-inteligentes-usam-o-silencio","status":"publish","type":"post","link":"https:\/\/www.correiobraziliense.com.br\/cbradar\/por-que-pessoas-emocionalmente-inteligentes-usam-o-silencio\/","title":{"rendered":"Por que pessoas emocionalmente inteligentes usam o sil\u00eancio"},"content":{"rendered":"\n<p>Gerenciar conflitos em situa\u00e7\u00f5es de alta tens\u00e3o \u00e9 uma habilidade que muitos buscam dominar. O sil\u00eancio, frequentemente mal interpretado, emerge como um recurso potente nesse contexto, pois n\u00e3o implica submiss\u00e3o, mas demonstra um controle emocional refinado que pode evitar rea\u00e7\u00f5es impulsivas e preservar relacionamentos importantes.<\/p>\n\n\n\n<h2 class=\"wp-block-heading\">Como o sil\u00eancio fortalece o controle emocional?<\/h2>\n\n\n\n<p>O sil\u00eancio atua como um amortecedor, permitindo que se processe informa\u00e7\u00f5es complicadas sem o peso de emo\u00e7\u00f5es intensas. Ele evita a emiss\u00e3o de palavras que poderiam gerar arrependimentos duradouros, focando na ess\u00eancia da resolu\u00e7\u00e3o de conflitos.<\/p>\n\n\n\n<p>Ficar em sil\u00eancio pode acalmar o sistema nervoso e reduzir a adrenalina, possibilitando uma avalia\u00e7\u00e3o mais cr\u00edtica das circunst\u00e2ncias. Esse comportamento reflete uma escolha intencional, que prioriza a serenidade interna sobre disputas verbais.<\/p>\n\n\n\n<p>Para compreender melhor como desenvolver o <strong>Equil\u00edbrio emocional<\/strong>, assista ao v\u00eddeo a seguir, no qual o psic\u00f3logo <strong>Marcos Lacerda<\/strong> explica o assunto de forma clara e did\u00e1tica em seu canal no YouTube.<\/p>\n\n\n\n<iframe loading=\"lazy\" width=\"1396\" height=\"785\" src=\"https:\/\/www.youtube.com\/embed\/3Ebhng3w97Q\" title=\"COMO MANTER O EQUIL\u00cdBRIO EMOCIONAL | Marcos Lacerda, psic\u00f3logo\" frameborder=\"0\" allow=\"accelerometer; autoplay; clipboard-write; encrypted-media; gyroscope; picture-in-picture; web-share\" referrerpolicy=\"strict-origin-when-cross-origin\" allowfullscreen><\/iframe>\n\n\n\n<h2 class=\"wp-block-heading\">Como o sil\u00eancio favorece a escuta ativa?<\/h2>\n\n\n\n<p>Em meio a discuss\u00f5es, optar pelo sil\u00eancio estrat\u00e9gico torna a escuta ativa mais produtiva. Essa postura desmonta a expectativa do interlocutor, geralmente preparado para uma troca de ataques verbais e rea\u00e7\u00f5es impulsivas.<\/p>\n\n\n\n<p>Ao escutar com aten\u00e7\u00e3o, ganha-se uma vis\u00e3o mais ampla das motiva\u00e7\u00f5es alheias, o que facilita negocia\u00e7\u00f5es eficazes e emp\u00e1ticas. Assim, o sil\u00eancio se torna um canal de compreens\u00e3o verdadeira, e n\u00e3o apenas aus\u00eancia de fala.<\/p>\n\n\n<div class=\"wp-block-image\">\n<figure class=\"aligncenter size-large\"><img decoding=\"async\" width=\"1024\" height=\"576\" src=\"https:\/\/www.correiobraziliense.com.br\/cbradar\/wp-content\/uploads\/2025\/08\/Silencio_1754316866307-1024x576.jpg\" alt=\"\" class=\"wp-image-80685\" srcset=\"https:\/\/www.correiobraziliense.com.br\/cbradar\/wp-content\/uploads\/2025\/08\/Silencio_1754316866307-1024x576.jpg 1024w, https:\/\/www.correiobraziliense.com.br\/cbradar\/wp-content\/uploads\/2025\/08\/Silencio_1754316866307-300x169.jpg 300w, https:\/\/www.correiobraziliense.com.br\/cbradar\/wp-content\/uploads\/2025\/08\/Silencio_1754316866307-768x432.jpg 768w, https:\/\/www.correiobraziliense.com.br\/cbradar\/wp-content\/uploads\/2025\/08\/Silencio_1754316866307-750x422.jpg 750w, https:\/\/www.correiobraziliense.com.br\/cbradar\/wp-content\/uploads\/2025\/08\/Silencio_1754316866307-1140x641.jpg 1140w, https:\/\/www.correiobraziliense.com.br\/cbradar\/wp-content\/uploads\/2025\/08\/Silencio_1754316866307.jpg 1280w\" sizes=\"(max-width: 1024px) 100vw, 1024px\" \/><figcaption class=\"wp-element-caption\">Sil\u00eancio &#8211; Cr\u00e9ditos: depositphotos.com \/ SashaKhalabuzar<\/figcaption><\/figure><\/div>\n\n\n<h2 class=\"wp-block-heading\">Principais benef\u00edcios da pausa estrat\u00e9gica?<\/h2>\n\n\n\n<p>Optar por uma postura mais contida em situa\u00e7\u00f5es tensas traz ganhos para a sa\u00fade mental e as rela\u00e7\u00f5es interpessoais. Essa pausa estrat\u00e9gica evita debates infind\u00e1veis e poupa energia que pode ser melhor aplicada em atividades produtivas.<\/p>\n\n\n\n<p>Entre os benef\u00edcios mais relevantes da pausa silenciosa, destacam-se efeitos tanto pessoais quanto relacionais, que consolidam uma postura madura diante de conflitos:<\/p>\n\n\n\n\n<style>\n  .make-wrap{\n    max-width: 760px;\n    margin: 26px auto;\n    padding: 18px;\n    border-radius: 18px;\n    background: linear-gradient(135deg,#fff7fb 0%,#f6f2ff 100%);\n    border: 1px solid #f7d4ea;\n    box-shadow: 0 8px 20px rgba(236,72,153,.12);\n    font-family: system-ui, -apple-system, Segoe UI, Roboto, Helvetica, Arial, sans-serif;\n  }\n\n  .make-title{\n    display:flex; \n    align-items:center; \n    gap:10px;\n    margin:0 0 12px 4px;\n    font-size:1.2rem; \n    font-weight:900; \n    color:#9d174d;\n  }\n\n  .make-table{\n    width:100%;\n    border-collapse:separate;\n    border-spacing:0;\n    overflow:hidden;\n    border-radius:16px;\n    border:1px solid #f7d4ea;\n    background:#fff;\n    font-size:.92rem;\n  }\n\n  .make-table thead th{\n    background:linear-gradient(90deg,#fde7f3 0%,#f8e9ff 100%);\n    padding:12px;\n    color:#7a1e63;\n    font-weight:800;\n    text-align:left;\n    border-bottom:1px solid #f7d4ea;\n  }\n\n  .make-table tbody td{\n    padding:12px;\n    color:#374151;\n    vertical-align:top;\n    border-bottom:1px dashed #f7d4ea;\n  }\n\n  .make-table tbody tr:nth-child(odd){\n    background:#fffaff;\n  }\n\n  .price{\n    display:inline-flex;\n    align-items:center;\n    background:#fff7ed;\n    color:#b45309;\n    padding:6px 10px;\n    border-radius:10px;\n    border:1px solid #fed7aa;\n    font-weight:700;\n    white-space:nowrap;\n  }\n\n  .badge{\n    display:inline-block;\n    background:#fde7f3;\n    color:#c026d3;\n    border:1px solid #fecdd3;\n    padding:4px 10px;\n    border-radius:999px;\n    font-weight:700;\n    font-size:.78rem;\n  }\n\n  @media (max-width:720px){\n    .make-table thead{display:none}\n    .make-table, .make-table tbody, .make-table tr, .make-table td{\n      display:block; \n      width:100%;\n    }\n    .make-table tr{\n      margin-bottom:12px;\n      border:1px solid #f7d4ea;\n      border-radius:14px;\n      overflow:hidden;\n      background:#fff;\n    }\n    .make-table td[data-label]:before{\n      content:attr(data-label);\n      display:block;\n      font-weight:800;\n      color:#7a1e63;\n      margin-bottom:4px;\n    }\n    .make-table tbody td:last-child{border-bottom:none}\n  }\n<\/style>\n\n<div class=\"make-wrap\">\n  <h3 class=\"make-title\">\ud83e\udde0\u2728 Benef\u00edcios do Autocontrole Emocional<\/h3>\n\n  <table class=\"make-table\">\n    <thead>\n      <tr>\n        <th>Aspecto<\/th>\n        <th>Benef\u00edcio<\/th>\n      <\/tr>\n    <\/thead>\n    <tbody>\n      <tr>\n        <td data-label=\"Aspecto\"><span class=\"badge\">Relacionamentos<\/span><\/td>\n        <td data-label=\"Benef\u00edcio\">Preserva\u00e7\u00e3o de relacionamentos sem m\u00e1goas e agress\u00f5es desnecess\u00e1rias.<\/td>\n      <\/tr>\n      <tr>\n        <td data-label=\"Aspecto\"><span class=\"badge\">Tomada de decis\u00e3o<\/span><\/td>\n        <td data-label=\"Benef\u00edcio\">Maior clareza para decis\u00f5es futuras, com menos influ\u00eancia de impulsos.<\/td>\n      <\/tr>\n      <tr>\n        <td data-label=\"Aspecto\"><span class=\"badge\">Reputa\u00e7\u00e3o<\/span><\/td>\n        <td data-label=\"Benef\u00edcio\">Fortalecimento da autoridade moral e da credibilidade em grupo.<\/td>\n      <\/tr>\n      <tr>\n        <td data-label=\"Aspecto\"><span class=\"badge\">Resili\u00eancia<\/span><\/td>\n        <td data-label=\"Benef\u00edcio\">Refor\u00e7o da resili\u00eancia psicol\u00f3gica em ambientes de alta press\u00e3o.<\/td>\n      <\/tr>\n    <\/tbody>\n  <\/table>\n\n  <p style=\"margin-top:14px; color:#6b7280; font-size:.9rem;\">\n    \ud83d\udca1 <strong>Dica:<\/strong> Desenvolver autocontrole emocional ajuda a melhorar rela\u00e7\u00f5es, decis\u00f5es e desempenho em situa\u00e7\u00f5es desafiadoras.\n  <\/p>\n<\/div>\n\n\n\n\n\n<h2 class=\"wp-block-heading\">Como o sil\u00eancio se relaciona com a lideran\u00e7a?<\/h2>\n\n\n\n<p>Gestores que dominam o uso estrat\u00e9gico do sil\u00eancio s\u00e3o percebidos como confi\u00e1veis e equilibrados. Eles n\u00e3o cedem a provoca\u00e7\u00f5es, mantendo a compostura mesmo sob forte press\u00e3o.<\/p>\n\n\n\n<p>Essa estabilidade emocional inspira suas equipes, especialmente em momentos de crise. O controle verbal torna-se um pilar da intelig\u00eancia interpessoal, permitindo que l\u00edderes ponderem op\u00e7\u00f5es antes de emitir julgamentos definitivos.<\/p>\n\n\n\n<h2 class=\"wp-block-heading\">Como a ci\u00eancia explica o poder do sil\u00eancio?<\/h2>\n\n\n\n<p>Estudos cient\u00edficos indicam que pr\u00e1ticas de pausa conscienciosa ativam \u00e1reas cerebrais ligadas ao autocontrole e \u00e0 empatia cognitiva. Isso favorece um comportamento mais racional, reduz a reatividade emocional e amplia a capacidade de an\u00e1lise.<\/p>\n\n\n\n<p>Pesquisas de institui\u00e7\u00f5es como a Harvard University ressaltam que o desenvolvimento de compet\u00eancias emocionais \u00e9 vital para o sucesso a longo prazo, e o sil\u00eancio faz parte desse repert\u00f3rio. Para aprofundar estrat\u00e9gias de resolu\u00e7\u00e3o de conflitos, o Harvard Program on Negotiation \u00e9 uma valiosa fonte de conhecimento.<\/p>\n\n\n<a href=\"https:\/\/www.instagram.com\/dra.annaluisabf\/\" target=\"_blank\" rel=\"noopener\" style=\"text-decoration: none; color: inherit;\">\n    <span style=\"display: inline-block; border: 1px solid #ccc; border-radius: 10px; padding: 15px; max-width: 550px; font-family: sans-serif; box-shadow: 0 2px 5px rgba(0,0,0,0.1); width: 100%;\">\n\n      <!-- T\u00edtulo -->\n      <span style=\"display: block; margin: 0 0 15px 0; font-weight: bold; color: #2c3e50; text-align: center;\">\n        Entre em contato:\n      <\/span>\n\n      <!-- Linha do perfil -->\n      <span style=\"display: flex; align-items: center; gap: 15px;\">\n        <img decoding=\"async\"\n          src=\"https:\/\/www.correiobraziliense.com.br\/cbradar\/wp-content\/uploads\/2025\/08\/dra_anna_luisa.jpeg\"\n          alt=\"Foto da Dra. Anna Lu\u00edsa\"\n          style=\"border-radius: 50%; width: 80px; height: 80px; object-fit: cover;\"\n        \/>\n        <span style=\"display: flex; flex-direction: column;\">\n          <span style=\"font-size: 18px; font-weight: 700; color: #2c3e50;\">Dra. Anna Lu\u00edsa Barbosa Fernandes<\/span>\n          <span style=\"color: #555;\">CRM-GO 33.271<\/span>\n        <\/span>\n      <\/span>\n\n      <!-- Redes -->\n      <span style=\"display: flex; align-items: center; gap: 10px; margin-top: 12px;\">\n        <img decoding=\"async\" src=\"https:\/\/cdn-icons-png.flaticon.com\/24\/1384\/1384063.png\" alt=\"Instagram\" width=\"24\" height=\"24\" \/>\n        <span style=\"text-decoration: underline; color: #2c3e50;\">@dra.annaluisabf<\/span>\n      <\/span>\n\n    <\/span>\n  <\/a>","protected":false},"excerpt":{"rendered":"<p>Gerenciar conflitos em situa\u00e7\u00f5es de alta tens\u00e3o \u00e9 uma habilidade que muitos buscam dominar. O sil\u00eancio, frequentemente mal interpretado, emerge como um recurso potente nesse contexto, pois n\u00e3o implica submiss\u00e3o, mas demonstra um controle emocional refinado que pode evitar rea\u00e7\u00f5es impulsivas e preservar relacionamentos importantes. Como o sil\u00eancio fortalece o controle emocional? O sil\u00eancio atua [&hellip;]<\/p>\n","protected":false},"author":14,"featured_media":66586,"comment_status":"open","ping_status":"open","sticky":false,"template":"","format":"standard","meta":{"_yoast_wpseo_focuskw":"sil\u00eancio","_yoast_wpseo_title":"","_yoast_wpseo_metadesc":"O sil\u00eancio pode ser uma estrat\u00e9gia poderosa para controlar emo\u00e7\u00f5es e evitar conflitos. Entenda.","jnews-multi-image_gallery":[],"jnews_single_post":{"format":"standard"},"jnews_primary_category":[],"jnews_social_meta":[],"jnews_override_counter":[],"footnotes":""},"categories":[4404],"post_tag":[120,247,1318],"class_list":["post-204753","post","type-post","status-publish","format-standard","has-post-thumbnail","hentry","category-saude","tag-bem-estar","tag-qualidade-de-vida","tag-saude-2"],"yoast_head":"<!-- This site is optimized with the Yoast SEO plugin v24.6 - https:\/\/yoast.com\/wordpress\/plugins\/seo\/ -->\n<title>Por que pessoas emocionalmente inteligentes usam o sil\u00eancio - Correio Braziliense - Radar<\/title>\n<meta name=\"description\" content=\"O sil\u00eancio pode ser uma estrat\u00e9gia poderosa para controlar emo\u00e7\u00f5es e evitar conflitos. Entenda.\" \/>\n<meta name=\"robots\" content=\"index, follow, max-snippet:-1, max-image-preview:large, max-video-preview:-1\" \/>\n<link rel=\"canonical\" href=\"https:\/\/www.correiobraziliense.com.br\/cbradar\/por-que-pessoas-emocionalmente-inteligentes-usam-o-silencio\/\" \/>\n<meta property=\"og:locale\" content=\"pt_BR\" \/>\n<meta property=\"og:type\" content=\"article\" \/>\n<meta property=\"og:title\" content=\"Por que pessoas emocionalmente inteligentes usam o sil\u00eancio - Correio Braziliense - Radar\" \/>\n<meta property=\"og:description\" content=\"O sil\u00eancio pode ser uma estrat\u00e9gia poderosa para controlar emo\u00e7\u00f5es e evitar conflitos. Entenda.\" \/>\n<meta property=\"og:url\" content=\"https:\/\/www.correiobraziliense.com.br\/cbradar\/por-que-pessoas-emocionalmente-inteligentes-usam-o-silencio\/\" \/>\n<meta property=\"og:site_name\" content=\"Correio Braziliense - Radar\" \/>\n<meta property=\"article:published_time\" content=\"2026-03-08T09:05:00+00:00\" \/>\n<meta property=\"og:image\" content=\"https:\/\/www.correiobraziliense.com.br\/cbradar\/wp-content\/uploads\/2025\/07\/silencio_1751979823089.jpg\" \/>\n\t<meta property=\"og:image:width\" content=\"1280\" \/>\n\t<meta property=\"og:image:height\" content=\"720\" \/>\n\t<meta property=\"og:image:type\" content=\"image\/jpeg\" \/>\n<meta name=\"author\" content=\"guilherme_saude\" \/>\n<meta name=\"twitter:card\" content=\"summary_large_image\" \/>\n<meta name=\"twitter:label1\" content=\"Escrito por\" \/>\n\t<meta name=\"twitter:data1\" content=\"guilherme_saude\" \/>\n\t<meta name=\"twitter:label2\" content=\"Est. tempo de leitura\" \/>\n\t<meta name=\"twitter:data2\" content=\"4 minutos\" \/>\n<!-- \/ Yoast SEO plugin. -->","yoast_head_json":{"title":"Por que pessoas emocionalmente inteligentes usam o sil\u00eancio - Correio Braziliense - Radar","description":"O sil\u00eancio pode ser uma estrat\u00e9gia poderosa para controlar emo\u00e7\u00f5es e evitar conflitos. Entenda.","robots":{"index":"index","follow":"follow","max-snippet":"max-snippet:-1","max-image-preview":"max-image-preview:large","max-video-preview":"max-video-preview:-1"},"canonical":"https:\/\/www.correiobraziliense.com.br\/cbradar\/por-que-pessoas-emocionalmente-inteligentes-usam-o-silencio\/","og_locale":"pt_BR","og_type":"article","og_title":"Por que pessoas emocionalmente inteligentes usam o sil\u00eancio - Correio Braziliense - Radar","og_description":"O sil\u00eancio pode ser uma estrat\u00e9gia poderosa para controlar emo\u00e7\u00f5es e evitar conflitos. Entenda.","og_url":"https:\/\/www.correiobraziliense.com.br\/cbradar\/por-que-pessoas-emocionalmente-inteligentes-usam-o-silencio\/","og_site_name":"Correio Braziliense - Radar","article_published_time":"2026-03-08T09:05:00+00:00","og_image":[{"width":1280,"height":720,"url":"https:\/\/www.correiobraziliense.com.br\/cbradar\/wp-content\/uploads\/2025\/07\/silencio_1751979823089.jpg","type":"image\/jpeg"}],"author":"guilherme_saude","twitter_card":"summary_large_image","twitter_misc":{"Escrito por":"guilherme_saude","Est. tempo de leitura":"4 minutos"},"schema":{"@context":"https:\/\/schema.org","@graph":[{"@type":"WebPage","@id":"https:\/\/www.correiobraziliense.com.br\/cbradar\/por-que-pessoas-emocionalmente-inteligentes-usam-o-silencio\/","url":"https:\/\/www.correiobraziliense.com.br\/cbradar\/por-que-pessoas-emocionalmente-inteligentes-usam-o-silencio\/","name":"Por que pessoas emocionalmente inteligentes usam o sil\u00eancio - Correio Braziliense - Radar","isPartOf":{"@id":"https:\/\/www.correiobraziliense.com.br\/cbradar\/#website"},"primaryImageOfPage":{"@id":"https:\/\/www.correiobraziliense.com.br\/cbradar\/por-que-pessoas-emocionalmente-inteligentes-usam-o-silencio\/#primaryimage"},"image":{"@id":"https:\/\/www.correiobraziliense.com.br\/cbradar\/por-que-pessoas-emocionalmente-inteligentes-usam-o-silencio\/#primaryimage"},"thumbnailUrl":"https:\/\/www.correiobraziliense.com.br\/cbradar\/wp-content\/uploads\/2025\/07\/silencio_1751979823089.jpg","datePublished":"2026-03-08T09:05:00+00:00","author":{"@id":"https:\/\/www.correiobraziliense.com.br\/cbradar\/#\/schema\/person\/5aa4bf3c8fa699c267933611de12978b"},"description":"O sil\u00eancio pode ser uma estrat\u00e9gia poderosa para controlar emo\u00e7\u00f5es e evitar conflitos. Entenda.","breadcrumb":{"@id":"https:\/\/www.correiobraziliense.com.br\/cbradar\/por-que-pessoas-emocionalmente-inteligentes-usam-o-silencio\/#breadcrumb"},"inLanguage":"pt-BR","potentialAction":[{"@type":"ReadAction","target":["https:\/\/www.correiobraziliense.com.br\/cbradar\/por-que-pessoas-emocionalmente-inteligentes-usam-o-silencio\/"]}]},{"@type":"ImageObject","inLanguage":"pt-BR","@id":"https:\/\/www.correiobraziliense.com.br\/cbradar\/por-que-pessoas-emocionalmente-inteligentes-usam-o-silencio\/#primaryimage","url":"https:\/\/www.correiobraziliense.com.br\/cbradar\/wp-content\/uploads\/2025\/07\/silencio_1751979823089.jpg","contentUrl":"https:\/\/www.correiobraziliense.com.br\/cbradar\/wp-content\/uploads\/2025\/07\/silencio_1751979823089.jpg","width":1280,"height":720,"caption":"Sil\u00eancio - Cr\u00e9ditos: depositphotos.com \/ AllaSerebrina"},{"@type":"BreadcrumbList","@id":"https:\/\/www.correiobraziliense.com.br\/cbradar\/por-que-pessoas-emocionalmente-inteligentes-usam-o-silencio\/#breadcrumb","itemListElement":[{"@type":"ListItem","position":1,"name":"In\u00edcio","item":"https:\/\/www.correiobraziliense.com.br\/cbradar\/"},{"@type":"ListItem","position":2,"name":"Por que pessoas emocionalmente inteligentes usam o sil\u00eancio"}]},{"@type":"WebSite","@id":"https:\/\/www.correiobraziliense.com.br\/cbradar\/#website","url":"https:\/\/www.correiobraziliense.com.br\/cbradar\/","name":"Correio Braziliense - Radar","description":"Acompanhe as \u00faltimas not\u00edcias e fique bem informado sobre tudo o que acontece no Brasil e no mundo.","potentialAction":[{"@type":"SearchAction","target":{"@type":"EntryPoint","urlTemplate":"https:\/\/www.correiobraziliense.com.br\/cbradar\/?s={search_term_string}"},"query-input":{"@type":"PropertyValueSpecification","valueRequired":true,"valueName":"search_term_string"}}],"inLanguage":"pt-BR"},{"@type":"Person","@id":"https:\/\/www.correiobraziliense.com.br\/cbradar\/#\/schema\/person\/5aa4bf3c8fa699c267933611de12978b","name":"guilherme_saude","image":{"@type":"ImageObject","inLanguage":"pt-BR","@id":"https:\/\/www.correiobraziliense.com.br\/cbradar\/#\/schema\/person\/image\/","url":"https:\/\/secure.gravatar.com\/avatar\/df9adfb835d344bc0af109d41756253f?s=96&d=mm&r=g","contentUrl":"https:\/\/secure.gravatar.com\/avatar\/df9adfb835d344bc0af109d41756253f?s=96&d=mm&r=g","caption":"guilherme_saude"},"url":"https:\/\/www.correiobraziliense.com.br\/cbradar\/author\/guilherme_saude\/"}]}},"_links":{"self":[{"href":"https:\/\/www.correiobraziliense.com.br\/cbradar\/wp-json\/wp\/v2\/posts\/204753","targetHints":{"allow":["GET"]}}],"collection":[{"href":"https:\/\/www.correiobraziliense.com.br\/cbradar\/wp-json\/wp\/v2\/posts"}],"about":[{"href":"https:\/\/www.correiobraziliense.com.br\/cbradar\/wp-json\/wp\/v2\/types\/post"}],"author":[{"embeddable":true,"href":"https:\/\/www.correiobraziliense.com.br\/cbradar\/wp-json\/wp\/v2\/users\/14"}],"replies":[{"embeddable":true,"href":"https:\/\/www.correiobraziliense.com.br\/cbradar\/wp-json\/wp\/v2\/comments?post=204753"}],"version-history":[{"count":1,"href":"https:\/\/www.correiobraziliense.com.br\/cbradar\/wp-json\/wp\/v2\/posts\/204753\/revisions"}],"predecessor-version":[{"id":204755,"href":"https:\/\/www.correiobraziliense.com.br\/cbradar\/wp-json\/wp\/v2\/posts\/204753\/revisions\/204755"}],"wp:featuredmedia":[{"embeddable":true,"href":"https:\/\/www.correiobraziliense.com.br\/cbradar\/wp-json\/wp\/v2\/media\/66586"}],"wp:attachment":[{"href":"https:\/\/www.correiobraziliense.com.br\/cbradar\/wp-json\/wp\/v2\/media?parent=204753"}],"wp:term":[{"taxonomy":"category","embeddable":true,"href":"https:\/\/www.correiobraziliense.com.br\/cbradar\/wp-json\/wp\/v2\/categories?post=204753"},{"taxonomy":"post_tag","embeddable":true,"href":"https:\/\/www.correiobraziliense.com.br\/cbradar\/wp-json\/wp\/v2\/post_tag?post=204753"}],"curies":[{"name":"wp","href":"https:\/\/api.w.org\/{rel}","templated":true}]}}