{"id":204765,"date":"2026-03-08T13:15:00","date_gmt":"2026-03-08T16:15:00","guid":{"rendered":"https:\/\/www.correiobraziliense.com.br\/cbradar\/?p=204765"},"modified":"2026-03-07T14:30:24","modified_gmt":"2026-03-07T17:30:24","slug":"o-que-acontece-com-o-corpo-quando-voce-bebe-cafe-todos-os-dias","status":"publish","type":"post","link":"https:\/\/www.correiobraziliense.com.br\/cbradar\/o-que-acontece-com-o-corpo-quando-voce-bebe-cafe-todos-os-dias\/","title":{"rendered":"O que acontece com o corpo quando voc\u00ea bebe caf\u00e9 todos os dias"},"content":{"rendered":"\n<p>O <strong>Caf\u00e9 <\/strong>\u00e9 uma das bebidas mais consumidas no mundo e, quando ingerido de forma adequada, pode trazer benef\u00edcios importantes \u00e0 sa\u00fade. Rico em compostos bioativos, ele atua como estimulante do sistema nervoso central, melhora a fun\u00e7\u00e3o cognitiva e pode auxiliar no controle do peso, desde que integrado a uma rotina equilibrada de alimenta\u00e7\u00e3o e sono.<\/p>\n\n\n\n<h2 class=\"wp-block-heading\">Como o caf\u00e9 age no c\u00e9rebro e no estado de alerta?<\/h2>\n\n\n\n<p>A principal subst\u00e2ncia ativa do caf\u00e9 \u00e9 a cafe\u00edna, que bloqueia a a\u00e7\u00e3o da adenosina, neurotransmissor relacionado \u00e0 sensa\u00e7\u00e3o de sono e cansa\u00e7o. Com isso, ocorre aumento da atividade neuronal, favorecendo maior alerta, foco e redu\u00e7\u00e3o da fadiga mental ao longo do dia.<\/p>\n\n\n\n<p>Al\u00e9m do efeito imediato na disposi\u00e7\u00e3o, o consumo moderado e regular de caf\u00e9 pode contribuir para melhor desempenho em tarefas que exigem aten\u00e7\u00e3o e concentra\u00e7\u00e3o. No entanto, a sensibilidade individual \u00e0 cafe\u00edna varia, exigindo ajuste de quantidade para evitar efeitos indesejados.<\/p>\n\n\n\n<p>Para compreender melhor como a <strong>Cafe\u00edna<\/strong> age no organismo e quais s\u00e3o seus efeitos sobre o c\u00e9rebro e o sono, assista ao v\u00eddeo a seguir, no qual o especialista explica o assunto de forma clara e did\u00e1tica no canal respons\u00e1vel pelo conte\u00fado.<\/p>\n\n\n\n<iframe loading=\"lazy\" width=\"1396\" height=\"785\" src=\"https:\/\/www.youtube.com\/embed\/khdTnLsxmvw\" title=\"1. Como a Cafe\u00edna Age no Seu Corpo? | Efeitos no C\u00e9rebro e no Sono\" frameborder=\"0\" allow=\"accelerometer; autoplay; clipboard-write; encrypted-media; gyroscope; picture-in-picture; web-share\" referrerpolicy=\"strict-origin-when-cross-origin\" allowfullscreen><\/iframe>\n\n\n\n<h2 class=\"wp-block-heading\">Qual \u00e9 a influ\u00eancia do caf\u00e9 na fun\u00e7\u00e3o cognitiva?<\/h2>\n\n\n\n<p>O impacto do caf\u00e9 na fun\u00e7\u00e3o cognitiva vai al\u00e9m do aumento de energia, pois a cafe\u00edna estimula a neurotransmiss\u00e3o de dopamina e noradrenalina. Essas subst\u00e2ncias est\u00e3o associadas \u00e0 melhora do humor, do estado de alerta e da capacidade de enfrentar desafios intelectuais com mais disposi\u00e7\u00e3o.<\/p>\n\n\n\n\n<style>\n  .make-wrap{\n    max-width: 760px;\n    margin: 26px auto;\n    padding: 18px;\n    border-radius: 18px;\n    background: linear-gradient(135deg,#fff7fb 0%,#f6f2ff 100%);\n    border: 1px solid #f7d4ea;\n    box-shadow: 0 8px 20px rgba(236,72,153,.12);\n    font-family: system-ui, -apple-system, Segoe UI, Roboto, Helvetica, Arial, sans-serif;\n  }\n\n  .make-title{\n    display:flex; \n    align-items:center; \n    gap:10px;\n    margin:0 0 12px 4px;\n    font-size:1.2rem; \n    font-weight:900; \n    color:#9d174d;\n  }\n\n  .make-table{\n    width:100%;\n    border-collapse:separate;\n    border-spacing:0;\n    overflow:hidden;\n    border-radius:16px;\n    border:1px solid #f7d4ea;\n    background:#fff;\n    font-size:.92rem;\n  }\n\n  .make-table thead th{\n    background:linear-gradient(90deg,#fde7f3 0%,#f8e9ff 100%);\n    padding:12px;\n    color:#7a1e63;\n    font-weight:800;\n    text-align:left;\n    border-bottom:1px solid #f7d4ea;\n  }\n\n  .make-table tbody td{\n    padding:12px;\n    color:#374151;\n    vertical-align:top;\n    border-bottom:1px dashed #f7d4ea;\n  }\n\n  .make-table tbody tr:nth-child(odd){\n    background:#fffaff;\n  }\n\n  .price{\n    display:inline-flex;\n    align-items:center;\n    background:#fff7ed;\n    color:#b45309;\n    padding:6px 10px;\n    border-radius:10px;\n    border:1px solid #fed7aa;\n    font-weight:700;\n    white-space:nowrap;\n  }\n\n  .badge{\n    display:inline-block;\n    background:#fde7f3;\n    color:#c026d3;\n    border:1px solid #fecdd3;\n    padding:4px 10px;\n    border-radius:999px;\n    font-weight:700;\n    font-size:.78rem;\n  }\n\n  @media (max-width:720px){\n    .make-table thead{display:none}\n    .make-table, .make-table tbody, .make-table tr, .make-table td{\n      display:block; \n      width:100%;\n    }\n    .make-table tr{\n      margin-bottom:12px;\n      border:1px solid #f7d4ea;\n      border-radius:14px;\n      overflow:hidden;\n      background:#fff;\n    }\n    .make-table td[data-label]:before{\n      content:attr(data-label);\n      display:block;\n      font-weight:800;\n      color:#7a1e63;\n      margin-bottom:4px;\n    }\n    .make-table tbody td:last-child{border-bottom:none}\n  }\n<\/style>\n\n<div class=\"make-wrap\">\n  <h3 class=\"make-title\">\u2615\ud83e\udde0 Benef\u00edcios do Caf\u00e9 para o C\u00e9rebro<\/h3>\n\n  <table class=\"make-table\">\n    <thead>\n      <tr>\n        <th>Efeito<\/th>\n        <th>Impacto no organismo<\/th>\n      <\/tr>\n    <\/thead>\n    <tbody>\n      <tr>\n        <td data-label=\"Efeito\"><span class=\"badge\">Foco e rea\u00e7\u00e3o<\/span><\/td>\n        <td data-label=\"Impacto no organismo\">Melhora do tempo de rea\u00e7\u00e3o e da aten\u00e7\u00e3o sustentada em tarefas di\u00e1rias.<\/td>\n      <\/tr>\n      <tr>\n        <td data-label=\"Efeito\"><span class=\"badge\">Preven\u00e7\u00e3o neurol\u00f3gica<\/span><\/td>\n        <td data-label=\"Impacto no organismo\">Potencial redu\u00e7\u00e3o do risco de doen\u00e7as como Alzheimer e Parkinson.<\/td>\n      <\/tr>\n      <tr>\n        <td data-label=\"Efeito\"><span class=\"badge\">A\u00e7\u00e3o antioxidante<\/span><\/td>\n        <td data-label=\"Impacto no organismo\">Os \u00e1cidos clorog\u00eanicos ajudam a combater o estresse oxidativo.<\/td>\n      <\/tr>\n      <tr>\n        <td data-label=\"Efeito\"><span class=\"badge\">Prote\u00e7\u00e3o cerebral<\/span><\/td>\n        <td data-label=\"Impacto no organismo\">Ajuda a proteger c\u00e9lulas cerebrais contra danos relacionados ao envelhecimento.<\/td>\n      <\/tr>\n    <\/tbody>\n  <\/table>\n\n  <p style=\"margin-top:14px; color:#6b7280; font-size:.9rem;\">\n    \ud83d\udca1 <strong>Dica:<\/strong> O consumo moderado de caf\u00e9 pode trazer benef\u00edcios cognitivos quando associado a um estilo de vida saud\u00e1vel.\n  <\/p>\n<\/div>\n\n\n\n\n\n<h2 class=\"wp-block-heading\">Como o caf\u00e9 auxilia no controle de peso?<\/h2>\n\n\n\n<p>Um dos efeitos menos conhecidos do caf\u00e9 \u00e9 sua a\u00e7\u00e3o termog\u00eanica, capaz de aumentar o metabolismo basal e a queima de gordura. Quando consumido antes de atividades f\u00edsicas, pode intensificar o gasto cal\u00f3rico e, em algumas pessoas, reduzir temporariamente o apetite.<\/p>\n\n\n\n<p>Al\u00e9m disso, o caf\u00e9 fornece pequenas quantidades de vitaminas e minerais, como magn\u00e9sio e pot\u00e1ssio, que participam do bom funcionamento do metabolismo. Esses nutrientes contribuem para a sa\u00fade card\u00edaca e para o suporte a um organismo mais ativo e eficiente.<\/p>\n\n\n\n<figure class=\"wp-block-image size-large\"><img decoding=\"async\" width=\"1024\" height=\"576\" src=\"https:\/\/www.correiobraziliense.com.br\/cbradar\/wp-content\/uploads\/2025\/08\/Cafeina-_1754315262592-1024x576.jpg\" alt=\"\" class=\"wp-image-80642\" srcset=\"https:\/\/www.correiobraziliense.com.br\/cbradar\/wp-content\/uploads\/2025\/08\/Cafeina-_1754315262592-1024x576.jpg 1024w, https:\/\/www.correiobraziliense.com.br\/cbradar\/wp-content\/uploads\/2025\/08\/Cafeina-_1754315262592-300x169.jpg 300w, https:\/\/www.correiobraziliense.com.br\/cbradar\/wp-content\/uploads\/2025\/08\/Cafeina-_1754315262592-768x432.jpg 768w, https:\/\/www.correiobraziliense.com.br\/cbradar\/wp-content\/uploads\/2025\/08\/Cafeina-_1754315262592-750x422.jpg 750w, https:\/\/www.correiobraziliense.com.br\/cbradar\/wp-content\/uploads\/2025\/08\/Cafeina-_1754315262592-1140x641.jpg 1140w, https:\/\/www.correiobraziliense.com.br\/cbradar\/wp-content\/uploads\/2025\/08\/Cafeina-_1754315262592.jpg 1280w\" sizes=\"(max-width: 1024px) 100vw, 1024px\" \/><figcaption class=\"wp-element-caption\">Cafe\u00edna &#8211; Cr\u00e9ditos: depositphotos.com \/ MicEnin<\/figcaption><\/figure>\n\n\n\n<h2 class=\"wp-block-heading\">Quais s\u00e3o os riscos do consumo inadequado de caf\u00e9?<\/h2>\n\n\n\n<p>Apesar de seus benef\u00edcios, o consumo excessivo de caf\u00e9 ou o uso de aditivos cal\u00f3ricos, como grandes quantidades de a\u00e7\u00facar e cremes, pode anular efeitos positivos. O excesso de cafe\u00edna pode desencadear ansiedade, ins\u00f4nia, palpita\u00e7\u00f5es e piora da qualidade do sono, especialmente \u00e0 noite.<\/p>\n\n\n\n<p>Para reduzir riscos, \u00e9 importante limitar a quantidade di\u00e1ria de caf\u00e9, evitar ado\u00e7\u00e1-lo em excesso e preferir formas de preparo simples. Optar por caf\u00e9 filtrado, com pouco ou nenhum a\u00e7\u00facar, ajuda a preservar suas propriedades ben\u00e9ficas e a manter o consumo dentro de um padr\u00e3o saud\u00e1vel.<\/p>\n\n\n\n<h2 class=\"wp-block-heading\">O caf\u00e9 \u00e9 seguro para todas as pessoas?<\/h2>\n\n\n\n<p>Estudos indicam que o consumo moderado de caf\u00e9 \u00e9 seguro para a maioria dos adultos e pode at\u00e9 ajudar na preven\u00e7\u00e3o do diabetes tipo 2, ao melhorar a fun\u00e7\u00e3o das c\u00e9lulas beta do p\u00e2ncreas. Como uma das principais fontes de antioxidantes na dieta, tamb\u00e9m contribui para prote\u00e7\u00e3o neurol\u00f3gica e possivelmente maior longevidade.<\/p>\n\n\n\n<p>Por outro lado, pessoas com sensibilidade \u00e0 cafe\u00edna, dist\u00farbios de ansiedade, problemas g\u00e1stricos ou condi\u00e7\u00f5es card\u00edacas espec\u00edficas devem consultar um profissional de sa\u00fade antes de incluir o caf\u00e9 de forma regular. Consumir a bebida de maneira consciente e individualizada \u00e9 essencial para aproveitar seus benef\u00edcios com seguran\u00e7a.<\/p>\n\n\n<a href=\"https:\/\/www.instagram.com\/dra.annaluisabf\/\" target=\"_blank\" rel=\"noopener\" style=\"text-decoration: none; color: inherit;\">\n    <span style=\"display: inline-block; border: 1px solid #ccc; border-radius: 10px; padding: 15px; max-width: 550px; font-family: sans-serif; box-shadow: 0 2px 5px rgba(0,0,0,0.1); width: 100%;\">\n\n      <!-- T\u00edtulo -->\n      <span style=\"display: block; margin: 0 0 15px 0; font-weight: bold; color: #2c3e50; text-align: center;\">\n        Entre em contato:\n      <\/span>\n\n      <!-- Linha do perfil -->\n      <span style=\"display: flex; align-items: center; gap: 15px;\">\n        <img decoding=\"async\"\n          src=\"https:\/\/www.correiobraziliense.com.br\/cbradar\/wp-content\/uploads\/2025\/08\/dra_anna_luisa.jpeg\"\n          alt=\"Foto da Dra. Anna Lu\u00edsa\"\n          style=\"border-radius: 50%; width: 80px; height: 80px; object-fit: cover;\"\n        \/>\n        <span style=\"display: flex; flex-direction: column;\">\n          <span style=\"font-size: 18px; font-weight: 700; color: #2c3e50;\">Dra. Anna Lu\u00edsa Barbosa Fernandes<\/span>\n          <span style=\"color: #555;\">CRM-GO 33.271<\/span>\n        <\/span>\n      <\/span>\n\n      <!-- Redes -->\n      <span style=\"display: flex; align-items: center; gap: 10px; margin-top: 12px;\">\n        <img decoding=\"async\" src=\"https:\/\/cdn-icons-png.flaticon.com\/24\/1384\/1384063.png\" alt=\"Instagram\" width=\"24\" height=\"24\" \/>\n        <span style=\"text-decoration: underline; color: #2c3e50;\">@dra.annaluisabf<\/span>\n      <\/span>\n\n    <\/span>\n  <\/a>","protected":false},"excerpt":{"rendered":"<p>O Caf\u00e9 \u00e9 uma das bebidas mais consumidas no mundo e, quando ingerido de forma adequada, pode trazer benef\u00edcios importantes \u00e0 sa\u00fade. Rico em compostos bioativos, ele atua como estimulante do sistema nervoso central, melhora a fun\u00e7\u00e3o cognitiva e pode auxiliar no controle do peso, desde que integrado a uma rotina equilibrada de alimenta\u00e7\u00e3o e [&hellip;]<\/p>\n","protected":false},"author":14,"featured_media":43110,"comment_status":"open","ping_status":"open","sticky":false,"template":"","format":"standard","meta":{"_yoast_wpseo_focuskw":"beber caf\u00e9 todos os dias","_yoast_wpseo_title":"","_yoast_wpseo_metadesc":"O caf\u00e9 pode melhorar foco, energia e metabolismo quando consumido com modera\u00e7\u00e3o. Entenda.","jnews-multi-image_gallery":[],"jnews_single_post":{"format":"standard","override":[{"template":"2","parallax":"1","fullscreen":"1","layout":"right-sidebar","sidebar":"default-sidebar","second_sidebar":"default-sidebar","sticky_sidebar":"1","share_position":"topbottom","share_float_style":"share-monocrhome","show_featured":"1","show_post_meta":"1","show_post_author":"1","show_post_date":"1","post_date_format":"custom","post_date_format_custom":"d\/m\/Y","show_post_category":"1","show_post_reading_time":"0","post_reading_time_wpm":"300","post_calculate_word_method":"str_word_count","show_zoom_button":"0","zoom_button_out_step":"2","zoom_button_in_step":"3","show_post_tag":"1","show_comment_section":"1","number_popup_post":"3","show_inline_post_related":"1"}],"image_override":[{"single_post_thumbnail_size":"crop-500","single_post_gallery_size":"crop-500"}],"trending_post_position":"meta","trending_post_label":"Trending","sponsored_post_label":"Sponsored by","disable_ad":"0"},"jnews_primary_category":[],"jnews_social_meta":[],"jnews_override_counter":{"view_counter_number":"0","share_counter_number":"0","like_counter_number":"0","dislike_counter_number":"0"},"footnotes":""},"categories":[4404],"post_tag":[120,247,1318],"class_list":["post-204765","post","type-post","status-publish","format-standard","has-post-thumbnail","hentry","category-saude","tag-bem-estar","tag-qualidade-de-vida","tag-saude-2"],"yoast_head":"<!-- This site is optimized with the Yoast SEO plugin v24.6 - https:\/\/yoast.com\/wordpress\/plugins\/seo\/ -->\n<title>O que acontece com o corpo quando voc\u00ea bebe caf\u00e9 todos os dias - Correio Braziliense - Radar<\/title>\n<meta name=\"description\" content=\"O caf\u00e9 pode melhorar foco, energia e metabolismo quando consumido com modera\u00e7\u00e3o. Entenda.\" \/>\n<meta name=\"robots\" content=\"index, follow, max-snippet:-1, max-image-preview:large, max-video-preview:-1\" \/>\n<link rel=\"canonical\" href=\"https:\/\/www.correiobraziliense.com.br\/cbradar\/o-que-acontece-com-o-corpo-quando-voce-bebe-cafe-todos-os-dias\/\" \/>\n<meta property=\"og:locale\" content=\"pt_BR\" \/>\n<meta property=\"og:type\" content=\"article\" \/>\n<meta property=\"og:title\" content=\"O que acontece com o corpo quando voc\u00ea bebe caf\u00e9 todos os dias - Correio Braziliense - Radar\" \/>\n<meta property=\"og:description\" content=\"O caf\u00e9 pode melhorar foco, energia e metabolismo quando consumido com modera\u00e7\u00e3o. Entenda.\" \/>\n<meta property=\"og:url\" content=\"https:\/\/www.correiobraziliense.com.br\/cbradar\/o-que-acontece-com-o-corpo-quando-voce-bebe-cafe-todos-os-dias\/\" \/>\n<meta property=\"og:site_name\" content=\"Correio Braziliense - Radar\" \/>\n<meta property=\"article:published_time\" content=\"2026-03-08T16:15:00+00:00\" \/>\n<meta property=\"og:image\" content=\"https:\/\/www.correiobraziliense.com.br\/cbradar\/wp-content\/uploads\/2025\/05\/coffe_1748267454764.jpg\" \/>\n\t<meta property=\"og:image:width\" content=\"1280\" \/>\n\t<meta property=\"og:image:height\" content=\"720\" \/>\n\t<meta property=\"og:image:type\" content=\"image\/jpeg\" \/>\n<meta name=\"author\" content=\"guilherme_saude\" \/>\n<meta name=\"twitter:card\" content=\"summary_large_image\" \/>\n<meta name=\"twitter:label1\" content=\"Escrito por\" \/>\n\t<meta name=\"twitter:data1\" content=\"guilherme_saude\" \/>\n\t<meta name=\"twitter:label2\" content=\"Est. tempo de leitura\" \/>\n\t<meta name=\"twitter:data2\" content=\"5 minutos\" \/>\n<!-- \/ Yoast SEO plugin. -->","yoast_head_json":{"title":"O que acontece com o corpo quando voc\u00ea bebe caf\u00e9 todos os dias - Correio Braziliense - Radar","description":"O caf\u00e9 pode melhorar foco, energia e metabolismo quando consumido com modera\u00e7\u00e3o. Entenda.","robots":{"index":"index","follow":"follow","max-snippet":"max-snippet:-1","max-image-preview":"max-image-preview:large","max-video-preview":"max-video-preview:-1"},"canonical":"https:\/\/www.correiobraziliense.com.br\/cbradar\/o-que-acontece-com-o-corpo-quando-voce-bebe-cafe-todos-os-dias\/","og_locale":"pt_BR","og_type":"article","og_title":"O que acontece com o corpo quando voc\u00ea bebe caf\u00e9 todos os dias - Correio Braziliense - Radar","og_description":"O caf\u00e9 pode melhorar foco, energia e metabolismo quando consumido com modera\u00e7\u00e3o. Entenda.","og_url":"https:\/\/www.correiobraziliense.com.br\/cbradar\/o-que-acontece-com-o-corpo-quando-voce-bebe-cafe-todos-os-dias\/","og_site_name":"Correio Braziliense - Radar","article_published_time":"2026-03-08T16:15:00+00:00","og_image":[{"width":1280,"height":720,"url":"https:\/\/www.correiobraziliense.com.br\/cbradar\/wp-content\/uploads\/2025\/05\/coffe_1748267454764.jpg","type":"image\/jpeg"}],"author":"guilherme_saude","twitter_card":"summary_large_image","twitter_misc":{"Escrito por":"guilherme_saude","Est. tempo de leitura":"5 minutos"},"schema":{"@context":"https:\/\/schema.org","@graph":[{"@type":"WebPage","@id":"https:\/\/www.correiobraziliense.com.br\/cbradar\/o-que-acontece-com-o-corpo-quando-voce-bebe-cafe-todos-os-dias\/","url":"https:\/\/www.correiobraziliense.com.br\/cbradar\/o-que-acontece-com-o-corpo-quando-voce-bebe-cafe-todos-os-dias\/","name":"O que acontece com o corpo quando voc\u00ea bebe caf\u00e9 todos os dias - Correio Braziliense - Radar","isPartOf":{"@id":"https:\/\/www.correiobraziliense.com.br\/cbradar\/#website"},"primaryImageOfPage":{"@id":"https:\/\/www.correiobraziliense.com.br\/cbradar\/o-que-acontece-com-o-corpo-quando-voce-bebe-cafe-todos-os-dias\/#primaryimage"},"image":{"@id":"https:\/\/www.correiobraziliense.com.br\/cbradar\/o-que-acontece-com-o-corpo-quando-voce-bebe-cafe-todos-os-dias\/#primaryimage"},"thumbnailUrl":"https:\/\/www.correiobraziliense.com.br\/cbradar\/wp-content\/uploads\/2025\/05\/coffe_1748267454764.jpg","datePublished":"2026-03-08T16:15:00+00:00","author":{"@id":"https:\/\/www.correiobraziliense.com.br\/cbradar\/#\/schema\/person\/5aa4bf3c8fa699c267933611de12978b"},"description":"O caf\u00e9 pode melhorar foco, energia e metabolismo quando consumido com modera\u00e7\u00e3o. Entenda.","breadcrumb":{"@id":"https:\/\/www.correiobraziliense.com.br\/cbradar\/o-que-acontece-com-o-corpo-quando-voce-bebe-cafe-todos-os-dias\/#breadcrumb"},"inLanguage":"pt-BR","potentialAction":[{"@type":"ReadAction","target":["https:\/\/www.correiobraziliense.com.br\/cbradar\/o-que-acontece-com-o-corpo-quando-voce-bebe-cafe-todos-os-dias\/"]}]},{"@type":"ImageObject","inLanguage":"pt-BR","@id":"https:\/\/www.correiobraziliense.com.br\/cbradar\/o-que-acontece-com-o-corpo-quando-voce-bebe-cafe-todos-os-dias\/#primaryimage","url":"https:\/\/www.correiobraziliense.com.br\/cbradar\/wp-content\/uploads\/2025\/05\/coffe_1748267454764.jpg","contentUrl":"https:\/\/www.correiobraziliense.com.br\/cbradar\/wp-content\/uploads\/2025\/05\/coffe_1748267454764.jpg","width":1280,"height":720,"caption":"Caf\u00e9 - Cr\u00e9ditos: depositphotos.com \/ VitalikRadko"},{"@type":"BreadcrumbList","@id":"https:\/\/www.correiobraziliense.com.br\/cbradar\/o-que-acontece-com-o-corpo-quando-voce-bebe-cafe-todos-os-dias\/#breadcrumb","itemListElement":[{"@type":"ListItem","position":1,"name":"In\u00edcio","item":"https:\/\/www.correiobraziliense.com.br\/cbradar\/"},{"@type":"ListItem","position":2,"name":"O que acontece com o corpo quando voc\u00ea bebe caf\u00e9 todos os dias"}]},{"@type":"WebSite","@id":"https:\/\/www.correiobraziliense.com.br\/cbradar\/#website","url":"https:\/\/www.correiobraziliense.com.br\/cbradar\/","name":"Correio Braziliense - Radar","description":"Acompanhe as \u00faltimas not\u00edcias e fique bem informado sobre tudo o que acontece no Brasil e no mundo.","potentialAction":[{"@type":"SearchAction","target":{"@type":"EntryPoint","urlTemplate":"https:\/\/www.correiobraziliense.com.br\/cbradar\/?s={search_term_string}"},"query-input":{"@type":"PropertyValueSpecification","valueRequired":true,"valueName":"search_term_string"}}],"inLanguage":"pt-BR"},{"@type":"Person","@id":"https:\/\/www.correiobraziliense.com.br\/cbradar\/#\/schema\/person\/5aa4bf3c8fa699c267933611de12978b","name":"guilherme_saude","image":{"@type":"ImageObject","inLanguage":"pt-BR","@id":"https:\/\/www.correiobraziliense.com.br\/cbradar\/#\/schema\/person\/image\/","url":"https:\/\/secure.gravatar.com\/avatar\/df9adfb835d344bc0af109d41756253f?s=96&d=mm&r=g","contentUrl":"https:\/\/secure.gravatar.com\/avatar\/df9adfb835d344bc0af109d41756253f?s=96&d=mm&r=g","caption":"guilherme_saude"},"url":"https:\/\/www.correiobraziliense.com.br\/cbradar\/author\/guilherme_saude\/"}]}},"_links":{"self":[{"href":"https:\/\/www.correiobraziliense.com.br\/cbradar\/wp-json\/wp\/v2\/posts\/204765","targetHints":{"allow":["GET"]}}],"collection":[{"href":"https:\/\/www.correiobraziliense.com.br\/cbradar\/wp-json\/wp\/v2\/posts"}],"about":[{"href":"https:\/\/www.correiobraziliense.com.br\/cbradar\/wp-json\/wp\/v2\/types\/post"}],"author":[{"embeddable":true,"href":"https:\/\/www.correiobraziliense.com.br\/cbradar\/wp-json\/wp\/v2\/users\/14"}],"replies":[{"embeddable":true,"href":"https:\/\/www.correiobraziliense.com.br\/cbradar\/wp-json\/wp\/v2\/comments?post=204765"}],"version-history":[{"count":1,"href":"https:\/\/www.correiobraziliense.com.br\/cbradar\/wp-json\/wp\/v2\/posts\/204765\/revisions"}],"predecessor-version":[{"id":204767,"href":"https:\/\/www.correiobraziliense.com.br\/cbradar\/wp-json\/wp\/v2\/posts\/204765\/revisions\/204767"}],"wp:featuredmedia":[{"embeddable":true,"href":"https:\/\/www.correiobraziliense.com.br\/cbradar\/wp-json\/wp\/v2\/media\/43110"}],"wp:attachment":[{"href":"https:\/\/www.correiobraziliense.com.br\/cbradar\/wp-json\/wp\/v2\/media?parent=204765"}],"wp:term":[{"taxonomy":"category","embeddable":true,"href":"https:\/\/www.correiobraziliense.com.br\/cbradar\/wp-json\/wp\/v2\/categories?post=204765"},{"taxonomy":"post_tag","embeddable":true,"href":"https:\/\/www.correiobraziliense.com.br\/cbradar\/wp-json\/wp\/v2\/post_tag?post=204765"}],"curies":[{"name":"wp","href":"https:\/\/api.w.org\/{rel}","templated":true}]}}