{"id":204766,"date":"2026-03-07T15:58:00","date_gmt":"2026-03-07T18:58:00","guid":{"rendered":"https:\/\/www.correiobraziliense.com.br\/cbradar\/?p=204766"},"modified":"2026-03-07T15:55:29","modified_gmt":"2026-03-07T18:55:29","slug":"segundo-a-psicologia-a-parte-mais-cansativa-da-rotina-nao-e-o-trabalho-em-si-mas-sentir-que-o-tempo-nunca-sobra-para-o-que-realmente-importa","status":"publish","type":"post","link":"https:\/\/www.correiobraziliense.com.br\/cbradar\/segundo-a-psicologia-a-parte-mais-cansativa-da-rotina-nao-e-o-trabalho-em-si-mas-sentir-que-o-tempo-nunca-sobra-para-o-que-realmente-importa\/","title":{"rendered":"Segundo a psicologia, a parte mais cansativa da rotina n\u00e3o \u00e9 o trabalho em si, mas sentir que o tempo nunca sobra para o que realmente importa"},"content":{"rendered":"\n<p>A sensa\u00e7\u00e3o de viver no autom\u00e1tico, cumprindo uma lista intermin\u00e1vel de obriga\u00e7\u00f5es sem nunca sobrar <strong>tempo<\/strong> para o que realmente importa, \u00e9 uma das queixas mais frequentes nos consult\u00f3rios de <strong>psicologia<\/strong> no Brasil. Esse <strong>esgotamento<\/strong> n\u00e3o vem apenas do volume de tarefas, mas da percep\u00e7\u00e3o constante de que a vida est\u00e1 passando e voc\u00ea n\u00e3o consegue viv\u00ea-la de verdade. Especialistas em <strong>sa\u00fade mental<\/strong> alertam que essa frustra\u00e7\u00e3o silenciosa \u00e9 mais desgastante do que o cansa\u00e7o f\u00edsico e pode ser o primeiro sinal de que algo precisa mudar na sua <strong>rotina<\/strong>.<\/p>\n\n\n\n<h2 class=\"wp-block-heading\">Por que a falta de tempo para si mesmo causa mais cansa\u00e7o do que o trabalho?<\/h2>\n\n\n\n<p><a href=\"https:\/\/www.correiobraziliense.com.br\/cbradar\/uma-pessoa-que-interrompe-os-outros-durante-uma-conversa-costuma-apresentar-tres-padroes-de-personalidade-segundo-a-psicologia\/\" target=\"_blank\" rel=\"noreferrer noopener\">A <strong>psicologia<\/strong> diferencia claramente o cansa\u00e7o <\/a>comum do <strong>esgotamento<\/strong> emocional. Enquanto o cansa\u00e7o f\u00edsico se resolve com uma boa noite de sono, o <strong>esgotamento<\/strong> persiste mesmo ap\u00f3s o descanso. Segundo o psic\u00f3logo Guilherme Cavalcanti, o sofrimento psicol\u00f3gico sempre existiu, mas durante d\u00e9cadas foi tratado como exagero ou falta de disposi\u00e7\u00e3o. Hoje, com mais informa\u00e7\u00e3o sobre <strong>sa\u00fade mental<\/strong>, as pessoas reconhecem os sintomas e percebem que a exaust\u00e3o vai muito al\u00e9m do corpo.<\/p>\n\n\n\n<p>O problema est\u00e1 na sensa\u00e7\u00e3o cr\u00f4nica de que a <strong>rotina<\/strong> consome todo o <strong>tempo<\/strong> dispon\u00edvel sem deixar espa\u00e7o para momentos de prazer, conviv\u00eancia familiar ou simplesmente para n\u00e3o fazer nada. Quando algu\u00e9m trabalha o dia inteiro, cuida da casa, resolve pend\u00eancias e percebe que n\u00e3o sobrou um minuto sequer para ler um livro, conversar com algu\u00e9m querido ou simplesmente respirar, o c\u00e9rebro interpreta isso como uma amea\u00e7a constante. Essa percep\u00e7\u00e3o de falta de controle sobre o pr\u00f3prio <strong>tempo<\/strong> \u00e9, segundo a <strong>psicologia<\/strong>, um dos principais gatilhos para a ansiedade cr\u00f4nica e o <strong>esgotamento<\/strong> emocional.<\/p>\n\n\n<div class=\"wp-block-image\">\n<figure class=\"aligncenter size-full\"><img decoding=\"async\" width=\"1280\" height=\"714\" src=\"https:\/\/www.correiobraziliense.com.br\/cbradar\/wp-content\/uploads\/2026\/03\/creation_2527785650.png\" alt=\"Segundo a psicologia, a parte mais cansativa da rotina n\u00e3o \u00e9 o trabalho em si, mas sentir que o tempo nunca sobra para o que realmente importa\" class=\"wp-image-204796\" srcset=\"https:\/\/www.correiobraziliense.com.br\/cbradar\/wp-content\/uploads\/2026\/03\/creation_2527785650.png 1280w, https:\/\/www.correiobraziliense.com.br\/cbradar\/wp-content\/uploads\/2026\/03\/creation_2527785650-300x167.png 300w, https:\/\/www.correiobraziliense.com.br\/cbradar\/wp-content\/uploads\/2026\/03\/creation_2527785650-768x428.png 768w, https:\/\/www.correiobraziliense.com.br\/cbradar\/wp-content\/uploads\/2026\/03\/creation_2527785650-750x418.png 750w, https:\/\/www.correiobraziliense.com.br\/cbradar\/wp-content\/uploads\/2026\/03\/creation_2527785650-1140x636.png 1140w\" sizes=\"(max-width: 1280px) 100vw, 1280px\" \/><figcaption class=\"wp-element-caption\">A psicologia diferencia claramente o cansa\u00e7o comum do esgotamento emocional<\/figcaption><\/figure><\/div>\n\n\n<h2 class=\"wp-block-heading\">Quais s\u00e3o os sinais de que a rotina est\u00e1 adoecendo sua mente?<\/h2>\n\n\n\n<p><a href=\"https:\/\/pmc.ncbi.nlm.nih.gov\/articles\/PMC6776181\/\" target=\"_blank\" rel=\"noreferrer noopener\">O <strong>esgotamento<\/strong> emocional n\u00e3o surge de uma hora para outra<\/a>. Ele se instala de forma gradual, muitas vezes disfar\u00e7ado de pregui\u00e7a, des\u00e2nimo ou irritabilidade passageira. Quando esses sinais s\u00e3o ignorados, o quadro pode evoluir para condi\u00e7\u00f5es mais s\u00e9rias, como a S\u00edndrome de Burnout, que a Organiza\u00e7\u00e3o Mundial da Sa\u00fade reconhece como um fen\u00f4meno ocupacional diretamente ligado ao estresse cr\u00f4nico. Prestar aten\u00e7\u00e3o ao pr\u00f3prio corpo e \u00e0s pr\u00f3prias emo\u00e7\u00f5es \u00e9 um ato fundamental de <strong>autocuidado<\/strong>.<\/p>\n\n\n\n<p>Fique atento se voc\u00ea est\u00e1 vivenciando os seguintes sinais com frequ\u00eancia:<\/p>\n\n\n\n<ul class=\"wp-block-list\">\n<li><strong>Cansa\u00e7o que n\u00e3o passa<\/strong> mesmo depois de dormir o suficiente, como se a energia nunca fosse totalmente restaurada<\/li>\n\n\n\n<li><strong>Dificuldade de concentra\u00e7\u00e3o<\/strong> e lapsos de mem\u00f3ria em tarefas que antes eram simples na sua rotina<\/li>\n\n\n\n<li><strong>Irritabilidade desproporcional<\/strong> diante de situa\u00e7\u00f5es pequenas, como se qualquer demanda extra fosse insuport\u00e1vel<\/li>\n\n\n\n<li><strong>Perda de interesse<\/strong> por atividades que antes traziam prazer, como hobbies, encontros sociais ou momentos em fam\u00edlia<\/li>\n<\/ul>\n\n\n\n<h2 class=\"wp-block-heading\">O que a cultura da produtividade tem a ver com esse esgotamento?<\/h2>\n\n\n\n<p>A <strong>psicologia<\/strong> contempor\u00e2nea aponta que a press\u00e3o por produtividade constante \u00e9 um dos principais combust\u00edveis do <strong>esgotamento<\/strong> emocional na sociedade brasileira. O trabalho ultrapassa o hor\u00e1rio comercial, os prazos encurtam, a cobran\u00e7a por desempenho se mant\u00e9m constante e as redes sociais criam a ilus\u00e3o de que todo mundo est\u00e1 realizando mais do que voc\u00ea. Essa compara\u00e7\u00e3o permanente amplia a sensa\u00e7\u00e3o de insufici\u00eancia e corr\u00f3i a <strong>sa\u00fade mental<\/strong> de forma silenciosa.<\/p>\n\n\n\n<p>Psiquiatras e psic\u00f3logos explicam que a hiperconectividade desorganizou a rela\u00e7\u00e3o das pessoas com o <strong>tempo<\/strong>. Com celulares que recebem mensagens de trabalho a qualquer hora, a fronteira entre vida profissional e pessoal praticamente desapareceu. A <strong>rotina<\/strong> se transformou em uma sequ\u00eancia ininterrupta de demandas, onde descansar passou a gerar culpa e o \u00f3cio virou sin\u00f4nimo de improdutividade. \u00c9 como se a mente nunca conseguisse realmente desligar, e esse estado de alerta permanente cobra um pre\u00e7o alto ao longo dos meses.<\/p>\n\n\n<div class=\"wp-block-image\">\n<figure class=\"aligncenter size-full\"><img decoding=\"async\" width=\"1280\" height=\"714\" src=\"https:\/\/www.correiobraziliense.com.br\/cbradar\/wp-content\/uploads\/2026\/03\/creation_2527785233.png\" alt=\"Segundo a psicologia, a parte mais cansativa da rotina n\u00e3o \u00e9 o trabalho em si, mas sentir que o tempo nunca sobra para o que realmente importa\" class=\"wp-image-204795\" srcset=\"https:\/\/www.correiobraziliense.com.br\/cbradar\/wp-content\/uploads\/2026\/03\/creation_2527785233.png 1280w, https:\/\/www.correiobraziliense.com.br\/cbradar\/wp-content\/uploads\/2026\/03\/creation_2527785233-300x167.png 300w, https:\/\/www.correiobraziliense.com.br\/cbradar\/wp-content\/uploads\/2026\/03\/creation_2527785233-768x428.png 768w, https:\/\/www.correiobraziliense.com.br\/cbradar\/wp-content\/uploads\/2026\/03\/creation_2527785233-750x418.png 750w, https:\/\/www.correiobraziliense.com.br\/cbradar\/wp-content\/uploads\/2026\/03\/creation_2527785233-1140x636.png 1140w\" sizes=\"(max-width: 1280px) 100vw, 1280px\" \/><figcaption class=\"wp-element-caption\">A psicologia diferencia claramente o cansa\u00e7o comum do esgotamento emocional<\/figcaption><\/figure><\/div>\n\n\n<h2 class=\"wp-block-heading\">Como a psicologia recomenda recuperar o controle sobre o pr\u00f3prio tempo?<\/h2>\n\n\n\n<p>Especialistas em <strong>sa\u00fade mental<\/strong> s\u00e3o un\u00e2nimes: o primeiro passo para sair do <strong>esgotamento<\/strong> \u00e9 reconhecer que algo precisa mudar, sem culpa e sem julgamento. A terapia cognitivo-comportamental, por exemplo, ajuda a identificar os padr\u00f5es de pensamento que alimentam a sobrecarga, como o perfeccionismo, a dificuldade de dizer n\u00e3o e a autocobran\u00e7a excessiva. Esses padr\u00f5es mant\u00eam a pessoa presa em uma <strong>rotina<\/strong> que parece imposs\u00edvel de ser modificada.<\/p>\n\n\n\n<p>Al\u00e9m do acompanhamento profissional, algumas mudan\u00e7as pr\u00e1ticas podem fazer diferen\u00e7a no dia a dia:<\/p>\n\n\n\n<ul class=\"wp-block-list\">\n<li><strong>Reservar 15 minutos di\u00e1rios<\/strong> para uma atividade que n\u00e3o tenha nenhuma obriga\u00e7\u00e3o, como caminhar, meditar ou simplesmente ficar em sil\u00eancio<\/li>\n\n\n\n<li><strong>Estabelecer hor\u00e1rios claros<\/strong> para encerrar as tarefas de trabalho, desligando notifica\u00e7\u00f5es fora do expediente<\/li>\n\n\n\n<li><strong>Aprender a delegar<\/strong> e aceitar que nem tudo precisa ser feito por voc\u00ea ou com perfei\u00e7\u00e3o<\/li>\n\n\n\n<li><strong>Reduzir o tempo de tela<\/strong> antes de dormir, evitando a exposi\u00e7\u00e3o a redes sociais que alimentam a compara\u00e7\u00e3o e a ansiedade<\/li>\n<\/ul>\n\n\n\n<h2 class=\"wp-block-heading\">Por que o autocuidado n\u00e3o \u00e9 ego\u00edsmo, mas uma necessidade?<\/h2>\n\n\n\n<p>Na <strong>psicologia<\/strong>, o <strong>autocuidado<\/strong> \u00e9 entendido como qualquer a\u00e7\u00e3o intencional voltada para preservar a pr\u00f3pria <strong>sa\u00fade mental<\/strong>, emocional e f\u00edsica. N\u00e3o se trata de luxo ou ego\u00edsmo, mas de uma necessidade b\u00e1sica para que a pessoa consiga funcionar bem nas demais \u00e1reas da vida. Quando algu\u00e9m se permite parar, descansar e dedicar <strong>tempo<\/strong> a si mesmo, os benef\u00edcios se espalham para a fam\u00edlia, o trabalho e os relacionamentos.<\/p>\n\n\n\n<p>O <strong>esgotamento<\/strong> emocional n\u00e3o \u00e9 fraqueza, e reconhecer seus sinais n\u00e3o \u00e9 exagero. A <strong>psicologia<\/strong> mostra que o verdadeiro cansa\u00e7o da <strong>rotina<\/strong> moderna n\u00e3o est\u00e1 nas tarefas em si, mas na percep\u00e7\u00e3o de que a vida est\u00e1 sendo consumida por obriga\u00e7\u00f5es que nunca terminam. Dedicar <strong>tempo<\/strong> ao que realmente importa, seja um abra\u00e7o, um momento de sil\u00eancio ou uma conversa sem pressa, \u00e9 o ant\u00eddoto mais simples e poderoso contra essa exaust\u00e3o invis\u00edvel. Se o cansa\u00e7o persiste mesmo depois de descansar, considere buscar o apoio de um profissional de <strong>sa\u00fade mental<\/strong>. Cuidar de si n\u00e3o \u00e9 parar de produzir, \u00e9 garantir que voc\u00ea consiga continuar.<\/p>\n","protected":false},"excerpt":{"rendered":"<p>A sensa\u00e7\u00e3o de viver no autom\u00e1tico, cumprindo uma lista intermin\u00e1vel de obriga\u00e7\u00f5es sem nunca sobrar tempo para o que realmente importa, \u00e9 uma das queixas mais frequentes nos consult\u00f3rios de psicologia no Brasil. Esse esgotamento n\u00e3o vem apenas do volume de tarefas, mas da percep\u00e7\u00e3o constante de que a vida est\u00e1 passando e voc\u00ea n\u00e3o [&hellip;]<\/p>\n","protected":false},"author":16,"featured_media":204794,"comment_status":"open","ping_status":"open","sticky":false,"template":"","format":"standard","meta":{"_yoast_wpseo_focuskw":"parte mais cansativa da rotina","_yoast_wpseo_title":"","_yoast_wpseo_metadesc":"A sensa\u00e7\u00e3o de viver no autom\u00e1tico e sem tempo para si pode indicar esgotamento emocional. Entenda os sinais e como cuidar da sa\u00fade mental.","jnews-multi-image_gallery":[],"jnews_single_post":{"format":"standard"},"jnews_primary_category":[],"jnews_social_meta":[],"jnews_override_counter":[],"footnotes":""},"categories":[112],"tags":[4718,404,784],"class_list":["post-204766","post","type-post","status-publish","format-standard","has-post-thumbnail","hentry","category-curiosidades","tag-comportamento","tag-psicologia","tag-rotina"],"yoast_head":"<!-- This site is optimized with the Yoast SEO plugin v24.6 - https:\/\/yoast.com\/wordpress\/plugins\/seo\/ -->\n<title>Segundo a psicologia, a parte mais cansativa da rotina n\u00e3o \u00e9 o trabalho em si, mas sentir que o tempo nunca sobra para o que realmente importa - Correio Braziliense - Radar<\/title>\n<meta name=\"description\" content=\"A sensa\u00e7\u00e3o de viver no autom\u00e1tico e sem tempo para si pode indicar esgotamento emocional. Entenda os sinais e como cuidar da sa\u00fade mental.\" \/>\n<meta name=\"robots\" content=\"index, follow, max-snippet:-1, max-image-preview:large, max-video-preview:-1\" \/>\n<link rel=\"canonical\" href=\"https:\/\/www.correiobraziliense.com.br\/cbradar\/segundo-a-psicologia-a-parte-mais-cansativa-da-rotina-nao-e-o-trabalho-em-si-mas-sentir-que-o-tempo-nunca-sobra-para-o-que-realmente-importa\/\" \/>\n<meta property=\"og:locale\" content=\"pt_BR\" \/>\n<meta property=\"og:type\" content=\"article\" \/>\n<meta property=\"og:title\" content=\"Segundo a psicologia, a parte mais cansativa da rotina n\u00e3o \u00e9 o trabalho em si, mas sentir que o tempo nunca sobra para o que realmente importa - Correio Braziliense - Radar\" \/>\n<meta property=\"og:description\" content=\"A sensa\u00e7\u00e3o de viver no autom\u00e1tico e sem tempo para si pode indicar esgotamento emocional. Entenda os sinais e como cuidar da sa\u00fade mental.\" \/>\n<meta property=\"og:url\" content=\"https:\/\/www.correiobraziliense.com.br\/cbradar\/segundo-a-psicologia-a-parte-mais-cansativa-da-rotina-nao-e-o-trabalho-em-si-mas-sentir-que-o-tempo-nunca-sobra-para-o-que-realmente-importa\/\" \/>\n<meta property=\"og:site_name\" content=\"Correio Braziliense - Radar\" \/>\n<meta property=\"article:published_time\" content=\"2026-03-07T18:58:00+00:00\" \/>\n<meta property=\"og:image\" content=\"https:\/\/www.correiobraziliense.com.br\/cbradar\/wp-content\/uploads\/2026\/03\/creation_2527784838.png\" \/>\n\t<meta property=\"og:image:width\" content=\"1280\" \/>\n\t<meta property=\"og:image:height\" content=\"714\" \/>\n\t<meta property=\"og:image:type\" content=\"image\/png\" \/>\n<meta name=\"author\" content=\"Carlos Emanoel\" \/>\n<meta name=\"twitter:card\" content=\"summary_large_image\" \/>\n<meta name=\"twitter:label1\" content=\"Escrito por\" \/>\n\t<meta name=\"twitter:data1\" content=\"Carlos Emanoel\" \/>\n\t<meta name=\"twitter:label2\" content=\"Est. tempo de leitura\" \/>\n\t<meta name=\"twitter:data2\" content=\"6 minutos\" \/>\n<!-- \/ Yoast SEO plugin. -->","yoast_head_json":{"title":"Segundo a psicologia, a parte mais cansativa da rotina n\u00e3o \u00e9 o trabalho em si, mas sentir que o tempo nunca sobra para o que realmente importa - Correio Braziliense - Radar","description":"A sensa\u00e7\u00e3o de viver no autom\u00e1tico e sem tempo para si pode indicar esgotamento emocional. Entenda os sinais e como cuidar da sa\u00fade mental.","robots":{"index":"index","follow":"follow","max-snippet":"max-snippet:-1","max-image-preview":"max-image-preview:large","max-video-preview":"max-video-preview:-1"},"canonical":"https:\/\/www.correiobraziliense.com.br\/cbradar\/segundo-a-psicologia-a-parte-mais-cansativa-da-rotina-nao-e-o-trabalho-em-si-mas-sentir-que-o-tempo-nunca-sobra-para-o-que-realmente-importa\/","og_locale":"pt_BR","og_type":"article","og_title":"Segundo a psicologia, a parte mais cansativa da rotina n\u00e3o \u00e9 o trabalho em si, mas sentir que o tempo nunca sobra para o que realmente importa - Correio Braziliense - Radar","og_description":"A sensa\u00e7\u00e3o de viver no autom\u00e1tico e sem tempo para si pode indicar esgotamento emocional. Entenda os sinais e como cuidar da sa\u00fade mental.","og_url":"https:\/\/www.correiobraziliense.com.br\/cbradar\/segundo-a-psicologia-a-parte-mais-cansativa-da-rotina-nao-e-o-trabalho-em-si-mas-sentir-que-o-tempo-nunca-sobra-para-o-que-realmente-importa\/","og_site_name":"Correio Braziliense - Radar","article_published_time":"2026-03-07T18:58:00+00:00","og_image":[{"width":1280,"height":714,"url":"https:\/\/www.correiobraziliense.com.br\/cbradar\/wp-content\/uploads\/2026\/03\/creation_2527784838.png","type":"image\/png"}],"author":"Carlos Emanoel","twitter_card":"summary_large_image","twitter_misc":{"Escrito por":"Carlos Emanoel","Est. tempo de leitura":"6 minutos"},"schema":{"@context":"https:\/\/schema.org","@graph":[{"@type":"WebPage","@id":"https:\/\/www.correiobraziliense.com.br\/cbradar\/segundo-a-psicologia-a-parte-mais-cansativa-da-rotina-nao-e-o-trabalho-em-si-mas-sentir-que-o-tempo-nunca-sobra-para-o-que-realmente-importa\/","url":"https:\/\/www.correiobraziliense.com.br\/cbradar\/segundo-a-psicologia-a-parte-mais-cansativa-da-rotina-nao-e-o-trabalho-em-si-mas-sentir-que-o-tempo-nunca-sobra-para-o-que-realmente-importa\/","name":"Segundo a psicologia, a parte mais cansativa da rotina n\u00e3o \u00e9 o trabalho em si, mas sentir que o tempo nunca sobra para o que realmente importa - Correio Braziliense - Radar","isPartOf":{"@id":"https:\/\/www.correiobraziliense.com.br\/cbradar\/#website"},"primaryImageOfPage":{"@id":"https:\/\/www.correiobraziliense.com.br\/cbradar\/segundo-a-psicologia-a-parte-mais-cansativa-da-rotina-nao-e-o-trabalho-em-si-mas-sentir-que-o-tempo-nunca-sobra-para-o-que-realmente-importa\/#primaryimage"},"image":{"@id":"https:\/\/www.correiobraziliense.com.br\/cbradar\/segundo-a-psicologia-a-parte-mais-cansativa-da-rotina-nao-e-o-trabalho-em-si-mas-sentir-que-o-tempo-nunca-sobra-para-o-que-realmente-importa\/#primaryimage"},"thumbnailUrl":"https:\/\/www.correiobraziliense.com.br\/cbradar\/wp-content\/uploads\/2026\/03\/creation_2527784838.png","datePublished":"2026-03-07T18:58:00+00:00","author":{"@id":"https:\/\/www.correiobraziliense.com.br\/cbradar\/#\/schema\/person\/7cb69f5de3b2da2c5cca754a43470cf6"},"description":"A sensa\u00e7\u00e3o de viver no autom\u00e1tico e sem tempo para si pode indicar esgotamento emocional. Entenda os sinais e como cuidar da sa\u00fade mental.","breadcrumb":{"@id":"https:\/\/www.correiobraziliense.com.br\/cbradar\/segundo-a-psicologia-a-parte-mais-cansativa-da-rotina-nao-e-o-trabalho-em-si-mas-sentir-que-o-tempo-nunca-sobra-para-o-que-realmente-importa\/#breadcrumb"},"inLanguage":"pt-BR","potentialAction":[{"@type":"ReadAction","target":["https:\/\/www.correiobraziliense.com.br\/cbradar\/segundo-a-psicologia-a-parte-mais-cansativa-da-rotina-nao-e-o-trabalho-em-si-mas-sentir-que-o-tempo-nunca-sobra-para-o-que-realmente-importa\/"]}]},{"@type":"ImageObject","inLanguage":"pt-BR","@id":"https:\/\/www.correiobraziliense.com.br\/cbradar\/segundo-a-psicologia-a-parte-mais-cansativa-da-rotina-nao-e-o-trabalho-em-si-mas-sentir-que-o-tempo-nunca-sobra-para-o-que-realmente-importa\/#primaryimage","url":"https:\/\/www.correiobraziliense.com.br\/cbradar\/wp-content\/uploads\/2026\/03\/creation_2527784838.png","contentUrl":"https:\/\/www.correiobraziliense.com.br\/cbradar\/wp-content\/uploads\/2026\/03\/creation_2527784838.png","width":1280,"height":714,"caption":"A psicologia diferencia claramente o cansa\u00e7o comum do esgotamento emocional"},{"@type":"BreadcrumbList","@id":"https:\/\/www.correiobraziliense.com.br\/cbradar\/segundo-a-psicologia-a-parte-mais-cansativa-da-rotina-nao-e-o-trabalho-em-si-mas-sentir-que-o-tempo-nunca-sobra-para-o-que-realmente-importa\/#breadcrumb","itemListElement":[{"@type":"ListItem","position":1,"name":"In\u00edcio","item":"https:\/\/www.correiobraziliense.com.br\/cbradar\/"},{"@type":"ListItem","position":2,"name":"Segundo a psicologia, a parte mais cansativa da rotina n\u00e3o \u00e9 o trabalho em si, mas sentir que o tempo nunca sobra para o que realmente importa"}]},{"@type":"WebSite","@id":"https:\/\/www.correiobraziliense.com.br\/cbradar\/#website","url":"https:\/\/www.correiobraziliense.com.br\/cbradar\/","name":"Correio Braziliense - Radar","description":"Acompanhe as \u00faltimas not\u00edcias e fique bem informado sobre tudo o que acontece no Brasil e no mundo.","potentialAction":[{"@type":"SearchAction","target":{"@type":"EntryPoint","urlTemplate":"https:\/\/www.correiobraziliense.com.br\/cbradar\/?s={search_term_string}"},"query-input":{"@type":"PropertyValueSpecification","valueRequired":true,"valueName":"search_term_string"}}],"inLanguage":"pt-BR"},{"@type":"Person","@id":"https:\/\/www.correiobraziliense.com.br\/cbradar\/#\/schema\/person\/7cb69f5de3b2da2c5cca754a43470cf6","name":"Carlos Emanoel","image":{"@type":"ImageObject","inLanguage":"pt-BR","@id":"https:\/\/www.correiobraziliense.com.br\/cbradar\/#\/schema\/person\/image\/","url":"https:\/\/secure.gravatar.com\/avatar\/4b33ca1112d9795a0a9ea460c383b721?s=96&d=mm&r=g","contentUrl":"https:\/\/secure.gravatar.com\/avatar\/4b33ca1112d9795a0a9ea460c383b721?s=96&d=mm&r=g","caption":"Carlos Emanoel"},"sameAs":["https:\/\/www.correiobraziliense.com.br\/cbradar\/"],"url":"https:\/\/www.correiobraziliense.com.br\/cbradar\/author\/carlos\/"}]}},"_links":{"self":[{"href":"https:\/\/www.correiobraziliense.com.br\/cbradar\/wp-json\/wp\/v2\/posts\/204766","targetHints":{"allow":["GET"]}}],"collection":[{"href":"https:\/\/www.correiobraziliense.com.br\/cbradar\/wp-json\/wp\/v2\/posts"}],"about":[{"href":"https:\/\/www.correiobraziliense.com.br\/cbradar\/wp-json\/wp\/v2\/types\/post"}],"author":[{"embeddable":true,"href":"https:\/\/www.correiobraziliense.com.br\/cbradar\/wp-json\/wp\/v2\/users\/16"}],"replies":[{"embeddable":true,"href":"https:\/\/www.correiobraziliense.com.br\/cbradar\/wp-json\/wp\/v2\/comments?post=204766"}],"version-history":[{"count":1,"href":"https:\/\/www.correiobraziliense.com.br\/cbradar\/wp-json\/wp\/v2\/posts\/204766\/revisions"}],"predecessor-version":[{"id":204831,"href":"https:\/\/www.correiobraziliense.com.br\/cbradar\/wp-json\/wp\/v2\/posts\/204766\/revisions\/204831"}],"wp:featuredmedia":[{"embeddable":true,"href":"https:\/\/www.correiobraziliense.com.br\/cbradar\/wp-json\/wp\/v2\/media\/204794"}],"wp:attachment":[{"href":"https:\/\/www.correiobraziliense.com.br\/cbradar\/wp-json\/wp\/v2\/media?parent=204766"}],"wp:term":[{"taxonomy":"category","embeddable":true,"href":"https:\/\/www.correiobraziliense.com.br\/cbradar\/wp-json\/wp\/v2\/categories?post=204766"},{"taxonomy":"post_tag","embeddable":true,"href":"https:\/\/www.correiobraziliense.com.br\/cbradar\/wp-json\/wp\/v2\/tags?post=204766"}],"curies":[{"name":"wp","href":"https:\/\/api.w.org\/{rel}","templated":true}]}}