{"id":204771,"date":"2026-03-07T14:58:00","date_gmt":"2026-03-07T17:58:00","guid":{"rendered":"https:\/\/www.correiobraziliense.com.br\/cbradar\/?p=204771"},"modified":"2026-03-07T15:55:08","modified_gmt":"2026-03-07T18:55:08","slug":"segundo-a-psicologia-a-parte-mais-frustrante-de-envelhecer-nao-e-o-corpo-mudar-mas-perceber-que-ninguem-te-avisou-como-seria","status":"publish","type":"post","link":"https:\/\/www.correiobraziliense.com.br\/cbradar\/segundo-a-psicologia-a-parte-mais-frustrante-de-envelhecer-nao-e-o-corpo-mudar-mas-perceber-que-ninguem-te-avisou-como-seria\/","title":{"rendered":"Segundo a psicologia, a parte mais frustrante de envelhecer n\u00e3o \u00e9 o corpo mudar, mas perceber que ningu\u00e9m te avisou como seria"},"content":{"rendered":"\n<p>O <strong>envelhecimento<\/strong> \u00e9 um dos temas mais cercados de tabus no Brasil, especialmente quando o assunto vai al\u00e9m das rugas e das dores no corpo. A <strong>psicologia<\/strong> mostra que a maior frustra\u00e7\u00e3o de quem envelhece n\u00e3o est\u00e1 nas mudan\u00e7as f\u00edsicas, mas na falta de preparo emocional para lidar com elas. Ningu\u00e9m avisa sobre o luto silencioso de se olhar no espelho e n\u00e3o se reconhecer, sobre a sensa\u00e7\u00e3o de perder relev\u00e2ncia social ou sobre a solid\u00e3o que pode surgir mesmo cercado de gente. Falar abertamente sobre as transforma\u00e7\u00f5es emocionais do <strong>envelhecimento<\/strong> \u00e9 um ato de <strong>sa\u00fade mental<\/strong> que a sociedade brasileira ainda precisa aprender.<\/p>\n\n\n\n<h2 class=\"wp-block-heading\">Por que ningu\u00e9m nos prepara para as mudan\u00e7as emocionais do envelhecimento?<\/h2>\n\n\n\n<p>A sociedade ocidental, e a brasileira em particular, construiu uma narrativa sobre o <strong>envelhecimento<\/strong> que oscila entre dois extremos: ou idealiza a velhice como um per\u00edodo de sabedoria e tranquilidade, ou a trata como sin\u00f4nimo de decad\u00eancia e inutilidade. A <strong>psicologia<\/strong> aponta que nenhuma das duas vers\u00f5es prepara as pessoas para o que realmente acontece. O <strong>envelhecimento<\/strong> \u00e9, antes de tudo, um processo de reorganiza\u00e7\u00e3o da <strong>identidade<\/strong>, das rela\u00e7\u00f5es sociais e dos projetos de vida, e isso exige um trabalho emocional intenso que raramente \u00e9 discutido.<\/p>\n\n\n\n<p>Segundo a escritora e fil\u00f3sofa Simone de Beauvoir, perceber-se envelhecendo \u00e9 uma surpresa, um assombro. O espelho mostra o que os outros j\u00e1 percebem, mas a pessoa reluta em aceitar a mudan\u00e7a em si mesma. Essa discrep\u00e2ncia entre o que se sente por dentro e o que se v\u00ea por fora <a href=\"https:\/\/www.correiobraziliense.com.br\/cbradar\/uma-pessoa-que-interrompe-os-outros-durante-uma-conversa-costuma-apresentar-tres-padroes-de-personalidade-segundo-a-psicologia\/\" target=\"_blank\" rel=\"noreferrer noopener\">gera um conflito que a <strong>psicologia<\/strong> <\/a>chama de desencontro entre o psiquismo desejante e o corpo que imp\u00f5e novos limites. Sem preparo e sem espa\u00e7o para falar sobre isso, a frustra\u00e7\u00e3o se transforma em sofrimento silencioso.<\/p>\n\n\n<div class=\"wp-block-image\">\n<figure class=\"aligncenter size-full\"><img decoding=\"async\" width=\"1280\" height=\"714\" src=\"https:\/\/www.correiobraziliense.com.br\/cbradar\/wp-content\/uploads\/2026\/03\/creation_2527823528.png\" alt=\"Segundo a psicologia, a parte mais frustrante de envelhecer n\u00e3o \u00e9 o corpo mudar, mas perceber que ningu\u00e9m te avisou como seria\" class=\"wp-image-204799\" srcset=\"https:\/\/www.correiobraziliense.com.br\/cbradar\/wp-content\/uploads\/2026\/03\/creation_2527823528.png 1280w, https:\/\/www.correiobraziliense.com.br\/cbradar\/wp-content\/uploads\/2026\/03\/creation_2527823528-300x167.png 300w, https:\/\/www.correiobraziliense.com.br\/cbradar\/wp-content\/uploads\/2026\/03\/creation_2527823528-768x428.png 768w, https:\/\/www.correiobraziliense.com.br\/cbradar\/wp-content\/uploads\/2026\/03\/creation_2527823528-750x418.png 750w, https:\/\/www.correiobraziliense.com.br\/cbradar\/wp-content\/uploads\/2026\/03\/creation_2527823528-1140x636.png 1140w\" sizes=\"(max-width: 1280px) 100vw, 1280px\" \/><figcaption class=\"wp-element-caption\">A sociedade ocidental, e a brasileira em particular, construiu uma narrativa sobre o envelhecimento que oscila entre dois extremos<\/figcaption><\/figure><\/div>\n\n\n<h2 class=\"wp-block-heading\">Quais s\u00e3o os lutos invis\u00edveis que acompanham o envelhecimento?<\/h2>\n\n\n\n<p>A <strong>psicologia<\/strong> do <strong>envelhecimento<\/strong> identifica uma s\u00e9rie de perdas que v\u00e3o muito al\u00e9m da sa\u00fade f\u00edsica. S\u00e3o perdas concretas e simb\u00f3licas que exigem elabora\u00e7\u00e3o emocional constante: a sa\u00edda dos filhos de casa, a aposentadoria que retira o papel profissional, a percep\u00e7\u00e3o de que amigos e companheiros est\u00e3o partindo, a diminui\u00e7\u00e3o da independ\u00eancia e at\u00e9 a mudan\u00e7a na forma como a sociedade olha para quem tem mais idade. Cada uma dessas experi\u00eancias carrega um <strong>luto<\/strong> que precisa ser vivido e processado.<\/p>\n\n\n\n<p>Os principais lutos emocionais que acompanham o processo de envelhecer incluem:<\/p>\n\n\n\n<ul class=\"wp-block-list\">\n<li><strong>Luto da identidade profissional<\/strong>, quando a aposentadoria retira o status social e o senso de utilidade que o trabalho proporcionava<\/li>\n\n\n\n<li><strong>Luto do corpo jovem<\/strong>, ao perceber que movimentos antes simples se tornam dif\u00edceis e que a imagem no espelho j\u00e1 n\u00e3o corresponde \u00e0 percep\u00e7\u00e3o interna<\/li>\n\n\n\n<li><strong>Luto dos v\u00ednculos<\/strong>, com o afastamento de amigos, a viuvez e a redu\u00e7\u00e3o da rede social que antes sustentava o dia a dia<\/li>\n\n\n\n<li><strong>Luto do futuro imaginado<\/strong>, quando os planos que ficaram para &#8220;depois&#8221; encontram limita\u00e7\u00f5es de tempo, sa\u00fade ou energia para se concretizar<\/li>\n<\/ul>\n\n\n\n<h2 class=\"wp-block-heading\">Como o envelhecimento afeta a autoestima e a identidade?<\/h2>\n\n\n\n<p>Em uma sociedade que cultua a juventude, a produtividade e a beleza como valores centrais, envelhecer pode significar sentir-se invis\u00edvel. A <strong>psicologia<\/strong> explica que a <strong>autoestima<\/strong> do idoso \u00e9 profundamente afetada quando ele percebe que seus saberes s\u00e3o desvalorizados, que sua opini\u00e3o perde peso nas decis\u00f5es familiares e que o olhar dos outros passa a ser de piedade ou impaci\u00eancia em vez de respeito. Essa invisibilidade social intensifica sentimentos de invalidez e pode desencadear quadros de depress\u00e3o e ansiedade.<\/p>\n\n\n\n<p>O processo de redefini\u00e7\u00e3o da <strong>identidade<\/strong> \u00e9 uma das etapas mais desafiadoras do <strong>envelhecimento<\/strong>. Deixar de ser o profissional ativo, o pai ou m\u00e3e que todos procuravam, a pessoa forte e independente, exige uma reconstru\u00e7\u00e3o interna que nem sempre encontra apoio externo. Quando essa transi\u00e7\u00e3o \u00e9 ignorada ou minimizada pela fam\u00edlia e pela sociedade, o idoso pode se identificar com os estere\u00f3tipos negativos sobre a velhice, o que dificulta ainda mais a adapta\u00e7\u00e3o emocional a essa nova fase.<\/p>\n\n\n<div class=\"wp-block-image\">\n<figure class=\"aligncenter size-full\"><img decoding=\"async\" width=\"1280\" height=\"714\" src=\"https:\/\/www.correiobraziliense.com.br\/cbradar\/wp-content\/uploads\/2026\/03\/creation_2527823094.png\" alt=\"Segundo a psicologia, a parte mais frustrante de envelhecer n\u00e3o \u00e9 o corpo mudar, mas perceber que ningu\u00e9m te avisou como seria\" class=\"wp-image-204798\" srcset=\"https:\/\/www.correiobraziliense.com.br\/cbradar\/wp-content\/uploads\/2026\/03\/creation_2527823094.png 1280w, https:\/\/www.correiobraziliense.com.br\/cbradar\/wp-content\/uploads\/2026\/03\/creation_2527823094-300x167.png 300w, https:\/\/www.correiobraziliense.com.br\/cbradar\/wp-content\/uploads\/2026\/03\/creation_2527823094-768x428.png 768w, https:\/\/www.correiobraziliense.com.br\/cbradar\/wp-content\/uploads\/2026\/03\/creation_2527823094-750x418.png 750w, https:\/\/www.correiobraziliense.com.br\/cbradar\/wp-content\/uploads\/2026\/03\/creation_2527823094-1140x636.png 1140w\" sizes=\"(max-width: 1280px) 100vw, 1280px\" \/><figcaption class=\"wp-element-caption\">A sociedade ocidental, e a brasileira em particular, construiu uma narrativa sobre o envelhecimento que oscila entre dois extremos<\/figcaption><\/figure><\/div>\n\n\n<h2 class=\"wp-block-heading\">O que a psicologia recomenda para viver o envelhecimento com mais equil\u00edbrio?<\/h2>\n\n\n\n<p>Especialistas em <strong>sa\u00fade mental<\/strong> s\u00e3o un\u00e2nimes: o segredo para um <strong>envelhecimento<\/strong> emocionalmente saud\u00e1vel come\u00e7a pela aceita\u00e7\u00e3o sem resigna\u00e7\u00e3o. Aceitar as mudan\u00e7as n\u00e3o significa se conformar com o sofrimento, mas reconhecer que a vida continua tendo valor e possibilidades, mesmo quando os limites mudam. A psicoterapia com idosos, por exemplo, tem mostrado resultados significativos ao ajudar na elabora\u00e7\u00e3o dos <strong>lutos<\/strong> acumulados e na ressignifica\u00e7\u00e3o das experi\u00eancias vividas.<\/p>\n\n\n\n<p>Algumas atitudes que a <strong>psicologia<\/strong> aponta como fundamentais para preservar o bem-estar emocional nessa fase:<\/p>\n\n\n\n<ul class=\"wp-block-list\">\n<li><strong>Manter v\u00ednculos afetivos ativos<\/strong>, investindo em rela\u00e7\u00f5es que tragam acolhimento, conversas sinceras e presen\u00e7a genu\u00edna<\/li>\n\n\n\n<li><strong>Buscar novas formas de se sentir \u00fatil<\/strong>, como atividades volunt\u00e1rias, hobbies que estavam adormecidos ou o compartilhamento de experi\u00eancias com mais jovens<\/li>\n\n\n\n<li><strong>Permitir-se falar sobre medos e frustra\u00e7\u00f5es<\/strong> sem vergonha, seja com amigos de confian\u00e7a, familiares ou um profissional de sa\u00fade mental<\/li>\n\n\n\n<li><strong>Evitar a compara\u00e7\u00e3o com o passado<\/strong>, focando no que ainda \u00e9 poss\u00edvel fazer em vez de lamentar o que j\u00e1 n\u00e3o \u00e9<\/li>\n<\/ul>\n\n\n\n<h2 class=\"wp-block-heading\">Por que falar abertamente sobre envelhecimento \u00e9 urgente no Brasil?<\/h2>\n\n\n\n<p>O Brasil est\u00e1 envelhecendo rapidamente, e a popula\u00e7\u00e3o idosa cresce a cada ano sem que a sociedade esteja preparada para acolh\u00ea-la emocionalmente. A <strong>psicologia<\/strong> alerta que o sil\u00eancio em torno das dores do <strong>envelhecimento<\/strong> alimenta o isolamento, a depress\u00e3o e a sensa\u00e7\u00e3o de que sentir-se frustrado com a velhice \u00e9 fraqueza. N\u00e3o \u00e9. \u00c9 humano. E reconhecer esses sentimentos \u00e9 o primeiro passo para elabor\u00e1-los e encontrar novas formas de viver com sentido.<\/p>\n\n\n\n<p>Como bem aponta a psicanalista \u00c2ngela Mucida, o sujeito n\u00e3o envelhece no sentido mais profundo da palavra: o desejo, a curiosidade e a capacidade de se reinventar permanecem vivos em qualquer idade. O que envelhece \u00e9 a rela\u00e7\u00e3o com o corpo, com o tempo e com o olhar do outro. Cuidar da <strong>sa\u00fade mental<\/strong> durante o <strong>envelhecimento<\/strong> n\u00e3o \u00e9 luxo, \u00e9 necessidade. E quebrar o tabu de falar sobre como \u00e9 dif\u00edcil envelhecer sem aviso pode ser o gesto mais acolhedor que algu\u00e9m pode oferecer a quem est\u00e1 vivendo essa travessia, inclusive a si mesmo.<\/p>\n","protected":false},"excerpt":{"rendered":"<p>O envelhecimento \u00e9 um dos temas mais cercados de tabus no Brasil, especialmente quando o assunto vai al\u00e9m das rugas e das dores no corpo. A psicologia mostra que a maior frustra\u00e7\u00e3o de quem envelhece n\u00e3o est\u00e1 nas mudan\u00e7as f\u00edsicas, mas na falta de preparo emocional para lidar com elas. Ningu\u00e9m avisa sobre o luto [&hellip;]<\/p>\n","protected":false},"author":16,"featured_media":204797,"comment_status":"open","ping_status":"open","sticky":false,"template":"","format":"standard","meta":{"_yoast_wpseo_focuskw":"envelhecimento","_yoast_wpseo_title":"","_yoast_wpseo_metadesc":"O envelhecimento envolve mudan\u00e7as emocionais profundas que muitas vezes n\u00e3o s\u00e3o discutidas. Entenda os desafios psicol\u00f3gicos dessa fase.","jnews-multi-image_gallery":[],"jnews_single_post":{"format":"standard"},"jnews_primary_category":[],"jnews_social_meta":[],"jnews_override_counter":[],"footnotes":""},"categories":[112],"tags":[4718,1575,404],"class_list":["post-204771","post","type-post","status-publish","format-standard","has-post-thumbnail","hentry","category-curiosidades","tag-comportamento","tag-envelhecer","tag-psicologia"],"yoast_head":"<!-- This site is optimized with the Yoast SEO plugin v24.6 - https:\/\/yoast.com\/wordpress\/plugins\/seo\/ -->\n<title>Segundo a psicologia, a parte mais frustrante de envelhecer n\u00e3o \u00e9 o corpo mudar, mas perceber que ningu\u00e9m te avisou como seria - Correio Braziliense - Radar<\/title>\n<meta name=\"description\" content=\"O envelhecimento envolve mudan\u00e7as emocionais profundas que muitas vezes n\u00e3o s\u00e3o discutidas. Entenda os desafios psicol\u00f3gicos dessa fase.\" \/>\n<meta name=\"robots\" content=\"index, follow, max-snippet:-1, max-image-preview:large, max-video-preview:-1\" \/>\n<link rel=\"canonical\" href=\"https:\/\/www.correiobraziliense.com.br\/cbradar\/segundo-a-psicologia-a-parte-mais-frustrante-de-envelhecer-nao-e-o-corpo-mudar-mas-perceber-que-ninguem-te-avisou-como-seria\/\" \/>\n<meta property=\"og:locale\" content=\"pt_BR\" \/>\n<meta property=\"og:type\" content=\"article\" \/>\n<meta property=\"og:title\" content=\"Segundo a psicologia, a parte mais frustrante de envelhecer n\u00e3o \u00e9 o corpo mudar, mas perceber que ningu\u00e9m te avisou como seria - Correio Braziliense - Radar\" \/>\n<meta property=\"og:description\" content=\"O envelhecimento envolve mudan\u00e7as emocionais profundas que muitas vezes n\u00e3o s\u00e3o discutidas. Entenda os desafios psicol\u00f3gicos dessa fase.\" \/>\n<meta property=\"og:url\" content=\"https:\/\/www.correiobraziliense.com.br\/cbradar\/segundo-a-psicologia-a-parte-mais-frustrante-de-envelhecer-nao-e-o-corpo-mudar-mas-perceber-que-ninguem-te-avisou-como-seria\/\" \/>\n<meta property=\"og:site_name\" content=\"Correio Braziliense - Radar\" \/>\n<meta property=\"article:published_time\" content=\"2026-03-07T17:58:00+00:00\" \/>\n<meta property=\"article:modified_time\" content=\"2026-03-07T18:55:08+00:00\" \/>\n<meta property=\"og:image\" content=\"https:\/\/www.correiobraziliense.com.br\/cbradar\/wp-content\/uploads\/2026\/03\/creation_2527822761.png\" \/>\n\t<meta property=\"og:image:width\" content=\"1280\" \/>\n\t<meta property=\"og:image:height\" content=\"714\" \/>\n\t<meta property=\"og:image:type\" content=\"image\/png\" \/>\n<meta name=\"author\" content=\"Carlos Emanoel\" \/>\n<meta name=\"twitter:card\" content=\"summary_large_image\" \/>\n<meta name=\"twitter:label1\" content=\"Escrito por\" \/>\n\t<meta name=\"twitter:data1\" content=\"Carlos Emanoel\" \/>\n\t<meta name=\"twitter:label2\" content=\"Est. tempo de leitura\" \/>\n\t<meta name=\"twitter:data2\" content=\"7 minutos\" \/>\n<!-- \/ Yoast SEO plugin. -->","yoast_head_json":{"title":"Segundo a psicologia, a parte mais frustrante de envelhecer n\u00e3o \u00e9 o corpo mudar, mas perceber que ningu\u00e9m te avisou como seria - Correio Braziliense - Radar","description":"O envelhecimento envolve mudan\u00e7as emocionais profundas que muitas vezes n\u00e3o s\u00e3o discutidas. Entenda os desafios psicol\u00f3gicos dessa fase.","robots":{"index":"index","follow":"follow","max-snippet":"max-snippet:-1","max-image-preview":"max-image-preview:large","max-video-preview":"max-video-preview:-1"},"canonical":"https:\/\/www.correiobraziliense.com.br\/cbradar\/segundo-a-psicologia-a-parte-mais-frustrante-de-envelhecer-nao-e-o-corpo-mudar-mas-perceber-que-ninguem-te-avisou-como-seria\/","og_locale":"pt_BR","og_type":"article","og_title":"Segundo a psicologia, a parte mais frustrante de envelhecer n\u00e3o \u00e9 o corpo mudar, mas perceber que ningu\u00e9m te avisou como seria - Correio Braziliense - Radar","og_description":"O envelhecimento envolve mudan\u00e7as emocionais profundas que muitas vezes n\u00e3o s\u00e3o discutidas. Entenda os desafios psicol\u00f3gicos dessa fase.","og_url":"https:\/\/www.correiobraziliense.com.br\/cbradar\/segundo-a-psicologia-a-parte-mais-frustrante-de-envelhecer-nao-e-o-corpo-mudar-mas-perceber-que-ninguem-te-avisou-como-seria\/","og_site_name":"Correio Braziliense - Radar","article_published_time":"2026-03-07T17:58:00+00:00","article_modified_time":"2026-03-07T18:55:08+00:00","og_image":[{"width":1280,"height":714,"url":"https:\/\/www.correiobraziliense.com.br\/cbradar\/wp-content\/uploads\/2026\/03\/creation_2527822761.png","type":"image\/png"}],"author":"Carlos Emanoel","twitter_card":"summary_large_image","twitter_misc":{"Escrito por":"Carlos Emanoel","Est. tempo de leitura":"7 minutos"},"schema":{"@context":"https:\/\/schema.org","@graph":[{"@type":"WebPage","@id":"https:\/\/www.correiobraziliense.com.br\/cbradar\/segundo-a-psicologia-a-parte-mais-frustrante-de-envelhecer-nao-e-o-corpo-mudar-mas-perceber-que-ninguem-te-avisou-como-seria\/","url":"https:\/\/www.correiobraziliense.com.br\/cbradar\/segundo-a-psicologia-a-parte-mais-frustrante-de-envelhecer-nao-e-o-corpo-mudar-mas-perceber-que-ninguem-te-avisou-como-seria\/","name":"Segundo a psicologia, a parte mais frustrante de envelhecer n\u00e3o \u00e9 o corpo mudar, mas perceber que ningu\u00e9m te avisou como seria - Correio Braziliense - Radar","isPartOf":{"@id":"https:\/\/www.correiobraziliense.com.br\/cbradar\/#website"},"primaryImageOfPage":{"@id":"https:\/\/www.correiobraziliense.com.br\/cbradar\/segundo-a-psicologia-a-parte-mais-frustrante-de-envelhecer-nao-e-o-corpo-mudar-mas-perceber-que-ninguem-te-avisou-como-seria\/#primaryimage"},"image":{"@id":"https:\/\/www.correiobraziliense.com.br\/cbradar\/segundo-a-psicologia-a-parte-mais-frustrante-de-envelhecer-nao-e-o-corpo-mudar-mas-perceber-que-ninguem-te-avisou-como-seria\/#primaryimage"},"thumbnailUrl":"https:\/\/www.correiobraziliense.com.br\/cbradar\/wp-content\/uploads\/2026\/03\/creation_2527822761.png","datePublished":"2026-03-07T17:58:00+00:00","dateModified":"2026-03-07T18:55:08+00:00","author":{"@id":"https:\/\/www.correiobraziliense.com.br\/cbradar\/#\/schema\/person\/7cb69f5de3b2da2c5cca754a43470cf6"},"description":"O envelhecimento envolve mudan\u00e7as emocionais profundas que muitas vezes n\u00e3o s\u00e3o discutidas. Entenda os desafios psicol\u00f3gicos dessa fase.","breadcrumb":{"@id":"https:\/\/www.correiobraziliense.com.br\/cbradar\/segundo-a-psicologia-a-parte-mais-frustrante-de-envelhecer-nao-e-o-corpo-mudar-mas-perceber-que-ninguem-te-avisou-como-seria\/#breadcrumb"},"inLanguage":"pt-BR","potentialAction":[{"@type":"ReadAction","target":["https:\/\/www.correiobraziliense.com.br\/cbradar\/segundo-a-psicologia-a-parte-mais-frustrante-de-envelhecer-nao-e-o-corpo-mudar-mas-perceber-que-ninguem-te-avisou-como-seria\/"]}]},{"@type":"ImageObject","inLanguage":"pt-BR","@id":"https:\/\/www.correiobraziliense.com.br\/cbradar\/segundo-a-psicologia-a-parte-mais-frustrante-de-envelhecer-nao-e-o-corpo-mudar-mas-perceber-que-ninguem-te-avisou-como-seria\/#primaryimage","url":"https:\/\/www.correiobraziliense.com.br\/cbradar\/wp-content\/uploads\/2026\/03\/creation_2527822761.png","contentUrl":"https:\/\/www.correiobraziliense.com.br\/cbradar\/wp-content\/uploads\/2026\/03\/creation_2527822761.png","width":1280,"height":714,"caption":"A sociedade ocidental, e a brasileira em particular, construiu uma narrativa sobre o envelhecimento que oscila entre dois extremos"},{"@type":"BreadcrumbList","@id":"https:\/\/www.correiobraziliense.com.br\/cbradar\/segundo-a-psicologia-a-parte-mais-frustrante-de-envelhecer-nao-e-o-corpo-mudar-mas-perceber-que-ninguem-te-avisou-como-seria\/#breadcrumb","itemListElement":[{"@type":"ListItem","position":1,"name":"In\u00edcio","item":"https:\/\/www.correiobraziliense.com.br\/cbradar\/"},{"@type":"ListItem","position":2,"name":"Segundo a psicologia, a parte mais frustrante de envelhecer n\u00e3o \u00e9 o corpo mudar, mas perceber que ningu\u00e9m te avisou como seria"}]},{"@type":"WebSite","@id":"https:\/\/www.correiobraziliense.com.br\/cbradar\/#website","url":"https:\/\/www.correiobraziliense.com.br\/cbradar\/","name":"Correio Braziliense - Radar","description":"Acompanhe as \u00faltimas not\u00edcias e fique bem informado sobre tudo o que acontece no Brasil e no mundo.","potentialAction":[{"@type":"SearchAction","target":{"@type":"EntryPoint","urlTemplate":"https:\/\/www.correiobraziliense.com.br\/cbradar\/?s={search_term_string}"},"query-input":{"@type":"PropertyValueSpecification","valueRequired":true,"valueName":"search_term_string"}}],"inLanguage":"pt-BR"},{"@type":"Person","@id":"https:\/\/www.correiobraziliense.com.br\/cbradar\/#\/schema\/person\/7cb69f5de3b2da2c5cca754a43470cf6","name":"Carlos Emanoel","image":{"@type":"ImageObject","inLanguage":"pt-BR","@id":"https:\/\/www.correiobraziliense.com.br\/cbradar\/#\/schema\/person\/image\/","url":"https:\/\/secure.gravatar.com\/avatar\/4b33ca1112d9795a0a9ea460c383b721?s=96&d=mm&r=g","contentUrl":"https:\/\/secure.gravatar.com\/avatar\/4b33ca1112d9795a0a9ea460c383b721?s=96&d=mm&r=g","caption":"Carlos Emanoel"},"sameAs":["https:\/\/www.correiobraziliense.com.br\/cbradar\/"],"url":"https:\/\/www.correiobraziliense.com.br\/cbradar\/author\/carlos\/"}]}},"_links":{"self":[{"href":"https:\/\/www.correiobraziliense.com.br\/cbradar\/wp-json\/wp\/v2\/posts\/204771","targetHints":{"allow":["GET"]}}],"collection":[{"href":"https:\/\/www.correiobraziliense.com.br\/cbradar\/wp-json\/wp\/v2\/posts"}],"about":[{"href":"https:\/\/www.correiobraziliense.com.br\/cbradar\/wp-json\/wp\/v2\/types\/post"}],"author":[{"embeddable":true,"href":"https:\/\/www.correiobraziliense.com.br\/cbradar\/wp-json\/wp\/v2\/users\/16"}],"replies":[{"embeddable":true,"href":"https:\/\/www.correiobraziliense.com.br\/cbradar\/wp-json\/wp\/v2\/comments?post=204771"}],"version-history":[{"count":1,"href":"https:\/\/www.correiobraziliense.com.br\/cbradar\/wp-json\/wp\/v2\/posts\/204771\/revisions"}],"predecessor-version":[{"id":204803,"href":"https:\/\/www.correiobraziliense.com.br\/cbradar\/wp-json\/wp\/v2\/posts\/204771\/revisions\/204803"}],"wp:featuredmedia":[{"embeddable":true,"href":"https:\/\/www.correiobraziliense.com.br\/cbradar\/wp-json\/wp\/v2\/media\/204797"}],"wp:attachment":[{"href":"https:\/\/www.correiobraziliense.com.br\/cbradar\/wp-json\/wp\/v2\/media?parent=204771"}],"wp:term":[{"taxonomy":"category","embeddable":true,"href":"https:\/\/www.correiobraziliense.com.br\/cbradar\/wp-json\/wp\/v2\/categories?post=204771"},{"taxonomy":"post_tag","embeddable":true,"href":"https:\/\/www.correiobraziliense.com.br\/cbradar\/wp-json\/wp\/v2\/tags?post=204771"}],"curies":[{"name":"wp","href":"https:\/\/api.w.org\/{rel}","templated":true}]}}