{"id":204774,"date":"2026-03-08T18:25:00","date_gmt":"2026-03-08T21:25:00","guid":{"rendered":"https:\/\/www.correiobraziliense.com.br\/cbradar\/?p=204774"},"modified":"2026-03-07T14:39:27","modified_gmt":"2026-03-07T17:39:27","slug":"o-detalhe-invisivel-no-quarto-que-pode-sabotar-seu-sono-com-ar-condicionado","status":"publish","type":"post","link":"https:\/\/www.correiobraziliense.com.br\/cbradar\/o-detalhe-invisivel-no-quarto-que-pode-sabotar-seu-sono-com-ar-condicionado\/","title":{"rendered":"O detalhe invis\u00edvel no quarto que pode sabotar seu sono com ar-condicionado"},"content":{"rendered":"\n<p>O funcionamento dos&nbsp;<strong>aparelhos de ar-condicionado<\/strong>&nbsp;tipicamente envolve a recircula\u00e7\u00e3o do ar, em vez de sua renova\u00e7\u00e3o. Isso significa que o&nbsp;<em>di\u00f3xido de carbono<\/em>, expelido durante o processo respirat\u00f3rio, permanece acumulado durante a noite. A falta de ventila\u00e7\u00e3o cont\u00ednua pode elevar os n\u00edveis de CO\u2082, em um cen\u00e1rio onde um adulto j\u00e1 libera cerca de 250 mililitros de CO\u2082 por minuto. Assim, a aus\u00eancia de correntes de ar fresco pode impactar negativamente no bem-estar e na qualidade do sono.<\/p>\n\n\n\n<h2 class=\"wp-block-heading\">Qual \u00e9 o impacto da ventila\u00e7\u00e3o na qualidade do sono?<\/h2>\n\n\n\n<p>Uma abordagem eficaz para melhorar o sono \u00e9 manter uma janela ou porta minimamente aberta, mesmo com o ar-condicionado ligado. Isso permite que o ar climatizado e o ar fresco atuem em conjunto, otimizando o conforto t\u00e9rmico sem comprometer a qualidade do ar.<\/p>\n\n\n\n<p>A ventila\u00e7\u00e3o natural, mesmo que m\u00ednima, ajuda a diluir o CO\u2082 e reduzir sua concentra\u00e7\u00e3o, criando uma atmosfera mais prop\u00edcia ao descanso profundo. Em c\u00f4modos muito fechados, o ar tende a ficar mais carregado, o que pode gerar sensa\u00e7\u00e3o de peso, dor de cabe\u00e7a e dificuldade para adormecer.<\/p>\n\n\n\n<p>Para compreender melhor quais h\u00e1bitos podem contribuir para uma melhor qualidade do sono, assista ao v\u00eddeo a seguir, no qual o especialista explica o assunto de forma clara e did\u00e1tica no canal respons\u00e1vel pelo conte\u00fado.<\/p>\n\n\n\n<iframe loading=\"lazy\" width=\"1396\" height=\"785\" src=\"https:\/\/www.youtube.com\/embed\/_cPSjc8OZ_w\" title=\"H\u00e1bitos que podem melhorar o seu sono\" frameborder=\"0\" allow=\"accelerometer; autoplay; clipboard-write; encrypted-media; gyroscope; picture-in-picture; web-share\" referrerpolicy=\"strict-origin-when-cross-origin\" allowfullscreen><\/iframe>\n\n\n\n<h2 class=\"wp-block-heading\">O que a ci\u00eancia diz sobre a ventila\u00e7\u00e3o do quarto?<\/h2>\n\n\n\n<p>Pesquisas realizadas pela Universidade de Tecnologia de Eindhoven destacam a import\u00e2ncia da ventila\u00e7\u00e3o na qualidade do sono. Em um estudo com 17 indiv\u00edduos saud\u00e1veis, quartos bem ventilados mantinham n\u00edveis de CO\u2082 ao redor de 717 ppm, em compara\u00e7\u00e3o aos 1.150 ppm em quartos fechados.<\/p>\n\n\n\n<p>Esse diferencial reflete diretamente na efici\u00eancia do sono, apontando uma correla\u00e7\u00e3o entre ventila\u00e7\u00e3o e&nbsp;<strong>melhoria na profundidade do sono<\/strong>. Outros estudos em ambientes residenciais e dormit\u00f3rios estudantis refor\u00e7am que n\u00edveis mais baixos de CO\u2082 se associam a menos despertares e sensa\u00e7\u00e3o de descanso ao acordar.<\/p>\n\n\n\n<h2 class=\"wp-block-heading\">Quais s\u00e3o as consequ\u00eancias de dormir em um ambiente mal ventilado?<\/h2>\n\n\n\n<p>Os perigos de se dormir em locais com ventila\u00e7\u00e3o inadequada v\u00e3o al\u00e9m do mero desconforto ou sensa\u00e7\u00e3o de abafamento. Aumentos nos n\u00edveis de CO\u2082 ativam receptores no sistema nervoso que podem induzir microdespertares, elevando os n\u00edveis de cortisol, o horm\u00f4nio do estresse.<\/p>\n\n\n\n<p>Essas altera\u00e7\u00f5es noturnas interrompem a recupera\u00e7\u00e3o f\u00edsica e mental, impactando diretamente o desempenho no dia seguinte. Entre os principais efeitos negativos observados em ambientes mal ventilados, destacam-se:<\/p>\n\n\n\n\n<style>\n  .make-wrap{\n    max-width: 760px;\n    margin: 26px auto;\n    padding: 18px;\n    border-radius: 18px;\n    background: linear-gradient(135deg,#fff7fb 0%,#f6f2ff 100%);\n    border: 1px solid #f7d4ea;\n    box-shadow: 0 8px 20px rgba(236,72,153,.12);\n    font-family: system-ui, -apple-system, Segoe UI, Roboto, Helvetica, Arial, sans-serif;\n  }\n\n  .make-title{\n    display:flex; \n    align-items:center; \n    gap:10px;\n    margin:0 0 12px 4px;\n    font-size:1.2rem; \n    font-weight:900; \n    color:#9d174d;\n  }\n\n  .make-table{\n    width:100%;\n    border-collapse:separate;\n    border-spacing:0;\n    overflow:hidden;\n    border-radius:16px;\n    border:1px solid #f7d4ea;\n    background:#fff;\n    font-size:.92rem;\n  }\n\n  .make-table thead th{\n    background:linear-gradient(90deg,#fde7f3 0%,#f8e9ff 100%);\n    padding:12px;\n    color:#7a1e63;\n    font-weight:800;\n    text-align:left;\n    border-bottom:1px solid #f7d4ea;\n  }\n\n  .make-table tbody td{\n    padding:12px;\n    color:#374151;\n    vertical-align:top;\n    border-bottom:1px dashed #f7d4ea;\n  }\n\n  .make-table tbody tr:nth-child(odd){\n    background:#fffaff;\n  }\n\n  .price{\n    display:inline-flex;\n    align-items:center;\n    background:#fff7ed;\n    color:#b45309;\n    padding:6px 10px;\n    border-radius:10px;\n    border:1px solid #fed7aa;\n    font-weight:700;\n    white-space:nowrap;\n  }\n\n  .badge{\n    display:inline-block;\n    background:#fde7f3;\n    color:#c026d3;\n    border:1px solid #fecdd3;\n    padding:4px 10px;\n    border-radius:999px;\n    font-weight:700;\n    font-size:.78rem;\n  }\n\n  @media (max-width:720px){\n    .make-table thead{display:none}\n    .make-table, .make-table tbody, .make-table tr, .make-table td{\n      display:block; \n      width:100%;\n    }\n    .make-table tr{\n      margin-bottom:12px;\n      border:1px solid #f7d4ea;\n      border-radius:14px;\n      overflow:hidden;\n      background:#fff;\n    }\n    .make-table td[data-label]:before{\n      content:attr(data-label);\n      display:block;\n      font-weight:800;\n      color:#7a1e63;\n      margin-bottom:4px;\n    }\n    .make-table tbody td:last-child{border-bottom:none}\n  }\n<\/style>\n\n<div class=\"make-wrap\">\n  <h3 class=\"make-title\">\ud83d\ude34\u26a0\ufe0f Impactos da Priva\u00e7\u00e3o de Sono<\/h3>\n\n  <table class=\"make-table\">\n    <thead>\n      <tr>\n        <th>Efeito<\/th>\n        <th>Consequ\u00eancia<\/th>\n      <\/tr>\n    <\/thead>\n    <tbody>\n      <tr>\n        <td data-label=\"Efeito\"><span class=\"badge\">Sono profundo reduzido<\/span><\/td>\n        <td data-label=\"Consequ\u00eancia\">Redu\u00e7\u00e3o significativa do tempo em sono profundo e reparador.<\/td>\n      <\/tr>\n      <tr>\n        <td data-label=\"Efeito\"><span class=\"badge\">Cansa\u00e7o e irritabilidade<\/span><\/td>\n        <td data-label=\"Consequ\u00eancia\">Aumento do cansa\u00e7o, irritabilidade e estresse ao acordar.<\/td>\n      <\/tr>\n      <tr>\n        <td data-label=\"Efeito\"><span class=\"badge\">Queda no desempenho mental<\/span><\/td>\n        <td data-label=\"Consequ\u00eancia\">Preju\u00edzo na concentra\u00e7\u00e3o, mem\u00f3ria e tomada de decis\u00f5es.<\/td>\n      <\/tr>\n    <\/tbody>\n  <\/table>\n\n  <p style=\"margin-top:14px; color:#6b7280; font-size:.9rem;\">\n    \ud83d\udca1 <strong>Dica:<\/strong> Dormir bem \u00e9 essencial para manter o equil\u00edbrio emocional, a mem\u00f3ria e o bom funcionamento do c\u00e9rebro.\n  <\/p>\n<\/div>\n\n\n\n\n\n<h2 class=\"wp-block-heading\">Como otimizar a ventila\u00e7\u00e3o do quarto durante a noite?<\/h2>\n\n\n\n<p>Implementar pequenas mudan\u00e7as nos h\u00e1bitos de ventila\u00e7\u00e3o pode transformar a experi\u00eancia do sono, mesmo em noites quentes. De acordo com especialistas em sa\u00fade do sono, \u00e9 poss\u00edvel manter tanto o conforto t\u00e9rmico quanto um n\u00edvel saud\u00e1vel de renova\u00e7\u00e3o do ar, sem grandes reformas.<\/p>\n\n\n\n<ol class=\"wp-block-list\">\n<li>Manter a porta do quarto ligeiramente aberta para favorecer a circula\u00e7\u00e3o<\/li>\n\n\n\n<li>Abrir as janelas por breves per\u00edodos antes de dormir para renovar o ar<\/li>\n\n\n\n<li>Utilizar ventiladores para movimentar o ar e evitar sensa\u00e7\u00e3o de abafamento<\/li>\n<\/ol>\n\n\n\n<h2 class=\"wp-block-heading\">O ar-condicionado e a ventila\u00e7\u00e3o s\u00e3o compat\u00edveis?<\/h2>\n\n\n\n<p>Utilizar o ar-condicionado em conjunto com m\u00e9todos de ventila\u00e7\u00e3o natural \u00e9 uma das melhores estrat\u00e9gias para noites quentes. Manter o aparelho em temperaturas recomendadas, entre 18\u00b0C e 22\u00b0C, ajuda a equilibrar conforto t\u00e9rmico e economia de energia.<\/p>\n\n\n\n<p>Uma abertura estrat\u00e9gica na janela ou porta assegura uma noite mais tranquila e saud\u00e1vel, reduzindo o ac\u00famulo de CO\u2082 e outros poluentes internos. Quando bem regulados, ar-condicionado, ventila\u00e7\u00e3o natural e at\u00e9 exaustores podem funcionar de forma harmoniosa, garantindo um clima agrad\u00e1vel e um ambiente com ar de melhor qualidade para dormir.<\/p>\n\n\n<a href=\"https:\/\/www.instagram.com\/dra.annaluisabf\/\" target=\"_blank\" rel=\"noopener\" style=\"text-decoration: none; color: inherit;\">\n    <span style=\"display: inline-block; border: 1px solid #ccc; border-radius: 10px; padding: 15px; max-width: 550px; font-family: sans-serif; box-shadow: 0 2px 5px rgba(0,0,0,0.1); width: 100%;\">\n\n      <!-- T\u00edtulo -->\n      <span style=\"display: block; margin: 0 0 15px 0; font-weight: bold; color: #2c3e50; text-align: center;\">\n        Entre em contato:\n      <\/span>\n\n      <!-- Linha do perfil -->\n      <span style=\"display: flex; align-items: center; gap: 15px;\">\n        <img decoding=\"async\"\n          src=\"https:\/\/www.correiobraziliense.com.br\/cbradar\/wp-content\/uploads\/2025\/08\/dra_anna_luisa.jpeg\"\n          alt=\"Foto da Dra. Anna Lu\u00edsa\"\n          style=\"border-radius: 50%; width: 80px; height: 80px; object-fit: cover;\"\n        \/>\n        <span style=\"display: flex; flex-direction: column;\">\n          <span style=\"font-size: 18px; font-weight: 700; color: #2c3e50;\">Dra. Anna Lu\u00edsa Barbosa Fernandes<\/span>\n          <span style=\"color: #555;\">CRM-GO 33.271<\/span>\n        <\/span>\n      <\/span>\n\n      <!-- Redes -->\n      <span style=\"display: flex; align-items: center; gap: 10px; margin-top: 12px;\">\n        <img decoding=\"async\" src=\"https:\/\/cdn-icons-png.flaticon.com\/24\/1384\/1384063.png\" alt=\"Instagram\" width=\"24\" height=\"24\" \/>\n        <span style=\"text-decoration: underline; color: #2c3e50;\">@dra.annaluisabf<\/span>\n      <\/span>\n\n    <\/span>\n  <\/a>","protected":false},"excerpt":{"rendered":"<p>O funcionamento dos&nbsp;aparelhos de ar-condicionado&nbsp;tipicamente envolve a recircula\u00e7\u00e3o do ar, em vez de sua renova\u00e7\u00e3o. Isso significa que o&nbsp;di\u00f3xido de carbono, expelido durante o processo respirat\u00f3rio, permanece acumulado durante a noite. A falta de ventila\u00e7\u00e3o cont\u00ednua pode elevar os n\u00edveis de CO\u2082, em um cen\u00e1rio onde um adulto j\u00e1 libera cerca de 250 mililitros de [&hellip;]<\/p>\n","protected":false},"author":14,"featured_media":203759,"comment_status":"open","ping_status":"open","sticky":false,"template":"","format":"standard","meta":{"_yoast_wpseo_focuskw":"sono","_yoast_wpseo_title":"","_yoast_wpseo_metadesc":"Ar-condicionado pode prejudicar o sono quando o quarto fica sem ventila\u00e7\u00e3o. Entenda o papel do CO\u2082 no descanso.","jnews-multi-image_gallery":[],"jnews_single_post":{"format":"standard"},"jnews_primary_category":[],"jnews_social_meta":[],"jnews_override_counter":[],"footnotes":""},"categories":[4404],"post_tag":[120,247,1318],"class_list":["post-204774","post","type-post","status-publish","format-standard","has-post-thumbnail","hentry","category-saude","tag-bem-estar","tag-qualidade-de-vida","tag-saude-2"],"yoast_head":"<!-- This site is optimized with the Yoast SEO plugin v24.6 - https:\/\/yoast.com\/wordpress\/plugins\/seo\/ -->\n<title>O detalhe invis\u00edvel no quarto que pode sabotar seu sono com ar-condicionado - Correio Braziliense - Radar<\/title>\n<meta name=\"description\" content=\"Ar-condicionado pode prejudicar o sono quando o quarto fica sem ventila\u00e7\u00e3o. Entenda o papel do CO\u2082 no descanso.\" \/>\n<meta name=\"robots\" content=\"index, follow, max-snippet:-1, max-image-preview:large, max-video-preview:-1\" \/>\n<link rel=\"canonical\" href=\"https:\/\/www.correiobraziliense.com.br\/cbradar\/o-detalhe-invisivel-no-quarto-que-pode-sabotar-seu-sono-com-ar-condicionado\/\" \/>\n<meta property=\"og:locale\" content=\"pt_BR\" \/>\n<meta property=\"og:type\" content=\"article\" \/>\n<meta property=\"og:title\" content=\"O detalhe invis\u00edvel no quarto que pode sabotar seu sono com ar-condicionado - Correio Braziliense - Radar\" \/>\n<meta property=\"og:description\" content=\"Ar-condicionado pode prejudicar o sono quando o quarto fica sem ventila\u00e7\u00e3o. Entenda o papel do CO\u2082 no descanso.\" \/>\n<meta property=\"og:url\" content=\"https:\/\/www.correiobraziliense.com.br\/cbradar\/o-detalhe-invisivel-no-quarto-que-pode-sabotar-seu-sono-com-ar-condicionado\/\" \/>\n<meta property=\"og:site_name\" content=\"Correio Braziliense - Radar\" \/>\n<meta property=\"article:published_time\" content=\"2026-03-08T21:25:00+00:00\" \/>\n<meta property=\"og:image\" content=\"https:\/\/www.correiobraziliense.com.br\/cbradar\/wp-content\/uploads\/2026\/03\/Dormir-com-a-porta-fechada_1772755519208.jpg\" \/>\n\t<meta property=\"og:image:width\" content=\"1280\" \/>\n\t<meta property=\"og:image:height\" content=\"720\" \/>\n\t<meta property=\"og:image:type\" content=\"image\/jpeg\" \/>\n<meta name=\"author\" content=\"guilherme_saude\" \/>\n<meta name=\"twitter:card\" content=\"summary_large_image\" \/>\n<meta name=\"twitter:label1\" content=\"Escrito por\" \/>\n\t<meta name=\"twitter:data1\" content=\"guilherme_saude\" \/>\n\t<meta name=\"twitter:label2\" content=\"Est. tempo de leitura\" \/>\n\t<meta name=\"twitter:data2\" content=\"5 minutos\" \/>\n<!-- \/ Yoast SEO plugin. -->","yoast_head_json":{"title":"O detalhe invis\u00edvel no quarto que pode sabotar seu sono com ar-condicionado - Correio Braziliense - Radar","description":"Ar-condicionado pode prejudicar o sono quando o quarto fica sem ventila\u00e7\u00e3o. Entenda o papel do CO\u2082 no descanso.","robots":{"index":"index","follow":"follow","max-snippet":"max-snippet:-1","max-image-preview":"max-image-preview:large","max-video-preview":"max-video-preview:-1"},"canonical":"https:\/\/www.correiobraziliense.com.br\/cbradar\/o-detalhe-invisivel-no-quarto-que-pode-sabotar-seu-sono-com-ar-condicionado\/","og_locale":"pt_BR","og_type":"article","og_title":"O detalhe invis\u00edvel no quarto que pode sabotar seu sono com ar-condicionado - Correio Braziliense - Radar","og_description":"Ar-condicionado pode prejudicar o sono quando o quarto fica sem ventila\u00e7\u00e3o. Entenda o papel do CO\u2082 no descanso.","og_url":"https:\/\/www.correiobraziliense.com.br\/cbradar\/o-detalhe-invisivel-no-quarto-que-pode-sabotar-seu-sono-com-ar-condicionado\/","og_site_name":"Correio Braziliense - Radar","article_published_time":"2026-03-08T21:25:00+00:00","og_image":[{"width":1280,"height":720,"url":"https:\/\/www.correiobraziliense.com.br\/cbradar\/wp-content\/uploads\/2026\/03\/Dormir-com-a-porta-fechada_1772755519208.jpg","type":"image\/jpeg"}],"author":"guilherme_saude","twitter_card":"summary_large_image","twitter_misc":{"Escrito por":"guilherme_saude","Est. tempo de leitura":"5 minutos"},"schema":{"@context":"https:\/\/schema.org","@graph":[{"@type":"WebPage","@id":"https:\/\/www.correiobraziliense.com.br\/cbradar\/o-detalhe-invisivel-no-quarto-que-pode-sabotar-seu-sono-com-ar-condicionado\/","url":"https:\/\/www.correiobraziliense.com.br\/cbradar\/o-detalhe-invisivel-no-quarto-que-pode-sabotar-seu-sono-com-ar-condicionado\/","name":"O detalhe invis\u00edvel no quarto que pode sabotar seu sono com ar-condicionado - Correio Braziliense - Radar","isPartOf":{"@id":"https:\/\/www.correiobraziliense.com.br\/cbradar\/#website"},"primaryImageOfPage":{"@id":"https:\/\/www.correiobraziliense.com.br\/cbradar\/o-detalhe-invisivel-no-quarto-que-pode-sabotar-seu-sono-com-ar-condicionado\/#primaryimage"},"image":{"@id":"https:\/\/www.correiobraziliense.com.br\/cbradar\/o-detalhe-invisivel-no-quarto-que-pode-sabotar-seu-sono-com-ar-condicionado\/#primaryimage"},"thumbnailUrl":"https:\/\/www.correiobraziliense.com.br\/cbradar\/wp-content\/uploads\/2026\/03\/Dormir-com-a-porta-fechada_1772755519208.jpg","datePublished":"2026-03-08T21:25:00+00:00","author":{"@id":"https:\/\/www.correiobraziliense.com.br\/cbradar\/#\/schema\/person\/5aa4bf3c8fa699c267933611de12978b"},"description":"Ar-condicionado pode prejudicar o sono quando o quarto fica sem ventila\u00e7\u00e3o. Entenda o papel do CO\u2082 no descanso.","breadcrumb":{"@id":"https:\/\/www.correiobraziliense.com.br\/cbradar\/o-detalhe-invisivel-no-quarto-que-pode-sabotar-seu-sono-com-ar-condicionado\/#breadcrumb"},"inLanguage":"pt-BR","potentialAction":[{"@type":"ReadAction","target":["https:\/\/www.correiobraziliense.com.br\/cbradar\/o-detalhe-invisivel-no-quarto-que-pode-sabotar-seu-sono-com-ar-condicionado\/"]}]},{"@type":"ImageObject","inLanguage":"pt-BR","@id":"https:\/\/www.correiobraziliense.com.br\/cbradar\/o-detalhe-invisivel-no-quarto-que-pode-sabotar-seu-sono-com-ar-condicionado\/#primaryimage","url":"https:\/\/www.correiobraziliense.com.br\/cbradar\/wp-content\/uploads\/2026\/03\/Dormir-com-a-porta-fechada_1772755519208.jpg","contentUrl":"https:\/\/www.correiobraziliense.com.br\/cbradar\/wp-content\/uploads\/2026\/03\/Dormir-com-a-porta-fechada_1772755519208.jpg","width":1280,"height":720,"caption":"O erro comum no quarto que pode afetar a qualidade do sono - Cr\u00e9ditos: depositphotos.com \/ andriano_cz"},{"@type":"BreadcrumbList","@id":"https:\/\/www.correiobraziliense.com.br\/cbradar\/o-detalhe-invisivel-no-quarto-que-pode-sabotar-seu-sono-com-ar-condicionado\/#breadcrumb","itemListElement":[{"@type":"ListItem","position":1,"name":"In\u00edcio","item":"https:\/\/www.correiobraziliense.com.br\/cbradar\/"},{"@type":"ListItem","position":2,"name":"O detalhe invis\u00edvel no quarto que pode sabotar seu sono com ar-condicionado"}]},{"@type":"WebSite","@id":"https:\/\/www.correiobraziliense.com.br\/cbradar\/#website","url":"https:\/\/www.correiobraziliense.com.br\/cbradar\/","name":"Correio Braziliense - Radar","description":"Acompanhe as \u00faltimas not\u00edcias e fique bem informado sobre tudo o que acontece no Brasil e no mundo.","potentialAction":[{"@type":"SearchAction","target":{"@type":"EntryPoint","urlTemplate":"https:\/\/www.correiobraziliense.com.br\/cbradar\/?s={search_term_string}"},"query-input":{"@type":"PropertyValueSpecification","valueRequired":true,"valueName":"search_term_string"}}],"inLanguage":"pt-BR"},{"@type":"Person","@id":"https:\/\/www.correiobraziliense.com.br\/cbradar\/#\/schema\/person\/5aa4bf3c8fa699c267933611de12978b","name":"guilherme_saude","image":{"@type":"ImageObject","inLanguage":"pt-BR","@id":"https:\/\/www.correiobraziliense.com.br\/cbradar\/#\/schema\/person\/image\/","url":"https:\/\/secure.gravatar.com\/avatar\/df9adfb835d344bc0af109d41756253f?s=96&d=mm&r=g","contentUrl":"https:\/\/secure.gravatar.com\/avatar\/df9adfb835d344bc0af109d41756253f?s=96&d=mm&r=g","caption":"guilherme_saude"},"url":"https:\/\/www.correiobraziliense.com.br\/cbradar\/author\/guilherme_saude\/"}]}},"_links":{"self":[{"href":"https:\/\/www.correiobraziliense.com.br\/cbradar\/wp-json\/wp\/v2\/posts\/204774","targetHints":{"allow":["GET"]}}],"collection":[{"href":"https:\/\/www.correiobraziliense.com.br\/cbradar\/wp-json\/wp\/v2\/posts"}],"about":[{"href":"https:\/\/www.correiobraziliense.com.br\/cbradar\/wp-json\/wp\/v2\/types\/post"}],"author":[{"embeddable":true,"href":"https:\/\/www.correiobraziliense.com.br\/cbradar\/wp-json\/wp\/v2\/users\/14"}],"replies":[{"embeddable":true,"href":"https:\/\/www.correiobraziliense.com.br\/cbradar\/wp-json\/wp\/v2\/comments?post=204774"}],"version-history":[{"count":1,"href":"https:\/\/www.correiobraziliense.com.br\/cbradar\/wp-json\/wp\/v2\/posts\/204774\/revisions"}],"predecessor-version":[{"id":204777,"href":"https:\/\/www.correiobraziliense.com.br\/cbradar\/wp-json\/wp\/v2\/posts\/204774\/revisions\/204777"}],"wp:featuredmedia":[{"embeddable":true,"href":"https:\/\/www.correiobraziliense.com.br\/cbradar\/wp-json\/wp\/v2\/media\/203759"}],"wp:attachment":[{"href":"https:\/\/www.correiobraziliense.com.br\/cbradar\/wp-json\/wp\/v2\/media?parent=204774"}],"wp:term":[{"taxonomy":"category","embeddable":true,"href":"https:\/\/www.correiobraziliense.com.br\/cbradar\/wp-json\/wp\/v2\/categories?post=204774"},{"taxonomy":"post_tag","embeddable":true,"href":"https:\/\/www.correiobraziliense.com.br\/cbradar\/wp-json\/wp\/v2\/post_tag?post=204774"}],"curies":[{"name":"wp","href":"https:\/\/api.w.org\/{rel}","templated":true}]}}