{"id":204788,"date":"2026-03-08T20:25:00","date_gmt":"2026-03-08T23:25:00","guid":{"rendered":"https:\/\/www.correiobraziliense.com.br\/cbradar\/?p=204788"},"modified":"2026-03-07T14:51:57","modified_gmt":"2026-03-07T17:51:57","slug":"o-que-acontece-com-o-cerebro-durante-o-sono-e-pode-proteger-sua-memoria","status":"publish","type":"post","link":"https:\/\/www.correiobraziliense.com.br\/cbradar\/o-que-acontece-com-o-cerebro-durante-o-sono-e-pode-proteger-sua-memoria\/","title":{"rendered":"O que acontece com o c\u00e9rebro durante o sono e pode proteger sua mem\u00f3ria"},"content":{"rendered":"\n<p>Durante o sono, o c\u00e9rebro humano desempenha um papel cr\u00edtico na manuten\u00e7\u00e3o da sa\u00fade mental por meio de um processo essencial de limpeza, facilitado por um sistema conhecido como sistema glinf\u00e1tico, respons\u00e1vel por eliminar res\u00edduos t\u00f3xicos que se acumulam ao longo do dia e cuja compreens\u00e3o \u00e9 fundamental para entender a qualidade do sono e suas implica\u00e7\u00f5es para doen\u00e7as neurodegenerativas.<\/p>\n\n\n\n<h2 class=\"wp-block-heading\">Qual \u00e9 o papel do sistema glinf\u00e1tico no c\u00e9rebro?<\/h2>\n\n\n\n<p>O sistema glinf\u00e1tico \u00e9 um complexo de canais que circunda os vasos sangu\u00edneos no c\u00e9rebro, permitindo a circula\u00e7\u00e3o de fluido que efetua uma verdadeira \u201clavagem\u201d do tecido cerebral. Esse fluido viaja pelos espa\u00e7os intercelulares, recolhendo e transportando res\u00edduos para fora do c\u00e9rebro, funcionando como um eficiente sistema de elimina\u00e7\u00e3o de lixo cerebral.<\/p>\n\n\n\n<h2 class=\"wp-block-heading\">Como acontece a limpeza cerebral durante o sono?<\/h2>\n\n\n\n<p>Nas fases mais profundas do sono, as c\u00e9lulas cerebrais se contraem, ampliando os espa\u00e7os entre elas e permitindo um fluxo mais intenso de limpeza. Estudos indicam que esse processo \u00e9 cerca de 60% mais eficiente durante o sono do que em estado de vig\u00edlia, gra\u00e7as sobretudo \u00e0s ondas cerebrais lentas.<\/p>\n\n\n\n<p>Essas ondas lentas atuam como um tipo de bomba natural, impulsionando o l\u00edquido ao longo do c\u00e9rebro e facilitando a remo\u00e7\u00e3o de res\u00edduos. Quando o sono profundo \u00e9 encurtado ou fragmentado, esse mecanismo de \u201clavagem\u201d se torna menos eficaz e mais res\u00edduos tendem a permanecer no tecido cerebral.<\/p>\n\n\n<div class=\"wp-block-image\">\n<figure class=\"aligncenter size-large\"><img decoding=\"async\" width=\"1024\" height=\"576\" src=\"https:\/\/www.correiobraziliense.com.br\/cbradar\/wp-content\/uploads\/2025\/07\/sono-velho_1752327729571-1024x576.jpg\" alt=\"\" class=\"wp-image-68366\" srcset=\"https:\/\/www.correiobraziliense.com.br\/cbradar\/wp-content\/uploads\/2025\/07\/sono-velho_1752327729571-1024x576.jpg 1024w, https:\/\/www.correiobraziliense.com.br\/cbradar\/wp-content\/uploads\/2025\/07\/sono-velho_1752327729571-300x169.jpg 300w, https:\/\/www.correiobraziliense.com.br\/cbradar\/wp-content\/uploads\/2025\/07\/sono-velho_1752327729571-768x432.jpg 768w, https:\/\/www.correiobraziliense.com.br\/cbradar\/wp-content\/uploads\/2025\/07\/sono-velho_1752327729571-750x422.jpg 750w, https:\/\/www.correiobraziliense.com.br\/cbradar\/wp-content\/uploads\/2025\/07\/sono-velho_1752327729571-1140x641.jpg 1140w, https:\/\/www.correiobraziliense.com.br\/cbradar\/wp-content\/uploads\/2025\/07\/sono-velho_1752327729571.jpg 1280w\" sizes=\"(max-width: 1024px) 100vw, 1024px\" \/><figcaption class=\"wp-element-caption\">Sono &#8211; Cr\u00e9ditos: depositphotos.com \/ Milkos<\/figcaption><\/figure><\/div>\n\n\n<h2 class=\"wp-block-heading\">Por que o sono \u00e9 crucial na preven\u00e7\u00e3o do Alzheimer?<\/h2>\n\n\n\n<p>Entre os res\u00edduos removidos pelo sistema glinf\u00e1tico est\u00e3o as prote\u00ednas beta-amiloide e tau, intimamente ligadas ao desenvolvimento do Alzheimer. A falta de sono adequado compromete a elimina\u00e7\u00e3o dessas prote\u00ednas, favorecendo seu ac\u00famulo no c\u00e9rebro ao longo dos anos, uma caracter\u00edstica marcante da doen\u00e7a.<\/p>\n\n\n\n<p>Pesquisas mostram que at\u00e9 mesmo uma \u00fanica noite mal dormida j\u00e1 prejudica a limpeza dessas subst\u00e2ncias. Quando os dist\u00farbios de sono se tornam cr\u00f4nicos, o funcionamento normal do sistema glinf\u00e1tico pode ser impactado de forma duradoura, mesmo ap\u00f3s tentativas de recupera\u00e7\u00e3o do sono perdido.<\/p>\n\n\n\n<p>Para compreender melhor a rela\u00e7\u00e3o entre sono e sa\u00fade cerebral, especialmente no contexto da doen\u00e7a de Alzheimer, assista ao v\u00eddeo a seguir, no qual o especialista explica o assunto de forma clara e did\u00e1tica no canal respons\u00e1vel pelo conte\u00fado.<\/p>\n\n\n\n<iframe loading=\"lazy\" width=\"1396\" height=\"785\" src=\"https:\/\/www.youtube.com\/embed\/_RFXKmfzyK0\" title=\"Sono e Alzheimer: O Impacto Profundo na Sa\u00fade Cerebral!\" frameborder=\"0\" allow=\"accelerometer; autoplay; clipboard-write; encrypted-media; gyroscope; picture-in-picture; web-share\" referrerpolicy=\"strict-origin-when-cross-origin\" allowfullscreen><\/iframe>\n\n\n\n<h2 class=\"wp-block-heading\">O que os estudos sobre sono e Alzheimer revelam?<\/h2>\n\n\n\n<p>Ensaios cl\u00ednicos em humanos confirmaram a liga\u00e7\u00e3o entre sono e limpeza cerebral, refor\u00e7ando o papel do sistema glinf\u00e1tico como um mecanismo de prote\u00e7\u00e3o neurol\u00f3gica. Um estudo publicado na Nature Communications demonstrou que o sono normal aumentou significativamente os n\u00edveis de biomarcadores do Alzheimer no plasma dos participantes, ap\u00f3s uma noite bem dormida.<\/p>\n\n\n\n<p>Esse aumento no plasma sugere que prote\u00ednas t\u00f3xicas est\u00e3o sendo removidas com mais efic\u00e1cia do c\u00e9rebro para a corrente sangu\u00ednea. Esses achados ressaltam que priorizar um sono de qualidade n\u00e3o \u00e9 apenas quest\u00e3o de descanso, mas uma estrat\u00e9gia potencial de preven\u00e7\u00e3o para doen\u00e7as neurodegenerativas.<\/p>\n\n\n\n<h2 class=\"wp-block-heading\">Quais h\u00e1bitos podem melhorar a fun\u00e7\u00e3o do sistema glinf\u00e1tico?<\/h2>\n\n\n\n<p>Alguns comportamentos di\u00e1rios podem ajudar a otimizar o funcionamento do sistema glinf\u00e1tico, favorecendo um sono mais profundo e restaurador. A seguir, est\u00e3o h\u00e1bitos pr\u00e1ticos que contribuem para uma melhor limpeza cerebral noturna:<\/p>\n\n\n\n\n<style>\n  .make-wrap{\n    max-width: 760px;\n    margin: 26px auto;\n    padding: 18px;\n    border-radius: 18px;\n    background: linear-gradient(135deg,#fff7fb 0%,#f6f2ff 100%);\n    border: 1px solid #f7d4ea;\n    box-shadow: 0 8px 20px rgba(236,72,153,.12);\n    font-family: system-ui, -apple-system, Segoe UI, Roboto, Helvetica, Arial, sans-serif;\n  }\n\n  .make-title{\n    display:flex; \n    align-items:center; \n    gap:10px;\n    margin:0 0 12px 4px;\n    font-size:1.2rem; \n    font-weight:900; \n    color:#9d174d;\n  }\n\n  .make-table{\n    width:100%;\n    border-collapse:separate;\n    border-spacing:0;\n    overflow:hidden;\n    border-radius:16px;\n    border:1px solid #f7d4ea;\n    background:#fff;\n    font-size:.92rem;\n  }\n\n  .make-table thead th{\n    background:linear-gradient(90deg,#fde7f3 0%,#f8e9ff 100%);\n    padding:12px;\n    color:#7a1e63;\n    font-weight:800;\n    text-align:left;\n    border-bottom:1px solid #f7d4ea;\n  }\n\n  .make-table tbody td{\n    padding:12px;\n    color:#374151;\n    vertical-align:top;\n    border-bottom:1px dashed #f7d4ea;\n  }\n\n  .make-table tbody tr:nth-child(odd){\n    background:#fffaff;\n  }\n\n  .price{\n    display:inline-flex;\n    align-items:center;\n    background:#fff7ed;\n    color:#b45309;\n    padding:6px 10px;\n    border-radius:10px;\n    border:1px solid #fed7aa;\n    font-weight:700;\n    white-space:nowrap;\n  }\n\n  .badge{\n    display:inline-block;\n    background:#fde7f3;\n    color:#c026d3;\n    border:1px solid #fecdd3;\n    padding:4px 10px;\n    border-radius:999px;\n    font-weight:700;\n    font-size:.78rem;\n  }\n\n  @media (max-width:720px){\n    .make-table thead{display:none}\n    .make-table, .make-table tbody, .make-table tr, .make-table td{\n      display:block; \n      width:100%;\n    }\n    .make-table tr{\n      margin-bottom:12px;\n      border:1px solid #f7d4ea;\n      border-radius:14px;\n      overflow:hidden;\n      background:#fff;\n    }\n    .make-table td[data-label]:before{\n      content:attr(data-label);\n      display:block;\n      font-weight:800;\n      color:#7a1e63;\n      margin-bottom:4px;\n    }\n    .make-table tbody td:last-child{border-bottom:none}\n  }\n<\/style>\n\n<div class=\"make-wrap\">\n  <h3 class=\"make-title\">\ud83d\ude34\u2728 H\u00e1bitos que Melhoram a Qualidade do Sono<\/h3>\n\n  <table class=\"make-table\">\n    <thead>\n      <tr>\n        <th>H\u00e1bito<\/th>\n        <th>Benef\u00edcio<\/th>\n      <\/tr>\n    <\/thead>\n    <tbody>\n      <tr>\n        <td data-label=\"H\u00e1bito\"><span class=\"badge\">Rotina regular<\/span><\/td>\n        <td data-label=\"Benef\u00edcio\">Manter hor\u00e1rios consistentes para dormir e acordar promove um sono profundo e eficaz.<\/td>\n      <\/tr>\n      <tr>\n        <td data-label=\"H\u00e1bito\"><span class=\"badge\">Dura\u00e7\u00e3o adequada<\/span><\/td>\n        <td data-label=\"Benef\u00edcio\">Dormir entre 7 a 8 horas ajuda a garantir tempo suficiente para a limpeza cerebral.<\/td>\n      <\/tr>\n      <tr>\n        <td data-label=\"H\u00e1bito\"><span class=\"badge\">Menos telas<\/span><\/td>\n        <td data-label=\"Benef\u00edcio\">Evitar luz artificial antes de dormir pode preservar as fases profundas do sono.<\/td>\n      <\/tr>\n      <tr>\n        <td data-label=\"H\u00e1bito\"><span class=\"badge\">Reduzir \u00e1lcool e cafe\u00edna<\/span><\/td>\n        <td data-label=\"Benef\u00edcio\">Limitar o consumo dessas subst\u00e2ncias previne o sono fragmentado.<\/td>\n      <\/tr>\n      <tr>\n        <td data-label=\"H\u00e1bito\"><span class=\"badge\">Dormir de lado<\/span><\/td>\n        <td data-label=\"Benef\u00edcio\">A posi\u00e7\u00e3o lateral pode favorecer o fluxo do sistema glinf\u00e1tico.<\/td>\n      <\/tr>\n    <\/tbody>\n  <\/table>\n\n  <p style=\"margin-top:14px; color:#6b7280; font-size:.9rem;\">\n    \ud83d\udca1 <strong>Dica:<\/strong> Pequenas mudan\u00e7as na rotina noturna podem melhorar significativamente a qualidade do sono e a sa\u00fade do c\u00e9rebro.\n  <\/p>\n<\/div>\n\n\n\n\n\n<h2 class=\"wp-block-heading\">Quando \u00e9 importante procurar ajuda para a qualidade do sono?<\/h2>\n\n\n\n<p>Se a qualidade do sono permanecer comprometida apesar de bons h\u00e1bitos, pode ser necess\u00e1rio investigar causas subjacentes. Condi\u00e7\u00f5es como apneia do sono, ins\u00f4nia cr\u00f4nica e movimentos noturnos involunt\u00e1rios podem prejudicar a limpeza cerebral e acelerar processos neurodegenerativos.<\/p>\n\n\n\n<p>Nesses casos, consultar um especialista em sono ou neurologista \u00e9 fundamental para um diagn\u00f3stico e tratamento personalizados. Um acompanhamento adequado pode garantir n\u00e3o apenas noites mais reparadoras, mas tamb\u00e9m uma prote\u00e7\u00e3o cerebral mais robusta a longo prazo.<\/p>\n\n\n<a href=\"https:\/\/www.instagram.com\/dra.annaluisabf\/\" target=\"_blank\" rel=\"noopener\" style=\"text-decoration: none; color: inherit;\">\n    <span style=\"display: inline-block; border: 1px solid #ccc; border-radius: 10px; padding: 15px; max-width: 550px; font-family: sans-serif; box-shadow: 0 2px 5px rgba(0,0,0,0.1); width: 100%;\">\n\n      <!-- T\u00edtulo -->\n      <span style=\"display: block; margin: 0 0 15px 0; font-weight: bold; color: #2c3e50; text-align: center;\">\n        Entre em contato:\n      <\/span>\n\n      <!-- Linha do perfil -->\n      <span style=\"display: flex; align-items: center; gap: 15px;\">\n        <img decoding=\"async\"\n          src=\"https:\/\/www.correiobraziliense.com.br\/cbradar\/wp-content\/uploads\/2025\/08\/dra_anna_luisa.jpeg\"\n          alt=\"Foto da Dra. Anna Lu\u00edsa\"\n          style=\"border-radius: 50%; width: 80px; height: 80px; object-fit: cover;\"\n        \/>\n        <span style=\"display: flex; flex-direction: column;\">\n          <span style=\"font-size: 18px; font-weight: 700; color: #2c3e50;\">Dra. Anna Lu\u00edsa Barbosa Fernandes<\/span>\n          <span style=\"color: #555;\">CRM-GO 33.271<\/span>\n        <\/span>\n      <\/span>\n\n      <!-- Redes -->\n      <span style=\"display: flex; align-items: center; gap: 10px; margin-top: 12px;\">\n        <img decoding=\"async\" src=\"https:\/\/cdn-icons-png.flaticon.com\/24\/1384\/1384063.png\" alt=\"Instagram\" width=\"24\" height=\"24\" \/>\n        <span style=\"text-decoration: underline; color: #2c3e50;\">@dra.annaluisabf<\/span>\n      <\/span>\n\n    <\/span>\n  <\/a>\n\n\n<p><\/p>\n","protected":false},"excerpt":{"rendered":"<p>Durante o sono, o c\u00e9rebro humano desempenha um papel cr\u00edtico na manuten\u00e7\u00e3o da sa\u00fade mental por meio de um processo essencial de limpeza, facilitado por um sistema conhecido como sistema glinf\u00e1tico, respons\u00e1vel por eliminar res\u00edduos t\u00f3xicos que se acumulam ao longo do dia e cuja compreens\u00e3o \u00e9 fundamental para entender a qualidade do sono e [&hellip;]<\/p>\n","protected":false},"author":14,"featured_media":64232,"comment_status":"open","ping_status":"open","sticky":false,"template":"","format":"standard","meta":{"_yoast_wpseo_focuskw":"Rela\u00e7\u00e3o c\u00e9rebro e sono","_yoast_wpseo_title":"","_yoast_wpseo_metadesc":"O sono profundo ajuda o c\u00e9rebro a eliminar toxinas e proteger a mem\u00f3ria. Entenda por que isso pode ser t\u00e3o importante.","jnews-multi-image_gallery":[],"jnews_single_post":{"format":"standard"},"jnews_primary_category":[],"jnews_social_meta":[],"jnews_override_counter":[],"footnotes":""},"categories":[4404],"post_tag":[120,247,1318],"class_list":["post-204788","post","type-post","status-publish","format-standard","has-post-thumbnail","hentry","category-saude","tag-bem-estar","tag-qualidade-de-vida","tag-saude-2"],"yoast_head":"<!-- This site is optimized with the Yoast SEO plugin v24.6 - https:\/\/yoast.com\/wordpress\/plugins\/seo\/ -->\n<title>O que acontece com o c\u00e9rebro durante o sono e pode proteger sua mem\u00f3ria - Correio Braziliense - Radar<\/title>\n<meta name=\"description\" content=\"O sono profundo ajuda o c\u00e9rebro a eliminar toxinas e proteger a mem\u00f3ria. Entenda por que isso pode ser t\u00e3o importante.\" \/>\n<meta name=\"robots\" content=\"index, follow, max-snippet:-1, max-image-preview:large, max-video-preview:-1\" \/>\n<link rel=\"canonical\" href=\"https:\/\/www.correiobraziliense.com.br\/cbradar\/o-que-acontece-com-o-cerebro-durante-o-sono-e-pode-proteger-sua-memoria\/\" \/>\n<meta property=\"og:locale\" content=\"pt_BR\" \/>\n<meta property=\"og:type\" content=\"article\" \/>\n<meta property=\"og:title\" content=\"O que acontece com o c\u00e9rebro durante o sono e pode proteger sua mem\u00f3ria - Correio Braziliense - Radar\" \/>\n<meta property=\"og:description\" content=\"O sono profundo ajuda o c\u00e9rebro a eliminar toxinas e proteger a mem\u00f3ria. Entenda por que isso pode ser t\u00e3o importante.\" \/>\n<meta property=\"og:url\" content=\"https:\/\/www.correiobraziliense.com.br\/cbradar\/o-que-acontece-com-o-cerebro-durante-o-sono-e-pode-proteger-sua-memoria\/\" \/>\n<meta property=\"og:site_name\" content=\"Correio Braziliense - Radar\" \/>\n<meta property=\"article:published_time\" content=\"2026-03-08T23:25:00+00:00\" \/>\n<meta property=\"og:image\" content=\"https:\/\/www.correiobraziliense.com.br\/cbradar\/wp-content\/uploads\/2025\/07\/dormir-coberto_1751564964134.jpg\" \/>\n\t<meta property=\"og:image:width\" content=\"1280\" \/>\n\t<meta property=\"og:image:height\" content=\"720\" \/>\n\t<meta property=\"og:image:type\" content=\"image\/jpeg\" \/>\n<meta name=\"author\" content=\"guilherme_saude\" \/>\n<meta name=\"twitter:card\" content=\"summary_large_image\" \/>\n<meta name=\"twitter:label1\" content=\"Escrito por\" \/>\n\t<meta name=\"twitter:data1\" content=\"guilherme_saude\" \/>\n\t<meta name=\"twitter:label2\" content=\"Est. tempo de leitura\" \/>\n\t<meta name=\"twitter:data2\" content=\"5 minutos\" \/>\n<!-- \/ Yoast SEO plugin. -->","yoast_head_json":{"title":"O que acontece com o c\u00e9rebro durante o sono e pode proteger sua mem\u00f3ria - Correio Braziliense - Radar","description":"O sono profundo ajuda o c\u00e9rebro a eliminar toxinas e proteger a mem\u00f3ria. Entenda por que isso pode ser t\u00e3o importante.","robots":{"index":"index","follow":"follow","max-snippet":"max-snippet:-1","max-image-preview":"max-image-preview:large","max-video-preview":"max-video-preview:-1"},"canonical":"https:\/\/www.correiobraziliense.com.br\/cbradar\/o-que-acontece-com-o-cerebro-durante-o-sono-e-pode-proteger-sua-memoria\/","og_locale":"pt_BR","og_type":"article","og_title":"O que acontece com o c\u00e9rebro durante o sono e pode proteger sua mem\u00f3ria - Correio Braziliense - Radar","og_description":"O sono profundo ajuda o c\u00e9rebro a eliminar toxinas e proteger a mem\u00f3ria. Entenda por que isso pode ser t\u00e3o importante.","og_url":"https:\/\/www.correiobraziliense.com.br\/cbradar\/o-que-acontece-com-o-cerebro-durante-o-sono-e-pode-proteger-sua-memoria\/","og_site_name":"Correio Braziliense - Radar","article_published_time":"2026-03-08T23:25:00+00:00","og_image":[{"width":1280,"height":720,"url":"https:\/\/www.correiobraziliense.com.br\/cbradar\/wp-content\/uploads\/2025\/07\/dormir-coberto_1751564964134.jpg","type":"image\/jpeg"}],"author":"guilherme_saude","twitter_card":"summary_large_image","twitter_misc":{"Escrito por":"guilherme_saude","Est. tempo de leitura":"5 minutos"},"schema":{"@context":"https:\/\/schema.org","@graph":[{"@type":"WebPage","@id":"https:\/\/www.correiobraziliense.com.br\/cbradar\/o-que-acontece-com-o-cerebro-durante-o-sono-e-pode-proteger-sua-memoria\/","url":"https:\/\/www.correiobraziliense.com.br\/cbradar\/o-que-acontece-com-o-cerebro-durante-o-sono-e-pode-proteger-sua-memoria\/","name":"O que acontece com o c\u00e9rebro durante o sono e pode proteger sua mem\u00f3ria - Correio Braziliense - Radar","isPartOf":{"@id":"https:\/\/www.correiobraziliense.com.br\/cbradar\/#website"},"primaryImageOfPage":{"@id":"https:\/\/www.correiobraziliense.com.br\/cbradar\/o-que-acontece-com-o-cerebro-durante-o-sono-e-pode-proteger-sua-memoria\/#primaryimage"},"image":{"@id":"https:\/\/www.correiobraziliense.com.br\/cbradar\/o-que-acontece-com-o-cerebro-durante-o-sono-e-pode-proteger-sua-memoria\/#primaryimage"},"thumbnailUrl":"https:\/\/www.correiobraziliense.com.br\/cbradar\/wp-content\/uploads\/2025\/07\/dormir-coberto_1751564964134.jpg","datePublished":"2026-03-08T23:25:00+00:00","author":{"@id":"https:\/\/www.correiobraziliense.com.br\/cbradar\/#\/schema\/person\/5aa4bf3c8fa699c267933611de12978b"},"description":"O sono profundo ajuda o c\u00e9rebro a eliminar toxinas e proteger a mem\u00f3ria. Entenda por que isso pode ser t\u00e3o importante.","breadcrumb":{"@id":"https:\/\/www.correiobraziliense.com.br\/cbradar\/o-que-acontece-com-o-cerebro-durante-o-sono-e-pode-proteger-sua-memoria\/#breadcrumb"},"inLanguage":"pt-BR","potentialAction":[{"@type":"ReadAction","target":["https:\/\/www.correiobraziliense.com.br\/cbradar\/o-que-acontece-com-o-cerebro-durante-o-sono-e-pode-proteger-sua-memoria\/"]}]},{"@type":"ImageObject","inLanguage":"pt-BR","@id":"https:\/\/www.correiobraziliense.com.br\/cbradar\/o-que-acontece-com-o-cerebro-durante-o-sono-e-pode-proteger-sua-memoria\/#primaryimage","url":"https:\/\/www.correiobraziliense.com.br\/cbradar\/wp-content\/uploads\/2025\/07\/dormir-coberto_1751564964134.jpg","contentUrl":"https:\/\/www.correiobraziliense.com.br\/cbradar\/wp-content\/uploads\/2025\/07\/dormir-coberto_1751564964134.jpg","width":1280,"height":720,"caption":"Sono profundo protege o c\u00e9rebro e reduz riscos cardiovasculares - Cr\u00e9ditos: depositphotos.com \/ Cheese_78"},{"@type":"BreadcrumbList","@id":"https:\/\/www.correiobraziliense.com.br\/cbradar\/o-que-acontece-com-o-cerebro-durante-o-sono-e-pode-proteger-sua-memoria\/#breadcrumb","itemListElement":[{"@type":"ListItem","position":1,"name":"In\u00edcio","item":"https:\/\/www.correiobraziliense.com.br\/cbradar\/"},{"@type":"ListItem","position":2,"name":"O que acontece com o c\u00e9rebro durante o sono e pode proteger sua mem\u00f3ria"}]},{"@type":"WebSite","@id":"https:\/\/www.correiobraziliense.com.br\/cbradar\/#website","url":"https:\/\/www.correiobraziliense.com.br\/cbradar\/","name":"Correio Braziliense - Radar","description":"Acompanhe as \u00faltimas not\u00edcias e fique bem informado sobre tudo o que acontece no Brasil e no mundo.","potentialAction":[{"@type":"SearchAction","target":{"@type":"EntryPoint","urlTemplate":"https:\/\/www.correiobraziliense.com.br\/cbradar\/?s={search_term_string}"},"query-input":{"@type":"PropertyValueSpecification","valueRequired":true,"valueName":"search_term_string"}}],"inLanguage":"pt-BR"},{"@type":"Person","@id":"https:\/\/www.correiobraziliense.com.br\/cbradar\/#\/schema\/person\/5aa4bf3c8fa699c267933611de12978b","name":"guilherme_saude","image":{"@type":"ImageObject","inLanguage":"pt-BR","@id":"https:\/\/www.correiobraziliense.com.br\/cbradar\/#\/schema\/person\/image\/","url":"https:\/\/secure.gravatar.com\/avatar\/df9adfb835d344bc0af109d41756253f?s=96&d=mm&r=g","contentUrl":"https:\/\/secure.gravatar.com\/avatar\/df9adfb835d344bc0af109d41756253f?s=96&d=mm&r=g","caption":"guilherme_saude"},"url":"https:\/\/www.correiobraziliense.com.br\/cbradar\/author\/guilherme_saude\/"}]}},"_links":{"self":[{"href":"https:\/\/www.correiobraziliense.com.br\/cbradar\/wp-json\/wp\/v2\/posts\/204788","targetHints":{"allow":["GET"]}}],"collection":[{"href":"https:\/\/www.correiobraziliense.com.br\/cbradar\/wp-json\/wp\/v2\/posts"}],"about":[{"href":"https:\/\/www.correiobraziliense.com.br\/cbradar\/wp-json\/wp\/v2\/types\/post"}],"author":[{"embeddable":true,"href":"https:\/\/www.correiobraziliense.com.br\/cbradar\/wp-json\/wp\/v2\/users\/14"}],"replies":[{"embeddable":true,"href":"https:\/\/www.correiobraziliense.com.br\/cbradar\/wp-json\/wp\/v2\/comments?post=204788"}],"version-history":[{"count":1,"href":"https:\/\/www.correiobraziliense.com.br\/cbradar\/wp-json\/wp\/v2\/posts\/204788\/revisions"}],"predecessor-version":[{"id":204805,"href":"https:\/\/www.correiobraziliense.com.br\/cbradar\/wp-json\/wp\/v2\/posts\/204788\/revisions\/204805"}],"wp:featuredmedia":[{"embeddable":true,"href":"https:\/\/www.correiobraziliense.com.br\/cbradar\/wp-json\/wp\/v2\/media\/64232"}],"wp:attachment":[{"href":"https:\/\/www.correiobraziliense.com.br\/cbradar\/wp-json\/wp\/v2\/media?parent=204788"}],"wp:term":[{"taxonomy":"category","embeddable":true,"href":"https:\/\/www.correiobraziliense.com.br\/cbradar\/wp-json\/wp\/v2\/categories?post=204788"},{"taxonomy":"post_tag","embeddable":true,"href":"https:\/\/www.correiobraziliense.com.br\/cbradar\/wp-json\/wp\/v2\/post_tag?post=204788"}],"curies":[{"name":"wp","href":"https:\/\/api.w.org\/{rel}","templated":true}]}}