{"id":204829,"date":"2026-03-08T21:35:00","date_gmt":"2026-03-09T00:35:00","guid":{"rendered":"https:\/\/www.correiobraziliense.com.br\/cbradar\/?p=204829"},"modified":"2026-03-07T15:19:59","modified_gmt":"2026-03-07T18:19:59","slug":"agua-antes-das-refeicoes-pode-aumentar-saciedade-e-ajudar-a-comer-menos","status":"publish","type":"post","link":"https:\/\/www.correiobraziliense.com.br\/cbradar\/agua-antes-das-refeicoes-pode-aumentar-saciedade-e-ajudar-a-comer-menos\/","title":{"rendered":"\u00c1gua antes das refei\u00e7\u00f5es pode aumentar saciedade e ajudar a comer menos"},"content":{"rendered":"\n<p>O consumo de \u00e1gua antes das refei\u00e7\u00f5es tem ganhado popularidade como estrat\u00e9gia para auxiliar na perda de peso, principalmente por aumentar a sensa\u00e7\u00e3o de saciedade; no entanto, \u00e9 essencial esclarecer que a \u00e1gua n\u00e3o possui propriedades m\u00e1gicas de queima de gordura ou acelera\u00e7\u00e3o significativa do metabolismo, devendo ser vista apenas como um recurso complementar dentro de um estilo de vida saud\u00e1vel.<\/p>\n\n\n\n<h2 class=\"wp-block-heading\">Qual \u00e9 a rela\u00e7\u00e3o entre o consumo de \u00e1gua e o emagrecimento?<\/h2>\n\n\n\n<p>Estudos indicam que, ao beber \u00e1gua antes de comer, pode-se sentir maior saciedade, levando \u00e0 ingest\u00e3o de menos alimentos durante as refei\u00e7\u00f5es. A principal explica\u00e7\u00e3o \u00e9 que, ao ingerir um volume de \u00e1gua, o est\u00f4mago envia sinais tempor\u00e1rios de plenitude ao c\u00e9rebro, sem alterar de forma relevante o metabolismo.<\/p>\n\n\n\n<p>Assim, embora o consumo de \u00e1gua antes das refei\u00e7\u00f5es possa ser uma estrat\u00e9gia \u00fatil e de baixo custo para reduzir a ingest\u00e3o cal\u00f3rica, n\u00e3o deve ser considerado um m\u00e9todo isolado para a perda de peso e precisa ser associado a h\u00e1bitos alimentares equilibrados.<\/p>\n\n\n\n<p>Para compreender melhor se beber muita \u00e1gua ajuda no emagrecimento, assista ao v\u00eddeo a seguir, no qual o especialista explica o assunto de forma clara e did\u00e1tica no canal Cl\u00ednica Higashi.<\/p>\n\n\n\n<iframe loading=\"lazy\" width=\"1396\" height=\"785\" src=\"https:\/\/www.youtube.com\/embed\/Iv8nBStwYLU\" title=\"Beber muita \u00e1gua\u00a0ajuda a emagrecer?\" frameborder=\"0\" allow=\"accelerometer; autoplay; clipboard-write; encrypted-media; gyroscope; picture-in-picture; web-share\" referrerpolicy=\"strict-origin-when-cross-origin\" allowfullscreen><\/iframe>\n\n\n\n<h2 class=\"wp-block-heading\">Como o consumo de \u00e1gua pode reduzir o apetite?<\/h2>\n\n\n\n<p>A sensa\u00e7\u00e3o de saciedade promovida pela \u00e1gua ocorre principalmente pela ocupa\u00e7\u00e3o de espa\u00e7o no est\u00f4mago, o que faz o organismo sentir menos fome no momento das refei\u00e7\u00f5es. O volume de \u00e1gua aumenta a sensa\u00e7\u00e3o de plenitude estomacal, fazendo com que menos comida seja necess\u00e1ria para se sentir satisfeito.<\/p>\n\n\n\n<p>Entretanto, esse efeito \u00e9 parcial e transit\u00f3rio, j\u00e1 que a \u00e1gua n\u00e3o fornece nutrientes ou calorias de que o corpo necessita para suas fun\u00e7\u00f5es vitais; por isso, por si s\u00f3, ela n\u00e3o promove perda de peso duradoura e n\u00e3o substitui uma alimenta\u00e7\u00e3o adequada.<\/p>\n\n\n\n<h2 class=\"wp-block-heading\">O que os estudos revelam sobre beber \u00e1gua antes das refei\u00e7\u00f5es?<\/h2>\n\n\n\n<p>Pesquisas, como a realizada pela Universidade de Birmingham, refor\u00e7am a efic\u00e1cia moderada do consumo de \u00e1gua antes das refei\u00e7\u00f5es na ajuda ao emagrecimento. Participantes que beberam cerca de 500 ml de \u00e1gua antes das refei\u00e7\u00f5es principais perderam, em m\u00e9dia, 1,3 kg a mais em 12 semanas do que o grupo de controle.<\/p>\n\n\n\n<p>Apesar de esses n\u00fameros n\u00e3o serem expressivos, eles sugerem que o m\u00e9todo pode ser uma ferramenta simples, acess\u00edvel e de baixo risco para quem busca perder peso, especialmente quando associada a orienta\u00e7\u00e3o profissional e mudan\u00e7as sustent\u00e1veis no estilo de vida.<\/p>\n\n\n\n<figure class=\"wp-block-image size-large\"><img decoding=\"async\" width=\"1024\" height=\"576\" src=\"https:\/\/www.correiobraziliense.com.br\/cbradar\/wp-content\/uploads\/2025\/09\/beber-agua_1758772298993-1024x576.jpg\" alt=\"\" class=\"wp-image-109253\" srcset=\"https:\/\/www.correiobraziliense.com.br\/cbradar\/wp-content\/uploads\/2025\/09\/beber-agua_1758772298993-1024x576.jpg 1024w, https:\/\/www.correiobraziliense.com.br\/cbradar\/wp-content\/uploads\/2025\/09\/beber-agua_1758772298993-300x169.jpg 300w, https:\/\/www.correiobraziliense.com.br\/cbradar\/wp-content\/uploads\/2025\/09\/beber-agua_1758772298993-768x432.jpg 768w, https:\/\/www.correiobraziliense.com.br\/cbradar\/wp-content\/uploads\/2025\/09\/beber-agua_1758772298993-750x422.jpg 750w, https:\/\/www.correiobraziliense.com.br\/cbradar\/wp-content\/uploads\/2025\/09\/beber-agua_1758772298993-1140x641.jpg 1140w, https:\/\/www.correiobraziliense.com.br\/cbradar\/wp-content\/uploads\/2025\/09\/beber-agua_1758772298993.jpg 1280w\" sizes=\"(max-width: 1024px) 100vw, 1024px\" \/><figcaption class=\"wp-element-caption\">Ingest\u00e3o de \u00c1gua &#8211; Cr\u00e9ditos: depositphotos.com \/ AndrewLozovyi<\/figcaption><\/figure>\n\n\n\n<h2 class=\"wp-block-heading\">Quais s\u00e3o os principais benef\u00edcios da hidrata\u00e7\u00e3o adequada?<\/h2>\n\n\n\n<p>Al\u00e9m da potencial ajuda na perda de peso, manter uma hidrata\u00e7\u00e3o adequada \u00e9 fundamental para v\u00e1rias fun\u00e7\u00f5es corporais, como uma digest\u00e3o eficiente, o bom funcionamento do intestino e a manuten\u00e7\u00e3o da disposi\u00e7\u00e3o ao longo do dia. Tamb\u00e9m pode reduzir a chance de dores de cabe\u00e7a, melhorar a concentra\u00e7\u00e3o e contribuir para a regula\u00e7\u00e3o da fome emocional.<\/p>\n\n\n\n<p>A sa\u00fade da pele e dos rins tamb\u00e9m \u00e9 beneficiada pela ingest\u00e3o adequada de \u00e1gua, que facilita a elimina\u00e7\u00e3o de toxinas e promove bem-estar geral; em alguns casos, uma boa hidrata\u00e7\u00e3o pode at\u00e9 melhorar o desempenho em atividades f\u00edsicas e cognitivas.<\/p>\n\n\n\n<h2 class=\"wp-block-heading\">Quais cuidados ter ao usar a \u00e1gua como parte da dieta?<\/h2>\n\n\n\n<p>Apesar dos benef\u00edcios, \u00e9 crucial adotar a pr\u00e1tica de beber \u00e1gua antes das refei\u00e7\u00f5es com cautela, evitando extremos e o uso inadequado, como tentar pular refei\u00e7\u00f5es ou substituir nutrientes essenciais apenas por l\u00edquidos. Para ajudar nesse equil\u00edbrio, alguns cuidados simples podem tornar o h\u00e1bito mais seguro e eficiente.<\/p>\n\n\n\n<ul class=\"wp-block-list\">\n<li><strong>N\u00e3o substituir refei\u00e7\u00f5es por \u00e1gua:<\/strong>\u00a0O corpo necessita de vitaminas, minerais, prote\u00ednas e fibras que somente uma alimenta\u00e7\u00e3o completa fornece.<\/li>\n\n\n\n<li><strong>Evitar volumes excessivos de uma s\u00f3 vez:<\/strong>\u00a0Consumir muita \u00e1gua rapidamente pode causar desconforto e diluir sucos digestivos, prejudicando a digest\u00e3o.<\/li>\n\n\n\n<li><strong>Optar prioritariamente por \u00e1gua pura:<\/strong>\u00a0Bebidas a\u00e7ucaradas adicionam calorias desnecess\u00e1rias e n\u00e3o oferecem os mesmos benef\u00edcios da hidrata\u00e7\u00e3o com \u00e1gua.<\/li>\n\n\n\n<li><strong>Combinar com uma alimenta\u00e7\u00e3o equilibrada e exerc\u00edcios:<\/strong>\u00a0A \u00e1gua complementa, mas n\u00e3o substitui h\u00e1bitos alimentares saud\u00e1veis e a pr\u00e1tica regular de atividade f\u00edsica.<\/li>\n<\/ul>\n\n\n<a href=\"https:\/\/www.instagram.com\/dra.annaluisabf\/\" target=\"_blank\" rel=\"noopener\" style=\"text-decoration: none; color: inherit;\">\n    <span style=\"display: inline-block; border: 1px solid #ccc; border-radius: 10px; padding: 15px; max-width: 550px; font-family: sans-serif; box-shadow: 0 2px 5px rgba(0,0,0,0.1); width: 100%;\">\n\n      <!-- T\u00edtulo -->\n      <span style=\"display: block; margin: 0 0 15px 0; font-weight: bold; color: #2c3e50; text-align: center;\">\n        Entre em contato:\n      <\/span>\n\n      <!-- Linha do perfil -->\n      <span style=\"display: flex; align-items: center; gap: 15px;\">\n        <img decoding=\"async\"\n          src=\"https:\/\/www.correiobraziliense.com.br\/cbradar\/wp-content\/uploads\/2025\/08\/dra_anna_luisa.jpeg\"\n          alt=\"Foto da Dra. Anna Lu\u00edsa\"\n          style=\"border-radius: 50%; width: 80px; height: 80px; object-fit: cover;\"\n        \/>\n        <span style=\"display: flex; flex-direction: column;\">\n          <span style=\"font-size: 18px; font-weight: 700; color: #2c3e50;\">Dra. Anna Lu\u00edsa Barbosa Fernandes<\/span>\n          <span style=\"color: #555;\">CRM-GO 33.271<\/span>\n        <\/span>\n      <\/span>\n\n      <!-- Redes -->\n      <span style=\"display: flex; align-items: center; gap: 10px; margin-top: 12px;\">\n        <img decoding=\"async\" src=\"https:\/\/cdn-icons-png.flaticon.com\/24\/1384\/1384063.png\" alt=\"Instagram\" width=\"24\" height=\"24\" \/>\n        <span style=\"text-decoration: underline; color: #2c3e50;\">@dra.annaluisabf<\/span>\n      <\/span>\n\n    <\/span>\n  <\/a>","protected":false},"excerpt":{"rendered":"<p>O consumo de \u00e1gua antes das refei\u00e7\u00f5es tem ganhado popularidade como estrat\u00e9gia para auxiliar na perda de peso, principalmente por aumentar a sensa\u00e7\u00e3o de saciedade; no entanto, \u00e9 essencial esclarecer que a \u00e1gua n\u00e3o possui propriedades m\u00e1gicas de queima de gordura ou acelera\u00e7\u00e3o significativa do metabolismo, devendo ser vista apenas como um recurso complementar dentro [&hellip;]<\/p>\n","protected":false},"author":14,"featured_media":109254,"comment_status":"open","ping_status":"open","sticky":false,"template":"","format":"standard","meta":{"_yoast_wpseo_focuskw":"\u00c1gua","_yoast_wpseo_title":"","_yoast_wpseo_metadesc":"Beber \u00e1gua antes das refei\u00e7\u00f5es pode aumentar a saciedade e ajudar no emagrecimento. Entenda como isso funciona.","jnews-multi-image_gallery":[],"jnews_single_post":{"format":"standard"},"jnews_primary_category":[],"jnews_social_meta":[],"jnews_override_counter":[],"footnotes":""},"categories":[4404],"post_tag":[120,247,1318],"class_list":["post-204829","post","type-post","status-publish","format-standard","has-post-thumbnail","hentry","category-saude","tag-bem-estar","tag-qualidade-de-vida","tag-saude-2"],"yoast_head":"<!-- This site is optimized with the Yoast SEO plugin v24.6 - https:\/\/yoast.com\/wordpress\/plugins\/seo\/ -->\n<title>\u00c1gua antes das refei\u00e7\u00f5es pode aumentar saciedade e ajudar a comer menos - Correio Braziliense - Radar<\/title>\n<meta name=\"description\" content=\"Beber \u00e1gua antes das refei\u00e7\u00f5es pode aumentar a saciedade e ajudar no emagrecimento. Entenda como isso funciona.\" \/>\n<meta name=\"robots\" content=\"index, follow, max-snippet:-1, max-image-preview:large, max-video-preview:-1\" \/>\n<link rel=\"canonical\" href=\"https:\/\/www.correiobraziliense.com.br\/cbradar\/agua-antes-das-refeicoes-pode-aumentar-saciedade-e-ajudar-a-comer-menos\/\" \/>\n<meta property=\"og:locale\" content=\"pt_BR\" \/>\n<meta property=\"og:type\" content=\"article\" \/>\n<meta property=\"og:title\" content=\"\u00c1gua antes das refei\u00e7\u00f5es pode aumentar saciedade e ajudar a comer menos - Correio Braziliense - Radar\" \/>\n<meta property=\"og:description\" content=\"Beber \u00e1gua antes das refei\u00e7\u00f5es pode aumentar a saciedade e ajudar no emagrecimento. Entenda como isso funciona.\" \/>\n<meta property=\"og:url\" content=\"https:\/\/www.correiobraziliense.com.br\/cbradar\/agua-antes-das-refeicoes-pode-aumentar-saciedade-e-ajudar-a-comer-menos\/\" \/>\n<meta property=\"og:site_name\" content=\"Correio Braziliense - Radar\" \/>\n<meta property=\"article:published_time\" content=\"2026-03-09T00:35:00+00:00\" \/>\n<meta property=\"og:image\" content=\"https:\/\/www.correiobraziliense.com.br\/cbradar\/wp-content\/uploads\/2025\/09\/beber-agua_1758772343691.jpg\" \/>\n\t<meta property=\"og:image:width\" content=\"1280\" \/>\n\t<meta property=\"og:image:height\" content=\"720\" \/>\n\t<meta property=\"og:image:type\" content=\"image\/jpeg\" \/>\n<meta name=\"author\" content=\"guilherme_saude\" \/>\n<meta name=\"twitter:card\" content=\"summary_large_image\" \/>\n<meta name=\"twitter:label1\" content=\"Escrito por\" \/>\n\t<meta name=\"twitter:data1\" content=\"guilherme_saude\" \/>\n\t<meta name=\"twitter:label2\" content=\"Est. tempo de leitura\" \/>\n\t<meta name=\"twitter:data2\" content=\"5 minutos\" \/>\n<!-- \/ Yoast SEO plugin. -->","yoast_head_json":{"title":"\u00c1gua antes das refei\u00e7\u00f5es pode aumentar saciedade e ajudar a comer menos - Correio Braziliense - Radar","description":"Beber \u00e1gua antes das refei\u00e7\u00f5es pode aumentar a saciedade e ajudar no emagrecimento. Entenda como isso funciona.","robots":{"index":"index","follow":"follow","max-snippet":"max-snippet:-1","max-image-preview":"max-image-preview:large","max-video-preview":"max-video-preview:-1"},"canonical":"https:\/\/www.correiobraziliense.com.br\/cbradar\/agua-antes-das-refeicoes-pode-aumentar-saciedade-e-ajudar-a-comer-menos\/","og_locale":"pt_BR","og_type":"article","og_title":"\u00c1gua antes das refei\u00e7\u00f5es pode aumentar saciedade e ajudar a comer menos - Correio Braziliense - Radar","og_description":"Beber \u00e1gua antes das refei\u00e7\u00f5es pode aumentar a saciedade e ajudar no emagrecimento. Entenda como isso funciona.","og_url":"https:\/\/www.correiobraziliense.com.br\/cbradar\/agua-antes-das-refeicoes-pode-aumentar-saciedade-e-ajudar-a-comer-menos\/","og_site_name":"Correio Braziliense - Radar","article_published_time":"2026-03-09T00:35:00+00:00","og_image":[{"width":1280,"height":720,"url":"https:\/\/www.correiobraziliense.com.br\/cbradar\/wp-content\/uploads\/2025\/09\/beber-agua_1758772343691.jpg","type":"image\/jpeg"}],"author":"guilherme_saude","twitter_card":"summary_large_image","twitter_misc":{"Escrito por":"guilherme_saude","Est. tempo de leitura":"5 minutos"},"schema":{"@context":"https:\/\/schema.org","@graph":[{"@type":"WebPage","@id":"https:\/\/www.correiobraziliense.com.br\/cbradar\/agua-antes-das-refeicoes-pode-aumentar-saciedade-e-ajudar-a-comer-menos\/","url":"https:\/\/www.correiobraziliense.com.br\/cbradar\/agua-antes-das-refeicoes-pode-aumentar-saciedade-e-ajudar-a-comer-menos\/","name":"\u00c1gua antes das refei\u00e7\u00f5es pode aumentar saciedade e ajudar a comer menos - Correio Braziliense - Radar","isPartOf":{"@id":"https:\/\/www.correiobraziliense.com.br\/cbradar\/#website"},"primaryImageOfPage":{"@id":"https:\/\/www.correiobraziliense.com.br\/cbradar\/agua-antes-das-refeicoes-pode-aumentar-saciedade-e-ajudar-a-comer-menos\/#primaryimage"},"image":{"@id":"https:\/\/www.correiobraziliense.com.br\/cbradar\/agua-antes-das-refeicoes-pode-aumentar-saciedade-e-ajudar-a-comer-menos\/#primaryimage"},"thumbnailUrl":"https:\/\/www.correiobraziliense.com.br\/cbradar\/wp-content\/uploads\/2025\/09\/beber-agua_1758772343691.jpg","datePublished":"2026-03-09T00:35:00+00:00","author":{"@id":"https:\/\/www.correiobraziliense.com.br\/cbradar\/#\/schema\/person\/5aa4bf3c8fa699c267933611de12978b"},"description":"Beber \u00e1gua antes das refei\u00e7\u00f5es pode aumentar a saciedade e ajudar no emagrecimento. Entenda como isso funciona.","breadcrumb":{"@id":"https:\/\/www.correiobraziliense.com.br\/cbradar\/agua-antes-das-refeicoes-pode-aumentar-saciedade-e-ajudar-a-comer-menos\/#breadcrumb"},"inLanguage":"pt-BR","potentialAction":[{"@type":"ReadAction","target":["https:\/\/www.correiobraziliense.com.br\/cbradar\/agua-antes-das-refeicoes-pode-aumentar-saciedade-e-ajudar-a-comer-menos\/"]}]},{"@type":"ImageObject","inLanguage":"pt-BR","@id":"https:\/\/www.correiobraziliense.com.br\/cbradar\/agua-antes-das-refeicoes-pode-aumentar-saciedade-e-ajudar-a-comer-menos\/#primaryimage","url":"https:\/\/www.correiobraziliense.com.br\/cbradar\/wp-content\/uploads\/2025\/09\/beber-agua_1758772343691.jpg","contentUrl":"https:\/\/www.correiobraziliense.com.br\/cbradar\/wp-content\/uploads\/2025\/09\/beber-agua_1758772343691.jpg","width":1280,"height":720,"caption":"Ingest\u00e3o de \u00c1gua - Cr\u00e9ditos: depositphotos.com \/ EdZbarzhyvetsky"},{"@type":"BreadcrumbList","@id":"https:\/\/www.correiobraziliense.com.br\/cbradar\/agua-antes-das-refeicoes-pode-aumentar-saciedade-e-ajudar-a-comer-menos\/#breadcrumb","itemListElement":[{"@type":"ListItem","position":1,"name":"In\u00edcio","item":"https:\/\/www.correiobraziliense.com.br\/cbradar\/"},{"@type":"ListItem","position":2,"name":"\u00c1gua antes das refei\u00e7\u00f5es pode aumentar saciedade e ajudar a comer menos"}]},{"@type":"WebSite","@id":"https:\/\/www.correiobraziliense.com.br\/cbradar\/#website","url":"https:\/\/www.correiobraziliense.com.br\/cbradar\/","name":"Correio Braziliense - Radar","description":"Acompanhe as \u00faltimas not\u00edcias e fique bem informado sobre tudo o que acontece no Brasil e no mundo.","potentialAction":[{"@type":"SearchAction","target":{"@type":"EntryPoint","urlTemplate":"https:\/\/www.correiobraziliense.com.br\/cbradar\/?s={search_term_string}"},"query-input":{"@type":"PropertyValueSpecification","valueRequired":true,"valueName":"search_term_string"}}],"inLanguage":"pt-BR"},{"@type":"Person","@id":"https:\/\/www.correiobraziliense.com.br\/cbradar\/#\/schema\/person\/5aa4bf3c8fa699c267933611de12978b","name":"guilherme_saude","image":{"@type":"ImageObject","inLanguage":"pt-BR","@id":"https:\/\/www.correiobraziliense.com.br\/cbradar\/#\/schema\/person\/image\/","url":"https:\/\/secure.gravatar.com\/avatar\/df9adfb835d344bc0af109d41756253f?s=96&d=mm&r=g","contentUrl":"https:\/\/secure.gravatar.com\/avatar\/df9adfb835d344bc0af109d41756253f?s=96&d=mm&r=g","caption":"guilherme_saude"},"url":"https:\/\/www.correiobraziliense.com.br\/cbradar\/author\/guilherme_saude\/"}]}},"_links":{"self":[{"href":"https:\/\/www.correiobraziliense.com.br\/cbradar\/wp-json\/wp\/v2\/posts\/204829","targetHints":{"allow":["GET"]}}],"collection":[{"href":"https:\/\/www.correiobraziliense.com.br\/cbradar\/wp-json\/wp\/v2\/posts"}],"about":[{"href":"https:\/\/www.correiobraziliense.com.br\/cbradar\/wp-json\/wp\/v2\/types\/post"}],"author":[{"embeddable":true,"href":"https:\/\/www.correiobraziliense.com.br\/cbradar\/wp-json\/wp\/v2\/users\/14"}],"replies":[{"embeddable":true,"href":"https:\/\/www.correiobraziliense.com.br\/cbradar\/wp-json\/wp\/v2\/comments?post=204829"}],"version-history":[{"count":1,"href":"https:\/\/www.correiobraziliense.com.br\/cbradar\/wp-json\/wp\/v2\/posts\/204829\/revisions"}],"predecessor-version":[{"id":204832,"href":"https:\/\/www.correiobraziliense.com.br\/cbradar\/wp-json\/wp\/v2\/posts\/204829\/revisions\/204832"}],"wp:featuredmedia":[{"embeddable":true,"href":"https:\/\/www.correiobraziliense.com.br\/cbradar\/wp-json\/wp\/v2\/media\/109254"}],"wp:attachment":[{"href":"https:\/\/www.correiobraziliense.com.br\/cbradar\/wp-json\/wp\/v2\/media?parent=204829"}],"wp:term":[{"taxonomy":"category","embeddable":true,"href":"https:\/\/www.correiobraziliense.com.br\/cbradar\/wp-json\/wp\/v2\/categories?post=204829"},{"taxonomy":"post_tag","embeddable":true,"href":"https:\/\/www.correiobraziliense.com.br\/cbradar\/wp-json\/wp\/v2\/post_tag?post=204829"}],"curies":[{"name":"wp","href":"https:\/\/api.w.org\/{rel}","templated":true}]}}