{"id":204845,"date":"2026-03-08T08:25:00","date_gmt":"2026-03-08T11:25:00","guid":{"rendered":"https:\/\/www.correiobraziliense.com.br\/cbradar\/?p=204845"},"modified":"2026-03-07T20:01:15","modified_gmt":"2026-03-07T23:01:15","slug":"uma-floresta-de-20-milhoes-de-anos-no-meio-do-atlantico-em-uma-ilha-paradisiaca-e-esta-chamando-a-atencao-ao-lembrar-o-paraiso-do-eden","status":"publish","type":"post","link":"https:\/\/www.correiobraziliense.com.br\/cbradar\/uma-floresta-de-20-milhoes-de-anos-no-meio-do-atlantico-em-uma-ilha-paradisiaca-e-esta-chamando-a-atencao-ao-lembrar-o-paraiso-do-eden\/","title":{"rendered":"Uma floresta de 20 milh\u00f5es de anos no meio do Atl\u00e2ntico em uma ilha paradis\u00edaca e est\u00e1 chamando a aten\u00e7\u00e3o ao lembrar o para\u00edso do \u00e9den"},"content":{"rendered":"\n<p>Os navegadores portugueses que chegaram em <strong>1420<\/strong> encontraram a ilha t\u00e3o coberta de \u00e1rvores que a batizaram de <strong>Madeira<\/strong>. Seis s\u00e9culos depois, boa parte dessa floresta ainda est\u00e1 de p\u00e9, protegida pela <strong>UNESCO<\/strong>, e a ilha continua surpreendendo quem desembarca no <strong>Funchal<\/strong> \u00e0 procura de natureza, gastronomia e paisagens que n\u00e3o cabem em cart\u00e3o-postal, \u00e9 diferenciado e lembra um para\u00edso do \u00e9den.<\/p>\n\n\n\n<h2 class=\"wp-block-heading\">A floresta que sobreviveu \u00e0s glacia\u00e7\u00f5es<\/h2>\n\n\n\n<p>A <a href=\"https:\/\/whc.unesco.org\/en\/list\/934\/\" target=\"_blank\" rel=\"noreferrer noopener\"><strong>Laurissilva da Madeira<\/strong><\/a> \u00e9 o maior remanescente de floresta de loureiros do planeta. Com cerca de 15.000 hectares, ela ocupa 20% da ilha e \u00e9 considerada 90% floresta prim\u00e1ria. Suas origens remontam ao per\u00edodo Terci\u00e1rio, quando esse tipo de vegeta\u00e7\u00e3o cobria o sul da Europa. As glacia\u00e7\u00f5es eliminaram a floresta do continente, mas ela resistiu nos arquip\u00e9lagos atl\u00e2nticos.<\/p>\n\n\n\n<p>Reconhecida como <strong>Patrim\u00f3nio Natural da Humanidade<\/strong> desde 1999, a Laurissilva abriga esp\u00e9cies end\u00eamicas como o pombo-trocaz, a dedaleira-da-madeira e l\u00edquenes que indicam aus\u00eancia total de polui\u00e7\u00e3o. Caminhar por dentro dessa mata \u00e9 voltar milh\u00f5es de anos no tempo, com o b\u00f4nus de trilhas bem sinalizadas.<\/p>\n\n\n<div class=\"wp-block-image\">\n<figure class=\"aligncenter size-large\"><img decoding=\"async\" width=\"1024\" height=\"576\" src=\"https:\/\/www.correiobraziliense.com.br\/cbradar\/wp-content\/uploads\/2026\/02\/Laurissilva_1772322937518-1024x576.jpg\" alt=\"\" class=\"wp-image-201190\" srcset=\"https:\/\/www.correiobraziliense.com.br\/cbradar\/wp-content\/uploads\/2026\/02\/Laurissilva_1772322937518-1024x576.jpg 1024w, https:\/\/www.correiobraziliense.com.br\/cbradar\/wp-content\/uploads\/2026\/02\/Laurissilva_1772322937518-300x169.jpg 300w, https:\/\/www.correiobraziliense.com.br\/cbradar\/wp-content\/uploads\/2026\/02\/Laurissilva_1772322937518-768x432.jpg 768w, https:\/\/www.correiobraziliense.com.br\/cbradar\/wp-content\/uploads\/2026\/02\/Laurissilva_1772322937518-750x422.jpg 750w, https:\/\/www.correiobraziliense.com.br\/cbradar\/wp-content\/uploads\/2026\/02\/Laurissilva_1772322937518-1140x641.jpg 1140w, https:\/\/www.correiobraziliense.com.br\/cbradar\/wp-content\/uploads\/2026\/02\/Laurissilva_1772322937518.jpg 1280w\" sizes=\"(max-width: 1024px) 100vw, 1024px\" \/><figcaption class=\"wp-element-caption\">A Laurissilva ocupa cerca de 15 mil hectares, o que equivale a 20% da superf\u00edcie da Ilha da Madeira. \/ Cr\u00e9ditos: depositphotos.com \/ Wonderwall<\/figcaption><\/figure><\/div>\n\n\n<h2 class=\"wp-block-heading\">O que s\u00e3o as levadas e por que todo viajante faz pelo menos uma?<\/h2>\n\n\n\n<p><strong>As levadas s\u00e3o canais de irriga\u00e7\u00e3o escavados nas montanhas h\u00e1 mais de 400 anos para transportar \u00e1gua do norte chuvoso ao sul mais seco. <\/strong>Ao lado desses canais, passarelas estreitas se transformaram em trilhas que somam mais de 2.000 km pela ilha. S\u00e3o percursos com desn\u00edvel suave, acess\u00edveis a diferentes n\u00edveis de preparo f\u00edsico.<\/p>\n\n\n\n<ul class=\"wp-block-list\">\n<li><strong>Levada do Caldeir\u00e3o Verde<\/strong>: 13 km (ida e volta), passa por t\u00faneis escavados na rocha e termina numa lagoa verde aos p\u00e9s de uma cascata.<\/li>\n\n\n\n<li><strong>Levada das 25 Fontes<\/strong>: percurso moderado at\u00e9 uma lagoa alimentada por 25 nascentes naturais entre musgos e fetos gigantes.<\/li>\n\n\n\n<li><strong>Levada dos Balc\u00f5es<\/strong>: apenas 1,5 km para cada lado, ideal para iniciantes, com mirante sobre o vale da Ribeira do Faial.<\/li>\n\n\n\n<li><strong>Vereda do Fanal<\/strong>: atravessa uma das partes mais antigas da Laurissilva, com loureiros centen\u00e1rios envolvidos em n\u00e9voa.<\/li>\n<\/ul>\n\n\n\n<p>A <strong>Ilha da Madeira<\/strong> \u00e9 um territ\u00f3rio ultramarino de Portugal que oferece um cen\u00e1rio diversificado entre montanhas imponentes e praias vulc\u00e2nicas. O v\u00eddeo do canal <strong>Douglas Andreolla <\/strong>apresenta um roteiro de 4 dias, ideal para quem quer otimizar o tempo e conhecer os principais pontos tur\u00edsticos:<\/p>\n\n\n\n<figure class=\"wp-block-embed aligncenter is-type-video is-provider-youtube wp-block-embed-youtube wp-embed-aspect-16-9 wp-has-aspect-ratio\"><div class=\"wp-block-embed__wrapper\">\n<div class=\"jeg_video_container jeg_video_content\"><iframe loading=\"lazy\" title=\"Ilha da Madeira em 4 Dias: Roteiro Completo com os Melhores Pontos Tur\u00edsticos! \ud83c\uddf5\ud83c\uddf9\" width=\"500\" height=\"281\" src=\"https:\/\/www.youtube.com\/embed\/eUs85U06bis?feature=oembed\" frameborder=\"0\" allow=\"accelerometer; autoplay; clipboard-write; encrypted-media; gyroscope; picture-in-picture; web-share\" referrerpolicy=\"strict-origin-when-cross-origin\" allowfullscreen><\/iframe><\/div>\n<\/div><\/figure>\n\n\n\n<h2 class=\"wp-block-heading\">Picos, penhascos e mirantes que tiram o f\u00f4lego<\/h2>\n\n\n\n<p><strong>A Madeira n\u00e3o \u00e9 s\u00f3 floresta. <\/strong>A cordilheira central ultrapassa os 1.800 m de altitude, e a costa recortada oferece mirantes de vertigo.<\/p>\n\n\n\n<ul class=\"wp-block-list\">\n<li><strong>Pico Ruivo<\/strong>: ponto mais alto da ilha (1.862 m), acess\u00edvel apenas por trilha. A vereda que o liga ao Pico do Areeiro tem 7 km de paisagens acima das nuvens.<\/li>\n\n\n\n<li><strong>Pico do Areeiro<\/strong>: terceiro mais alto (1.818 m), com acesso de carro at\u00e9 o mirante no topo.<\/li>\n\n\n\n<li><a href=\"https:\/\/visitmadeira.com\/pt\/onde-ir\/madeira\/costa-sul\/camara-de-lobos\/cabo-girao\/\" target=\"_blank\" rel=\"noreferrer noopener\"><strong>Cabo Gir\u00e3o<\/strong><\/a>: o penhasco mar\u00edtimo mais alto da Europa, com 580 m. Uma plataforma de vidro suspensa (skywalk) permite ver o oceano diretamente sob os p\u00e9s.<\/li>\n\n\n\n<li><strong>Ponta de S\u00e3o Louren\u00e7o<\/strong>: extremo leste da ilha, paisagem \u00e1rida e rochosa que contrasta com o verde do restante, com trilhas e mirantes sobre o Atl\u00e2ntico.<\/li>\n<\/ul>\n\n\n\n<h2 class=\"wp-block-heading\">Espetada no pau de louro e poncha ao p\u00f4r do sol<\/h2>\n\n\n\n<p>A gastronomia madeirense tem personalidade pr\u00f3pria. Os ingredientes v\u00eam do mar profundo, da terra vulc\u00e2nica e de tradi\u00e7\u00f5es que cruzam s\u00e9culos.<\/p>\n\n\n\n<ul class=\"wp-block-list\">\n<li><strong>Espetada madeirense<\/strong>: peda\u00e7os generosos de carne bovina grelhados em espeto de pau de louro, temperados s\u00f3 com sal e alho. O loureiro da Laurissilva empresta aroma defumado \u00e0 carne.<\/li>\n\n\n\n<li><strong>Bolo do caco<\/strong>: p\u00e3o achatado feito com farinha e batata-doce, servido quente com manteiga de alho. Funciona como acompanhamento ou como base do prego (sandu\u00edche de bife).<\/li>\n\n\n\n<li><strong>Peixe-espada preto<\/strong>: pescado nas \u00e1guas profundas ao redor da ilha, servido com banana e molho de maracuj\u00e1 numa combina\u00e7\u00e3o doce-salgada t\u00edpica.<\/li>\n\n\n\n<li><strong>Poncha<\/strong>: bebida tradicional dos pescadores de <strong>C\u00e2mara de Lobos<\/strong>, feita com aguardente de cana, mel e lim\u00e3o. Vers\u00f5es com maracuj\u00e1 e tangerina s\u00e3o igualmente populares.<\/li>\n\n\n\n<li><strong>Vinho Madeira<\/strong>: fortificado e envelhecido em s\u00f3t\u00e3os quentes, ao contr\u00e1rio de outros vinhos. As castas nobres incluem Sercial, Boal, Verdelho e Malvasia.<\/li>\n<\/ul>\n\n\n\n<p><strong>Leia tamb\u00e9m: <a href=\"https:\/\/www.correiobraziliense.com.br\/cbradar\/um-lugar-mistico-a-1-189-m-de-altitude-cresceu-sobre-uma-mina-de-quartzos-e-guarda-cachoeiras-e-um-dos-ceus-mais-limpos-do-brasil\/\" target=\"_blank\" rel=\"noreferrer noopener\">Um lugar m\u00edstico a 1.189 m de altitude cresceu sobre uma mina de quartzos e guarda cachoeiras e um dos c\u00e9us mais limpos do Brasil.<\/a><\/strong><\/p>\n\n\n<div class=\"wp-block-image\">\n<figure class=\"aligncenter size-large\"><img decoding=\"async\" width=\"1024\" height=\"576\" src=\"https:\/\/www.correiobraziliense.com.br\/cbradar\/wp-content\/uploads\/2025\/11\/Ilha-da-Madeira_1762047895185-1024x576.jpg\" alt=\"A ilha de clima perfeito que virou o ref\u00fagio dos aposentados em busca de paz\" class=\"wp-image-129661\" srcset=\"https:\/\/www.correiobraziliense.com.br\/cbradar\/wp-content\/uploads\/2025\/11\/Ilha-da-Madeira_1762047895185-1024x576.jpg 1024w, https:\/\/www.correiobraziliense.com.br\/cbradar\/wp-content\/uploads\/2025\/11\/Ilha-da-Madeira_1762047895185-300x169.jpg 300w, https:\/\/www.correiobraziliense.com.br\/cbradar\/wp-content\/uploads\/2025\/11\/Ilha-da-Madeira_1762047895185-768x432.jpg 768w, https:\/\/www.correiobraziliense.com.br\/cbradar\/wp-content\/uploads\/2025\/11\/Ilha-da-Madeira_1762047895185-750x422.jpg 750w, https:\/\/www.correiobraziliense.com.br\/cbradar\/wp-content\/uploads\/2025\/11\/Ilha-da-Madeira_1762047895185-1140x641.jpg 1140w, https:\/\/www.correiobraziliense.com.br\/cbradar\/wp-content\/uploads\/2025\/11\/Ilha-da-Madeira_1762047895185.jpg 1280w\" sizes=\"(max-width: 1024px) 100vw, 1024px\" \/><figcaption class=\"wp-element-caption\">Passeie por trilhas, praias e vilarejos aconchegantes da Ilha da Madeira e aproveite cada momento sem pressa. \/\/ Cr\u00e9ditos: depositphotos.com \/ anitasstudio<\/figcaption><\/figure><\/div>\n\n\n<h2 class=\"wp-block-heading\">Quando o clima favorece cada tipo de passeio?<\/h2>\n\n\n\n<p><strong>A Madeira tem um dos climas mais amenos da Europa.<\/strong> As temperaturas variam pouco ao longo do ano no litoral, mas nas montanhas o cen\u00e1rio muda: nevoeiro, vento e at\u00e9 neve nos picos mais altos durante o inverno.<\/p>\n\n\n\n<div class=\"google-auto-ads-ignore\" style=\"font-family: 'Segoe UI', Roboto, Helvetica, Arial, sans-serif; max-width: 900px; margin: 10px auto; display: flex; flex-wrap: wrap; gap: 12px; justify-content: center;\">\n\n  <div style=\"flex: 1 1 200px; background: #ffffff; border-radius: 12px; border: 1px solid #bfdbfe; box-shadow: 0 2px 10px rgba(37, 99, 235, 0.05); overflow: hidden; display: flex; flex-direction: column;\">\n    <div style=\"background: #eff6ff; padding: 10px; border-bottom: 1px solid #dbeafe; display: flex; align-items: center; gap: 8px;\">\n      <div style=\"background: #2563eb; padding: 4px; border-radius: 6px; display: flex;\">\n        <svg width=\"14\" height=\"14\" viewBox=\"0 0 24 24\" fill=\"none\" stroke=\"#ffffff\" stroke-width=\"3\" stroke-linecap=\"round\" stroke-linejoin=\"round\"><circle cx=\"12\" cy=\"12\" r=\"5\"\/><line x1=\"12\" y1=\"1\" x2=\"12\" y2=\"3\"\/><line x1=\"12\" y1=\"21\" x2=\"12\" y2=\"23\"\/><line x1=\"4.22\" y1=\"4.22\" x2=\"5.64\" y2=\"5.64\"\/><line x1=\"18.36\" y1=\"18.36\" x2=\"19.78\" y2=\"19.78\"\/><line x1=\"1\" y1=\"12\" x2=\"3\" y2=\"12\"\/><line x1=\"21\" y1=\"12\" x2=\"23\" y2=\"12\"\/><\/svg>\n      <\/div>\n      <span style=\"font-size: 0.75rem; font-weight: 800; color: #1e3a8a; letter-spacing: 0.05em;\">VER\u00c3O<\/span>\n    <\/div>\n    <div style=\"padding: 12px; text-align: center;\">\n      <div style=\"font-size: 0.7rem; color: #1d4ed8; font-weight: 700;\">JUN &#8211; AGO<\/div>\n      <div style=\"font-size: 1.2rem; font-weight: 900; color: #2563eb; margin: 2px 0;\">19-26 \u00b0C<\/div>\n      <div style=\"font-size: 0.8rem; color: #1e293b; line-height: 1.3;\">Chuva baixa. Aproveite o mar calmo para <strong>praia e mergulho<\/strong> e os dias longos para <strong>trilhas de altitude<\/strong>.<\/div>\n    <\/div>\n  <\/div>\n\n  <div style=\"flex: 1 1 200px; background: #ffffff; border-radius: 12px; border: 1px solid #bfdbfe; box-shadow: 0 2px 10px rgba(37, 99, 235, 0.05); overflow: hidden; display: flex; flex-direction: column;\">\n    <div style=\"background: #eff6ff; padding: 10px; border-bottom: 1px solid #dbeafe; display: flex; align-items: center; gap: 8px;\">\n      <div style=\"background: #2563eb; padding: 4px; border-radius: 6px; display: flex;\">\n        <svg width=\"14\" height=\"14\" viewBox=\"0 0 24 24\" fill=\"none\" stroke=\"#ffffff\" stroke-width=\"3\" stroke-linecap=\"round\" stroke-linejoin=\"round\"><path d=\"M12 2L2 7l10 5 10-5-10-5zM2 17l10 5 10-5M2 12l10 5 10-5\"\/><\/svg>\n      <\/div>\n      <span style=\"font-size: 0.75rem; font-weight: 800; color: #1e3a8a; letter-spacing: 0.05em;\">OUTONO<\/span>\n    <\/div>\n    <div style=\"padding: 12px; text-align: center;\">\n      <div style=\"font-size: 0.7rem; color: #1d4ed8; font-weight: 700;\">SET &#8211; NOV<\/div>\n      <div style=\"font-size: 1.2rem; font-weight: 900; color: #2563eb; margin: 2px 0;\">18-24 \u00b0C<\/div>\n      <div style=\"font-size: 0.8rem; color: #1e293b; line-height: 1.3;\">Chuva m\u00e9dia. Clima ideal para explorar os farto farto farto farto **museus, mercado e gastronomia** regional, deleitando-se com o farto farto d&#8217;O Calor solar e regional.<\/div>\n    <\/div>\n  <\/div>\n\n  <div style=\"flex: 1 1 200px; background: #ffffff; border-radius: 12px; border: 1px solid #bfdbfe; box-shadow: 0 2px 10px rgba(37, 99, 235, 0.05); overflow: hidden; display: flex; flex-direction: column;\">\n    <div style=\"background: #eff6ff; padding: 10px; border-bottom: 1px solid #dbeafe; display: flex; align-items: center; gap: 8px;\">\n      <div style=\"background: #2563eb; padding: 4px; border-radius: 6px; display: flex;\">\n        <svg width=\"14\" height=\"14\" viewBox=\"0 0 24 24\" fill=\"none\" stroke=\"#ffffff\" stroke-width=\"3\" stroke-linecap=\"round\" stroke-linejoin=\"round\"><path d=\"M12 3a6 6 0 0 0 9 9 9 9 0 1 1-9-9Z\"\/><path d=\"M19 3v4\"\/><path d=\"M21 5h-4\"\/><\/svg>\n      <\/div>\n      <span style=\"font-size: 0.75rem; font-weight: 800; color: #1e3a8a; letter-spacing: 0.05em;\">INVERNO<\/span>\n    <\/div>\n    <div style=\"padding: 12px; text-align: center;\">\n      <div style=\"font-size: 0.7rem; color: #1d4ed8; font-weight: 700;\">DEZ &#8211; FEV<\/div>\n      <div style=\"font-size: 1.2rem; font-weight: 900; color: #2563eb; margin: 2px 0;\">14-19 \u00b0C<\/div>\n      <div style=\"font-size: 0.8rem; color: #1e293b; line-height: 1.3;\">Chuva alta. Esta\u00e7\u00e3o farto d&#8217;O P\u00f4r do Sol e o farto farto d&#8217;O Calor solar e regional. Viva o farto d&#8217;O farto d&#8217;O farto d&#8217;O farto farto **Mosteiro de S\u00e3o Bento e cantinas**.<\/div>\n    <\/div>\n  <\/div>\n\n  <div style=\"flex: 1 1 200px; background: #ffffff; border-radius: 12px; border: 1px solid #bfdbfe; box-shadow: 0 2px 10px rgba(37, 99, 235, 0.05); overflow: hidden; display: flex; flex-direction: column;\">\n    <div style=\"background: #eff6ff; padding: 10px; border-bottom: 1px solid #dbeafe; display: flex; align-items: center; gap: 10px;\">\n      <div style=\"background: #2563eb; padding: 4px; border-radius: 6px; display: flex;\">\n        <svg width=\"14\" height=\"14\" viewBox=\"0 0 24 24\" fill=\"none\" stroke=\"#ffffff\" stroke-width=\"3\" stroke-linecap=\"round\" stroke-linejoin=\"round\"><path d=\"M12 7.5V21m-4.5-9L12 21l4.5-9\"\/><\/svg>\n      <\/div>\n      <span style=\"font-size: 0.75rem; font-weight: 800; color: #1e3a8a; letter-spacing: 0.05em;\">PRIMAVERA<\/span>\n    <\/div>\n    <div style=\"padding: 12px; text-align: center;\">\n      <div style=\"font-size: 0.7rem; color: #1d4ed8; font-weight: 700;\">MAR &#8211; MAI<\/div>\n      <div style=\"font-size: 1.2rem; font-weight: 900; color: #2563eb; margin: 2px 0;\">15-21 \u00b0C<\/div>\n      <div style=\"font-size: 0.8rem; color: #1e293b; line-height: 1.3;\">Chuva m\u00e9dia. Esta\u00e7\u00e3o vibrante d&#8217;O Calor solar; encante-se com o farto farto d&#8217;O P\u00f4r do Sol no Agreste regional. Explore o farto d&#8217;O farto farto d&#8217;O **Hopi Hari e cicloturismo**.<\/div>\n    <\/div>\n  <\/div>\n\n<\/div>\n\n\n\n<p><em>Temperaturas aproximadas para o Funchal com base no <a href=\"https:\/\/www.ipma.pt\" target=\"_blank\" rel=\"noreferrer noopener\"><strong>IPMA<\/strong><\/a>. Nas montanhas, as temperaturas podem ser 10 \u00b0C mais baixas.<\/em><\/p>\n\n\n<div class=\"wp-block-image\">\n<figure class=\"aligncenter size-large\"><img decoding=\"async\" width=\"1024\" height=\"576\" src=\"https:\/\/www.correiobraziliense.com.br\/cbradar\/wp-content\/uploads\/2025\/11\/Ilha-da-Madeira_1762047847668-1024x576.jpg\" alt=\"Uma ilha florida \u00e9 quase um jardim flutuante e est\u00e1 chamando a aten\u00e7\u00e3o com uma beleza que lembra o para\u00edso do \u00e9den\" class=\"wp-image-129659\" srcset=\"https:\/\/www.correiobraziliense.com.br\/cbradar\/wp-content\/uploads\/2025\/11\/Ilha-da-Madeira_1762047847668-1024x576.jpg 1024w, https:\/\/www.correiobraziliense.com.br\/cbradar\/wp-content\/uploads\/2025\/11\/Ilha-da-Madeira_1762047847668-300x169.jpg 300w, https:\/\/www.correiobraziliense.com.br\/cbradar\/wp-content\/uploads\/2025\/11\/Ilha-da-Madeira_1762047847668-768x432.jpg 768w, https:\/\/www.correiobraziliense.com.br\/cbradar\/wp-content\/uploads\/2025\/11\/Ilha-da-Madeira_1762047847668-750x422.jpg 750w, https:\/\/www.correiobraziliense.com.br\/cbradar\/wp-content\/uploads\/2025\/11\/Ilha-da-Madeira_1762047847668-1140x641.jpg 1140w, https:\/\/www.correiobraziliense.com.br\/cbradar\/wp-content\/uploads\/2025\/11\/Ilha-da-Madeira_1762047847668.jpg 1280w\" sizes=\"(max-width: 1024px) 100vw, 1024px\" \/><figcaption class=\"wp-element-caption\">Explore montanhas, florestas e o charme \u00fanico da Ilha da Madeira, onde natureza e hist\u00f3ria se encontram. \/\/ Cr\u00e9ditos: depositphotos.com \/ Balate Dorin<\/figcaption><\/figure><\/div>\n\n\n<h2 class=\"wp-block-heading\">Como chegar \u00e0 ilha e se deslocar por ela?<\/h2>\n\n\n\n<p>O <strong>Aeroporto Internacional da Madeira Cristiano Ronaldo<\/strong>, em <strong>Santa Cruz<\/strong>, recebe voos diretos de <strong>Lisboa<\/strong>, <strong>Porto<\/strong> e de v\u00e1rias capitais europeias. Saindo de Lisboa, o voo dura cerca de 1h40. Alugar carro \u00e9 a forma mais pr\u00e1tica de explorar a ilha, j\u00e1 que muitas atra\u00e7\u00f5es ficam em estradas secund\u00e1rias e a malha rodovi\u00e1ria \u00e9 bem pavimentada.<\/p>\n\n\n\n<p>A <a href=\"https:\/\/visitmadeira.com\/pt\/\" target=\"_blank\" rel=\"noreferrer noopener\"><strong>Madeira<\/strong><\/a> tem apenas 57 km de comprimento e 22 km de largura, mas a topografia montanhosa faz com que os deslocamentos levem mais tempo do que a dist\u00e2ncia sugere. Um m\u00ednimo de cinco dias permite conhecer os principais pontos sem correria.<\/p>\n\n\n\n<h2 class=\"wp-block-heading\">Atravesse o Atl\u00e2ntico e perca-se na ilha verde<\/h2>\n\n\n\n<p>Poucas ilhas re\u00fanem uma floresta pr\u00e9-hist\u00f3rica protegida pela <strong>UNESCO<\/strong>, o penhasco mais alto da Europa e uma gastronomia que tempera carne com loureiro milenar, tudo num territ\u00f3rio menor que muitos munic\u00edpios brasileiros. A Madeira condensa natureza, hist\u00f3ria e sabor numa escala que surpreende a cada curva da estrada.<\/p>\n\n\n\n<p>Voc\u00ea precisa cruzar o Atl\u00e2ntico e sentir por que os portugueses, ao avistar tanta mata verde em 1420, s\u00f3 conseguiram cham\u00e1-la de Madeira.<\/p>\n","protected":false},"excerpt":{"rendered":"<p>Os navegadores portugueses que chegaram em 1420 encontraram a ilha t\u00e3o coberta de \u00e1rvores que a batizaram de Madeira. Seis s\u00e9culos depois, boa parte dessa floresta ainda est\u00e1 de p\u00e9, protegida pela UNESCO, e a ilha continua surpreendendo quem desembarca no Funchal \u00e0 procura de natureza, gastronomia e paisagens que n\u00e3o cabem em cart\u00e3o-postal, \u00e9 [&hellip;]<\/p>\n","protected":false},"author":8,"featured_media":129661,"comment_status":"open","ping_status":"open","sticky":false,"template":"","format":"standard","meta":{"_yoast_wpseo_focuskw":"para\u00edso do \u00c9den","_yoast_wpseo_title":"","_yoast_wpseo_metadesc":"Ilha no meio do Atl\u00e2ntico abriga floresta de cerca de 20 milh\u00f5es de anos, natureza preservada e paisagens comparadas ao para\u00edso do \u00c9den.","jnews-multi-image_gallery":[],"jnews_single_post":{"format":"standard"},"jnews_primary_category":[],"jnews_social_meta":[],"jnews_override_counter":[],"footnotes":""},"categories":[108,111],"post_tag":[12590,1129],"class_list":["post-204845","post","type-post","status-publish","format-standard","has-post-thumbnail","hentry","category-cidades","category-turismo","tag-ilha-da-madeira","tag-portugal"],"yoast_head":"<!-- This site is optimized with the Yoast SEO plugin v24.6 - https:\/\/yoast.com\/wordpress\/plugins\/seo\/ -->\n<title>Uma floresta de 20 milh\u00f5es de anos no meio do Atl\u00e2ntico em uma ilha paradis\u00edaca e est\u00e1 chamando a aten\u00e7\u00e3o ao lembrar o para\u00edso do \u00e9den - Correio Braziliense - Radar<\/title>\n<meta name=\"description\" content=\"Ilha no meio do Atl\u00e2ntico abriga floresta de cerca de 20 milh\u00f5es de anos, natureza preservada e paisagens comparadas ao para\u00edso do \u00c9den.\" \/>\n<meta name=\"robots\" content=\"index, follow, max-snippet:-1, max-image-preview:large, max-video-preview:-1\" \/>\n<link rel=\"canonical\" href=\"https:\/\/www.correiobraziliense.com.br\/cbradar\/uma-floresta-de-20-milhoes-de-anos-no-meio-do-atlantico-em-uma-ilha-paradisiaca-e-esta-chamando-a-atencao-ao-lembrar-o-paraiso-do-eden\/\" \/>\n<meta property=\"og:locale\" content=\"pt_BR\" \/>\n<meta property=\"og:type\" content=\"article\" \/>\n<meta property=\"og:title\" content=\"Uma floresta de 20 milh\u00f5es de anos no meio do Atl\u00e2ntico em uma ilha paradis\u00edaca e est\u00e1 chamando a aten\u00e7\u00e3o ao lembrar o para\u00edso do \u00e9den - Correio Braziliense - Radar\" \/>\n<meta property=\"og:description\" content=\"Ilha no meio do Atl\u00e2ntico abriga floresta de cerca de 20 milh\u00f5es de anos, natureza preservada e paisagens comparadas ao para\u00edso do \u00c9den.\" \/>\n<meta property=\"og:url\" content=\"https:\/\/www.correiobraziliense.com.br\/cbradar\/uma-floresta-de-20-milhoes-de-anos-no-meio-do-atlantico-em-uma-ilha-paradisiaca-e-esta-chamando-a-atencao-ao-lembrar-o-paraiso-do-eden\/\" \/>\n<meta property=\"og:site_name\" content=\"Correio Braziliense - Radar\" \/>\n<meta property=\"article:published_time\" content=\"2026-03-08T11:25:00+00:00\" \/>\n<meta property=\"og:image\" content=\"https:\/\/www.correiobraziliense.com.br\/cbradar\/wp-content\/uploads\/2025\/11\/Ilha-da-Madeira_1762047895185.jpg\" \/>\n\t<meta property=\"og:image:width\" content=\"1280\" \/>\n\t<meta property=\"og:image:height\" content=\"720\" \/>\n\t<meta property=\"og:image:type\" content=\"image\/jpeg\" \/>\n<meta name=\"author\" content=\"Maura Pereira\" \/>\n<meta name=\"twitter:card\" content=\"summary_large_image\" \/>\n<meta name=\"twitter:label1\" content=\"Escrito por\" \/>\n\t<meta name=\"twitter:data1\" content=\"Maura Pereira\" \/>\n\t<meta name=\"twitter:label2\" content=\"Est. tempo de leitura\" \/>\n\t<meta name=\"twitter:data2\" content=\"8 minutos\" \/>\n<!-- \/ Yoast SEO plugin. -->","yoast_head_json":{"title":"Uma floresta de 20 milh\u00f5es de anos no meio do Atl\u00e2ntico em uma ilha paradis\u00edaca e est\u00e1 chamando a aten\u00e7\u00e3o ao lembrar o para\u00edso do \u00e9den - Correio Braziliense - Radar","description":"Ilha no meio do Atl\u00e2ntico abriga floresta de cerca de 20 milh\u00f5es de anos, natureza preservada e paisagens comparadas ao para\u00edso do \u00c9den.","robots":{"index":"index","follow":"follow","max-snippet":"max-snippet:-1","max-image-preview":"max-image-preview:large","max-video-preview":"max-video-preview:-1"},"canonical":"https:\/\/www.correiobraziliense.com.br\/cbradar\/uma-floresta-de-20-milhoes-de-anos-no-meio-do-atlantico-em-uma-ilha-paradisiaca-e-esta-chamando-a-atencao-ao-lembrar-o-paraiso-do-eden\/","og_locale":"pt_BR","og_type":"article","og_title":"Uma floresta de 20 milh\u00f5es de anos no meio do Atl\u00e2ntico em uma ilha paradis\u00edaca e est\u00e1 chamando a aten\u00e7\u00e3o ao lembrar o para\u00edso do \u00e9den - Correio Braziliense - Radar","og_description":"Ilha no meio do Atl\u00e2ntico abriga floresta de cerca de 20 milh\u00f5es de anos, natureza preservada e paisagens comparadas ao para\u00edso do \u00c9den.","og_url":"https:\/\/www.correiobraziliense.com.br\/cbradar\/uma-floresta-de-20-milhoes-de-anos-no-meio-do-atlantico-em-uma-ilha-paradisiaca-e-esta-chamando-a-atencao-ao-lembrar-o-paraiso-do-eden\/","og_site_name":"Correio Braziliense - Radar","article_published_time":"2026-03-08T11:25:00+00:00","og_image":[{"width":1280,"height":720,"url":"https:\/\/www.correiobraziliense.com.br\/cbradar\/wp-content\/uploads\/2025\/11\/Ilha-da-Madeira_1762047895185.jpg","type":"image\/jpeg"}],"author":"Maura Pereira","twitter_card":"summary_large_image","twitter_misc":{"Escrito por":"Maura Pereira","Est. tempo de leitura":"8 minutos"},"schema":{"@context":"https:\/\/schema.org","@graph":[{"@type":"WebPage","@id":"https:\/\/www.correiobraziliense.com.br\/cbradar\/uma-floresta-de-20-milhoes-de-anos-no-meio-do-atlantico-em-uma-ilha-paradisiaca-e-esta-chamando-a-atencao-ao-lembrar-o-paraiso-do-eden\/","url":"https:\/\/www.correiobraziliense.com.br\/cbradar\/uma-floresta-de-20-milhoes-de-anos-no-meio-do-atlantico-em-uma-ilha-paradisiaca-e-esta-chamando-a-atencao-ao-lembrar-o-paraiso-do-eden\/","name":"Uma floresta de 20 milh\u00f5es de anos no meio do Atl\u00e2ntico em uma ilha paradis\u00edaca e est\u00e1 chamando a aten\u00e7\u00e3o ao lembrar o para\u00edso do \u00e9den - Correio Braziliense - Radar","isPartOf":{"@id":"https:\/\/www.correiobraziliense.com.br\/cbradar\/#website"},"primaryImageOfPage":{"@id":"https:\/\/www.correiobraziliense.com.br\/cbradar\/uma-floresta-de-20-milhoes-de-anos-no-meio-do-atlantico-em-uma-ilha-paradisiaca-e-esta-chamando-a-atencao-ao-lembrar-o-paraiso-do-eden\/#primaryimage"},"image":{"@id":"https:\/\/www.correiobraziliense.com.br\/cbradar\/uma-floresta-de-20-milhoes-de-anos-no-meio-do-atlantico-em-uma-ilha-paradisiaca-e-esta-chamando-a-atencao-ao-lembrar-o-paraiso-do-eden\/#primaryimage"},"thumbnailUrl":"https:\/\/www.correiobraziliense.com.br\/cbradar\/wp-content\/uploads\/2025\/11\/Ilha-da-Madeira_1762047895185.jpg","datePublished":"2026-03-08T11:25:00+00:00","author":{"@id":"https:\/\/www.correiobraziliense.com.br\/cbradar\/#\/schema\/person\/4053c651a9bfc785afc6f4cbc9032fd3"},"description":"Ilha no meio do Atl\u00e2ntico abriga floresta de cerca de 20 milh\u00f5es de anos, natureza preservada e paisagens comparadas ao para\u00edso do \u00c9den.","breadcrumb":{"@id":"https:\/\/www.correiobraziliense.com.br\/cbradar\/uma-floresta-de-20-milhoes-de-anos-no-meio-do-atlantico-em-uma-ilha-paradisiaca-e-esta-chamando-a-atencao-ao-lembrar-o-paraiso-do-eden\/#breadcrumb"},"inLanguage":"pt-BR","potentialAction":[{"@type":"ReadAction","target":["https:\/\/www.correiobraziliense.com.br\/cbradar\/uma-floresta-de-20-milhoes-de-anos-no-meio-do-atlantico-em-uma-ilha-paradisiaca-e-esta-chamando-a-atencao-ao-lembrar-o-paraiso-do-eden\/"]}]},{"@type":"ImageObject","inLanguage":"pt-BR","@id":"https:\/\/www.correiobraziliense.com.br\/cbradar\/uma-floresta-de-20-milhoes-de-anos-no-meio-do-atlantico-em-uma-ilha-paradisiaca-e-esta-chamando-a-atencao-ao-lembrar-o-paraiso-do-eden\/#primaryimage","url":"https:\/\/www.correiobraziliense.com.br\/cbradar\/wp-content\/uploads\/2025\/11\/Ilha-da-Madeira_1762047895185.jpg","contentUrl":"https:\/\/www.correiobraziliense.com.br\/cbradar\/wp-content\/uploads\/2025\/11\/Ilha-da-Madeira_1762047895185.jpg","width":1280,"height":720,"caption":"Passeie por trilhas, praias e vilarejos aconchegantes da Ilha da Madeira e aproveite cada momento sem pressa. \/\/ Cr\u00e9ditos: depositphotos.com \/ anitasstudio"},{"@type":"BreadcrumbList","@id":"https:\/\/www.correiobraziliense.com.br\/cbradar\/uma-floresta-de-20-milhoes-de-anos-no-meio-do-atlantico-em-uma-ilha-paradisiaca-e-esta-chamando-a-atencao-ao-lembrar-o-paraiso-do-eden\/#breadcrumb","itemListElement":[{"@type":"ListItem","position":1,"name":"In\u00edcio","item":"https:\/\/www.correiobraziliense.com.br\/cbradar\/"},{"@type":"ListItem","position":2,"name":"Uma floresta de 20 milh\u00f5es de anos no meio do Atl\u00e2ntico em uma ilha paradis\u00edaca e est\u00e1 chamando a aten\u00e7\u00e3o ao lembrar o para\u00edso do \u00e9den"}]},{"@type":"WebSite","@id":"https:\/\/www.correiobraziliense.com.br\/cbradar\/#website","url":"https:\/\/www.correiobraziliense.com.br\/cbradar\/","name":"Correio Braziliense - Radar","description":"Acompanhe as \u00faltimas not\u00edcias e fique bem informado sobre tudo o que acontece no Brasil e no mundo.","potentialAction":[{"@type":"SearchAction","target":{"@type":"EntryPoint","urlTemplate":"https:\/\/www.correiobraziliense.com.br\/cbradar\/?s={search_term_string}"},"query-input":{"@type":"PropertyValueSpecification","valueRequired":true,"valueName":"search_term_string"}}],"inLanguage":"pt-BR"},{"@type":"Person","@id":"https:\/\/www.correiobraziliense.com.br\/cbradar\/#\/schema\/person\/4053c651a9bfc785afc6f4cbc9032fd3","name":"Maura Pereira","image":{"@type":"ImageObject","inLanguage":"pt-BR","@id":"https:\/\/www.correiobraziliense.com.br\/cbradar\/#\/schema\/person\/image\/","url":"https:\/\/secure.gravatar.com\/avatar\/3effd6bdadfa447f15089c7f7144eaa6?s=96&d=mm&r=g","contentUrl":"https:\/\/secure.gravatar.com\/avatar\/3effd6bdadfa447f15089c7f7144eaa6?s=96&d=mm&r=g","caption":"Maura Pereira"},"sameAs":["https:\/\/www.correiobraziliense.com.br\/"],"url":"https:\/\/www.correiobraziliense.com.br\/cbradar\/author\/mauramyth\/"}]}},"_links":{"self":[{"href":"https:\/\/www.correiobraziliense.com.br\/cbradar\/wp-json\/wp\/v2\/posts\/204845","targetHints":{"allow":["GET"]}}],"collection":[{"href":"https:\/\/www.correiobraziliense.com.br\/cbradar\/wp-json\/wp\/v2\/posts"}],"about":[{"href":"https:\/\/www.correiobraziliense.com.br\/cbradar\/wp-json\/wp\/v2\/types\/post"}],"author":[{"embeddable":true,"href":"https:\/\/www.correiobraziliense.com.br\/cbradar\/wp-json\/wp\/v2\/users\/8"}],"replies":[{"embeddable":true,"href":"https:\/\/www.correiobraziliense.com.br\/cbradar\/wp-json\/wp\/v2\/comments?post=204845"}],"version-history":[{"count":13,"href":"https:\/\/www.correiobraziliense.com.br\/cbradar\/wp-json\/wp\/v2\/posts\/204845\/revisions"}],"predecessor-version":[{"id":204899,"href":"https:\/\/www.correiobraziliense.com.br\/cbradar\/wp-json\/wp\/v2\/posts\/204845\/revisions\/204899"}],"wp:featuredmedia":[{"embeddable":true,"href":"https:\/\/www.correiobraziliense.com.br\/cbradar\/wp-json\/wp\/v2\/media\/129661"}],"wp:attachment":[{"href":"https:\/\/www.correiobraziliense.com.br\/cbradar\/wp-json\/wp\/v2\/media?parent=204845"}],"wp:term":[{"taxonomy":"category","embeddable":true,"href":"https:\/\/www.correiobraziliense.com.br\/cbradar\/wp-json\/wp\/v2\/categories?post=204845"},{"taxonomy":"post_tag","embeddable":true,"href":"https:\/\/www.correiobraziliense.com.br\/cbradar\/wp-json\/wp\/v2\/post_tag?post=204845"}],"curies":[{"name":"wp","href":"https:\/\/api.w.org\/{rel}","templated":true}]}}