{"id":204846,"date":"2026-03-08T10:25:00","date_gmt":"2026-03-08T13:25:00","guid":{"rendered":"https:\/\/www.correiobraziliense.com.br\/cbradar\/?p=204846"},"modified":"2026-03-07T20:25:41","modified_gmt":"2026-03-07T23:25:41","slug":"a-ilha-do-nordeste-que-foi-refugio-de-piratas-tem-uma-fortaleza-de-1630-e-proibiu-carros-ao-oferecer-vida-simples-e-preservada","status":"publish","type":"post","link":"https:\/\/www.correiobraziliense.com.br\/cbradar\/a-ilha-do-nordeste-que-foi-refugio-de-piratas-tem-uma-fortaleza-de-1630-e-proibiu-carros-ao-oferecer-vida-simples-e-preservada\/","title":{"rendered":"A ilha do Nordeste que foi ref\u00fagio de piratas, tem uma fortaleza de 1630 e proibiu carros ao oferecer vida simples e preservada"},"content":{"rendered":"\n<p>Carros n\u00e3o entram em <strong>Morro de S\u00e3o Paulo<\/strong>. Quem chega de catamar\u00e3 ou lancha desembarca num vilarejo onde as ruas s\u00e3o de pedra, a bagagem viaja em carrinho de m\u00e3o e as praias s\u00e3o numeradas de 1 a 5. A vila, encravada na <strong>Ilha de Tinhar\u00e9<\/strong>, no munic\u00edpio de <strong>Cairu<\/strong>, guarda ru\u00ednas coloniais do s\u00e9culo XVII e um mar t\u00e3o calmo que parece piscina o ano inteiro.<\/p>\n\n\n\n<h2 class=\"wp-block-heading\">De zona franca de piratas a para\u00edso tur\u00edstico da Bahia<\/h2>\n\n\n\n<p><strong>Martim Afonso de Sousa<\/strong> desembarcou na ilha em <strong>1531<\/strong> e a batizou de Tinhar\u00e9, palavra tupi que significa &#8220;aquela que avan\u00e7a sobre o mar&#8221;. A posi\u00e7\u00e3o estrat\u00e9gica transformou o local numa porta de entrada para a <strong>Ba\u00eda de Todos os Santos<\/strong>, atraindo cors\u00e1rios holandeses, franceses e piratas ao longo dos s\u00e9culos XVI e XVII.<\/p>\n\n\n\n<p>Para barrar as invas\u00f5es, o governador-geral <strong>Diogo Luiz de Oliveira<\/strong> ordenou em 1630 a constru\u00e7\u00e3o da <a href=\"https:\/\/www.ipatrimonio.org\/cairu-fortaleza-do-morro-de-sao-paulo\/\" target=\"_blank\" rel=\"noreferrer noopener\"><strong>Fortaleza do Tapirandu<\/strong><\/a>, que ainda conserva 678 m de cortina de muralhas. O conjunto \u00e9 tombado pelo <strong>Instituto do Patrim\u00f4nio Hist\u00f3rico e Art\u00edstico Nacional (IPHAN)<\/strong> desde 1938. Em <strong>1746<\/strong>, a ilha ganhou a <strong>Fonte Grande<\/strong>, considerada o maior sistema de abastecimento de \u00e1gua da Bahia colonial.<\/p>\n\n\n<div class=\"wp-block-image\">\n<figure class=\"aligncenter size-large\"><img decoding=\"async\" width=\"1024\" height=\"576\" src=\"https:\/\/www.correiobraziliense.com.br\/cbradar\/wp-content\/uploads\/2025\/12\/G-2025-12-03T230231.520-1024x576.png\" alt=\"A ilha do Nordeste onde s\u00f3 se chega de barco que preserva praias intocadas que poucos conhecem\" class=\"wp-image-149666\" srcset=\"https:\/\/www.correiobraziliense.com.br\/cbradar\/wp-content\/uploads\/2025\/12\/G-2025-12-03T230231.520-1024x576.png 1024w, https:\/\/www.correiobraziliense.com.br\/cbradar\/wp-content\/uploads\/2025\/12\/G-2025-12-03T230231.520-300x169.png 300w, https:\/\/www.correiobraziliense.com.br\/cbradar\/wp-content\/uploads\/2025\/12\/G-2025-12-03T230231.520-768x432.png 768w, https:\/\/www.correiobraziliense.com.br\/cbradar\/wp-content\/uploads\/2025\/12\/G-2025-12-03T230231.520-750x422.png 750w, https:\/\/www.correiobraziliense.com.br\/cbradar\/wp-content\/uploads\/2025\/12\/G-2025-12-03T230231.520-1140x641.png 1140w, https:\/\/www.correiobraziliense.com.br\/cbradar\/wp-content\/uploads\/2025\/12\/G-2025-12-03T230231.520.png 1280w\" sizes=\"(max-width: 1024px) 100vw, 1024px\" \/><figcaption class=\"wp-element-caption\">Viva a magia do Morro de S\u00e3o Paulo, onde praias de \u00e1guas cristalinas e pores do sol incr\u00edveis criam um ref\u00fagio tropical inesquec\u00edvel. \/\/ Cr\u00e9ditos: Wikipedia<\/figcaption><\/figure><\/div>\n\n\n<h2 class=\"wp-block-heading\">Qual praia escolher entre a Primeira e a Quinta?<\/h2>\n\n\n\n<p><strong>As cinco praias principais ficam no lado leste da ilha e oferecem mar calmo em qualquer mar\u00e9.<\/strong> D\u00e1 para caminhar da Primeira \u00e0 Terceira em poucos minutos, mas a Quarta e a Quinta pedem transporte.<\/p>\n\n\n\n<ul class=\"wp-block-list\">\n<li><strong>Primeira Praia<\/strong>: a mais pr\u00f3xima do centro, com cerca de 300 m de faixa de areia. \u00c9 o ponto de chegada da tirolesa que desce do Farol.<\/li>\n\n\n\n<li><strong>Segunda Praia<\/strong>: cora\u00e7\u00e3o da ilha. Barracas, restaurantes, luaus noturnos e a maior concentra\u00e7\u00e3o de gente. Faixa de areia larga e mar raso.<\/li>\n\n\n\n<li><strong>Terceira Praia<\/strong>: mais tranquila, com pousadas \u00e0 beira-mar e ponto de sa\u00edda dos passeios de lancha.<\/li>\n\n\n\n<li><strong>Quarta Praia<\/strong>: extensa, quase deserta em boa parte da faixa, com piscinas naturais na mar\u00e9 baixa e recifes de coral.<\/li>\n\n\n\n<li><strong>Quinta Praia (Praia do Encanto)<\/strong>: a mais isolada, com coqueiros, poucas pousadas e sil\u00eancio de sobra.<\/li>\n<\/ul>\n\n\n\n<p><strong>Morro de S\u00e3o Paulo<\/strong>, na Bahia, \u00e9 um destino paradis\u00edaco onde n\u00e3o circulam carros e a locomo\u00e7\u00e3o \u00e9 feita totalmente a p\u00e9 ou por trilhas. O v\u00eddeo do canal <strong>Vamos Fugir Blog <\/strong>apresenta um guia completo sobre como chegar, o que fazer e as principais praias da ilha:<\/p>\n\n\n\n<figure class=\"wp-block-embed aligncenter is-type-video is-provider-youtube wp-block-embed-youtube wp-embed-aspect-16-9 wp-has-aspect-ratio\"><div class=\"wp-block-embed__wrapper\">\n<div class=\"jeg_video_container jeg_video_content\"><iframe loading=\"lazy\" title=\"MORRO DE S\u00c3O PAULO, Bahia (Como ir, o que fazer, praias, melhores passeios) - COM PRE\u00c7OS\" width=\"500\" height=\"281\" src=\"https:\/\/www.youtube.com\/embed\/defcoc1weco?feature=oembed\" frameborder=\"0\" allow=\"accelerometer; autoplay; clipboard-write; encrypted-media; gyroscope; picture-in-picture; web-share\" referrerpolicy=\"strict-origin-when-cross-origin\" allowfullscreen><\/iframe><\/div>\n<\/div><\/figure>\n\n\n\n<h2 class=\"wp-block-heading\">Passeios de lancha, tirolesa e piscinas naturais<\/h2>\n\n\n\n<p>O passeio mais procurado \u00e9 a Volta \u00e0 Ilha, que leva um dia inteiro e inclui paradas nas piscinas naturais de <strong>Garapu\u00e1<\/strong> e <strong>Morer\u00e9<\/strong>, al\u00e9m de uma visita \u00e0 vizinha <strong>Ilha de Boipeba<\/strong>. As lanchas saem da Terceira Praia.<\/p>\n\n\n\n<p>No alto do morro, a tirolesa conecta o Farol \u00e0 Primeira Praia: s\u00e3o 340 m de extens\u00e3o e cerca de 50 m de altura, com pouso direto no mar. Para quem prefere ritmo mais lento, a trilha at\u00e9 a <strong>Gamboa<\/strong> segue pela costa e passa por um pared\u00e3o de argila onde visitantes tomam banho de lama. O retorno \u00e9 de barco, j\u00e1 que a mar\u00e9 sobe e cobre trechos do caminho.<\/p>\n\n\n<div class=\"wp-block-image\">\n<figure class=\"aligncenter size-large\"><img decoding=\"async\" width=\"1024\" height=\"576\" src=\"https:\/\/www.correiobraziliense.com.br\/cbradar\/wp-content\/uploads\/2025\/12\/G-2025-12-10T221928.830-1024x576.png\" alt=\"Sem carros, essa vila no Nordeste \u00e9 um para\u00edso de \u00e1guas cristalinas totalmente preservada capaz de tirar o f\u00f4lego de qualquer um\" class=\"wp-image-154190\" srcset=\"https:\/\/www.correiobraziliense.com.br\/cbradar\/wp-content\/uploads\/2025\/12\/G-2025-12-10T221928.830-1024x576.png 1024w, https:\/\/www.correiobraziliense.com.br\/cbradar\/wp-content\/uploads\/2025\/12\/G-2025-12-10T221928.830-300x169.png 300w, https:\/\/www.correiobraziliense.com.br\/cbradar\/wp-content\/uploads\/2025\/12\/G-2025-12-10T221928.830-768x432.png 768w, https:\/\/www.correiobraziliense.com.br\/cbradar\/wp-content\/uploads\/2025\/12\/G-2025-12-10T221928.830-750x422.png 750w, https:\/\/www.correiobraziliense.com.br\/cbradar\/wp-content\/uploads\/2025\/12\/G-2025-12-10T221928.830-1140x641.png 1140w, https:\/\/www.correiobraziliense.com.br\/cbradar\/wp-content\/uploads\/2025\/12\/G-2025-12-10T221928.830.png 1280w\" sizes=\"(max-width: 1024px) 100vw, 1024px\" \/><figcaption class=\"wp-element-caption\">Morro de S\u00e3o Paulo \u00e9 ref\u00fagio baiano perfeito para relaxar, curtir festas na Segunda Praia e pores do sol marcantes. \/\/ Cr\u00e9ditos: Wikip\u00e9dia<\/figcaption><\/figure><\/div>\n\n\n<h2 class=\"wp-block-heading\">Moqueca com dend\u00ea e caipirinha de caj\u00e1 ao p\u00f4r do sol<\/h2>\n\n\n\n<p>A culin\u00e1ria de Morro de S\u00e3o Paulo mistura tradi\u00e7\u00e3o baiana com frutos do mar frescos. Os restaurantes se espalham pelo centrinho e ao longo da Segunda Praia.<\/p>\n\n\n\n<ul class=\"wp-block-list\">\n<li><strong>Moqueca baiana<\/strong>: peixe, camar\u00e3o ou lagosta cozidos no azeite de dend\u00ea, leite de coco e pimenta. Servida no prato de barro.<\/li>\n\n\n\n<li><strong>Bob\u00f3 de camar\u00e3o<\/strong>: creme de mandioca com camar\u00f5es refogados em dend\u00ea, acompanhado de arroz branco.<\/li>\n\n\n\n<li><strong>Acaraj\u00e9<\/strong>: bolinho de feij\u00e3o-fradinho frito no dend\u00ea, recheado com vatap\u00e1, caruru e camar\u00e3o seco.<\/li>\n\n\n\n<li><strong>Lambreta<\/strong>: molusco t\u00edpico da regi\u00e3o, grelhado com lim\u00e3o e manteiga.<\/li>\n\n\n\n<li><strong>Caipirinhas de frutas<\/strong>: caj\u00e1, graviola, cacau e maracuj\u00e1 s\u00e3o as vers\u00f5es mais pedidas nas barracas de praia.<\/li>\n<\/ul>\n\n\n\n<p><strong>Leia tamb\u00e9m: <a href=\"https:\/\/www.correiobraziliense.com.br\/cbradar\/um-lugar-mistico-a-1-189-m-de-altitude-cresceu-sobre-uma-mina-de-quartzos-e-guarda-cachoeiras-e-um-dos-ceus-mais-limpos-do-brasil\/\" target=\"_blank\" rel=\"noreferrer noopener\">Um lugar m\u00edstico a 1.189 m de altitude cresceu sobre uma mina de quartzos e guarda cachoeiras e um dos c\u00e9us mais limpos do Brasil.<\/a><\/strong><\/p>\n\n\n\n<h2 class=\"wp-block-heading\">Quando o clima favorece cada tipo de passeio?<\/h2>\n\n\n\n<p><strong>O calor \u00e9 constante, com temperaturas acima dos 25 \u00b0C o ano todo.<\/strong> A temporada mais seca vai de setembro a mar\u00e7o, com sol forte e mar mais cristalino para mergulho. De abril a agosto, as chuvas s\u00e3o mais frequentes, mas costumam ser r\u00e1pidas e n\u00e3o impedem os passeios.<\/p>\n\n\n\n<div class=\"google-auto-ads-ignore\" style=\"font-family: 'Segoe UI', Roboto, Helvetica, Arial, sans-serif; max-width: 900px; margin: 10px auto; display: flex; flex-wrap: wrap; gap: 12px; justify-content: center;\">\n\n  <div style=\"flex: 1 1 200px; background: #ffffff; border-radius: 12px; border: 1px solid #bfdbfe; box-shadow: 0 2px 10px rgba(37, 99, 235, 0.05); overflow: hidden; display: flex; flex-direction: column;\">\n    <div style=\"background: #eff6ff; padding: 10px; border-bottom: 1px solid #dbeafe; display: flex; align-items: center; gap: 8px;\">\n      <div style=\"background: #2563eb; padding: 4px; border-radius: 6px; display: flex;\">\n        <svg width=\"14\" height=\"14\" viewBox=\"0 0 24 24\" fill=\"none\" stroke=\"#ffffff\" stroke-width=\"3\" stroke-linecap=\"round\" stroke-linejoin=\"round\"><circle cx=\"12\" cy=\"12\" r=\"5\"\/><line x1=\"12\" y1=\"1\" x2=\"12\" y2=\"3\"\/><line x1=\"12\" y1=\"21\" x2=\"12\" y2=\"23\"\/><line x1=\"4.22\" y1=\"4.22\" x2=\"5.64\" y2=\"5.64\"\/><line x1=\"18.36\" y1=\"18.36\" x2=\"19.78\" y2=\"19.78\"\/><line x1=\"1\" y1=\"12\" x2=\"3\" y2=\"12\"\/><line x1=\"21\" y1=\"12\" x2=\"23\" y2=\"12\"\/><\/svg>\n      <\/div>\n      <span style=\"font-size: 0.75rem; font-weight: 800; color: #1e3a8a; letter-spacing: 0.05em;\">VER\u00c3O<\/span>\n    <\/div>\n    <div style=\"padding: 12px; text-align: center;\">\n      <div style=\"font-size: 0.7rem; color: #1d4ed8; font-weight: 700;\">DEZ &#8211; FEV<\/div>\n      <div style=\"font-size: 1.2rem; font-weight: 900; color: #2563eb; margin: 2px 0;\">25-31 \u00b0C<\/div>\n      <div style=\"font-size: 0.8rem; color: #1e293b; line-height: 1.3;\">Chuva m\u00e9dia. Sol e calor no \u00e1pice para <strong>praias, mergulho<\/strong> e os famosos <strong>luaus<\/strong> p\u00e9 na areia.<\/div>\n    <\/div>\n  <\/div>\n\n  <div style=\"flex: 1 1 200px; background: #ffffff; border-radius: 12px; border: 1px solid #bfdbfe; box-shadow: 0 2px 10px rgba(37, 99, 235, 0.05); overflow: hidden; display: flex; flex-direction: column;\">\n    <div style=\"background: #eff6ff; padding: 10px; border-bottom: 1px solid #dbeafe; display: flex; align-items: center; gap: 8px;\">\n      <div style=\"background: #2563eb; padding: 4px; border-radius: 6px; display: flex;\">\n        <svg width=\"14\" height=\"14\" viewBox=\"0 0 24 24\" fill=\"none\" stroke=\"#ffffff\" stroke-width=\"3\" stroke-linecap=\"round\" stroke-linejoin=\"round\"><path d=\"M12 2L2 7l10 5 10-5-10-5zM2 17l10 5 10-5M2 12l10 5 10-5\"\/><\/svg>\n      <\/div>\n      <span style=\"font-size: 0.75rem; font-weight: 800; color: #1e3a8a; letter-spacing: 0.05em;\">OUTONO<\/span>\n    <\/div>\n    <div style=\"padding: 12px; text-align: center;\">\n      <div style=\"font-size: 0.7rem; color: #1d4ed8; font-weight: 700;\">MAR &#8211; MAI<\/div>\n      <div style=\"font-size: 1.2rem; font-weight: 900; color: #2563eb; margin: 2px 0;\">24-30 \u00b0C<\/div>\n      <div style=\"font-size: 0.8rem; color: #1e293b; line-height: 1.3;\">Chuva alta. Aproveite os <strong>passeios de lancha<\/strong> em dias firmes e delicie-se com a <strong>gastronomia<\/strong> local.<\/div>\n    <\/div>\n  <\/div>\n\n  <div style=\"flex: 1 1 200px; background: #ffffff; border-radius: 12px; border: 1px solid #bfdbfe; box-shadow: 0 2px 10px rgba(37, 99, 235, 0.05); overflow: hidden; display: flex; flex-direction: column;\">\n    <div style=\"background: #eff6ff; padding: 10px; border-bottom: 1px solid #dbeafe; display: flex; align-items: center; gap: 8px;\">\n      <div style=\"background: #2563eb; padding: 4px; border-radius: 6px; display: flex;\">\n        <svg width=\"14\" height=\"14\" viewBox=\"0 0 24 24\" fill=\"none\" stroke=\"#ffffff\" stroke-width=\"3\" stroke-linecap=\"round\" stroke-linejoin=\"round\"><path d=\"M12 3a6 6 0 0 0 9 9 9 9 0 1 1-9-9Z\"\/><path d=\"M19 3v4\"\/><path d=\"M21 5h-4\"\/><\/svg>\n      <\/div>\n      <span style=\"font-size: 0.75rem; font-weight: 800; color: #1e3a8a; letter-spacing: 0.05em;\">INVERNO<\/span>\n    <\/div>\n    <div style=\"padding: 12px; text-align: center;\">\n      <div style=\"font-size: 0.7rem; color: #1d4ed8; font-weight: 700;\">JUN &#8211; AGO<\/div>\n      <div style=\"font-size: 1.2rem; font-weight: 900; color: #2563eb; margin: 2px 0;\">22-28 \u00b0C<\/div>\n      <div style=\"font-size: 0.8rem; color: #1e293b; line-height: 1.3;\">Chuva alta. Esta\u00e7\u00e3o firme e agrad\u00e1vel para a farto <strong>observa\u00e7\u00e3o de baleias jubarte<\/strong> e dias frescos.<\/div>\n    <\/div>\n  <\/div>\n\n  <div style=\"flex: 1 1 200px; background: #ffffff; border-radius: 12px; border: 1px solid #bfdbfe; box-shadow: 0 2px 10px rgba(37, 99, 235, 0.05); overflow: hidden; display: flex; flex-direction: column;\">\n    <div style=\"background: #eff6ff; padding: 10px; border-bottom: 1px solid #dbeafe; display: flex; align-items: center; gap: 10px;\">\n      <div style=\"background: #2563eb; padding: 4px; border-radius: 6px; display: flex;\">\n        <svg width=\"14\" height=\"14\" viewBox=\"0 0 24 24\" fill=\"none\" stroke=\"#ffffff\" stroke-width=\"3\" stroke-linecap=\"round\" stroke-linejoin=\"round\"><path d=\"M12 7.5V21m-4.5-9L12 21l4.5-9\"\/><\/svg>\n      <\/div>\n      <span style=\"font-size: 0.75rem; font-weight: 800; color: #1e3a8a; letter-spacing: 0.05em;\">PRIMAVERA<\/span>\n    <\/div>\n    <div style=\"padding: 12px; text-align: center;\">\n      <div style=\"font-size: 0.7rem; color: #1d4ed8; font-weight: 700;\">SET &#8211; NOV<\/div>\n      <div style=\"font-size: 1.2rem; font-weight: 900; color: #2563eb; margin: 2px 0;\">24-30 \u00b0C<\/div>\n      <div style=\"font-size: 0.8rem; color: #1e293b; line-height: 1.3;\">Chuva baixa. Esta\u00e7\u00e3o firme e agrad\u00e1vel para <strong>piscinas naturais<\/strong> e explorar longas <strong>trilhas<\/strong>.<\/div>\n    <\/div>\n  <\/div>\n\n<\/div>\n\n\n\n<p><em>Temperaturas aproximadas com base no <a href=\"https:\/\/www.climatempo.com.br\/previsao-do-tempo\/cidade\/3140\/morrodesaopaulo-ba\" target=\"_blank\" rel=\"noreferrer noopener\"><strong>Climatempo<\/strong><\/a>. Condi\u00e7\u00f5es podem variar.<\/em><\/p>\n\n\n<div class=\"wp-block-image\">\n<figure class=\"aligncenter size-large\"><img decoding=\"async\" width=\"1024\" height=\"576\" src=\"https:\/\/www.correiobraziliense.com.br\/cbradar\/wp-content\/uploads\/2025\/12\/G-2025-12-10T222021.453-1024x576.png\" alt=\"A ilha do Nordeste onde o tempo desacelera e cada praia revela uma experi\u00eancia diferente\" class=\"wp-image-154187\" srcset=\"https:\/\/www.correiobraziliense.com.br\/cbradar\/wp-content\/uploads\/2025\/12\/G-2025-12-10T222021.453-1024x576.png 1024w, https:\/\/www.correiobraziliense.com.br\/cbradar\/wp-content\/uploads\/2025\/12\/G-2025-12-10T222021.453-300x169.png 300w, https:\/\/www.correiobraziliense.com.br\/cbradar\/wp-content\/uploads\/2025\/12\/G-2025-12-10T222021.453-768x432.png 768w, https:\/\/www.correiobraziliense.com.br\/cbradar\/wp-content\/uploads\/2025\/12\/G-2025-12-10T222021.453-750x422.png 750w, https:\/\/www.correiobraziliense.com.br\/cbradar\/wp-content\/uploads\/2025\/12\/G-2025-12-10T222021.453-1140x641.png 1140w, https:\/\/www.correiobraziliense.com.br\/cbradar\/wp-content\/uploads\/2025\/12\/G-2025-12-10T222021.453.png 1280w\" sizes=\"(max-width: 1024px) 100vw, 1024px\" \/><figcaption class=\"wp-element-caption\">Morro de S\u00e3o Paulo volta aos holofotes como um dos destinos mais procurados da Bahia, com alta ocupa\u00e7\u00e3o hoteleira anual. \/\/ Cr\u00e9ditos: Wikip\u00e9dia<\/figcaption><\/figure><\/div>\n\n\n<h2 class=\"wp-block-heading\">Como chegar \u00e0 ilha saindo de Salvador?<\/h2>\n\n\n\n<p>A forma mais popular \u00e9 o catamar\u00e3, que parte do <strong>Terminal Tur\u00edstico N\u00e1utico da Bahia<\/strong>, atr\u00e1s do <strong>Mercado Modelo<\/strong>, em <strong>Salvador<\/strong>. A travessia dura cerca de 2h30. Outra op\u00e7\u00e3o \u00e9 o trajeto semiterrestre: van at\u00e9 <strong>Valen\u00e7a<\/strong> (cerca de 4h por estrada) e lancha r\u00e1pida at\u00e9 Morro (15 minutos). H\u00e1 tamb\u00e9m voos para o <strong>Aeroporto Regional de Valen\u00e7a<\/strong>, a partir do qual a travessia de barco \u00e9 curta.<\/p>\n\n\n\n<p>Na ilha n\u00e3o circulam carros de turistas. Deslocamentos maiores s\u00e3o feitos de trator, quadriciclo ou barco-t\u00e1xi entre as praias.<\/p>\n\n\n\n<h2 class=\"wp-block-heading\">Tire os sapatos e fique mais um dia no Morro<\/h2>\n\n\n\n<p>Uma fortaleza de quase quatro s\u00e9culos vigiando a mesma ba\u00eda, cinco praias de mar calmo numeradas com a simplicidade de quem n\u00e3o precisa de nome pomposo e um vilarejo onde a bagagem chega em carrinho de m\u00e3o. Morro de S\u00e3o Paulo condensa hist\u00f3ria, natureza e vida noturna numa ilha sem asfalto.<\/p>\n\n\n\n<p>Voc\u00ea precisa atravessar a ba\u00eda, tirar os sapatos no p\u00eder e descobrir por que tanta gente troca o rel\u00f3gio pela t\u00e1bua das mar\u00e9s nessa ilha baiana.<\/p>\n","protected":false},"excerpt":{"rendered":"<p>Carros n\u00e3o entram em Morro de S\u00e3o Paulo. Quem chega de catamar\u00e3 ou lancha desembarca num vilarejo onde as ruas s\u00e3o de pedra, a bagagem viaja em carrinho de m\u00e3o e as praias s\u00e3o numeradas de 1 a 5. A vila, encravada na Ilha de Tinhar\u00e9, no munic\u00edpio de Cairu, guarda ru\u00ednas coloniais do s\u00e9culo [&hellip;]<\/p>\n","protected":false},"author":8,"featured_media":204911,"comment_status":"open","ping_status":"open","sticky":false,"template":"","format":"standard","meta":{"_yoast_wpseo_focuskw":"ilha do nordeste","_yoast_wpseo_title":"","_yoast_wpseo_metadesc":"Antigo ref\u00fagio de piratas, ilha do Nordeste com fortaleza de 1630 proibiu carros e preserva praias tranquilas e vida simples.","jnews-multi-image_gallery":[],"jnews_single_post":{"format":"standard"},"jnews_primary_category":[],"jnews_social_meta":[],"jnews_override_counter":[],"footnotes":""},"categories":[108,111],"tags":[15866,8670],"class_list":["post-204846","post","type-post","status-publish","format-standard","has-post-thumbnail","hentry","category-cidades","category-turismo","tag-morro-de-sao-paulo-2","tag-sao-paulo-2"],"yoast_head":"<!-- This site is optimized with the Yoast SEO plugin v24.6 - https:\/\/yoast.com\/wordpress\/plugins\/seo\/ -->\n<title>A ilha do Nordeste que foi ref\u00fagio de piratas, tem uma fortaleza de 1630 e proibiu carros ao oferecer vida simples e preservada - Correio Braziliense - Radar<\/title>\n<meta name=\"description\" content=\"Antigo ref\u00fagio de piratas, ilha do Nordeste com fortaleza de 1630 proibiu carros e preserva praias tranquilas e vida simples.\" \/>\n<meta name=\"robots\" content=\"index, follow, max-snippet:-1, max-image-preview:large, max-video-preview:-1\" \/>\n<link rel=\"canonical\" href=\"https:\/\/www.correiobraziliense.com.br\/cbradar\/a-ilha-do-nordeste-que-foi-refugio-de-piratas-tem-uma-fortaleza-de-1630-e-proibiu-carros-ao-oferecer-vida-simples-e-preservada\/\" \/>\n<meta property=\"og:locale\" content=\"pt_BR\" \/>\n<meta property=\"og:type\" content=\"article\" \/>\n<meta property=\"og:title\" content=\"A ilha do Nordeste que foi ref\u00fagio de piratas, tem uma fortaleza de 1630 e proibiu carros ao oferecer vida simples e preservada - Correio Braziliense - Radar\" \/>\n<meta property=\"og:description\" content=\"Antigo ref\u00fagio de piratas, ilha do Nordeste com fortaleza de 1630 proibiu carros e preserva praias tranquilas e vida simples.\" \/>\n<meta property=\"og:url\" content=\"https:\/\/www.correiobraziliense.com.br\/cbradar\/a-ilha-do-nordeste-que-foi-refugio-de-piratas-tem-uma-fortaleza-de-1630-e-proibiu-carros-ao-oferecer-vida-simples-e-preservada\/\" \/>\n<meta property=\"og:site_name\" content=\"Correio Braziliense - Radar\" \/>\n<meta property=\"article:published_time\" content=\"2026-03-08T13:25:00+00:00\" \/>\n<meta property=\"og:image\" content=\"https:\/\/www.correiobraziliense.com.br\/cbradar\/wp-content\/uploads\/2026\/03\/aaa-2026-03-07T202413.882.png\" \/>\n\t<meta property=\"og:image:width\" content=\"1280\" \/>\n\t<meta property=\"og:image:height\" content=\"720\" \/>\n\t<meta property=\"og:image:type\" content=\"image\/png\" \/>\n<meta name=\"author\" content=\"Maura Pereira\" \/>\n<meta name=\"twitter:card\" content=\"summary_large_image\" \/>\n<meta name=\"twitter:label1\" content=\"Escrito por\" \/>\n\t<meta name=\"twitter:data1\" content=\"Maura Pereira\" \/>\n\t<meta name=\"twitter:label2\" content=\"Est. tempo de leitura\" \/>\n\t<meta name=\"twitter:data2\" content=\"7 minutos\" \/>\n<!-- \/ Yoast SEO plugin. -->","yoast_head_json":{"title":"A ilha do Nordeste que foi ref\u00fagio de piratas, tem uma fortaleza de 1630 e proibiu carros ao oferecer vida simples e preservada - Correio Braziliense - Radar","description":"Antigo ref\u00fagio de piratas, ilha do Nordeste com fortaleza de 1630 proibiu carros e preserva praias tranquilas e vida simples.","robots":{"index":"index","follow":"follow","max-snippet":"max-snippet:-1","max-image-preview":"max-image-preview:large","max-video-preview":"max-video-preview:-1"},"canonical":"https:\/\/www.correiobraziliense.com.br\/cbradar\/a-ilha-do-nordeste-que-foi-refugio-de-piratas-tem-uma-fortaleza-de-1630-e-proibiu-carros-ao-oferecer-vida-simples-e-preservada\/","og_locale":"pt_BR","og_type":"article","og_title":"A ilha do Nordeste que foi ref\u00fagio de piratas, tem uma fortaleza de 1630 e proibiu carros ao oferecer vida simples e preservada - Correio Braziliense - Radar","og_description":"Antigo ref\u00fagio de piratas, ilha do Nordeste com fortaleza de 1630 proibiu carros e preserva praias tranquilas e vida simples.","og_url":"https:\/\/www.correiobraziliense.com.br\/cbradar\/a-ilha-do-nordeste-que-foi-refugio-de-piratas-tem-uma-fortaleza-de-1630-e-proibiu-carros-ao-oferecer-vida-simples-e-preservada\/","og_site_name":"Correio Braziliense - Radar","article_published_time":"2026-03-08T13:25:00+00:00","og_image":[{"width":1280,"height":720,"url":"https:\/\/www.correiobraziliense.com.br\/cbradar\/wp-content\/uploads\/2026\/03\/aaa-2026-03-07T202413.882.png","type":"image\/png"}],"author":"Maura Pereira","twitter_card":"summary_large_image","twitter_misc":{"Escrito por":"Maura Pereira","Est. tempo de leitura":"7 minutos"},"schema":{"@context":"https:\/\/schema.org","@graph":[{"@type":"WebPage","@id":"https:\/\/www.correiobraziliense.com.br\/cbradar\/a-ilha-do-nordeste-que-foi-refugio-de-piratas-tem-uma-fortaleza-de-1630-e-proibiu-carros-ao-oferecer-vida-simples-e-preservada\/","url":"https:\/\/www.correiobraziliense.com.br\/cbradar\/a-ilha-do-nordeste-que-foi-refugio-de-piratas-tem-uma-fortaleza-de-1630-e-proibiu-carros-ao-oferecer-vida-simples-e-preservada\/","name":"A ilha do Nordeste que foi ref\u00fagio de piratas, tem uma fortaleza de 1630 e proibiu carros ao oferecer vida simples e preservada - Correio Braziliense - Radar","isPartOf":{"@id":"https:\/\/www.correiobraziliense.com.br\/cbradar\/#website"},"primaryImageOfPage":{"@id":"https:\/\/www.correiobraziliense.com.br\/cbradar\/a-ilha-do-nordeste-que-foi-refugio-de-piratas-tem-uma-fortaleza-de-1630-e-proibiu-carros-ao-oferecer-vida-simples-e-preservada\/#primaryimage"},"image":{"@id":"https:\/\/www.correiobraziliense.com.br\/cbradar\/a-ilha-do-nordeste-que-foi-refugio-de-piratas-tem-uma-fortaleza-de-1630-e-proibiu-carros-ao-oferecer-vida-simples-e-preservada\/#primaryimage"},"thumbnailUrl":"https:\/\/www.correiobraziliense.com.br\/cbradar\/wp-content\/uploads\/2026\/03\/aaa-2026-03-07T202413.882.png","datePublished":"2026-03-08T13:25:00+00:00","author":{"@id":"https:\/\/www.correiobraziliense.com.br\/cbradar\/#\/schema\/person\/4053c651a9bfc785afc6f4cbc9032fd3"},"description":"Antigo ref\u00fagio de piratas, ilha do Nordeste com fortaleza de 1630 proibiu carros e preserva praias tranquilas e vida simples.","breadcrumb":{"@id":"https:\/\/www.correiobraziliense.com.br\/cbradar\/a-ilha-do-nordeste-que-foi-refugio-de-piratas-tem-uma-fortaleza-de-1630-e-proibiu-carros-ao-oferecer-vida-simples-e-preservada\/#breadcrumb"},"inLanguage":"pt-BR","potentialAction":[{"@type":"ReadAction","target":["https:\/\/www.correiobraziliense.com.br\/cbradar\/a-ilha-do-nordeste-que-foi-refugio-de-piratas-tem-uma-fortaleza-de-1630-e-proibiu-carros-ao-oferecer-vida-simples-e-preservada\/"]}]},{"@type":"ImageObject","inLanguage":"pt-BR","@id":"https:\/\/www.correiobraziliense.com.br\/cbradar\/a-ilha-do-nordeste-que-foi-refugio-de-piratas-tem-uma-fortaleza-de-1630-e-proibiu-carros-ao-oferecer-vida-simples-e-preservada\/#primaryimage","url":"https:\/\/www.correiobraziliense.com.br\/cbradar\/wp-content\/uploads\/2026\/03\/aaa-2026-03-07T202413.882.png","contentUrl":"https:\/\/www.correiobraziliense.com.br\/cbradar\/wp-content\/uploads\/2026\/03\/aaa-2026-03-07T202413.882.png","width":1280,"height":720,"caption":"A culin\u00e1ria de Morro de S\u00e3o Paulo mistura tradi\u00e7\u00e3o baiana com frutos do mar frescos. \/ Imagem ilustrativa"},{"@type":"BreadcrumbList","@id":"https:\/\/www.correiobraziliense.com.br\/cbradar\/a-ilha-do-nordeste-que-foi-refugio-de-piratas-tem-uma-fortaleza-de-1630-e-proibiu-carros-ao-oferecer-vida-simples-e-preservada\/#breadcrumb","itemListElement":[{"@type":"ListItem","position":1,"name":"In\u00edcio","item":"https:\/\/www.correiobraziliense.com.br\/cbradar\/"},{"@type":"ListItem","position":2,"name":"A ilha do Nordeste que foi ref\u00fagio de piratas, tem uma fortaleza de 1630 e proibiu carros ao oferecer vida simples e preservada"}]},{"@type":"WebSite","@id":"https:\/\/www.correiobraziliense.com.br\/cbradar\/#website","url":"https:\/\/www.correiobraziliense.com.br\/cbradar\/","name":"Correio Braziliense - Radar","description":"Acompanhe as \u00faltimas not\u00edcias e fique bem informado sobre tudo o que acontece no Brasil e no mundo.","potentialAction":[{"@type":"SearchAction","target":{"@type":"EntryPoint","urlTemplate":"https:\/\/www.correiobraziliense.com.br\/cbradar\/?s={search_term_string}"},"query-input":{"@type":"PropertyValueSpecification","valueRequired":true,"valueName":"search_term_string"}}],"inLanguage":"pt-BR"},{"@type":"Person","@id":"https:\/\/www.correiobraziliense.com.br\/cbradar\/#\/schema\/person\/4053c651a9bfc785afc6f4cbc9032fd3","name":"Maura Pereira","image":{"@type":"ImageObject","inLanguage":"pt-BR","@id":"https:\/\/www.correiobraziliense.com.br\/cbradar\/#\/schema\/person\/image\/","url":"https:\/\/secure.gravatar.com\/avatar\/3effd6bdadfa447f15089c7f7144eaa6?s=96&d=mm&r=g","contentUrl":"https:\/\/secure.gravatar.com\/avatar\/3effd6bdadfa447f15089c7f7144eaa6?s=96&d=mm&r=g","caption":"Maura Pereira"},"sameAs":["https:\/\/www.correiobraziliense.com.br\/"],"url":"https:\/\/www.correiobraziliense.com.br\/cbradar\/author\/mauramyth\/"}]}},"_links":{"self":[{"href":"https:\/\/www.correiobraziliense.com.br\/cbradar\/wp-json\/wp\/v2\/posts\/204846","targetHints":{"allow":["GET"]}}],"collection":[{"href":"https:\/\/www.correiobraziliense.com.br\/cbradar\/wp-json\/wp\/v2\/posts"}],"about":[{"href":"https:\/\/www.correiobraziliense.com.br\/cbradar\/wp-json\/wp\/v2\/types\/post"}],"author":[{"embeddable":true,"href":"https:\/\/www.correiobraziliense.com.br\/cbradar\/wp-json\/wp\/v2\/users\/8"}],"replies":[{"embeddable":true,"href":"https:\/\/www.correiobraziliense.com.br\/cbradar\/wp-json\/wp\/v2\/comments?post=204846"}],"version-history":[{"count":9,"href":"https:\/\/www.correiobraziliense.com.br\/cbradar\/wp-json\/wp\/v2\/posts\/204846\/revisions"}],"predecessor-version":[{"id":204910,"href":"https:\/\/www.correiobraziliense.com.br\/cbradar\/wp-json\/wp\/v2\/posts\/204846\/revisions\/204910"}],"wp:featuredmedia":[{"embeddable":true,"href":"https:\/\/www.correiobraziliense.com.br\/cbradar\/wp-json\/wp\/v2\/media\/204911"}],"wp:attachment":[{"href":"https:\/\/www.correiobraziliense.com.br\/cbradar\/wp-json\/wp\/v2\/media?parent=204846"}],"wp:term":[{"taxonomy":"category","embeddable":true,"href":"https:\/\/www.correiobraziliense.com.br\/cbradar\/wp-json\/wp\/v2\/categories?post=204846"},{"taxonomy":"post_tag","embeddable":true,"href":"https:\/\/www.correiobraziliense.com.br\/cbradar\/wp-json\/wp\/v2\/tags?post=204846"}],"curies":[{"name":"wp","href":"https:\/\/api.w.org\/{rel}","templated":true}]}}