{"id":20505,"date":"2025-04-08T13:30:00","date_gmt":"2025-04-08T16:30:00","guid":{"rendered":"https:\/\/www.correiobraziliense.com.br\/cbradar\/?p=20505"},"modified":"2025-04-07T17:31:15","modified_gmt":"2025-04-07T20:31:15","slug":"flores-para-plantar-em-abril-e-ter-um-jardim-vibrante","status":"publish","type":"post","link":"https:\/\/www.correiobraziliense.com.br\/cbradar\/flores-para-plantar-em-abril-e-ter-um-jardim-vibrante\/","title":{"rendered":"Flores para plantar em abril e ter um jardim vibrante"},"content":{"rendered":"\n<p>O m\u00eas de abril \u00e9 ideal para iniciar o plantio de flores que desabrochar\u00e3o nos meses mais quentes. As condi\u00e7\u00f5es clim\u00e1ticas desta \u00e9poca, com temperaturas amenas e solo \u00famido devido \u00e0s chuvas de outono, s\u00e3o perfeitas para o desenvolvimento de diversas esp\u00e9cies florais. Para aqueles que desejam um jardim colorido e perfumado durante o ver\u00e3o, \u00e9 essencial escolher as plantas certas para cultivar neste per\u00edodo.<\/p>\n\n\n\n<p>Selecionar as flores adequadas n\u00e3o s\u00f3 garante um jardim esteticamente agrad\u00e1vel, mas tamb\u00e9m contribui para a sa\u00fade das plantas, j\u00e1 que cada esp\u00e9cie possui suas pr\u00f3prias necessidades de luz, solo e \u00e1gua. A seguir, ser\u00e3o apresentadas tr\u00eas flores que, quando plantadas em abril, prometem encher o jardim de vida e cor durante o ver\u00e3o.<\/p>\n\n\n\n<h2 class=\"wp-block-heading\">Quais flores plantar em abril?<\/h2>\n\n\n\n<p>Escolher as flores certas para plantar em abril pode fazer toda a diferen\u00e7a no resultado final do seu jardim. Aqui est\u00e3o tr\u00eas op\u00e7\u00f5es que se destacam pela beleza e facilidade de cultivo.<\/p>\n\n\n\n<h2 class=\"wp-block-heading\">Rosa-chinesa: beleza cl\u00e1ssica e vibrante<\/h2>\n\n\n\n<p>A&nbsp;<strong>rosa-chinesa<\/strong>&nbsp;(Hibiscus rosa-sinensis) \u00e9 conhecida por suas flores grandes e chamativas, que variam em tons de vermelho, rosa e amarelo. Esta planta deve ser cultivada em solo f\u00e9rtil e bem drenado, em locais que recebam sol pleno ou meia-sombra. As regas devem ser regulares para garantir um crescimento saud\u00e1vel e uma flora\u00e7\u00e3o exuberante.<\/p>\n\n\n\n<figure class=\"wp-block-image size-large\"><img decoding=\"async\" width=\"1024\" height=\"576\" src=\"https:\/\/www.correiobraziliense.com.br\/cbradar\/wp-content\/uploads\/2025\/04\/jardim_1744045426045-1024x576.jpg\" alt=\"Flores para plantar em abril e ter um jardim vibrante\" class=\"wp-image-20507\" srcset=\"https:\/\/www.correiobraziliense.com.br\/cbradar\/wp-content\/uploads\/2025\/04\/jardim_1744045426045-1024x576.jpg 1024w, https:\/\/www.correiobraziliense.com.br\/cbradar\/wp-content\/uploads\/2025\/04\/jardim_1744045426045-300x169.jpg 300w, https:\/\/www.correiobraziliense.com.br\/cbradar\/wp-content\/uploads\/2025\/04\/jardim_1744045426045-768x432.jpg 768w, https:\/\/www.correiobraziliense.com.br\/cbradar\/wp-content\/uploads\/2025\/04\/jardim_1744045426045-750x422.jpg 750w, https:\/\/www.correiobraziliense.com.br\/cbradar\/wp-content\/uploads\/2025\/04\/jardim_1744045426045-1140x641.jpg 1140w, https:\/\/www.correiobraziliense.com.br\/cbradar\/wp-content\/uploads\/2025\/04\/jardim_1744045426045.jpg 1280w\" sizes=\"(max-width: 1024px) 100vw, 1024px\" \/><figcaption class=\"wp-element-caption\">Jardim. Cr\u00e9ditos: depositphotos.com \/ brebca<\/figcaption><\/figure>\n\n\n\n<h2 class=\"wp-block-heading\">Santa Rita: a trepadeira vers\u00e1til<\/h2>\n\n\n\n<p>Tamb\u00e9m chamada de&nbsp;<em>buganv\u00edlia<\/em>, a&nbsp;<strong>Santa Rita<\/strong>&nbsp;\u00e9 uma trepadeira popularmente utilizada em muros e p\u00e9rgolas. Suas folhas coloridas em tons de f\u00facsia, violeta e laranja s\u00e3o um espet\u00e1culo \u00e0 parte. Esta planta se propaga facilmente por estacas e prefere solos arenosos e bem drenados. Para um desenvolvimento vigoroso, \u00e9 necess\u00e1rio que receba luz solar direta e regas moderadas.<\/p>\n\n\n\n<h2 class=\"wp-block-heading\">Jasmim-do-campo: perfume inconfund\u00edvel<\/h2>\n\n\n\n<p>O&nbsp;<strong>jasmim-do-campo<\/strong>&nbsp;(Jasminum polyanthum) \u00e9 a escolha perfeita para quem aprecia plantas perfumadas. Suas pequenas flores brancas exalam um aroma inconfund\u00edvel e podem ser utilizadas para cobrir cercas, p\u00e9rgolas e at\u00e9 vasos. Esta esp\u00e9cie se multiplica por estacas e necessita de bastante sol. Durante o ver\u00e3o, deve ser regada com frequ\u00eancia para manter a flora\u00e7\u00e3o intensa.<\/p>\n\n\n\n<h2 class=\"wp-block-heading\">Dicas para um jardim saud\u00e1vel<\/h2>\n\n\n\n<p>Para garantir que o jardim flores\u00e7a com sucesso, \u00e9 importante seguir algumas dicas b\u00e1sicas de jardinagem:<\/p>\n\n\n\n<ul class=\"wp-block-list\">\n<li>Escolha um local que receba a quantidade adequada de luz solar para cada esp\u00e9cie.<\/li>\n\n\n\n<li>Prepare o solo, garantindo que esteja bem drenado e rico em nutrientes.<\/li>\n\n\n\n<li>Realize regas regulares, mas evite encharcar o solo.<\/li>\n\n\n\n<li>Monitore as plantas regularmente para identificar e tratar pragas ou doen\u00e7as.<\/li>\n<\/ul>\n\n\n\n<p>Com essas pr\u00e1ticas, o jardim estar\u00e1 preparado para proporcionar um espet\u00e1culo de cores e aromas durante todo o ver\u00e3o.<\/p>\n","protected":false},"excerpt":{"rendered":"<p>Aprenda a cultivar um jardim vibrante no ver\u00e3o com as flores certas e dicas de plantio e cuidado.<\/p>\n","protected":false},"author":3,"featured_media":20506,"comment_status":"open","ping_status":"open","sticky":false,"template":"","format":"standard","meta":{"_yoast_wpseo_focuskw":"plantas jardim abril","_yoast_wpseo_title":"%%title%%","_yoast_wpseo_metadesc":"Aprenda a cultivar um jardim vibrante no ver\u00e3o com as flores certas e dicas de plantio e cuidado.","jnews-multi-image_gallery":[],"jnews_single_post":{"format":"standard"},"jnews_primary_category":[],"jnews_social_meta":[],"jnews_override_counter":[],"footnotes":""},"categories":[136],"post_tag":[2099,223,733],"class_list":["post-20505","post","type-post","status-publish","format-standard","has-post-thumbnail","hentry","category-jardinagem","tag-abril","tag-flores","tag-jardim"],"yoast_head":"<!-- This site is optimized with the Yoast SEO plugin v24.6 - https:\/\/yoast.com\/wordpress\/plugins\/seo\/ -->\n<title>Flores para plantar em abril e ter um jardim vibrante<\/title>\n<meta name=\"description\" content=\"Aprenda a cultivar um jardim vibrante no ver\u00e3o com as flores certas e dicas de plantio e cuidado.\" \/>\n<meta name=\"robots\" content=\"index, follow, max-snippet:-1, max-image-preview:large, max-video-preview:-1\" \/>\n<link rel=\"canonical\" href=\"https:\/\/www.correiobraziliense.com.br\/cbradar\/flores-para-plantar-em-abril-e-ter-um-jardim-vibrante\/\" \/>\n<meta property=\"og:locale\" content=\"pt_BR\" \/>\n<meta property=\"og:type\" content=\"article\" \/>\n<meta property=\"og:title\" content=\"Flores para plantar em abril e ter um jardim vibrante\" \/>\n<meta property=\"og:description\" content=\"Aprenda a cultivar um jardim vibrante no ver\u00e3o com as flores certas e dicas de plantio e cuidado.\" \/>\n<meta property=\"og:url\" content=\"https:\/\/www.correiobraziliense.com.br\/cbradar\/flores-para-plantar-em-abril-e-ter-um-jardim-vibrante\/\" \/>\n<meta property=\"og:site_name\" content=\"Correio Braziliense - Radar\" \/>\n<meta property=\"article:published_time\" content=\"2025-04-08T16:30:00+00:00\" \/>\n<meta property=\"og:image\" content=\"https:\/\/www.correiobraziliense.com.br\/cbradar\/wp-content\/uploads\/2025\/04\/jardim_1744045398081.jpg\" \/>\n\t<meta property=\"og:image:width\" content=\"1280\" \/>\n\t<meta property=\"og:image:height\" content=\"720\" \/>\n\t<meta property=\"og:image:type\" content=\"image\/jpeg\" \/>\n<meta name=\"author\" content=\"Larissa Carvalho\" \/>\n<meta name=\"twitter:card\" content=\"summary_large_image\" \/>\n<meta name=\"twitter:label1\" content=\"Escrito por\" \/>\n\t<meta name=\"twitter:data1\" content=\"Larissa Carvalho\" \/>\n\t<meta name=\"twitter:label2\" content=\"Est. tempo de leitura\" \/>\n\t<meta name=\"twitter:data2\" content=\"3 minutos\" \/>\n<!-- \/ Yoast SEO plugin. -->","yoast_head_json":{"title":"Flores para plantar em abril e ter um jardim vibrante","description":"Aprenda a cultivar um jardim vibrante no ver\u00e3o com as flores certas e dicas de plantio e cuidado.","robots":{"index":"index","follow":"follow","max-snippet":"max-snippet:-1","max-image-preview":"max-image-preview:large","max-video-preview":"max-video-preview:-1"},"canonical":"https:\/\/www.correiobraziliense.com.br\/cbradar\/flores-para-plantar-em-abril-e-ter-um-jardim-vibrante\/","og_locale":"pt_BR","og_type":"article","og_title":"Flores para plantar em abril e ter um jardim vibrante","og_description":"Aprenda a cultivar um jardim vibrante no ver\u00e3o com as flores certas e dicas de plantio e cuidado.","og_url":"https:\/\/www.correiobraziliense.com.br\/cbradar\/flores-para-plantar-em-abril-e-ter-um-jardim-vibrante\/","og_site_name":"Correio Braziliense - Radar","article_published_time":"2025-04-08T16:30:00+00:00","og_image":[{"width":1280,"height":720,"url":"https:\/\/www.correiobraziliense.com.br\/cbradar\/wp-content\/uploads\/2025\/04\/jardim_1744045398081.jpg","type":"image\/jpeg"}],"author":"Larissa Carvalho","twitter_card":"summary_large_image","twitter_misc":{"Escrito por":"Larissa Carvalho","Est. tempo de leitura":"3 minutos"},"schema":{"@context":"https:\/\/schema.org","@graph":[{"@type":"WebPage","@id":"https:\/\/www.correiobraziliense.com.br\/cbradar\/flores-para-plantar-em-abril-e-ter-um-jardim-vibrante\/","url":"https:\/\/www.correiobraziliense.com.br\/cbradar\/flores-para-plantar-em-abril-e-ter-um-jardim-vibrante\/","name":"Flores para plantar em abril e ter um jardim vibrante","isPartOf":{"@id":"https:\/\/www.correiobraziliense.com.br\/cbradar\/#website"},"primaryImageOfPage":{"@id":"https:\/\/www.correiobraziliense.com.br\/cbradar\/flores-para-plantar-em-abril-e-ter-um-jardim-vibrante\/#primaryimage"},"image":{"@id":"https:\/\/www.correiobraziliense.com.br\/cbradar\/flores-para-plantar-em-abril-e-ter-um-jardim-vibrante\/#primaryimage"},"thumbnailUrl":"https:\/\/www.correiobraziliense.com.br\/cbradar\/wp-content\/uploads\/2025\/04\/jardim_1744045398081.jpg","datePublished":"2025-04-08T16:30:00+00:00","author":{"@id":"https:\/\/www.correiobraziliense.com.br\/cbradar\/#\/schema\/person\/58422787644df994b53a19d3e56c1513"},"description":"Aprenda a cultivar um jardim vibrante no ver\u00e3o com as flores certas e dicas de plantio e cuidado.","breadcrumb":{"@id":"https:\/\/www.correiobraziliense.com.br\/cbradar\/flores-para-plantar-em-abril-e-ter-um-jardim-vibrante\/#breadcrumb"},"inLanguage":"pt-BR","potentialAction":[{"@type":"ReadAction","target":["https:\/\/www.correiobraziliense.com.br\/cbradar\/flores-para-plantar-em-abril-e-ter-um-jardim-vibrante\/"]}]},{"@type":"ImageObject","inLanguage":"pt-BR","@id":"https:\/\/www.correiobraziliense.com.br\/cbradar\/flores-para-plantar-em-abril-e-ter-um-jardim-vibrante\/#primaryimage","url":"https:\/\/www.correiobraziliense.com.br\/cbradar\/wp-content\/uploads\/2025\/04\/jardim_1744045398081.jpg","contentUrl":"https:\/\/www.correiobraziliense.com.br\/cbradar\/wp-content\/uploads\/2025\/04\/jardim_1744045398081.jpg","width":1280,"height":720,"caption":"Jardim. Cr\u00e9ditos: depositphotos.com \/ dvoevnore"},{"@type":"BreadcrumbList","@id":"https:\/\/www.correiobraziliense.com.br\/cbradar\/flores-para-plantar-em-abril-e-ter-um-jardim-vibrante\/#breadcrumb","itemListElement":[{"@type":"ListItem","position":1,"name":"In\u00edcio","item":"https:\/\/www.correiobraziliense.com.br\/cbradar\/"},{"@type":"ListItem","position":2,"name":"Flores para plantar em abril e ter um jardim vibrante"}]},{"@type":"WebSite","@id":"https:\/\/www.correiobraziliense.com.br\/cbradar\/#website","url":"https:\/\/www.correiobraziliense.com.br\/cbradar\/","name":"Correio Braziliense - Radar","description":"Acompanhe as \u00faltimas not\u00edcias e fique bem informado sobre tudo o que acontece no Brasil e no mundo.","potentialAction":[{"@type":"SearchAction","target":{"@type":"EntryPoint","urlTemplate":"https:\/\/www.correiobraziliense.com.br\/cbradar\/?s={search_term_string}"},"query-input":{"@type":"PropertyValueSpecification","valueRequired":true,"valueName":"search_term_string"}}],"inLanguage":"pt-BR"},{"@type":"Person","@id":"https:\/\/www.correiobraziliense.com.br\/cbradar\/#\/schema\/person\/58422787644df994b53a19d3e56c1513","name":"Larissa Carvalho","image":{"@type":"ImageObject","inLanguage":"pt-BR","@id":"https:\/\/www.correiobraziliense.com.br\/cbradar\/#\/schema\/person\/image\/","url":"https:\/\/secure.gravatar.com\/avatar\/fe4f91a0de32b52a838d0d612abdc1aa?s=96&d=mm&r=g","contentUrl":"https:\/\/secure.gravatar.com\/avatar\/fe4f91a0de32b52a838d0d612abdc1aa?s=96&d=mm&r=g","caption":"Larissa Carvalho"},"url":"https:\/\/www.correiobraziliense.com.br\/cbradar\/author\/larissamyth\/"}]}},"_links":{"self":[{"href":"https:\/\/www.correiobraziliense.com.br\/cbradar\/wp-json\/wp\/v2\/posts\/20505","targetHints":{"allow":["GET"]}}],"collection":[{"href":"https:\/\/www.correiobraziliense.com.br\/cbradar\/wp-json\/wp\/v2\/posts"}],"about":[{"href":"https:\/\/www.correiobraziliense.com.br\/cbradar\/wp-json\/wp\/v2\/types\/post"}],"author":[{"embeddable":true,"href":"https:\/\/www.correiobraziliense.com.br\/cbradar\/wp-json\/wp\/v2\/users\/3"}],"replies":[{"embeddable":true,"href":"https:\/\/www.correiobraziliense.com.br\/cbradar\/wp-json\/wp\/v2\/comments?post=20505"}],"version-history":[{"count":1,"href":"https:\/\/www.correiobraziliense.com.br\/cbradar\/wp-json\/wp\/v2\/posts\/20505\/revisions"}],"predecessor-version":[{"id":20509,"href":"https:\/\/www.correiobraziliense.com.br\/cbradar\/wp-json\/wp\/v2\/posts\/20505\/revisions\/20509"}],"wp:featuredmedia":[{"embeddable":true,"href":"https:\/\/www.correiobraziliense.com.br\/cbradar\/wp-json\/wp\/v2\/media\/20506"}],"wp:attachment":[{"href":"https:\/\/www.correiobraziliense.com.br\/cbradar\/wp-json\/wp\/v2\/media?parent=20505"}],"wp:term":[{"taxonomy":"category","embeddable":true,"href":"https:\/\/www.correiobraziliense.com.br\/cbradar\/wp-json\/wp\/v2\/categories?post=20505"},{"taxonomy":"post_tag","embeddable":true,"href":"https:\/\/www.correiobraziliense.com.br\/cbradar\/wp-json\/wp\/v2\/post_tag?post=20505"}],"curies":[{"name":"wp","href":"https:\/\/api.w.org\/{rel}","templated":true}]}}