{"id":205065,"date":"2026-03-10T11:35:00","date_gmt":"2026-03-10T14:35:00","guid":{"rendered":"https:\/\/www.correiobraziliense.com.br\/cbradar\/?p=205065"},"modified":"2026-03-08T13:50:00","modified_gmt":"2026-03-08T16:50:00","slug":"os-morangos-podem-durar-ate-10-dias-sem-estragar-se-voce-armazena-los-dessa-maneira-na-geladeira","status":"publish","type":"post","link":"https:\/\/www.correiobraziliense.com.br\/cbradar\/os-morangos-podem-durar-ate-10-dias-sem-estragar-se-voce-armazena-los-dessa-maneira-na-geladeira\/","title":{"rendered":"Os morangos podem durar at\u00e9 10 dias sem estragar se voc\u00ea armazen\u00e1-los dessa maneira na geladeira"},"content":{"rendered":"\n<p>Morangos s\u00e3o frutas extremamente delicadas que estragam rapidamente devido ao alto teor de umidade e pele sens\u00edvel. No entanto, aplicar t\u00e9cnicas corretas de conserva\u00e7\u00e3o prolonga sua frescura por at\u00e9 dez dias dentro da geladeira dom\u00e9stica comum. Aprender a manipular essas bagas evita o desperd\u00edcio frequente e garante lanches saud\u00e1veis por muito mais tempo.<\/p>\n\n\n\n<h2 class=\"wp-block-heading\">Como a umidade afeta a durabilidade das frutas?<\/h2>\n\n\n\n<p>Para garantir que os morangos permane\u00e7am firmes por mais tempo, \u00e9 vital entender que a <strong>\u00e1gua \u00e9 a maior inimiga<\/strong> da conserva\u00e7\u00e3o inicial. Lavar as <strong><a href=\"https:\/\/www.correiobraziliense.com.br\/cbradar\/a-fruta-cremosa-rica-em-gorduras-boas-que-pode-ajudar-o-coracao-e-aumentar-a-saciedade\/\" target=\"_blank\" rel=\"noreferrer noopener\">frutas <\/a><\/strong>logo ap\u00f3s a compra acelera o processo de oxida\u00e7\u00e3o e favorece o surgimento de fungos indesejados nas partes sens\u00edveis. O ideal \u00e9 realizar a higieniza\u00e7\u00e3o apenas no momento exato do consumo imediato.<\/p>\n\n\n\n<p>Manter a polpa seca impede que a umidade residual penetre nas fibras, preservando a textura suculenta e o sabor adocicado caracter\u00edstico da esp\u00e9cie. O armazenamento deve ser feito em recipientes que permitam a circula\u00e7\u00e3o de ar, evitando o abafamento que estraga o alimento rapidamente. Frutas secas duram muito mais quando protegidas do contato direto com superf\u00edcies molhadas.<\/p>\n\n\n\n<figure class=\"wp-block-image size-full\"><img decoding=\"async\" width=\"1280\" height=\"720\" src=\"https:\/\/www.correiobraziliense.com.br\/cbradar\/wp-content\/uploads\/2026\/03\/Gemini_Generated_Image_k4ykbxk4ykbxk4yk-1-1.png\" alt=\"Os morangos podem durar at\u00e9 10 dias sem estragar se voc\u00ea armazen\u00e1-los dessa maneira na geladeira\" class=\"wp-image-205068\" srcset=\"https:\/\/www.correiobraziliense.com.br\/cbradar\/wp-content\/uploads\/2026\/03\/Gemini_Generated_Image_k4ykbxk4ykbxk4yk-1-1.png 1280w, https:\/\/www.correiobraziliense.com.br\/cbradar\/wp-content\/uploads\/2026\/03\/Gemini_Generated_Image_k4ykbxk4ykbxk4yk-1-1-300x169.png 300w, https:\/\/www.correiobraziliense.com.br\/cbradar\/wp-content\/uploads\/2026\/03\/Gemini_Generated_Image_k4ykbxk4ykbxk4yk-1-1-768x432.png 768w, https:\/\/www.correiobraziliense.com.br\/cbradar\/wp-content\/uploads\/2026\/03\/Gemini_Generated_Image_k4ykbxk4ykbxk4yk-1-1-750x422.png 750w, https:\/\/www.correiobraziliense.com.br\/cbradar\/wp-content\/uploads\/2026\/03\/Gemini_Generated_Image_k4ykbxk4ykbxk4yk-1-1-1140x641.png 1140w\" sizes=\"(max-width: 1280px) 100vw, 1280px\" \/><figcaption class=\"wp-element-caption\">O m\u00e9todo simples que ajuda a conservar morangos frescos por mais tempo dentro da geladeira dom\u00e9stica<\/figcaption><\/figure>\n\n\n\n<h2 class=\"wp-block-heading\">Qual a melhor t\u00e9cnica para higienizar com vinagre?<\/h2>\n\n\n\n<p>Uma solu\u00e7\u00e3o eficaz envolve o uso de <strong>vinagre branco<\/strong> dilu\u00eddo em \u00e1gua gelada para eliminar esporos de mofo invis\u00edveis a olho nu. Essa mistura \u00e1cida atua como um conservante natural potente, removendo impurezas sem alterar o sabor original da fruta quando feita corretamente. Mergulhar as bagas rapidamente garante uma limpeza profunda e segura para toda a sua fam\u00edlia.<\/p>\n\n\n\n<p>Ap\u00f3s o banho de vinagre, \u00e9 fundamental secar cada unidade individualmente com papel toalha ou um secador de saladas manual bem suave. Qualquer gota de \u00e1gua que sobrar nos v\u00e3os das sementes pode comprometer todo o lote guardado na geladeira. A <strong>paci\u00eancia durante esta etapa<\/strong> de secagem \u00e9 o segredo dos grandes chefs para evitar desperd\u00edcios desnecess\u00e1rios no dia a dia.<\/p>\n\n\n\n<h2 class=\"wp-block-heading\">Como organizar o recipiente de armazenamento perfeito?<\/h2>\n\n\n\n<p>O segredo para alcan\u00e7ar a marca de dez dias reside na montagem estrat\u00e9gica das camadas dentro de um <strong>pote de vidro herm\u00e9tico<\/strong>. O vidro mant\u00e9m a temperatura constante e impede a entrada de odores externos que podem contaminar o frescor natural da fruta. Forrar o fundo com papel absorvente ajuda a captar qualquer umidade m\u00ednima que surja internamente.<\/p>\n\n\n\n<p>Para garantir que cada morango mantenha sua integridade f\u00edsica e evitar o surgimento de pontos escuros, siga rigorosamente estes passos fundamentais de organiza\u00e7\u00e3o:<\/p>\n\n\n\n<div class=\"google-auto-ads-ignore\" style=\"box-sizing: border-box; display: flex; flex-direction: column; width: 100%; max-width: 800px; margin: 30px auto; background-color: #f0faff; color: #1a222c; border-radius: 12px; overflow: hidden; font-family: 'Segoe UI', Roboto, sans-serif; box-shadow: 0 4px 15px rgba(0,0,0,0.1); border: 1px solid rgba(0,0,0,0.05); position: relative; z-index: 5;\">\n\n  <div style=\"background-color: #ffffff; padding: 25px; border-bottom: 3px solid #1890ff; text-align: center;\">\n    <h2 style=\"margin: 0; color: #003a8c; font-size: 1.5rem;\">\ud83c\udf53 Guia pr\u00e1tico de conserva\u00e7\u00e3o de frutas<\/h2>\n    <div style=\"font-size: 0.95rem; margin-top: 8px; opacity: 0.9; color: #595959;\">Passo a passo para manter o frescor e evitar o desperd\u00edcio<\/div>\n  <\/div>\n\n  <div style=\"padding: 25px; display: flex; flex-wrap: wrap; gap: 20px;\">\n    \n    <div style=\"flex: 1 1 300px; background-color: #ffffff; border-radius: 8px; padding: 20px; border: 1px solid rgba(0,0,0,0.05); box-shadow: 0 2px 5px rgba(0,0,0,0.02);\">\n      <h3 style=\"margin: 0 0 15px 0; color: #1890ff; font-size: 1.1rem; font-weight: bold; border-bottom: 1px solid rgba(0,0,0,0.1); padding-bottom: 8px;\">\n        \ud83e\uddfc Higiene e prepara\u00e7\u00e3o\n      <\/h3>\n      \n      <div style=\"margin-bottom: 12px;\">\n        <strong style=\"display: block; font-size: 0.85rem; opacity: 0.8; margin-bottom: 4px;\">Escolha um pote de vidro limpo e seco<\/strong>\n        <div style=\"font-size: 1rem; font-weight: 500;\">O vidro \u00e9 o material ideal para evitar a prolifera\u00e7\u00e3o de micro-organismos.<\/div>\n      <\/div>\n\n      <div style=\"margin-bottom: 0;\">\n        <strong style=\"display: block; font-size: 0.85rem; opacity: 0.8; margin-bottom: 4px;\">Coloque papel toalha no fundo do recipiente<\/strong>\n        <div style=\"font-size: 1rem; font-weight: 500;\">O papel ajuda a absorver o excesso de umidade, retardando o apodrecimento.<\/div>\n      <\/div>\n    <\/div>\n\n    <div style=\"flex: 1 1 300px; background-color: #ffffff; border-radius: 8px; padding: 20px; border: 1px solid rgba(0,0,0,0.05); box-shadow: 0 2px 5px rgba(0,0,0,0.02);\">\n      <h3 style=\"margin: 0 0 15px 0; color: #1890ff; font-size: 1.1rem; font-weight: bold; border-bottom: 1px solid rgba(0,0,0,0.1); padding-bottom: 8px;\">\n        \ud83e\uddfa Organiza\u00e7\u00e3o e cuidado\n      <\/h3>\n      \n      <div style=\"margin-bottom: 12px;\">\n        <strong style=\"display: block; font-size: 0.85rem; opacity: 0.8; margin-bottom: 4px;\">Acomode as frutas sem apertar uma contra a outra<\/strong>\n        <div style=\"font-size: 1rem; font-weight: 500;\">Evitar o contato excessivo impede que pequenas les\u00f5es se espalhem no lote.<\/div>\n      <\/div>\n\n      <div style=\"margin-bottom: 12px;\">\n        <strong style=\"display: block; font-size: 0.85rem; opacity: 0.8; margin-bottom: 4px;\">Mantenha os talinhos verdes intactos at\u00e9 o consumo<\/strong>\n        <div style=\"font-size: 1rem; font-weight: 500;\">Remover o talo acelera a oxida\u00e7\u00e3o e a entrada de fungos na polpa.<\/div>\n      <\/div>\n\n      <div style=\"margin-bottom: 0;\">\n        <strong style=\"display: block; font-size: 0.85rem; opacity: 0.8; margin-bottom: 4px;\">Tampe sem vedar totalmente para permitir trocas gasosas<\/strong>\n        <div style=\"font-size: 1rem; font-weight: 500;\">Uma leve ventila\u00e7\u00e3o evita o ac\u00famulo de gases que aceleram a matura\u00e7\u00e3o.<\/div>\n      <\/div>\n    <\/div>\n\n  <\/div>\n<\/div>\n\n\n\n<h2 class=\"wp-block-heading\">Por que manter os talinhos verdes \u00e9 crucial?<\/h2>\n\n\n\n<p>Remover a parte verde do topo abre uma porta de entrada para microrganismos que aceleram a decomposi\u00e7\u00e3o interna do fruto maduro. As folhas atuam como uma barreira natural de prote\u00e7\u00e3o, mantendo a umidade interna equilibrada por per\u00edodos mais longos na refrigera\u00e7\u00e3o. Somente retire a coroa no instante em que for saborear a fruta para garantir m\u00e1xima sucul\u00eancia.<\/p>\n\n\n\n<p>Al\u00e9m da prote\u00e7\u00e3o biol\u00f3gica, os <strong>talinhos verdes<\/strong> indicam o n\u00edvel de frescura atual do produto comprado na feira ou no supermercado local. Se as folhas estiverem murchas ou escuras, o processo de degrada\u00e7\u00e3o j\u00e1 come\u00e7ou e a durabilidade ser\u00e1 reduzida drasticamente. Escolher exemplares com coroas firmes \u00e9 essencial para obter o sucesso desejado no armazenamento prolongado da fruta.<\/p>\n\n\n\n<figure class=\"wp-block-image size-full\"><img decoding=\"async\" width=\"1280\" height=\"720\" src=\"https:\/\/www.correiobraziliense.com.br\/cbradar\/wp-content\/uploads\/2026\/03\/Gemini_Generated_Image_phtuhyphtuhyphtu-1-1.png\" alt=\"Os morangos podem durar at\u00e9 10 dias sem estragar se voc\u00ea armazen\u00e1-los dessa maneira na geladeira\" class=\"wp-image-205072\" srcset=\"https:\/\/www.correiobraziliense.com.br\/cbradar\/wp-content\/uploads\/2026\/03\/Gemini_Generated_Image_phtuhyphtuhyphtu-1-1.png 1280w, https:\/\/www.correiobraziliense.com.br\/cbradar\/wp-content\/uploads\/2026\/03\/Gemini_Generated_Image_phtuhyphtuhyphtu-1-1-300x169.png 300w, https:\/\/www.correiobraziliense.com.br\/cbradar\/wp-content\/uploads\/2026\/03\/Gemini_Generated_Image_phtuhyphtuhyphtu-1-1-768x432.png 768w, https:\/\/www.correiobraziliense.com.br\/cbradar\/wp-content\/uploads\/2026\/03\/Gemini_Generated_Image_phtuhyphtuhyphtu-1-1-750x422.png 750w, https:\/\/www.correiobraziliense.com.br\/cbradar\/wp-content\/uploads\/2026\/03\/Gemini_Generated_Image_phtuhyphtuhyphtu-1-1-1140x641.png 1140w\" sizes=\"(max-width: 1280px) 100vw, 1280px\" \/><figcaption class=\"wp-element-caption\">O m\u00e9todo simples que ajuda a conservar morangos frescos por mais tempo dentro da geladeira dom\u00e9stica<\/figcaption><\/figure>\n\n\n\n<h2 class=\"wp-block-heading\">O que garante o frescor nas prateleiras geladas?<\/h2>\n\n\n\n<p>A <strong>prateleira central<\/strong> costuma ser o local com a temperatura mais est\u00e1vel e adequada para conservar itens frescos e sens\u00edveis ao gelo excessivo. Evite as gavetas inferiores, onde a umidade costuma ser mais elevada, favorecendo o apodrecimento precoce das camadas de baixo do pote. O controle t\u00e9rmico \u00e9 o aliado principal para manter a qualidade nutricional intacta por dias.<\/p>\n\n\n\n<p>Seguir as recomenda\u00e7\u00f5es da <strong>Embrapa<\/strong> sobre o manuseio p\u00f3s-colheita garante que os alimentos cheguem \u00e0 mesa com seguran\u00e7a e alto valor vitam\u00ednico preservado. Voc\u00ea pode conferir os guias t\u00e9cnicos de conserva\u00e7\u00e3o de alimentos diretamente no portal oficial da <strong><a target=\"_blank\" rel=\"noreferrer noopener\" href=\"https:\/\/www.embrapa.br\/tema-perdas-e-desperdicio-de-alimentos\/perguntas-e-respostas\">Embrapa<\/a><\/strong>. Aplicar ci\u00eancia na cozinha dom\u00e9stica transforma sua rotina e economiza recursos valiosos ao longo de todo o m\u00eas corrido.<\/p>\n","protected":false},"excerpt":{"rendered":"<p>Morangos s\u00e3o frutas extremamente delicadas que estragam rapidamente devido ao alto teor de umidade e pele sens\u00edvel. No entanto, aplicar t\u00e9cnicas corretas de conserva\u00e7\u00e3o prolonga sua frescura por at\u00e9 dez dias dentro da geladeira dom\u00e9stica comum. Aprender a manipular essas bagas evita o desperd\u00edcio frequente e garante lanches saud\u00e1veis por muito mais tempo. Como a [&hellip;]<\/p>\n","protected":false},"author":21,"featured_media":205066,"comment_status":"open","ping_status":"open","sticky":false,"template":"","format":"standard","meta":{"_yoast_wpseo_focuskw":"como conservar morangos por mais tempo","_yoast_wpseo_title":"","_yoast_wpseo_metadesc":"Um detalhe simples no armazenamento pode manter morangos frescos por muito mais tempo na geladeira e evitar que estraguem","jnews-multi-image_gallery":[],"jnews_single_post":{"format":"standard"},"jnews_primary_category":[],"jnews_social_meta":[],"jnews_override_counter":[],"footnotes":""},"categories":[112],"tags":[735,1016,874],"class_list":["post-205065","post","type-post","status-publish","format-standard","has-post-thumbnail","hentry","category-curiosidades","tag-frutas","tag-geladeira","tag-morangos"],"yoast_head":"<!-- This site is optimized with the Yoast SEO plugin v24.6 - https:\/\/yoast.com\/wordpress\/plugins\/seo\/ -->\n<title>Os morangos podem durar at\u00e9 10 dias sem estragar se voc\u00ea armazen\u00e1-los dessa maneira na geladeira - Correio Braziliense - Radar<\/title>\n<meta name=\"description\" content=\"Um detalhe simples no armazenamento pode manter morangos frescos por muito mais tempo na geladeira e evitar que estraguem\" \/>\n<meta name=\"robots\" content=\"index, follow, max-snippet:-1, max-image-preview:large, max-video-preview:-1\" \/>\n<link rel=\"canonical\" href=\"https:\/\/www.correiobraziliense.com.br\/cbradar\/os-morangos-podem-durar-ate-10-dias-sem-estragar-se-voce-armazena-los-dessa-maneira-na-geladeira\/\" \/>\n<meta property=\"og:locale\" content=\"pt_BR\" \/>\n<meta property=\"og:type\" content=\"article\" \/>\n<meta property=\"og:title\" content=\"Os morangos podem durar at\u00e9 10 dias sem estragar se voc\u00ea armazen\u00e1-los dessa maneira na geladeira - Correio Braziliense - Radar\" \/>\n<meta property=\"og:description\" content=\"Um detalhe simples no armazenamento pode manter morangos frescos por muito mais tempo na geladeira e evitar que estraguem\" \/>\n<meta property=\"og:url\" content=\"https:\/\/www.correiobraziliense.com.br\/cbradar\/os-morangos-podem-durar-ate-10-dias-sem-estragar-se-voce-armazena-los-dessa-maneira-na-geladeira\/\" \/>\n<meta property=\"og:site_name\" content=\"Correio Braziliense - Radar\" \/>\n<meta property=\"article:published_time\" content=\"2026-03-10T14:35:00+00:00\" \/>\n<meta property=\"og:image\" content=\"https:\/\/www.correiobraziliense.com.br\/cbradar\/wp-content\/uploads\/2026\/03\/Gemini_Generated_Image_5hr6pv5hr6pv5hr6-1-1.png\" \/>\n\t<meta property=\"og:image:width\" content=\"1280\" \/>\n\t<meta property=\"og:image:height\" content=\"720\" \/>\n\t<meta property=\"og:image:type\" content=\"image\/png\" \/>\n<meta name=\"author\" content=\"Patrick Silva\" \/>\n<meta name=\"twitter:card\" content=\"summary_large_image\" \/>\n<meta name=\"twitter:label1\" content=\"Escrito por\" \/>\n\t<meta name=\"twitter:data1\" content=\"Patrick Silva\" \/>\n\t<meta name=\"twitter:label2\" content=\"Est. tempo de leitura\" \/>\n\t<meta name=\"twitter:data2\" content=\"6 minutos\" \/>\n<!-- \/ Yoast SEO plugin. -->","yoast_head_json":{"title":"Os morangos podem durar at\u00e9 10 dias sem estragar se voc\u00ea armazen\u00e1-los dessa maneira na geladeira - Correio Braziliense - Radar","description":"Um detalhe simples no armazenamento pode manter morangos frescos por muito mais tempo na geladeira e evitar que estraguem","robots":{"index":"index","follow":"follow","max-snippet":"max-snippet:-1","max-image-preview":"max-image-preview:large","max-video-preview":"max-video-preview:-1"},"canonical":"https:\/\/www.correiobraziliense.com.br\/cbradar\/os-morangos-podem-durar-ate-10-dias-sem-estragar-se-voce-armazena-los-dessa-maneira-na-geladeira\/","og_locale":"pt_BR","og_type":"article","og_title":"Os morangos podem durar at\u00e9 10 dias sem estragar se voc\u00ea armazen\u00e1-los dessa maneira na geladeira - Correio Braziliense - Radar","og_description":"Um detalhe simples no armazenamento pode manter morangos frescos por muito mais tempo na geladeira e evitar que estraguem","og_url":"https:\/\/www.correiobraziliense.com.br\/cbradar\/os-morangos-podem-durar-ate-10-dias-sem-estragar-se-voce-armazena-los-dessa-maneira-na-geladeira\/","og_site_name":"Correio Braziliense - Radar","article_published_time":"2026-03-10T14:35:00+00:00","og_image":[{"width":1280,"height":720,"url":"https:\/\/www.correiobraziliense.com.br\/cbradar\/wp-content\/uploads\/2026\/03\/Gemini_Generated_Image_5hr6pv5hr6pv5hr6-1-1.png","type":"image\/png"}],"author":"Patrick Silva","twitter_card":"summary_large_image","twitter_misc":{"Escrito por":"Patrick Silva","Est. tempo de leitura":"6 minutos"},"schema":{"@context":"https:\/\/schema.org","@graph":[{"@type":"WebPage","@id":"https:\/\/www.correiobraziliense.com.br\/cbradar\/os-morangos-podem-durar-ate-10-dias-sem-estragar-se-voce-armazena-los-dessa-maneira-na-geladeira\/","url":"https:\/\/www.correiobraziliense.com.br\/cbradar\/os-morangos-podem-durar-ate-10-dias-sem-estragar-se-voce-armazena-los-dessa-maneira-na-geladeira\/","name":"Os morangos podem durar at\u00e9 10 dias sem estragar se voc\u00ea armazen\u00e1-los dessa maneira na geladeira - Correio Braziliense - Radar","isPartOf":{"@id":"https:\/\/www.correiobraziliense.com.br\/cbradar\/#website"},"primaryImageOfPage":{"@id":"https:\/\/www.correiobraziliense.com.br\/cbradar\/os-morangos-podem-durar-ate-10-dias-sem-estragar-se-voce-armazena-los-dessa-maneira-na-geladeira\/#primaryimage"},"image":{"@id":"https:\/\/www.correiobraziliense.com.br\/cbradar\/os-morangos-podem-durar-ate-10-dias-sem-estragar-se-voce-armazena-los-dessa-maneira-na-geladeira\/#primaryimage"},"thumbnailUrl":"https:\/\/www.correiobraziliense.com.br\/cbradar\/wp-content\/uploads\/2026\/03\/Gemini_Generated_Image_5hr6pv5hr6pv5hr6-1-1.png","datePublished":"2026-03-10T14:35:00+00:00","author":{"@id":"https:\/\/www.correiobraziliense.com.br\/cbradar\/#\/schema\/person\/5440b72be9c7eb74f446c846479dc4da"},"description":"Um detalhe simples no armazenamento pode manter morangos frescos por muito mais tempo na geladeira e evitar que estraguem","breadcrumb":{"@id":"https:\/\/www.correiobraziliense.com.br\/cbradar\/os-morangos-podem-durar-ate-10-dias-sem-estragar-se-voce-armazena-los-dessa-maneira-na-geladeira\/#breadcrumb"},"inLanguage":"pt-BR","potentialAction":[{"@type":"ReadAction","target":["https:\/\/www.correiobraziliense.com.br\/cbradar\/os-morangos-podem-durar-ate-10-dias-sem-estragar-se-voce-armazena-los-dessa-maneira-na-geladeira\/"]}]},{"@type":"ImageObject","inLanguage":"pt-BR","@id":"https:\/\/www.correiobraziliense.com.br\/cbradar\/os-morangos-podem-durar-ate-10-dias-sem-estragar-se-voce-armazena-los-dessa-maneira-na-geladeira\/#primaryimage","url":"https:\/\/www.correiobraziliense.com.br\/cbradar\/wp-content\/uploads\/2026\/03\/Gemini_Generated_Image_5hr6pv5hr6pv5hr6-1-1.png","contentUrl":"https:\/\/www.correiobraziliense.com.br\/cbradar\/wp-content\/uploads\/2026\/03\/Gemini_Generated_Image_5hr6pv5hr6pv5hr6-1-1.png","width":1280,"height":720,"caption":"O m\u00e9todo simples que ajuda a conservar morangos frescos por mais tempo dentro da geladeira dom\u00e9stica"},{"@type":"BreadcrumbList","@id":"https:\/\/www.correiobraziliense.com.br\/cbradar\/os-morangos-podem-durar-ate-10-dias-sem-estragar-se-voce-armazena-los-dessa-maneira-na-geladeira\/#breadcrumb","itemListElement":[{"@type":"ListItem","position":1,"name":"In\u00edcio","item":"https:\/\/www.correiobraziliense.com.br\/cbradar\/"},{"@type":"ListItem","position":2,"name":"Os morangos podem durar at\u00e9 10 dias sem estragar se voc\u00ea armazen\u00e1-los dessa maneira na geladeira"}]},{"@type":"WebSite","@id":"https:\/\/www.correiobraziliense.com.br\/cbradar\/#website","url":"https:\/\/www.correiobraziliense.com.br\/cbradar\/","name":"Correio Braziliense - Radar","description":"Acompanhe as \u00faltimas not\u00edcias e fique bem informado sobre tudo o que acontece no Brasil e no mundo.","potentialAction":[{"@type":"SearchAction","target":{"@type":"EntryPoint","urlTemplate":"https:\/\/www.correiobraziliense.com.br\/cbradar\/?s={search_term_string}"},"query-input":{"@type":"PropertyValueSpecification","valueRequired":true,"valueName":"search_term_string"}}],"inLanguage":"pt-BR"},{"@type":"Person","@id":"https:\/\/www.correiobraziliense.com.br\/cbradar\/#\/schema\/person\/5440b72be9c7eb74f446c846479dc4da","name":"Patrick Silva","image":{"@type":"ImageObject","inLanguage":"pt-BR","@id":"https:\/\/www.correiobraziliense.com.br\/cbradar\/#\/schema\/person\/image\/","url":"https:\/\/secure.gravatar.com\/avatar\/944109df296fc087785c9715fd5f80b2?s=96&d=mm&r=g","contentUrl":"https:\/\/secure.gravatar.com\/avatar\/944109df296fc087785c9715fd5f80b2?s=96&d=mm&r=g","caption":"Patrick Silva"},"sameAs":["https:\/\/www.correiobraziliense.com.br\/cbradar\/"],"url":"https:\/\/www.correiobraziliense.com.br\/cbradar\/author\/patrick-silva\/"}]}},"_links":{"self":[{"href":"https:\/\/www.correiobraziliense.com.br\/cbradar\/wp-json\/wp\/v2\/posts\/205065","targetHints":{"allow":["GET"]}}],"collection":[{"href":"https:\/\/www.correiobraziliense.com.br\/cbradar\/wp-json\/wp\/v2\/posts"}],"about":[{"href":"https:\/\/www.correiobraziliense.com.br\/cbradar\/wp-json\/wp\/v2\/types\/post"}],"author":[{"embeddable":true,"href":"https:\/\/www.correiobraziliense.com.br\/cbradar\/wp-json\/wp\/v2\/users\/21"}],"replies":[{"embeddable":true,"href":"https:\/\/www.correiobraziliense.com.br\/cbradar\/wp-json\/wp\/v2\/comments?post=205065"}],"version-history":[{"count":5,"href":"https:\/\/www.correiobraziliense.com.br\/cbradar\/wp-json\/wp\/v2\/posts\/205065\/revisions"}],"predecessor-version":[{"id":205073,"href":"https:\/\/www.correiobraziliense.com.br\/cbradar\/wp-json\/wp\/v2\/posts\/205065\/revisions\/205073"}],"wp:featuredmedia":[{"embeddable":true,"href":"https:\/\/www.correiobraziliense.com.br\/cbradar\/wp-json\/wp\/v2\/media\/205066"}],"wp:attachment":[{"href":"https:\/\/www.correiobraziliense.com.br\/cbradar\/wp-json\/wp\/v2\/media?parent=205065"}],"wp:term":[{"taxonomy":"category","embeddable":true,"href":"https:\/\/www.correiobraziliense.com.br\/cbradar\/wp-json\/wp\/v2\/categories?post=205065"},{"taxonomy":"post_tag","embeddable":true,"href":"https:\/\/www.correiobraziliense.com.br\/cbradar\/wp-json\/wp\/v2\/tags?post=205065"}],"curies":[{"name":"wp","href":"https:\/\/api.w.org\/{rel}","templated":true}]}}