{"id":205074,"date":"2026-03-10T14:15:00","date_gmt":"2026-03-10T17:15:00","guid":{"rendered":"https:\/\/www.correiobraziliense.com.br\/cbradar\/?p=205074"},"modified":"2026-03-08T13:59:20","modified_gmt":"2026-03-08T16:59:20","slug":"o-pao-permanecera-macio-por-mais-dias-se-voce-armazena-lo-dessa-maneira-na-cozinha","status":"publish","type":"post","link":"https:\/\/www.correiobraziliense.com.br\/cbradar\/o-pao-permanecera-macio-por-mais-dias-se-voce-armazena-lo-dessa-maneira-na-cozinha\/","title":{"rendered":"O p\u00e3o permanecer\u00e1 macio por mais dias se voc\u00ea armazen\u00e1-lo dessa maneira na cozinha"},"content":{"rendered":"\n<p>O p\u00e3o fresco \u00e9 um dos alimentos mais apreciados, mas sua textura macia desaparece rapidamente se o armazenamento for inadequado no cotidiano. Entender os processos qu\u00edmicos que causam o endurecimento da massa permite adotar t\u00e9cnicas simples para preservar o sabor original. Estrat\u00e9gias pr\u00e1ticas garantem que este item essencial permane\u00e7a sempre delicioso em sua mesa farta.<\/p>\n\n\n\n<h2 class=\"wp-block-heading\">Por que a geladeira \u00e9 inimiga do seu p\u00e3o?<\/h2>\n\n\n\n<p>Guardar o <strong><a href=\"https:\/\/www.correiobraziliense.com.br\/cbradar\/qual-e-a-quantidade-ideal-de-pao-para-comer-no-cafe-da-manha\/\" target=\"_blank\" rel=\"noreferrer noopener\">p\u00e3o <\/a><\/strong>na geladeira acelera drasticamente o processo de retrograda\u00e7\u00e3o do amido, fazendo com que ele endure\u00e7a muito mais r\u00e1pido do que o esperado. As baixas temperaturas retiram a umidade natural do miolo, transformando uma fatia fofa em algo seco e totalmente desagrad\u00e1vel ao paladar humano no dia a dia corrido de hoje. Sempre evite esse h\u00e1bito comum agora.<\/p>\n\n\n\n<p>Manter o produto em temperatura ambiente \u00e9 a escolha ideal para preservar a maciez por at\u00e9 dois dias seguidos sem perder a qualidade. O frio do refrigerador apenas interrompe o surgimento do mofo, mas sacrifica totalmente a experi\u00eancia gastron\u00f4mica que tanto apreciamos em uma padaria artesanal de qualidade superior durante as refei\u00e7\u00f5es matinais em fam\u00edlia. Escolha sempre o frescor real.<\/p>\n\n\n\n<figure class=\"wp-block-image size-full\"><img decoding=\"async\" width=\"1280\" height=\"720\" src=\"https:\/\/www.correiobraziliense.com.br\/cbradar\/wp-content\/uploads\/2026\/03\/Gemini_Generated_Image_10ujsk10ujsk10uj-1-1.png\" alt=\"O p\u00e3o permanecer\u00e1 macio por mais dias se voc\u00ea armazen\u00e1-lo dessa maneira na cozinha\" class=\"wp-image-205075\" srcset=\"https:\/\/www.correiobraziliense.com.br\/cbradar\/wp-content\/uploads\/2026\/03\/Gemini_Generated_Image_10ujsk10ujsk10uj-1-1.png 1280w, https:\/\/www.correiobraziliense.com.br\/cbradar\/wp-content\/uploads\/2026\/03\/Gemini_Generated_Image_10ujsk10ujsk10uj-1-1-300x169.png 300w, https:\/\/www.correiobraziliense.com.br\/cbradar\/wp-content\/uploads\/2026\/03\/Gemini_Generated_Image_10ujsk10ujsk10uj-1-1-768x432.png 768w, https:\/\/www.correiobraziliense.com.br\/cbradar\/wp-content\/uploads\/2026\/03\/Gemini_Generated_Image_10ujsk10ujsk10uj-1-1-750x422.png 750w, https:\/\/www.correiobraziliense.com.br\/cbradar\/wp-content\/uploads\/2026\/03\/Gemini_Generated_Image_10ujsk10ujsk10uj-1-1-1140x641.png 1140w\" sizes=\"(max-width: 1280px) 100vw, 1280px\" \/><figcaption class=\"wp-element-caption\">O m\u00e9todo simples que ajuda a manter o p\u00e3o macio por mais tempo sem perder sabor ou textura na cozinha dom\u00e9stica<\/figcaption><\/figure>\n\n\n\n<h2 class=\"wp-block-heading\">Qual o segredo do saco de papel kraft?<\/h2>\n\n\n\n<p>O papel kraft permite que o p\u00e3o respire sem perder toda a umidade necess\u00e1ria para manter a flexibilidade da massa por mais tempo. Ele evita que a casca fique excessivamente borrachuda, um problema comum quando utilizamos sacos pl\u00e1sticos herm\u00e9ticos que ret\u00eam o vapor d&#8217;\u00e1gua interno de forma prejudicial para a estrutura crocante dos p\u00e3es franceses tradicionais. Priorize essa embalagem simples.<\/p>\n\n\n\n<p>Colocar o p\u00e3o em um local seco e escuro dentro da cozinha ajuda a manter as propriedades organol\u00e9pticas por muito mais tempo. Evite a exposi\u00e7\u00e3o direta ao sol ou perto do fog\u00e3o, pois o calor excessivo altera a estrutura qu\u00edmica dos cereais utilizados na receita, acelerando a perda de frescor e sabor que o consumidor tanto valoriza. Mantenha o abrigo seguro.<\/p>\n\n\n\n<h2 class=\"wp-block-heading\">Como organizar o armazenamento de forma eficiente?<\/h2>\n\n\n\n<p>Utilizar recipientes adequados faz toda a diferen\u00e7a para evitar que o alimento estrague antes do tempo previsto inicialmente em sua resid\u00eancia. Para estruturar sua rotina na cozinha com foco em evitar o desperd\u00edcio alimentar, siga estas orienta\u00e7\u00f5es pr\u00e1ticas de conserva\u00e7\u00e3o que garantem a integridade dos p\u00e3es comprados semanalmente para o consumo de todos os moradores da casa:<\/p>\n\n\n\n<ul class=\"wp-block-list\">\n<li>Saco de papel para p\u00e3es crocantes.<\/li>\n\n\n\n<li>Caixa de p\u00e3o com tampa ventilada.<\/li>\n\n\n\n<li>Congelamento imediato para longos per\u00edodos.<\/li>\n\n\n\n<li>Pano de prato limpo e seco.<\/li>\n\n\n\n<li>Local arejado longe da luz solar.<\/li>\n<\/ul>\n\n\n\n<h2 class=\"wp-block-heading\">O congelamento funciona para preservar a textura?<\/h2>\n\n\n\n<p>Congelar o p\u00e3o logo ap\u00f3s a compra \u00e9 a melhor estrat\u00e9gia t\u00e9cnica para manter a integridade das fibras por v\u00e1rias semanas seguidas. Esse m\u00e9todo interrompe a degrada\u00e7\u00e3o e permite que, ao reaquecer corretamente, o alimento recupere quase toda a sua maciez original de forma pr\u00e1tica, r\u00e1pida e muito eficiente para o lanche da tarde ou caf\u00e9 da manh\u00e3 di\u00e1rio. <\/p>\n\n\n\n<p>Certifique-se de fatiar o produto antes de levar ao freezer para facilitar a retirada das por\u00e7\u00f5es individuais necess\u00e1rias para sua alimenta\u00e7\u00e3o. Utilize sacos pr\u00f3prios para congelamento, retirando todo o ar poss\u00edvel para evitar a forma\u00e7\u00e3o de cristais de gelo que danificam a massa delicada e alteram o sabor final ap\u00f3s o descongelamento seguro e gradual em temperatura ambiente controlada. <\/p>\n\n\n<div class=\"wp-block-image\">\n<figure class=\"aligncenter size-full\"><img decoding=\"async\" width=\"1280\" height=\"720\" src=\"https:\/\/www.correiobraziliense.com.br\/cbradar\/wp-content\/uploads\/2026\/03\/Gemini_Generated_Image_1r8tzh1r8tzh1r8t-1-1.png\" alt=\"O p\u00e3o permanecer\u00e1 macio por mais dias se voc\u00ea armazen\u00e1-lo dessa maneira na cozinha\" class=\"wp-image-205077\" srcset=\"https:\/\/www.correiobraziliense.com.br\/cbradar\/wp-content\/uploads\/2026\/03\/Gemini_Generated_Image_1r8tzh1r8tzh1r8t-1-1.png 1280w, https:\/\/www.correiobraziliense.com.br\/cbradar\/wp-content\/uploads\/2026\/03\/Gemini_Generated_Image_1r8tzh1r8tzh1r8t-1-1-300x169.png 300w, https:\/\/www.correiobraziliense.com.br\/cbradar\/wp-content\/uploads\/2026\/03\/Gemini_Generated_Image_1r8tzh1r8tzh1r8t-1-1-768x432.png 768w, https:\/\/www.correiobraziliense.com.br\/cbradar\/wp-content\/uploads\/2026\/03\/Gemini_Generated_Image_1r8tzh1r8tzh1r8t-1-1-750x422.png 750w, https:\/\/www.correiobraziliense.com.br\/cbradar\/wp-content\/uploads\/2026\/03\/Gemini_Generated_Image_1r8tzh1r8tzh1r8t-1-1-1140x641.png 1140w\" sizes=\"(max-width: 1280px) 100vw, 1280px\" \/><figcaption class=\"wp-element-caption\">O m\u00e9todo simples que ajuda a manter o p\u00e3o macio por mais tempo sem perder sabor ou textura na cozinha dom\u00e9stica<\/figcaption><\/figure><\/div>\n\n\n<h2 class=\"wp-block-heading\">Como a ci\u00eancia explica a durabilidade do p\u00e3o?<\/h2>\n\n\n\n<p>A degrada\u00e7\u00e3o ocorre principalmente devido \u00e0 migra\u00e7\u00e3o da \u00e1gua do miolo para a crosta externa durante o resfriamento natural p\u00f3s-forno. Entender esse fen\u00f4meno f\u00edsico permite que consumidores fa\u00e7am escolhas inteligentes sobre onde guardar seus alimentos b\u00e1sicos sem perder nutrientes essenciais ou o sabor marcante que define uma dieta equilibrada e saborosa para todos os membros da fam\u00edlia moderna brasileira hoje.<\/p>\n\n\n\n<p>Organiza\u00e7\u00f5es como a <strong>Food and Agriculture Organization<\/strong> destacam que o armazenamento correto reduz drasticamente o desperd\u00edcio global de alimentos processados anualmente. Voc\u00ea pode consultar guias sobre seguran\u00e7a alimentar e conserva\u00e7\u00e3o diretamente no portal oficial da <strong><a target=\"_blank\" rel=\"noreferrer noopener\" href=\"https:\/\/www.fao.org\/3\/y4628e\/y4628e04.htm\">FAO<\/a><\/strong>. Seguir normas t\u00e9cnicas garante sa\u00fade, economia e sustentabilidade para o planeta e para o seu or\u00e7amento dom\u00e9stico em todas as esta\u00e7\u00f5es do ano todo.<\/p>\n","protected":false},"excerpt":{"rendered":"<p>O p\u00e3o fresco \u00e9 um dos alimentos mais apreciados, mas sua textura macia desaparece rapidamente se o armazenamento for inadequado no cotidiano. Entender os processos qu\u00edmicos que causam o endurecimento da massa permite adotar t\u00e9cnicas simples para preservar o sabor original. Estrat\u00e9gias pr\u00e1ticas garantem que este item essencial permane\u00e7a sempre delicioso em sua mesa farta. [&hellip;]<\/p>\n","protected":false},"author":21,"featured_media":205086,"comment_status":"open","ping_status":"open","sticky":false,"template":"","format":"standard","meta":{"_yoast_wpseo_focuskw":"como conservar p\u00e3o macio por mais tempo","_yoast_wpseo_title":"","_yoast_wpseo_metadesc":"O modo de guardar p\u00e3o pode alterar totalmente sua textura. Um detalhe simples preserva a maciez e evita desperd\u00edcio na cozinha","jnews-multi-image_gallery":[],"jnews_single_post":{"format":"standard"},"jnews_primary_category":[],"jnews_social_meta":[],"jnews_override_counter":[],"footnotes":""},"categories":[112],"tags":[1423,687,4185],"class_list":["post-205074","post","type-post","status-publish","format-standard","has-post-thumbnail","hentry","category-curiosidades","tag-alimentos","tag-cozinha","tag-pao"],"yoast_head":"<!-- This site is optimized with the Yoast SEO plugin v24.6 - https:\/\/yoast.com\/wordpress\/plugins\/seo\/ -->\n<title>O p\u00e3o permanecer\u00e1 macio por mais dias se voc\u00ea armazen\u00e1-lo dessa maneira na cozinha - Correio Braziliense - Radar<\/title>\n<meta name=\"description\" content=\"O modo de guardar p\u00e3o pode alterar totalmente sua textura. Um detalhe simples preserva a maciez e evita desperd\u00edcio na cozinha\" \/>\n<meta name=\"robots\" content=\"index, follow, max-snippet:-1, max-image-preview:large, max-video-preview:-1\" \/>\n<link rel=\"canonical\" href=\"https:\/\/www.correiobraziliense.com.br\/cbradar\/o-pao-permanecera-macio-por-mais-dias-se-voce-armazena-lo-dessa-maneira-na-cozinha\/\" \/>\n<meta property=\"og:locale\" content=\"pt_BR\" \/>\n<meta property=\"og:type\" content=\"article\" \/>\n<meta property=\"og:title\" content=\"O p\u00e3o permanecer\u00e1 macio por mais dias se voc\u00ea armazen\u00e1-lo dessa maneira na cozinha - Correio Braziliense - Radar\" \/>\n<meta property=\"og:description\" content=\"O modo de guardar p\u00e3o pode alterar totalmente sua textura. Um detalhe simples preserva a maciez e evita desperd\u00edcio na cozinha\" \/>\n<meta property=\"og:url\" content=\"https:\/\/www.correiobraziliense.com.br\/cbradar\/o-pao-permanecera-macio-por-mais-dias-se-voce-armazena-lo-dessa-maneira-na-cozinha\/\" \/>\n<meta property=\"og:site_name\" content=\"Correio Braziliense - Radar\" \/>\n<meta property=\"article:published_time\" content=\"2026-03-10T17:15:00+00:00\" \/>\n<meta property=\"og:image\" content=\"https:\/\/www.correiobraziliense.com.br\/cbradar\/wp-content\/uploads\/2026\/03\/Gemini_Generated_Image_4xqk9x4xqk9x4xqk-1-1.png\" \/>\n\t<meta property=\"og:image:width\" content=\"1280\" \/>\n\t<meta property=\"og:image:height\" content=\"720\" \/>\n\t<meta property=\"og:image:type\" content=\"image\/png\" \/>\n<meta name=\"author\" content=\"Patrick Silva\" \/>\n<meta name=\"twitter:card\" content=\"summary_large_image\" \/>\n<meta name=\"twitter:label1\" content=\"Escrito por\" \/>\n\t<meta name=\"twitter:data1\" content=\"Patrick Silva\" \/>\n\t<meta name=\"twitter:label2\" content=\"Est. tempo de leitura\" \/>\n\t<meta name=\"twitter:data2\" content=\"5 minutos\" \/>\n<!-- \/ Yoast SEO plugin. -->","yoast_head_json":{"title":"O p\u00e3o permanecer\u00e1 macio por mais dias se voc\u00ea armazen\u00e1-lo dessa maneira na cozinha - Correio Braziliense - Radar","description":"O modo de guardar p\u00e3o pode alterar totalmente sua textura. Um detalhe simples preserva a maciez e evita desperd\u00edcio na cozinha","robots":{"index":"index","follow":"follow","max-snippet":"max-snippet:-1","max-image-preview":"max-image-preview:large","max-video-preview":"max-video-preview:-1"},"canonical":"https:\/\/www.correiobraziliense.com.br\/cbradar\/o-pao-permanecera-macio-por-mais-dias-se-voce-armazena-lo-dessa-maneira-na-cozinha\/","og_locale":"pt_BR","og_type":"article","og_title":"O p\u00e3o permanecer\u00e1 macio por mais dias se voc\u00ea armazen\u00e1-lo dessa maneira na cozinha - Correio Braziliense - Radar","og_description":"O modo de guardar p\u00e3o pode alterar totalmente sua textura. Um detalhe simples preserva a maciez e evita desperd\u00edcio na cozinha","og_url":"https:\/\/www.correiobraziliense.com.br\/cbradar\/o-pao-permanecera-macio-por-mais-dias-se-voce-armazena-lo-dessa-maneira-na-cozinha\/","og_site_name":"Correio Braziliense - Radar","article_published_time":"2026-03-10T17:15:00+00:00","og_image":[{"width":1280,"height":720,"url":"https:\/\/www.correiobraziliense.com.br\/cbradar\/wp-content\/uploads\/2026\/03\/Gemini_Generated_Image_4xqk9x4xqk9x4xqk-1-1.png","type":"image\/png"}],"author":"Patrick Silva","twitter_card":"summary_large_image","twitter_misc":{"Escrito por":"Patrick Silva","Est. tempo de leitura":"5 minutos"},"schema":{"@context":"https:\/\/schema.org","@graph":[{"@type":"WebPage","@id":"https:\/\/www.correiobraziliense.com.br\/cbradar\/o-pao-permanecera-macio-por-mais-dias-se-voce-armazena-lo-dessa-maneira-na-cozinha\/","url":"https:\/\/www.correiobraziliense.com.br\/cbradar\/o-pao-permanecera-macio-por-mais-dias-se-voce-armazena-lo-dessa-maneira-na-cozinha\/","name":"O p\u00e3o permanecer\u00e1 macio por mais dias se voc\u00ea armazen\u00e1-lo dessa maneira na cozinha - Correio Braziliense - Radar","isPartOf":{"@id":"https:\/\/www.correiobraziliense.com.br\/cbradar\/#website"},"primaryImageOfPage":{"@id":"https:\/\/www.correiobraziliense.com.br\/cbradar\/o-pao-permanecera-macio-por-mais-dias-se-voce-armazena-lo-dessa-maneira-na-cozinha\/#primaryimage"},"image":{"@id":"https:\/\/www.correiobraziliense.com.br\/cbradar\/o-pao-permanecera-macio-por-mais-dias-se-voce-armazena-lo-dessa-maneira-na-cozinha\/#primaryimage"},"thumbnailUrl":"https:\/\/www.correiobraziliense.com.br\/cbradar\/wp-content\/uploads\/2026\/03\/Gemini_Generated_Image_4xqk9x4xqk9x4xqk-1-1.png","datePublished":"2026-03-10T17:15:00+00:00","author":{"@id":"https:\/\/www.correiobraziliense.com.br\/cbradar\/#\/schema\/person\/5440b72be9c7eb74f446c846479dc4da"},"description":"O modo de guardar p\u00e3o pode alterar totalmente sua textura. Um detalhe simples preserva a maciez e evita desperd\u00edcio na cozinha","breadcrumb":{"@id":"https:\/\/www.correiobraziliense.com.br\/cbradar\/o-pao-permanecera-macio-por-mais-dias-se-voce-armazena-lo-dessa-maneira-na-cozinha\/#breadcrumb"},"inLanguage":"pt-BR","potentialAction":[{"@type":"ReadAction","target":["https:\/\/www.correiobraziliense.com.br\/cbradar\/o-pao-permanecera-macio-por-mais-dias-se-voce-armazena-lo-dessa-maneira-na-cozinha\/"]}]},{"@type":"ImageObject","inLanguage":"pt-BR","@id":"https:\/\/www.correiobraziliense.com.br\/cbradar\/o-pao-permanecera-macio-por-mais-dias-se-voce-armazena-lo-dessa-maneira-na-cozinha\/#primaryimage","url":"https:\/\/www.correiobraziliense.com.br\/cbradar\/wp-content\/uploads\/2026\/03\/Gemini_Generated_Image_4xqk9x4xqk9x4xqk-1-1.png","contentUrl":"https:\/\/www.correiobraziliense.com.br\/cbradar\/wp-content\/uploads\/2026\/03\/Gemini_Generated_Image_4xqk9x4xqk9x4xqk-1-1.png","width":1280,"height":720,"caption":"O m\u00e9todo simples que ajuda a manter o p\u00e3o macio por mais tempo sem perder sabor ou textura na cozinha dom\u00e9stica"},{"@type":"BreadcrumbList","@id":"https:\/\/www.correiobraziliense.com.br\/cbradar\/o-pao-permanecera-macio-por-mais-dias-se-voce-armazena-lo-dessa-maneira-na-cozinha\/#breadcrumb","itemListElement":[{"@type":"ListItem","position":1,"name":"In\u00edcio","item":"https:\/\/www.correiobraziliense.com.br\/cbradar\/"},{"@type":"ListItem","position":2,"name":"O p\u00e3o permanecer\u00e1 macio por mais dias se voc\u00ea armazen\u00e1-lo dessa maneira na cozinha"}]},{"@type":"WebSite","@id":"https:\/\/www.correiobraziliense.com.br\/cbradar\/#website","url":"https:\/\/www.correiobraziliense.com.br\/cbradar\/","name":"Correio Braziliense - Radar","description":"Acompanhe as \u00faltimas not\u00edcias e fique bem informado sobre tudo o que acontece no Brasil e no mundo.","potentialAction":[{"@type":"SearchAction","target":{"@type":"EntryPoint","urlTemplate":"https:\/\/www.correiobraziliense.com.br\/cbradar\/?s={search_term_string}"},"query-input":{"@type":"PropertyValueSpecification","valueRequired":true,"valueName":"search_term_string"}}],"inLanguage":"pt-BR"},{"@type":"Person","@id":"https:\/\/www.correiobraziliense.com.br\/cbradar\/#\/schema\/person\/5440b72be9c7eb74f446c846479dc4da","name":"Patrick Silva","image":{"@type":"ImageObject","inLanguage":"pt-BR","@id":"https:\/\/www.correiobraziliense.com.br\/cbradar\/#\/schema\/person\/image\/","url":"https:\/\/secure.gravatar.com\/avatar\/944109df296fc087785c9715fd5f80b2?s=96&d=mm&r=g","contentUrl":"https:\/\/secure.gravatar.com\/avatar\/944109df296fc087785c9715fd5f80b2?s=96&d=mm&r=g","caption":"Patrick Silva"},"sameAs":["https:\/\/www.correiobraziliense.com.br\/cbradar\/"],"url":"https:\/\/www.correiobraziliense.com.br\/cbradar\/author\/patrick-silva\/"}]}},"_links":{"self":[{"href":"https:\/\/www.correiobraziliense.com.br\/cbradar\/wp-json\/wp\/v2\/posts\/205074","targetHints":{"allow":["GET"]}}],"collection":[{"href":"https:\/\/www.correiobraziliense.com.br\/cbradar\/wp-json\/wp\/v2\/posts"}],"about":[{"href":"https:\/\/www.correiobraziliense.com.br\/cbradar\/wp-json\/wp\/v2\/types\/post"}],"author":[{"embeddable":true,"href":"https:\/\/www.correiobraziliense.com.br\/cbradar\/wp-json\/wp\/v2\/users\/21"}],"replies":[{"embeddable":true,"href":"https:\/\/www.correiobraziliense.com.br\/cbradar\/wp-json\/wp\/v2\/comments?post=205074"}],"version-history":[{"count":5,"href":"https:\/\/www.correiobraziliense.com.br\/cbradar\/wp-json\/wp\/v2\/posts\/205074\/revisions"}],"predecessor-version":[{"id":205088,"href":"https:\/\/www.correiobraziliense.com.br\/cbradar\/wp-json\/wp\/v2\/posts\/205074\/revisions\/205088"}],"wp:featuredmedia":[{"embeddable":true,"href":"https:\/\/www.correiobraziliense.com.br\/cbradar\/wp-json\/wp\/v2\/media\/205086"}],"wp:attachment":[{"href":"https:\/\/www.correiobraziliense.com.br\/cbradar\/wp-json\/wp\/v2\/media?parent=205074"}],"wp:term":[{"taxonomy":"category","embeddable":true,"href":"https:\/\/www.correiobraziliense.com.br\/cbradar\/wp-json\/wp\/v2\/categories?post=205074"},{"taxonomy":"post_tag","embeddable":true,"href":"https:\/\/www.correiobraziliense.com.br\/cbradar\/wp-json\/wp\/v2\/tags?post=205074"}],"curies":[{"name":"wp","href":"https:\/\/api.w.org\/{rel}","templated":true}]}}