{"id":205080,"date":"2026-03-09T08:25:00","date_gmt":"2026-03-09T11:25:00","guid":{"rendered":"https:\/\/www.correiobraziliense.com.br\/cbradar\/?p=205080"},"modified":"2026-03-09T13:59:03","modified_gmt":"2026-03-09T16:59:03","slug":"um-et-deixou-essa-cidade-brasileira-famosa-mundialmente-em-1996-mas-hoje-ela-e-conhecida-pela-tranquilidade-de-viver-bem-no-interior","status":"publish","type":"post","link":"https:\/\/www.correiobraziliense.com.br\/cbradar\/um-et-deixou-essa-cidade-brasileira-famosa-mundialmente-em-1996-mas-hoje-ela-e-conhecida-pela-tranquilidade-de-viver-bem-no-interior\/","title":{"rendered":"Um ET deixou essa cidade brasileira famosa mundialmente em 1996, mas hoje ela \u00e9 conhecida pela tranquilidade de viver bem no interior"},"content":{"rendered":"\n<p>Em <strong>1996<\/strong>, tr\u00eas jovens cruzaram um terreno baldio no bairro <strong>Jardim Andere<\/strong> e disseram ter visto uma criatura de olhos vermelhos agachada junto a um muro. A not\u00edcia correu o mundo, virou reportagem no <strong>The Wall Street Journal<\/strong> e transformou <strong>Varginha<\/strong> na cidade brasileira da ufologia, mas hoje ela \u00e9 lembrada como sin\u00f4nimo de viver bem no interior.<\/p>\n\n\n\n<h2 class=\"wp-block-heading\">O ET que mudou a identidade de uma cidade inteira<\/h2>\n\n\n\n<p>O epis\u00f3dio de janeiro de 1996 nunca foi comprovado, mas seu efeito sobre Varginha \u00e9 concreto. A cidade ergueu est\u00e1tuas do famoso &#8220;Grey&#8221; em pra\u00e7as e cal\u00e7adas, construiu uma caixa d&#8217;\u00e1gua de 20 metros em formato de disco voador e inaugurou o <a href=\"https:\/\/turismo.varginha.mg.gov.br\/memorial-do-et\/\" target=\"_blank\" rel=\"noreferrer noopener\"><strong>Memorial do ET<\/strong><\/a> em 2022, com planet\u00e1rio e exposi\u00e7\u00e3o gratuita. Em junho de 2023, o Conselho do Patrim\u00f4nio Cultural do munic\u00edpio registrou o caso como Patrim\u00f4nio Cultural Imaterial, inscrevendo-o nos Livros dos Lugares e das Representa\u00e7\u00f5es.<\/p>\n\n\n\n<p>O presidente do conselho resumiu o sentimento local em entrevista ao <strong>Estad\u00e3o<\/strong>: mesmo sendo o maior centro comercial de caf\u00e9 do pa\u00eds, Varginha \u00e9 mais lembrada pelo extraterrestre. A cidade abra\u00e7ou o mist\u00e9rio com bom humor e o transformou em motor tur\u00edstico.<\/p>\n\n\n<div class=\"wp-block-image\">\n<figure class=\"aligncenter size-large\"><img decoding=\"async\" width=\"1024\" height=\"576\" src=\"https:\/\/www.correiobraziliense.com.br\/cbradar\/wp-content\/uploads\/2025\/11\/Santos-Dumont-22-1024x576.png\" alt=\"Um ET deixou essa cidade brasileira famosa mundialmente em 1996, mas hoje ela \u00e9 conhecida pela tranquilidade de viver bem no interior\" class=\"wp-image-130041\" srcset=\"https:\/\/www.correiobraziliense.com.br\/cbradar\/wp-content\/uploads\/2025\/11\/Santos-Dumont-22-1024x576.png 1024w, https:\/\/www.correiobraziliense.com.br\/cbradar\/wp-content\/uploads\/2025\/11\/Santos-Dumont-22-300x169.png 300w, https:\/\/www.correiobraziliense.com.br\/cbradar\/wp-content\/uploads\/2025\/11\/Santos-Dumont-22-768x432.png 768w, https:\/\/www.correiobraziliense.com.br\/cbradar\/wp-content\/uploads\/2025\/11\/Santos-Dumont-22-750x422.png 750w, https:\/\/www.correiobraziliense.com.br\/cbradar\/wp-content\/uploads\/2025\/11\/Santos-Dumont-22-1140x641.png 1140w, https:\/\/www.correiobraziliense.com.br\/cbradar\/wp-content\/uploads\/2025\/11\/Santos-Dumont-22.png 1280w\" sizes=\"(max-width: 1024px) 100vw, 1024px\" \/><figcaption class=\"wp-element-caption\">Varginha \u00e9 um munic\u00edpio no sul de Minas Gerais, conhecido pelo Incidente do ET em 1996 e por sua economia diversificada. \/\/ Cr\u00e9ditos: Wikip\u00e9dia<\/figcaption><\/figure><\/div>\n\n\n<h2 class=\"wp-block-heading\">Muito al\u00e9m do mist\u00e9rio: como se vive na capital do caf\u00e9?<\/h2>\n\n\n\n<p>Varginha re\u00fane cerca de 136 mil habitantes a 907 metros de altitude, no sul de <strong>Minas Gerais<\/strong>. O <strong>\u00cdndice de Desenvolvimento Humano Municipal (IDHM)<\/strong> \u00e9 de 0,778, considerado alto pelo <a href=\"https:\/\/www.ibge.gov.br\/cidades-e-estados\/mg\/varginha.html\" target=\"_blank\" rel=\"noreferrer noopener\"><strong>IBGE<\/strong><\/a>, e a cidade figura entre as sete melhores do estado para se viver, segundo levantamento da <strong>ONU<\/strong> com base em renda, educa\u00e7\u00e3o e longevidade.<\/p>\n\n\n\n<p>A economia \u00e9 diversificada. O munic\u00edpio liderou o ranking nacional de exporta\u00e7\u00e3o de caf\u00e9 em 2023, ultrapassando US$ 1,5 bilh\u00e3o, de acordo com o <strong>Minist\u00e9rio do Desenvolvimento, Ind\u00fastria, Com\u00e9rcio e Servi\u00e7os (MDIC)<\/strong>. Universidades, hospitais de alta complexidade e um primeiro data center no sul de Minas completam a infraestrutura de quem mora na cidade.<\/p>\n\n\n\n<p><strong>Varginha une mist\u00e9rios ufol\u00f3gicos a uma economia robusta. <\/strong>O v\u00eddeo \u00e9 do canal <strong>Cidades &amp; Cia<\/strong>, que conta com mais de<strong> 35 mil inscritos<\/strong>, e apresenta a infraestrutura da cidade, destacando monumentos espaciais, o polo regional de sa\u00fade e o famoso caso extraterrestre:<\/p>\n\n\n\n<figure class=\"wp-block-embed aligncenter is-type-video is-provider-youtube wp-block-embed-youtube wp-embed-aspect-16-9 wp-has-aspect-ratio\"><div class=\"wp-block-embed__wrapper\">\n<div class=\"jeg_video_container jeg_video_content\"><iframe loading=\"lazy\" title=\"CONHE\u00c7A VARGINHA A CIDADE DO CASO &quot;EXTRATERRESTRE&quot; ONDE APARECEU UM OVNI NO SUL DE MINAS GERAIS.\" width=\"500\" height=\"281\" src=\"https:\/\/www.youtube.com\/embed\/qXpO48uKxeo?feature=oembed\" frameborder=\"0\" allow=\"accelerometer; autoplay; clipboard-write; encrypted-media; gyroscope; picture-in-picture; web-share\" referrerpolicy=\"strict-origin-when-cross-origin\" allowfullscreen><\/iframe><\/div>\n<\/div><\/figure>\n\n\n\n<h2 class=\"wp-block-heading\">O que visitar em Varginha al\u00e9m do roteiro ufol\u00f3gico?<\/h2>\n\n\n\n<p>A cidade do ET guarda atra\u00e7\u00f5es que v\u00e3o da natureza \u00e0 hist\u00f3ria. Algumas ficam a poucos minutos do centro.<\/p>\n\n\n\n<ul class=\"wp-block-list\">\n<li><strong>Nave da Pra\u00e7a Marechal Floriano<\/strong>: caixa d&#8217;\u00e1gua de 100 mil litros em forma de disco voador, iluminada \u00e0 noite. Foto obrigat\u00f3ria para qualquer visitante.<\/li>\n\n\n\n<li><strong>Parque Zoobot\u00e2nico Municipal Dr. M\u00e1rio Frota<\/strong>: fundado em 1963, abriga fauna nativa e pav\u00f5es que acompanham os visitantes pelo percurso inteiro.<\/li>\n\n\n\n<li><strong>Theatro Capit\u00f3lio<\/strong>: inaugurado no in\u00edcio do s\u00e9culo XX, \u00e9 um dos mais antigos em funcionamento em Minas Gerais.<\/li>\n\n\n\n<li><strong>Morro do Chap\u00e9u<\/strong>: mirante com vista panor\u00e2mica do vale e da serra. Trilha curta e acess\u00edvel.<\/li>\n\n\n\n<li><strong>Cachoeira dos Possid\u00f4nios<\/strong>: queda d&#8217;\u00e1gua na estrada entre Varginha e <strong>Monsenhor Paulo<\/strong>, boa op\u00e7\u00e3o para um banho r\u00e1pido nos dias quentes.<\/li>\n<\/ul>\n\n\n\n<h2 class=\"wp-block-heading\">Caf\u00e9 especial e comida mineira d\u00e3o o tom da gastronomia<\/h2>\n\n\n\n<p>A regi\u00e3o do sul de Minas \u00e9 a maior produtora de caf\u00e9 ar\u00e1bica do <strong>Brasil<\/strong>. Nos arredores de Varginha, fazendas abrem as portas para visitas guiadas com sess\u00f5es de cupping, trilhas entre cafezais e compra de microlotes rastreados. A melhor \u00e9poca \u00e9 a safra, entre maio e setembro.<\/p>\n\n\n\n<p>No centro, cafeterias autorais servem gr\u00e3os colhidos a poucos quil\u00f4metros dali. A cozinha mineira aparece em restaurantes com feij\u00e3o tropeiro, torresmo crocante e doces de leite artesanais. Para quem busca op\u00e7\u00f5es r\u00e1pidas, hamburguerias e pizzarias com ingredientes regionais completam o circuito.<\/p>\n\n\n<div class=\"wp-block-image\">\n<figure class=\"aligncenter size-large\"><img decoding=\"async\" width=\"1024\" height=\"576\" src=\"https:\/\/www.correiobraziliense.com.br\/cbradar\/wp-content\/uploads\/2025\/11\/Santos-Dumont-23-1024x576.png\" alt=\"A cidade brasileira famosa por relatos de alien\u00edgenas e l\u00edder na exporta\u00e7\u00e3o de caf\u00e9 no Sul de Minas\" class=\"wp-image-130040\" srcset=\"https:\/\/www.correiobraziliense.com.br\/cbradar\/wp-content\/uploads\/2025\/11\/Santos-Dumont-23-1024x576.png 1024w, https:\/\/www.correiobraziliense.com.br\/cbradar\/wp-content\/uploads\/2025\/11\/Santos-Dumont-23-300x169.png 300w, https:\/\/www.correiobraziliense.com.br\/cbradar\/wp-content\/uploads\/2025\/11\/Santos-Dumont-23-768x432.png 768w, https:\/\/www.correiobraziliense.com.br\/cbradar\/wp-content\/uploads\/2025\/11\/Santos-Dumont-23-750x422.png 750w, https:\/\/www.correiobraziliense.com.br\/cbradar\/wp-content\/uploads\/2025\/11\/Santos-Dumont-23-1140x641.png 1140w, https:\/\/www.correiobraziliense.com.br\/cbradar\/wp-content\/uploads\/2025\/11\/Santos-Dumont-23.png 1280w\" sizes=\"(max-width: 1024px) 100vw, 1024px\" \/><figcaption class=\"wp-element-caption\">Em 1996, foram relatados avistamentos de seres b\u00edpede com pele manchada e olhos vermelhos em Varginha. \/ Cr\u00e9ditos: Wikip\u00e9dia<\/figcaption><\/figure><\/div>\n\n\n<p><strong>Leia tamb\u00e9m: <a href=\"https:\/\/www.correiobraziliense.com.br\/cbradar\/um-paraiso-com-65-ilhas-e-300-praias-em-uma-cidade-historica-do-seculo-xvii-guarda-um-fenomeno-raro-da-natureza-unico\/\" target=\"_blank\" rel=\"noreferrer noopener\">Um para\u00edso com 65 ilhas e 300 praias em uma cidade hist\u00f3rica do s\u00e9culo XVII guarda um fen\u00f4meno raro da natureza \u00fanico.<\/a><\/strong><\/p>\n\n\n\n<h2 class=\"wp-block-heading\">Quando o clima favorece cada tipo de passeio em Varginha?<\/h2>\n\n\n\n<p>O clima tropical de altitude garante ver\u00f5es chuvosos e invernos secos. A altitude ameniza o calor, mas temperaturas podem surpreender nos extremos. <\/p>\n\n\n\n<div class=\"google-auto-ads-ignore\" style=\"font-family: 'Segoe UI', Roboto, Helvetica, Arial, sans-serif; max-width: 900px; margin: 10px auto; display: flex; flex-wrap: wrap; gap: 12px; justify-content: center;\">\n\n  <div style=\"flex: 1 1 200px; background: #ffffff; border-radius: 12px; border: 1px solid #bfdbfe; box-shadow: 0 2px 10px rgba(37, 99, 235, 0.05); overflow: hidden; display: flex; flex-direction: column;\">\n    <div style=\"background: #eff6ff; padding: 10px; border-bottom: 1px solid #dbeafe; display: flex; align-items: center; gap: 8px;\">\n      <div style=\"background: #2563eb; padding: 4px; border-radius: 6px; display: flex;\">\n        <svg width=\"14\" height=\"14\" viewBox=\"0 0 24 24\" fill=\"none\" stroke=\"#ffffff\" stroke-width=\"3\" stroke-linecap=\"round\" stroke-linejoin=\"round\"><circle cx=\"12\" cy=\"12\" r=\"5\"\/><line x1=\"12\" y1=\"1\" x2=\"12\" y2=\"3\"\/><line x1=\"12\" y1=\"21\" x2=\"12\" y2=\"23\"\/><line x1=\"4.22\" y1=\"4.22\" x2=\"5.64\" y2=\"5.64\"\/><line x1=\"18.36\" y1=\"18.36\" x2=\"19.78\" y2=\"19.78\"\/><line x1=\"1\" y1=\"12\" x2=\"3\" y2=\"12\"\/><line x1=\"21\" y1=\"12\" x2=\"23\" y2=\"12\"\/><\/svg>\n      <\/div>\n      <span style=\"font-size: 0.75rem; font-weight: 800; color: #1e3a8a; letter-spacing: 0.05em;\">VER\u00c3O<\/span>\n    <\/div>\n    <div style=\"padding: 12px; text-align: center;\">\n      <div style=\"font-size: 0.7rem; color: #1d4ed8; font-weight: 700;\">DEZ &#8211; FEV<\/div>\n      <div style=\"font-size: 1.2rem; font-weight: 900; color: #2563eb; margin: 2px 0;\">18-30 \u00b0C<\/div>\n      <div style=\"font-size: 0.8rem; color: #1e293b; line-height: 1.3;\">Chuva alta. Momento de ver as <strong>cachoeiras pela manh\u00e3<\/strong> com volume m\u00e1ximo antes das chuvas de tarde.<\/div>\n    <\/div>\n  <\/div>\n\n  <div style=\"flex: 1 1 200px; background: #ffffff; border-radius: 12px; border: 1px solid #bfdbfe; box-shadow: 0 2px 10px rgba(37, 99, 235, 0.05); overflow: hidden; display: flex; flex-direction: column;\">\n    <div style=\"background: #eff6ff; padding: 10px; border-bottom: 1px solid #dbeafe; display: flex; align-items: center; gap: 8px;\">\n      <div style=\"background: #2563eb; padding: 4px; border-radius: 6px; display: flex;\">\n        <svg width=\"14\" height=\"14\" viewBox=\"0 0 24 24\" fill=\"none\" stroke=\"#ffffff\" stroke-width=\"3\" stroke-linecap=\"round\" stroke-linejoin=\"round\"><path d=\"M12 2L2 7l10 5 10-5-10-5zM2 17l10 5 10-5M2 12l10 5 10-5\"\/><\/svg>\n      <\/div>\n      <span style=\"font-size: 0.75rem; font-weight: 800; color: #1e3a8a; letter-spacing: 0.05em;\">OUTONO<\/span>\n    <\/div>\n    <div style=\"padding: 12px; text-align: center;\">\n      <div style=\"font-size: 0.7rem; color: #1d4ed8; font-weight: 700;\">MAR &#8211; MAI<\/div>\n      <div style=\"font-size: 1.2rem; font-weight: 900; color: #2563eb; margin: 2px 0;\">14-26 \u00b0C<\/div>\n      <div style=\"font-size: 0.8rem; color: #1e293b; line-height: 1.3;\">Chuva m\u00e9dia. Esta\u00e7\u00e3o especial com o <strong>in\u00edcio da safra de caf\u00e9<\/strong> e clima ameno nas montanhas.<\/div>\n    <\/div>\n  <\/div>\n\n  <div style=\"flex: 1 1 200px; background: #ffffff; border-radius: 12px; border: 1px solid #bfdbfe; box-shadow: 0 2px 10px rgba(37, 99, 235, 0.05); overflow: hidden; display: flex; flex-direction: column;\">\n    <div style=\"background: #eff6ff; padding: 10px; border-bottom: 1px solid #dbeafe; display: flex; align-items: center; gap: 8px;\">\n      <div style=\"background: #2563eb; padding: 4px; border-radius: 6px; display: flex;\">\n        <svg width=\"14\" height=\"14\" viewBox=\"0 0 24 24\" fill=\"none\" stroke=\"#ffffff\" stroke-width=\"3\" stroke-linecap=\"round\" stroke-linejoin=\"round\"><path d=\"M12 3a6 6 0 0 0 9 9 9 9 0 1 1-9-9Z\"\/><path d=\"M19 3v4\"\/><path d=\"M21 5h-4\"\/><\/svg>\n      <\/div>\n      <span style=\"font-size: 0.75rem; font-weight: 800; color: #1e3a8a; letter-spacing: 0.05em;\">INVERNO<\/span>\n    <\/div>\n    <div style=\"padding: 12px; text-align: center;\">\n      <div style=\"font-size: 0.7rem; color: #1d4ed8; font-weight: 700;\">JUN &#8211; AGO<\/div>\n      <div style=\"font-size: 1.2rem; font-weight: 900; color: #2563eb; margin: 2px 0;\">8-24 \u00b0C<\/div>\n      <div style=\"font-size: 0.8rem; color: #1e293b; line-height: 1.3;\">Chuva baixa. C\u00e9u azul impec\u00e1vel para visitar <strong>fazendas e mirantes<\/strong>, com noites frias e aconchegantes.<\/div>\n    <\/div>\n  <\/div>\n\n  <div style=\"flex: 1 1 200px; background: #ffffff; border-radius: 12px; border: 1px solid #bfdbfe; box-shadow: 0 2px 10px rgba(37, 99, 235, 0.05); overflow: hidden; display: flex; flex-direction: column;\">\n    <div style=\"background: #eff6ff; padding: 10px; border-bottom: 1px solid #dbeafe; display: flex; align-items: center; gap: 10px;\">\n      <div style=\"background: #2563eb; padding: 4px; border-radius: 6px; display: flex;\">\n        <svg width=\"14\" height=\"14\" viewBox=\"0 0 24 24\" fill=\"none\" stroke=\"#ffffff\" stroke-width=\"3\" stroke-linecap=\"round\" stroke-linejoin=\"round\"><path d=\"M12 7.5V21m-4.5-9L12 21l4.5-9\"\/><\/svg>\n      <\/div>\n      <span style=\"font-size: 0.75rem; font-weight: 800; color: #1e3a8a; letter-spacing: 0.05em;\">PRIMAVERA<\/span>\n    <\/div>\n    <div style=\"padding: 12px; text-align: center;\">\n      <div style=\"font-size: 0.7rem; color: #1d4ed8; font-weight: 700;\">SET &#8211; NOV<\/div>\n      <div style=\"font-size: 1.2rem; font-weight: 900; color: #2563eb; margin: 2px 0;\">15-28 \u00b0C<\/div>\n      <div style=\"font-size: 0.8rem; color: #1e293b; line-height: 1.3;\">Chuva m\u00e9dia. Esta\u00e7\u00e3o vibrante para explorar os <strong>parques e trilhas<\/strong> com a flora se renovando.<\/div>\n    <\/div>\n  <\/div>\n\n<\/div>\n\n\n\n<p><em>Temperaturas aproximadas com base no <a href=\"https:\/\/www.climatempo.com.br\/previsao-do-tempo\/cidade\/206\/varginha-mg\" target=\"_blank\" rel=\"noreferrer noopener\"><strong>Climatempo<\/strong><\/a>. Condi\u00e7\u00f5es podem variar.<\/em><\/p>\n\n\n<div class=\"wp-block-image\">\n<figure class=\"aligncenter size-large\"><img decoding=\"async\" width=\"1024\" height=\"576\" src=\"https:\/\/www.correiobraziliense.com.br\/cbradar\/wp-content\/uploads\/2025\/12\/G-2025-12-14T005745.433-1024x576.png\" alt=\"A cidade brasileira famosa por relatos de alien\u00edgenas e l\u00edder na exporta\u00e7\u00e3o de caf\u00e9 no Sul de Minas\" class=\"wp-image-155868\" srcset=\"https:\/\/www.correiobraziliense.com.br\/cbradar\/wp-content\/uploads\/2025\/12\/G-2025-12-14T005745.433-1024x576.png 1024w, https:\/\/www.correiobraziliense.com.br\/cbradar\/wp-content\/uploads\/2025\/12\/G-2025-12-14T005745.433-300x169.png 300w, https:\/\/www.correiobraziliense.com.br\/cbradar\/wp-content\/uploads\/2025\/12\/G-2025-12-14T005745.433-768x432.png 768w, https:\/\/www.correiobraziliense.com.br\/cbradar\/wp-content\/uploads\/2025\/12\/G-2025-12-14T005745.433-750x422.png 750w, https:\/\/www.correiobraziliense.com.br\/cbradar\/wp-content\/uploads\/2025\/12\/G-2025-12-14T005745.433-1140x641.png 1140w, https:\/\/www.correiobraziliense.com.br\/cbradar\/wp-content\/uploads\/2025\/12\/G-2025-12-14T005745.433.png 1280w\" sizes=\"(max-width: 1024px) 100vw, 1024px\" \/><figcaption class=\"wp-element-caption\">Varginha MG destaca ET de Varginha, Pra\u00e7a do ET, Museu Extraterrestre e Zool\u00f3gico Municipal, misturando ufologia, natureza e cultura no Sul de Minas. \/\/ Cr\u00e9ditos: Wikip\u00e9dia<\/figcaption><\/figure><\/div>\n\n\n<h2 class=\"wp-block-heading\">Como chegar \u00e0 cidade do ET no sul de Minas?<\/h2>\n\n\n\n<p>Varginha fica a cerca de 314 km de <strong>Belo Horizonte<\/strong> e a 300 km de <strong>S\u00e3o Paulo<\/strong>, com acesso pela <strong>BR-381<\/strong> (Fern\u00e3o Dias) e pela <strong>BR-491<\/strong>. \u00d4nibus partem das rodovi\u00e1rias das duas capitais com viagem estimada em 5h30. Quem vem do <strong>Rio de Janeiro<\/strong> enfrenta cerca de 8h30 de estrada.<\/p>\n\n\n\n<h2 class=\"wp-block-heading\">A cidade que transformou mist\u00e9rio em identidade<\/h2>\n\n\n\n<p><strong>Varginha mistura uma hist\u00f3ria que virou lenda mundial com caf\u00e9 de exporta\u00e7\u00e3o<\/strong>, IDH alto e vida tranquila de interior mineiro. Poucas cidades conseguem reunir ufologia, gastronomia de fazenda e qualidade de vida em um raio t\u00e3o curto.<\/p>\n\n\n\n<p>Voc\u00ea precisa subir a serra e conhecer Varginha, a cidade onde at\u00e9 o ET escolheu pousar.<\/p>\n","protected":false},"excerpt":{"rendered":"<p>Em 1996, tr\u00eas jovens cruzaram um terreno baldio no bairro Jardim Andere e disseram ter visto uma criatura de olhos vermelhos agachada junto a um muro. A not\u00edcia correu o mundo, virou reportagem no The Wall Street Journal e transformou Varginha na cidade brasileira da ufologia, mas hoje ela \u00e9 lembrada como sin\u00f4nimo de viver [&hellip;]<\/p>\n","protected":false},"author":8,"featured_media":205242,"comment_status":"open","ping_status":"open","sticky":false,"template":"","format":"standard","meta":{"_yoast_wpseo_focuskw":"viver bem no interior","_yoast_wpseo_title":"","_yoast_wpseo_metadesc":"Caso de um ET em 1996 colocou essa cidade brasileira no notici\u00e1rio mundial. Hoje ela se destaca como ideal para viver bem no interior.","jnews-multi-image_gallery":[],"jnews_single_post":{"format":"standard"},"jnews_primary_category":[],"jnews_social_meta":[],"jnews_override_counter":[],"footnotes":""},"categories":[108,111],"post_tag":[388,11337],"class_list":["post-205080","post","type-post","status-publish","format-standard","has-post-thumbnail","hentry","category-cidades","category-turismo","tag-minas-gerais","tag-varginha"],"yoast_head":"<!-- This site is optimized with the Yoast SEO plugin v24.6 - https:\/\/yoast.com\/wordpress\/plugins\/seo\/ -->\n<title>Um ET deixou essa cidade brasileira famosa mundialmente em 1996, mas hoje ela \u00e9 conhecida pela tranquilidade de viver bem no interior - Correio Braziliense - Radar<\/title>\n<meta name=\"description\" content=\"Caso de um ET em 1996 colocou essa cidade brasileira no notici\u00e1rio mundial. Hoje ela se destaca como ideal para viver bem no interior.\" \/>\n<meta name=\"robots\" content=\"index, follow, max-snippet:-1, max-image-preview:large, max-video-preview:-1\" \/>\n<link rel=\"canonical\" href=\"https:\/\/www.correiobraziliense.com.br\/cbradar\/um-et-deixou-essa-cidade-brasileira-famosa-mundialmente-em-1996-mas-hoje-ela-e-conhecida-pela-tranquilidade-de-viver-bem-no-interior\/\" \/>\n<meta property=\"og:locale\" content=\"pt_BR\" \/>\n<meta property=\"og:type\" content=\"article\" \/>\n<meta property=\"og:title\" content=\"Um ET deixou essa cidade brasileira famosa mundialmente em 1996, mas hoje ela \u00e9 conhecida pela tranquilidade de viver bem no interior - Correio Braziliense - Radar\" \/>\n<meta property=\"og:description\" content=\"Caso de um ET em 1996 colocou essa cidade brasileira no notici\u00e1rio mundial. Hoje ela se destaca como ideal para viver bem no interior.\" \/>\n<meta property=\"og:url\" content=\"https:\/\/www.correiobraziliense.com.br\/cbradar\/um-et-deixou-essa-cidade-brasileira-famosa-mundialmente-em-1996-mas-hoje-ela-e-conhecida-pela-tranquilidade-de-viver-bem-no-interior\/\" \/>\n<meta property=\"og:site_name\" content=\"Correio Braziliense - Radar\" \/>\n<meta property=\"article:published_time\" content=\"2026-03-09T11:25:00+00:00\" \/>\n<meta property=\"article:modified_time\" content=\"2026-03-09T16:59:03+00:00\" \/>\n<meta property=\"og:image\" content=\"https:\/\/www.correiobraziliense.com.br\/cbradar\/wp-content\/uploads\/2026\/03\/aaa-97.png\" \/>\n\t<meta property=\"og:image:width\" content=\"1280\" \/>\n\t<meta property=\"og:image:height\" content=\"720\" \/>\n\t<meta property=\"og:image:type\" content=\"image\/png\" \/>\n<meta name=\"author\" content=\"Maura Pereira\" \/>\n<meta name=\"twitter:card\" content=\"summary_large_image\" \/>\n<meta name=\"twitter:label1\" content=\"Escrito por\" \/>\n\t<meta name=\"twitter:data1\" content=\"Maura Pereira\" \/>\n\t<meta name=\"twitter:label2\" content=\"Est. tempo de leitura\" \/>\n\t<meta name=\"twitter:data2\" content=\"6 minutos\" \/>\n<!-- \/ Yoast SEO plugin. -->","yoast_head_json":{"title":"Um ET deixou essa cidade brasileira famosa mundialmente em 1996, mas hoje ela \u00e9 conhecida pela tranquilidade de viver bem no interior - Correio Braziliense - Radar","description":"Caso de um ET em 1996 colocou essa cidade brasileira no notici\u00e1rio mundial. Hoje ela se destaca como ideal para viver bem no interior.","robots":{"index":"index","follow":"follow","max-snippet":"max-snippet:-1","max-image-preview":"max-image-preview:large","max-video-preview":"max-video-preview:-1"},"canonical":"https:\/\/www.correiobraziliense.com.br\/cbradar\/um-et-deixou-essa-cidade-brasileira-famosa-mundialmente-em-1996-mas-hoje-ela-e-conhecida-pela-tranquilidade-de-viver-bem-no-interior\/","og_locale":"pt_BR","og_type":"article","og_title":"Um ET deixou essa cidade brasileira famosa mundialmente em 1996, mas hoje ela \u00e9 conhecida pela tranquilidade de viver bem no interior - Correio Braziliense - Radar","og_description":"Caso de um ET em 1996 colocou essa cidade brasileira no notici\u00e1rio mundial. Hoje ela se destaca como ideal para viver bem no interior.","og_url":"https:\/\/www.correiobraziliense.com.br\/cbradar\/um-et-deixou-essa-cidade-brasileira-famosa-mundialmente-em-1996-mas-hoje-ela-e-conhecida-pela-tranquilidade-de-viver-bem-no-interior\/","og_site_name":"Correio Braziliense - Radar","article_published_time":"2026-03-09T11:25:00+00:00","article_modified_time":"2026-03-09T16:59:03+00:00","og_image":[{"width":1280,"height":720,"url":"https:\/\/www.correiobraziliense.com.br\/cbradar\/wp-content\/uploads\/2026\/03\/aaa-97.png","type":"image\/png"}],"author":"Maura Pereira","twitter_card":"summary_large_image","twitter_misc":{"Escrito por":"Maura Pereira","Est. tempo de leitura":"6 minutos"},"schema":{"@context":"https:\/\/schema.org","@graph":[{"@type":"WebPage","@id":"https:\/\/www.correiobraziliense.com.br\/cbradar\/um-et-deixou-essa-cidade-brasileira-famosa-mundialmente-em-1996-mas-hoje-ela-e-conhecida-pela-tranquilidade-de-viver-bem-no-interior\/","url":"https:\/\/www.correiobraziliense.com.br\/cbradar\/um-et-deixou-essa-cidade-brasileira-famosa-mundialmente-em-1996-mas-hoje-ela-e-conhecida-pela-tranquilidade-de-viver-bem-no-interior\/","name":"Um ET deixou essa cidade brasileira famosa mundialmente em 1996, mas hoje ela \u00e9 conhecida pela tranquilidade de viver bem no interior - Correio Braziliense - Radar","isPartOf":{"@id":"https:\/\/www.correiobraziliense.com.br\/cbradar\/#website"},"primaryImageOfPage":{"@id":"https:\/\/www.correiobraziliense.com.br\/cbradar\/um-et-deixou-essa-cidade-brasileira-famosa-mundialmente-em-1996-mas-hoje-ela-e-conhecida-pela-tranquilidade-de-viver-bem-no-interior\/#primaryimage"},"image":{"@id":"https:\/\/www.correiobraziliense.com.br\/cbradar\/um-et-deixou-essa-cidade-brasileira-famosa-mundialmente-em-1996-mas-hoje-ela-e-conhecida-pela-tranquilidade-de-viver-bem-no-interior\/#primaryimage"},"thumbnailUrl":"https:\/\/www.correiobraziliense.com.br\/cbradar\/wp-content\/uploads\/2026\/03\/aaa-97.png","datePublished":"2026-03-09T11:25:00+00:00","dateModified":"2026-03-09T16:59:03+00:00","author":{"@id":"https:\/\/www.correiobraziliense.com.br\/cbradar\/#\/schema\/person\/4053c651a9bfc785afc6f4cbc9032fd3"},"description":"Caso de um ET em 1996 colocou essa cidade brasileira no notici\u00e1rio mundial. Hoje ela se destaca como ideal para viver bem no interior.","breadcrumb":{"@id":"https:\/\/www.correiobraziliense.com.br\/cbradar\/um-et-deixou-essa-cidade-brasileira-famosa-mundialmente-em-1996-mas-hoje-ela-e-conhecida-pela-tranquilidade-de-viver-bem-no-interior\/#breadcrumb"},"inLanguage":"pt-BR","potentialAction":[{"@type":"ReadAction","target":["https:\/\/www.correiobraziliense.com.br\/cbradar\/um-et-deixou-essa-cidade-brasileira-famosa-mundialmente-em-1996-mas-hoje-ela-e-conhecida-pela-tranquilidade-de-viver-bem-no-interior\/"]}]},{"@type":"ImageObject","inLanguage":"pt-BR","@id":"https:\/\/www.correiobraziliense.com.br\/cbradar\/um-et-deixou-essa-cidade-brasileira-famosa-mundialmente-em-1996-mas-hoje-ela-e-conhecida-pela-tranquilidade-de-viver-bem-no-interior\/#primaryimage","url":"https:\/\/www.correiobraziliense.com.br\/cbradar\/wp-content\/uploads\/2026\/03\/aaa-97.png","contentUrl":"https:\/\/www.correiobraziliense.com.br\/cbradar\/wp-content\/uploads\/2026\/03\/aaa-97.png","width":1280,"height":720,"caption":"Poucas cidades conseguem reunir ufologia, gastronomia de fazenda e qualidade de vida em um raio t\u00e3o curto. \/ Imagem ilustrativa"},{"@type":"BreadcrumbList","@id":"https:\/\/www.correiobraziliense.com.br\/cbradar\/um-et-deixou-essa-cidade-brasileira-famosa-mundialmente-em-1996-mas-hoje-ela-e-conhecida-pela-tranquilidade-de-viver-bem-no-interior\/#breadcrumb","itemListElement":[{"@type":"ListItem","position":1,"name":"In\u00edcio","item":"https:\/\/www.correiobraziliense.com.br\/cbradar\/"},{"@type":"ListItem","position":2,"name":"Um ET deixou essa cidade brasileira famosa mundialmente em 1996, mas hoje ela \u00e9 conhecida pela tranquilidade de viver bem no interior"}]},{"@type":"WebSite","@id":"https:\/\/www.correiobraziliense.com.br\/cbradar\/#website","url":"https:\/\/www.correiobraziliense.com.br\/cbradar\/","name":"Correio Braziliense - Radar","description":"Acompanhe as \u00faltimas not\u00edcias e fique bem informado sobre tudo o que acontece no Brasil e no mundo.","potentialAction":[{"@type":"SearchAction","target":{"@type":"EntryPoint","urlTemplate":"https:\/\/www.correiobraziliense.com.br\/cbradar\/?s={search_term_string}"},"query-input":{"@type":"PropertyValueSpecification","valueRequired":true,"valueName":"search_term_string"}}],"inLanguage":"pt-BR"},{"@type":"Person","@id":"https:\/\/www.correiobraziliense.com.br\/cbradar\/#\/schema\/person\/4053c651a9bfc785afc6f4cbc9032fd3","name":"Maura Pereira","image":{"@type":"ImageObject","inLanguage":"pt-BR","@id":"https:\/\/www.correiobraziliense.com.br\/cbradar\/#\/schema\/person\/image\/","url":"https:\/\/secure.gravatar.com\/avatar\/3effd6bdadfa447f15089c7f7144eaa6?s=96&d=mm&r=g","contentUrl":"https:\/\/secure.gravatar.com\/avatar\/3effd6bdadfa447f15089c7f7144eaa6?s=96&d=mm&r=g","caption":"Maura Pereira"},"sameAs":["https:\/\/www.correiobraziliense.com.br\/"],"url":"https:\/\/www.correiobraziliense.com.br\/cbradar\/author\/mauramyth\/"}]}},"_links":{"self":[{"href":"https:\/\/www.correiobraziliense.com.br\/cbradar\/wp-json\/wp\/v2\/posts\/205080","targetHints":{"allow":["GET"]}}],"collection":[{"href":"https:\/\/www.correiobraziliense.com.br\/cbradar\/wp-json\/wp\/v2\/posts"}],"about":[{"href":"https:\/\/www.correiobraziliense.com.br\/cbradar\/wp-json\/wp\/v2\/types\/post"}],"author":[{"embeddable":true,"href":"https:\/\/www.correiobraziliense.com.br\/cbradar\/wp-json\/wp\/v2\/users\/8"}],"replies":[{"embeddable":true,"href":"https:\/\/www.correiobraziliense.com.br\/cbradar\/wp-json\/wp\/v2\/comments?post=205080"}],"version-history":[{"count":9,"href":"https:\/\/www.correiobraziliense.com.br\/cbradar\/wp-json\/wp\/v2\/posts\/205080\/revisions"}],"predecessor-version":[{"id":205241,"href":"https:\/\/www.correiobraziliense.com.br\/cbradar\/wp-json\/wp\/v2\/posts\/205080\/revisions\/205241"}],"wp:featuredmedia":[{"embeddable":true,"href":"https:\/\/www.correiobraziliense.com.br\/cbradar\/wp-json\/wp\/v2\/media\/205242"}],"wp:attachment":[{"href":"https:\/\/www.correiobraziliense.com.br\/cbradar\/wp-json\/wp\/v2\/media?parent=205080"}],"wp:term":[{"taxonomy":"category","embeddable":true,"href":"https:\/\/www.correiobraziliense.com.br\/cbradar\/wp-json\/wp\/v2\/categories?post=205080"},{"taxonomy":"post_tag","embeddable":true,"href":"https:\/\/www.correiobraziliense.com.br\/cbradar\/wp-json\/wp\/v2\/post_tag?post=205080"}],"curies":[{"name":"wp","href":"https:\/\/api.w.org\/{rel}","templated":true}]}}