{"id":205081,"date":"2026-03-09T07:55:00","date_gmt":"2026-03-09T10:55:00","guid":{"rendered":"https:\/\/www.correiobraziliense.com.br\/cbradar\/?p=205081"},"modified":"2026-03-09T07:11:24","modified_gmt":"2026-03-09T10:11:24","slug":"com-rochas-vulcanicas-de-120-milhoes-de-anos-e-a-ilha-dos-lobos-essa-praia-de-aguas-cristalinas-e-o-lugar-favorito-dos-gauchos-para-visitar","status":"publish","type":"post","link":"https:\/\/www.correiobraziliense.com.br\/cbradar\/com-rochas-vulcanicas-de-120-milhoes-de-anos-e-a-ilha-dos-lobos-essa-praia-de-aguas-cristalinas-e-o-lugar-favorito-dos-gauchos-para-visitar\/","title":{"rendered":"Com rochas vulc\u00e2nicas de 120 milh\u00f5es de anos e a ilha dos lobos, essa praia de \u00e1guas cristalinas \u00e9 o lugar favorito dos ga\u00fachos para visitar"},"content":{"rendered":"\n<p>Mais de 600 km de litoral plano separam <strong>Porto Alegre<\/strong> do extremo norte ga\u00facho. Ali, na divisa com <strong>Santa Catarina<\/strong>, a <strong>Serra Geral<\/strong> lan\u00e7a fragmentos de rocha direto na praia de \u00e1guas cristalinas e cria um cen\u00e1rio que n\u00e3o se repete em nenhum outro ponto da costa brasileira. Essa \u00e9 <strong>Torres<\/strong>, a cidade que leva no nome as forma\u00e7\u00f5es que a fizeram famosa.<\/p>\n\n\n\n<h2 class=\"wp-block-heading\">Por que as rochas de Torres s\u00e3o \u00fanicas no litoral brasileiro?<\/h2>\n\n\n\n<p>As fal\u00e9sias nasceram h\u00e1 cerca de 120 milh\u00f5es de anos, quando o continente americano se separou do africano. Erup\u00e7\u00f5es vulc\u00e2nicas derramaram lava sobre um deserto antigo, e a sobreposi\u00e7\u00e3o de basalto e arenito, esculpida pelo vento e pelo mar ao longo dos mil\u00eanios, formou as torres que deram nome \u00e0 cidade. Segundo a <a href=\"https:\/\/torres.rs.gov.br\/2021\/06\/10\/saiba-sobre-geologia-de-torres\/\" target=\"_blank\" rel=\"noreferrer noopener\"><strong>Prefeitura de Torres<\/strong><\/a>, essas fei\u00e7\u00f5es geol\u00f3gicas t\u00eam relev\u00e2ncia internacional e fazem parte do <strong>Geoparque Caminhos dos C\u00e2nions do Sul<\/strong>, reconhecido pela <strong>UNESCO<\/strong>.<\/p>\n\n\n\n<p>\u00c9 poss\u00edvel ver o contato entre as duas rochas a olho nu nas paredes do <strong>Parque Estadual da Guarita<\/strong>. Poucas praias no mundo permitem essa aula de geologia com os p\u00e9s na areia.<\/p>\n\n\n<div class=\"wp-block-image\">\n<figure class=\"aligncenter size-large\"><img decoding=\"async\" width=\"1024\" height=\"576\" src=\"https:\/\/www.correiobraziliense.com.br\/cbradar\/wp-content\/uploads\/2025\/08\/Edicoes-44-1024x576.png\" alt=\"Com rochas de 150 milh\u00f5es de anos, o para\u00edso ga\u00facho \u00fanico de \u00e1guas cristalinas chama aten\u00e7\u00e3o ao atrair turistas de todo o estado\" class=\"wp-image-79834\" srcset=\"https:\/\/www.correiobraziliense.com.br\/cbradar\/wp-content\/uploads\/2025\/08\/Edicoes-44-1024x576.png 1024w, https:\/\/www.correiobraziliense.com.br\/cbradar\/wp-content\/uploads\/2025\/08\/Edicoes-44-300x169.png 300w, https:\/\/www.correiobraziliense.com.br\/cbradar\/wp-content\/uploads\/2025\/08\/Edicoes-44-768x432.png 768w, https:\/\/www.correiobraziliense.com.br\/cbradar\/wp-content\/uploads\/2025\/08\/Edicoes-44-750x422.png 750w, https:\/\/www.correiobraziliense.com.br\/cbradar\/wp-content\/uploads\/2025\/08\/Edicoes-44-1140x641.png 1140w, https:\/\/www.correiobraziliense.com.br\/cbradar\/wp-content\/uploads\/2025\/08\/Edicoes-44.png 1280w\" sizes=\"(max-width: 1024px) 100vw, 1024px\" \/><figcaption class=\"wp-element-caption\">Torres, RS, \u00e9 famosa pelas forma\u00e7\u00f5es rochosas \u00fanicas e praias que atraem turistas o ano todo. \/\/ Cr\u00e9ditos: Wikipedia<\/figcaption><\/figure><\/div>\n\n\n<h2 class=\"wp-block-heading\">Quais praias conhecer em Torres?<\/h2>\n\n\n\n<p>S\u00e3o pelo menos seis praias em menos de 10 km de costa, cada uma com personalidade pr\u00f3pria.<\/p>\n\n\n\n<ul class=\"wp-block-list\">\n<li><strong>Praia da Guarita<\/strong>: apenas 200 metros de faixa de areia entre duas fal\u00e9sias, dentro do Parque Estadual. Cen\u00e1rio raro, mar agitado e bom para fotos.<\/li>\n\n\n\n<li><strong>Praia da Cal<\/strong>: entre o <strong>Morro do Farol<\/strong> e o <strong>Morro das Furnas<\/strong>, \u00e9 ponto de encontro de surfistas pelo fundo rochoso que forma boas ondas.<\/li>\n\n\n\n<li><strong>Prainha<\/strong>: menor e mais protegida, ideal para fam\u00edlias. Tem cal\u00e7ad\u00e3o, vista para o Morro do Farol e o letreiro da cidade.<\/li>\n\n\n\n<li><strong>Praia Grande<\/strong>: a mais extensa e movimentada, com boa infraestrutura de bares, restaurantes e espa\u00e7o para esportes na areia.<\/li>\n\n\n\n<li><strong>Praia da Itapeva<\/strong>: 6 km de extens\u00e3o ao sul do parque, \u00e9 a \u00fanica que permite acesso de carros. O nome vem do tupi-guarani e significa &#8220;pedra chata&#8221;.<\/li>\n\n\n\n<li><strong>Praia dos Molhes<\/strong>: na divisa com <strong>Passo de Torres<\/strong> (SC), procurada por pescadores e surfistas. Boa para ver o p\u00f4r do sol junto ao <strong>Rio Mampituba<\/strong>.<\/li>\n<\/ul>\n\n\n\n<p><strong>Torres \u00e9 o destino mais ic\u00f4nico do litoral ga\u00facho, onde o mar encontra pared\u00f5es rochosos que rompem o padr\u00e3o das praias brasileiras. <\/strong>O v\u00eddeo \u00e9 do canal <strong>Hugo Corelli<\/strong>, com mais de <strong>220 mil inscritos<\/strong>, que apresenta a &#8220;beleza bruta&#8221; da regi\u00e3o, explorando fal\u00e9sias, mirantes e uma cachoeira imponente nos arredores:<\/p>\n\n\n\n<figure class=\"wp-block-embed aligncenter is-type-video is-provider-youtube wp-block-embed-youtube wp-embed-aspect-16-9 wp-has-aspect-ratio\"><div class=\"wp-block-embed__wrapper\">\n<div class=\"jeg_video_container jeg_video_content\"><iframe loading=\"lazy\" title=\"Torres RS: A Beleza Bruta do Litoral Ga\u00facho\" width=\"500\" height=\"281\" src=\"https:\/\/www.youtube.com\/embed\/jtNgO146Jyc?feature=oembed\" frameborder=\"0\" allow=\"accelerometer; autoplay; clipboard-write; encrypted-media; gyroscope; picture-in-picture; web-share\" referrerpolicy=\"strict-origin-when-cross-origin\" allowfullscreen><\/iframe><\/div>\n<\/div><\/figure>\n\n\n\n<h2 class=\"wp-block-heading\">O que fazer al\u00e9m da praia de \u00e1guas cristalinas no litoral norte ga\u00facho?<\/h2>\n\n\n\n<p>Torres tem atra\u00e7\u00f5es para o ano inteiro. O <a href=\"https:\/\/torres.rs.gov.br\/viva\/ilha-dos-lobos\/\" target=\"_blank\" rel=\"noreferrer noopener\"><strong>Parque Estadual da Guarita<\/strong><\/a> re\u00fane trilhas entre as fal\u00e9sias, escadarias at\u00e9 o topo da Torre Sul (124 degraus) e a vista das furnas esculpidas pelo mar. A entrada para pedestres \u00e9 gratuita.<\/p>\n\n\n\n<p>O <strong>Morro do Farol<\/strong>, fora do parque, \u00e9 o \u00fanico com acesso de carro at\u00e9 o cume. Do alto, a vista alcan\u00e7a toda a orla, a <strong>Ilha dos Lobos<\/strong> e a serra ao fundo. O farol funciona desde 1912 e o local \u00e9 rampa de decolagem para voos de parapente.<\/p>\n\n\n\n<p>A <strong>Lagoa do Viol\u00e3o<\/strong>, no centro, tem formato que justifica o apelido e circuito de 2 km para caminhada, corrida e stand up paddle. J\u00e1 a <strong>Ponte P\u00eansil<\/strong> sobre o Rio Mampituba conecta <strong>Rio Grande do Sul<\/strong> e Santa Catarina a p\u00e9, balan\u00e7ando sobre a \u00e1gua com limite de 20 pessoas por vez.<\/p>\n\n\n<div class=\"wp-block-image\">\n<figure class=\"aligncenter size-large\"><img decoding=\"async\" width=\"1024\" height=\"576\" src=\"https:\/\/www.correiobraziliense.com.br\/cbradar\/wp-content\/uploads\/2025\/08\/Edicoes-46-1024x576.png\" alt=\"A cidade das &quot;Torres&quot; de pedras no Sul que encantam com uma beleza pouco vista no pa\u00eds\" class=\"wp-image-79832\" srcset=\"https:\/\/www.correiobraziliense.com.br\/cbradar\/wp-content\/uploads\/2025\/08\/Edicoes-46-1024x576.png 1024w, https:\/\/www.correiobraziliense.com.br\/cbradar\/wp-content\/uploads\/2025\/08\/Edicoes-46-300x169.png 300w, https:\/\/www.correiobraziliense.com.br\/cbradar\/wp-content\/uploads\/2025\/08\/Edicoes-46-768x432.png 768w, https:\/\/www.correiobraziliense.com.br\/cbradar\/wp-content\/uploads\/2025\/08\/Edicoes-46-750x422.png 750w, https:\/\/www.correiobraziliense.com.br\/cbradar\/wp-content\/uploads\/2025\/08\/Edicoes-46-1140x641.png 1140w, https:\/\/www.correiobraziliense.com.br\/cbradar\/wp-content\/uploads\/2025\/08\/Edicoes-46.png 1280w\" sizes=\"(max-width: 1024px) 100vw, 1024px\" \/><figcaption class=\"wp-element-caption\">Torres \u00e9 uma cidade do Rio Grande do Sul conhecida por suas praias e fal\u00e9sias naturais. \/\/ Cr\u00e9ditos: Wikipedia<\/figcaption><\/figure><\/div>\n\n\n<h2 class=\"wp-block-heading\">Ilha dos Lobos: a \u00fanica ilha mar\u00edtima do estado<\/h2>\n\n\n\n<p>A 1,8 km da costa, a <a href=\"https:\/\/www.gov.br\/icmbio\/pt-br\/assuntos\/noticias\/ultimas-noticias\/icmbio-inaugura-visitacao-oficial-a-ilha-dos-lobos-com-atividades-de-ecoturismo-e-educacao-ambiental-em-torres-rs\" target=\"_blank\" rel=\"noreferrer noopener\"><strong>Ilha dos Lobos<\/strong><\/a> \u00e9 um Ref\u00fagio de Vida Silvestre gerido pelo <strong>Instituto Chico Mendes de Conserva\u00e7\u00e3o da Biodiversidade (ICMBio)<\/strong>. Registros de lobos e le\u00f5es-marinhos no local datam de 1797. Entre julho e outubro, baleias-francas-austrais passam pelo entorno da ilha com seus filhotes.<\/p>\n\n\n\n<p>Em outubro de 2025, o ICMBio inaugurou a visita\u00e7\u00e3o oficial por caiaque e stand up paddle, gratuita e com agendamento pr\u00e9vio pelo site do instituto. O desembarque na ilha continua proibido para proteger a fauna. A Ilha dos Lobos \u00e9 considerada o primeiro geoss\u00edtio marinho da <strong>Am\u00e9rica Latina<\/strong>.<\/p>\n\n\n\n<h2 class=\"wp-block-heading\">Quando os bal\u00f5es colorem o c\u00e9u de Torres?<\/h2>\n\n\n\n<p>O <a href=\"https:\/\/torres.rs.gov.br\/festival-de-balonismo\/\" target=\"_blank\" rel=\"noreferrer noopener\"><strong>Festival Internacional de Balonismo<\/strong><\/a> acontece todos os anos pr\u00f3ximo \u00e0 P\u00e1scoa e \u00e9 o maior da Am\u00e9rica Latina. A 36\u00aa edi\u00e7\u00e3o est\u00e1 confirmada para 30 de abril a 3 de maio de 2026, no <strong>Parque Odilo Webber Rodrigues<\/strong>. S\u00e3o quatro dias de competi\u00e7\u00f5es, shows e o tradicional Night Glow, quando dezenas de bal\u00f5es iluminam a noite ao som dos ma\u00e7aricos. O evento nasceu em 1989 como atra\u00e7\u00e3o de uma feira agr\u00edcola e cresceu at\u00e9 Torres ser reconhecida como <strong>Capital Nacional do Balonismo<\/strong> por lei federal.<\/p>\n\n\n<div class=\"wp-block-image\">\n<figure class=\"aligncenter size-large\"><img decoding=\"async\" width=\"1024\" height=\"576\" src=\"https:\/\/www.correiobraziliense.com.br\/cbradar\/wp-content\/uploads\/2025\/11\/Torres-com-sol-nascendo-1280x720-1-1024x576.png\" alt=\"A &quot;Mais Bela Praia dos Ga\u00fachos&quot; e o \u00fanico lugar do RS com pared\u00f5es rochosos \u00e0 beira-mar\" class=\"wp-image-142485\" srcset=\"https:\/\/www.correiobraziliense.com.br\/cbradar\/wp-content\/uploads\/2025\/11\/Torres-com-sol-nascendo-1280x720-1-1024x576.png 1024w, https:\/\/www.correiobraziliense.com.br\/cbradar\/wp-content\/uploads\/2025\/11\/Torres-com-sol-nascendo-1280x720-1-300x169.png 300w, https:\/\/www.correiobraziliense.com.br\/cbradar\/wp-content\/uploads\/2025\/11\/Torres-com-sol-nascendo-1280x720-1-768x432.png 768w, https:\/\/www.correiobraziliense.com.br\/cbradar\/wp-content\/uploads\/2025\/11\/Torres-com-sol-nascendo-1280x720-1-750x422.png 750w, https:\/\/www.correiobraziliense.com.br\/cbradar\/wp-content\/uploads\/2025\/11\/Torres-com-sol-nascendo-1280x720-1-1140x641.png 1140w, https:\/\/www.correiobraziliense.com.br\/cbradar\/wp-content\/uploads\/2025\/11\/Torres-com-sol-nascendo-1280x720-1.png 1280w\" sizes=\"(max-width: 1024px) 100vw, 1024px\" \/><figcaption class=\"wp-element-caption\">Torres re\u00fane rotina tranquila, estrutura de cidade litor\u00e2nea e um cen\u00e1rio natural que impressiona em qualquer \u00e9poca do ano. \/ Imagem ilustrativa<\/figcaption><\/figure><\/div>\n\n\n<p><strong>Leia tamb\u00e9m: <a href=\"https:\/\/www.correiobraziliense.com.br\/cbradar\/um-paraiso-com-65-ilhas-e-300-praias-em-uma-cidade-historica-do-seculo-xvii-guarda-um-fenomeno-raro-da-natureza-unico\/\" target=\"_blank\" rel=\"noreferrer noopener\">Um para\u00edso com 65 ilhas e 300 praias em uma cidade hist\u00f3rica do s\u00e9culo XVII guarda um fen\u00f4meno raro da natureza \u00fanico.<\/a><\/strong><\/p>\n\n\n\n<h2 class=\"wp-block-heading\">Quando o clima favorece cada tipo de passeio?<\/h2>\n\n\n\n<p>O litoral norte ga\u00facho tem esta\u00e7\u00f5es bem definidas. O ver\u00e3o \u00e9 quente e movimentado, enquanto o inverno traz a fauna migrat\u00f3ria e temperaturas que podem cair abaixo dos 10 \u00b0C.<\/p>\n\n\n\n<div class=\"google-auto-ads-ignore\" style=\"font-family: 'Segoe UI', Roboto, Helvetica, Arial, sans-serif; max-width: 900px; margin: 10px auto; display: flex; flex-wrap: wrap; gap: 12px; justify-content: center;\">\n\n  <div style=\"flex: 1 1 200px; background: #ffffff; border-radius: 12px; border: 1px solid #bfdbfe; box-shadow: 0 2px 10px rgba(37, 99, 235, 0.05); overflow: hidden; display: flex; flex-direction: column;\">\n    <div style=\"background: #eff6ff; padding: 10px; border-bottom: 1px solid #dbeafe; display: flex; align-items: center; gap: 8px;\">\n      <div style=\"background: #2563eb; padding: 4px; border-radius: 6px; display: flex;\">\n        <svg width=\"14\" height=\"14\" viewBox=\"0 0 24 24\" fill=\"none\" stroke=\"#ffffff\" stroke-width=\"3\" stroke-linecap=\"round\" stroke-linejoin=\"round\"><circle cx=\"12\" cy=\"12\" r=\"5\"\/><line x1=\"12\" y1=\"1\" x2=\"12\" y2=\"3\"\/><line x1=\"12\" y1=\"21\" x2=\"12\" y2=\"23\"\/><line x1=\"4.22\" y1=\"4.22\" x2=\"5.64\" y2=\"5.64\"\/><line x1=\"18.36\" y1=\"18.36\" x2=\"19.78\" y2=\"19.78\"\/><line x1=\"1\" y1=\"12\" x2=\"3\" y2=\"12\"\/><line x1=\"21\" y1=\"12\" x2=\"23\" y2=\"12\"\/><\/svg>\n      <\/div>\n      <span style=\"font-size: 0.75rem; font-weight: 800; color: #1e3a8a; letter-spacing: 0.05em;\">VER\u00c3O<\/span>\n    <\/div>\n    <div style=\"padding: 12px; text-align: center;\">\n      <div style=\"font-size: 0.7rem; color: #1d4ed8; font-weight: 700;\">DEZ &#8211; FEV<\/div>\n      <div style=\"font-size: 1.2rem; font-weight: 900; color: #2563eb; margin: 2px 0;\">20-30 \u00b0C<\/div>\n      <div style=\"font-size: 0.8rem; color: #1e293b; line-height: 1.3;\">Chuva m\u00e9dia. Aproveite os dias de sol para curtir as <strong>praias, praticar surf e voar de parapente<\/strong>.<\/div>\n    <\/div>\n  <\/div>\n\n  <div style=\"flex: 1 1 200px; background: #ffffff; border-radius: 12px; border: 1px solid #bfdbfe; box-shadow: 0 2px 10px rgba(37, 99, 235, 0.05); overflow: hidden; display: flex; flex-direction: column;\">\n    <div style=\"background: #eff6ff; padding: 10px; border-bottom: 1px solid #dbeafe; display: flex; align-items: center; gap: 8px;\">\n      <div style=\"background: #2563eb; padding: 4px; border-radius: 6px; display: flex;\">\n        <svg width=\"14\" height=\"14\" viewBox=\"0 0 24 24\" fill=\"none\" stroke=\"#ffffff\" stroke-width=\"3\" stroke-linecap=\"round\" stroke-linejoin=\"round\"><path d=\"M12 2L2 7l10 5 10-5-10-5zM2 17l10 5 10-5M2 12l10 5 10-5\"\/><\/svg>\n      <\/div>\n      <span style=\"font-size: 0.75rem; font-weight: 800; color: #1e3a8a; letter-spacing: 0.05em;\">OUTONO<\/span>\n    <\/div>\n    <div style=\"padding: 12px; text-align: center;\">\n      <div style=\"font-size: 0.7rem; color: #1d4ed8; font-weight: 700;\">MAR &#8211; MAI<\/div>\n      <div style=\"font-size: 1.2rem; font-weight: 900; color: #2563eb; margin: 2px 0;\">15-25 \u00b0C<\/div>\n      <div style=\"font-size: 0.8rem; color: #1e293b; line-height: 1.3;\">Chuva m\u00e9dia. \u00c9poca do famoso <strong>Festival de Balonismo<\/strong>, com temperaturas muito agrad\u00e1veis.<\/div>\n    <\/div>\n  <\/div>\n\n  <div style=\"flex: 1 1 200px; background: #ffffff; border-radius: 12px; border: 1px solid #bfdbfe; box-shadow: 0 2px 10px rgba(37, 99, 235, 0.05); overflow: hidden; display: flex; flex-direction: column;\">\n    <div style=\"background: #eff6ff; padding: 10px; border-bottom: 1px solid #dbeafe; display: flex; align-items: center; gap: 8px;\">\n      <div style=\"background: #2563eb; padding: 4px; border-radius: 6px; display: flex;\">\n        <svg width=\"14\" height=\"14\" viewBox=\"0 0 24 24\" fill=\"none\" stroke=\"#ffffff\" stroke-width=\"3\" stroke-linecap=\"round\" stroke-linejoin=\"round\"><path d=\"M12 3a6 6 0 0 0 9 9 9 9 0 1 1-9-9Z\"\/><path d=\"M19 3v4\"\/><path d=\"M21 5h-4\"\/><\/svg>\n      <\/div>\n      <span style=\"font-size: 0.75rem; font-weight: 800; color: #1e3a8a; letter-spacing: 0.05em;\">INVERNO<\/span>\n    <\/div>\n    <div style=\"padding: 12px; text-align: center;\">\n      <div style=\"font-size: 0.7rem; color: #1d4ed8; font-weight: 700;\">JUN &#8211; AGO<\/div>\n      <div style=\"font-size: 1.2rem; font-weight: 900; color: #2563eb; margin: 2px 0;\">8-18 \u00b0C<\/div>\n      <div style=\"font-size: 0.8rem; color: #1e293b; line-height: 1.3;\">Chuva baixa. Melhor \u00e9poca para avistar <strong>baleias e le\u00f5es-marinhos<\/strong> nos pared\u00f5es da Guarita.<\/div>\n    <\/div>\n  <\/div>\n\n  <div style=\"flex: 1 1 200px; background: #ffffff; border-radius: 12px; border: 1px solid #bfdbfe; box-shadow: 0 2px 10px rgba(37, 99, 235, 0.05); overflow: hidden; display: flex; flex-direction: column;\">\n    <div style=\"background: #eff6ff; padding: 10px; border-bottom: 1px solid #dbeafe; display: flex; align-items: center; gap: 10px;\">\n      <div style=\"background: #2563eb; padding: 4px; border-radius: 6px; display: flex;\">\n        <svg width=\"14\" height=\"14\" viewBox=\"0 0 24 24\" fill=\"none\" stroke=\"#ffffff\" stroke-width=\"3\" stroke-linecap=\"round\" stroke-linejoin=\"round\"><path d=\"M12 7.5V21m-4.5-9L12 21l4.5-9\"\/><\/svg>\n      <\/div>\n      <span style=\"font-size: 0.75rem; font-weight: 800; color: #1e3a8a; letter-spacing: 0.05em;\">PRIMAVERA<\/span>\n    <\/div>\n    <div style=\"padding: 12px; text-align: center;\">\n      <div style=\"font-size: 0.7rem; color: #1d4ed8; font-weight: 700;\">SET &#8211; NOV<\/div>\n      <div style=\"font-size: 1.2rem; font-weight: 900; color: #2563eb; margin: 2px 0;\">14-24 \u00b0C<\/div>\n      <div style=\"font-size: 0.8rem; color: #1e293b; line-height: 1.3;\">Chuva m\u00e9dia. Ideal para <strong>trilhas e observa\u00e7\u00e3o de fauna<\/strong> com a vegeta\u00e7\u00e3o se renovando.<\/div>\n    <\/div>\n  <\/div>\n\n<\/div>\n\n\n\n<p><em>Temperaturas aproximadas com base no <a href=\"https:\/\/www.climatempo.com.br\/previsao-do-tempo\/cidade\/370\/torres-rs\" target=\"_blank\" rel=\"noreferrer noopener\"><strong>Climatempo<\/strong><\/a>. Condi\u00e7\u00f5es podem variar.<\/em><\/p>\n\n\n\n<h2 class=\"wp-block-heading\">Como chegar \u00e0s fal\u00e9sias do litoral norte ga\u00facho?<\/h2>\n\n\n\n<p>Torres fica a 197 km de <strong>Porto Alegre<\/strong> pela Estrada do Mar (<strong>RS-389<\/strong>) e pela <strong>BR-101<\/strong>, cerca de 2h30 de carro. \u00d4nibus partem da rodovi\u00e1ria da capital em diversos hor\u00e1rios. Quem vem de <strong>Florian\u00f3polis<\/strong> percorre 290 km pela BR-101. O aeroporto mais pr\u00f3ximo \u00e9 o <strong>Salgado Filho (POA)<\/strong>.<\/p>\n\n\n\n<h2 class=\"wp-block-heading\">Suba nas torres e veja o Atl\u00e2ntico de outro \u00e2ngulo<\/h2>\n\n\n\n<p>Torres entrega geologia de relev\u00e2ncia mundial, fauna migrat\u00f3ria vis\u00edvel da areia, um festival que colore o c\u00e9u com dezenas de bal\u00f5es e praias que n\u00e3o se repetem em lugar nenhum do litoral brasileiro. Tudo isso em uma cidade de pouco mais de 30 mil habitantes, sem fila e sem frescura.<\/p>\n\n\n\n<p>Voc\u00ea precisa subir os 124 degraus da Torre Sul, olhar o Atl\u00e2ntico batendo no basalto e entender por que essa \u00e9 a praia mais diferente do sul do Brasil.<\/p>\n","protected":false},"excerpt":{"rendered":"<p>Mais de 600 km de litoral plano separam Porto Alegre do extremo norte ga\u00facho. Ali, na divisa com Santa Catarina, a Serra Geral lan\u00e7a fragmentos de rocha direto na praia de \u00e1guas cristalinas e cria um cen\u00e1rio que n\u00e3o se repete em nenhum outro ponto da costa brasileira. Essa \u00e9 Torres, a cidade que leva [&hellip;]<\/p>\n","protected":false},"author":8,"featured_media":201264,"comment_status":"open","ping_status":"open","sticky":false,"template":"","format":"standard","meta":{"_yoast_wpseo_focuskw":"praia de \u00e1guas cristalinas","_yoast_wpseo_title":"","_yoast_wpseo_metadesc":"Praia do litoral ga\u00facho chama aten\u00e7\u00e3o por rochas vulc\u00e2nicas de 120 milh\u00f5es de anos, \u00e1guas cristalinas e a famosa ilha dos lobos-marinhos.","jnews-multi-image_gallery":[],"jnews_single_post":{"format":"standard"},"jnews_primary_category":[],"jnews_social_meta":[],"jnews_override_counter":[],"footnotes":""},"categories":[108,111],"post_tag":[851,579],"class_list":["post-205081","post","type-post","status-publish","format-standard","has-post-thumbnail","hentry","category-cidades","category-turismo","tag-santa-catarina","tag-torres"],"yoast_head":"<!-- This site is optimized with the Yoast SEO plugin v24.6 - https:\/\/yoast.com\/wordpress\/plugins\/seo\/ -->\n<title>Com rochas vulc\u00e2nicas de 120 milh\u00f5es de anos e a ilha dos lobos, essa praia de \u00e1guas cristalinas \u00e9 o lugar favorito dos ga\u00fachos para visitar - Correio Braziliense - Radar<\/title>\n<meta name=\"description\" content=\"Praia do litoral ga\u00facho chama aten\u00e7\u00e3o por rochas vulc\u00e2nicas de 120 milh\u00f5es de anos, \u00e1guas cristalinas e a famosa ilha dos lobos-marinhos.\" \/>\n<meta name=\"robots\" content=\"index, follow, max-snippet:-1, max-image-preview:large, max-video-preview:-1\" \/>\n<link rel=\"canonical\" href=\"https:\/\/www.correiobraziliense.com.br\/cbradar\/com-rochas-vulcanicas-de-120-milhoes-de-anos-e-a-ilha-dos-lobos-essa-praia-de-aguas-cristalinas-e-o-lugar-favorito-dos-gauchos-para-visitar\/\" \/>\n<meta property=\"og:locale\" content=\"pt_BR\" \/>\n<meta property=\"og:type\" content=\"article\" \/>\n<meta property=\"og:title\" content=\"Com rochas vulc\u00e2nicas de 120 milh\u00f5es de anos e a ilha dos lobos, essa praia de \u00e1guas cristalinas \u00e9 o lugar favorito dos ga\u00fachos para visitar - Correio Braziliense - Radar\" \/>\n<meta property=\"og:description\" content=\"Praia do litoral ga\u00facho chama aten\u00e7\u00e3o por rochas vulc\u00e2nicas de 120 milh\u00f5es de anos, \u00e1guas cristalinas e a famosa ilha dos lobos-marinhos.\" \/>\n<meta property=\"og:url\" content=\"https:\/\/www.correiobraziliense.com.br\/cbradar\/com-rochas-vulcanicas-de-120-milhoes-de-anos-e-a-ilha-dos-lobos-essa-praia-de-aguas-cristalinas-e-o-lugar-favorito-dos-gauchos-para-visitar\/\" \/>\n<meta property=\"og:site_name\" content=\"Correio Braziliense - Radar\" \/>\n<meta property=\"article:published_time\" content=\"2026-03-09T10:55:00+00:00\" \/>\n<meta property=\"og:image\" content=\"https:\/\/www.correiobraziliense.com.br\/cbradar\/wp-content\/uploads\/2026\/03\/aaa-2026-03-01T095802.371.png\" \/>\n\t<meta property=\"og:image:width\" content=\"1280\" \/>\n\t<meta property=\"og:image:height\" content=\"720\" \/>\n\t<meta property=\"og:image:type\" content=\"image\/png\" \/>\n<meta name=\"author\" content=\"Maura Pereira\" \/>\n<meta name=\"twitter:card\" content=\"summary_large_image\" \/>\n<meta name=\"twitter:label1\" content=\"Escrito por\" \/>\n\t<meta name=\"twitter:data1\" content=\"Maura Pereira\" \/>\n\t<meta name=\"twitter:label2\" content=\"Est. tempo de leitura\" \/>\n\t<meta name=\"twitter:data2\" content=\"7 minutos\" \/>\n<!-- \/ Yoast SEO plugin. -->","yoast_head_json":{"title":"Com rochas vulc\u00e2nicas de 120 milh\u00f5es de anos e a ilha dos lobos, essa praia de \u00e1guas cristalinas \u00e9 o lugar favorito dos ga\u00fachos para visitar - Correio Braziliense - Radar","description":"Praia do litoral ga\u00facho chama aten\u00e7\u00e3o por rochas vulc\u00e2nicas de 120 milh\u00f5es de anos, \u00e1guas cristalinas e a famosa ilha dos lobos-marinhos.","robots":{"index":"index","follow":"follow","max-snippet":"max-snippet:-1","max-image-preview":"max-image-preview:large","max-video-preview":"max-video-preview:-1"},"canonical":"https:\/\/www.correiobraziliense.com.br\/cbradar\/com-rochas-vulcanicas-de-120-milhoes-de-anos-e-a-ilha-dos-lobos-essa-praia-de-aguas-cristalinas-e-o-lugar-favorito-dos-gauchos-para-visitar\/","og_locale":"pt_BR","og_type":"article","og_title":"Com rochas vulc\u00e2nicas de 120 milh\u00f5es de anos e a ilha dos lobos, essa praia de \u00e1guas cristalinas \u00e9 o lugar favorito dos ga\u00fachos para visitar - Correio Braziliense - Radar","og_description":"Praia do litoral ga\u00facho chama aten\u00e7\u00e3o por rochas vulc\u00e2nicas de 120 milh\u00f5es de anos, \u00e1guas cristalinas e a famosa ilha dos lobos-marinhos.","og_url":"https:\/\/www.correiobraziliense.com.br\/cbradar\/com-rochas-vulcanicas-de-120-milhoes-de-anos-e-a-ilha-dos-lobos-essa-praia-de-aguas-cristalinas-e-o-lugar-favorito-dos-gauchos-para-visitar\/","og_site_name":"Correio Braziliense - Radar","article_published_time":"2026-03-09T10:55:00+00:00","og_image":[{"width":1280,"height":720,"url":"https:\/\/www.correiobraziliense.com.br\/cbradar\/wp-content\/uploads\/2026\/03\/aaa-2026-03-01T095802.371.png","type":"image\/png"}],"author":"Maura Pereira","twitter_card":"summary_large_image","twitter_misc":{"Escrito por":"Maura Pereira","Est. tempo de leitura":"7 minutos"},"schema":{"@context":"https:\/\/schema.org","@graph":[{"@type":"WebPage","@id":"https:\/\/www.correiobraziliense.com.br\/cbradar\/com-rochas-vulcanicas-de-120-milhoes-de-anos-e-a-ilha-dos-lobos-essa-praia-de-aguas-cristalinas-e-o-lugar-favorito-dos-gauchos-para-visitar\/","url":"https:\/\/www.correiobraziliense.com.br\/cbradar\/com-rochas-vulcanicas-de-120-milhoes-de-anos-e-a-ilha-dos-lobos-essa-praia-de-aguas-cristalinas-e-o-lugar-favorito-dos-gauchos-para-visitar\/","name":"Com rochas vulc\u00e2nicas de 120 milh\u00f5es de anos e a ilha dos lobos, essa praia de \u00e1guas cristalinas \u00e9 o lugar favorito dos ga\u00fachos para visitar - Correio Braziliense - Radar","isPartOf":{"@id":"https:\/\/www.correiobraziliense.com.br\/cbradar\/#website"},"primaryImageOfPage":{"@id":"https:\/\/www.correiobraziliense.com.br\/cbradar\/com-rochas-vulcanicas-de-120-milhoes-de-anos-e-a-ilha-dos-lobos-essa-praia-de-aguas-cristalinas-e-o-lugar-favorito-dos-gauchos-para-visitar\/#primaryimage"},"image":{"@id":"https:\/\/www.correiobraziliense.com.br\/cbradar\/com-rochas-vulcanicas-de-120-milhoes-de-anos-e-a-ilha-dos-lobos-essa-praia-de-aguas-cristalinas-e-o-lugar-favorito-dos-gauchos-para-visitar\/#primaryimage"},"thumbnailUrl":"https:\/\/www.correiobraziliense.com.br\/cbradar\/wp-content\/uploads\/2026\/03\/aaa-2026-03-01T095802.371.png","datePublished":"2026-03-09T10:55:00+00:00","author":{"@id":"https:\/\/www.correiobraziliense.com.br\/cbradar\/#\/schema\/person\/4053c651a9bfc785afc6f4cbc9032fd3"},"description":"Praia do litoral ga\u00facho chama aten\u00e7\u00e3o por rochas vulc\u00e2nicas de 120 milh\u00f5es de anos, \u00e1guas cristalinas e a famosa ilha dos lobos-marinhos.","breadcrumb":{"@id":"https:\/\/www.correiobraziliense.com.br\/cbradar\/com-rochas-vulcanicas-de-120-milhoes-de-anos-e-a-ilha-dos-lobos-essa-praia-de-aguas-cristalinas-e-o-lugar-favorito-dos-gauchos-para-visitar\/#breadcrumb"},"inLanguage":"pt-BR","potentialAction":[{"@type":"ReadAction","target":["https:\/\/www.correiobraziliense.com.br\/cbradar\/com-rochas-vulcanicas-de-120-milhoes-de-anos-e-a-ilha-dos-lobos-essa-praia-de-aguas-cristalinas-e-o-lugar-favorito-dos-gauchos-para-visitar\/"]}]},{"@type":"ImageObject","inLanguage":"pt-BR","@id":"https:\/\/www.correiobraziliense.com.br\/cbradar\/com-rochas-vulcanicas-de-120-milhoes-de-anos-e-a-ilha-dos-lobos-essa-praia-de-aguas-cristalinas-e-o-lugar-favorito-dos-gauchos-para-visitar\/#primaryimage","url":"https:\/\/www.correiobraziliense.com.br\/cbradar\/wp-content\/uploads\/2026\/03\/aaa-2026-03-01T095802.371.png","contentUrl":"https:\/\/www.correiobraziliense.com.br\/cbradar\/wp-content\/uploads\/2026\/03\/aaa-2026-03-01T095802.371.png","width":1280,"height":720,"caption":"Torres entrega tudo isso em uma cidade de 40 mil habitantes, sem fila e sem frescura. \/ Imagem ilustrativa"},{"@type":"BreadcrumbList","@id":"https:\/\/www.correiobraziliense.com.br\/cbradar\/com-rochas-vulcanicas-de-120-milhoes-de-anos-e-a-ilha-dos-lobos-essa-praia-de-aguas-cristalinas-e-o-lugar-favorito-dos-gauchos-para-visitar\/#breadcrumb","itemListElement":[{"@type":"ListItem","position":1,"name":"In\u00edcio","item":"https:\/\/www.correiobraziliense.com.br\/cbradar\/"},{"@type":"ListItem","position":2,"name":"Com rochas vulc\u00e2nicas de 120 milh\u00f5es de anos e a ilha dos lobos, essa praia de \u00e1guas cristalinas \u00e9 o lugar favorito dos ga\u00fachos para visitar"}]},{"@type":"WebSite","@id":"https:\/\/www.correiobraziliense.com.br\/cbradar\/#website","url":"https:\/\/www.correiobraziliense.com.br\/cbradar\/","name":"Correio Braziliense - Radar","description":"Acompanhe as \u00faltimas not\u00edcias e fique bem informado sobre tudo o que acontece no Brasil e no mundo.","potentialAction":[{"@type":"SearchAction","target":{"@type":"EntryPoint","urlTemplate":"https:\/\/www.correiobraziliense.com.br\/cbradar\/?s={search_term_string}"},"query-input":{"@type":"PropertyValueSpecification","valueRequired":true,"valueName":"search_term_string"}}],"inLanguage":"pt-BR"},{"@type":"Person","@id":"https:\/\/www.correiobraziliense.com.br\/cbradar\/#\/schema\/person\/4053c651a9bfc785afc6f4cbc9032fd3","name":"Maura Pereira","image":{"@type":"ImageObject","inLanguage":"pt-BR","@id":"https:\/\/www.correiobraziliense.com.br\/cbradar\/#\/schema\/person\/image\/","url":"https:\/\/secure.gravatar.com\/avatar\/3effd6bdadfa447f15089c7f7144eaa6?s=96&d=mm&r=g","contentUrl":"https:\/\/secure.gravatar.com\/avatar\/3effd6bdadfa447f15089c7f7144eaa6?s=96&d=mm&r=g","caption":"Maura Pereira"},"sameAs":["https:\/\/www.correiobraziliense.com.br\/"],"url":"https:\/\/www.correiobraziliense.com.br\/cbradar\/author\/mauramyth\/"}]}},"_links":{"self":[{"href":"https:\/\/www.correiobraziliense.com.br\/cbradar\/wp-json\/wp\/v2\/posts\/205081","targetHints":{"allow":["GET"]}}],"collection":[{"href":"https:\/\/www.correiobraziliense.com.br\/cbradar\/wp-json\/wp\/v2\/posts"}],"about":[{"href":"https:\/\/www.correiobraziliense.com.br\/cbradar\/wp-json\/wp\/v2\/types\/post"}],"author":[{"embeddable":true,"href":"https:\/\/www.correiobraziliense.com.br\/cbradar\/wp-json\/wp\/v2\/users\/8"}],"replies":[{"embeddable":true,"href":"https:\/\/www.correiobraziliense.com.br\/cbradar\/wp-json\/wp\/v2\/comments?post=205081"}],"version-history":[{"count":11,"href":"https:\/\/www.correiobraziliense.com.br\/cbradar\/wp-json\/wp\/v2\/posts\/205081\/revisions"}],"predecessor-version":[{"id":205264,"href":"https:\/\/www.correiobraziliense.com.br\/cbradar\/wp-json\/wp\/v2\/posts\/205081\/revisions\/205264"}],"wp:featuredmedia":[{"embeddable":true,"href":"https:\/\/www.correiobraziliense.com.br\/cbradar\/wp-json\/wp\/v2\/media\/201264"}],"wp:attachment":[{"href":"https:\/\/www.correiobraziliense.com.br\/cbradar\/wp-json\/wp\/v2\/media?parent=205081"}],"wp:term":[{"taxonomy":"category","embeddable":true,"href":"https:\/\/www.correiobraziliense.com.br\/cbradar\/wp-json\/wp\/v2\/categories?post=205081"},{"taxonomy":"post_tag","embeddable":true,"href":"https:\/\/www.correiobraziliense.com.br\/cbradar\/wp-json\/wp\/v2\/post_tag?post=205081"}],"curies":[{"name":"wp","href":"https:\/\/api.w.org\/{rel}","templated":true}]}}