{"id":205087,"date":"2026-03-10T16:15:00","date_gmt":"2026-03-10T19:15:00","guid":{"rendered":"https:\/\/www.correiobraziliense.com.br\/cbradar\/?p=205087"},"modified":"2026-03-08T14:09:20","modified_gmt":"2026-03-08T17:09:20","slug":"os-tomates-permanecerao-firmes-por-mais-tempo-se-voce-guarda-los-dessa-maneira-na-cozinha","status":"publish","type":"post","link":"https:\/\/www.correiobraziliense.com.br\/cbradar\/os-tomates-permanecerao-firmes-por-mais-tempo-se-voce-guarda-los-dessa-maneira-na-cozinha\/","title":{"rendered":"Os tomates permanecer\u00e3o firmes por mais tempo se voc\u00ea guard\u00e1-los dessa maneira na cozinha"},"content":{"rendered":"\n<p>O tomate \u00e9 um dos ingredientes mais vers\u00e1teis e consumidos nas cozinhas brasileiras, mas sua durabilidade gera muitas d\u00favidas frequentes. Guardar este fruto de maneira incorreta acelera o processo de amolecimento e prejudica o sabor natural do alimento. Aprender t\u00e9cnicas simples de conserva\u00e7\u00e3o ajuda a manter a firmeza e qualidade nutricional por muito mais tempo.<\/p>\n\n\n\n<h2 class=\"wp-block-heading\">Por que a geladeira prejudica a textura do fruto?<\/h2>\n\n\n\n<p>O frio excessivo do refrigerador interrompe o processo natural de amadurecimento e danifica as membranas celulares internas do tomate maduro. Esse fen\u00f4meno qu\u00edmico altera a composi\u00e7\u00e3o dos a\u00e7\u00facares, resultando em textura farelenta. Manter os frutos em temperatura ambiente preserva a <strong>integridade das fibras <a href=\"https:\/\/www.correiobraziliense.com.br\/cbradar\/nem-laranja-nem-acerola-esse-vegetal-tem-mais-vitamina-c-que-muitas-frutas-e-ajuda-a-fortalecer-a-imunidade\/\" target=\"_blank\" rel=\"noreferrer noopener\">vegetais<\/a><\/strong>.<\/p>\n\n\n\n<p>Al\u00e9m de comprometer o paladar, a refrigera\u00e7\u00e3o precoce impede que os compostos arom\u00e1ticos se desenvolvam plenamente durante os dias de armazenamento inicial. Quando o tomate \u00e9 exposto a temperaturas baixas, ele perde sua sucul\u00eancia caracter\u00edstica. Priorize locais frescos para garantir que o alimento mantenha sua <strong>vitalidade e frescor<\/strong>.<\/p>\n\n\n\n<figure class=\"wp-block-image size-full\"><img decoding=\"async\" width=\"1280\" height=\"720\" src=\"https:\/\/www.correiobraziliense.com.br\/cbradar\/wp-content\/uploads\/2026\/03\/Gemini_Generated_Image_o6pfddo6pfddo6pf-1-1.png\" alt=\"Os tomates permanecer\u00e3o firmes por mais tempo se voc\u00ea guard\u00e1-los dessa maneira na cozinha\" class=\"wp-image-205092\" srcset=\"https:\/\/www.correiobraziliense.com.br\/cbradar\/wp-content\/uploads\/2026\/03\/Gemini_Generated_Image_o6pfddo6pfddo6pf-1-1.png 1280w, https:\/\/www.correiobraziliense.com.br\/cbradar\/wp-content\/uploads\/2026\/03\/Gemini_Generated_Image_o6pfddo6pfddo6pf-1-1-300x169.png 300w, https:\/\/www.correiobraziliense.com.br\/cbradar\/wp-content\/uploads\/2026\/03\/Gemini_Generated_Image_o6pfddo6pfddo6pf-1-1-768x432.png 768w, https:\/\/www.correiobraziliense.com.br\/cbradar\/wp-content\/uploads\/2026\/03\/Gemini_Generated_Image_o6pfddo6pfddo6pf-1-1-750x422.png 750w, https:\/\/www.correiobraziliense.com.br\/cbradar\/wp-content\/uploads\/2026\/03\/Gemini_Generated_Image_o6pfddo6pfddo6pf-1-1-1140x641.png 1140w\" sizes=\"(max-width: 1280px) 100vw, 1280px\" \/><figcaption class=\"wp-element-caption\">O m\u00e9todo simples que ajuda a manter tomates firmes e saborosos por mais tempo na cozinha dom\u00e9stica<\/figcaption><\/figure>\n\n\n\n<h2 class=\"wp-block-heading\">Qual a posi\u00e7\u00e3o correta para evitar o amolecimento?<\/h2>\n\n\n\n<p>Guardar os tomates com a cicatriz do caule voltada para baixo evita a entrada de ar e a sa\u00edda excessiva de umidade interna. Essa t\u00e9cnica simples impede que bact\u00e9rias penetrem no fruto, retardando o apodrecimento e mantendo a casca firme. Essa mudan\u00e7a faz <strong>diferen\u00e7a real na durabilidade<\/strong>.<\/p>\n\n\n\n<p>Ao posicionar o fruto sobre a base do caule, voc\u00ea protege a regi\u00e3o que mais sofre com a oxida\u00e7\u00e3o natural do tempo. Esse m\u00e9todo de barreira f\u00edsica preserva a press\u00e3o interna da polpa, garantindo que o tomate permane\u00e7a suculento. Evite empilhar os frutos para <strong>prevenir o surgimento de fungos<\/strong>.<\/p>\n\n\n\n<h2 class=\"wp-block-heading\">Como organizar a bancada para m\u00e1xima durabilidade?<\/h2>\n\n\n\n<p>A organiza\u00e7\u00e3o correta envolve o uso de superf\u00edcies planas e ventiladas que permitam a circula\u00e7\u00e3o constante de ar entre os alimentos frescos. Evite recipientes fechados ou sacos pl\u00e1sticos, pois eles ret\u00eam o g\u00e1s etileno, acelerando o amadurecimento. Manter a <strong>ventila\u00e7\u00e3o adequada<\/strong> evita desperd\u00edcios desnecess\u00e1rios hoje.<\/p>\n\n\n\n<p>Para garantir que sua colheita ou compra permane\u00e7a impec\u00e1vel e pronta para o consumo saud\u00e1vel, organize seu espa\u00e7o seguindo estas recomenda\u00e7\u00f5es pr\u00e1ticas:<\/p>\n\n\n\n<div class=\"google-auto-ads-ignore\" style=\"box-sizing: border-box; display: flex; flex-direction: column; width: 100%; max-width: 800px; margin: 30px auto; background-color: #e6f7ff; color: #1a222c; border-radius: 12px; overflow: hidden; font-family: 'Segoe UI', sans-serif; box-shadow: 0 4px 15px rgba(0,0,0,0.1); border: 1px solid rgba(0,0,0,0.05); position: relative; z-index: 5;\">\n\n  <div style=\"background-color: #ffffff; padding: 25px; border-bottom: 3px solid #1890ff; text-align: center;\">\n    <h2 style=\"margin: 0; color: #003a8c; font-size: 1.5rem;\">\ud83c\udf4c M\u00e9todos para prolongar a vida das frutas<\/h2>\n    <div style=\"font-size: 0.95rem; margin-top: 8px; opacity: 0.9;\">Orienta\u00e7\u00f5es para armazenamento correto e redu\u00e7\u00e3o de perdas<\/div>\n  <\/div>\n\n  <div style=\"padding: 25px; display: flex; flex-wrap: wrap; gap: 20px;\">\n    \n    <div style=\"flex: 1 1 300px; background-color: #ffffff; border-radius: 8px; padding: 20px; border: 1px solid rgba(0,0,0,0.05); box-shadow: 0 2px 5px rgba(0,0,0,0.02);\">\n      <h3 style=\"margin: 0 0 15px 0; color: #1890ff; font-size: 1.1rem; font-weight: bold; border-bottom: 1px solid rgba(0,0,0,0.1); padding-bottom: 8px;\">\n        \ud83c\udfe0 Ambiente e espa\u00e7o\n      <\/h3>\n      \n      <div style=\"margin-bottom: 12px;\">\n        <strong style=\"display: block; font-size: 0.85rem; opacity: 0.8; margin-bottom: 4px;\">Armazenamento com o caule para baixo<\/strong>\n        <div style=\"font-size: 1rem; font-weight: 500;\">Posi\u00e7\u00e3o que ajuda a reduzir a press\u00e3o sobre a polpa e o fluxo de etileno.<\/div>\n      <\/div>\n\n      <div style=\"margin-bottom: 12px;\">\n        <strong style=\"display: block; font-size: 0.85rem; opacity: 0.8; margin-bottom: 4px;\">Manuten\u00e7\u00e3o em temperatura ambiente controlada<\/strong>\n        <div style=\"font-size: 1rem; font-weight: 500;\">Evita oscila\u00e7\u00f5es t\u00e9rmicas que aceleram a degrada\u00e7\u00e3o dos tecidos vegetais.<\/div>\n      <\/div>\n\n      <div style=\"margin-bottom: 0;\">\n        <strong style=\"display: block; font-size: 0.85rem; opacity: 0.8; margin-bottom: 4px;\">Distanciamento entre os frutos na fruteira<\/strong>\n        <div style=\"font-size: 1rem; font-weight: 500;\">Permite a circula\u00e7\u00e3o de ar e evita que o calor de uma fruta afete a outra.<\/div>\n      <\/div>\n    <\/div>\n\n    <div style=\"flex: 1 1 300px; background-color: #ffffff; border-radius: 8px; padding: 20px; border: 1px solid rgba(0,0,0,0.05); box-shadow: 0 2px 5px rgba(0,0,0,0.02);\">\n      <h3 style=\"margin: 0 0 15px 0; color: #1890ff; font-size: 1.1rem; font-weight: bold; border-bottom: 1px solid rgba(0,0,0,0.1); padding-bottom: 8px;\">\n        \ud83e\uddfc Manuseio e sele\u00e7\u00e3o\n      <\/h3>\n      \n      <div style=\"margin-bottom: 12px;\">\n        <strong style=\"display: block; font-size: 0.85rem; opacity: 0.8; margin-bottom: 4px;\">Higieniza\u00e7\u00e3o apenas no momento do uso<\/strong>\n        <div style=\"font-size: 1rem; font-weight: 500;\">Manter a casca seca preserva a barreira natural contra fungos e bact\u00e9rias.<\/div>\n      <\/div>\n\n      <div style=\"margin-bottom: 0;\">\n        <strong style=\"display: block; font-size: 0.85rem; opacity: 0.8; margin-bottom: 4px;\">Retirada imediata de unidades muito maduras<\/strong>\n        <div style=\"font-size: 1rem; font-weight: 500;\">Impede a contamina\u00e7\u00e3o por gases de matura\u00e7\u00e3o e poss\u00edveis mofos no lote.<\/div>\n      <\/div>\n    <\/div>\n\n  <\/div>\n<\/div>\n\n\n\n<h2 class=\"wp-block-heading\">O que fazer quando os tomates amadurecem demais?<\/h2>\n\n\n\n<p>Se os frutos atingirem o pico da matura\u00e7\u00e3o e voc\u00ea n\u00e3o puder consumi-los imediatamente, o congelamento se torna uma op\u00e7\u00e3o inteligente na cozinha. Basta lavar, secar e guardar os tomates inteiros em sacos apropriados. Essa estrat\u00e9gia preserva nutrientes fundamentais e <strong>evita o descarte de alimentos<\/strong>.<\/p>\n\n\n\n<p>Outra alternativa vi\u00e1vel \u00e9 a prepara\u00e7\u00e3o de conservas caseiras utilizando azeite de oliva e ervas arom\u00e1ticas frescas para real\u00e7ar o sabor final. Tomates maduros possuem alta concentra\u00e7\u00e3o de a\u00e7\u00facares naturais, sendo perfeitos para cozimentos lentos. Aproveitar integralmente cada fruto demonstra respeito ao alimento e <strong>gera economia dom\u00e9stica<\/strong>.<\/p>\n\n\n\n<figure class=\"wp-block-image size-full\"><img decoding=\"async\" width=\"1280\" height=\"720\" src=\"https:\/\/www.correiobraziliense.com.br\/cbradar\/wp-content\/uploads\/2026\/03\/Gemini_Generated_Image_6rah916rah916rah-1-1.png\" alt=\"Os tomates permanecer\u00e3o firmes por mais tempo se voc\u00ea guard\u00e1-los dessa maneira na cozinha\" class=\"wp-image-205093\" srcset=\"https:\/\/www.correiobraziliense.com.br\/cbradar\/wp-content\/uploads\/2026\/03\/Gemini_Generated_Image_6rah916rah916rah-1-1.png 1280w, https:\/\/www.correiobraziliense.com.br\/cbradar\/wp-content\/uploads\/2026\/03\/Gemini_Generated_Image_6rah916rah916rah-1-1-300x169.png 300w, https:\/\/www.correiobraziliense.com.br\/cbradar\/wp-content\/uploads\/2026\/03\/Gemini_Generated_Image_6rah916rah916rah-1-1-768x432.png 768w, https:\/\/www.correiobraziliense.com.br\/cbradar\/wp-content\/uploads\/2026\/03\/Gemini_Generated_Image_6rah916rah916rah-1-1-750x422.png 750w, https:\/\/www.correiobraziliense.com.br\/cbradar\/wp-content\/uploads\/2026\/03\/Gemini_Generated_Image_6rah916rah916rah-1-1-1140x641.png 1140w\" sizes=\"(max-width: 1280px) 100vw, 1280px\" \/><figcaption class=\"wp-element-caption\">O m\u00e9todo simples que ajuda a manter tomates firmes e saborosos por mais tempo na cozinha dom\u00e9stica<\/figcaption><\/figure>\n\n\n\n<h2 class=\"wp-block-heading\">O que a ci\u00eancia recomenda sobre a conserva\u00e7\u00e3o?<\/h2>\n\n\n\n<p>Pesquisas indicam que o armazenamento correto impacta diretamente na reten\u00e7\u00e3o de licopeno e outras vitaminas essenciais para a sa\u00fade humana global. Manter o equil\u00edbrio t\u00e9rmico e evitar a umidade excessiva s\u00e3o chaves para prolongar a vida \u00fatil. Seguir orienta\u00e7\u00f5es cient\u00edficas proporciona <strong>seguran\u00e7a alimentar e sa\u00fade<\/strong> garantida.<\/p>\n\n\n\n<p>Segundo as diretrizes de manuseio da <strong>University of California<\/strong>, a refrigera\u00e7\u00e3o deve ser evitada para manter a qualidade sensorial dos tomates frescos colhidos. Voc\u00ea pode consultar os detalhes t\u00e9cnicos sobre armazenamento no portal da <strong><a target=\"_blank\" rel=\"noreferrer noopener\" href=\"https:\/\/postharvest.ucdavis.edu\/Commodity_Resources\/Fact_Sheets\/Datastores\/Vegetables_English\/?uid=36&amp;ds=799\">UC Davis<\/a><\/strong>. Seguir conhecimentos t\u00e9cnicos garante ingredientes em estado de <strong>frescor m\u00e1ximo<\/strong>.<\/p>\n","protected":false},"excerpt":{"rendered":"<p>O tomate \u00e9 um dos ingredientes mais vers\u00e1teis e consumidos nas cozinhas brasileiras, mas sua durabilidade gera muitas d\u00favidas frequentes. Guardar este fruto de maneira incorreta acelera o processo de amolecimento e prejudica o sabor natural do alimento. Aprender t\u00e9cnicas simples de conserva\u00e7\u00e3o ajuda a manter a firmeza e qualidade nutricional por muito mais tempo. [&hellip;]<\/p>\n","protected":false},"author":21,"featured_media":205096,"comment_status":"open","ping_status":"open","sticky":false,"template":"","format":"standard","meta":{"_yoast_wpseo_focuskw":"como conservar tomate por mais tempo","_yoast_wpseo_title":"","_yoast_wpseo_metadesc":"Um detalhe simples na forma de guardar tomates pode evitar que amole\u00e7am r\u00e1pido e preservar sabor e textura por v\u00e1rios dias","jnews-multi-image_gallery":[],"jnews_single_post":{"format":"standard"},"jnews_primary_category":[],"jnews_social_meta":[],"jnews_override_counter":[],"footnotes":""},"categories":[112],"post_tag":[687,2371,1071],"class_list":["post-205087","post","type-post","status-publish","format-standard","has-post-thumbnail","hentry","category-curiosidades","tag-cozinha","tag-tomates","tag-vegetal"],"yoast_head":"<!-- This site is optimized with the Yoast SEO plugin v24.6 - https:\/\/yoast.com\/wordpress\/plugins\/seo\/ -->\n<title>Os tomates permanecer\u00e3o firmes por mais tempo se voc\u00ea guard\u00e1-los dessa maneira na cozinha - Correio Braziliense - Radar<\/title>\n<meta name=\"description\" content=\"Um detalhe simples na forma de guardar tomates pode evitar que amole\u00e7am r\u00e1pido e preservar sabor e textura por v\u00e1rios dias\" \/>\n<meta name=\"robots\" content=\"index, follow, max-snippet:-1, max-image-preview:large, max-video-preview:-1\" \/>\n<link rel=\"canonical\" href=\"https:\/\/www.correiobraziliense.com.br\/cbradar\/os-tomates-permanecerao-firmes-por-mais-tempo-se-voce-guarda-los-dessa-maneira-na-cozinha\/\" \/>\n<meta property=\"og:locale\" content=\"pt_BR\" \/>\n<meta property=\"og:type\" content=\"article\" \/>\n<meta property=\"og:title\" content=\"Os tomates permanecer\u00e3o firmes por mais tempo se voc\u00ea guard\u00e1-los dessa maneira na cozinha - Correio Braziliense - Radar\" \/>\n<meta property=\"og:description\" content=\"Um detalhe simples na forma de guardar tomates pode evitar que amole\u00e7am r\u00e1pido e preservar sabor e textura por v\u00e1rios dias\" \/>\n<meta property=\"og:url\" content=\"https:\/\/www.correiobraziliense.com.br\/cbradar\/os-tomates-permanecerao-firmes-por-mais-tempo-se-voce-guarda-los-dessa-maneira-na-cozinha\/\" \/>\n<meta property=\"og:site_name\" content=\"Correio Braziliense - Radar\" \/>\n<meta property=\"article:published_time\" content=\"2026-03-10T19:15:00+00:00\" \/>\n<meta property=\"og:image\" content=\"https:\/\/www.correiobraziliense.com.br\/cbradar\/wp-content\/uploads\/2026\/03\/Gemini_Generated_Image_7lmla87lmla87lml-1-1.png\" \/>\n\t<meta property=\"og:image:width\" content=\"1280\" \/>\n\t<meta property=\"og:image:height\" content=\"720\" \/>\n\t<meta property=\"og:image:type\" content=\"image\/png\" \/>\n<meta name=\"author\" content=\"Patrick Silva\" \/>\n<meta name=\"twitter:card\" content=\"summary_large_image\" \/>\n<meta name=\"twitter:label1\" content=\"Escrito por\" \/>\n\t<meta name=\"twitter:data1\" content=\"Patrick Silva\" \/>\n\t<meta name=\"twitter:label2\" content=\"Est. tempo de leitura\" \/>\n\t<meta name=\"twitter:data2\" content=\"5 minutos\" \/>\n<!-- \/ Yoast SEO plugin. -->","yoast_head_json":{"title":"Os tomates permanecer\u00e3o firmes por mais tempo se voc\u00ea guard\u00e1-los dessa maneira na cozinha - Correio Braziliense - Radar","description":"Um detalhe simples na forma de guardar tomates pode evitar que amole\u00e7am r\u00e1pido e preservar sabor e textura por v\u00e1rios dias","robots":{"index":"index","follow":"follow","max-snippet":"max-snippet:-1","max-image-preview":"max-image-preview:large","max-video-preview":"max-video-preview:-1"},"canonical":"https:\/\/www.correiobraziliense.com.br\/cbradar\/os-tomates-permanecerao-firmes-por-mais-tempo-se-voce-guarda-los-dessa-maneira-na-cozinha\/","og_locale":"pt_BR","og_type":"article","og_title":"Os tomates permanecer\u00e3o firmes por mais tempo se voc\u00ea guard\u00e1-los dessa maneira na cozinha - Correio Braziliense - Radar","og_description":"Um detalhe simples na forma de guardar tomates pode evitar que amole\u00e7am r\u00e1pido e preservar sabor e textura por v\u00e1rios dias","og_url":"https:\/\/www.correiobraziliense.com.br\/cbradar\/os-tomates-permanecerao-firmes-por-mais-tempo-se-voce-guarda-los-dessa-maneira-na-cozinha\/","og_site_name":"Correio Braziliense - Radar","article_published_time":"2026-03-10T19:15:00+00:00","og_image":[{"width":1280,"height":720,"url":"https:\/\/www.correiobraziliense.com.br\/cbradar\/wp-content\/uploads\/2026\/03\/Gemini_Generated_Image_7lmla87lmla87lml-1-1.png","type":"image\/png"}],"author":"Patrick Silva","twitter_card":"summary_large_image","twitter_misc":{"Escrito por":"Patrick Silva","Est. tempo de leitura":"5 minutos"},"schema":{"@context":"https:\/\/schema.org","@graph":[{"@type":"WebPage","@id":"https:\/\/www.correiobraziliense.com.br\/cbradar\/os-tomates-permanecerao-firmes-por-mais-tempo-se-voce-guarda-los-dessa-maneira-na-cozinha\/","url":"https:\/\/www.correiobraziliense.com.br\/cbradar\/os-tomates-permanecerao-firmes-por-mais-tempo-se-voce-guarda-los-dessa-maneira-na-cozinha\/","name":"Os tomates permanecer\u00e3o firmes por mais tempo se voc\u00ea guard\u00e1-los dessa maneira na cozinha - Correio Braziliense - Radar","isPartOf":{"@id":"https:\/\/www.correiobraziliense.com.br\/cbradar\/#website"},"primaryImageOfPage":{"@id":"https:\/\/www.correiobraziliense.com.br\/cbradar\/os-tomates-permanecerao-firmes-por-mais-tempo-se-voce-guarda-los-dessa-maneira-na-cozinha\/#primaryimage"},"image":{"@id":"https:\/\/www.correiobraziliense.com.br\/cbradar\/os-tomates-permanecerao-firmes-por-mais-tempo-se-voce-guarda-los-dessa-maneira-na-cozinha\/#primaryimage"},"thumbnailUrl":"https:\/\/www.correiobraziliense.com.br\/cbradar\/wp-content\/uploads\/2026\/03\/Gemini_Generated_Image_7lmla87lmla87lml-1-1.png","datePublished":"2026-03-10T19:15:00+00:00","author":{"@id":"https:\/\/www.correiobraziliense.com.br\/cbradar\/#\/schema\/person\/5440b72be9c7eb74f446c846479dc4da"},"description":"Um detalhe simples na forma de guardar tomates pode evitar que amole\u00e7am r\u00e1pido e preservar sabor e textura por v\u00e1rios dias","breadcrumb":{"@id":"https:\/\/www.correiobraziliense.com.br\/cbradar\/os-tomates-permanecerao-firmes-por-mais-tempo-se-voce-guarda-los-dessa-maneira-na-cozinha\/#breadcrumb"},"inLanguage":"pt-BR","potentialAction":[{"@type":"ReadAction","target":["https:\/\/www.correiobraziliense.com.br\/cbradar\/os-tomates-permanecerao-firmes-por-mais-tempo-se-voce-guarda-los-dessa-maneira-na-cozinha\/"]}]},{"@type":"ImageObject","inLanguage":"pt-BR","@id":"https:\/\/www.correiobraziliense.com.br\/cbradar\/os-tomates-permanecerao-firmes-por-mais-tempo-se-voce-guarda-los-dessa-maneira-na-cozinha\/#primaryimage","url":"https:\/\/www.correiobraziliense.com.br\/cbradar\/wp-content\/uploads\/2026\/03\/Gemini_Generated_Image_7lmla87lmla87lml-1-1.png","contentUrl":"https:\/\/www.correiobraziliense.com.br\/cbradar\/wp-content\/uploads\/2026\/03\/Gemini_Generated_Image_7lmla87lmla87lml-1-1.png","width":1280,"height":720,"caption":"O m\u00e9todo simples que ajuda a manter tomates firmes e saborosos por mais tempo na cozinha dom\u00e9stica"},{"@type":"BreadcrumbList","@id":"https:\/\/www.correiobraziliense.com.br\/cbradar\/os-tomates-permanecerao-firmes-por-mais-tempo-se-voce-guarda-los-dessa-maneira-na-cozinha\/#breadcrumb","itemListElement":[{"@type":"ListItem","position":1,"name":"In\u00edcio","item":"https:\/\/www.correiobraziliense.com.br\/cbradar\/"},{"@type":"ListItem","position":2,"name":"Os tomates permanecer\u00e3o firmes por mais tempo se voc\u00ea guard\u00e1-los dessa maneira na cozinha"}]},{"@type":"WebSite","@id":"https:\/\/www.correiobraziliense.com.br\/cbradar\/#website","url":"https:\/\/www.correiobraziliense.com.br\/cbradar\/","name":"Correio Braziliense - Radar","description":"Acompanhe as \u00faltimas not\u00edcias e fique bem informado sobre tudo o que acontece no Brasil e no mundo.","potentialAction":[{"@type":"SearchAction","target":{"@type":"EntryPoint","urlTemplate":"https:\/\/www.correiobraziliense.com.br\/cbradar\/?s={search_term_string}"},"query-input":{"@type":"PropertyValueSpecification","valueRequired":true,"valueName":"search_term_string"}}],"inLanguage":"pt-BR"},{"@type":"Person","@id":"https:\/\/www.correiobraziliense.com.br\/cbradar\/#\/schema\/person\/5440b72be9c7eb74f446c846479dc4da","name":"Patrick Silva","image":{"@type":"ImageObject","inLanguage":"pt-BR","@id":"https:\/\/www.correiobraziliense.com.br\/cbradar\/#\/schema\/person\/image\/","url":"https:\/\/secure.gravatar.com\/avatar\/944109df296fc087785c9715fd5f80b2?s=96&d=mm&r=g","contentUrl":"https:\/\/secure.gravatar.com\/avatar\/944109df296fc087785c9715fd5f80b2?s=96&d=mm&r=g","caption":"Patrick Silva"},"sameAs":["https:\/\/www.correiobraziliense.com.br\/cbradar\/"],"url":"https:\/\/www.correiobraziliense.com.br\/cbradar\/author\/patrick-silva\/"}]}},"_links":{"self":[{"href":"https:\/\/www.correiobraziliense.com.br\/cbradar\/wp-json\/wp\/v2\/posts\/205087","targetHints":{"allow":["GET"]}}],"collection":[{"href":"https:\/\/www.correiobraziliense.com.br\/cbradar\/wp-json\/wp\/v2\/posts"}],"about":[{"href":"https:\/\/www.correiobraziliense.com.br\/cbradar\/wp-json\/wp\/v2\/types\/post"}],"author":[{"embeddable":true,"href":"https:\/\/www.correiobraziliense.com.br\/cbradar\/wp-json\/wp\/v2\/users\/21"}],"replies":[{"embeddable":true,"href":"https:\/\/www.correiobraziliense.com.br\/cbradar\/wp-json\/wp\/v2\/comments?post=205087"}],"version-history":[{"count":4,"href":"https:\/\/www.correiobraziliense.com.br\/cbradar\/wp-json\/wp\/v2\/posts\/205087\/revisions"}],"predecessor-version":[{"id":205097,"href":"https:\/\/www.correiobraziliense.com.br\/cbradar\/wp-json\/wp\/v2\/posts\/205087\/revisions\/205097"}],"wp:featuredmedia":[{"embeddable":true,"href":"https:\/\/www.correiobraziliense.com.br\/cbradar\/wp-json\/wp\/v2\/media\/205096"}],"wp:attachment":[{"href":"https:\/\/www.correiobraziliense.com.br\/cbradar\/wp-json\/wp\/v2\/media?parent=205087"}],"wp:term":[{"taxonomy":"category","embeddable":true,"href":"https:\/\/www.correiobraziliense.com.br\/cbradar\/wp-json\/wp\/v2\/categories?post=205087"},{"taxonomy":"post_tag","embeddable":true,"href":"https:\/\/www.correiobraziliense.com.br\/cbradar\/wp-json\/wp\/v2\/post_tag?post=205087"}],"curies":[{"name":"wp","href":"https:\/\/api.w.org\/{rel}","templated":true}]}}