{"id":205098,"date":"2026-03-10T22:25:00","date_gmt":"2026-03-11T01:25:00","guid":{"rendered":"https:\/\/www.correiobraziliense.com.br\/cbradar\/?p=205098"},"modified":"2026-03-08T14:17:20","modified_gmt":"2026-03-08T17:17:20","slug":"poucos-sabem-a-quantidade-ideal-de-vitamina-d-para-fortalecer-a-imunidade-segundo-a-mayo-clinic","status":"publish","type":"post","link":"https:\/\/www.correiobraziliense.com.br\/cbradar\/poucos-sabem-a-quantidade-ideal-de-vitamina-d-para-fortalecer-a-imunidade-segundo-a-mayo-clinic\/","title":{"rendered":"Poucos sabem a quantidade ideal de vitamina D para fortalecer a imunidade, segundo a Mayo Clinic"},"content":{"rendered":"\n<p>A <strong>vitamina D<\/strong> desempenha papel fundamental na regula\u00e7\u00e3o do sistema imunol\u00f3gico, auxiliando o corpo na defesa contra infec\u00e7\u00f5es respirat\u00f3rias e inflama\u00e7\u00f5es sist\u00eamicas severas. Muitas pessoas desconhecem os n\u00edveis adequados para manter essa prote\u00e7\u00e3o ativa durante o ano todo. Compreender as recomenda\u00e7\u00f5es oficiais garante uma sa\u00fade equilibrada e evita complica\u00e7\u00f5es graves no futuro.<\/p>\n\n\n\n<h2 class=\"wp-block-heading\">Como esse nutriente atua nas defesas do corpo?<\/h2>\n\n\n\n<p>O colecalciferol, popularmente conhecido como <strong><a href=\"https:\/\/www.correiobraziliense.com.br\/cbradar\/nem-laranja-nem-acerola-esse-vegetal-tem-mais-vitamina-c-que-muitas-frutas-e-ajuda-a-fortalecer-a-imunidade\/\" target=\"_blank\" rel=\"noreferrer noopener\">vitamina <\/a>do sol<\/strong>, ativa os <strong>linf\u00f3citos T<\/strong> que s\u00e3o respons\u00e1veis por identificar e destruir pat\u00f3genos invasores perigosos. Sem n\u00edveis adequados dessa subst\u00e2ncia no sangue, o organismo apresenta maior vulnerabilidade a gripes e resfriados comuns que prejudicam a produtividade. Manter essa barreira biol\u00f3gica fortalecida \u00e9 essencial para garantir o bem-estar duradouro hoje.<\/p>\n\n\n\n<p>Al\u00e9m de combater v\u00edrus, esse horm\u00f4nio esteroide auxilia na <strong>redu\u00e7\u00e3o de citocinas<\/strong> inflamat\u00f3rias que podem causar danos aos tecidos pulmonares durante infec\u00e7\u00f5es agudas severas. A ci\u00eancia moderna demonstra que a modula\u00e7\u00e3o imunol\u00f3gica depende diretamente da presen\u00e7a constante desse nutriente nas c\u00e9lulas de defesa. Priorizar o monitoramento laboratorial frequente ajuda a ajustar a ingest\u00e3o conforme as necessidades individuais e biol\u00f3gicas \u00fanicas.<\/p>\n\n\n\n<p>A exposi\u00e7\u00e3o ao sol tem papel fundamental na produ\u00e7\u00e3o de vitamina D, nutriente essencial para ossos, imunidade e equil\u00edbrio do organismo. Entender como aproveitar esse benef\u00edcio com seguran\u00e7a \u00e9 importante. No conte\u00fado do <strong>Sa\u00fade da Mulher com Dra Laura Lucia<\/strong>, com 2,17 milh\u00f5es de inscritos, voc\u00ea aprende mais:<\/p>\n\n\n\n<figure class=\"wp-block-embed is-type-video is-provider-youtube wp-block-embed-youtube wp-embed-aspect-16-9 wp-has-aspect-ratio\"><div class=\"wp-block-embed__wrapper\">\n<div class=\"jeg_video_container jeg_video_content\"><iframe loading=\"lazy\" title=\"A vitamina D do Sol\" width=\"500\" height=\"281\" src=\"https:\/\/www.youtube.com\/embed\/GZ9ax7im9zU?feature=oembed\" frameborder=\"0\" allow=\"accelerometer; autoplay; clipboard-write; encrypted-media; gyroscope; picture-in-picture; web-share\" referrerpolicy=\"strict-origin-when-cross-origin\" allowfullscreen><\/iframe><\/div>\n<\/div><\/figure>\n\n\n\n<h2 class=\"wp-block-heading\">Qual a dose di\u00e1ria recomendada pelos especialistas?<\/h2>\n\n\n\n<p>Para a <strong>maioria dos adultos<\/strong> saud\u00e1veis, a ingest\u00e3o di\u00e1ria recomendada gira em torno de <strong>600 a 800 unidades internacionais<\/strong> para manter os ossos e a imunidade. Esses valores variam conforme a idade, exposi\u00e7\u00e3o solar e caracter\u00edsticas gen\u00e9ticas que influenciam a absor\u00e7\u00e3o intestinal do nutriente essencial. Seguir as <strong>diretrizes m\u00e9dicas<\/strong> evita tanto a defici\u00eancia severa quanto o excesso prejudicial hoje.<\/p>\n\n\n\n<p>\u00c9 importante destacar que doses extremamente elevadas sem acompanhamento profissional podem levar \u00e0 <strong>toxicidade<\/strong> e ao ac\u00famulo perigoso de c\u00e1lcio nas art\u00e9rias vitais do cora\u00e7\u00e3o. O equil\u00edbrio nutricional deve ser buscado atrav\u00e9s de uma combina\u00e7\u00e3o inteligente entre suplementa\u00e7\u00e3o orientada, alimenta\u00e7\u00e3o rica e <strong>exposi\u00e7\u00e3o solar segura<\/strong>. Consultar um m\u00e9dico antes de iniciar qualquer protocolo vitam\u00ednico garante seguran\u00e7a total e efic\u00e1cia.<\/p>\n\n\n\n<h2 class=\"wp-block-heading\">Quais s\u00e3o as melhores fontes para obter prote\u00e7\u00e3o?<\/h2>\n\n\n\n<p>Embora a exposi\u00e7\u00e3o solar seja a fonte prim\u00e1ria, certos alimentos podem contribuir significativamente para atingir as metas nutricionais estabelecidas pelas autoridades de sa\u00fade mundiais competentes. Peixes gordurosos e produtos fortificados oferecem uma ajuda extra, especialmente durante os meses de inverno onde a radia\u00e7\u00e3o ultravioleta \u00e9 menor. Diversificar essas fontes garante que o sistema imunol\u00f3gico receba o suporte necess\u00e1rio.<\/p>\n\n\n\n<p>Para otimizar seus n\u00edveis s\u00e9ricos e fortalecer a resposta biol\u00f3gica contra agentes externos, priorize o consumo frequente destes itens e pr\u00e1ticas essenciais:<\/p>\n\n\n\n<div class=\"google-auto-ads-ignore\" style=\"box-sizing: border-box; display: flex; flex-direction: column; width: 100%; max-width: 800px; margin: 30px auto; background-color: #e6f7ff; color: #1a222c; border-radius: 12px; overflow: hidden; font-family: 'Segoe UI', Roboto, sans-serif; box-shadow: 0 4px 15px rgba(0,0,0,0.1); border: 1px solid rgba(0,0,0,0.05); position: relative; z-index: 5;\">\n\n  <div style=\"background-color: #ffffff; padding: 25px; border-bottom: 3px solid #1890ff; text-align: center;\">\n    <h2 style=\"margin: 0; color: #003a8c; font-size: 1.5rem;\">\u2600\ufe0f Fontes e formas de obten\u00e7\u00e3o da vitamina D<\/h2>\n    <div style=\"font-size: 0.95rem; margin-top: 8px; opacity: 0.9; color: #595959;\">Orienta\u00e7\u00f5es sobre h\u00e1bitos e alimenta\u00e7\u00e3o para manuten\u00e7\u00e3o dos n\u00edveis nutricionais<\/div>\n  <\/div>\n\n  <div style=\"padding: 25px; display: flex; flex-wrap: wrap; gap: 20px;\">\n    \n    <div style=\"flex: 1 1 300px; background-color: #ffffff; border-radius: 8px; padding: 20px; border: 1px solid rgba(0,0,0,0.05); box-shadow: 0 2px 5px rgba(0,0,0,0.02);\">\n      <h3 style=\"margin: 0 0 15px 0; color: #1890ff; font-size: 1.1rem; font-weight: bold; border-bottom: 1px solid rgba(0,0,0,0.1); padding-bottom: 8px;\">\n        \ud83d\udd06 S\u00edntese e fontes naturais\n      <\/h3>\n      \n      <div style=\"margin-bottom: 12px;\">\n        <strong style=\"display: block; font-size: 0.85rem; opacity: 0.8; margin-bottom: 4px;\">Exposi\u00e7\u00e3o solar di\u00e1ria de 15 minutos<\/strong>\n        <div style=\"font-size: 1rem; font-weight: 500;\">A luz solar \u00e9 a principal via para a produ\u00e7\u00e3o natural do nutriente pela pele.<\/div>\n      <\/div>\n\n      <div style=\"margin-bottom: 12px;\">\n        <strong style=\"display: block; font-size: 0.85rem; opacity: 0.8; margin-bottom: 4px;\">Salm\u00e3o e peixes de \u00e1guas frias<\/strong>\n        <div style=\"font-size: 1rem; font-weight: 500;\">Peixes gordos s\u00e3o as melhores fontes alimentares de vitamina D3.<\/div>\n      <\/div>\n\n      <div style=\"margin-bottom: 0;\">\n        <strong style=\"display: block; font-size: 0.85rem; opacity: 0.8; margin-bottom: 4px;\">Gema de ovo e cogumelos<\/strong>\n        <div style=\"font-size: 1rem; font-weight: 500;\">Alimentos que oferecem suporte nutricional complementar na dieta.<\/div>\n      <\/div>\n    <\/div>\n\n    <div style=\"flex: 1 1 300px; background-color: #ffffff; border-radius: 8px; padding: 20px; border: 1px solid rgba(0,0,0,0.05); box-shadow: 0 2px 5px rgba(0,0,0,0.02);\">\n      <h3 style=\"margin: 0 0 15px 0; color: #1890ff; font-size: 1.1rem; font-weight: bold; border-bottom: 1px solid rgba(0,0,0,0.1); padding-bottom: 8px;\">\n        \ud83e\uddea Fortifica\u00e7\u00e3o e cuidados\n      <\/h3>\n      \n      <div style=\"margin-bottom: 12px;\">\n        <strong style=\"display: block; font-size: 0.85rem; opacity: 0.8; margin-bottom: 4px;\">Leite e cereais enriquecidos artificialmente<\/strong>\n        <div style=\"font-size: 1rem; font-weight: 500;\">Produtos processados com adi\u00e7\u00e3o de vitaminas para prevenir car\u00eancias.<\/div>\n      <\/div>\n\n      <div style=\"margin-bottom: 0;\">\n        <strong style=\"display: block; font-size: 0.85rem; opacity: 0.8; margin-bottom: 4px;\">Suplementos sob orienta\u00e7\u00e3o m\u00e9dica rigorosa<\/strong>\n        <div style=\"font-size: 1rem; font-weight: 500;\">Uso de c\u00e1psulas ou gotas indicado apenas ap\u00f3s diagn\u00f3stico laboratorial.<\/div>\n      <\/div>\n    <\/div>\n\n  <\/div>\n<\/div>\n\n\n\n<h2 class=\"wp-block-heading\">Por que a luz solar ainda \u00e9 necess\u00e1ria?<\/h2>\n\n\n\n<p>A s\u00edntese cut\u00e2nea atrav\u00e9s dos raios ultravioleta do tipo B continua sendo a maneira mais eficiente do corpo produzir essa vitamina vital para o homem. Bastam poucos minutos di\u00e1rios com bra\u00e7os e pernas expostos para que o organismo inicie a produ\u00e7\u00e3o natural sem a necessidade de c\u00e1psulas. Essa pr\u00e1tica simples melhora o humor e regula o ciclo circadiano org\u00e2nico.<\/p>\n\n\n\n<p>No entanto, o uso de protetor solar e a polui\u00e7\u00e3o urbana podem bloquear parte dessa radia\u00e7\u00e3o, dificultando a obten\u00e7\u00e3o dos n\u00edveis ideais para a prote\u00e7\u00e3o. Por esse motivo, muitas pessoas precisam recorrer \u00e0 alimenta\u00e7\u00e3o estrat\u00e9gica ou ao uso de gotas concentradas para suprir a demanda. O segredo reside em encontrar o balan\u00e7o perfeito entre seguran\u00e7a dermatol\u00f3gica e sa\u00fade celular.<\/p>\n\n\n\n<figure class=\"wp-block-image size-full\"><img decoding=\"async\" width=\"1280\" height=\"720\" src=\"https:\/\/www.correiobraziliense.com.br\/cbradar\/wp-content\/uploads\/2026\/03\/Gemini_Generated_Image_i8bme2i8bme2i8bm-1-1.png\" alt=\"Poucos sabem a quantidade ideal de vitamina D para fortalecer a imunidade, segundo a Mayo Clinic\" class=\"wp-image-205105\" srcset=\"https:\/\/www.correiobraziliense.com.br\/cbradar\/wp-content\/uploads\/2026\/03\/Gemini_Generated_Image_i8bme2i8bme2i8bm-1-1.png 1280w, https:\/\/www.correiobraziliense.com.br\/cbradar\/wp-content\/uploads\/2026\/03\/Gemini_Generated_Image_i8bme2i8bme2i8bm-1-1-300x169.png 300w, https:\/\/www.correiobraziliense.com.br\/cbradar\/wp-content\/uploads\/2026\/03\/Gemini_Generated_Image_i8bme2i8bme2i8bm-1-1-768x432.png 768w, https:\/\/www.correiobraziliense.com.br\/cbradar\/wp-content\/uploads\/2026\/03\/Gemini_Generated_Image_i8bme2i8bme2i8bm-1-1-750x422.png 750w, https:\/\/www.correiobraziliense.com.br\/cbradar\/wp-content\/uploads\/2026\/03\/Gemini_Generated_Image_i8bme2i8bme2i8bm-1-1-1140x641.png 1140w\" sizes=\"(max-width: 1280px) 100vw, 1280px\" \/><figcaption class=\"wp-element-caption\">A quantidade ideal de vitamina D para fortalecer a imunidade e manter o corpo protegido todos os dias<\/figcaption><\/figure>\n\n\n\n<h2 class=\"wp-block-heading\">O que os dados cient\u00edficos revelam sobre os riscos?<\/h2>\n\n\n\n<p>Estudos realizados em grandes centros de pesquisa indicam que a defici\u00eancia cr\u00f4nica est\u00e1 ligada ao aumento de doen\u00e7as autoimunes e fraqueza muscular em idosos. Manter os n\u00edveis sangu\u00edneos acima de 30 nanogramas por mililitro \u00e9 considerado o padr\u00e3o ouro para a preven\u00e7\u00e3o de patologias metab\u00f3licas s\u00e9rias. A preven\u00e7\u00e3o cuidadosa atrav\u00e9s de h\u00e1bitos saud\u00e1veis economiza recursos e evita tratamentos invasivos futuros.<\/p>\n\n\n\n<p>Segundo orienta\u00e7\u00f5es da <strong>Mayo Clinic<\/strong>, a quantidade recomendada para adultos de at\u00e9 70 anos \u00e9 de 600 unidades internacionais por dia. Voc\u00ea pode verificar os dados completos sobre dosagens e benef\u00edcios no site oficial da <strong><a target=\"_blank\" rel=\"noreferrer noopener\" href=\"https:\/\/www.mayoclinic.org\/drugs-supplements-vitamin-d\/art-20363792\">Mayo Clinic<\/a><\/strong>. Adotar essas recomenda\u00e7\u00f5es baseadas em evid\u00eancias cient\u00edficas s\u00f3lidas garante prote\u00e7\u00e3o real contra as amea\u00e7as invis\u00edveis do ambiente externo agressivo.<\/p>\n","protected":false},"excerpt":{"rendered":"<p>A vitamina D desempenha papel fundamental na regula\u00e7\u00e3o do sistema imunol\u00f3gico, auxiliando o corpo na defesa contra infec\u00e7\u00f5es respirat\u00f3rias e inflama\u00e7\u00f5es sist\u00eamicas severas. Muitas pessoas desconhecem os n\u00edveis adequados para manter essa prote\u00e7\u00e3o ativa durante o ano todo. Compreender as recomenda\u00e7\u00f5es oficiais garante uma sa\u00fade equilibrada e evita complica\u00e7\u00f5es graves no futuro. Como esse nutriente [&hellip;]<\/p>\n","protected":false},"author":21,"featured_media":205103,"comment_status":"open","ping_status":"open","sticky":false,"template":"","format":"standard","meta":{"_yoast_wpseo_focuskw":"quantidade ideal di\u00e1ria de vitamina D","_yoast_wpseo_title":"","_yoast_wpseo_metadesc":"A vitamina D exerce papel essencial na imunidade, mas muitos ignoram a quantidade di\u00e1ria necess\u00e1ria para manter a prote\u00e7\u00e3o ativa","jnews-multi-image_gallery":[],"jnews_single_post":{"format":"standard"},"jnews_primary_category":[],"jnews_social_meta":[],"jnews_override_counter":[],"footnotes":""},"categories":[112],"tags":[4835,15873,3004],"class_list":["post-205098","post","type-post","status-publish","format-standard","has-post-thumbnail","hentry","category-curiosidades","tag-imunidade","tag-mayo-clinic","tag-vitamina-d"],"yoast_head":"<!-- This site is optimized with the Yoast SEO plugin v24.6 - https:\/\/yoast.com\/wordpress\/plugins\/seo\/ -->\n<title>Poucos sabem a quantidade ideal de vitamina D para fortalecer a imunidade, segundo a Mayo Clinic - Correio Braziliense - Radar<\/title>\n<meta name=\"description\" content=\"A vitamina D exerce papel essencial na imunidade, mas muitos ignoram a quantidade di\u00e1ria necess\u00e1ria para manter a prote\u00e7\u00e3o ativa\" \/>\n<meta name=\"robots\" content=\"index, follow, max-snippet:-1, max-image-preview:large, max-video-preview:-1\" \/>\n<link rel=\"canonical\" href=\"https:\/\/www.correiobraziliense.com.br\/cbradar\/poucos-sabem-a-quantidade-ideal-de-vitamina-d-para-fortalecer-a-imunidade-segundo-a-mayo-clinic\/\" \/>\n<meta property=\"og:locale\" content=\"pt_BR\" \/>\n<meta property=\"og:type\" content=\"article\" \/>\n<meta property=\"og:title\" content=\"Poucos sabem a quantidade ideal de vitamina D para fortalecer a imunidade, segundo a Mayo Clinic - Correio Braziliense - Radar\" \/>\n<meta property=\"og:description\" content=\"A vitamina D exerce papel essencial na imunidade, mas muitos ignoram a quantidade di\u00e1ria necess\u00e1ria para manter a prote\u00e7\u00e3o ativa\" \/>\n<meta property=\"og:url\" content=\"https:\/\/www.correiobraziliense.com.br\/cbradar\/poucos-sabem-a-quantidade-ideal-de-vitamina-d-para-fortalecer-a-imunidade-segundo-a-mayo-clinic\/\" \/>\n<meta property=\"og:site_name\" content=\"Correio Braziliense - Radar\" \/>\n<meta property=\"article:published_time\" content=\"2026-03-11T01:25:00+00:00\" \/>\n<meta property=\"og:image\" content=\"https:\/\/www.correiobraziliense.com.br\/cbradar\/wp-content\/uploads\/2026\/03\/Gemini_Generated_Image_kcj5ebkcj5ebkcj5-1-1.png\" \/>\n\t<meta property=\"og:image:width\" content=\"1280\" \/>\n\t<meta property=\"og:image:height\" content=\"720\" \/>\n\t<meta property=\"og:image:type\" content=\"image\/png\" \/>\n<meta name=\"author\" content=\"Patrick Silva\" \/>\n<meta name=\"twitter:card\" content=\"summary_large_image\" \/>\n<meta name=\"twitter:label1\" content=\"Escrito por\" \/>\n\t<meta name=\"twitter:data1\" content=\"Patrick Silva\" \/>\n\t<meta name=\"twitter:label2\" content=\"Est. tempo de leitura\" \/>\n\t<meta name=\"twitter:data2\" content=\"5 minutos\" \/>\n<!-- \/ Yoast SEO plugin. -->","yoast_head_json":{"title":"Poucos sabem a quantidade ideal de vitamina D para fortalecer a imunidade, segundo a Mayo Clinic - Correio Braziliense - Radar","description":"A vitamina D exerce papel essencial na imunidade, mas muitos ignoram a quantidade di\u00e1ria necess\u00e1ria para manter a prote\u00e7\u00e3o ativa","robots":{"index":"index","follow":"follow","max-snippet":"max-snippet:-1","max-image-preview":"max-image-preview:large","max-video-preview":"max-video-preview:-1"},"canonical":"https:\/\/www.correiobraziliense.com.br\/cbradar\/poucos-sabem-a-quantidade-ideal-de-vitamina-d-para-fortalecer-a-imunidade-segundo-a-mayo-clinic\/","og_locale":"pt_BR","og_type":"article","og_title":"Poucos sabem a quantidade ideal de vitamina D para fortalecer a imunidade, segundo a Mayo Clinic - Correio Braziliense - Radar","og_description":"A vitamina D exerce papel essencial na imunidade, mas muitos ignoram a quantidade di\u00e1ria necess\u00e1ria para manter a prote\u00e7\u00e3o ativa","og_url":"https:\/\/www.correiobraziliense.com.br\/cbradar\/poucos-sabem-a-quantidade-ideal-de-vitamina-d-para-fortalecer-a-imunidade-segundo-a-mayo-clinic\/","og_site_name":"Correio Braziliense - Radar","article_published_time":"2026-03-11T01:25:00+00:00","og_image":[{"width":1280,"height":720,"url":"https:\/\/www.correiobraziliense.com.br\/cbradar\/wp-content\/uploads\/2026\/03\/Gemini_Generated_Image_kcj5ebkcj5ebkcj5-1-1.png","type":"image\/png"}],"author":"Patrick Silva","twitter_card":"summary_large_image","twitter_misc":{"Escrito por":"Patrick Silva","Est. tempo de leitura":"5 minutos"},"schema":{"@context":"https:\/\/schema.org","@graph":[{"@type":"WebPage","@id":"https:\/\/www.correiobraziliense.com.br\/cbradar\/poucos-sabem-a-quantidade-ideal-de-vitamina-d-para-fortalecer-a-imunidade-segundo-a-mayo-clinic\/","url":"https:\/\/www.correiobraziliense.com.br\/cbradar\/poucos-sabem-a-quantidade-ideal-de-vitamina-d-para-fortalecer-a-imunidade-segundo-a-mayo-clinic\/","name":"Poucos sabem a quantidade ideal de vitamina D para fortalecer a imunidade, segundo a Mayo Clinic - Correio Braziliense - Radar","isPartOf":{"@id":"https:\/\/www.correiobraziliense.com.br\/cbradar\/#website"},"primaryImageOfPage":{"@id":"https:\/\/www.correiobraziliense.com.br\/cbradar\/poucos-sabem-a-quantidade-ideal-de-vitamina-d-para-fortalecer-a-imunidade-segundo-a-mayo-clinic\/#primaryimage"},"image":{"@id":"https:\/\/www.correiobraziliense.com.br\/cbradar\/poucos-sabem-a-quantidade-ideal-de-vitamina-d-para-fortalecer-a-imunidade-segundo-a-mayo-clinic\/#primaryimage"},"thumbnailUrl":"https:\/\/www.correiobraziliense.com.br\/cbradar\/wp-content\/uploads\/2026\/03\/Gemini_Generated_Image_kcj5ebkcj5ebkcj5-1-1.png","datePublished":"2026-03-11T01:25:00+00:00","author":{"@id":"https:\/\/www.correiobraziliense.com.br\/cbradar\/#\/schema\/person\/5440b72be9c7eb74f446c846479dc4da"},"description":"A vitamina D exerce papel essencial na imunidade, mas muitos ignoram a quantidade di\u00e1ria necess\u00e1ria para manter a prote\u00e7\u00e3o ativa","breadcrumb":{"@id":"https:\/\/www.correiobraziliense.com.br\/cbradar\/poucos-sabem-a-quantidade-ideal-de-vitamina-d-para-fortalecer-a-imunidade-segundo-a-mayo-clinic\/#breadcrumb"},"inLanguage":"pt-BR","potentialAction":[{"@type":"ReadAction","target":["https:\/\/www.correiobraziliense.com.br\/cbradar\/poucos-sabem-a-quantidade-ideal-de-vitamina-d-para-fortalecer-a-imunidade-segundo-a-mayo-clinic\/"]}]},{"@type":"ImageObject","inLanguage":"pt-BR","@id":"https:\/\/www.correiobraziliense.com.br\/cbradar\/poucos-sabem-a-quantidade-ideal-de-vitamina-d-para-fortalecer-a-imunidade-segundo-a-mayo-clinic\/#primaryimage","url":"https:\/\/www.correiobraziliense.com.br\/cbradar\/wp-content\/uploads\/2026\/03\/Gemini_Generated_Image_kcj5ebkcj5ebkcj5-1-1.png","contentUrl":"https:\/\/www.correiobraziliense.com.br\/cbradar\/wp-content\/uploads\/2026\/03\/Gemini_Generated_Image_kcj5ebkcj5ebkcj5-1-1.png","width":1280,"height":720,"caption":"A quantidade ideal de vitamina D para fortalecer a imunidade e manter o corpo protegido todos os dias"},{"@type":"BreadcrumbList","@id":"https:\/\/www.correiobraziliense.com.br\/cbradar\/poucos-sabem-a-quantidade-ideal-de-vitamina-d-para-fortalecer-a-imunidade-segundo-a-mayo-clinic\/#breadcrumb","itemListElement":[{"@type":"ListItem","position":1,"name":"In\u00edcio","item":"https:\/\/www.correiobraziliense.com.br\/cbradar\/"},{"@type":"ListItem","position":2,"name":"Poucos sabem a quantidade ideal de vitamina D para fortalecer a imunidade, segundo a Mayo Clinic"}]},{"@type":"WebSite","@id":"https:\/\/www.correiobraziliense.com.br\/cbradar\/#website","url":"https:\/\/www.correiobraziliense.com.br\/cbradar\/","name":"Correio Braziliense - Radar","description":"Acompanhe as \u00faltimas not\u00edcias e fique bem informado sobre tudo o que acontece no Brasil e no mundo.","potentialAction":[{"@type":"SearchAction","target":{"@type":"EntryPoint","urlTemplate":"https:\/\/www.correiobraziliense.com.br\/cbradar\/?s={search_term_string}"},"query-input":{"@type":"PropertyValueSpecification","valueRequired":true,"valueName":"search_term_string"}}],"inLanguage":"pt-BR"},{"@type":"Person","@id":"https:\/\/www.correiobraziliense.com.br\/cbradar\/#\/schema\/person\/5440b72be9c7eb74f446c846479dc4da","name":"Patrick Silva","image":{"@type":"ImageObject","inLanguage":"pt-BR","@id":"https:\/\/www.correiobraziliense.com.br\/cbradar\/#\/schema\/person\/image\/","url":"https:\/\/secure.gravatar.com\/avatar\/944109df296fc087785c9715fd5f80b2?s=96&d=mm&r=g","contentUrl":"https:\/\/secure.gravatar.com\/avatar\/944109df296fc087785c9715fd5f80b2?s=96&d=mm&r=g","caption":"Patrick Silva"},"sameAs":["https:\/\/www.correiobraziliense.com.br\/cbradar\/"],"url":"https:\/\/www.correiobraziliense.com.br\/cbradar\/author\/patrick-silva\/"}]}},"_links":{"self":[{"href":"https:\/\/www.correiobraziliense.com.br\/cbradar\/wp-json\/wp\/v2\/posts\/205098","targetHints":{"allow":["GET"]}}],"collection":[{"href":"https:\/\/www.correiobraziliense.com.br\/cbradar\/wp-json\/wp\/v2\/posts"}],"about":[{"href":"https:\/\/www.correiobraziliense.com.br\/cbradar\/wp-json\/wp\/v2\/types\/post"}],"author":[{"embeddable":true,"href":"https:\/\/www.correiobraziliense.com.br\/cbradar\/wp-json\/wp\/v2\/users\/21"}],"replies":[{"embeddable":true,"href":"https:\/\/www.correiobraziliense.com.br\/cbradar\/wp-json\/wp\/v2\/comments?post=205098"}],"version-history":[{"count":4,"href":"https:\/\/www.correiobraziliense.com.br\/cbradar\/wp-json\/wp\/v2\/posts\/205098\/revisions"}],"predecessor-version":[{"id":205106,"href":"https:\/\/www.correiobraziliense.com.br\/cbradar\/wp-json\/wp\/v2\/posts\/205098\/revisions\/205106"}],"wp:featuredmedia":[{"embeddable":true,"href":"https:\/\/www.correiobraziliense.com.br\/cbradar\/wp-json\/wp\/v2\/media\/205103"}],"wp:attachment":[{"href":"https:\/\/www.correiobraziliense.com.br\/cbradar\/wp-json\/wp\/v2\/media?parent=205098"}],"wp:term":[{"taxonomy":"category","embeddable":true,"href":"https:\/\/www.correiobraziliense.com.br\/cbradar\/wp-json\/wp\/v2\/categories?post=205098"},{"taxonomy":"post_tag","embeddable":true,"href":"https:\/\/www.correiobraziliense.com.br\/cbradar\/wp-json\/wp\/v2\/tags?post=205098"}],"curies":[{"name":"wp","href":"https:\/\/api.w.org\/{rel}","templated":true}]}}