{"id":20510,"date":"2025-04-08T15:30:00","date_gmt":"2025-04-08T18:30:00","guid":{"rendered":"https:\/\/www.correiobraziliense.com.br\/cbradar\/?p=20510"},"modified":"2025-06-28T18:39:34","modified_gmt":"2025-06-28T21:39:34","slug":"7a-temporada-de-black-mirror-chega-esta-semana-saiba-o-que-esperar","status":"publish","type":"post","link":"https:\/\/www.correiobraziliense.com.br\/cbradar\/7a-temporada-de-black-mirror-chega-esta-semana-saiba-o-que-esperar\/","title":{"rendered":"7\u00aa temporada de Black Mirror chega esta semana, saiba o que esperar"},"content":{"rendered":"\n<p>A aguardada s\u00e9tima temporada de <strong>Black Mirror<\/strong> chegou \u00e0 <strong><a href=\"https:\/\/www.correiobraziliense.com.br\/cbradar\/a-serie-perfeita-para-quem-se-apaixonou-por-la-la-land-esta-escondida-na-netflix\/\" target=\"_blank\" rel=\"noreferrer noopener\">Netflix<\/a><\/strong> em 10 de abril de 2025, trazendo consigo uma promessa ambiciosa: retornar \u00e0s origens da s\u00e9rie que revolucionou a fic\u00e7\u00e3o cient\u00edfica televisiva. Com seis epis\u00f3dios que prometem uma &#8220;mistura de g\u00eaneros e estilos&#8221;, segundo o criador <strong>Charlie Brooker<\/strong>, esta nova temporada representa um esfor\u00e7o consciente de resgatar o DNA original da produ\u00e7\u00e3o brit\u00e2nica que conquistou o mundo.<\/p>\n\n\n\n<p>Desde sua mudan\u00e7a para a <strong>Netflix<\/strong> em 2015, quando a plataforma investiu 40 milh\u00f5es de d\u00f3lares para adquirir os direitos da s\u00e9rie, <strong>Black Mirror<\/strong> passou por transforma\u00e7\u00f5es significativas. A nova temporada busca equilibrar a escala cinematogr\u00e1fica que a <strong>Netflix<\/strong> proporcionou com a intensidade psicol\u00f3gica que marcou os primeiros anos da s\u00e9rie no <strong>Channel 4<\/strong> brit\u00e2nico. <strong>Brooker<\/strong> promete epis\u00f3dios que variam entre &#8220;profundamente desagrad\u00e1veis&#8221;, &#8220;bastante engra\u00e7ados&#8221; e &#8220;emocionais&#8221;, mostrando a versatilidade que sempre foi marca registrada da antologia.<\/p>\n\n\n\n<h2 class=\"wp-block-heading\"><strong>O que diferencia esta temporada das anteriores?<\/strong><\/h2>\n\n\n\n<p>A s\u00e9tima temporada marca um momento hist\u00f3rico na s\u00e9rie ao apresentar pela primeira vez uma continua\u00e7\u00e3o direta de um epis\u00f3dio anterior. &#8220;<strong>USS Callister: Infinity<\/strong>&#8221; retoma a narrativa do aclamado epis\u00f3dio da quarta temporada, trazendo de volta <strong>Cristin Milioti<\/strong>, <strong>Jimmi Simpson<\/strong> e <strong>Billy Magnussen<\/strong> para explorar novos desdobramentos na realidade virtual da nave espacial. Esta decis\u00e3o representa uma quebra da tradi\u00e7\u00e3o antol\u00f3gica rigorosa que <strong>Brooker<\/strong> mantinha desde o in\u00edcio.<\/p>\n\n\n\n<p>Outro destaque significativo \u00e9 o retorno dos personagens <strong>Colin Ritman<\/strong> e <strong>Mohan Thakur<\/strong>, interpretados por <strong>Will Poulter<\/strong> e <strong>Asim Chaudhry<\/strong>, que apareceram originalmente em &#8220;<strong>Bandersnatch<\/strong>&#8220;. O epis\u00f3dio &#8220;<strong>Brinquedo<\/strong>&#8221; oferece uma nova perspectiva sobre estes desenvolvedores de games, agora em uma estrutura narrativa tradicional, diferente da experi\u00eancia interativa do filme especial de 2018. Esta conex\u00e3o entre diferentes formatos da s\u00e9rie demonstra a evolu\u00e7\u00e3o criativa de <strong>Brooker<\/strong> em expandir o universo <strong>Black Mirror<\/strong>.<\/p>\n\n\n\n<figure class=\"wp-block-image size-large\"><img decoding=\"async\" width=\"1024\" height=\"576\" src=\"https:\/\/www.correiobraziliense.com.br\/cbradar\/wp-content\/uploads\/2025\/04\/Black-Mirror-1024x576.png\" alt=\"7\u00aa temporada de Black Mirror chega esta semana, saiba o que esperar\" class=\"wp-image-20525\" srcset=\"https:\/\/www.correiobraziliense.com.br\/cbradar\/wp-content\/uploads\/2025\/04\/Black-Mirror-1024x576.png 1024w, https:\/\/www.correiobraziliense.com.br\/cbradar\/wp-content\/uploads\/2025\/04\/Black-Mirror-300x169.png 300w, https:\/\/www.correiobraziliense.com.br\/cbradar\/wp-content\/uploads\/2025\/04\/Black-Mirror-768x432.png 768w, https:\/\/www.correiobraziliense.com.br\/cbradar\/wp-content\/uploads\/2025\/04\/Black-Mirror-750x422.png 750w, https:\/\/www.correiobraziliense.com.br\/cbradar\/wp-content\/uploads\/2025\/04\/Black-Mirror-1140x641.png 1140w, https:\/\/www.correiobraziliense.com.br\/cbradar\/wp-content\/uploads\/2025\/04\/Black-Mirror.png 1280w\" sizes=\"(max-width: 1024px) 100vw, 1024px\" \/><figcaption class=\"wp-element-caption\">Black Mirror. Fonte: divulga\u00e7\u00e3o \/ Netflixga\u00e7\u00e3o \/ Netflix<\/figcaption><\/figure>\n\n\n\n<h2 class=\"wp-block-heading\"><strong>Como a produ\u00e7\u00e3o evoluiu tecnicamente?<\/strong><\/h2>\n\n\n\n<p>Os epis\u00f3dios desta temporada apresentam dura\u00e7\u00f5es variadas, com os mais curtos chegando a 40 minutos e os mais longos atingindo at\u00e9 89 minutos, aproximando-se do formato de longas-metragens. Esta flexibilidade temporal permite que cada hist\u00f3ria desenvolva sua narrativa no ritmo adequado, sem as limita\u00e7\u00f5es tradicionais da televis\u00e3o. <strong>Brooker<\/strong> confirma que dois epis\u00f3dios s\u00e3o &#8220;basicamente longa-metragens&#8221;, indicando o investimento significativo em produ\u00e7\u00e3o cinematogr\u00e1fica.<\/p>\n\n\n\n<p>O elenco desta temporada re\u00fane talentos consagrados como <strong>Paul Giamatti<\/strong>, <strong>Rashida Jones<\/strong>, <strong>Peter Capaldi<\/strong>, <strong>Issa Rae<\/strong> e <strong>Awkwafina<\/strong>, demonstrando o prest\u00edgio que a s\u00e9rie mant\u00e9m para atrair grandes nomes de <strong>Hollywood<\/strong>. Esta mudan\u00e7a para &#8220;estrelas de <strong>Hollywood<\/strong>&#8221; j\u00e1 havia sido criticada por alguns f\u00e3s que preferiam o tom mais sombrio e brit\u00e2nico das primeiras temporadas, mas <strong>Brooker<\/strong> conseguiu encontrar um equil\u00edbrio entre acessibilidade e profundidade narrativa.<\/p>\n\n\n\n<h2 class=\"wp-block-heading\"><strong>Qual o impacto cultural que Black Mirror mant\u00e9m hoje?<\/strong><\/h2>\n\n\n\n<p>O pr\u00f3prio <strong>Brooker<\/strong> admite estar ciente das compara\u00e7\u00f5es com outras s\u00e9ries do g\u00eanero, como &#8220;<strong>Ruptura<\/strong>&#8220;, chegando a evitar assistir a produ\u00e7\u00e3o da <strong>Apple TV+<\/strong> para &#8220;n\u00e3o ficar com inveja&#8221;. Esta humildade criativa revela como <strong>Black Mirror<\/strong> continua estabelecendo par\u00e2metros para o g\u00eanero de fic\u00e7\u00e3o cient\u00edfica dist\u00f3pica, mesmo enfrentando crescente concorr\u00eancia no mercado de streaming.<\/p>\n\n\n\n<p>Um exemplo da genialidade criativa de <strong>Brooker<\/strong> pode ser visto no epis\u00f3dio &#8220;<strong>B\u00eate Noire<\/strong>&#8220;, onde a <strong>Netflix<\/strong> disponibilizou duas vers\u00f5es ligeiramente diferentes que s\u00e3o reproduzidas aleatoriamente. Esta experi\u00eancia \u00fanica faz com que diferentes espectadores tenham percep\u00e7\u00f5es distintas do mesmo epis\u00f3dio, criando debates org\u00e2nicos sobre mem\u00f3rias falsas e realidade. Tal inova\u00e7\u00e3o demonstra como a s\u00e9rie cont\u00ednua explorando os limites entre tecnologia e percep\u00e7\u00e3o humana, desta vez envolvendo diretamente a plataforma de streaming como parte da narrativa.<\/p>\n\n\n\n<h2 class=\"wp-block-heading\"><strong>Por que Black Mirror permanece essencial na era atual?<\/strong><\/h2>\n\n\n\n<p>A relev\u00e2ncia de <strong>Black Mirror<\/strong> transcende o entretenimento ao antecipar quest\u00f5es sociais que posteriormente se tornam realidade. A s\u00e9rie explora &#8220;a forma que vivemos agora \u2014 e a forma que podemos estar vivendo daqui a 10 minutos se formos desastrados&#8221;, como define seu criador. Esta capacidade prof\u00e9tica tornou diversos epis\u00f3dios refer\u00eancias obrigat\u00f3rias em debates sobre \u00e9tica tecnol\u00f3gica, privacidade digital e impacto das redes sociais.<\/p>\n\n\n\n<p>Durante a pandemia, <strong>Brooker<\/strong> chegou a pausar a produ\u00e7\u00e3o porque sentia que &#8220;n\u00e3o teria est\u00f4mago para hist\u00f3rias de sociedades se destruindo&#8221;, demonstrando como a realidade por vezes supera at\u00e9 mesmo as distopias mais imaginativas da s\u00e9rie. Este per\u00edodo de reflex\u00e3o resultou em uma abordagem mais madura para a s\u00e9tima temporada, onde o criador equilibra cr\u00edtica social com esperan\u00e7a, mantendo a ess\u00eancia provocativa sem cair no pessimismo gratuito que marcou algumas produ\u00e7\u00f5es concorrentes.<\/p>\n","protected":false},"excerpt":{"rendered":"<p>Uma pr\u00e9via da aguardada 7\u00aa temporada de Black Mirror, explorando sua relev\u00e2ncia, impacto na cultura pop e o que esperar dos novos epis\u00f3dios.<\/p>\n","protected":false},"author":3,"featured_media":20524,"comment_status":"open","ping_status":"open","sticky":false,"template":"","format":"standard","meta":{"_yoast_wpseo_focuskw":"black mirror streaming","_yoast_wpseo_title":"%%title%%","_yoast_wpseo_metadesc":"Uma pr\u00e9via da aguardada 7\u00aa temporada de Black Mirror, explorando sua relev\u00e2ncia, impacto na cultura pop e o que esperar dos novos epis\u00f3dios.","jnews-multi-image_gallery":[],"jnews_single_post":{"format":"standard"},"jnews_primary_category":[],"jnews_social_meta":[],"jnews_override_counter":[],"footnotes":""},"categories":[140],"post_tag":[1960,141,568],"class_list":["post-20510","post","type-post","status-publish","format-standard","has-post-thumbnail","hentry","category-entretenimento","tag-black-mirror","tag-netflix","tag-series-e-filmes"],"yoast_head":"<!-- This site is optimized with the Yoast SEO plugin v24.6 - https:\/\/yoast.com\/wordpress\/plugins\/seo\/ -->\n<title>7\u00aa temporada de Black Mirror chega esta semana, saiba o que esperar<\/title>\n<meta name=\"description\" content=\"Uma pr\u00e9via da aguardada 7\u00aa temporada de Black Mirror, explorando sua relev\u00e2ncia, impacto na cultura pop e o que esperar dos novos epis\u00f3dios.\" \/>\n<meta name=\"robots\" content=\"index, follow, max-snippet:-1, max-image-preview:large, max-video-preview:-1\" \/>\n<link rel=\"canonical\" href=\"https:\/\/www.correiobraziliense.com.br\/cbradar\/7a-temporada-de-black-mirror-chega-esta-semana-saiba-o-que-esperar\/\" \/>\n<meta property=\"og:locale\" content=\"pt_BR\" \/>\n<meta property=\"og:type\" content=\"article\" \/>\n<meta property=\"og:title\" content=\"7\u00aa temporada de Black Mirror chega esta semana, saiba o que esperar\" \/>\n<meta property=\"og:description\" content=\"Uma pr\u00e9via da aguardada 7\u00aa temporada de Black Mirror, explorando sua relev\u00e2ncia, impacto na cultura pop e o que esperar dos novos epis\u00f3dios.\" \/>\n<meta property=\"og:url\" content=\"https:\/\/www.correiobraziliense.com.br\/cbradar\/7a-temporada-de-black-mirror-chega-esta-semana-saiba-o-que-esperar\/\" \/>\n<meta property=\"og:site_name\" content=\"Correio Braziliense - Radar\" \/>\n<meta property=\"article:published_time\" content=\"2025-04-08T18:30:00+00:00\" \/>\n<meta property=\"article:modified_time\" content=\"2025-06-28T21:39:34+00:00\" \/>\n<meta property=\"og:image\" content=\"https:\/\/www.correiobraziliense.com.br\/cbradar\/wp-content\/uploads\/2025\/04\/Black-Mirror_1744046692180.jpg\" \/>\n\t<meta property=\"og:image:width\" content=\"1280\" \/>\n\t<meta property=\"og:image:height\" content=\"720\" \/>\n\t<meta property=\"og:image:type\" content=\"image\/jpeg\" \/>\n<meta name=\"author\" content=\"Larissa Carvalho\" \/>\n<meta name=\"twitter:card\" content=\"summary_large_image\" \/>\n<meta name=\"twitter:label1\" content=\"Escrito por\" \/>\n\t<meta name=\"twitter:data1\" content=\"Larissa Carvalho\" \/>\n\t<meta name=\"twitter:label2\" content=\"Est. tempo de leitura\" \/>\n\t<meta name=\"twitter:data2\" content=\"5 minutos\" \/>\n<!-- \/ Yoast SEO plugin. -->","yoast_head_json":{"title":"7\u00aa temporada de Black Mirror chega esta semana, saiba o que esperar","description":"Uma pr\u00e9via da aguardada 7\u00aa temporada de Black Mirror, explorando sua relev\u00e2ncia, impacto na cultura pop e o que esperar dos novos epis\u00f3dios.","robots":{"index":"index","follow":"follow","max-snippet":"max-snippet:-1","max-image-preview":"max-image-preview:large","max-video-preview":"max-video-preview:-1"},"canonical":"https:\/\/www.correiobraziliense.com.br\/cbradar\/7a-temporada-de-black-mirror-chega-esta-semana-saiba-o-que-esperar\/","og_locale":"pt_BR","og_type":"article","og_title":"7\u00aa temporada de Black Mirror chega esta semana, saiba o que esperar","og_description":"Uma pr\u00e9via da aguardada 7\u00aa temporada de Black Mirror, explorando sua relev\u00e2ncia, impacto na cultura pop e o que esperar dos novos epis\u00f3dios.","og_url":"https:\/\/www.correiobraziliense.com.br\/cbradar\/7a-temporada-de-black-mirror-chega-esta-semana-saiba-o-que-esperar\/","og_site_name":"Correio Braziliense - Radar","article_published_time":"2025-04-08T18:30:00+00:00","article_modified_time":"2025-06-28T21:39:34+00:00","og_image":[{"width":1280,"height":720,"url":"https:\/\/www.correiobraziliense.com.br\/cbradar\/wp-content\/uploads\/2025\/04\/Black-Mirror_1744046692180.jpg","type":"image\/jpeg"}],"author":"Larissa Carvalho","twitter_card":"summary_large_image","twitter_misc":{"Escrito por":"Larissa Carvalho","Est. tempo de leitura":"5 minutos"},"schema":{"@context":"https:\/\/schema.org","@graph":[{"@type":"WebPage","@id":"https:\/\/www.correiobraziliense.com.br\/cbradar\/7a-temporada-de-black-mirror-chega-esta-semana-saiba-o-que-esperar\/","url":"https:\/\/www.correiobraziliense.com.br\/cbradar\/7a-temporada-de-black-mirror-chega-esta-semana-saiba-o-que-esperar\/","name":"7\u00aa temporada de Black Mirror chega esta semana, saiba o que esperar","isPartOf":{"@id":"https:\/\/www.correiobraziliense.com.br\/cbradar\/#website"},"primaryImageOfPage":{"@id":"https:\/\/www.correiobraziliense.com.br\/cbradar\/7a-temporada-de-black-mirror-chega-esta-semana-saiba-o-que-esperar\/#primaryimage"},"image":{"@id":"https:\/\/www.correiobraziliense.com.br\/cbradar\/7a-temporada-de-black-mirror-chega-esta-semana-saiba-o-que-esperar\/#primaryimage"},"thumbnailUrl":"https:\/\/www.correiobraziliense.com.br\/cbradar\/wp-content\/uploads\/2025\/04\/Black-Mirror_1744046692180.jpg","datePublished":"2025-04-08T18:30:00+00:00","dateModified":"2025-06-28T21:39:34+00:00","author":{"@id":"https:\/\/www.correiobraziliense.com.br\/cbradar\/#\/schema\/person\/58422787644df994b53a19d3e56c1513"},"description":"Uma pr\u00e9via da aguardada 7\u00aa temporada de Black Mirror, explorando sua relev\u00e2ncia, impacto na cultura pop e o que esperar dos novos epis\u00f3dios.","breadcrumb":{"@id":"https:\/\/www.correiobraziliense.com.br\/cbradar\/7a-temporada-de-black-mirror-chega-esta-semana-saiba-o-que-esperar\/#breadcrumb"},"inLanguage":"pt-BR","potentialAction":[{"@type":"ReadAction","target":["https:\/\/www.correiobraziliense.com.br\/cbradar\/7a-temporada-de-black-mirror-chega-esta-semana-saiba-o-que-esperar\/"]}]},{"@type":"ImageObject","inLanguage":"pt-BR","@id":"https:\/\/www.correiobraziliense.com.br\/cbradar\/7a-temporada-de-black-mirror-chega-esta-semana-saiba-o-que-esperar\/#primaryimage","url":"https:\/\/www.correiobraziliense.com.br\/cbradar\/wp-content\/uploads\/2025\/04\/Black-Mirror_1744046692180.jpg","contentUrl":"https:\/\/www.correiobraziliense.com.br\/cbradar\/wp-content\/uploads\/2025\/04\/Black-Mirror_1744046692180.jpg","width":1280,"height":720,"caption":"Black Mirror. Cr\u00e9ditos: depositphotos.com \/ ifeelstock"},{"@type":"BreadcrumbList","@id":"https:\/\/www.correiobraziliense.com.br\/cbradar\/7a-temporada-de-black-mirror-chega-esta-semana-saiba-o-que-esperar\/#breadcrumb","itemListElement":[{"@type":"ListItem","position":1,"name":"In\u00edcio","item":"https:\/\/www.correiobraziliense.com.br\/cbradar\/"},{"@type":"ListItem","position":2,"name":"7\u00aa temporada de Black Mirror chega esta semana, saiba o que esperar"}]},{"@type":"WebSite","@id":"https:\/\/www.correiobraziliense.com.br\/cbradar\/#website","url":"https:\/\/www.correiobraziliense.com.br\/cbradar\/","name":"Correio Braziliense - Radar","description":"Acompanhe as \u00faltimas not\u00edcias e fique bem informado sobre tudo o que acontece no Brasil e no mundo.","potentialAction":[{"@type":"SearchAction","target":{"@type":"EntryPoint","urlTemplate":"https:\/\/www.correiobraziliense.com.br\/cbradar\/?s={search_term_string}"},"query-input":{"@type":"PropertyValueSpecification","valueRequired":true,"valueName":"search_term_string"}}],"inLanguage":"pt-BR"},{"@type":"Person","@id":"https:\/\/www.correiobraziliense.com.br\/cbradar\/#\/schema\/person\/58422787644df994b53a19d3e56c1513","name":"Larissa Carvalho","image":{"@type":"ImageObject","inLanguage":"pt-BR","@id":"https:\/\/www.correiobraziliense.com.br\/cbradar\/#\/schema\/person\/image\/","url":"https:\/\/secure.gravatar.com\/avatar\/fe4f91a0de32b52a838d0d612abdc1aa?s=96&d=mm&r=g","contentUrl":"https:\/\/secure.gravatar.com\/avatar\/fe4f91a0de32b52a838d0d612abdc1aa?s=96&d=mm&r=g","caption":"Larissa Carvalho"},"url":"https:\/\/www.correiobraziliense.com.br\/cbradar\/author\/larissamyth\/"}]}},"_links":{"self":[{"href":"https:\/\/www.correiobraziliense.com.br\/cbradar\/wp-json\/wp\/v2\/posts\/20510","targetHints":{"allow":["GET"]}}],"collection":[{"href":"https:\/\/www.correiobraziliense.com.br\/cbradar\/wp-json\/wp\/v2\/posts"}],"about":[{"href":"https:\/\/www.correiobraziliense.com.br\/cbradar\/wp-json\/wp\/v2\/types\/post"}],"author":[{"embeddable":true,"href":"https:\/\/www.correiobraziliense.com.br\/cbradar\/wp-json\/wp\/v2\/users\/3"}],"replies":[{"embeddable":true,"href":"https:\/\/www.correiobraziliense.com.br\/cbradar\/wp-json\/wp\/v2\/comments?post=20510"}],"version-history":[{"count":2,"href":"https:\/\/www.correiobraziliense.com.br\/cbradar\/wp-json\/wp\/v2\/posts\/20510\/revisions"}],"predecessor-version":[{"id":61034,"href":"https:\/\/www.correiobraziliense.com.br\/cbradar\/wp-json\/wp\/v2\/posts\/20510\/revisions\/61034"}],"wp:featuredmedia":[{"embeddable":true,"href":"https:\/\/www.correiobraziliense.com.br\/cbradar\/wp-json\/wp\/v2\/media\/20524"}],"wp:attachment":[{"href":"https:\/\/www.correiobraziliense.com.br\/cbradar\/wp-json\/wp\/v2\/media?parent=20510"}],"wp:term":[{"taxonomy":"category","embeddable":true,"href":"https:\/\/www.correiobraziliense.com.br\/cbradar\/wp-json\/wp\/v2\/categories?post=20510"},{"taxonomy":"post_tag","embeddable":true,"href":"https:\/\/www.correiobraziliense.com.br\/cbradar\/wp-json\/wp\/v2\/post_tag?post=20510"}],"curies":[{"name":"wp","href":"https:\/\/api.w.org\/{rel}","templated":true}]}}