{"id":205114,"date":"2026-03-10T17:05:00","date_gmt":"2026-03-10T20:05:00","guid":{"rendered":"https:\/\/www.correiobraziliense.com.br\/cbradar\/?p=205114"},"modified":"2026-03-09T19:47:49","modified_gmt":"2026-03-09T22:47:49","slug":"o-melhor-momento-para-beber-agua-para-melhorar-o-metabolismo-segundo-especialistas","status":"publish","type":"post","link":"https:\/\/www.correiobraziliense.com.br\/cbradar\/o-melhor-momento-para-beber-agua-para-melhorar-o-metabolismo-segundo-especialistas\/","title":{"rendered":"O melhor momento para beber \u00e1gua para melhorar o metabolismo, segundo especialistas"},"content":{"rendered":"\n<p>Manter a hidrata\u00e7\u00e3o correta \u00e9 um pilar essencial para quem busca otimizar o funcionamento do metabolismo basal e queimar calorias com efici\u00eancia. Beber \u00e1gua em hor\u00e1rios estrat\u00e9gicos ajuda o organismo a processar nutrientes de forma mais r\u00e1pida, combatendo o incha\u00e7o e a fadiga muscular. Entender essas janelas biol\u00f3gicas garante resultados duradouros.<\/p>\n\n\n\n<h2 class=\"wp-block-heading\">Por que o copo d&#8217;\u00e1gua ao despertar \u00e9 vital?<\/h2>\n\n\n\n<p>Ingerir cerca de quinhentos mililitros de \u00e1gua logo ap\u00f3s acordar ativa o sistema digestivo e desperta os \u00f3rg\u00e3os internos de maneira natural e saud\u00e1vel. Esse h\u00e1bito simples elimina as toxinas acumuladas durante o sono profundo, preparando o corpo para as demandas energ\u00e9ticas do dia. Manter essa rotina matinal acelera a queima cal\u00f3rica inicial de forma muito potente e eficaz.<\/p>\n\n\n\n<p>A \u00e1gua gelada logo cedo exige que o organismo gaste energia extra para equilibrar a temperatura interna, o que estimula o metabolismo imediatamente. Esse processo conhecido como termog\u00eanese auxilia na perda de peso e melhora a disposi\u00e7\u00e3o f\u00edsica para realizar exerc\u00edcios matinais intensos. Beber \u00e1gua em jejum \u00e9 uma estrat\u00e9gia recomendada por diversos especialistas em sa\u00fade e nutri\u00e7\u00e3o hoje.<\/p>\n\n\n\n<figure class=\"wp-block-image size-full\"><img decoding=\"async\" width=\"1280\" height=\"720\" src=\"https:\/\/www.correiobraziliense.com.br\/cbradar\/wp-content\/uploads\/2026\/03\/Gemini_Generated_Image_g1ha05g1ha05g1ha-1-1.png\" alt=\"O melhor momento para beber \u00e1gua para melhorar o metabolismo, segundo especialistas\" class=\"wp-image-205117\" srcset=\"https:\/\/www.correiobraziliense.com.br\/cbradar\/wp-content\/uploads\/2026\/03\/Gemini_Generated_Image_g1ha05g1ha05g1ha-1-1.png 1280w, https:\/\/www.correiobraziliense.com.br\/cbradar\/wp-content\/uploads\/2026\/03\/Gemini_Generated_Image_g1ha05g1ha05g1ha-1-1-300x169.png 300w, https:\/\/www.correiobraziliense.com.br\/cbradar\/wp-content\/uploads\/2026\/03\/Gemini_Generated_Image_g1ha05g1ha05g1ha-1-1-768x432.png 768w, https:\/\/www.correiobraziliense.com.br\/cbradar\/wp-content\/uploads\/2026\/03\/Gemini_Generated_Image_g1ha05g1ha05g1ha-1-1-750x422.png 750w, https:\/\/www.correiobraziliense.com.br\/cbradar\/wp-content\/uploads\/2026\/03\/Gemini_Generated_Image_g1ha05g1ha05g1ha-1-1-1140x641.png 1140w\" sizes=\"(max-width: 1280px) 100vw, 1280px\" \/><figcaption class=\"wp-element-caption\">Os hor\u00e1rios ideais para beber \u00e1gua e manter o metabolismo ativo durante todo o dia<\/figcaption><\/figure>\n\n\n\n<h2 class=\"wp-block-heading\">Como a hidrata\u00e7\u00e3o antes das refei\u00e7\u00f5es ajuda voc\u00ea?<\/h2>\n\n\n\n<p>Beber <a href=\"https:\/\/www.correiobraziliense.com.br\/cbradar\/agua-corrente-e-esponja-como-limpar-corretamente-seu-filtro-de-barro\/\" target=\"_blank\" rel=\"noreferrer noopener\">\u00e1gua <\/a>trinta minutos antes do almo\u00e7o ou jantar promove uma sensa\u00e7\u00e3o de saciedade precoce, reduzindo a ingest\u00e3o cal\u00f3rica total de forma espont\u00e2nea. Esse intervalo permite que o est\u00f4mago envie sinais de preenchimento ao c\u00e9rebro, evitando exageros alimentares que prejudicam a dieta equilibrada. O metabolismo trabalha melhor quando n\u00e3o est\u00e1 sobrecarregado por excessos de gorduras e a\u00e7\u00facares acumulados.<\/p>\n\n\n\n<p>A presen\u00e7a de l\u00edquidos no trato digestivo antes de comer facilita a quebra dos alimentos e a absor\u00e7\u00e3o dos micronutrientes essenciais pelo sangue. Esse fluxo constante de hidrata\u00e7\u00e3o previne a constipa\u00e7\u00e3o intestinal e garante que o corpo utilize a energia dispon\u00edvel de maneira otimizada. Manter o h\u00e1bito de beber \u00e1gua antes de sentar \u00e0 mesa transforma sua digest\u00e3o em algo leve.<\/p>\n\n\n\n<h2 class=\"wp-block-heading\">Quais momentos do dia exigem aten\u00e7\u00e3o redobrada?<\/h2>\n\n\n\n<p>Existem per\u00edodos espec\u00edficos em que a falta de l\u00edquidos pode desacelerar as fun\u00e7\u00f5es vitais e causar uma queda brusca no rendimento cognitivo. Identificar esses sinais de sede antes mesmo deles se tornarem intensos \u00e9 o segredo para manter o metabolismo operando em sua capacidade m\u00e1xima. Beber \u00e1gua regularmente evita picos de fome emocional que sabotam seus objetivos saud\u00e1veis.<\/p>\n\n\n\n<p>Para otimizar o funcionamento do seu organismo e garantir que as rea\u00e7\u00f5es qu\u00edmicas ocorram com perfei\u00e7\u00e3o, tente incorporar estes per\u00edodos de hidrata\u00e7\u00e3o na sua rotina di\u00e1ria:<\/p>\n\n\n\n<ul class=\"wp-block-list\">\n<li>Logo ap\u00f3s despertar em jejum.<\/li>\n\n\n\n<li>Trinta minutos antes de comer.<\/li>\n\n\n\n<li>Antes e durante treinos f\u00edsicos.<\/li>\n\n\n\n<li>Quando sentir cansa\u00e7o ou fadiga.<\/li>\n\n\n\n<li>Pequenos goles antes de dormir.<\/li>\n<\/ul>\n\n\n\n<h2 class=\"wp-block-heading\">O consumo noturno atrapalha o seu sono?<\/h2>\n\n\n\n<p>Ingerir grandes volumes de l\u00edquidos muito perto do hor\u00e1rio de deitar pode interromper o ciclo do sono devido \u00e0 necessidade de urinar. A qualidade do descanso \u00e9 fundamental para a regula\u00e7\u00e3o hormonal e para a manuten\u00e7\u00e3o de um metabolismo acelerado e eficiente durante o dia. Tente concentrar a maior parte da sua hidrata\u00e7\u00e3o nas horas claras de luz solar intensa.<\/p>\n\n\n\n<p>Pequenos goles de \u00e1gua antes de dormir ajudam a manter a garganta hidratada e evitam a desidrata\u00e7\u00e3o leve que ocorre durante a respira\u00e7\u00e3o noturna. O equil\u00edbrio reside em n\u00e3o sobrecarregar a bexiga, garantindo que o corpo realize suas fun\u00e7\u00f5es de reparo celular sem interrup\u00e7\u00f5es constantes. A modera\u00e7\u00e3o noturna \u00e9 essencial para acordar com disposi\u00e7\u00e3o e energia renovada para o trabalho.<\/p>\n\n\n\n<figure class=\"wp-block-image size-full\"><img decoding=\"async\" width=\"1280\" height=\"720\" src=\"https:\/\/www.correiobraziliense.com.br\/cbradar\/wp-content\/uploads\/2026\/03\/Gemini_Generated_Image_1s9ll21s9ll21s9l-1-1.png\" alt=\"O melhor momento para beber \u00e1gua para melhorar o metabolismo, segundo especialistas\" class=\"wp-image-205119\" srcset=\"https:\/\/www.correiobraziliense.com.br\/cbradar\/wp-content\/uploads\/2026\/03\/Gemini_Generated_Image_1s9ll21s9ll21s9l-1-1.png 1280w, https:\/\/www.correiobraziliense.com.br\/cbradar\/wp-content\/uploads\/2026\/03\/Gemini_Generated_Image_1s9ll21s9ll21s9l-1-1-300x169.png 300w, https:\/\/www.correiobraziliense.com.br\/cbradar\/wp-content\/uploads\/2026\/03\/Gemini_Generated_Image_1s9ll21s9ll21s9l-1-1-768x432.png 768w, https:\/\/www.correiobraziliense.com.br\/cbradar\/wp-content\/uploads\/2026\/03\/Gemini_Generated_Image_1s9ll21s9ll21s9l-1-1-750x422.png 750w, https:\/\/www.correiobraziliense.com.br\/cbradar\/wp-content\/uploads\/2026\/03\/Gemini_Generated_Image_1s9ll21s9ll21s9l-1-1-1140x641.png 1140w\" sizes=\"(max-width: 1280px) 100vw, 1280px\" \/><figcaption class=\"wp-element-caption\">Os hor\u00e1rios ideais para beber \u00e1gua e manter o metabolismo ativo durante todo o dia<\/figcaption><\/figure>\n\n\n\n<h2 class=\"wp-block-heading\">O que a ci\u00eancia comprova sobre a hidrata\u00e7\u00e3o?<\/h2>\n\n\n\n<p>Pesquisas indicam que aumentar o consumo de \u00e1gua pode elevar o gasto energ\u00e9tico de repouso em at\u00e9 trinta por cento por um per\u00edodo determinado. Esse efeito termog\u00eanico \u00e9 uma ferramenta poderosa para quem deseja controlar o peso de forma natural e sem dietas restritivas. A \u00e1gua atua como um catalisador vital para quase todas as rea\u00e7\u00f5es qu\u00edmicas org\u00e2nicas celulares.<\/p>\n\n\n\n<p>Segundo as diretrizes oficiais da <strong>Mayo Clinic<\/strong>, a ingest\u00e3o adequada de l\u00edquidos \u00e9 vital para a sa\u00fade dos rins e do sistema circulat\u00f3rio. Voc\u00ea pode consultar os detalhes sobre os benef\u00edcios da \u00e1gua para o metabolismo diretamente no portal da <strong><a target=\"_blank\" rel=\"noreferrer noopener\" href=\"https:\/\/www.mayoclinic.org\/healthy-lifestyle\/nutrition-and-healthy-eating\/in-depth\/water\/art-20044256\">Mayo Clinic<\/a><\/strong>. Seguir recomenda\u00e7\u00f5es baseadas em evid\u00eancias cient\u00edficas s\u00f3lidas garante seguran\u00e7a e resultados reais para sua longevidade de forma bastante simples e direta.<\/p>\n","protected":false},"excerpt":{"rendered":"<p>Manter a hidrata\u00e7\u00e3o correta \u00e9 um pilar essencial para quem busca otimizar o funcionamento do metabolismo basal e queimar calorias com efici\u00eancia. Beber \u00e1gua em hor\u00e1rios estrat\u00e9gicos ajuda o organismo a processar nutrientes de forma mais r\u00e1pida, combatendo o incha\u00e7o e a fadiga muscular. Entender essas janelas biol\u00f3gicas garante resultados duradouros. Por que o copo [&hellip;]<\/p>\n","protected":false},"author":21,"featured_media":205121,"comment_status":"open","ping_status":"open","sticky":false,"template":"","format":"standard","meta":{"_yoast_wpseo_focuskw":"melhores hor\u00e1rios para beber \u00e1gua","_yoast_wpseo_title":"","_yoast_wpseo_metadesc":"Beber \u00e1gua em hor\u00e1rios espec\u00edficos pode influenciar metabolismo digest\u00e3o e n\u00edveis de energia ao longo do dia","jnews-multi-image_gallery":[],"jnews_single_post":{"format":"standard"},"jnews_primary_category":[],"jnews_social_meta":[],"jnews_override_counter":[],"footnotes":""},"categories":[112],"tags":[1167,3667,368],"class_list":["post-205114","post","type-post","status-publish","format-standard","has-post-thumbnail","hentry","category-curiosidades","tag-agua","tag-especialistas","tag-metabolismo"],"yoast_head":"<!-- This site is optimized with the Yoast SEO plugin v24.6 - https:\/\/yoast.com\/wordpress\/plugins\/seo\/ -->\n<title>O melhor momento para beber \u00e1gua para melhorar o metabolismo, segundo especialistas - Correio Braziliense - Radar<\/title>\n<meta name=\"description\" content=\"Beber \u00e1gua em hor\u00e1rios espec\u00edficos pode influenciar metabolismo digest\u00e3o e n\u00edveis de energia ao longo do dia\" \/>\n<meta name=\"robots\" content=\"index, follow, max-snippet:-1, max-image-preview:large, max-video-preview:-1\" \/>\n<link rel=\"canonical\" href=\"https:\/\/www.correiobraziliense.com.br\/cbradar\/o-melhor-momento-para-beber-agua-para-melhorar-o-metabolismo-segundo-especialistas\/\" \/>\n<meta property=\"og:locale\" content=\"pt_BR\" \/>\n<meta property=\"og:type\" content=\"article\" \/>\n<meta property=\"og:title\" content=\"O melhor momento para beber \u00e1gua para melhorar o metabolismo, segundo especialistas - Correio Braziliense - Radar\" \/>\n<meta property=\"og:description\" content=\"Beber \u00e1gua em hor\u00e1rios espec\u00edficos pode influenciar metabolismo digest\u00e3o e n\u00edveis de energia ao longo do dia\" \/>\n<meta property=\"og:url\" content=\"https:\/\/www.correiobraziliense.com.br\/cbradar\/o-melhor-momento-para-beber-agua-para-melhorar-o-metabolismo-segundo-especialistas\/\" \/>\n<meta property=\"og:site_name\" content=\"Correio Braziliense - Radar\" \/>\n<meta property=\"article:published_time\" content=\"2026-03-10T20:05:00+00:00\" \/>\n<meta property=\"og:image\" content=\"https:\/\/www.correiobraziliense.com.br\/cbradar\/wp-content\/uploads\/2026\/03\/Gemini_Generated_Image_9x2z0z9x2z0z9x2z-1-1.png\" \/>\n\t<meta property=\"og:image:width\" content=\"1280\" \/>\n\t<meta property=\"og:image:height\" content=\"720\" \/>\n\t<meta property=\"og:image:type\" content=\"image\/png\" \/>\n<meta name=\"author\" content=\"Patrick Silva\" \/>\n<meta name=\"twitter:card\" content=\"summary_large_image\" \/>\n<meta name=\"twitter:label1\" content=\"Escrito por\" \/>\n\t<meta name=\"twitter:data1\" content=\"Patrick Silva\" \/>\n\t<meta name=\"twitter:label2\" content=\"Est. tempo de leitura\" \/>\n\t<meta name=\"twitter:data2\" content=\"5 minutos\" \/>\n<!-- \/ Yoast SEO plugin. -->","yoast_head_json":{"title":"O melhor momento para beber \u00e1gua para melhorar o metabolismo, segundo especialistas - Correio Braziliense - Radar","description":"Beber \u00e1gua em hor\u00e1rios espec\u00edficos pode influenciar metabolismo digest\u00e3o e n\u00edveis de energia ao longo do dia","robots":{"index":"index","follow":"follow","max-snippet":"max-snippet:-1","max-image-preview":"max-image-preview:large","max-video-preview":"max-video-preview:-1"},"canonical":"https:\/\/www.correiobraziliense.com.br\/cbradar\/o-melhor-momento-para-beber-agua-para-melhorar-o-metabolismo-segundo-especialistas\/","og_locale":"pt_BR","og_type":"article","og_title":"O melhor momento para beber \u00e1gua para melhorar o metabolismo, segundo especialistas - Correio Braziliense - Radar","og_description":"Beber \u00e1gua em hor\u00e1rios espec\u00edficos pode influenciar metabolismo digest\u00e3o e n\u00edveis de energia ao longo do dia","og_url":"https:\/\/www.correiobraziliense.com.br\/cbradar\/o-melhor-momento-para-beber-agua-para-melhorar-o-metabolismo-segundo-especialistas\/","og_site_name":"Correio Braziliense - Radar","article_published_time":"2026-03-10T20:05:00+00:00","og_image":[{"width":1280,"height":720,"url":"https:\/\/www.correiobraziliense.com.br\/cbradar\/wp-content\/uploads\/2026\/03\/Gemini_Generated_Image_9x2z0z9x2z0z9x2z-1-1.png","type":"image\/png"}],"author":"Patrick Silva","twitter_card":"summary_large_image","twitter_misc":{"Escrito por":"Patrick Silva","Est. tempo de leitura":"5 minutos"},"schema":{"@context":"https:\/\/schema.org","@graph":[{"@type":"WebPage","@id":"https:\/\/www.correiobraziliense.com.br\/cbradar\/o-melhor-momento-para-beber-agua-para-melhorar-o-metabolismo-segundo-especialistas\/","url":"https:\/\/www.correiobraziliense.com.br\/cbradar\/o-melhor-momento-para-beber-agua-para-melhorar-o-metabolismo-segundo-especialistas\/","name":"O melhor momento para beber \u00e1gua para melhorar o metabolismo, segundo especialistas - Correio Braziliense - Radar","isPartOf":{"@id":"https:\/\/www.correiobraziliense.com.br\/cbradar\/#website"},"primaryImageOfPage":{"@id":"https:\/\/www.correiobraziliense.com.br\/cbradar\/o-melhor-momento-para-beber-agua-para-melhorar-o-metabolismo-segundo-especialistas\/#primaryimage"},"image":{"@id":"https:\/\/www.correiobraziliense.com.br\/cbradar\/o-melhor-momento-para-beber-agua-para-melhorar-o-metabolismo-segundo-especialistas\/#primaryimage"},"thumbnailUrl":"https:\/\/www.correiobraziliense.com.br\/cbradar\/wp-content\/uploads\/2026\/03\/Gemini_Generated_Image_9x2z0z9x2z0z9x2z-1-1.png","datePublished":"2026-03-10T20:05:00+00:00","author":{"@id":"https:\/\/www.correiobraziliense.com.br\/cbradar\/#\/schema\/person\/5440b72be9c7eb74f446c846479dc4da"},"description":"Beber \u00e1gua em hor\u00e1rios espec\u00edficos pode influenciar metabolismo digest\u00e3o e n\u00edveis de energia ao longo do dia","breadcrumb":{"@id":"https:\/\/www.correiobraziliense.com.br\/cbradar\/o-melhor-momento-para-beber-agua-para-melhorar-o-metabolismo-segundo-especialistas\/#breadcrumb"},"inLanguage":"pt-BR","potentialAction":[{"@type":"ReadAction","target":["https:\/\/www.correiobraziliense.com.br\/cbradar\/o-melhor-momento-para-beber-agua-para-melhorar-o-metabolismo-segundo-especialistas\/"]}]},{"@type":"ImageObject","inLanguage":"pt-BR","@id":"https:\/\/www.correiobraziliense.com.br\/cbradar\/o-melhor-momento-para-beber-agua-para-melhorar-o-metabolismo-segundo-especialistas\/#primaryimage","url":"https:\/\/www.correiobraziliense.com.br\/cbradar\/wp-content\/uploads\/2026\/03\/Gemini_Generated_Image_9x2z0z9x2z0z9x2z-1-1.png","contentUrl":"https:\/\/www.correiobraziliense.com.br\/cbradar\/wp-content\/uploads\/2026\/03\/Gemini_Generated_Image_9x2z0z9x2z0z9x2z-1-1.png","width":1280,"height":720,"caption":"Os hor\u00e1rios ideais para beber \u00e1gua e manter o metabolismo ativo durante todo o dia"},{"@type":"BreadcrumbList","@id":"https:\/\/www.correiobraziliense.com.br\/cbradar\/o-melhor-momento-para-beber-agua-para-melhorar-o-metabolismo-segundo-especialistas\/#breadcrumb","itemListElement":[{"@type":"ListItem","position":1,"name":"In\u00edcio","item":"https:\/\/www.correiobraziliense.com.br\/cbradar\/"},{"@type":"ListItem","position":2,"name":"O melhor momento para beber \u00e1gua para melhorar o metabolismo, segundo especialistas"}]},{"@type":"WebSite","@id":"https:\/\/www.correiobraziliense.com.br\/cbradar\/#website","url":"https:\/\/www.correiobraziliense.com.br\/cbradar\/","name":"Correio Braziliense - Radar","description":"Acompanhe as \u00faltimas not\u00edcias e fique bem informado sobre tudo o que acontece no Brasil e no mundo.","potentialAction":[{"@type":"SearchAction","target":{"@type":"EntryPoint","urlTemplate":"https:\/\/www.correiobraziliense.com.br\/cbradar\/?s={search_term_string}"},"query-input":{"@type":"PropertyValueSpecification","valueRequired":true,"valueName":"search_term_string"}}],"inLanguage":"pt-BR"},{"@type":"Person","@id":"https:\/\/www.correiobraziliense.com.br\/cbradar\/#\/schema\/person\/5440b72be9c7eb74f446c846479dc4da","name":"Patrick Silva","image":{"@type":"ImageObject","inLanguage":"pt-BR","@id":"https:\/\/www.correiobraziliense.com.br\/cbradar\/#\/schema\/person\/image\/","url":"https:\/\/secure.gravatar.com\/avatar\/944109df296fc087785c9715fd5f80b2?s=96&d=mm&r=g","contentUrl":"https:\/\/secure.gravatar.com\/avatar\/944109df296fc087785c9715fd5f80b2?s=96&d=mm&r=g","caption":"Patrick Silva"},"sameAs":["https:\/\/www.correiobraziliense.com.br\/cbradar\/"],"url":"https:\/\/www.correiobraziliense.com.br\/cbradar\/author\/patrick-silva\/"}]}},"_links":{"self":[{"href":"https:\/\/www.correiobraziliense.com.br\/cbradar\/wp-json\/wp\/v2\/posts\/205114","targetHints":{"allow":["GET"]}}],"collection":[{"href":"https:\/\/www.correiobraziliense.com.br\/cbradar\/wp-json\/wp\/v2\/posts"}],"about":[{"href":"https:\/\/www.correiobraziliense.com.br\/cbradar\/wp-json\/wp\/v2\/types\/post"}],"author":[{"embeddable":true,"href":"https:\/\/www.correiobraziliense.com.br\/cbradar\/wp-json\/wp\/v2\/users\/21"}],"replies":[{"embeddable":true,"href":"https:\/\/www.correiobraziliense.com.br\/cbradar\/wp-json\/wp\/v2\/comments?post=205114"}],"version-history":[{"count":7,"href":"https:\/\/www.correiobraziliense.com.br\/cbradar\/wp-json\/wp\/v2\/posts\/205114\/revisions"}],"predecessor-version":[{"id":205124,"href":"https:\/\/www.correiobraziliense.com.br\/cbradar\/wp-json\/wp\/v2\/posts\/205114\/revisions\/205124"}],"wp:featuredmedia":[{"embeddable":true,"href":"https:\/\/www.correiobraziliense.com.br\/cbradar\/wp-json\/wp\/v2\/media\/205121"}],"wp:attachment":[{"href":"https:\/\/www.correiobraziliense.com.br\/cbradar\/wp-json\/wp\/v2\/media?parent=205114"}],"wp:term":[{"taxonomy":"category","embeddable":true,"href":"https:\/\/www.correiobraziliense.com.br\/cbradar\/wp-json\/wp\/v2\/categories?post=205114"},{"taxonomy":"post_tag","embeddable":true,"href":"https:\/\/www.correiobraziliense.com.br\/cbradar\/wp-json\/wp\/v2\/tags?post=205114"}],"curies":[{"name":"wp","href":"https:\/\/api.w.org\/{rel}","templated":true}]}}