{"id":205125,"date":"2026-03-10T19:35:00","date_gmt":"2026-03-10T22:35:00","guid":{"rendered":"https:\/\/www.correiobraziliense.com.br\/cbradar\/?p=205125"},"modified":"2026-03-08T15:23:11","modified_gmt":"2026-03-08T18:23:11","slug":"o-melhor-momento-para-treinar-forca-para-ganhar-massa-muscular-segundo-estudos-cientificos","status":"publish","type":"post","link":"https:\/\/www.correiobraziliense.com.br\/cbradar\/o-melhor-momento-para-treinar-forca-para-ganhar-massa-muscular-segundo-estudos-cientificos\/","title":{"rendered":"O melhor momento para treinar for\u00e7a para ganhar massa muscular, segundo estudos cient\u00edficos"},"content":{"rendered":"\n<p>A hipertrofia muscular depende da combina\u00e7\u00e3o entre est\u00edmulo f\u00edsico adequado e per\u00edodos de recupera\u00e7\u00e3o biol\u00f3gica durante o ciclo circadiano di\u00e1rio. Muitas pessoas questionam se o hor\u00e1rio da sess\u00e3o influencia diretamente os resultados finais de for\u00e7a e volume. Entender a ci\u00eancia por tr\u00e1s do treinamento ajuda a otimizar o desempenho na academia hoje.<\/p>\n\n\n\n<h2 class=\"wp-block-heading\">Como a temperatura corporal afeta seu treino?<\/h2>\n\n\n\n<p>Estudos indicam que a for\u00e7a muscular atinge seu \u00e1pice quando a temperatura central do corpo est\u00e1 mais elevada no per\u00edodo vespertino. Esse aquecimento natural melhora a maleabilidade das fibras e a velocidade de condu\u00e7\u00e3o nervosa essencial para levantamentos pesados. <strong><a href=\"https:\/\/www.correiobraziliense.com.br\/cbradar\/a-fruta-queridinha-dos-lanches-pode-ajudar-no-treino-e-crescer-no-seu-quintal\/\" target=\"_blank\" rel=\"noreferrer noopener\">Treinar <\/a><\/strong>no final da tarde garante que suas articula\u00e7\u00f5es estejam prontas para suportar cargas elevadas com seguran\u00e7a.<\/p>\n\n\n\n<p>Durante o final da tarde, a efici\u00eancia metab\u00f3lica celular est\u00e1 em seu n\u00edvel m\u00e1ximo para processar nutrientes e gerar energia imediata. A coordena\u00e7\u00e3o motora tamb\u00e9m apresenta melhoras significativas nesse hor\u00e1rio, reduzindo o risco de les\u00f5es articulares graves durante exerc\u00edcios multiarticulares complexos. Escolher esse momento do dia potencializa o <strong>recrutamento de unidades motoras<\/strong> para um crescimento muscular s\u00f3lido.<\/p>\n\n\n\n<figure class=\"wp-block-image size-full\"><img decoding=\"async\" width=\"1280\" height=\"720\" src=\"https:\/\/www.correiobraziliense.com.br\/cbradar\/wp-content\/uploads\/2026\/03\/Gemini_Generated_Image_fgy2tefgy2tefgy2-1-1.png\" alt=\"O melhor momento para treinar for\u00e7a para ganhar massa muscular, segundo estudos cient\u00edficos\" class=\"wp-image-205128\" srcset=\"https:\/\/www.correiobraziliense.com.br\/cbradar\/wp-content\/uploads\/2026\/03\/Gemini_Generated_Image_fgy2tefgy2tefgy2-1-1.png 1280w, https:\/\/www.correiobraziliense.com.br\/cbradar\/wp-content\/uploads\/2026\/03\/Gemini_Generated_Image_fgy2tefgy2tefgy2-1-1-300x169.png 300w, https:\/\/www.correiobraziliense.com.br\/cbradar\/wp-content\/uploads\/2026\/03\/Gemini_Generated_Image_fgy2tefgy2tefgy2-1-1-768x432.png 768w, https:\/\/www.correiobraziliense.com.br\/cbradar\/wp-content\/uploads\/2026\/03\/Gemini_Generated_Image_fgy2tefgy2tefgy2-1-1-750x422.png 750w, https:\/\/www.correiobraziliense.com.br\/cbradar\/wp-content\/uploads\/2026\/03\/Gemini_Generated_Image_fgy2tefgy2tefgy2-1-1-1140x641.png 1140w\" sizes=\"(max-width: 1280px) 100vw, 1280px\" \/><figcaption class=\"wp-element-caption\">O melhor hor\u00e1rio para treinar muscula\u00e7\u00e3o e potencializar for\u00e7a desempenho e recupera\u00e7\u00e3o muscular<\/figcaption><\/figure>\n\n\n\n<h2 class=\"wp-block-heading\">Qual o papel dos horm\u00f4nios no ganho de massa?<\/h2>\n\n\n\n<p>A rela\u00e7\u00e3o entre a testosterona e o cortisol \u00e9 um fator determinante para o anabolismo muscular em atletas de todos os n\u00edveis. Embora a testosterona seja mais alta pela manh\u00e3, o cortisol tamb\u00e9m atinge picos que podem favorecer a quebra de prote\u00ednas teciduais. No final do dia, essa propor\u00e7\u00e3o hormonal torna-se mais favor\u00e1vel para a <strong>constru\u00e7\u00e3o de novos tecidos<\/strong>.<\/p>\n\n\n\n<p>Manter um ambiente hormonal prop\u00edcio ao crescimento exige aten\u00e7\u00e3o aos ciclos de descanso e alimenta\u00e7\u00e3o estrat\u00e9gica antes e depois da atividade f\u00edsica. O corpo humano responde melhor aos est\u00edmulos de for\u00e7a quando n\u00e3o est\u00e1 sob o estresse elevado das primeiras horas de vig\u00edlia. Priorizar o final do dia ajuda a manter o <strong>balan\u00e7o nitrogenado positivo<\/strong> para a hipertrofia real.<\/p>\n\n\n\n<h2 class=\"wp-block-heading\">Quais fatores influenciam sua performance f\u00edsica?<\/h2>\n\n\n\n<p>O desempenho esportivo \u00e9 influenciado pela disponibilidade de glicog\u00eanio muscular e pela hidrata\u00e7\u00e3o adequada mantida ao longo das horas de trabalho. Chegar ao treino com as reservas energ\u00e9ticas abastecidas permite manter a intensidade necess\u00e1ria para romper as fibras musculares de forma eficiente. <\/p>\n\n\n\n<p>Para estruturar suas sess\u00f5es com foco em resultados superiores, considere observar atentamente estes pontos fundamentais:<\/p>\n\n\n\n<div class=\"google-auto-ads-ignore\" style=\"box-sizing: border-box; display: flex; flex-direction: column; width: 100%; max-width: 800px; margin: 30px auto; background-color: #e6f7ff; color: #1a222c; border-radius: 12px; overflow: hidden; font-family: 'Segoe UI', Roboto, sans-serif; box-shadow: 0 4px 15px rgba(0,0,0,0.1); border: 1px solid rgba(0,0,0,0.05); position: relative; z-index: 5;\">\n\n  <div style=\"background-color: #ffffff; padding: 25px; border-bottom: 3px solid #1890ff; text-align: center;\">\n    <h2 style=\"margin: 0; color: #003a8c; font-size: 1.5rem;\">\ud83c\udfcb\ufe0f Benef\u00edcios do treino no per\u00edodo da tarde<\/h2>\n    <div style=\"font-size: 0.95rem; margin-top: 8px; opacity: 0.9; color: #595959;\">Fatores fisiol\u00f3gicos que otimizam a performance e a seguran\u00e7a f\u00edsica<\/div>\n  <\/div>\n\n  <div style=\"padding: 25px; display: flex; flex-wrap: wrap; gap: 20px;\">\n    \n    <div style=\"flex: 1 1 300px; background-color: #ffffff; border-radius: 8px; padding: 20px; border: 1px solid rgba(0,0,0,0.05); box-shadow: 0 2px 5px rgba(0,0,0,0.02);\">\n      <h3 style=\"margin: 0 0 15px 0; color: #1890ff; font-size: 1.1rem; font-weight: bold; border-bottom: 1px solid rgba(0,0,0,0.1); padding-bottom: 8px;\">\n        \ud83e\uddec Ambiente metab\u00f3lico\n      <\/h3>\n      \n      <div style=\"margin-bottom: 12px;\">\n        <strong style=\"display: block; font-size: 0.85rem; opacity: 0.8; margin-bottom: 4px;\">Temperatura corporal elevada no final da tarde<\/strong>\n        <div style=\"font-size: 1rem; font-weight: 500;\">O aquecimento natural do corpo melhora a contratilidade muscular.<\/div>\n      <\/div>\n\n      <div style=\"margin-bottom: 12px;\">\n        <strong style=\"display: block; font-size: 0.85rem; opacity: 0.8; margin-bottom: 4px;\">Propor\u00e7\u00e3o favor\u00e1vel entre testosterona e cortisol<\/strong>\n        <div style=\"font-size: 1rem; font-weight: 500;\">Equil\u00edbrio hormonal prop\u00edcio para o anabolismo e recupera\u00e7\u00e3o.<\/div>\n      <\/div>\n\n      <div style=\"margin-bottom: 0;\">\n        <strong style=\"display: block; font-size: 0.85rem; opacity: 0.8; margin-bottom: 4px;\">Reservas de glicog\u00eanio muscular totalmente abastecidas<\/strong>\n        <div style=\"font-size: 1rem; font-weight: 500;\">Maior disponibilidade de energia ap\u00f3s as refei\u00e7\u00f5es do dia.<\/div>\n      <\/div>\n    <\/div>\n\n    <div style=\"flex: 1 1 300px; background-color: #ffffff; border-radius: 8px; padding: 20px; border: 1px solid rgba(0,0,0,0.05); box-shadow: 0 2px 5px rgba(0,0,0,0.02);\">\n      <h3 style=\"margin: 0 0 15px 0; color: #1890ff; font-size: 1.1rem; font-weight: bold; border-bottom: 1px solid rgba(0,0,0,0.1); padding-bottom: 8px;\">\n        \u26a1 Desempenho e t\u00e9cnica\n      <\/h3>\n      \n      <div style=\"margin-bottom: 12px;\">\n        <strong style=\"display: block; font-size: 0.85rem; opacity: 0.8; margin-bottom: 4px;\">Menor percep\u00e7\u00e3o de esfor\u00e7o durante as s\u00e9ries<\/strong>\n        <div style=\"font-size: 1rem; font-weight: 500;\">Sensa\u00e7\u00e3o de leveza que permite maior volume ou intensidade de carga.<\/div>\n      <\/div>\n\n      <div style=\"margin-bottom: 0;\">\n        <strong style=\"display: block; font-size: 0.85rem; opacity: 0.8; margin-bottom: 4px;\">Melhor coordena\u00e7\u00e3o motora e estabilidade articular<\/strong>\n        <div style=\"font-size: 1rem; font-weight: 500;\">Sistema nervoso central mais alerta para execu\u00e7\u00e3o de movimentos complexos.<\/div>\n      <\/div>\n    <\/div>\n\n  <\/div>\n<\/div>\n\n\n\n<h2 class=\"wp-block-heading\">Por que a consist\u00eancia supera o hor\u00e1rio fixo?<\/h2>\n\n\n\n<p>Independentemente da janela fisiol\u00f3gica escolhida, o fator mais importante para o ganho de massa muscular reside na regularidade dos treinos semanais. O corpo humano possui uma incr\u00edvel capacidade de adapta\u00e7\u00e3o aos est\u00edmulos recebidos em hor\u00e1rios espec\u00edficos de maneira constante e disciplinada. Criar uma <strong>rotina sustent\u00e1vel<\/strong> garante que os processos de s\u00edntese proteica ocorram de forma ininterrupta.<\/p>\n\n\n\n<p>Adaptar o cronograma de exerc\u00edcios \u00e0s suas obriga\u00e7\u00f5es profissionais evita que o estresse psicol\u00f3gico prejudique a recupera\u00e7\u00e3o nervosa ap\u00f3s o esfor\u00e7o f\u00edsico intenso. A mente focada permite uma conex\u00e3o neuromuscular mais forte, essencial para recrutar o m\u00e1ximo de fibras poss\u00edveis em cada repeti\u00e7\u00e3o executada. O melhor hor\u00e1rio ser\u00e1 sempre aquele que voc\u00ea consegue <strong>manter com fidelidade total<\/strong>.<\/p>\n\n\n\n<figure class=\"wp-block-image size-full\"><img decoding=\"async\" width=\"1280\" height=\"720\" src=\"https:\/\/www.correiobraziliense.com.br\/cbradar\/wp-content\/uploads\/2026\/03\/Gemini_Generated_Image_7vlncd7vlncd7vln-1-1.png\" alt=\"O melhor momento para treinar for\u00e7a para ganhar massa muscular, segundo estudos cient\u00edficos\" class=\"wp-image-205130\" srcset=\"https:\/\/www.correiobraziliense.com.br\/cbradar\/wp-content\/uploads\/2026\/03\/Gemini_Generated_Image_7vlncd7vlncd7vln-1-1.png 1280w, https:\/\/www.correiobraziliense.com.br\/cbradar\/wp-content\/uploads\/2026\/03\/Gemini_Generated_Image_7vlncd7vlncd7vln-1-1-300x169.png 300w, https:\/\/www.correiobraziliense.com.br\/cbradar\/wp-content\/uploads\/2026\/03\/Gemini_Generated_Image_7vlncd7vlncd7vln-1-1-768x432.png 768w, https:\/\/www.correiobraziliense.com.br\/cbradar\/wp-content\/uploads\/2026\/03\/Gemini_Generated_Image_7vlncd7vlncd7vln-1-1-750x422.png 750w, https:\/\/www.correiobraziliense.com.br\/cbradar\/wp-content\/uploads\/2026\/03\/Gemini_Generated_Image_7vlncd7vlncd7vln-1-1-1140x641.png 1140w\" sizes=\"(max-width: 1280px) 100vw, 1280px\" \/><figcaption class=\"wp-element-caption\">O melhor hor\u00e1rio para treinar muscula\u00e7\u00e3o e potencializar for\u00e7a desempenho e recupera\u00e7\u00e3o muscular<\/figcaption><\/figure>\n\n\n\n<h2 class=\"wp-block-heading\">O que as pesquisas revelam sobre o tempo ideal?<\/h2>\n\n\n\n<p>Estudos longitudinais sugerem que treinar for\u00e7a entre as quinze e as dezenove horas pode resultar em ganhos levemente superiores de hipertrofia muscular cr\u00f4nica. Essa janela coincide com o pico de for\u00e7a contr\u00e1til e a menor rigidez dos tecidos conjuntivos que protegem os ossos. Alinhar o esfor\u00e7o com a <strong>biologia humana<\/strong> potencializa a resposta adaptativa do organismo.<\/p>\n\n\n\n<p>Segundo as diretrizes do <strong>American Council on Exercise<\/strong>, a temperatura corporal elevada melhora a fun\u00e7\u00e3o muscular e a quebra de energia. Voc\u00ea pode consultar os detalhes cient\u00edficos sobre o melhor hor\u00e1rio para exerc\u00edcios no portal oficial do <strong><a href=\"https:\/\/www.acefitness.org\/resources\/pros\/expert-articles\/6929\/when-is-the-best-time-of-day-to-exercise\/?srsltid=AfmBOopaxyUi3cL6lh3ZfS6AFqDu0oS-2zRcEcbrSdcZ0oNrKhFU3D99\" target=\"_blank\" rel=\"noreferrer noopener\">ACE<\/a><\/strong>. Seguir recomenda\u00e7\u00f5es baseadas em evid\u00eancias s\u00f3lidas garante que seus esfor\u00e7os na academia sejam recompensados com <strong>massa magra e sa\u00fade<\/strong> duradoura.<\/p>\n","protected":false},"excerpt":{"rendered":"<p>A hipertrofia muscular depende da combina\u00e7\u00e3o entre est\u00edmulo f\u00edsico adequado e per\u00edodos de recupera\u00e7\u00e3o biol\u00f3gica durante o ciclo circadiano di\u00e1rio. Muitas pessoas questionam se o hor\u00e1rio da sess\u00e3o influencia diretamente os resultados finais de for\u00e7a e volume. Entender a ci\u00eancia por tr\u00e1s do treinamento ajuda a otimizar o desempenho na academia hoje. Como a temperatura [&hellip;]<\/p>\n","protected":false},"author":21,"featured_media":205127,"comment_status":"open","ping_status":"open","sticky":false,"template":"","format":"standard","meta":{"_yoast_wpseo_focuskw":"melhor hor\u00e1rio para treinar muscula\u00e7\u00e3o","_yoast_wpseo_title":"","_yoast_wpseo_metadesc":"O hor\u00e1rio do treino pode influenciar for\u00e7a, desempenho e resultados na academia. A ci\u00eancia explica qual per\u00edodo favorece a hipertrofia.","jnews-multi-image_gallery":[],"jnews_single_post":{"format":"standard"},"jnews_primary_category":[],"jnews_social_meta":[],"jnews_override_counter":[],"footnotes":""},"categories":[112],"tags":[2339,14832,4199,1067],"class_list":["post-205125","post","type-post","status-publish","format-standard","has-post-thumbnail","hentry","category-curiosidades","tag-corpo","tag-hipertrofia","tag-massa-muscular","tag-treino"],"yoast_head":"<!-- This site is optimized with the Yoast SEO plugin v24.6 - https:\/\/yoast.com\/wordpress\/plugins\/seo\/ -->\n<title>O melhor momento para treinar for\u00e7a para ganhar massa muscular, segundo estudos cient\u00edficos - Correio Braziliense - Radar<\/title>\n<meta name=\"description\" content=\"O hor\u00e1rio do treino pode influenciar for\u00e7a, desempenho e resultados na academia. A ci\u00eancia explica qual per\u00edodo favorece a hipertrofia.\" \/>\n<meta name=\"robots\" content=\"index, follow, max-snippet:-1, max-image-preview:large, max-video-preview:-1\" \/>\n<link rel=\"canonical\" href=\"https:\/\/www.correiobraziliense.com.br\/cbradar\/o-melhor-momento-para-treinar-forca-para-ganhar-massa-muscular-segundo-estudos-cientificos\/\" \/>\n<meta property=\"og:locale\" content=\"pt_BR\" \/>\n<meta property=\"og:type\" content=\"article\" \/>\n<meta property=\"og:title\" content=\"O melhor momento para treinar for\u00e7a para ganhar massa muscular, segundo estudos cient\u00edficos - Correio Braziliense - Radar\" \/>\n<meta property=\"og:description\" content=\"O hor\u00e1rio do treino pode influenciar for\u00e7a, desempenho e resultados na academia. A ci\u00eancia explica qual per\u00edodo favorece a hipertrofia.\" \/>\n<meta property=\"og:url\" content=\"https:\/\/www.correiobraziliense.com.br\/cbradar\/o-melhor-momento-para-treinar-forca-para-ganhar-massa-muscular-segundo-estudos-cientificos\/\" \/>\n<meta property=\"og:site_name\" content=\"Correio Braziliense - Radar\" \/>\n<meta property=\"article:published_time\" content=\"2026-03-10T22:35:00+00:00\" \/>\n<meta property=\"og:image\" content=\"https:\/\/www.correiobraziliense.com.br\/cbradar\/wp-content\/uploads\/2026\/03\/Gemini_Generated_Image_ny5hzgny5hzgny5h-1-1.png\" \/>\n\t<meta property=\"og:image:width\" content=\"1280\" \/>\n\t<meta property=\"og:image:height\" content=\"720\" \/>\n\t<meta property=\"og:image:type\" content=\"image\/png\" \/>\n<meta name=\"author\" content=\"Patrick Silva\" \/>\n<meta name=\"twitter:card\" content=\"summary_large_image\" \/>\n<meta name=\"twitter:label1\" content=\"Escrito por\" \/>\n\t<meta name=\"twitter:data1\" content=\"Patrick Silva\" \/>\n\t<meta name=\"twitter:label2\" content=\"Est. tempo de leitura\" \/>\n\t<meta name=\"twitter:data2\" content=\"5 minutos\" \/>\n<!-- \/ Yoast SEO plugin. -->","yoast_head_json":{"title":"O melhor momento para treinar for\u00e7a para ganhar massa muscular, segundo estudos cient\u00edficos - Correio Braziliense - Radar","description":"O hor\u00e1rio do treino pode influenciar for\u00e7a, desempenho e resultados na academia. A ci\u00eancia explica qual per\u00edodo favorece a hipertrofia.","robots":{"index":"index","follow":"follow","max-snippet":"max-snippet:-1","max-image-preview":"max-image-preview:large","max-video-preview":"max-video-preview:-1"},"canonical":"https:\/\/www.correiobraziliense.com.br\/cbradar\/o-melhor-momento-para-treinar-forca-para-ganhar-massa-muscular-segundo-estudos-cientificos\/","og_locale":"pt_BR","og_type":"article","og_title":"O melhor momento para treinar for\u00e7a para ganhar massa muscular, segundo estudos cient\u00edficos - Correio Braziliense - Radar","og_description":"O hor\u00e1rio do treino pode influenciar for\u00e7a, desempenho e resultados na academia. A ci\u00eancia explica qual per\u00edodo favorece a hipertrofia.","og_url":"https:\/\/www.correiobraziliense.com.br\/cbradar\/o-melhor-momento-para-treinar-forca-para-ganhar-massa-muscular-segundo-estudos-cientificos\/","og_site_name":"Correio Braziliense - Radar","article_published_time":"2026-03-10T22:35:00+00:00","og_image":[{"width":1280,"height":720,"url":"https:\/\/www.correiobraziliense.com.br\/cbradar\/wp-content\/uploads\/2026\/03\/Gemini_Generated_Image_ny5hzgny5hzgny5h-1-1.png","type":"image\/png"}],"author":"Patrick Silva","twitter_card":"summary_large_image","twitter_misc":{"Escrito por":"Patrick Silva","Est. tempo de leitura":"5 minutos"},"schema":{"@context":"https:\/\/schema.org","@graph":[{"@type":"WebPage","@id":"https:\/\/www.correiobraziliense.com.br\/cbradar\/o-melhor-momento-para-treinar-forca-para-ganhar-massa-muscular-segundo-estudos-cientificos\/","url":"https:\/\/www.correiobraziliense.com.br\/cbradar\/o-melhor-momento-para-treinar-forca-para-ganhar-massa-muscular-segundo-estudos-cientificos\/","name":"O melhor momento para treinar for\u00e7a para ganhar massa muscular, segundo estudos cient\u00edficos - Correio Braziliense - Radar","isPartOf":{"@id":"https:\/\/www.correiobraziliense.com.br\/cbradar\/#website"},"primaryImageOfPage":{"@id":"https:\/\/www.correiobraziliense.com.br\/cbradar\/o-melhor-momento-para-treinar-forca-para-ganhar-massa-muscular-segundo-estudos-cientificos\/#primaryimage"},"image":{"@id":"https:\/\/www.correiobraziliense.com.br\/cbradar\/o-melhor-momento-para-treinar-forca-para-ganhar-massa-muscular-segundo-estudos-cientificos\/#primaryimage"},"thumbnailUrl":"https:\/\/www.correiobraziliense.com.br\/cbradar\/wp-content\/uploads\/2026\/03\/Gemini_Generated_Image_ny5hzgny5hzgny5h-1-1.png","datePublished":"2026-03-10T22:35:00+00:00","author":{"@id":"https:\/\/www.correiobraziliense.com.br\/cbradar\/#\/schema\/person\/5440b72be9c7eb74f446c846479dc4da"},"description":"O hor\u00e1rio do treino pode influenciar for\u00e7a, desempenho e resultados na academia. A ci\u00eancia explica qual per\u00edodo favorece a hipertrofia.","breadcrumb":{"@id":"https:\/\/www.correiobraziliense.com.br\/cbradar\/o-melhor-momento-para-treinar-forca-para-ganhar-massa-muscular-segundo-estudos-cientificos\/#breadcrumb"},"inLanguage":"pt-BR","potentialAction":[{"@type":"ReadAction","target":["https:\/\/www.correiobraziliense.com.br\/cbradar\/o-melhor-momento-para-treinar-forca-para-ganhar-massa-muscular-segundo-estudos-cientificos\/"]}]},{"@type":"ImageObject","inLanguage":"pt-BR","@id":"https:\/\/www.correiobraziliense.com.br\/cbradar\/o-melhor-momento-para-treinar-forca-para-ganhar-massa-muscular-segundo-estudos-cientificos\/#primaryimage","url":"https:\/\/www.correiobraziliense.com.br\/cbradar\/wp-content\/uploads\/2026\/03\/Gemini_Generated_Image_ny5hzgny5hzgny5h-1-1.png","contentUrl":"https:\/\/www.correiobraziliense.com.br\/cbradar\/wp-content\/uploads\/2026\/03\/Gemini_Generated_Image_ny5hzgny5hzgny5h-1-1.png","width":1280,"height":720,"caption":"O melhor hor\u00e1rio para treinar muscula\u00e7\u00e3o e potencializar for\u00e7a desempenho e recupera\u00e7\u00e3o muscular"},{"@type":"BreadcrumbList","@id":"https:\/\/www.correiobraziliense.com.br\/cbradar\/o-melhor-momento-para-treinar-forca-para-ganhar-massa-muscular-segundo-estudos-cientificos\/#breadcrumb","itemListElement":[{"@type":"ListItem","position":1,"name":"In\u00edcio","item":"https:\/\/www.correiobraziliense.com.br\/cbradar\/"},{"@type":"ListItem","position":2,"name":"O melhor momento para treinar for\u00e7a para ganhar massa muscular, segundo estudos cient\u00edficos"}]},{"@type":"WebSite","@id":"https:\/\/www.correiobraziliense.com.br\/cbradar\/#website","url":"https:\/\/www.correiobraziliense.com.br\/cbradar\/","name":"Correio Braziliense - Radar","description":"Acompanhe as \u00faltimas not\u00edcias e fique bem informado sobre tudo o que acontece no Brasil e no mundo.","potentialAction":[{"@type":"SearchAction","target":{"@type":"EntryPoint","urlTemplate":"https:\/\/www.correiobraziliense.com.br\/cbradar\/?s={search_term_string}"},"query-input":{"@type":"PropertyValueSpecification","valueRequired":true,"valueName":"search_term_string"}}],"inLanguage":"pt-BR"},{"@type":"Person","@id":"https:\/\/www.correiobraziliense.com.br\/cbradar\/#\/schema\/person\/5440b72be9c7eb74f446c846479dc4da","name":"Patrick Silva","image":{"@type":"ImageObject","inLanguage":"pt-BR","@id":"https:\/\/www.correiobraziliense.com.br\/cbradar\/#\/schema\/person\/image\/","url":"https:\/\/secure.gravatar.com\/avatar\/944109df296fc087785c9715fd5f80b2?s=96&d=mm&r=g","contentUrl":"https:\/\/secure.gravatar.com\/avatar\/944109df296fc087785c9715fd5f80b2?s=96&d=mm&r=g","caption":"Patrick Silva"},"sameAs":["https:\/\/www.correiobraziliense.com.br\/cbradar\/"],"url":"https:\/\/www.correiobraziliense.com.br\/cbradar\/author\/patrick-silva\/"}]}},"_links":{"self":[{"href":"https:\/\/www.correiobraziliense.com.br\/cbradar\/wp-json\/wp\/v2\/posts\/205125","targetHints":{"allow":["GET"]}}],"collection":[{"href":"https:\/\/www.correiobraziliense.com.br\/cbradar\/wp-json\/wp\/v2\/posts"}],"about":[{"href":"https:\/\/www.correiobraziliense.com.br\/cbradar\/wp-json\/wp\/v2\/types\/post"}],"author":[{"embeddable":true,"href":"https:\/\/www.correiobraziliense.com.br\/cbradar\/wp-json\/wp\/v2\/users\/21"}],"replies":[{"embeddable":true,"href":"https:\/\/www.correiobraziliense.com.br\/cbradar\/wp-json\/wp\/v2\/comments?post=205125"}],"version-history":[{"count":6,"href":"https:\/\/www.correiobraziliense.com.br\/cbradar\/wp-json\/wp\/v2\/posts\/205125\/revisions"}],"predecessor-version":[{"id":205134,"href":"https:\/\/www.correiobraziliense.com.br\/cbradar\/wp-json\/wp\/v2\/posts\/205125\/revisions\/205134"}],"wp:featuredmedia":[{"embeddable":true,"href":"https:\/\/www.correiobraziliense.com.br\/cbradar\/wp-json\/wp\/v2\/media\/205127"}],"wp:attachment":[{"href":"https:\/\/www.correiobraziliense.com.br\/cbradar\/wp-json\/wp\/v2\/media?parent=205125"}],"wp:term":[{"taxonomy":"category","embeddable":true,"href":"https:\/\/www.correiobraziliense.com.br\/cbradar\/wp-json\/wp\/v2\/categories?post=205125"},{"taxonomy":"post_tag","embeddable":true,"href":"https:\/\/www.correiobraziliense.com.br\/cbradar\/wp-json\/wp\/v2\/tags?post=205125"}],"curies":[{"name":"wp","href":"https:\/\/api.w.org\/{rel}","templated":true}]}}