{"id":205151,"date":"2026-03-09T08:01:57","date_gmt":"2026-03-09T11:01:57","guid":{"rendered":"https:\/\/www.correiobraziliense.com.br\/cbradar\/?p=205151"},"modified":"2026-03-09T08:02:00","modified_gmt":"2026-03-09T11:02:00","slug":"a-psicologia-diz-que-a-razao-pela-qual-muitas-pessoas-nao-conseguem-ser-felizes-nao-e-a-falta-de-sucesso-e-que-elas-aprenderam-a-medir-seu-valor-apenas-pela-aprovacao-dos-outros","status":"publish","type":"post","link":"https:\/\/www.correiobraziliense.com.br\/cbradar\/a-psicologia-diz-que-a-razao-pela-qual-muitas-pessoas-nao-conseguem-ser-felizes-nao-e-a-falta-de-sucesso-e-que-elas-aprenderam-a-medir-seu-valor-apenas-pela-aprovacao-dos-outros\/","title":{"rendered":"A psicologia diz que a raz\u00e3o pela qual muitas pessoas n\u00e3o conseguem ser felizes n\u00e3o \u00e9 a falta de sucesso \u2014 \u00e9 que elas aprenderam a medir seu valor apenas pela aprova\u00e7\u00e3o dos outros"},"content":{"rendered":"\n<p>A busca incessante por conquistas materiais muitas vezes mascara uma armadilha emocional profunda que impede a satisfa\u00e7\u00e3o pessoal verdadeira no cotidiano. Quando vinculamos nossa autoestima exclusivamente ao julgamento externo, perdemos a conex\u00e3o com nossos desejos aut\u00eanticos e valores internos. Compreender como essa depend\u00eancia de aprova\u00e7\u00e3o funciona \u00e9 vital para resgatar a felicidade.<\/p>\n\n\n\n<h2 class=\"wp-block-heading\">Por que o aplauso alheio se torna um v\u00edcio perigoso?<\/h2>\n\n\n\n<p>Viver em fun\u00e7\u00e3o do reconhecimento constante cria uma necessidade insaci\u00e1vel que nunca \u00e9 totalmente preenchida pelas vit\u00f3rias externas ou elogios superficiais. Esse comportamento gera uma ansiedade cr\u00f4nica, pois o controle da nossa felicidade \u00e9 entregue inteiramente nas m\u00e3os de terceiros imprevis\u00edveis. Sem uma base interna s\u00f3lida, qualquer cr\u00edtica pequena se transforma em uma amea\u00e7a devastadora para o nosso bem-estar.<\/p>\n\n\n\n<p>A <a href=\"https:\/\/www.correiobraziliense.com.br\/cbradar\/estudos-em-psicologia-social-mostram-que-pessoas-que-evitam-postar-a-vida-pessoal-nas-redes-sociais-nao-sao-antissociais\/\" target=\"_blank\" rel=\"noreferrer noopener\">psicologia <\/a>comportamental explica que essa busca por valida\u00e7\u00e3o externa funciona como um ciclo de recompensa que gera picos tempor\u00e1rios de dopamina. Entretanto, essa sensa\u00e7\u00e3o de prazer desaparece rapidamente, exigindo doses cada vez maiores de aprova\u00e7\u00e3o para manter o mesmo n\u00edvel de satisfa\u00e7\u00e3o emocional. Romper esse padr\u00e3o exige um esfor\u00e7o consciente para redirecionar o foco para as conquistas internas.<\/p>\n\n\n\n<figure class=\"wp-block-image size-full\"><img decoding=\"async\" width=\"1280\" height=\"720\" src=\"https:\/\/www.correiobraziliense.com.br\/cbradar\/wp-content\/uploads\/2026\/03\/Gemini_Generated_Image_it0z3rit0z3rit0z-1-1.png\" alt=\"A psicologia diz que a raz\u00e3o pela qual muitas pessoas n\u00e3o conseguem ser felizes n\u00e3o \u00e9 a falta de sucesso \u2014 \u00e9 que elas aprenderam a medir seu valor apenas pela aprova\u00e7\u00e3o dos outros\" class=\"wp-image-205155\" srcset=\"https:\/\/www.correiobraziliense.com.br\/cbradar\/wp-content\/uploads\/2026\/03\/Gemini_Generated_Image_it0z3rit0z3rit0z-1-1.png 1280w, https:\/\/www.correiobraziliense.com.br\/cbradar\/wp-content\/uploads\/2026\/03\/Gemini_Generated_Image_it0z3rit0z3rit0z-1-1-300x169.png 300w, https:\/\/www.correiobraziliense.com.br\/cbradar\/wp-content\/uploads\/2026\/03\/Gemini_Generated_Image_it0z3rit0z3rit0z-1-1-768x432.png 768w, https:\/\/www.correiobraziliense.com.br\/cbradar\/wp-content\/uploads\/2026\/03\/Gemini_Generated_Image_it0z3rit0z3rit0z-1-1-750x422.png 750w, https:\/\/www.correiobraziliense.com.br\/cbradar\/wp-content\/uploads\/2026\/03\/Gemini_Generated_Image_it0z3rit0z3rit0z-1-1-1140x641.png 1140w\" sizes=\"(max-width: 1280px) 100vw, 1280px\" \/><figcaption class=\"wp-element-caption\">O perigo de viver em busca de aprova\u00e7\u00e3o externa e esquecer o pr\u00f3prio valor interior<\/figcaption><\/figure>\n\n\n\n<h2 class=\"wp-block-heading\">Qual a diferen\u00e7a entre sucesso real e valida\u00e7\u00e3o social?<\/h2>\n\n\n\n<p>O sucesso verdadeiro \u00e9 constru\u00eddo sobre pilares de prop\u00f3sito pessoal e integridade, refletindo quem somos quando ningu\u00e9m est\u00e1 olhando ou aplaudindo. J\u00e1 a valida\u00e7\u00e3o social \u00e9 uma m\u00e1scara que vestimos para atender \u00e0s expectativas de um grupo ou da sociedade em geral. Confundir esses conceitos leva a um vazio existencial profundo, mesmo quando alcan\u00e7amos metas consideradas elevadas.<\/p>\n\n\n\n<p>Priorizar a vis\u00e3o alheia faz com que ignoremos nossas pr\u00f3prias necessidades emocionais e limites f\u00edsicos em troca de um status ef\u00eamero e passageiro. Essa neglig\u00eancia pessoal resulta em esgotamento mental e na perda da <strong>identidade aut\u00eantica<\/strong> que nos torna \u00fanicos no mundo atual. Aprender a valorizar o progresso individual acima da compara\u00e7\u00e3o social \u00e9 a chave para a estabilidade.<\/p>\n\n\n\n<h2 class=\"wp-block-heading\">Como identificar os sinais de depend\u00eancia emocional externa?<\/h2>\n\n\n\n<p>Muitas vezes, agimos de forma autom\u00e1tica para agradar o entorno, sacrificando nossa paz de esp\u00edrito por um sorriso de aprova\u00e7\u00e3o moment\u00e2nea e fr\u00e1gil. Identificar esses gatilhos \u00e9 o primeiro passo para reconstruir uma autoestima que n\u00e3o dependa de curtidas em redes sociais ou elogios profissionais. Para fortalecer sua autonomia psicol\u00f3gica, observe cuidadosamente se voc\u00ea apresenta estes comportamentos limitantes:<\/p>\n\n\n\n<p>Para estruturar suas reflex\u00f5es com foco em independ\u00eancia, priorize o consumo frequente destes itens selecionados pelos especialistas em comportamento:<\/p>\n\n\n\n<ul class=\"wp-block-list\">\n<li>Dificuldade extrema em dizer n\u00e3o.<\/li>\n\n\n\n<li>Sentimento de culpa ao discordar.<\/li>\n\n\n\n<li>Necessidade constante de postar conquistas.<\/li>\n\n\n\n<li>Medo paralisante de cr\u00edticas construtivas.<\/li>\n\n\n\n<li>Altera\u00e7\u00e3o de opini\u00e3o para evitar conflitos.<\/li>\n<\/ul>\n\n\n\n<h2 class=\"wp-block-heading\">Existe um caminho para resgatar a pr\u00f3pria identidade?<\/h2>\n\n\n\n<p>Reconstruir o valor pr\u00f3prio exige um mergulho profundo no autoconhecimento e na pr\u00e1tica constante da autocompaix\u00e3o diante das falhas naturais da vida. Ao definirmos nossas pr\u00f3prias m\u00e9tricas de sucesso, retiramos o poder de influ\u00eancia de vozes externas que n\u00e3o conhecem nossa hist\u00f3ria completa. Esse processo de liberta\u00e7\u00e3o emocional permite que a felicidade flores\u00e7a a partir de escolhas genu\u00ednas.<\/p>\n\n\n\n<p>Praticar atividades que tragam alegria sem a necessidade de compartilhamento p\u00fablico ajuda a fortalecer o v\u00ednculo com o eu interior mais profundo. Esse distanciamento da audi\u00eancia social reduz a press\u00e3o por desempenho e permite uma explora\u00e7\u00e3o mais livre de talentos e paix\u00f5es esquecidas. Valorizar o processo acima do resultado vis\u00edvel para os outros \u00e9 fundamental para a sa\u00fade.<\/p>\n\n\n\n<figure class=\"wp-block-image size-full\"><img decoding=\"async\" width=\"1280\" height=\"720\" src=\"https:\/\/www.correiobraziliense.com.br\/cbradar\/wp-content\/uploads\/2026\/03\/Gemini_Generated_Image_e0sxpse0sxpse0sx-1-1.png\" alt=\"A psicologia diz que a raz\u00e3o pela qual muitas pessoas n\u00e3o conseguem ser felizes n\u00e3o \u00e9 a falta de sucesso \u2014 \u00e9 que elas aprenderam a medir seu valor apenas pela aprova\u00e7\u00e3o dos outros\" class=\"wp-image-205157\" srcset=\"https:\/\/www.correiobraziliense.com.br\/cbradar\/wp-content\/uploads\/2026\/03\/Gemini_Generated_Image_e0sxpse0sxpse0sx-1-1.png 1280w, https:\/\/www.correiobraziliense.com.br\/cbradar\/wp-content\/uploads\/2026\/03\/Gemini_Generated_Image_e0sxpse0sxpse0sx-1-1-300x169.png 300w, https:\/\/www.correiobraziliense.com.br\/cbradar\/wp-content\/uploads\/2026\/03\/Gemini_Generated_Image_e0sxpse0sxpse0sx-1-1-768x432.png 768w, https:\/\/www.correiobraziliense.com.br\/cbradar\/wp-content\/uploads\/2026\/03\/Gemini_Generated_Image_e0sxpse0sxpse0sx-1-1-750x422.png 750w, https:\/\/www.correiobraziliense.com.br\/cbradar\/wp-content\/uploads\/2026\/03\/Gemini_Generated_Image_e0sxpse0sxpse0sx-1-1-1140x641.png 1140w\" sizes=\"(max-width: 1280px) 100vw, 1280px\" \/><figcaption class=\"wp-element-caption\">O perigo de viver em busca de aprova\u00e7\u00e3o externa e esquecer o pr\u00f3prio valor interior<\/figcaption><\/figure>\n\n\n\n<h2 class=\"wp-block-heading\">O que a ci\u00eancia diz sobre a autonomia emocional?<\/h2>\n\n\n\n<p>Estudos sugerem que indiv\u00edduos com alta autonomia apresentam n\u00edveis significativamente menores de estresse e uma resili\u00eancia psicol\u00f3gica superior diante de adversidades globais. A capacidade de validar os pr\u00f3prios sentimentos sem buscar confirma\u00e7\u00e3o externa protege o sistema nervoso contra flutua\u00e7\u00f5es de humor causadas por fatores sociais. Investir em <strong>intelig\u00eancia emocional<\/strong> \u00e9 a melhor estrat\u00e9gia para garantir uma vida equilibrada e plena.<\/p>\n\n\n\n<p>Segundo as pesquisas da <strong>American Psychological Association<\/strong>, a percep\u00e7\u00e3o de controle sobre a pr\u00f3pria vida \u00e9 um dos maiores preditores de bem-estar. Voc\u00ea pode explorar os estudos sobre motiva\u00e7\u00e3o intr\u00ednseca e sa\u00fade mental diretamente no portal oficial da <strong><a href=\"https:\/\/dictionary.apa.org\/motivation\" target=\"_blank\" rel=\"noreferrer noopener\">APA<\/a><\/strong>. Seguir princ\u00edpios baseados em evid\u00eancias s\u00f3lidas garante uma transi\u00e7\u00e3o segura para uma vida onde voc\u00ea define seu valor.<\/p>\n","protected":false},"excerpt":{"rendered":"<p>A busca incessante por conquistas materiais muitas vezes mascara uma armadilha emocional profunda que impede a satisfa\u00e7\u00e3o pessoal verdadeira no cotidiano. Quando vinculamos nossa autoestima exclusivamente ao julgamento externo, perdemos a conex\u00e3o com nossos desejos aut\u00eanticos e valores internos. Compreender como essa depend\u00eancia de aprova\u00e7\u00e3o funciona \u00e9 vital para resgatar a felicidade. Por que o [&hellip;]<\/p>\n","protected":false},"author":21,"featured_media":205153,"comment_status":"open","ping_status":"open","sticky":false,"template":"","format":"standard","meta":{"jnews-multi-image_gallery":[],"jnews_single_post":{"format":"standard"},"jnews_primary_category":[],"jnews_social_meta":[],"jnews_override_counter":[],"footnotes":""},"categories":[112],"post_tag":[13160,5018,6504,404,4665],"class_list":["post-205151","post","type-post","status-publish","format-standard","has-post-thumbnail","hentry","category-curiosidades","tag-aprovacao","tag-emocional","tag-feliz","tag-psicologia","tag-sucesso"],"yoast_head":"<!-- This site is optimized with the Yoast SEO plugin v24.6 - https:\/\/yoast.com\/wordpress\/plugins\/seo\/ -->\n<title>A psicologia diz que a raz\u00e3o pela qual muitas pessoas n\u00e3o conseguem ser felizes n\u00e3o \u00e9 a falta de sucesso \u2014 \u00e9 que elas aprenderam a medir seu valor apenas pela aprova\u00e7\u00e3o dos outros - Correio Braziliense - Radar<\/title>\n<meta name=\"description\" content=\"A busca constante por aprova\u00e7\u00e3o pode criar um vazio emocional profundo. Entender esse padr\u00e3o ajuda a recuperar a autoestima.\" \/>\n<meta name=\"robots\" content=\"index, follow, max-snippet:-1, max-image-preview:large, max-video-preview:-1\" \/>\n<link rel=\"canonical\" href=\"https:\/\/www.correiobraziliense.com.br\/cbradar\/a-psicologia-diz-que-a-razao-pela-qual-muitas-pessoas-nao-conseguem-ser-felizes-nao-e-a-falta-de-sucesso-e-que-elas-aprenderam-a-medir-seu-valor-apenas-pela-aprovacao-dos-outros\/\" \/>\n<meta property=\"og:locale\" content=\"pt_BR\" \/>\n<meta property=\"og:type\" content=\"article\" \/>\n<meta property=\"og:title\" content=\"A psicologia diz que a raz\u00e3o pela qual muitas pessoas n\u00e3o conseguem ser felizes n\u00e3o \u00e9 a falta de sucesso \u2014 \u00e9 que elas aprenderam a medir seu valor apenas pela aprova\u00e7\u00e3o dos outros - Correio Braziliense - Radar\" \/>\n<meta property=\"og:description\" content=\"A busca constante por aprova\u00e7\u00e3o pode criar um vazio emocional profundo. Entender esse padr\u00e3o ajuda a recuperar a autoestima.\" \/>\n<meta property=\"og:url\" content=\"https:\/\/www.correiobraziliense.com.br\/cbradar\/a-psicologia-diz-que-a-razao-pela-qual-muitas-pessoas-nao-conseguem-ser-felizes-nao-e-a-falta-de-sucesso-e-que-elas-aprenderam-a-medir-seu-valor-apenas-pela-aprovacao-dos-outros\/\" \/>\n<meta property=\"og:site_name\" content=\"Correio Braziliense - Radar\" \/>\n<meta property=\"article:published_time\" content=\"2026-03-09T11:01:57+00:00\" \/>\n<meta property=\"article:modified_time\" content=\"2026-03-09T11:02:00+00:00\" \/>\n<meta property=\"og:image\" content=\"https:\/\/www.correiobraziliense.com.br\/cbradar\/wp-content\/uploads\/2026\/03\/Gemini_Generated_Image_j3svakj3svakj3sv-1-1.png\" \/>\n\t<meta property=\"og:image:width\" content=\"1280\" \/>\n\t<meta property=\"og:image:height\" content=\"720\" \/>\n\t<meta property=\"og:image:type\" content=\"image\/png\" \/>\n<meta name=\"author\" content=\"Patrick Silva\" \/>\n<meta name=\"twitter:card\" content=\"summary_large_image\" \/>\n<meta name=\"twitter:label1\" content=\"Escrito por\" \/>\n\t<meta name=\"twitter:data1\" content=\"Patrick Silva\" \/>\n\t<meta name=\"twitter:label2\" content=\"Est. tempo de leitura\" \/>\n\t<meta name=\"twitter:data2\" content=\"1 minuto\" \/>\n<!-- \/ Yoast SEO plugin. -->","yoast_head_json":{"title":"A psicologia diz que a raz\u00e3o pela qual muitas pessoas n\u00e3o conseguem ser felizes n\u00e3o \u00e9 a falta de sucesso \u2014 \u00e9 que elas aprenderam a medir seu valor apenas pela aprova\u00e7\u00e3o dos outros - Correio Braziliense - Radar","description":"A busca constante por aprova\u00e7\u00e3o pode criar um vazio emocional profundo. Entender esse padr\u00e3o ajuda a recuperar a autoestima.","robots":{"index":"index","follow":"follow","max-snippet":"max-snippet:-1","max-image-preview":"max-image-preview:large","max-video-preview":"max-video-preview:-1"},"canonical":"https:\/\/www.correiobraziliense.com.br\/cbradar\/a-psicologia-diz-que-a-razao-pela-qual-muitas-pessoas-nao-conseguem-ser-felizes-nao-e-a-falta-de-sucesso-e-que-elas-aprenderam-a-medir-seu-valor-apenas-pela-aprovacao-dos-outros\/","og_locale":"pt_BR","og_type":"article","og_title":"A psicologia diz que a raz\u00e3o pela qual muitas pessoas n\u00e3o conseguem ser felizes n\u00e3o \u00e9 a falta de sucesso \u2014 \u00e9 que elas aprenderam a medir seu valor apenas pela aprova\u00e7\u00e3o dos outros - Correio Braziliense - Radar","og_description":"A busca constante por aprova\u00e7\u00e3o pode criar um vazio emocional profundo. Entender esse padr\u00e3o ajuda a recuperar a autoestima.","og_url":"https:\/\/www.correiobraziliense.com.br\/cbradar\/a-psicologia-diz-que-a-razao-pela-qual-muitas-pessoas-nao-conseguem-ser-felizes-nao-e-a-falta-de-sucesso-e-que-elas-aprenderam-a-medir-seu-valor-apenas-pela-aprovacao-dos-outros\/","og_site_name":"Correio Braziliense - Radar","article_published_time":"2026-03-09T11:01:57+00:00","article_modified_time":"2026-03-09T11:02:00+00:00","og_image":[{"width":1280,"height":720,"url":"https:\/\/www.correiobraziliense.com.br\/cbradar\/wp-content\/uploads\/2026\/03\/Gemini_Generated_Image_j3svakj3svakj3sv-1-1.png","type":"image\/png"}],"author":"Patrick Silva","twitter_card":"summary_large_image","twitter_misc":{"Escrito por":"Patrick Silva","Est. tempo de leitura":"1 minuto"},"schema":{"@context":"https:\/\/schema.org","@graph":[{"@type":"WebPage","@id":"https:\/\/www.correiobraziliense.com.br\/cbradar\/a-psicologia-diz-que-a-razao-pela-qual-muitas-pessoas-nao-conseguem-ser-felizes-nao-e-a-falta-de-sucesso-e-que-elas-aprenderam-a-medir-seu-valor-apenas-pela-aprovacao-dos-outros\/","url":"https:\/\/www.correiobraziliense.com.br\/cbradar\/a-psicologia-diz-que-a-razao-pela-qual-muitas-pessoas-nao-conseguem-ser-felizes-nao-e-a-falta-de-sucesso-e-que-elas-aprenderam-a-medir-seu-valor-apenas-pela-aprovacao-dos-outros\/","name":"A psicologia diz que a raz\u00e3o pela qual muitas pessoas n\u00e3o conseguem ser felizes n\u00e3o \u00e9 a falta de sucesso \u2014 \u00e9 que elas aprenderam a medir seu valor apenas pela aprova\u00e7\u00e3o dos outros - Correio Braziliense - Radar","isPartOf":{"@id":"https:\/\/www.correiobraziliense.com.br\/cbradar\/#website"},"primaryImageOfPage":{"@id":"https:\/\/www.correiobraziliense.com.br\/cbradar\/a-psicologia-diz-que-a-razao-pela-qual-muitas-pessoas-nao-conseguem-ser-felizes-nao-e-a-falta-de-sucesso-e-que-elas-aprenderam-a-medir-seu-valor-apenas-pela-aprovacao-dos-outros\/#primaryimage"},"image":{"@id":"https:\/\/www.correiobraziliense.com.br\/cbradar\/a-psicologia-diz-que-a-razao-pela-qual-muitas-pessoas-nao-conseguem-ser-felizes-nao-e-a-falta-de-sucesso-e-que-elas-aprenderam-a-medir-seu-valor-apenas-pela-aprovacao-dos-outros\/#primaryimage"},"thumbnailUrl":"https:\/\/www.correiobraziliense.com.br\/cbradar\/wp-content\/uploads\/2026\/03\/Gemini_Generated_Image_j3svakj3svakj3sv-1-1.png","datePublished":"2026-03-09T11:01:57+00:00","dateModified":"2026-03-09T11:02:00+00:00","author":{"@id":"https:\/\/www.correiobraziliense.com.br\/cbradar\/#\/schema\/person\/5440b72be9c7eb74f446c846479dc4da"},"description":"A busca constante por aprova\u00e7\u00e3o pode criar um vazio emocional profundo. Entender esse padr\u00e3o ajuda a recuperar a autoestima.","breadcrumb":{"@id":"https:\/\/www.correiobraziliense.com.br\/cbradar\/a-psicologia-diz-que-a-razao-pela-qual-muitas-pessoas-nao-conseguem-ser-felizes-nao-e-a-falta-de-sucesso-e-que-elas-aprenderam-a-medir-seu-valor-apenas-pela-aprovacao-dos-outros\/#breadcrumb"},"inLanguage":"pt-BR","potentialAction":[{"@type":"ReadAction","target":["https:\/\/www.correiobraziliense.com.br\/cbradar\/a-psicologia-diz-que-a-razao-pela-qual-muitas-pessoas-nao-conseguem-ser-felizes-nao-e-a-falta-de-sucesso-e-que-elas-aprenderam-a-medir-seu-valor-apenas-pela-aprovacao-dos-outros\/"]}]},{"@type":"ImageObject","inLanguage":"pt-BR","@id":"https:\/\/www.correiobraziliense.com.br\/cbradar\/a-psicologia-diz-que-a-razao-pela-qual-muitas-pessoas-nao-conseguem-ser-felizes-nao-e-a-falta-de-sucesso-e-que-elas-aprenderam-a-medir-seu-valor-apenas-pela-aprovacao-dos-outros\/#primaryimage","url":"https:\/\/www.correiobraziliense.com.br\/cbradar\/wp-content\/uploads\/2026\/03\/Gemini_Generated_Image_j3svakj3svakj3sv-1-1.png","contentUrl":"https:\/\/www.correiobraziliense.com.br\/cbradar\/wp-content\/uploads\/2026\/03\/Gemini_Generated_Image_j3svakj3svakj3sv-1-1.png","width":1280,"height":720,"caption":"O perigo de viver em busca de aprova\u00e7\u00e3o externa e esquecer o pr\u00f3prio valor interior"},{"@type":"BreadcrumbList","@id":"https:\/\/www.correiobraziliense.com.br\/cbradar\/a-psicologia-diz-que-a-razao-pela-qual-muitas-pessoas-nao-conseguem-ser-felizes-nao-e-a-falta-de-sucesso-e-que-elas-aprenderam-a-medir-seu-valor-apenas-pela-aprovacao-dos-outros\/#breadcrumb","itemListElement":[{"@type":"ListItem","position":1,"name":"In\u00edcio","item":"https:\/\/www.correiobraziliense.com.br\/cbradar\/"},{"@type":"ListItem","position":2,"name":"A psicologia diz que a raz\u00e3o pela qual muitas pessoas n\u00e3o conseguem ser felizes n\u00e3o \u00e9 a falta de sucesso \u2014 \u00e9 que elas aprenderam a medir seu valor apenas pela aprova\u00e7\u00e3o dos outros"}]},{"@type":"WebSite","@id":"https:\/\/www.correiobraziliense.com.br\/cbradar\/#website","url":"https:\/\/www.correiobraziliense.com.br\/cbradar\/","name":"Correio Braziliense - Radar","description":"Acompanhe as \u00faltimas not\u00edcias e fique bem informado sobre tudo o que acontece no Brasil e no mundo.","potentialAction":[{"@type":"SearchAction","target":{"@type":"EntryPoint","urlTemplate":"https:\/\/www.correiobraziliense.com.br\/cbradar\/?s={search_term_string}"},"query-input":{"@type":"PropertyValueSpecification","valueRequired":true,"valueName":"search_term_string"}}],"inLanguage":"pt-BR"},{"@type":"Person","@id":"https:\/\/www.correiobraziliense.com.br\/cbradar\/#\/schema\/person\/5440b72be9c7eb74f446c846479dc4da","name":"Patrick Silva","image":{"@type":"ImageObject","inLanguage":"pt-BR","@id":"https:\/\/www.correiobraziliense.com.br\/cbradar\/#\/schema\/person\/image\/","url":"https:\/\/secure.gravatar.com\/avatar\/944109df296fc087785c9715fd5f80b2?s=96&d=mm&r=g","contentUrl":"https:\/\/secure.gravatar.com\/avatar\/944109df296fc087785c9715fd5f80b2?s=96&d=mm&r=g","caption":"Patrick Silva"},"sameAs":["https:\/\/www.correiobraziliense.com.br\/cbradar\/"],"url":"https:\/\/www.correiobraziliense.com.br\/cbradar\/author\/patrick-silva\/"}]}},"_links":{"self":[{"href":"https:\/\/www.correiobraziliense.com.br\/cbradar\/wp-json\/wp\/v2\/posts\/205151","targetHints":{"allow":["GET"]}}],"collection":[{"href":"https:\/\/www.correiobraziliense.com.br\/cbradar\/wp-json\/wp\/v2\/posts"}],"about":[{"href":"https:\/\/www.correiobraziliense.com.br\/cbradar\/wp-json\/wp\/v2\/types\/post"}],"author":[{"embeddable":true,"href":"https:\/\/www.correiobraziliense.com.br\/cbradar\/wp-json\/wp\/v2\/users\/21"}],"replies":[{"embeddable":true,"href":"https:\/\/www.correiobraziliense.com.br\/cbradar\/wp-json\/wp\/v2\/comments?post=205151"}],"version-history":[{"count":4,"href":"https:\/\/www.correiobraziliense.com.br\/cbradar\/wp-json\/wp\/v2\/posts\/205151\/revisions"}],"predecessor-version":[{"id":205174,"href":"https:\/\/www.correiobraziliense.com.br\/cbradar\/wp-json\/wp\/v2\/posts\/205151\/revisions\/205174"}],"wp:featuredmedia":[{"embeddable":true,"href":"https:\/\/www.correiobraziliense.com.br\/cbradar\/wp-json\/wp\/v2\/media\/205153"}],"wp:attachment":[{"href":"https:\/\/www.correiobraziliense.com.br\/cbradar\/wp-json\/wp\/v2\/media?parent=205151"}],"wp:term":[{"taxonomy":"category","embeddable":true,"href":"https:\/\/www.correiobraziliense.com.br\/cbradar\/wp-json\/wp\/v2\/categories?post=205151"},{"taxonomy":"post_tag","embeddable":true,"href":"https:\/\/www.correiobraziliense.com.br\/cbradar\/wp-json\/wp\/v2\/post_tag?post=205151"}],"curies":[{"name":"wp","href":"https:\/\/api.w.org\/{rel}","templated":true}]}}