{"id":205178,"date":"2026-03-10T08:05:00","date_gmt":"2026-03-10T11:05:00","guid":{"rendered":"https:\/\/www.correiobraziliense.com.br\/cbradar\/?p=205178"},"modified":"2026-03-09T19:36:18","modified_gmt":"2026-03-09T22:36:18","slug":"a-planta-que-tem-um-cheiro-melhor-que-perfume-e-pode-ser-cultivada-em-casa","status":"publish","type":"post","link":"https:\/\/www.correiobraziliense.com.br\/cbradar\/a-planta-que-tem-um-cheiro-melhor-que-perfume-e-pode-ser-cultivada-em-casa\/","title":{"rendered":"A planta que tem um cheiro melhor que perfume e pode ser cultivada em casa"},"content":{"rendered":"\n<p>Imagine chegar em casa depois de um dia cheio e ser recebido por um cheirinho suave de <b>rosas<\/b> vindo de um cantinho verde da sala ou da varanda. \u00c9 exatamente essa a sensa\u00e7\u00e3o que muita gente busca ao cultivar o <strong>Syzygium jambos<\/strong>, conhecido como <b>jambo rosa<\/b> ou <strong>ma\u00e7\u00e3-rosa<\/strong>. Esse pequeno arbusto arb\u00f3reo de origem asi\u00e1tica vem ganhando espa\u00e7o em varandas, jardins e at\u00e9 salas bem iluminadas, principalmente entre quem procura aromas naturais dentro de casa, sem precisar de aromatizadores <b>artificiais<\/b>.<\/p>\n\n\n\n<h2 class=\"wp-block-heading\">O que torna o Syzygium jambos uma planta t\u00e3o especial e querida<\/h2>\n\n\n\n<p>Entre as plantas tropicais usadas em ambientes internos e externos, o <strong>Syzygium jambos<\/strong> chama a aten\u00e7\u00e3o pela combina\u00e7\u00e3o de perfume marcante e manuten\u00e7\u00e3o simples. Ele se adapta bem a vasos e canteiros, mantendo um crescimento controlado quando podado com alguma <b>regularidade<\/b>, o que facilita muito a rotina de quem tem pouco <b>tempo<\/b>.<\/p>\n\n\n\n<p>Al\u00e9m do cheiro adocicado das flores e frutos, a pomarrosa apresenta copa densa e <b>folhas<\/b> brilhantes, garantindo um visual ornamental discreto e elegante. Por isso, costuma ser escolhida tanto em projetos de <b>paisagismo<\/b> quanto para decorar pequenos espa\u00e7os urbanos, como sacadas e jardineiras em <b>janelas<\/b>.<\/p>\n\n\n<div class=\"wp-block-image\">\n<figure class=\"aligncenter size-full\"><img decoding=\"async\" width=\"1280\" height=\"720\" src=\"https:\/\/www.correiobraziliense.com.br\/cbradar\/wp-content\/uploads\/2026\/03\/Gemini_Generated_Image_n9hqwen9hqwen9hq-1.png\" alt=\"\" class=\"wp-image-205296\" srcset=\"https:\/\/www.correiobraziliense.com.br\/cbradar\/wp-content\/uploads\/2026\/03\/Gemini_Generated_Image_n9hqwen9hqwen9hq-1.png 1280w, https:\/\/www.correiobraziliense.com.br\/cbradar\/wp-content\/uploads\/2026\/03\/Gemini_Generated_Image_n9hqwen9hqwen9hq-1-300x169.png 300w, https:\/\/www.correiobraziliense.com.br\/cbradar\/wp-content\/uploads\/2026\/03\/Gemini_Generated_Image_n9hqwen9hqwen9hq-1-768x432.png 768w, https:\/\/www.correiobraziliense.com.br\/cbradar\/wp-content\/uploads\/2026\/03\/Gemini_Generated_Image_n9hqwen9hqwen9hq-1-750x422.png 750w, https:\/\/www.correiobraziliense.com.br\/cbradar\/wp-content\/uploads\/2026\/03\/Gemini_Generated_Image_n9hqwen9hqwen9hq-1-1140x641.png 1140w\" sizes=\"(max-width: 1280px) 100vw, 1280px\" \/><figcaption class=\"wp-element-caption\">Entre as plantas tropicais usadas em ambientes internos e externos, o Syzygium jambos chama a aten\u00e7\u00e3o pela combina\u00e7\u00e3o<\/figcaption><\/figure><\/div>\n\n\n<p>Leia tamb\u00e9m:&nbsp;<a href=\"https:\/\/www.correiobraziliense.com.br\/cbradar\/a-planta-medicinal-que-ajuda-a-acalmar-a-mente-e-tambem-melhora-a-qualidade-do-sono\/\" target=\"_blank\" rel=\"noopener\">A planta medicinal que ajuda a acalmar a mente e tamb\u00e9m melhora a qualidade do sono<\/a><\/p>\n\n\n\n<h2 class=\"wp-block-heading\">Como o perfume natural do manzano rosa transforma os ambientes<\/h2>\n\n\n\n<p>O principal destaque do <strong>Syzygium jambos<\/strong> \u00e9 a capacidade de perfumar o ambiente de forma cont\u00ednua. As flores e os frutos exalam um aroma suave, muitas vezes comparado ao de <b>rosas<\/b>, o que explica o nome popular \u201cmanzano rosa\u201d. Em casas e apartamentos, costuma ser colocado perto de <b>janelas<\/b>, portas de correr ou \u00e1reas de circula\u00e7\u00e3o de ar, para que o perfume se espalhe <b>melhor<\/b>.<\/p>\n\n\n\n<p>Como \u00e9 uma planta de pequeno porte, ela se encaixa bem em locais reduzidos. Em vasos m\u00e9dios, pode ser conduzida como uma <b>mini\u00e1rvore<\/b>, com tronco \u00fanico e copa arredondada. Em jardins, muita gente forma pequenas fileiras ou agrupamentos para criar pontos de <b>interesse<\/b> visual, especialmente ao redor de caminhos, bancos ou \u00e1reas de <b>descanso<\/b>.<\/p>\n\n\n\n<h2 class=\"wp-block-heading\">Como cuidar do Syzygium jambos em casa sem complica\u00e7\u00e3o<\/h2>\n\n\n\n<p>Os cuidados com o <strong>Syzygium jambos<\/strong> costumam ser simples, o que \u00e9 \u00f3timo para quem est\u00e1 come\u00e7ando na <b>jardinagem<\/b>. O segredo \u00e9 buscar equil\u00edbrio entre luz, \u00e1gua e ventila\u00e7\u00e3o, evitando tanto exageros quanto falta de aten\u00e7\u00e3o, j\u00e1 que isso pode prejudicar o <b>desenvolvimento<\/b> da planta.<\/p>\n\n\n\n<ul class=\"wp-block-list\">\n<li><strong>Luz:<\/strong> local bem iluminado, com sol indireto ou algumas horas de sol suave pela manh\u00e3 ou no fim da <b>tarde<\/b>.<\/li>\n\n\n\n<li><strong>Rega:<\/strong> manter o solo levemente \u00famido, sem encharcar; na m\u00e9dia, uma rega por semana pode bastar, ajustando conforme o <b>clima<\/b>.<\/li>\n\n\n\n<li><strong>Substrato:<\/strong> terra f\u00e9rtil e bem drenada, misturada a areia ou outro material que evite ac\u00famulo de <b>\u00e1gua<\/b>.<\/li>\n\n\n\n<li><strong>Ventila\u00e7\u00e3o:<\/strong> ambiente arejado, protegido de ventos muito fortes e correntes de ar frio <b>intensas<\/b>.<\/li>\n<\/ul>\n\n\n\n<p>Se voc\u00ea gosta de cultivo, separamos esse v\u00eddeo do canal <a href=\"https:\/\/www.youtube.com\/@SafariGardenPlantas\" target=\"_blank\" rel=\"noreferrer noopener\">Safari Garden<\/a> ensinando a plantar jambo em casa:<\/p>\n\n\n\n<figure class=\"wp-block-embed is-type-video is-provider-youtube wp-block-embed-youtube wp-embed-aspect-16-9 wp-has-aspect-ratio\"><div class=\"wp-block-embed__wrapper\">\n<div class=\"jeg_video_container jeg_video_content\"><iframe loading=\"lazy\" title=\"Dicas sobre o plantio e cultivo dos jambos\" width=\"500\" height=\"281\" src=\"https:\/\/www.youtube.com\/embed\/OQCpq4F_i-w?feature=oembed\" frameborder=\"0\" allow=\"accelerometer; autoplay; clipboard-write; encrypted-media; gyroscope; picture-in-picture; web-share\" referrerpolicy=\"strict-origin-when-cross-origin\" allowfullscreen><\/iframe><\/div>\n<\/div><\/figure>\n\n\n\n<h2 class=\"wp-block-heading\">Qual \u00e9 o passo a passo b\u00e1sico para manter a pomarrosa saud\u00e1vel<\/h2>\n\n\n\n<p>Para organizar melhor a rotina de manuten\u00e7\u00e3o, muitas pessoas seguem um pequeno ritual de cuidados que ajuda a manter a planta bonita o ano inteiro. Esse cuidado constante evita <b>excessos<\/b> e permite perceber rapidamente qualquer mudan\u00e7a na apar\u00eancia das folhas ou dos <b>galhos<\/b>.<\/p>\n\n\n\n<p>Uma rotina simples inclui verificar a umidade do solo com o dedo antes de regar, adicionar \u00e1gua apenas quando o substrato estiver seco na superf\u00edcie, retirar folhas secas e galhos fracos para estimular novos <b>brotos<\/b> e fazer aduba\u00e7\u00e3o leve a cada dois ou tr\u00eas meses, usando adubo org\u00e2nico ou equilibrado apropriado para plantas <b>ornamentais<\/b>.<\/p>\n\n\n\n<h2 class=\"wp-block-heading\">Como posicionar o Syzygium jambos na casa segundo o Feng Shui<\/h2>\n\n\n\n<p>Em algumas interpreta\u00e7\u00f5es de <strong>Feng Shui<\/strong>, o Syzygium jambos \u00e9 ligado a ideias de prosperidade, abund\u00e2ncia e boa circula\u00e7\u00e3o de <b>energia<\/b>. Por isso, muitas pessoas escolhem posicionar a pomarrosa em locais estrat\u00e9gicos, principalmente pr\u00f3ximos \u00e0 entrada principal, como um s\u00edmbolo de boas <b>vibra\u00e7\u00f5es<\/b> chegando ao lar.<\/p>\n\n\n\n<p>Nessa vis\u00e3o, a planta pode ser colocada ao lado da porta de entrada, \u00e0 esquerda ou \u00e0 direita, em vasos m\u00e9dios, em varandas ou sacadas voltadas para \u00e1reas externas, ajudando a \u201cfiltrar\u201d a energia que entra no im\u00f3vel, ou em jardins frontais, pr\u00f3xima a caminhos que conduzem \u00e0 porta principal. Em alguns lugares, presentear algu\u00e9m com um <b>manzano<\/b> rosa \u00e9 visto como um gesto de carinho e desejo de <b>equil\u00edbrio<\/b> para aquele lar.<\/p>\n\n\n\n<figure class=\"wp-block-embed is-type-rich is-provider-pinterest wp-block-embed-pinterest\"><div class=\"wp-block-embed__wrapper\">\n<iframe loading=\"lazy\" title=\"jambo amarelo\" src=\"https:\/\/assets.pinterest.com\/ext\/embed.html?id=981151468827189212&#038;src=oembed\" height=\"699\" width=\"450\" frameborder=\"0\" scrolling=\"no\" ><\/iframe>\n<\/div><\/figure>\n\n\n\n<h2 class=\"wp-block-heading\">De que forma a pomarrosa contribui para bem-estar e aconchego<\/h2>\n\n\n\n<p>O Syzygium jambos vem sendo inclu\u00eddo com frequ\u00eancia em projetos que buscam unir <b>est\u00e9tica<\/b>, aroma e sensa\u00e7\u00e3o de bem-estar. Em ambientes fechados, a presen\u00e7a da planta pode trazer a sensa\u00e7\u00e3o de ar mais fresco e vivo, principalmente quando combinada com janelas abertas e boa <b>circula\u00e7\u00e3o<\/b>.<\/p>\n\n\n\n<p>Em \u00e1reas externas, o pequeno \u00e1rvore ajuda a compor cen\u00e1rios verdes que convidam a momentos de descanso, leitura ou uma conversa <b>tranquila<\/b>. Com manejo adequado, a pomarrosa tende a se manter saud\u00e1vel ao longo do ano, acompanhando as mudan\u00e7as de clima sem perder o <b>charme<\/b>, e se consolida como uma op\u00e7\u00e3o pr\u00e1tica para aproximar a casa de um ambiente mais natural e acolhedor.<\/p>\n","protected":false},"excerpt":{"rendered":"<p>Imagine chegar em casa depois de um dia cheio e ser recebido por um cheirinho suave de rosas vindo de um cantinho verde da sala ou da varanda. \u00c9 exatamente essa a sensa\u00e7\u00e3o que muita gente busca ao cultivar o Syzygium jambos, conhecido como jambo rosa ou ma\u00e7\u00e3-rosa. Esse pequeno arbusto arb\u00f3reo de origem asi\u00e1tica [&hellip;]<\/p>\n","protected":false},"author":9,"featured_media":205701,"comment_status":"open","ping_status":"open","sticky":false,"template":"","format":"standard","meta":{"_yoast_wpseo_focuskw":"plantar jambo em casa","_yoast_wpseo_title":"","_yoast_wpseo_metadesc":"Planta arom\u00e1tica f\u00e1cil de cuidar perfuma a casa naturalmente e vem ganhando espa\u00e7o em varandas, salas e pequenos jardins.","jnews-multi-image_gallery":[],"jnews_single_post":{"format":"standard"},"jnews_primary_category":[],"jnews_social_meta":[],"jnews_override_counter":[],"footnotes":""},"categories":[136],"tags":[15883,15882,15881],"class_list":["post-205178","post","type-post","status-publish","format-standard","has-post-thumbnail","hentry","category-jardinagem","tag-arvore-em-casa","tag-mini-arvore","tag-syzygium-jambos"],"yoast_head":"<!-- This site is optimized with the Yoast SEO plugin v24.6 - https:\/\/yoast.com\/wordpress\/plugins\/seo\/ -->\n<title>A planta que tem um cheiro melhor que perfume e pode ser cultivada em casa - Correio Braziliense - Radar<\/title>\n<meta name=\"description\" content=\"Planta arom\u00e1tica f\u00e1cil de cuidar perfuma a casa naturalmente e vem ganhando espa\u00e7o em varandas, salas e pequenos jardins.\" \/>\n<meta name=\"robots\" content=\"index, follow, max-snippet:-1, max-image-preview:large, max-video-preview:-1\" \/>\n<link rel=\"canonical\" href=\"https:\/\/www.correiobraziliense.com.br\/cbradar\/a-planta-que-tem-um-cheiro-melhor-que-perfume-e-pode-ser-cultivada-em-casa\/\" \/>\n<meta property=\"og:locale\" content=\"pt_BR\" \/>\n<meta property=\"og:type\" content=\"article\" \/>\n<meta property=\"og:title\" content=\"A planta que tem um cheiro melhor que perfume e pode ser cultivada em casa - Correio Braziliense - Radar\" \/>\n<meta property=\"og:description\" content=\"Planta arom\u00e1tica f\u00e1cil de cuidar perfuma a casa naturalmente e vem ganhando espa\u00e7o em varandas, salas e pequenos jardins.\" \/>\n<meta property=\"og:url\" content=\"https:\/\/www.correiobraziliense.com.br\/cbradar\/a-planta-que-tem-um-cheiro-melhor-que-perfume-e-pode-ser-cultivada-em-casa\/\" \/>\n<meta property=\"og:site_name\" content=\"Correio Braziliense - Radar\" \/>\n<meta property=\"article:published_time\" content=\"2026-03-10T11:05:00+00:00\" \/>\n<meta property=\"og:image\" content=\"https:\/\/www.correiobraziliense.com.br\/cbradar\/wp-content\/uploads\/2026\/03\/freepik__pequena-rvore-de-syzygium-jambos-cultivada-em-vaso__86162.jpeg\" \/>\n\t<meta property=\"og:image:width\" content=\"1280\" \/>\n\t<meta property=\"og:image:height\" content=\"720\" \/>\n\t<meta property=\"og:image:type\" content=\"image\/jpeg\" \/>\n<meta name=\"author\" content=\"Daniely Cardoso\" \/>\n<meta name=\"twitter:card\" content=\"summary_large_image\" \/>\n<meta name=\"twitter:label1\" content=\"Escrito por\" \/>\n\t<meta name=\"twitter:data1\" content=\"Daniely Cardoso\" \/>\n\t<meta name=\"twitter:label2\" content=\"Est. tempo de leitura\" \/>\n\t<meta name=\"twitter:data2\" content=\"6 minutos\" \/>\n<!-- \/ Yoast SEO plugin. -->","yoast_head_json":{"title":"A planta que tem um cheiro melhor que perfume e pode ser cultivada em casa - Correio Braziliense - Radar","description":"Planta arom\u00e1tica f\u00e1cil de cuidar perfuma a casa naturalmente e vem ganhando espa\u00e7o em varandas, salas e pequenos jardins.","robots":{"index":"index","follow":"follow","max-snippet":"max-snippet:-1","max-image-preview":"max-image-preview:large","max-video-preview":"max-video-preview:-1"},"canonical":"https:\/\/www.correiobraziliense.com.br\/cbradar\/a-planta-que-tem-um-cheiro-melhor-que-perfume-e-pode-ser-cultivada-em-casa\/","og_locale":"pt_BR","og_type":"article","og_title":"A planta que tem um cheiro melhor que perfume e pode ser cultivada em casa - Correio Braziliense - Radar","og_description":"Planta arom\u00e1tica f\u00e1cil de cuidar perfuma a casa naturalmente e vem ganhando espa\u00e7o em varandas, salas e pequenos jardins.","og_url":"https:\/\/www.correiobraziliense.com.br\/cbradar\/a-planta-que-tem-um-cheiro-melhor-que-perfume-e-pode-ser-cultivada-em-casa\/","og_site_name":"Correio Braziliense - Radar","article_published_time":"2026-03-10T11:05:00+00:00","og_image":[{"width":1280,"height":720,"url":"https:\/\/www.correiobraziliense.com.br\/cbradar\/wp-content\/uploads\/2026\/03\/freepik__pequena-rvore-de-syzygium-jambos-cultivada-em-vaso__86162.jpeg","type":"image\/jpeg"}],"author":"Daniely Cardoso","twitter_card":"summary_large_image","twitter_misc":{"Escrito por":"Daniely Cardoso","Est. tempo de leitura":"6 minutos"},"schema":{"@context":"https:\/\/schema.org","@graph":[{"@type":"WebPage","@id":"https:\/\/www.correiobraziliense.com.br\/cbradar\/a-planta-que-tem-um-cheiro-melhor-que-perfume-e-pode-ser-cultivada-em-casa\/","url":"https:\/\/www.correiobraziliense.com.br\/cbradar\/a-planta-que-tem-um-cheiro-melhor-que-perfume-e-pode-ser-cultivada-em-casa\/","name":"A planta que tem um cheiro melhor que perfume e pode ser cultivada em casa - Correio Braziliense - Radar","isPartOf":{"@id":"https:\/\/www.correiobraziliense.com.br\/cbradar\/#website"},"primaryImageOfPage":{"@id":"https:\/\/www.correiobraziliense.com.br\/cbradar\/a-planta-que-tem-um-cheiro-melhor-que-perfume-e-pode-ser-cultivada-em-casa\/#primaryimage"},"image":{"@id":"https:\/\/www.correiobraziliense.com.br\/cbradar\/a-planta-que-tem-um-cheiro-melhor-que-perfume-e-pode-ser-cultivada-em-casa\/#primaryimage"},"thumbnailUrl":"https:\/\/www.correiobraziliense.com.br\/cbradar\/wp-content\/uploads\/2026\/03\/freepik__pequena-rvore-de-syzygium-jambos-cultivada-em-vaso__86162.jpeg","datePublished":"2026-03-10T11:05:00+00:00","author":{"@id":"https:\/\/www.correiobraziliense.com.br\/cbradar\/#\/schema\/person\/7356666e12ec0ee53f348ee5db227032"},"description":"Planta arom\u00e1tica f\u00e1cil de cuidar perfuma a casa naturalmente e vem ganhando espa\u00e7o em varandas, salas e pequenos jardins.","breadcrumb":{"@id":"https:\/\/www.correiobraziliense.com.br\/cbradar\/a-planta-que-tem-um-cheiro-melhor-que-perfume-e-pode-ser-cultivada-em-casa\/#breadcrumb"},"inLanguage":"pt-BR","potentialAction":[{"@type":"ReadAction","target":["https:\/\/www.correiobraziliense.com.br\/cbradar\/a-planta-que-tem-um-cheiro-melhor-que-perfume-e-pode-ser-cultivada-em-casa\/"]}]},{"@type":"ImageObject","inLanguage":"pt-BR","@id":"https:\/\/www.correiobraziliense.com.br\/cbradar\/a-planta-que-tem-um-cheiro-melhor-que-perfume-e-pode-ser-cultivada-em-casa\/#primaryimage","url":"https:\/\/www.correiobraziliense.com.br\/cbradar\/wp-content\/uploads\/2026\/03\/freepik__pequena-rvore-de-syzygium-jambos-cultivada-em-vaso__86162.jpeg","contentUrl":"https:\/\/www.correiobraziliense.com.br\/cbradar\/wp-content\/uploads\/2026\/03\/freepik__pequena-rvore-de-syzygium-jambos-cultivada-em-vaso__86162.jpeg","width":1280,"height":720,"caption":"O Syzygium jambos \u00e9 uma planta frut\u00edfera conhecida popularmente como jambo rosa ou ma\u00e7\u00e3-rosa"},{"@type":"BreadcrumbList","@id":"https:\/\/www.correiobraziliense.com.br\/cbradar\/a-planta-que-tem-um-cheiro-melhor-que-perfume-e-pode-ser-cultivada-em-casa\/#breadcrumb","itemListElement":[{"@type":"ListItem","position":1,"name":"In\u00edcio","item":"https:\/\/www.correiobraziliense.com.br\/cbradar\/"},{"@type":"ListItem","position":2,"name":"A planta que tem um cheiro melhor que perfume e pode ser cultivada em casa"}]},{"@type":"WebSite","@id":"https:\/\/www.correiobraziliense.com.br\/cbradar\/#website","url":"https:\/\/www.correiobraziliense.com.br\/cbradar\/","name":"Correio Braziliense - Radar","description":"Acompanhe as \u00faltimas not\u00edcias e fique bem informado sobre tudo o que acontece no Brasil e no mundo.","potentialAction":[{"@type":"SearchAction","target":{"@type":"EntryPoint","urlTemplate":"https:\/\/www.correiobraziliense.com.br\/cbradar\/?s={search_term_string}"},"query-input":{"@type":"PropertyValueSpecification","valueRequired":true,"valueName":"search_term_string"}}],"inLanguage":"pt-BR"},{"@type":"Person","@id":"https:\/\/www.correiobraziliense.com.br\/cbradar\/#\/schema\/person\/7356666e12ec0ee53f348ee5db227032","name":"Daniely Cardoso","image":{"@type":"ImageObject","inLanguage":"pt-BR","@id":"https:\/\/www.correiobraziliense.com.br\/cbradar\/#\/schema\/person\/image\/","url":"https:\/\/secure.gravatar.com\/avatar\/4b80ddbd124d1f071b626d52d62e5dff?s=96&d=mm&r=g","contentUrl":"https:\/\/secure.gravatar.com\/avatar\/4b80ddbd124d1f071b626d52d62e5dff?s=96&d=mm&r=g","caption":"Daniely Cardoso"},"description":"Redatora nos portais CB Radar e EM Foco, formada pela Universidade Federal de Goi\u00e1s, em Goi\u00e2nia. Apaixonada por comunica\u00e7\u00e3o, arte, decora\u00e7\u00e3o e tend\u00eancias, atuo na produ\u00e7\u00e3o de conte\u00fados envolventes sobre curiosidades, moda, beleza e paisagismo, sempre com um olhar atento \u00e0s novidades do momento.","sameAs":["https:\/\/www.correiobraziliense.com.br\/cbradar"],"url":"https:\/\/www.correiobraziliense.com.br\/cbradar\/author\/danielymyth\/"}]}},"_links":{"self":[{"href":"https:\/\/www.correiobraziliense.com.br\/cbradar\/wp-json\/wp\/v2\/posts\/205178","targetHints":{"allow":["GET"]}}],"collection":[{"href":"https:\/\/www.correiobraziliense.com.br\/cbradar\/wp-json\/wp\/v2\/posts"}],"about":[{"href":"https:\/\/www.correiobraziliense.com.br\/cbradar\/wp-json\/wp\/v2\/types\/post"}],"author":[{"embeddable":true,"href":"https:\/\/www.correiobraziliense.com.br\/cbradar\/wp-json\/wp\/v2\/users\/9"}],"replies":[{"embeddable":true,"href":"https:\/\/www.correiobraziliense.com.br\/cbradar\/wp-json\/wp\/v2\/comments?post=205178"}],"version-history":[{"count":2,"href":"https:\/\/www.correiobraziliense.com.br\/cbradar\/wp-json\/wp\/v2\/posts\/205178\/revisions"}],"predecessor-version":[{"id":205297,"href":"https:\/\/www.correiobraziliense.com.br\/cbradar\/wp-json\/wp\/v2\/posts\/205178\/revisions\/205297"}],"wp:featuredmedia":[{"embeddable":true,"href":"https:\/\/www.correiobraziliense.com.br\/cbradar\/wp-json\/wp\/v2\/media\/205701"}],"wp:attachment":[{"href":"https:\/\/www.correiobraziliense.com.br\/cbradar\/wp-json\/wp\/v2\/media?parent=205178"}],"wp:term":[{"taxonomy":"category","embeddable":true,"href":"https:\/\/www.correiobraziliense.com.br\/cbradar\/wp-json\/wp\/v2\/categories?post=205178"},{"taxonomy":"post_tag","embeddable":true,"href":"https:\/\/www.correiobraziliense.com.br\/cbradar\/wp-json\/wp\/v2\/tags?post=205178"}],"curies":[{"name":"wp","href":"https:\/\/api.w.org\/{rel}","templated":true}]}}