{"id":205179,"date":"2026-03-10T14:25:07","date_gmt":"2026-03-10T17:25:07","guid":{"rendered":"https:\/\/www.correiobraziliense.com.br\/cbradar\/?p=205179"},"modified":"2026-03-09T15:12:45","modified_gmt":"2026-03-09T18:12:45","slug":"quase-esquecida-essa-fruta-brasileira-ajuda-na-digestao-traz-saciedade-e-cresce-bem-no-quintal-de-casa","status":"publish","type":"post","link":"https:\/\/www.correiobraziliense.com.br\/cbradar\/quase-esquecida-essa-fruta-brasileira-ajuda-na-digestao-traz-saciedade-e-cresce-bem-no-quintal-de-casa\/","title":{"rendered":"Quase esquecida, essa fruta brasileira ajuda na digest\u00e3o, traz saciedade e cresce bem no quintal de casa"},"content":{"rendered":"\n<p>Se voc\u00ea j\u00e1 passeou por um quintal de interior e sentiu um cheirinho lembrando <b>goiaba<\/b> vindo de um p\u00e9 baixinho carregado de frutinhas <b>amarelas<\/b> ou vermelhas, talvez j\u00e1 tenha encontrado o ara\u00e7\u00e1 sem nem saber. Pequena, perfumada e com aquele azedinho gostoso, essa <b>fruta<\/b> brasileira andou sumida da rotina de muita gente, mas come\u00e7a a voltar com for\u00e7a como op\u00e7\u00e3o simples, saborosa e ligada a um jeito mais natural de se alimentar.<\/p>\n\n\n\n<h2 class=\"wp-block-heading\">O que \u00e9 o ara\u00e7\u00e1 e por que essa fruta brasileira quase sumiu<\/h2>\n\n\n\n<p>O ara\u00e7\u00e1 \u00e9 o fruto do <b>ara\u00e7azeiro<\/b>, uma \u00e1rvore nativa da <b>Mata Atl\u00e2ntica<\/b>, do Cerrado e de outros cantos do Brasil, bem adaptada ao nosso clima. Existem tipos diferentes, como o ara\u00e7\u00e1-amarelo e o ara\u00e7\u00e1-vermelho, todos com casca fina, polpa macia e cheia de <b>sementes<\/b>, lembrando a goiaba, mas com aroma e sabor bem pr\u00f3prios.<\/p>\n\n\n\n<p>Durante muito tempo, ele era \u201cfruta de quintal\u201d, colhida direto do p\u00e9 por fam\u00edlias em \u00e1reas rurais ou cidades menores. Com a <b>urbaniza\u00e7\u00e3o<\/b>, o aumento dos pr\u00e9dios e a domin\u00e2ncia de frutas mais comerciais nos supermercados, o h\u00e1bito de ter um p\u00e9 de ara\u00e7\u00e1 em casa foi ficando de lado, e a fruta quase desapareceu do dia a dia de quem vive nas grandes <b>cidades<\/b>, perdendo espa\u00e7o para variedades importadas e altamente <b>padronizadas<\/b>.<\/p>\n\n\n<div class=\"wp-block-image\">\n<figure class=\"aligncenter size-full\"><img decoding=\"async\" width=\"1280\" height=\"720\" src=\"https:\/\/www.correiobraziliense.com.br\/cbradar\/wp-content\/uploads\/2026\/03\/Gemini_Generated_Image_5erub75erub75eru-1.png\" alt=\"\" class=\"wp-image-205282\" srcset=\"https:\/\/www.correiobraziliense.com.br\/cbradar\/wp-content\/uploads\/2026\/03\/Gemini_Generated_Image_5erub75erub75eru-1.png 1280w, https:\/\/www.correiobraziliense.com.br\/cbradar\/wp-content\/uploads\/2026\/03\/Gemini_Generated_Image_5erub75erub75eru-1-300x169.png 300w, https:\/\/www.correiobraziliense.com.br\/cbradar\/wp-content\/uploads\/2026\/03\/Gemini_Generated_Image_5erub75erub75eru-1-768x432.png 768w, https:\/\/www.correiobraziliense.com.br\/cbradar\/wp-content\/uploads\/2026\/03\/Gemini_Generated_Image_5erub75erub75eru-1-750x422.png 750w, https:\/\/www.correiobraziliense.com.br\/cbradar\/wp-content\/uploads\/2026\/03\/Gemini_Generated_Image_5erub75erub75eru-1-1140x641.png 1140w\" sizes=\"(max-width: 1280px) 100vw, 1280px\" \/><figcaption class=\"wp-element-caption\">O ara\u00e7\u00e1 \u00e9 o fruto do ara\u00e7azeiro, uma \u00e1rvore nativa da Mata Atl\u00e2ntica, do Cerrado e de outros cantos do Brasil<\/figcaption><\/figure><\/div>\n\n\n<p>Leia tamb\u00e9m:&nbsp;<a href=\"https:\/\/www.correiobraziliense.com.br\/cbradar\/a-planta-medicinal-que-ajuda-a-acalmar-a-mente-e-tambem-melhora-a-qualidade-do-sono\/\" target=\"_blank\" rel=\"noopener\">A planta medicinal que ajuda a acalmar a mente e tamb\u00e9m melhora a qualidade do sono<\/a><\/p>\n\n\n\n<h2 class=\"wp-block-heading\">Ara\u00e7\u00e1 ajuda mesmo na digest\u00e3o e no funcionamento do intestino<\/h2>\n\n\n\n<p>Quando o assunto \u00e9 intestino preso ou desconforto abdominal, o ara\u00e7\u00e1 costuma entrar na conversa por ser uma fruta rica em <b>fibras<\/b>. Consumido com frequ\u00eancia, dentro de uma alimenta\u00e7\u00e3o variada e com boa ingest\u00e3o de <b>\u00e1gua<\/b>, ele ajuda a formar o bolo fecal e a regular o tr\u00e2nsito intestinal, reduzindo epis\u00f3dios de pris\u00e3o de <b>ventre<\/b>.<\/p>\n\n\n\n<p>Al\u00e9m das fibras, o ara\u00e7\u00e1 oferece <b>vitamina C<\/b> e compostos naturais t\u00edpicos das frutas nativas brasileiras. Parte dessas fibras \u00e9 fermentada pelas bact\u00e9rias \u201cdo bem\u201d do <b>intestino<\/b>, o que favorece uma microbiota mais equilibrada e, em muitas pessoas, melhora a sensa\u00e7\u00e3o de bem-estar <b>digestivo<\/b> no dia a dia.<\/p>\n\n\n\n<h2 class=\"wp-block-heading\">Como o ara\u00e7\u00e1 contribui para a saciedade no dia a dia<\/h2>\n\n\n\n<p>Em tempos de correria e lanches apressados, o ara\u00e7\u00e1 pode ser um aliado para quem quer sentir menos fome entre as refei\u00e7\u00f5es. Como ele tem bastante <b>\u00e1gua<\/b> e fibras, ocupa mais espa\u00e7o no est\u00f4mago sem trazer muitas <b>calorias<\/b>, ajudando a prolongar a sensa\u00e7\u00e3o de saciedade depois de <b>comer<\/b>.<\/p>\n\n\n\n<p>Usar o ara\u00e7\u00e1 como lanche \u2014 puro, com aveia ou misturado a iogurte natural \u2014 pode diminuir aquela vontade de beliscar o tempo todo. Nutricionistas costumam sugerir que ele entre na rota\u00e7\u00e3o com outras frutas, n\u00e3o como \u201cfruta milagrosa para emagrecer\u201d, mas como parte de uma rotina alimentar mais organizada e <b>variada<\/b>, ajudando tamb\u00e9m a reduzir o consumo de lanches <b>industrializados<\/b> cheios de a\u00e7\u00facar e gordura <b>trans<\/b>. Se voc\u00ea ficou curioso sobre essa fruta, separamos esse v\u00eddeo do canal <a href=\"https:\/\/www.youtube.com\/@CurtindoPlantar\">Curtindo Plantar<\/a> ensinando a plantar em casa:|<\/p>\n\n\n\n<figure class=\"wp-block-embed is-type-video is-provider-youtube wp-block-embed-youtube wp-embed-aspect-16-9 wp-has-aspect-ratio\"><div class=\"wp-block-embed__wrapper\">\n<div class=\"jeg_video_container jeg_video_content\"><iframe loading=\"lazy\" title=\"COMO PLANTAR ARA\u00c7\u00c1 EM VASOS, TODAS QUALIDADES DE ARA\u00c7\u00c1 - VEJA ESSE V\u00cdDEO\" width=\"500\" height=\"281\" src=\"https:\/\/www.youtube.com\/embed\/CxC0MWIu-UA?feature=oembed\" frameborder=\"0\" allow=\"accelerometer; autoplay; clipboard-write; encrypted-media; gyroscope; picture-in-picture; web-share\" referrerpolicy=\"strict-origin-when-cross-origin\" allowfullscreen><\/iframe><\/div>\n<\/div><\/figure>\n\n\n\n<h2 class=\"wp-block-heading\">Ara\u00e7azeiro cresce bem no quintal de casa e em pequenos espa\u00e7os<\/h2>\n\n\n\n<p>Para quem sonha em colher fruta direto do p\u00e9, o ara\u00e7azeiro \u00e9 uma \u00e1rvore generosa e pouco exigente. Ele se adapta a diferentes tipos de <b>solo<\/b>, desde que n\u00e3o fiquem encharcados, e gosta de receber sol direto por algumas horas do dia, o que facilita o cultivo em <b>quintais<\/b>, jardins e at\u00e9 <b>cal\u00e7adas<\/b>.<\/p>\n\n\n\n<p>O plantio pode ser feito com mudas compradas em <b>viveiros<\/b> ou a partir das sementes da pr\u00f3pria fruta, lembrando que as mudas costumam produzir mais r\u00e1pido. Com regas regulares, sem excesso de \u00e1gua, e podas leves para tirar galhos <b>secos<\/b>, o ara\u00e7azeiro cresce bem e come\u00e7a a dar frutos em poucos anos, aproximando quem mora ali do pr\u00f3prio <b>alimento<\/b> e fortalecendo pr\u00e1ticas de agricultura mais <b>local<\/b>.<\/p>\n\n\n\n<h2 class=\"wp-block-heading\">Principais vantagens do ara\u00e7\u00e1 no dia a dia alimentar<\/h2>\n\n\n\n<p>Ao pensar no lugar do ara\u00e7\u00e1 dentro da alimenta\u00e7\u00e3o, vale destacar alguns pontos simples que explicam por que ele tem voltado a chamar aten\u00e7\u00e3o nas mesas brasileiras. Esses aspectos ajudam tanto quem busca mais <b>saciedade<\/b> quanto quem quer reduzir a presen\u00e7a de <b>ultraprocessados<\/b> na rotina, favorecendo uma rela\u00e7\u00e3o mais consciente com o pr\u00f3prio <b>corpo<\/b>.<\/p>\n\n\n\n<div class=\"guia-nutricao-frutas\" style=\"box-sizing: border-box; display: flex; flex-direction: column; width: 100%; max-width: 800px; margin: 30px auto; background-color: #ffffff; color: #333; border-radius: 16px; overflow: hidden; font-family: 'Segoe UI', Roboto, Helvetica, Arial, sans-serif; box-shadow: 0 10px 30px rgba(0,0,0,0.05); border: 1px solid #f1f8e9; position: relative;\">\n\n  <div style=\"background-color: #f1f8e9; padding: 30px; border-bottom: 4px solid #8bc34a; text-align: center;\">\n    <h2 style=\"margin: 0; color: #33691e; font-size: 1.5rem; font-weight: 700; letter-spacing: 0.5px;\">\ud83c\udf4e O Poder das Frutas na Dieta Di\u00e1ria<\/h2>\n    <div style=\"font-size: 1rem; margin-top: 8px; color: #558b2f; opacity: 0.9;\">Por que priorizar o consumo in natura para uma sa\u00fade plena<\/div>\n  <\/div>\n\n  <div style=\"padding: 30px;\">\n    \n    <div style=\"display: flex; align-items: flex-start; margin-bottom: 20px; padding: 15px; background-color: #fdfdfd; border-radius: 12px; border: 1px solid #f1f1f1;\">\n      <div style=\"min-width: 35px; height: 35px; background-color: #dcedc8; color: #33691e; border-radius: 50%; display: flex; align-items: center; justify-content: center; font-weight: bold; margin-right: 15px;\">\u2713<\/div>\n      <p style=\"margin: 0; font-size: 1rem; line-height: 1.6; color: #444;\">\n        Fruta rica em <strong>fibras e \u00e1gua<\/strong>, ajudando significativamente na sensa\u00e7\u00e3o de est\u00f4mago cheio e no controle do apetite.\n      <\/p>\n    <\/div>\n\n    <div style=\"display: flex; align-items: flex-start; margin-bottom: 20px; padding: 15px; background-color: #fdfdfd; border-radius: 12px; border: 1px solid #f1f1f1;\">\n      <div style=\"min-width: 35px; height: 35px; background-color: #dcedc8; color: #33691e; border-radius: 50%; display: flex; align-items: center; justify-content: center; font-weight: bold; margin-right: 15px;\">\u2713<\/div>\n      <p style=\"margin: 0; font-size: 1rem; line-height: 1.6; color: #444;\">\n        Possui <strong>baixa densidade cal\u00f3rica<\/strong> quando comparada com muitos snacks industrializados, sendo uma troca inteligente para o dia a dia.\n      <\/p>\n    <\/div>\n\n    <div style=\"display: flex; align-items: flex-start; margin-bottom: 20px; padding: 15px; background-color: #fdfdfd; border-radius: 12px; border: 1px solid #f1f1f1;\">\n      <div style=\"min-width: 35px; height: 35px; background-color: #dcedc8; color: #33691e; border-radius: 50%; display: flex; align-items: center; justify-content: center; font-weight: bold; margin-right: 15px;\">\u2713<\/div>\n      <p style=\"margin: 0; font-size: 1rem; line-height: 1.6; color: #444;\">\n        Excelente op\u00e7\u00e3o para <strong>lanches intermedi\u00e1rios<\/strong>, seja no ambiente de trabalho, na escola ou no conforto de casa.\n      <\/p>\n    <\/div>\n\n    <div style=\"display: flex; align-items: flex-start; padding: 15px; background-color: #fdfdfd; border-radius: 12px; border: 1px solid #f1f1f1;\">\n      <div style=\"min-width: 35px; height: 35px; background-color: #dcedc8; color: #33691e; border-radius: 50%; display: flex; align-items: center; justify-content: center; font-weight: bold; margin-right: 15px;\">\u2713<\/div>\n      <p style=\"margin: 0; font-size: 1rem; line-height: 1.6; color: #444;\">\n        Apresenta grande versatilidade, entrando f\u00e1cil em <strong>saladas de frutas<\/strong>, vitaminas e diversas receitinhas caseiras saud\u00e1veis.\n      <\/p>\n    <\/div>\n\n  <\/div>\n\n  <div style=\"background-color: #fafafa; padding: 20px; text-align: center; border-top: 1px solid #eee;\">\n    <p style=\"margin: 0; font-size: 0.85rem; color: #7cb342; font-weight: 600;\">\n      Dica da Reda\u00e7\u00e3o: Prefira consumir a fruta com casca (quando poss\u00edvel) para aproveitar o m\u00e1ximo de suas fibras.\n    <\/p>\n  <\/div>\n<\/div>\n\n\n\n<h2 class=\"wp-block-heading\">Formas simples de consumir o ara\u00e7\u00e1 e aproveitar seus benef\u00edcios<\/h2>\n\n\n\n<p>No dia a dia, muita gente prefere comer o ara\u00e7\u00e1 <b>fresco<\/b>, s\u00f3 lavado, com casca e tudo, aproveitando o sabor mais intenso quando a fruta est\u00e1 bem <b>madura<\/b>. Tamb\u00e9m \u00e9 comum us\u00e1-lo em sucos, geleias, compotas, molhos para carnes e peixes, e at\u00e9 em <b>sorvetes<\/b> artesanais e doces mistos com outras frutas brasileiras.<\/p>\n\n\n\n<p>Se a ideia \u00e9 cuidar da digest\u00e3o e da saciedade, vale dar prefer\u00eancia a prepara\u00e7\u00f5es com pouco <b>a\u00e7\u00facar<\/b> e pouca gordura. Em saladas de frutas, o ara\u00e7\u00e1 combina bem com banana, laranja, mam\u00e3o e outras op\u00e7\u00f5es ricas em <b>fibras<\/b>, ajudando a montar um prato colorido, diverso e que valoriza a <b>biodiversidade<\/b> alimentar do Brasil, direto da fruteira ou do quintal para a <b>mesa<\/b>.<\/p>\n","protected":false},"excerpt":{"rendered":"<p>Se voc\u00ea j\u00e1 passeou por um quintal de interior e sentiu um cheirinho lembrando goiaba vindo de um p\u00e9 baixinho carregado de frutinhas amarelas ou vermelhas, talvez j\u00e1 tenha encontrado o ara\u00e7\u00e1 sem nem saber. Pequena, perfumada e com aquele azedinho gostoso, essa fruta brasileira andou sumida da rotina de muita gente, mas come\u00e7a a [&hellip;]<\/p>\n","protected":false},"author":9,"featured_media":205723,"comment_status":"open","ping_status":"open","sticky":false,"template":"","format":"standard","meta":{"_yoast_wpseo_focuskw":"ara\u00e7\u00e1","_yoast_wpseo_title":"","_yoast_wpseo_metadesc":"Quase esquecida nas cidades, essa fruta de quintal pode ajudar o intestino e prolongar a sensa\u00e7\u00e3o de saciedade.","jnews-multi-image_gallery":[],"jnews_single_post":{"format":"standard"},"jnews_primary_category":[],"jnews_social_meta":[],"jnews_override_counter":[],"footnotes":""},"categories":[136],"post_tag":[15884,615,11566,15885],"class_list":["post-205179","post","type-post","status-publish","format-standard","has-post-thumbnail","hentry","category-jardinagem","tag-araca","tag-fruta","tag-fruta-esquecida","tag-plantar-araca"],"yoast_head":"<!-- This site is optimized with the Yoast SEO plugin v24.6 - https:\/\/yoast.com\/wordpress\/plugins\/seo\/ -->\n<title>Quase esquecida, essa fruta brasileira ajuda na digest\u00e3o, traz saciedade e cresce bem no quintal de casa - Correio Braziliense - Radar<\/title>\n<meta name=\"description\" content=\"Quase esquecida nas cidades, essa fruta de quintal pode ajudar o intestino e prolongar a sensa\u00e7\u00e3o de saciedade.\" \/>\n<meta name=\"robots\" content=\"index, follow, max-snippet:-1, max-image-preview:large, max-video-preview:-1\" \/>\n<link rel=\"canonical\" href=\"https:\/\/www.correiobraziliense.com.br\/cbradar\/quase-esquecida-essa-fruta-brasileira-ajuda-na-digestao-traz-saciedade-e-cresce-bem-no-quintal-de-casa\/\" \/>\n<meta property=\"og:locale\" content=\"pt_BR\" \/>\n<meta property=\"og:type\" content=\"article\" \/>\n<meta property=\"og:title\" content=\"Quase esquecida, essa fruta brasileira ajuda na digest\u00e3o, traz saciedade e cresce bem no quintal de casa - Correio Braziliense - Radar\" \/>\n<meta property=\"og:description\" content=\"Quase esquecida nas cidades, essa fruta de quintal pode ajudar o intestino e prolongar a sensa\u00e7\u00e3o de saciedade.\" \/>\n<meta property=\"og:url\" content=\"https:\/\/www.correiobraziliense.com.br\/cbradar\/quase-esquecida-essa-fruta-brasileira-ajuda-na-digestao-traz-saciedade-e-cresce-bem-no-quintal-de-casa\/\" \/>\n<meta property=\"og:site_name\" content=\"Correio Braziliense - Radar\" \/>\n<meta property=\"article:published_time\" content=\"2026-03-10T17:25:07+00:00\" \/>\n<meta property=\"og:image\" content=\"https:\/\/www.correiobraziliense.com.br\/cbradar\/wp-content\/uploads\/2026\/03\/freepik__ramo-de-araazeiro-com-vrios-frutos-de-ara-amarelos__86170.jpeg\" \/>\n\t<meta property=\"og:image:width\" content=\"1280\" \/>\n\t<meta property=\"og:image:height\" content=\"720\" \/>\n\t<meta property=\"og:image:type\" content=\"image\/jpeg\" \/>\n<meta name=\"author\" content=\"Daniely Cardoso\" \/>\n<meta name=\"twitter:card\" content=\"summary_large_image\" \/>\n<meta name=\"twitter:label1\" content=\"Escrito por\" \/>\n\t<meta name=\"twitter:data1\" content=\"Daniely Cardoso\" \/>\n\t<meta name=\"twitter:label2\" content=\"Est. tempo de leitura\" \/>\n\t<meta name=\"twitter:data2\" content=\"6 minutos\" \/>\n<!-- \/ Yoast SEO plugin. -->","yoast_head_json":{"title":"Quase esquecida, essa fruta brasileira ajuda na digest\u00e3o, traz saciedade e cresce bem no quintal de casa - Correio Braziliense - Radar","description":"Quase esquecida nas cidades, essa fruta de quintal pode ajudar o intestino e prolongar a sensa\u00e7\u00e3o de saciedade.","robots":{"index":"index","follow":"follow","max-snippet":"max-snippet:-1","max-image-preview":"max-image-preview:large","max-video-preview":"max-video-preview:-1"},"canonical":"https:\/\/www.correiobraziliense.com.br\/cbradar\/quase-esquecida-essa-fruta-brasileira-ajuda-na-digestao-traz-saciedade-e-cresce-bem-no-quintal-de-casa\/","og_locale":"pt_BR","og_type":"article","og_title":"Quase esquecida, essa fruta brasileira ajuda na digest\u00e3o, traz saciedade e cresce bem no quintal de casa - Correio Braziliense - Radar","og_description":"Quase esquecida nas cidades, essa fruta de quintal pode ajudar o intestino e prolongar a sensa\u00e7\u00e3o de saciedade.","og_url":"https:\/\/www.correiobraziliense.com.br\/cbradar\/quase-esquecida-essa-fruta-brasileira-ajuda-na-digestao-traz-saciedade-e-cresce-bem-no-quintal-de-casa\/","og_site_name":"Correio Braziliense - Radar","article_published_time":"2026-03-10T17:25:07+00:00","og_image":[{"width":1280,"height":720,"url":"https:\/\/www.correiobraziliense.com.br\/cbradar\/wp-content\/uploads\/2026\/03\/freepik__ramo-de-araazeiro-com-vrios-frutos-de-ara-amarelos__86170.jpeg","type":"image\/jpeg"}],"author":"Daniely Cardoso","twitter_card":"summary_large_image","twitter_misc":{"Escrito por":"Daniely Cardoso","Est. tempo de leitura":"6 minutos"},"schema":{"@context":"https:\/\/schema.org","@graph":[{"@type":"WebPage","@id":"https:\/\/www.correiobraziliense.com.br\/cbradar\/quase-esquecida-essa-fruta-brasileira-ajuda-na-digestao-traz-saciedade-e-cresce-bem-no-quintal-de-casa\/","url":"https:\/\/www.correiobraziliense.com.br\/cbradar\/quase-esquecida-essa-fruta-brasileira-ajuda-na-digestao-traz-saciedade-e-cresce-bem-no-quintal-de-casa\/","name":"Quase esquecida, essa fruta brasileira ajuda na digest\u00e3o, traz saciedade e cresce bem no quintal de casa - Correio Braziliense - Radar","isPartOf":{"@id":"https:\/\/www.correiobraziliense.com.br\/cbradar\/#website"},"primaryImageOfPage":{"@id":"https:\/\/www.correiobraziliense.com.br\/cbradar\/quase-esquecida-essa-fruta-brasileira-ajuda-na-digestao-traz-saciedade-e-cresce-bem-no-quintal-de-casa\/#primaryimage"},"image":{"@id":"https:\/\/www.correiobraziliense.com.br\/cbradar\/quase-esquecida-essa-fruta-brasileira-ajuda-na-digestao-traz-saciedade-e-cresce-bem-no-quintal-de-casa\/#primaryimage"},"thumbnailUrl":"https:\/\/www.correiobraziliense.com.br\/cbradar\/wp-content\/uploads\/2026\/03\/freepik__ramo-de-araazeiro-com-vrios-frutos-de-ara-amarelos__86170.jpeg","datePublished":"2026-03-10T17:25:07+00:00","author":{"@id":"https:\/\/www.correiobraziliense.com.br\/cbradar\/#\/schema\/person\/7356666e12ec0ee53f348ee5db227032"},"description":"Quase esquecida nas cidades, essa fruta de quintal pode ajudar o intestino e prolongar a sensa\u00e7\u00e3o de saciedade.","breadcrumb":{"@id":"https:\/\/www.correiobraziliense.com.br\/cbradar\/quase-esquecida-essa-fruta-brasileira-ajuda-na-digestao-traz-saciedade-e-cresce-bem-no-quintal-de-casa\/#breadcrumb"},"inLanguage":"pt-BR","potentialAction":[{"@type":"ReadAction","target":["https:\/\/www.correiobraziliense.com.br\/cbradar\/quase-esquecida-essa-fruta-brasileira-ajuda-na-digestao-traz-saciedade-e-cresce-bem-no-quintal-de-casa\/"]}]},{"@type":"ImageObject","inLanguage":"pt-BR","@id":"https:\/\/www.correiobraziliense.com.br\/cbradar\/quase-esquecida-essa-fruta-brasileira-ajuda-na-digestao-traz-saciedade-e-cresce-bem-no-quintal-de-casa\/#primaryimage","url":"https:\/\/www.correiobraziliense.com.br\/cbradar\/wp-content\/uploads\/2026\/03\/freepik__ramo-de-araazeiro-com-vrios-frutos-de-ara-amarelos__86170.jpeg","contentUrl":"https:\/\/www.correiobraziliense.com.br\/cbradar\/wp-content\/uploads\/2026\/03\/freepik__ramo-de-araazeiro-com-vrios-frutos-de-ara-amarelos__86170.jpeg","width":1280,"height":720,"caption":"O ara\u00e7\u00e1 \u00e9 uma fruta nativa do Brasil e pertence \u00e0 mesma fam\u00edlia da goiaba"},{"@type":"BreadcrumbList","@id":"https:\/\/www.correiobraziliense.com.br\/cbradar\/quase-esquecida-essa-fruta-brasileira-ajuda-na-digestao-traz-saciedade-e-cresce-bem-no-quintal-de-casa\/#breadcrumb","itemListElement":[{"@type":"ListItem","position":1,"name":"In\u00edcio","item":"https:\/\/www.correiobraziliense.com.br\/cbradar\/"},{"@type":"ListItem","position":2,"name":"Quase esquecida, essa fruta brasileira ajuda na digest\u00e3o, traz saciedade e cresce bem no quintal de casa"}]},{"@type":"WebSite","@id":"https:\/\/www.correiobraziliense.com.br\/cbradar\/#website","url":"https:\/\/www.correiobraziliense.com.br\/cbradar\/","name":"Correio Braziliense - Radar","description":"Acompanhe as \u00faltimas not\u00edcias e fique bem informado sobre tudo o que acontece no Brasil e no mundo.","potentialAction":[{"@type":"SearchAction","target":{"@type":"EntryPoint","urlTemplate":"https:\/\/www.correiobraziliense.com.br\/cbradar\/?s={search_term_string}"},"query-input":{"@type":"PropertyValueSpecification","valueRequired":true,"valueName":"search_term_string"}}],"inLanguage":"pt-BR"},{"@type":"Person","@id":"https:\/\/www.correiobraziliense.com.br\/cbradar\/#\/schema\/person\/7356666e12ec0ee53f348ee5db227032","name":"Daniely Cardoso","image":{"@type":"ImageObject","inLanguage":"pt-BR","@id":"https:\/\/www.correiobraziliense.com.br\/cbradar\/#\/schema\/person\/image\/","url":"https:\/\/secure.gravatar.com\/avatar\/4b80ddbd124d1f071b626d52d62e5dff?s=96&d=mm&r=g","contentUrl":"https:\/\/secure.gravatar.com\/avatar\/4b80ddbd124d1f071b626d52d62e5dff?s=96&d=mm&r=g","caption":"Daniely Cardoso"},"description":"Redatora nos portais CB Radar e EM Foco, formada pela Universidade Federal de Goi\u00e1s, em Goi\u00e2nia. Apaixonada por comunica\u00e7\u00e3o, arte, decora\u00e7\u00e3o e tend\u00eancias, atuo na produ\u00e7\u00e3o de conte\u00fados envolventes sobre curiosidades, moda, beleza e paisagismo, sempre com um olhar atento \u00e0s novidades do momento.","sameAs":["https:\/\/www.correiobraziliense.com.br\/cbradar"],"url":"https:\/\/www.correiobraziliense.com.br\/cbradar\/author\/danielymyth\/"}]}},"_links":{"self":[{"href":"https:\/\/www.correiobraziliense.com.br\/cbradar\/wp-json\/wp\/v2\/posts\/205179","targetHints":{"allow":["GET"]}}],"collection":[{"href":"https:\/\/www.correiobraziliense.com.br\/cbradar\/wp-json\/wp\/v2\/posts"}],"about":[{"href":"https:\/\/www.correiobraziliense.com.br\/cbradar\/wp-json\/wp\/v2\/types\/post"}],"author":[{"embeddable":true,"href":"https:\/\/www.correiobraziliense.com.br\/cbradar\/wp-json\/wp\/v2\/users\/9"}],"replies":[{"embeddable":true,"href":"https:\/\/www.correiobraziliense.com.br\/cbradar\/wp-json\/wp\/v2\/comments?post=205179"}],"version-history":[{"count":2,"href":"https:\/\/www.correiobraziliense.com.br\/cbradar\/wp-json\/wp\/v2\/posts\/205179\/revisions"}],"predecessor-version":[{"id":205283,"href":"https:\/\/www.correiobraziliense.com.br\/cbradar\/wp-json\/wp\/v2\/posts\/205179\/revisions\/205283"}],"wp:featuredmedia":[{"embeddable":true,"href":"https:\/\/www.correiobraziliense.com.br\/cbradar\/wp-json\/wp\/v2\/media\/205723"}],"wp:attachment":[{"href":"https:\/\/www.correiobraziliense.com.br\/cbradar\/wp-json\/wp\/v2\/media?parent=205179"}],"wp:term":[{"taxonomy":"category","embeddable":true,"href":"https:\/\/www.correiobraziliense.com.br\/cbradar\/wp-json\/wp\/v2\/categories?post=205179"},{"taxonomy":"post_tag","embeddable":true,"href":"https:\/\/www.correiobraziliense.com.br\/cbradar\/wp-json\/wp\/v2\/post_tag?post=205179"}],"curies":[{"name":"wp","href":"https:\/\/api.w.org\/{rel}","templated":true}]}}