{"id":205180,"date":"2026-03-10T13:05:14","date_gmt":"2026-03-10T16:05:14","guid":{"rendered":"https:\/\/www.correiobraziliense.com.br\/cbradar\/?p=205180"},"modified":"2026-03-09T15:12:14","modified_gmt":"2026-03-09T18:12:14","slug":"a-planta-tradicional-muito-usada-para-apoiar-o-figado-e-ajudar-na-desintoxicacao-natural","status":"publish","type":"post","link":"https:\/\/www.correiobraziliense.com.br\/cbradar\/a-planta-tradicional-muito-usada-para-apoiar-o-figado-e-ajudar-na-desintoxicacao-natural\/","title":{"rendered":"A planta tradicional muito usada para apoiar o f\u00edgado e ajudar na desintoxica\u00e7\u00e3o natural"},"content":{"rendered":"\n<p>Voc\u00ea j\u00e1 sentiu o <b>f\u00edgado<\/b> \u201cpesado\u201d depois de um fim de semana com comida <b>gordurosa<\/b> e algumas ta\u00e7as de vinho? Nessas horas, muita gente corre para solu\u00e7\u00f5es naturais, e um dos nomes que mais aparece \u00e9 o <b>cardo-mariano<\/b>. Essa planta, usada h\u00e1 s\u00e9culos na medicina popular europeia, voltou ao destaque em farm\u00e1cias e lojas de produtos naturais, despertando curiosidade sobre como pode apoiar o bem-estar do f\u00edgado e a chamada \u201cdesintoxica\u00e7\u00e3o\u201d do organismo.<\/p>\n\n\n\n<h2 class=\"wp-block-heading\">O que \u00e9 o cardo-mariano e por que ele \u00e9 ligado ao cuidado com o f\u00edgado<\/h2>\n\n\n\n<p>O <b>cardo-mariano<\/b>, ou <em>Silybum marianum<\/em>, \u00e9 uma planta de flores roxas e folhas espinhosas, t\u00edpica da regi\u00e3o do Mediterr\u00e2neo. As sementes s\u00e3o a parte mais aproveitada, pois concentram a <b>silimarina<\/b>, um conjunto de subst\u00e2ncias estudadas por seu poss\u00edvel efeito protetor sobre o <b>f\u00edgado<\/b>.<\/p>\n\n\n\n<p>Como o <b>f\u00edgado<\/b> participa da digest\u00e3o de gorduras, do metabolismo de rem\u00e9dios e do equil\u00edbrio de horm\u00f4nios, qualquer apoio extra chama aten\u00e7\u00e3o. Por isso, o <b>cardo-mariano<\/b> come\u00e7ou a ser estudado em pessoas com sobrecarga hep\u00e1tica, avaliando desde efeitos antioxidantes at\u00e9 uma poss\u00edvel ajuda na <b>recupera\u00e7\u00e3o<\/b> das c\u00e9lulas do \u00f3rg\u00e3o.<\/p>\n\n\n<div class=\"wp-block-image\">\n<figure class=\"aligncenter size-large\"><img decoding=\"async\" width=\"1024\" height=\"558\" src=\"https:\/\/www.correiobraziliense.com.br\/cbradar\/wp-content\/uploads\/2025\/12\/Gemini_Generated_Image_c8vi4pc8vi4pc8vi-1-1024x558.png\" alt=\"\" class=\"wp-image-157726\" srcset=\"https:\/\/www.correiobraziliense.com.br\/cbradar\/wp-content\/uploads\/2025\/12\/Gemini_Generated_Image_c8vi4pc8vi4pc8vi-1-1024x558.png 1024w, https:\/\/www.correiobraziliense.com.br\/cbradar\/wp-content\/uploads\/2025\/12\/Gemini_Generated_Image_c8vi4pc8vi4pc8vi-1-300x164.png 300w, https:\/\/www.correiobraziliense.com.br\/cbradar\/wp-content\/uploads\/2025\/12\/Gemini_Generated_Image_c8vi4pc8vi4pc8vi-1-768x419.png 768w, https:\/\/www.correiobraziliense.com.br\/cbradar\/wp-content\/uploads\/2025\/12\/Gemini_Generated_Image_c8vi4pc8vi4pc8vi-1-750x409.png 750w, https:\/\/www.correiobraziliense.com.br\/cbradar\/wp-content\/uploads\/2025\/12\/Gemini_Generated_Image_c8vi4pc8vi4pc8vi-1-1140x622.png 1140w, https:\/\/www.correiobraziliense.com.br\/cbradar\/wp-content\/uploads\/2025\/12\/Gemini_Generated_Image_c8vi4pc8vi4pc8vi-1.png 1280w\" sizes=\"(max-width: 1024px) 100vw, 1024px\" \/><figcaption class=\"wp-element-caption\">O cardo mariano (Silybum marianum) \u00e9 uma planta mediterr\u00e2nea, de flores arroxeadas, conhecida h\u00e1 s\u00e9culos na fitoterapia<\/figcaption><\/figure><\/div>\n\n\n<p>Leia tamb\u00e9m:&nbsp;<a href=\"https:\/\/www.correiobraziliense.com.br\/cbradar\/a-planta-medicinal-que-ajuda-a-acalmar-a-mente-e-tambem-melhora-a-qualidade-do-sono\/\" target=\"_blank\" rel=\"noopener\">A planta medicinal que ajuda a acalmar a mente e tamb\u00e9m melhora a qualidade do sono<\/a><\/p>\n\n\n\n<h2 class=\"wp-block-heading\">Como o cardo-mariano pode apoiar a desintoxica\u00e7\u00e3o natural do organismo<\/h2>\n\n\n\n<p>Quando se fala em <b>detox<\/b>, muita gente imagina algo milagroso, mas quem faz a limpeza di\u00e1ria do corpo \u00e9 o pr\u00f3prio <b>f\u00edgado<\/b>, junto com rins, intestino, pele e pulm\u00f5es. O <b>cardo-mariano<\/b> n\u00e3o substitui essas fun\u00e7\u00f5es, mas \u00e9 visto como um poss\u00edvel coadjuvante, ajudando a reduzir parte do desgaste causado por \u00e1lcool, medicamentos e excesso de toxinas.<\/p>\n\n\n\n<p>Programas que incluem o <b>cardo-mariano<\/b> normalmente v\u00eam acompanhados de ajustes no <b>estilo<\/b> de vida, como beber mais \u00e1gua, reduzir \u00e1lcool e melhorar a alimenta\u00e7\u00e3o. Nesses casos, ele entra como um suporte a mais, e n\u00e3o como cura r\u00e1pida para exageros frequentes ou doen\u00e7as j\u00e1 <b>instaladas<\/b>.<\/p>\n\n\n\n<h2 class=\"wp-block-heading\">Quais s\u00e3o as formas de uso mais comuns do cardo-mariano no dia a dia<\/h2>\n\n\n\n<p>Ao chegar na prateleira, \u00e9 comum se confundir com tantas vers\u00f5es de <b>cardo-mariano<\/b> dispon\u00edveis. A escolha costuma considerar praticidade, facilidade de acertar a dose e, sempre que poss\u00edvel, a orienta\u00e7\u00e3o de um profissional de <b>sa\u00fade<\/b> que conhe\u00e7a <b>fitoterapia<\/b>.<\/p>\n\n\n\n<ul class=\"wp-block-list\">\n<li><strong>C\u00e1psulas ou comprimidos:<\/strong> trazem extratos <b>padronizados<\/b>, com quantidade definida de <b>silimarina<\/b> por dose.<\/li>\n\n\n\n<li><strong>Ch\u00e1 de sementes:<\/strong> feito por infus\u00e3o ou <b>decoc\u00e7\u00e3o<\/b>, ainda bem presente em usos tradicionais <b>caseiros<\/b>.<\/li>\n\n\n\n<li><strong>Extrato l\u00edquido:<\/strong> em gotas, permite ajustes mais finos de <b>dose<\/b> conforme recomenda\u00e7\u00e3o <b>individual<\/b>.<\/li>\n<\/ul>\n\n\n\n<p>Se voc\u00ea gosta de ouvir especialistas, separamos esse v\u00eddeo do canal da <a href=\"https:\/\/www.youtube.com\/@NutricionistaPatriciaLeite\" target=\"_blank\" rel=\"noreferrer noopener\">Nutricionista Patricia Leite<\/a> falando com mais detalhes sobre os benef\u00edcios do cardo mariano:<\/p>\n\n\n\n<figure class=\"wp-block-embed is-type-video is-provider-youtube wp-block-embed-youtube wp-embed-aspect-16-9 wp-has-aspect-ratio\"><div class=\"wp-block-embed__wrapper\">\n<div class=\"jeg_video_container jeg_video_content\"><iframe loading=\"lazy\" title=\"LIMPA F\u00cdGADO e + 8 BENEF\u00cdCIOS do Ch\u00e1 de Cardo Mariano! Diabetes, Cora\u00e7\u00e3o,.. Como usar e Dicas\" width=\"500\" height=\"281\" src=\"https:\/\/www.youtube.com\/embed\/d4sjQOoR8ts?feature=oembed\" frameborder=\"0\" allow=\"accelerometer; autoplay; clipboard-write; encrypted-media; gyroscope; picture-in-picture; web-share\" referrerpolicy=\"strict-origin-when-cross-origin\" allowfullscreen><\/iframe><\/div>\n<\/div><\/figure>\n\n\n\n<h2 class=\"wp-block-heading\">O cardo-mariano realmente protege o f\u00edgado ou isso \u00e9 mito<\/h2>\n\n\n\n<p>A d\u00favida mais comum \u00e9 se o <b>cardo-mariano<\/b> de fato \u201cblinda\u201d o <b>f\u00edgado<\/b>. Estudos cl\u00ednicos analisaram a planta em situa\u00e7\u00f5es como uso cr\u00f4nico de \u00e1lcool, esteatose hep\u00e1tica (gordura no f\u00edgado) e contato com certas <b>toxinas<\/b>, mostrando ind\u00edcios de benef\u00edcio principalmente por a\u00e7\u00e3o antioxidante e anti-inflamat\u00f3ria.<\/p>\n\n\n\n<p>Por\u00e9m, os resultados variam muito conforme <b>dose<\/b>, tempo de uso e tipo de extrato utilizado. Assim, institui\u00e7\u00f5es de sa\u00fade refor\u00e7am que ele pode ser um suplemento de <b>apoio<\/b>, mas n\u00e3o substitui acompanhamento m\u00e9dico, dieta equilibrada, exerc\u00edcios nem tratamentos j\u00e1 indicados por <b>especialistas<\/b>.<\/p>\n\n\n\n<h2 class=\"wp-block-heading\">Quais cuidados s\u00e3o importantes ao usar essa planta tradicional para o f\u00edgado<\/h2>\n\n\n\n<p>Por ser natural, muitas pessoas acham que o <b>cardo-mariano<\/b> \u00e9 sempre inofensivo, o que n\u00e3o \u00e9 verdade. Em algumas pessoas, pode causar desconfortos <b>digestivos<\/b> leves e, raramente, alergias, especialmente em quem tem sensibilidade a plantas como camomila e margarida, da mesma fam\u00edlia <b>bot\u00e2nica<\/b>.<\/p>\n\n\n\n<p>Alguns cuidados ajudam a tornar o uso mais seguro e consciente, principalmente se voc\u00ea j\u00e1 tem diagn\u00f3stico de problema no <b>f\u00edgado<\/b> ou usa v\u00e1rios <b>medicamentos<\/b>:<\/p>\n\n\n\n<div class=\"guia-seguranca-fitoterapicos\" style=\"box-sizing: border-box; display: flex; flex-direction: column; width: 100%; max-width: 800px; margin: 30px auto; background-color: #ffffff; color: #2c3e50; border-radius: 12px; overflow: hidden; font-family: 'Segoe UI', Roboto, Helvetica, Arial, sans-serif; box-shadow: 0 8px 30px rgba(0,0,0,0.1); border: 1px solid #e2e8f0; position: relative;\">\n\n  <div style=\"background-color: #fff5f5; padding: 25px; border-bottom: 4px solid #f56565; text-align: left;\">\n    <h2 style=\"margin: 0; color: #c53030; font-size: 1.4rem; font-weight: 700; text-transform: uppercase; letter-spacing: 0.5px;\">Protocolo de Uso Seguro: Suplementa\u00e7\u00e3o<\/h2>\n    <div style=\"font-size: 1rem; margin-top: 8px; color: #718096; line-height: 1.4;\">Orienta\u00e7\u00f5es fundamentais antes de iniciar o uso de extratos vegetais e fitoter\u00e1picos<\/div>\n  <\/div>\n\n  <div style=\"padding: 25px; background-color: #fcfcfc;\">\n    \n    <div style=\"margin-bottom: 20px; padding: 15px; background-color: #ffffff; border-radius: 8px; border: 1px solid #edf2f7; display: flex; align-items: flex-start;\">\n      <span style=\"font-size: 1.5rem; margin-right: 15px;\">\ud83e\ude7a<\/span>\n      <div>\n        <h3 style=\"margin: 0 0 5px 0; font-size: 1.05rem; color: #2d3748;\"><strong>Verificar doen\u00e7as pr\u00e9-existentes<\/strong><\/h3>\n        <p style=\"margin: 0; font-size: 0.95rem; line-height: 1.6; color: #4a5568;\">\n          Indiv\u00edduos com problemas no <strong>f\u00edgado<\/strong>, rins ou cora\u00e7\u00e3o necessitam obrigatoriamente de avalia\u00e7\u00e3o m\u00e9dica antes do consumo.\n        <\/p>\n      <\/div>\n    <\/div>\n\n    <div style=\"margin-bottom: 20px; padding: 15px; background-color: #ffffff; border-radius: 8px; border: 1px solid #edf2f7; display: flex; align-items: flex-start;\">\n      <span style=\"font-size: 1.5rem; margin-right: 15px;\">\ud83d\udc8a<\/span>\n      <div>\n        <h3 style=\"margin: 0 0 5px 0; font-size: 1.05rem; color: #2d3748;\"><strong>Atentar a medicamentos<\/strong><\/h3>\n        <p style=\"margin: 0; font-size: 0.95rem; line-height: 1.6; color: #4a5568;\">\n          O <strong>cardo-mariano<\/strong> pode interferir no metabolismo de certos rem\u00e9dios, alterando ou anulando seu efeito terap\u00eautico.\n        <\/p>\n      <\/div>\n    <\/div>\n\n    <div style=\"margin-bottom: 20px; padding: 15px; background-color: #ffffff; border-radius: 8px; border: 1px solid #edf2f7; display: flex; align-items: flex-start;\">\n      <span style=\"font-size: 1.5rem; margin-right: 15px;\">\ud83d\udcca<\/span>\n      <div>\n        <h3 style=\"margin: 0 0 5px 0; font-size: 1.05rem; color: #2d3748;\"><strong>Respeitar doses orientadas<\/strong><\/h3>\n        <p style=\"margin: 0; font-size: 0.95rem; line-height: 1.6; color: #4a5568;\">\n          Siga rigorosamente as instru\u00e7\u00f5es do <strong>r\u00f3tulo<\/strong> ou as recomenda\u00e7\u00f5es de um profissional de sa\u00fade habilitado.\n        <\/p>\n      <\/div>\n    <\/div>\n\n    <div style=\"padding: 15px; background-color: #ffffff; border-radius: 8px; border: 1px solid #edf2f7; display: flex; align-items: flex-start;\">\n      <span style=\"font-size: 1.5rem; margin-right: 15px;\">\u26a0\ufe0f<\/span>\n      <div>\n        <h3 style=\"margin: 0 0 5px 0; font-size: 1.05rem; color: #2d3748;\"><strong>Observar rea\u00e7\u00f5es do corpo<\/strong><\/h3>\n        <p style=\"margin: 0; font-size: 0.95rem; line-height: 1.6; color: #4a5568;\">\n          Ao notar sintomas anormais, suspenda o uso imediatamente e busque <strong>orienta\u00e7\u00e3o profissional<\/strong>.\n        <\/p>\n      <\/div>\n    <\/div>\n\n  <\/div>\n\n  <div style=\"background-color: #f7fafc; padding: 15px 25px; border-top: 1px solid #e2e8f0; text-align: center;\">\n    <p style=\"margin: 0; font-size: 0.85rem; color: #718096; font-style: italic;\">\n      Lembre-se: &#8220;Natural&#8221; n\u00e3o \u00e9 sin\u00f4nimo de &#8220;isento de riscos&#8221;. Consulte sempre um especialista.\n    <\/p>\n  <\/div>\n<\/div>\n\n\n\n<p>Outra dica importante \u00e9 escolher produtos de marcas <b>confi\u00e1veis<\/b>, com r\u00f3tulos claros sobre composi\u00e7\u00e3o e dosagem. Assim, o <b>cardo-mariano<\/b> deixa de ser apenas uma promessa de detox e passa a ser parte de um cuidado mais amplo, que inclui comida de <b>verdade<\/b>, sono de qualidade, menos \u00e1lcool e exames em dia para acompanhar a sa\u00fade do <b>f\u00edgado<\/b>.<\/p>\n","protected":false},"excerpt":{"rendered":"<p>Voc\u00ea j\u00e1 sentiu o f\u00edgado \u201cpesado\u201d depois de um fim de semana com comida gordurosa e algumas ta\u00e7as de vinho? Nessas horas, muita gente corre para solu\u00e7\u00f5es naturais, e um dos nomes que mais aparece \u00e9 o cardo-mariano. Essa planta, usada h\u00e1 s\u00e9culos na medicina popular europeia, voltou ao destaque em farm\u00e1cias e lojas de [&hellip;]<\/p>\n","protected":false},"author":9,"featured_media":205722,"comment_status":"open","ping_status":"open","sticky":false,"template":"","format":"standard","meta":{"_yoast_wpseo_focuskw":"cardo-mariano","_yoast_wpseo_title":"","_yoast_wpseo_metadesc":"Essa planta voltou a chamar aten\u00e7\u00e3o por seus poss\u00edveis benef\u00edcios para o f\u00edgado e a desintoxica\u00e7\u00e3o","jnews-multi-image_gallery":[],"jnews_single_post":{"format":"standard"},"jnews_primary_category":[],"jnews_social_meta":[],"jnews_override_counter":[],"footnotes":""},"categories":[119,4404],"post_tag":[5808,15887,15886],"class_list":["post-205180","post","type-post","status-publish","format-standard","has-post-thumbnail","hentry","category-bem-estar","category-saude","tag-desintoxicacao","tag-planta-para-o-figado","tag-silimarina"],"yoast_head":"<!-- This site is optimized with the Yoast SEO plugin v24.6 - https:\/\/yoast.com\/wordpress\/plugins\/seo\/ -->\n<title>A planta tradicional muito usada para apoiar o f\u00edgado e ajudar na desintoxica\u00e7\u00e3o natural - Correio Braziliense - Radar<\/title>\n<meta name=\"description\" content=\"Essa planta voltou a chamar aten\u00e7\u00e3o por seus poss\u00edveis benef\u00edcios para o f\u00edgado e a desintoxica\u00e7\u00e3o\" \/>\n<meta name=\"robots\" content=\"index, follow, max-snippet:-1, max-image-preview:large, max-video-preview:-1\" \/>\n<link rel=\"canonical\" href=\"https:\/\/www.correiobraziliense.com.br\/cbradar\/a-planta-tradicional-muito-usada-para-apoiar-o-figado-e-ajudar-na-desintoxicacao-natural\/\" \/>\n<meta property=\"og:locale\" content=\"pt_BR\" \/>\n<meta property=\"og:type\" content=\"article\" \/>\n<meta property=\"og:title\" content=\"A planta tradicional muito usada para apoiar o f\u00edgado e ajudar na desintoxica\u00e7\u00e3o natural - Correio Braziliense - Radar\" \/>\n<meta property=\"og:description\" content=\"Essa planta voltou a chamar aten\u00e7\u00e3o por seus poss\u00edveis benef\u00edcios para o f\u00edgado e a desintoxica\u00e7\u00e3o\" \/>\n<meta property=\"og:url\" content=\"https:\/\/www.correiobraziliense.com.br\/cbradar\/a-planta-tradicional-muito-usada-para-apoiar-o-figado-e-ajudar-na-desintoxicacao-natural\/\" \/>\n<meta property=\"og:site_name\" content=\"Correio Braziliense - Radar\" \/>\n<meta property=\"article:published_time\" content=\"2026-03-10T16:05:14+00:00\" \/>\n<meta property=\"og:image\" content=\"https:\/\/www.correiobraziliense.com.br\/cbradar\/wp-content\/uploads\/2026\/03\/freepik__planta-de-cardomariano-silybum-marianum-com-flor-r__86169.jpeg\" \/>\n\t<meta property=\"og:image:width\" content=\"1280\" \/>\n\t<meta property=\"og:image:height\" content=\"720\" \/>\n\t<meta property=\"og:image:type\" content=\"image\/jpeg\" \/>\n<meta name=\"author\" content=\"Daniely Cardoso\" \/>\n<meta name=\"twitter:card\" content=\"summary_large_image\" \/>\n<meta name=\"twitter:label1\" content=\"Escrito por\" \/>\n\t<meta name=\"twitter:data1\" content=\"Daniely Cardoso\" \/>\n\t<meta name=\"twitter:label2\" content=\"Est. tempo de leitura\" \/>\n\t<meta name=\"twitter:data2\" content=\"5 minutos\" \/>\n<!-- \/ Yoast SEO plugin. -->","yoast_head_json":{"title":"A planta tradicional muito usada para apoiar o f\u00edgado e ajudar na desintoxica\u00e7\u00e3o natural - Correio Braziliense - Radar","description":"Essa planta voltou a chamar aten\u00e7\u00e3o por seus poss\u00edveis benef\u00edcios para o f\u00edgado e a desintoxica\u00e7\u00e3o","robots":{"index":"index","follow":"follow","max-snippet":"max-snippet:-1","max-image-preview":"max-image-preview:large","max-video-preview":"max-video-preview:-1"},"canonical":"https:\/\/www.correiobraziliense.com.br\/cbradar\/a-planta-tradicional-muito-usada-para-apoiar-o-figado-e-ajudar-na-desintoxicacao-natural\/","og_locale":"pt_BR","og_type":"article","og_title":"A planta tradicional muito usada para apoiar o f\u00edgado e ajudar na desintoxica\u00e7\u00e3o natural - Correio Braziliense - Radar","og_description":"Essa planta voltou a chamar aten\u00e7\u00e3o por seus poss\u00edveis benef\u00edcios para o f\u00edgado e a desintoxica\u00e7\u00e3o","og_url":"https:\/\/www.correiobraziliense.com.br\/cbradar\/a-planta-tradicional-muito-usada-para-apoiar-o-figado-e-ajudar-na-desintoxicacao-natural\/","og_site_name":"Correio Braziliense - Radar","article_published_time":"2026-03-10T16:05:14+00:00","og_image":[{"width":1280,"height":720,"url":"https:\/\/www.correiobraziliense.com.br\/cbradar\/wp-content\/uploads\/2026\/03\/freepik__planta-de-cardomariano-silybum-marianum-com-flor-r__86169.jpeg","type":"image\/jpeg"}],"author":"Daniely Cardoso","twitter_card":"summary_large_image","twitter_misc":{"Escrito por":"Daniely Cardoso","Est. tempo de leitura":"5 minutos"},"schema":{"@context":"https:\/\/schema.org","@graph":[{"@type":"WebPage","@id":"https:\/\/www.correiobraziliense.com.br\/cbradar\/a-planta-tradicional-muito-usada-para-apoiar-o-figado-e-ajudar-na-desintoxicacao-natural\/","url":"https:\/\/www.correiobraziliense.com.br\/cbradar\/a-planta-tradicional-muito-usada-para-apoiar-o-figado-e-ajudar-na-desintoxicacao-natural\/","name":"A planta tradicional muito usada para apoiar o f\u00edgado e ajudar na desintoxica\u00e7\u00e3o natural - Correio Braziliense - Radar","isPartOf":{"@id":"https:\/\/www.correiobraziliense.com.br\/cbradar\/#website"},"primaryImageOfPage":{"@id":"https:\/\/www.correiobraziliense.com.br\/cbradar\/a-planta-tradicional-muito-usada-para-apoiar-o-figado-e-ajudar-na-desintoxicacao-natural\/#primaryimage"},"image":{"@id":"https:\/\/www.correiobraziliense.com.br\/cbradar\/a-planta-tradicional-muito-usada-para-apoiar-o-figado-e-ajudar-na-desintoxicacao-natural\/#primaryimage"},"thumbnailUrl":"https:\/\/www.correiobraziliense.com.br\/cbradar\/wp-content\/uploads\/2026\/03\/freepik__planta-de-cardomariano-silybum-marianum-com-flor-r__86169.jpeg","datePublished":"2026-03-10T16:05:14+00:00","author":{"@id":"https:\/\/www.correiobraziliense.com.br\/cbradar\/#\/schema\/person\/7356666e12ec0ee53f348ee5db227032"},"description":"Essa planta voltou a chamar aten\u00e7\u00e3o por seus poss\u00edveis benef\u00edcios para o f\u00edgado e a desintoxica\u00e7\u00e3o","breadcrumb":{"@id":"https:\/\/www.correiobraziliense.com.br\/cbradar\/a-planta-tradicional-muito-usada-para-apoiar-o-figado-e-ajudar-na-desintoxicacao-natural\/#breadcrumb"},"inLanguage":"pt-BR","potentialAction":[{"@type":"ReadAction","target":["https:\/\/www.correiobraziliense.com.br\/cbradar\/a-planta-tradicional-muito-usada-para-apoiar-o-figado-e-ajudar-na-desintoxicacao-natural\/"]}]},{"@type":"ImageObject","inLanguage":"pt-BR","@id":"https:\/\/www.correiobraziliense.com.br\/cbradar\/a-planta-tradicional-muito-usada-para-apoiar-o-figado-e-ajudar-na-desintoxicacao-natural\/#primaryimage","url":"https:\/\/www.correiobraziliense.com.br\/cbradar\/wp-content\/uploads\/2026\/03\/freepik__planta-de-cardomariano-silybum-marianum-com-flor-r__86169.jpeg","contentUrl":"https:\/\/www.correiobraziliense.com.br\/cbradar\/wp-content\/uploads\/2026\/03\/freepik__planta-de-cardomariano-silybum-marianum-com-flor-r__86169.jpeg","width":1280,"height":720,"caption":"O cardo-mariano \u00e9 uma planta medicinal conhecida cientificamente como Silybum marianum"},{"@type":"BreadcrumbList","@id":"https:\/\/www.correiobraziliense.com.br\/cbradar\/a-planta-tradicional-muito-usada-para-apoiar-o-figado-e-ajudar-na-desintoxicacao-natural\/#breadcrumb","itemListElement":[{"@type":"ListItem","position":1,"name":"In\u00edcio","item":"https:\/\/www.correiobraziliense.com.br\/cbradar\/"},{"@type":"ListItem","position":2,"name":"A planta tradicional muito usada para apoiar o f\u00edgado e ajudar na desintoxica\u00e7\u00e3o natural"}]},{"@type":"WebSite","@id":"https:\/\/www.correiobraziliense.com.br\/cbradar\/#website","url":"https:\/\/www.correiobraziliense.com.br\/cbradar\/","name":"Correio Braziliense - Radar","description":"Acompanhe as \u00faltimas not\u00edcias e fique bem informado sobre tudo o que acontece no Brasil e no mundo.","potentialAction":[{"@type":"SearchAction","target":{"@type":"EntryPoint","urlTemplate":"https:\/\/www.correiobraziliense.com.br\/cbradar\/?s={search_term_string}"},"query-input":{"@type":"PropertyValueSpecification","valueRequired":true,"valueName":"search_term_string"}}],"inLanguage":"pt-BR"},{"@type":"Person","@id":"https:\/\/www.correiobraziliense.com.br\/cbradar\/#\/schema\/person\/7356666e12ec0ee53f348ee5db227032","name":"Daniely Cardoso","image":{"@type":"ImageObject","inLanguage":"pt-BR","@id":"https:\/\/www.correiobraziliense.com.br\/cbradar\/#\/schema\/person\/image\/","url":"https:\/\/secure.gravatar.com\/avatar\/4b80ddbd124d1f071b626d52d62e5dff?s=96&d=mm&r=g","contentUrl":"https:\/\/secure.gravatar.com\/avatar\/4b80ddbd124d1f071b626d52d62e5dff?s=96&d=mm&r=g","caption":"Daniely Cardoso"},"description":"Redatora nos portais CB Radar e EM Foco, formada pela Universidade Federal de Goi\u00e1s, em Goi\u00e2nia. Apaixonada por comunica\u00e7\u00e3o, arte, decora\u00e7\u00e3o e tend\u00eancias, atuo na produ\u00e7\u00e3o de conte\u00fados envolventes sobre curiosidades, moda, beleza e paisagismo, sempre com um olhar atento \u00e0s novidades do momento.","sameAs":["https:\/\/www.correiobraziliense.com.br\/cbradar"],"url":"https:\/\/www.correiobraziliense.com.br\/cbradar\/author\/danielymyth\/"}]}},"_links":{"self":[{"href":"https:\/\/www.correiobraziliense.com.br\/cbradar\/wp-json\/wp\/v2\/posts\/205180","targetHints":{"allow":["GET"]}}],"collection":[{"href":"https:\/\/www.correiobraziliense.com.br\/cbradar\/wp-json\/wp\/v2\/posts"}],"about":[{"href":"https:\/\/www.correiobraziliense.com.br\/cbradar\/wp-json\/wp\/v2\/types\/post"}],"author":[{"embeddable":true,"href":"https:\/\/www.correiobraziliense.com.br\/cbradar\/wp-json\/wp\/v2\/users\/9"}],"replies":[{"embeddable":true,"href":"https:\/\/www.correiobraziliense.com.br\/cbradar\/wp-json\/wp\/v2\/comments?post=205180"}],"version-history":[{"count":2,"href":"https:\/\/www.correiobraziliense.com.br\/cbradar\/wp-json\/wp\/v2\/posts\/205180\/revisions"}],"predecessor-version":[{"id":205280,"href":"https:\/\/www.correiobraziliense.com.br\/cbradar\/wp-json\/wp\/v2\/posts\/205180\/revisions\/205280"}],"wp:featuredmedia":[{"embeddable":true,"href":"https:\/\/www.correiobraziliense.com.br\/cbradar\/wp-json\/wp\/v2\/media\/205722"}],"wp:attachment":[{"href":"https:\/\/www.correiobraziliense.com.br\/cbradar\/wp-json\/wp\/v2\/media?parent=205180"}],"wp:term":[{"taxonomy":"category","embeddable":true,"href":"https:\/\/www.correiobraziliense.com.br\/cbradar\/wp-json\/wp\/v2\/categories?post=205180"},{"taxonomy":"post_tag","embeddable":true,"href":"https:\/\/www.correiobraziliense.com.br\/cbradar\/wp-json\/wp\/v2\/post_tag?post=205180"}],"curies":[{"name":"wp","href":"https:\/\/api.w.org\/{rel}","templated":true}]}}