{"id":205189,"date":"2026-03-10T19:05:28","date_gmt":"2026-03-10T22:05:28","guid":{"rendered":"https:\/\/www.correiobraziliense.com.br\/cbradar\/?p=205189"},"modified":"2026-03-09T15:22:17","modified_gmt":"2026-03-09T18:22:17","slug":"pouco-popular-fora-do-nordeste-essa-fruta-refrescante-ajuda-na-hidratacao-na-saciedade-e-pode-ser-plantada-no-quintal-2","status":"publish","type":"post","link":"https:\/\/www.correiobraziliense.com.br\/cbradar\/pouco-popular-fora-do-nordeste-essa-fruta-refrescante-ajuda-na-hidratacao-na-saciedade-e-pode-ser-plantada-no-quintal-2\/","title":{"rendered":"Pouco popular fora do Nordeste, essa fruta refrescante ajuda na hidrata\u00e7\u00e3o, na saciedade e pode ser plantada no quintal"},"content":{"rendered":"\n<p>Imagine chegar em uma casa ribeirinha na Amaz\u00f4nia num fim de tarde quente e \u00famido: na mesa, um copo grande de suco roxo bem gelado, feito com um fruto pequeno, \u00e1cido e poderoso. Esse \u00e9 o <b>camu-camu<\/b>, um fruto amaz\u00f4nico que, aos poucos, est\u00e1 saindo das margens dos rios para ganhar espa\u00e7o nas cozinhas de quem busca mais <b>energia<\/b>, sa\u00fade e bem-estar no dia a dia.<\/p>\n\n\n\n<h2 class=\"wp-block-heading\">O que torna o fruto amaz\u00f4nico camu-camu t\u00e3o especial<\/h2>\n\n\n\n<p>O <b>camu-camu<\/b> \u00e9 um fruto arredondado, de cor que vai do verde ao roxo escuro, muito comum \u00e0s margens de rios e igarap\u00e9s da Amaz\u00f4nia. Ele se destaca especialmente pela alt\u00edssima concentra\u00e7\u00e3o de <b>vitamina C<\/b>, superando frutas como laranja e acerola, e por seus compostos naturais coloridos, como antocianinas e flavonoides.<\/p>\n\n\n\n<p>Essas subst\u00e2ncias atuam como aliados contra o desgaste do corpo causado por <b>estresse<\/b>, polui\u00e7\u00e3o, noites mal dormidas e at\u00e9 treinos intensos. Al\u00e9m disso, o fruto amaz\u00f4nico oferece pequenas quantidades de minerais e <b>fibras<\/b>, ajudando no bom funcionamento do intestino, na prote\u00e7\u00e3o das c\u00e9lulas e na manuten\u00e7\u00e3o da sa\u00fade de forma geral.<\/p>\n\n\n<div class=\"wp-block-image\">\n<figure class=\"aligncenter size-large\"><img decoding=\"async\" width=\"1024\" height=\"576\" src=\"https:\/\/www.correiobraziliense.com.br\/cbradar\/wp-content\/uploads\/2026\/01\/Gemini_Generated_Image_nzge62nzge62nzge-1-1024x576.png\" alt=\"\" class=\"wp-image-176934\" srcset=\"https:\/\/www.correiobraziliense.com.br\/cbradar\/wp-content\/uploads\/2026\/01\/Gemini_Generated_Image_nzge62nzge62nzge-1-1024x576.png 1024w, https:\/\/www.correiobraziliense.com.br\/cbradar\/wp-content\/uploads\/2026\/01\/Gemini_Generated_Image_nzge62nzge62nzge-1-300x169.png 300w, https:\/\/www.correiobraziliense.com.br\/cbradar\/wp-content\/uploads\/2026\/01\/Gemini_Generated_Image_nzge62nzge62nzge-1-768x432.png 768w, https:\/\/www.correiobraziliense.com.br\/cbradar\/wp-content\/uploads\/2026\/01\/Gemini_Generated_Image_nzge62nzge62nzge-1-750x422.png 750w, https:\/\/www.correiobraziliense.com.br\/cbradar\/wp-content\/uploads\/2026\/01\/Gemini_Generated_Image_nzge62nzge62nzge-1-1140x641.png 1140w, https:\/\/www.correiobraziliense.com.br\/cbradar\/wp-content\/uploads\/2026\/01\/Gemini_Generated_Image_nzge62nzge62nzge-1.png 1280w\" sizes=\"(max-width: 1024px) 100vw, 1024px\" \/><figcaption class=\"wp-element-caption\">\u00c9 comum que a ind\u00fastria ajuste o sabor do camu-camu, j\u00e1 que o fruto apresenta acidez marcante<\/figcaption><\/figure><\/div>\n\n\n<p>Leia tamb\u00e9m:&nbsp;<a href=\"https:\/\/www.correiobraziliense.com.br\/cbradar\/a-planta-medicinal-que-ajuda-a-acalmar-a-mente-e-tambem-melhora-a-qualidade-do-sono\/\" target=\"_blank\" rel=\"noopener\">A planta medicinal que ajuda a acalmar a mente e tamb\u00e9m melhora a qualidade do sono<\/a><\/p>\n\n\n\n<h2 class=\"wp-block-heading\">Como o fruto amaz\u00f4nico contribui para a hidrata\u00e7\u00e3o di\u00e1ria<\/h2>\n\n\n\n<p>Manter o corpo hidratado vai muito al\u00e9m de \u201cbeber dois litros de \u00e1gua por dia\u201d. <b>Frutas<\/b> ricas em \u00e1gua e nutrientes tamb\u00e9m entram nessa conta, e o camu-camu, na forma de sucos e bebidas refrescantes, pode ser um \u00f3timo refor\u00e7o. Em regi\u00f5es quentes, onde o suor \u00e9 mais intenso, ele ajuda a repor n\u00e3o s\u00f3 l\u00edquidos, mas tamb\u00e9m <b>minerais<\/b> importantes.<\/p>\n\n\n\n<p>Quando combinado com outras frutas e ingredientes como \u00e1gua de coco, o fruto amaz\u00f4nico amplia a oferta de <b>pot\u00e1ssio<\/b> e outros micronutrientes que colaboram com o equil\u00edbrio de fluidos do organismo. Em treinos ou caminhadas ao ar livre, essas bebidas podem complementar a <b>hidrata\u00e7\u00e3o<\/b>, desde que fa\u00e7am parte de um plano orientado por um profissional de sa\u00fade ou nutri\u00e7\u00e3o.<\/p>\n\n\n\n<ul class=\"wp-block-list\">\n<li><strong>Polpa congelada:<\/strong> usada em <b>vitaminas<\/b> e sucos;<\/li>\n\n\n\n<li><strong>Bebidas esportivas artesanais:<\/strong> misturadas com \u00e1gua de coco e outras <b>frutas<\/b>;<\/li>\n\n\n\n<li><strong>Ch\u00e1s gelados e drinques sem \u00e1lcool:<\/strong> combinando o fruto amaz\u00f4nico com <b>ervas<\/b> e especiarias.<\/li>\n<\/ul>\n\n\n\n<h2 class=\"wp-block-heading\">De que forma o fruto amaz\u00f4nico fortalece a imunidade<\/h2>\n\n\n\n<p>Nos per\u00edodos de mudan\u00e7a de temperatura, rotina corrida ou noites mal dormidas, muita gente procura \u201cturbinar\u201d a imunidade pela alimenta\u00e7\u00e3o. O <b>camu-camu<\/b> se destaca como fruto amaz\u00f4nico riqu\u00edssimo em vitamina C, nutriente que ajuda a manter a integridade da pele, das mucosas e o bom funcionamento das <b>c\u00e9lulas<\/b> de defesa. Separamos esse v\u00eddeo do canal <a href=\"https:\/\/www.youtube.com\/@Dicasdesaudeoficial\" target=\"_blank\" rel=\"noreferrer noopener\">Dicas para Sa\u00fade Oficial<\/a> mostrando mais alguns benef\u00edcios dessa fruta pra sa\u00fade:<\/p>\n\n\n\n<figure class=\"wp-block-embed is-type-video is-provider-youtube wp-block-embed-youtube wp-embed-aspect-16-9 wp-has-aspect-ratio\"><div class=\"wp-block-embed__wrapper\">\n<div class=\"jeg_video_container jeg_video_content\"><iframe loading=\"lazy\" title=\"Os 12 Benef\u00edcios do Camu Camu Para Sa\u00fade | Dicas de Sa\u00fade\" width=\"500\" height=\"281\" src=\"https:\/\/www.youtube.com\/embed\/NkF_2MpzhvA?feature=oembed\" frameborder=\"0\" allow=\"accelerometer; autoplay; clipboard-write; encrypted-media; gyroscope; picture-in-picture; web-share\" referrerpolicy=\"strict-origin-when-cross-origin\" allowfullscreen><\/iframe><\/div>\n<\/div><\/figure>\n\n\n\n<p>Al\u00e9m de participar da produ\u00e7\u00e3o de col\u00e1geno, importante para ossos e tecidos, a <b>vitamina C<\/b> do camu-camu atua como um escudo antioxidante, ajudando a neutralizar radicais livres. Os compostos fen\u00f3licos presentes no fruto tamb\u00e9m somam for\u00e7as nesse processo, e o consumo regular, dentro de uma dieta <b>variada<\/b>, pode colaborar para reduzir per\u00edodos de indisposi\u00e7\u00e3o e apoiar o organismo em fases de maior exposi\u00e7\u00e3o a v\u00edrus e bact\u00e9rias.<\/p>\n\n\n\n<ol class=\"wp-block-list\">\n<li>Incluir o fruto amaz\u00f4nico em <b>sucos<\/b> no caf\u00e9 da manh\u00e3;<\/li>\n\n\n\n<li>Alternar o camu-camu com outras <b>frutas<\/b> ricas em vitamina C ao longo da semana;<\/li>\n\n\n\n<li>Usar o camu-camu em prepara\u00e7\u00f5es frias, evitando <b>aquecimento<\/b> excessivo para preservar nutrientes.<\/li>\n<\/ol>\n\n\n\n<h2 class=\"wp-block-heading\">Como o fruto amaz\u00f4nico pode ajudar na recupera\u00e7\u00e3o muscular<\/h2>\n\n\n\n<p>Quem treina com frequ\u00eancia sabe que n\u00e3o \u00e9 s\u00f3 o exerc\u00edcio que importa, mas tamb\u00e9m o que se come antes e depois dele. A recupera\u00e7\u00e3o muscular envolve reparo das fibras, diminui\u00e7\u00e3o de dores e redu\u00e7\u00e3o de inflama\u00e7\u00f5es, e o <b>camu-camu<\/b>, por ser abundante em antioxidantes, vem sendo estudado como um poss\u00edvel aliado nesse processo.<\/p>\n\n\n\n<p>Os compostos presentes no fruto amaz\u00f4nico podem ajudar a amenizar o estresse oxidativo gerado pelo esfor\u00e7o f\u00edsico, favorecendo menor dano \u00e0s <b>c\u00e9lulas<\/b> musculares. A vitamina C tamb\u00e9m entra em cena na s\u00edntese de <b>col\u00e1geno<\/b>, importante para tend\u00f5es e ligamentos. Quando combinado com uma boa ingest\u00e3o de prote\u00ednas, carboidratos e l\u00edquidos, o camu-camu pode fazer parte de uma estrat\u00e9gia simples para melhorar o conforto p\u00f3s-treino e a disposi\u00e7\u00e3o para os pr\u00f3ximos exerc\u00edcios.<\/p>\n\n\n<div class=\"wp-block-image\">\n<figure class=\"aligncenter size-large\"><img decoding=\"async\" width=\"1024\" height=\"576\" src=\"https:\/\/www.correiobraziliense.com.br\/cbradar\/wp-content\/uploads\/2025\/11\/camu-camu-planta_1764554492964-1024x576.jpg\" alt=\"\" class=\"wp-image-148049\" srcset=\"https:\/\/www.correiobraziliense.com.br\/cbradar\/wp-content\/uploads\/2025\/11\/camu-camu-planta_1764554492964-1024x576.jpg 1024w, https:\/\/www.correiobraziliense.com.br\/cbradar\/wp-content\/uploads\/2025\/11\/camu-camu-planta_1764554492964-300x169.jpg 300w, https:\/\/www.correiobraziliense.com.br\/cbradar\/wp-content\/uploads\/2025\/11\/camu-camu-planta_1764554492964-768x432.jpg 768w, https:\/\/www.correiobraziliense.com.br\/cbradar\/wp-content\/uploads\/2025\/11\/camu-camu-planta_1764554492964-750x422.jpg 750w, https:\/\/www.correiobraziliense.com.br\/cbradar\/wp-content\/uploads\/2025\/11\/camu-camu-planta_1764554492964-1140x641.jpg 1140w, https:\/\/www.correiobraziliense.com.br\/cbradar\/wp-content\/uploads\/2025\/11\/camu-camu-planta_1764554492964.jpg 1280w\" sizes=\"(max-width: 1024px) 100vw, 1024px\" \/><figcaption class=\"wp-element-caption\">A principal propriedade curativa do camu-camu \u00e9 sua excepcional concentra\u00e7\u00e3o de Vitamina C &#8211; Cr\u00e9ditos: depositphotos.com \/ 02konon<\/figcaption><\/figure><\/div>\n\n\n<h2 class=\"wp-block-heading\">Como incluir o fruto amaz\u00f4nico no dia a dia de forma segura<\/h2>\n\n\n\n<p>Apesar de natural, o camu-camu \u00e9 muito concentrado em <b>vitamina C<\/b>, por isso o ideal \u00e9 consumi-lo com equil\u00edbrio. Em algumas pessoas mais sens\u00edveis, exageros podem causar desconforto intestinal, sendo importante adaptar a quantidade de acordo com idade, estado de sa\u00fade e outras fontes de <b>vitamina<\/b> C presentes na rotina alimentar.<\/p>\n\n\n\n<p>Tamb\u00e9m vale ficar atento \u00e0 proced\u00eancia da polpa, do p\u00f3 ou de suplementos \u00e0 base desse fruto amaz\u00f4nico. Priorizar produtos de marcas confi\u00e1veis, com registro em \u00f3rg\u00e3os reguladores e compromisso com a <b>floresta<\/b> e com as comunidades extrativistas, \u00e9 uma forma de cuidar da sa\u00fade e, ao mesmo tempo, apoiar pr\u00e1ticas <b>sustent\u00e1veis<\/b> na Amaz\u00f4nia.<\/p>\n","protected":false},"excerpt":{"rendered":"<p>Imagine chegar em uma casa ribeirinha na Amaz\u00f4nia num fim de tarde quente e \u00famido: na mesa, um copo grande de suco roxo bem gelado, feito com um fruto pequeno, \u00e1cido e poderoso. Esse \u00e9 o camu-camu, um fruto amaz\u00f4nico que, aos poucos, est\u00e1 saindo das margens dos rios para ganhar espa\u00e7o nas cozinhas de [&hellip;]<\/p>\n","protected":false},"author":9,"featured_media":205740,"comment_status":"open","ping_status":"open","sticky":false,"template":"","format":"standard","meta":{"_yoast_wpseo_focuskw":"benef\u00edcios do camu camu","_yoast_wpseo_title":"","_yoast_wpseo_metadesc":"Fruta amaz\u00f4nica rica em vitamina C chama aten\u00e7\u00e3o por ajudar na hidrata\u00e7\u00e3o, na imunidade e na recupera\u00e7\u00e3o ap\u00f3s exerc\u00edcios f\u00edsicos.","jnews-multi-image_gallery":[],"jnews_single_post":{"format":"standard"},"jnews_primary_category":[],"jnews_social_meta":[],"jnews_override_counter":[],"footnotes":""},"categories":[119,4404],"post_tag":[615,15889,9820],"class_list":["post-205189","post","type-post","status-publish","format-standard","has-post-thumbnail","hentry","category-bem-estar","category-saude","tag-fruta","tag-fruto-amazonico","tag-recuperacao-muscular"],"yoast_head":"<!-- This site is optimized with the Yoast SEO plugin v24.6 - https:\/\/yoast.com\/wordpress\/plugins\/seo\/ -->\n<title>Pouco popular fora do Nordeste, essa fruta refrescante ajuda na hidrata\u00e7\u00e3o, na saciedade e pode ser plantada no quintal - Correio Braziliense - Radar<\/title>\n<meta name=\"description\" content=\"Fruta amaz\u00f4nica rica em vitamina C chama aten\u00e7\u00e3o por ajudar na hidrata\u00e7\u00e3o, na imunidade e na recupera\u00e7\u00e3o ap\u00f3s exerc\u00edcios f\u00edsicos.\" \/>\n<meta name=\"robots\" content=\"index, follow, max-snippet:-1, max-image-preview:large, max-video-preview:-1\" \/>\n<link rel=\"canonical\" href=\"https:\/\/www.correiobraziliense.com.br\/cbradar\/pouco-popular-fora-do-nordeste-essa-fruta-refrescante-ajuda-na-hidratacao-na-saciedade-e-pode-ser-plantada-no-quintal-2\/\" \/>\n<meta property=\"og:locale\" content=\"pt_BR\" \/>\n<meta property=\"og:type\" content=\"article\" \/>\n<meta property=\"og:title\" content=\"Pouco popular fora do Nordeste, essa fruta refrescante ajuda na hidrata\u00e7\u00e3o, na saciedade e pode ser plantada no quintal - Correio Braziliense - Radar\" \/>\n<meta property=\"og:description\" content=\"Fruta amaz\u00f4nica rica em vitamina C chama aten\u00e7\u00e3o por ajudar na hidrata\u00e7\u00e3o, na imunidade e na recupera\u00e7\u00e3o ap\u00f3s exerc\u00edcios f\u00edsicos.\" \/>\n<meta property=\"og:url\" content=\"https:\/\/www.correiobraziliense.com.br\/cbradar\/pouco-popular-fora-do-nordeste-essa-fruta-refrescante-ajuda-na-hidratacao-na-saciedade-e-pode-ser-plantada-no-quintal-2\/\" \/>\n<meta property=\"og:site_name\" content=\"Correio Braziliense - Radar\" \/>\n<meta property=\"article:published_time\" content=\"2026-03-10T22:05:28+00:00\" \/>\n<meta property=\"og:image\" content=\"https:\/\/www.correiobraziliense.com.br\/cbradar\/wp-content\/uploads\/2026\/03\/freepik__tigela-rstica-com-vrios-frutos-de-camucamu-roxos-e__86175.jpeg\" \/>\n\t<meta property=\"og:image:width\" content=\"1280\" \/>\n\t<meta property=\"og:image:height\" content=\"720\" \/>\n\t<meta property=\"og:image:type\" content=\"image\/jpeg\" \/>\n<meta name=\"author\" content=\"Daniely Cardoso\" \/>\n<meta name=\"twitter:card\" content=\"summary_large_image\" \/>\n<meta name=\"twitter:label1\" content=\"Escrito por\" \/>\n\t<meta name=\"twitter:data1\" content=\"Daniely Cardoso\" \/>\n\t<meta name=\"twitter:label2\" content=\"Est. tempo de leitura\" \/>\n\t<meta name=\"twitter:data2\" content=\"5 minutos\" \/>\n<!-- \/ Yoast SEO plugin. -->","yoast_head_json":{"title":"Pouco popular fora do Nordeste, essa fruta refrescante ajuda na hidrata\u00e7\u00e3o, na saciedade e pode ser plantada no quintal - Correio Braziliense - Radar","description":"Fruta amaz\u00f4nica rica em vitamina C chama aten\u00e7\u00e3o por ajudar na hidrata\u00e7\u00e3o, na imunidade e na recupera\u00e7\u00e3o ap\u00f3s exerc\u00edcios f\u00edsicos.","robots":{"index":"index","follow":"follow","max-snippet":"max-snippet:-1","max-image-preview":"max-image-preview:large","max-video-preview":"max-video-preview:-1"},"canonical":"https:\/\/www.correiobraziliense.com.br\/cbradar\/pouco-popular-fora-do-nordeste-essa-fruta-refrescante-ajuda-na-hidratacao-na-saciedade-e-pode-ser-plantada-no-quintal-2\/","og_locale":"pt_BR","og_type":"article","og_title":"Pouco popular fora do Nordeste, essa fruta refrescante ajuda na hidrata\u00e7\u00e3o, na saciedade e pode ser plantada no quintal - Correio Braziliense - Radar","og_description":"Fruta amaz\u00f4nica rica em vitamina C chama aten\u00e7\u00e3o por ajudar na hidrata\u00e7\u00e3o, na imunidade e na recupera\u00e7\u00e3o ap\u00f3s exerc\u00edcios f\u00edsicos.","og_url":"https:\/\/www.correiobraziliense.com.br\/cbradar\/pouco-popular-fora-do-nordeste-essa-fruta-refrescante-ajuda-na-hidratacao-na-saciedade-e-pode-ser-plantada-no-quintal-2\/","og_site_name":"Correio Braziliense - Radar","article_published_time":"2026-03-10T22:05:28+00:00","og_image":[{"width":1280,"height":720,"url":"https:\/\/www.correiobraziliense.com.br\/cbradar\/wp-content\/uploads\/2026\/03\/freepik__tigela-rstica-com-vrios-frutos-de-camucamu-roxos-e__86175.jpeg","type":"image\/jpeg"}],"author":"Daniely Cardoso","twitter_card":"summary_large_image","twitter_misc":{"Escrito por":"Daniely Cardoso","Est. tempo de leitura":"5 minutos"},"schema":{"@context":"https:\/\/schema.org","@graph":[{"@type":"WebPage","@id":"https:\/\/www.correiobraziliense.com.br\/cbradar\/pouco-popular-fora-do-nordeste-essa-fruta-refrescante-ajuda-na-hidratacao-na-saciedade-e-pode-ser-plantada-no-quintal-2\/","url":"https:\/\/www.correiobraziliense.com.br\/cbradar\/pouco-popular-fora-do-nordeste-essa-fruta-refrescante-ajuda-na-hidratacao-na-saciedade-e-pode-ser-plantada-no-quintal-2\/","name":"Pouco popular fora do Nordeste, essa fruta refrescante ajuda na hidrata\u00e7\u00e3o, na saciedade e pode ser plantada no quintal - Correio Braziliense - Radar","isPartOf":{"@id":"https:\/\/www.correiobraziliense.com.br\/cbradar\/#website"},"primaryImageOfPage":{"@id":"https:\/\/www.correiobraziliense.com.br\/cbradar\/pouco-popular-fora-do-nordeste-essa-fruta-refrescante-ajuda-na-hidratacao-na-saciedade-e-pode-ser-plantada-no-quintal-2\/#primaryimage"},"image":{"@id":"https:\/\/www.correiobraziliense.com.br\/cbradar\/pouco-popular-fora-do-nordeste-essa-fruta-refrescante-ajuda-na-hidratacao-na-saciedade-e-pode-ser-plantada-no-quintal-2\/#primaryimage"},"thumbnailUrl":"https:\/\/www.correiobraziliense.com.br\/cbradar\/wp-content\/uploads\/2026\/03\/freepik__tigela-rstica-com-vrios-frutos-de-camucamu-roxos-e__86175.jpeg","datePublished":"2026-03-10T22:05:28+00:00","author":{"@id":"https:\/\/www.correiobraziliense.com.br\/cbradar\/#\/schema\/person\/7356666e12ec0ee53f348ee5db227032"},"description":"Fruta amaz\u00f4nica rica em vitamina C chama aten\u00e7\u00e3o por ajudar na hidrata\u00e7\u00e3o, na imunidade e na recupera\u00e7\u00e3o ap\u00f3s exerc\u00edcios f\u00edsicos.","breadcrumb":{"@id":"https:\/\/www.correiobraziliense.com.br\/cbradar\/pouco-popular-fora-do-nordeste-essa-fruta-refrescante-ajuda-na-hidratacao-na-saciedade-e-pode-ser-plantada-no-quintal-2\/#breadcrumb"},"inLanguage":"pt-BR","potentialAction":[{"@type":"ReadAction","target":["https:\/\/www.correiobraziliense.com.br\/cbradar\/pouco-popular-fora-do-nordeste-essa-fruta-refrescante-ajuda-na-hidratacao-na-saciedade-e-pode-ser-plantada-no-quintal-2\/"]}]},{"@type":"ImageObject","inLanguage":"pt-BR","@id":"https:\/\/www.correiobraziliense.com.br\/cbradar\/pouco-popular-fora-do-nordeste-essa-fruta-refrescante-ajuda-na-hidratacao-na-saciedade-e-pode-ser-plantada-no-quintal-2\/#primaryimage","url":"https:\/\/www.correiobraziliense.com.br\/cbradar\/wp-content\/uploads\/2026\/03\/freepik__tigela-rstica-com-vrios-frutos-de-camucamu-roxos-e__86175.jpeg","contentUrl":"https:\/\/www.correiobraziliense.com.br\/cbradar\/wp-content\/uploads\/2026\/03\/freepik__tigela-rstica-com-vrios-frutos-de-camucamu-roxos-e__86175.jpeg","width":1280,"height":720,"caption":"O camu-camu \u00e9 um fruto nativo da Amaz\u00f4nia conhecido pelo sabor \u00e1cido e pela cor roxa intensa"},{"@type":"BreadcrumbList","@id":"https:\/\/www.correiobraziliense.com.br\/cbradar\/pouco-popular-fora-do-nordeste-essa-fruta-refrescante-ajuda-na-hidratacao-na-saciedade-e-pode-ser-plantada-no-quintal-2\/#breadcrumb","itemListElement":[{"@type":"ListItem","position":1,"name":"In\u00edcio","item":"https:\/\/www.correiobraziliense.com.br\/cbradar\/"},{"@type":"ListItem","position":2,"name":"Pouco popular fora do Nordeste, essa fruta refrescante ajuda na hidrata\u00e7\u00e3o, na saciedade e pode ser plantada no quintal"}]},{"@type":"WebSite","@id":"https:\/\/www.correiobraziliense.com.br\/cbradar\/#website","url":"https:\/\/www.correiobraziliense.com.br\/cbradar\/","name":"Correio Braziliense - Radar","description":"Acompanhe as \u00faltimas not\u00edcias e fique bem informado sobre tudo o que acontece no Brasil e no mundo.","potentialAction":[{"@type":"SearchAction","target":{"@type":"EntryPoint","urlTemplate":"https:\/\/www.correiobraziliense.com.br\/cbradar\/?s={search_term_string}"},"query-input":{"@type":"PropertyValueSpecification","valueRequired":true,"valueName":"search_term_string"}}],"inLanguage":"pt-BR"},{"@type":"Person","@id":"https:\/\/www.correiobraziliense.com.br\/cbradar\/#\/schema\/person\/7356666e12ec0ee53f348ee5db227032","name":"Daniely Cardoso","image":{"@type":"ImageObject","inLanguage":"pt-BR","@id":"https:\/\/www.correiobraziliense.com.br\/cbradar\/#\/schema\/person\/image\/","url":"https:\/\/secure.gravatar.com\/avatar\/4b80ddbd124d1f071b626d52d62e5dff?s=96&d=mm&r=g","contentUrl":"https:\/\/secure.gravatar.com\/avatar\/4b80ddbd124d1f071b626d52d62e5dff?s=96&d=mm&r=g","caption":"Daniely Cardoso"},"description":"Redatora nos portais CB Radar e EM Foco, formada pela Universidade Federal de Goi\u00e1s, em Goi\u00e2nia. Apaixonada por comunica\u00e7\u00e3o, arte, decora\u00e7\u00e3o e tend\u00eancias, atuo na produ\u00e7\u00e3o de conte\u00fados envolventes sobre curiosidades, moda, beleza e paisagismo, sempre com um olhar atento \u00e0s novidades do momento.","sameAs":["https:\/\/www.correiobraziliense.com.br\/cbradar"],"url":"https:\/\/www.correiobraziliense.com.br\/cbradar\/author\/danielymyth\/"}]}},"_links":{"self":[{"href":"https:\/\/www.correiobraziliense.com.br\/cbradar\/wp-json\/wp\/v2\/posts\/205189","targetHints":{"allow":["GET"]}}],"collection":[{"href":"https:\/\/www.correiobraziliense.com.br\/cbradar\/wp-json\/wp\/v2\/posts"}],"about":[{"href":"https:\/\/www.correiobraziliense.com.br\/cbradar\/wp-json\/wp\/v2\/types\/post"}],"author":[{"embeddable":true,"href":"https:\/\/www.correiobraziliense.com.br\/cbradar\/wp-json\/wp\/v2\/users\/9"}],"replies":[{"embeddable":true,"href":"https:\/\/www.correiobraziliense.com.br\/cbradar\/wp-json\/wp\/v2\/comments?post=205189"}],"version-history":[{"count":3,"href":"https:\/\/www.correiobraziliense.com.br\/cbradar\/wp-json\/wp\/v2\/posts\/205189\/revisions"}],"predecessor-version":[{"id":205287,"href":"https:\/\/www.correiobraziliense.com.br\/cbradar\/wp-json\/wp\/v2\/posts\/205189\/revisions\/205287"}],"wp:featuredmedia":[{"embeddable":true,"href":"https:\/\/www.correiobraziliense.com.br\/cbradar\/wp-json\/wp\/v2\/media\/205740"}],"wp:attachment":[{"href":"https:\/\/www.correiobraziliense.com.br\/cbradar\/wp-json\/wp\/v2\/media?parent=205189"}],"wp:term":[{"taxonomy":"category","embeddable":true,"href":"https:\/\/www.correiobraziliense.com.br\/cbradar\/wp-json\/wp\/v2\/categories?post=205189"},{"taxonomy":"post_tag","embeddable":true,"href":"https:\/\/www.correiobraziliense.com.br\/cbradar\/wp-json\/wp\/v2\/post_tag?post=205189"}],"curies":[{"name":"wp","href":"https:\/\/api.w.org\/{rel}","templated":true}]}}