{"id":205196,"date":"2026-03-10T16:35:08","date_gmt":"2026-03-10T19:35:08","guid":{"rendered":"https:\/\/www.correiobraziliense.com.br\/cbradar\/?p=205196"},"modified":"2026-03-09T15:20:42","modified_gmt":"2026-03-09T18:20:42","slug":"pouco-popular-fora-do-nordeste-essa-fruta-refrescante-ajuda-na-hidratacao-na-saciedade-e-pode-ser-plantada-no-quintal","status":"publish","type":"post","link":"https:\/\/www.correiobraziliense.com.br\/cbradar\/pouco-popular-fora-do-nordeste-essa-fruta-refrescante-ajuda-na-hidratacao-na-saciedade-e-pode-ser-plantada-no-quintal\/","title":{"rendered":"Pouco popular fora do Nordeste, essa fruta refrescante ajuda na hidrata\u00e7\u00e3o, na saciedade e pode ser plantada no quintal"},"content":{"rendered":"\n<p>Imagine um fim de tarde quente no sert\u00e3o, crian\u00e7as voltando da escola com um saco de frutas colhidas no caminho: ali dentro, entre cajus e mangas, o brilho verde-amarelado do <b>umbu<\/b> chama a aten\u00e7\u00e3o e conta a hist\u00f3ria de uma fruta simples, mas cheia de <b>sabor<\/b>, \u00e1gua e mem\u00f3ria afetiva para muitas fam\u00edlias <b>nordestinas<\/b>.<\/p>\n\n\n\n<h2 class=\"wp-block-heading\">Por que o umbu \u00e9 t\u00e3o importante para hidrata\u00e7\u00e3o no dia a dia<\/h2>\n\n\n\n<p>A alimenta\u00e7\u00e3o di\u00e1ria de muitas fam\u00edlias brasileiras ainda gira em torno de <b>banana<\/b>, ma\u00e7\u00e3 e mam\u00e3o. Mas, especialmente no Nordeste, existe uma grande variedade de frutas nativas que refrescam, sustentam e ajudam o corpo a lidar melhor com o calor, como o <b>umbu<\/b>, t\u00edpico da caatinga, famoso pela polpa suculenta e pelo <b>sabor<\/b> marcante.<\/p>\n\n\n\n<p>Rico em \u00e1gua e fibras, o <b>umbu<\/b> costuma ser lembrado como um aliado na hidrata\u00e7\u00e3o, principalmente em regi\u00f5es de clima seco. Al\u00e9m de matar a sede, traz sais minerais e <b>carboidratos<\/b> que oferecem energia r\u00e1pida, funcionando quase como um \u201clanchinho natural\u201d para o dia a dia, sem precisar de muito <b>preparo<\/b>.<\/p>\n\n\n<div class=\"wp-block-image\">\n<figure class=\"aligncenter size-large\"><img decoding=\"async\" width=\"1024\" height=\"576\" src=\"https:\/\/www.correiobraziliense.com.br\/cbradar\/wp-content\/uploads\/2026\/02\/Gemini_Generated_Image_t1d7pjt1d7pjt1d7-2-1024x576.png\" alt=\"\" class=\"wp-image-193034\" srcset=\"https:\/\/www.correiobraziliense.com.br\/cbradar\/wp-content\/uploads\/2026\/02\/Gemini_Generated_Image_t1d7pjt1d7pjt1d7-2-1024x576.png 1024w, https:\/\/www.correiobraziliense.com.br\/cbradar\/wp-content\/uploads\/2026\/02\/Gemini_Generated_Image_t1d7pjt1d7pjt1d7-2-300x169.png 300w, https:\/\/www.correiobraziliense.com.br\/cbradar\/wp-content\/uploads\/2026\/02\/Gemini_Generated_Image_t1d7pjt1d7pjt1d7-2-768x432.png 768w, https:\/\/www.correiobraziliense.com.br\/cbradar\/wp-content\/uploads\/2026\/02\/Gemini_Generated_Image_t1d7pjt1d7pjt1d7-2-750x422.png 750w, https:\/\/www.correiobraziliense.com.br\/cbradar\/wp-content\/uploads\/2026\/02\/Gemini_Generated_Image_t1d7pjt1d7pjt1d7-2-1140x641.png 1140w, https:\/\/www.correiobraziliense.com.br\/cbradar\/wp-content\/uploads\/2026\/02\/Gemini_Generated_Image_t1d7pjt1d7pjt1d7-2.png 1280w\" sizes=\"(max-width: 1024px) 100vw, 1024px\" \/><figcaption class=\"wp-element-caption\">O umbu chama aten\u00e7\u00e3o pela grande quantidade de \u00e1gua em sua polpa, ajudando o corpo a se manter hidratado em dias quentes<\/figcaption><\/figure><\/div>\n\n\n<p>Leia tamb\u00e9m:&nbsp;<a href=\"https:\/\/www.correiobraziliense.com.br\/cbradar\/a-planta-medicinal-que-ajuda-a-acalmar-a-mente-e-tambem-melhora-a-qualidade-do-sono\/\" target=\"_blank\" rel=\"noopener\">A planta medicinal que ajuda a acalmar a mente e tamb\u00e9m melhora a qualidade do sono<\/a><\/p>\n\n\n\n<h2 class=\"wp-block-heading\">Como o umbu contribui para a sensa\u00e7\u00e3o de saciedade e controle da fome<\/h2>\n\n\n\n<p>Quem j\u00e1 comeu um prato de <b>umbuzada<\/b> ou um copo de suco de umbu bem gelado sabe que n\u00e3o \u00e9 s\u00f3 refresc\u00e2ncia: a fruta ajuda a segurar a <b>fome<\/b> por mais tempo. A combina\u00e7\u00e3o de \u00e1gua e <b>fibras<\/b> faz com que o est\u00f4mago fique preenchido, o que ajuda a diminuir a vontade de beliscar o tempo todo entre as refei\u00e7\u00f5es.<\/p>\n\n\n\n<p>Por isso, o <b>umbu<\/b> aparece com frequ\u00eancia em rotinas alimentares que valorizam alimentos in natura e receitas caseiras. Em vez de recorrer apenas a produtos industrializados, muita gente inclui o umbu em <b>sucos<\/b>, polpas congeladas, gel\u00e9ias e sobremesas simples, criando lanches mais <b>leves<\/b>, com menos calorias e cheios de mem\u00f3ria afetiva.<\/p>\n\n\n\n<h2 class=\"wp-block-heading\">Como plantar umbu no quintal e cuidar do umbuzeiro em casa<\/h2>\n\n\n\n<p>Muita gente descobre o <b>umbu<\/b> primeiro na feira e depois se encanta com a ideia de ter um umbuzeiro no quintal, fornecendo sombra e fruta na \u00e9poca da safra. Adaptada ao <b>semi\u00e1rido<\/b>, essa \u00e1rvore tamb\u00e9m pode crescer bem em outras regi\u00f5es com sol e <b>clima<\/b> adequados, aproximando a fam\u00edlia da pr\u00f3pria produ\u00e7\u00e3o de alimentos. Se voc\u00ea gosta de cultivo, separamos esse v\u00eddeo do canal <a href=\"https:\/\/www.youtube.com\/@SitioGilsat\" target=\"_blank\" rel=\"noreferrer noopener\">S\u00edtio GilSat<\/a> ensinando germinar a semente de umbu:<\/p>\n\n\n\n<figure class=\"wp-block-embed is-type-video is-provider-youtube wp-block-embed-youtube wp-embed-aspect-16-9 wp-has-aspect-ratio\"><div class=\"wp-block-embed__wrapper\">\n<div class=\"jeg_video_container jeg_video_content\"><iframe loading=\"lazy\" title=\"N\u00c3O COMPRE MUDA DE UMBU ANTES DE ASISTIR ESSE V\u00cdDEO #S\u00edtioGilSat\" width=\"500\" height=\"281\" src=\"https:\/\/www.youtube.com\/embed\/xmrI_tCDNYk?feature=oembed\" frameborder=\"0\" allow=\"accelerometer; autoplay; clipboard-write; encrypted-media; gyroscope; picture-in-picture; web-share\" referrerpolicy=\"strict-origin-when-cross-origin\" allowfullscreen><\/iframe><\/div>\n<\/div><\/figure>\n\n\n\n<p>De maneira geral, o <b>plantio<\/b> \u00e9 simples e pode ser ajustado \u00e0 realidade de cada local, seja um quintal urbano ou uma pequena propriedade rural. Alguns cuidados b\u00e1sicos costumam fazer diferen\u00e7a para que o umbuzeiro cres\u00e7a <b>saud\u00e1vel<\/b> e produza bons <b>frutos<\/b> ao longo dos anos:<\/p>\n\n\n\n<ol class=\"wp-block-list\">\n<li><strong>Escolha do local:<\/strong> selecionar uma \u00e1rea com boa incid\u00eancia de <b>sol<\/b> e solo bem <b>drenado<\/b>.<\/li>\n\n\n\n<li><strong>Preparo do solo:<\/strong> remover pedras, ra\u00edzes e incorporar <b>mat\u00e9ria<\/b> org\u00e2nica, como esterco curtido ou <b>compostagem<\/b>.<\/li>\n\n\n\n<li><strong>Plantio da muda ou semente:<\/strong> utilizar <b>mudas<\/b> de viveiros confi\u00e1veis ou sementes retiradas de frutos <b>saud\u00e1veis<\/b>.<\/li>\n\n\n\n<li><strong>Rega inicial:<\/strong> manter o solo <b>\u00famido<\/b> nas primeiras semanas, sem <b>encharcar<\/b>.<\/li>\n\n\n\n<li><strong>Cuidados cont\u00ednuos:<\/strong> realizar podas de <b>forma\u00e7\u00e3o<\/b>, monitorar pragas e, quando necess\u00e1rio, refor\u00e7ar a aduba\u00e7\u00e3o <b>org\u00e2nica<\/b>.<\/li>\n<\/ol>\n\n\n\n<h2 class=\"wp-block-heading\">Quais s\u00e3o outras frutas refrescantes que ajudam na hidrata\u00e7\u00e3o<\/h2>\n\n\n\n<p>Al\u00e9m do <b>umbu<\/b>, o Brasil \u00e9 rico em frutas que ajudam a espantar o calor e a manter o corpo hidratado. Melancia, mel\u00e3o, caju e abacaxi s\u00e3o exemplos presentes em feiras de norte a sul, muitas vezes preparados em <b>sucos<\/b>, saladas de frutas ou consumidos ao natural, bem <b>geladinhos<\/b>.<\/p>\n\n\n\n<p>Essas frutas, assim como o <b>umbu<\/b>, combinam \u00e1gua, <b>sabor<\/b> e praticidade, contribuindo para uma alimenta\u00e7\u00e3o mais variada e conectada \u00e0 <b>biodiversidade<\/b> brasileira. Abaixo, algumas das op\u00e7\u00f5es mais conhecidas nas mesas do pa\u00eds:<\/p>\n\n\n\n<div class=\"catalogo-frutas-refrescantes\" style=\"box-sizing: border-box; display: flex; flex-direction: column; width: 100%; max-width: 850px; margin: 30px auto; background-color: #ffffff; color: #333; border-radius: 16px; overflow: hidden; font-family: 'Segoe UI', Roboto, Helvetica, Arial, sans-serif; box-shadow: 0 12px 40px rgba(0,0,0,0.08); border: 1px solid #fff3e0; position: relative;\">\n\n  <div style=\"background-color: #fff8e1; padding: 30px; border-bottom: 5px solid #ffb300; text-align: center;\">\n    <h2 style=\"margin: 0; color: #f57c00; font-size: 1.6rem; font-weight: 800; text-transform: uppercase; letter-spacing: 1px;\">\ud83c\udf49 Sele\u00e7\u00e3o de Frutas Refrescantes<\/h2>\n    <div style=\"font-size: 1rem; margin-top: 8px; color: #ef6c00; font-weight: 500;\">As melhores escolhas para hidrata\u00e7\u00e3o e sabor em dias ensolarados<\/div>\n  <\/div>\n\n  <div style=\"padding: 25px; display: grid; grid-template-columns: repeat(auto-fit, minmax(300px, 1fr)); gap: 20px;\">\n    \n    <div style=\"padding: 20px; background-color: #fff9f9; border-radius: 12px; border: 1px solid #ffcdd2;\">\n      <h3 style=\"margin: 0 0 10px 0; color: #d32f2f; font-size: 1.2rem; border-bottom: 1px solid #ffecb3; padding-bottom: 5px;\">Melancia<\/h3>\n      <p style=\"margin: 0; font-size: 0.95rem; line-height: 1.6; color: #444;\">\n        Fruta de polpa vermelha e muito <strong>aquosa<\/strong>. Seu consumo \u00e9 extremamente comum em fatias geladas ou em <strong>sucos<\/strong> revigorantes.\n      <\/p>\n    <\/div>\n\n    <div style=\"padding: 20px; background-color: #fffdf2; border-radius: 12px; border: 1px solid #ffe082;\">\n      <h3 style=\"margin: 0 0 10px 0; color: #f57f17; font-size: 1.2rem; border-bottom: 1px solid #ffecb3; padding-bottom: 5px;\">Caju<\/h3>\n      <p style=\"margin: 0; font-size: 0.95rem; line-height: 1.6; color: #444;\">\n        Rico em <strong>l\u00edquido<\/strong> e com aroma caracter\u00edstico, \u00e9 amplamente utilizado em doces, consumo direto e <strong>sucos<\/strong> tropicais.\n      <\/p>\n    <\/div>\n\n    <div style=\"padding: 20px; background-color: #f9fdf2; border-radius: 12px; border: 1px solid #dcedc8;\">\n      <h3 style=\"margin: 0 0 10px 0; color: #689f38; font-size: 1.2rem; border-bottom: 1px solid #ffecb3; padding-bottom: 5px;\">Mel\u00e3o<\/h3>\n      <p style=\"margin: 0; font-size: 0.95rem; line-height: 1.6; color: #444;\">\n        Reconhecido pelo seu alto teor de <strong>\u00e1gua<\/strong>, o mel\u00e3o \u00e9 a base perfeita para <strong>prepara\u00e7\u00f5es leves<\/strong> e saladas refrescantes.\n      <\/p>\n    <\/div>\n\n    <div style=\"padding: 20px; background-color: #fffef2; border-radius: 12px; border: 1px solid #fff59d;\">\n      <h3 style=\"margin: 0 0 10px 0; color: #fbc02d; font-size: 1.2rem; border-bottom: 1px solid #ffecb3; padding-bottom: 5px;\">Abacaxi<\/h3>\n      <p style=\"margin: 0; font-size: 0.95rem; line-height: 1.6; color: #444;\">\n        Fruta tropical de sabor <strong>\u00e1cido e refrescante<\/strong>, sendo uma estrela em <strong>sobremesas<\/strong> e sucos que auxiliam na digest\u00e3o.\n      <\/p>\n    <\/div>\n\n  <\/div>\n\n  <div style=\"background-color: #fafafa; padding: 20px; text-align: center; border-top: 1px solid #eee;\">\n    <p style=\"margin: 0; font-size: 0.85rem; color: #9e9e9e; font-style: italic;\">\n      Dica da Reda\u00e7\u00e3o: Para um toque extra, experimente adicionar folhas de hortel\u00e3 aos sucos dessas frutas!\n    <\/p>\n  <\/div>\n<\/div>\n\n\n\n<p>O interesse crescente por frutas regionais, como o <b>umbu<\/b>, mostra um movimento de valoriza\u00e7\u00e3o do que \u00e9 local, simples e cheio de <b>hist\u00f3ria<\/b>. Ao unir hidrata\u00e7\u00e3o, <b>saciedade<\/b> e a possibilidade de cultivo no pr\u00f3prio quintal, o umbu segue ocupando um lugar especial na cultura, na mesa e na <b>mem\u00f3ria<\/b> de muitas fam\u00edlias brasileiras.<\/p>\n","protected":false},"excerpt":{"rendered":"<p>Imagine um fim de tarde quente no sert\u00e3o, crian\u00e7as voltando da escola com um saco de frutas colhidas no caminho: ali dentro, entre cajus e mangas, o brilho verde-amarelado do umbu chama a aten\u00e7\u00e3o e conta a hist\u00f3ria de uma fruta simples, mas cheia de sabor, \u00e1gua e mem\u00f3ria afetiva para muitas fam\u00edlias nordestinas. Por [&hellip;]<\/p>\n","protected":false},"author":9,"featured_media":205741,"comment_status":"open","ping_status":"open","sticky":false,"template":"","format":"standard","meta":{"_yoast_wpseo_focuskw":"plantar umbu em casa","_yoast_wpseo_title":"","_yoast_wpseo_metadesc":"Fruta tradicional do sert\u00e3o, chama aten\u00e7\u00e3o por ajudar na hidrata\u00e7\u00e3o, refrescar no calor e aumentar a sensa\u00e7\u00e3o de saciedade no dia a dia.","jnews-multi-image_gallery":[],"jnews_single_post":{"format":"standard"},"jnews_primary_category":[],"jnews_social_meta":[],"jnews_override_counter":[],"footnotes":""},"categories":[119,4404],"post_tag":[615,632,14018],"class_list":["post-205196","post","type-post","status-publish","format-standard","has-post-thumbnail","hentry","category-bem-estar","category-saude","tag-fruta","tag-nordeste","tag-umbu"],"yoast_head":"<!-- This site is optimized with the Yoast SEO plugin v24.6 - https:\/\/yoast.com\/wordpress\/plugins\/seo\/ -->\n<title>Pouco popular fora do Nordeste, essa fruta refrescante ajuda na hidrata\u00e7\u00e3o, na saciedade e pode ser plantada no quintal - Correio Braziliense - Radar<\/title>\n<meta name=\"description\" content=\"Fruta tradicional do sert\u00e3o, chama aten\u00e7\u00e3o por ajudar na hidrata\u00e7\u00e3o, refrescar no calor e aumentar a sensa\u00e7\u00e3o de saciedade no dia a dia.\" \/>\n<meta name=\"robots\" content=\"index, follow, max-snippet:-1, max-image-preview:large, max-video-preview:-1\" \/>\n<link rel=\"canonical\" href=\"https:\/\/www.correiobraziliense.com.br\/cbradar\/pouco-popular-fora-do-nordeste-essa-fruta-refrescante-ajuda-na-hidratacao-na-saciedade-e-pode-ser-plantada-no-quintal\/\" \/>\n<meta property=\"og:locale\" content=\"pt_BR\" \/>\n<meta property=\"og:type\" content=\"article\" \/>\n<meta property=\"og:title\" content=\"Pouco popular fora do Nordeste, essa fruta refrescante ajuda na hidrata\u00e7\u00e3o, na saciedade e pode ser plantada no quintal - Correio Braziliense - Radar\" \/>\n<meta property=\"og:description\" content=\"Fruta tradicional do sert\u00e3o, chama aten\u00e7\u00e3o por ajudar na hidrata\u00e7\u00e3o, refrescar no calor e aumentar a sensa\u00e7\u00e3o de saciedade no dia a dia.\" \/>\n<meta property=\"og:url\" content=\"https:\/\/www.correiobraziliense.com.br\/cbradar\/pouco-popular-fora-do-nordeste-essa-fruta-refrescante-ajuda-na-hidratacao-na-saciedade-e-pode-ser-plantada-no-quintal\/\" \/>\n<meta property=\"og:site_name\" content=\"Correio Braziliense - Radar\" \/>\n<meta property=\"article:published_time\" content=\"2026-03-10T19:35:08+00:00\" \/>\n<meta property=\"og:image\" content=\"https:\/\/www.correiobraziliense.com.br\/cbradar\/wp-content\/uploads\/2026\/03\/freepik__ramo-de-umbuzeiro-com-vrios-frutos-de-umbu-verdes-__86173.jpeg\" \/>\n\t<meta property=\"og:image:width\" content=\"1280\" \/>\n\t<meta property=\"og:image:height\" content=\"720\" \/>\n\t<meta property=\"og:image:type\" content=\"image\/jpeg\" \/>\n<meta name=\"author\" content=\"Daniely Cardoso\" \/>\n<meta name=\"twitter:card\" content=\"summary_large_image\" \/>\n<meta name=\"twitter:label1\" content=\"Escrito por\" \/>\n\t<meta name=\"twitter:data1\" content=\"Daniely Cardoso\" \/>\n\t<meta name=\"twitter:label2\" content=\"Est. tempo de leitura\" \/>\n\t<meta name=\"twitter:data2\" content=\"5 minutos\" \/>\n<!-- \/ Yoast SEO plugin. -->","yoast_head_json":{"title":"Pouco popular fora do Nordeste, essa fruta refrescante ajuda na hidrata\u00e7\u00e3o, na saciedade e pode ser plantada no quintal - Correio Braziliense - Radar","description":"Fruta tradicional do sert\u00e3o, chama aten\u00e7\u00e3o por ajudar na hidrata\u00e7\u00e3o, refrescar no calor e aumentar a sensa\u00e7\u00e3o de saciedade no dia a dia.","robots":{"index":"index","follow":"follow","max-snippet":"max-snippet:-1","max-image-preview":"max-image-preview:large","max-video-preview":"max-video-preview:-1"},"canonical":"https:\/\/www.correiobraziliense.com.br\/cbradar\/pouco-popular-fora-do-nordeste-essa-fruta-refrescante-ajuda-na-hidratacao-na-saciedade-e-pode-ser-plantada-no-quintal\/","og_locale":"pt_BR","og_type":"article","og_title":"Pouco popular fora do Nordeste, essa fruta refrescante ajuda na hidrata\u00e7\u00e3o, na saciedade e pode ser plantada no quintal - Correio Braziliense - Radar","og_description":"Fruta tradicional do sert\u00e3o, chama aten\u00e7\u00e3o por ajudar na hidrata\u00e7\u00e3o, refrescar no calor e aumentar a sensa\u00e7\u00e3o de saciedade no dia a dia.","og_url":"https:\/\/www.correiobraziliense.com.br\/cbradar\/pouco-popular-fora-do-nordeste-essa-fruta-refrescante-ajuda-na-hidratacao-na-saciedade-e-pode-ser-plantada-no-quintal\/","og_site_name":"Correio Braziliense - Radar","article_published_time":"2026-03-10T19:35:08+00:00","og_image":[{"width":1280,"height":720,"url":"https:\/\/www.correiobraziliense.com.br\/cbradar\/wp-content\/uploads\/2026\/03\/freepik__ramo-de-umbuzeiro-com-vrios-frutos-de-umbu-verdes-__86173.jpeg","type":"image\/jpeg"}],"author":"Daniely Cardoso","twitter_card":"summary_large_image","twitter_misc":{"Escrito por":"Daniely Cardoso","Est. tempo de leitura":"5 minutos"},"schema":{"@context":"https:\/\/schema.org","@graph":[{"@type":"WebPage","@id":"https:\/\/www.correiobraziliense.com.br\/cbradar\/pouco-popular-fora-do-nordeste-essa-fruta-refrescante-ajuda-na-hidratacao-na-saciedade-e-pode-ser-plantada-no-quintal\/","url":"https:\/\/www.correiobraziliense.com.br\/cbradar\/pouco-popular-fora-do-nordeste-essa-fruta-refrescante-ajuda-na-hidratacao-na-saciedade-e-pode-ser-plantada-no-quintal\/","name":"Pouco popular fora do Nordeste, essa fruta refrescante ajuda na hidrata\u00e7\u00e3o, na saciedade e pode ser plantada no quintal - Correio Braziliense - Radar","isPartOf":{"@id":"https:\/\/www.correiobraziliense.com.br\/cbradar\/#website"},"primaryImageOfPage":{"@id":"https:\/\/www.correiobraziliense.com.br\/cbradar\/pouco-popular-fora-do-nordeste-essa-fruta-refrescante-ajuda-na-hidratacao-na-saciedade-e-pode-ser-plantada-no-quintal\/#primaryimage"},"image":{"@id":"https:\/\/www.correiobraziliense.com.br\/cbradar\/pouco-popular-fora-do-nordeste-essa-fruta-refrescante-ajuda-na-hidratacao-na-saciedade-e-pode-ser-plantada-no-quintal\/#primaryimage"},"thumbnailUrl":"https:\/\/www.correiobraziliense.com.br\/cbradar\/wp-content\/uploads\/2026\/03\/freepik__ramo-de-umbuzeiro-com-vrios-frutos-de-umbu-verdes-__86173.jpeg","datePublished":"2026-03-10T19:35:08+00:00","author":{"@id":"https:\/\/www.correiobraziliense.com.br\/cbradar\/#\/schema\/person\/7356666e12ec0ee53f348ee5db227032"},"description":"Fruta tradicional do sert\u00e3o, chama aten\u00e7\u00e3o por ajudar na hidrata\u00e7\u00e3o, refrescar no calor e aumentar a sensa\u00e7\u00e3o de saciedade no dia a dia.","breadcrumb":{"@id":"https:\/\/www.correiobraziliense.com.br\/cbradar\/pouco-popular-fora-do-nordeste-essa-fruta-refrescante-ajuda-na-hidratacao-na-saciedade-e-pode-ser-plantada-no-quintal\/#breadcrumb"},"inLanguage":"pt-BR","potentialAction":[{"@type":"ReadAction","target":["https:\/\/www.correiobraziliense.com.br\/cbradar\/pouco-popular-fora-do-nordeste-essa-fruta-refrescante-ajuda-na-hidratacao-na-saciedade-e-pode-ser-plantada-no-quintal\/"]}]},{"@type":"ImageObject","inLanguage":"pt-BR","@id":"https:\/\/www.correiobraziliense.com.br\/cbradar\/pouco-popular-fora-do-nordeste-essa-fruta-refrescante-ajuda-na-hidratacao-na-saciedade-e-pode-ser-plantada-no-quintal\/#primaryimage","url":"https:\/\/www.correiobraziliense.com.br\/cbradar\/wp-content\/uploads\/2026\/03\/freepik__ramo-de-umbuzeiro-com-vrios-frutos-de-umbu-verdes-__86173.jpeg","contentUrl":"https:\/\/www.correiobraziliense.com.br\/cbradar\/wp-content\/uploads\/2026\/03\/freepik__ramo-de-umbuzeiro-com-vrios-frutos-de-umbu-verdes-__86173.jpeg","width":1280,"height":720,"caption":"O umbu \u00e9 uma fruta nativa da Caatinga e cresce em \u00e1rvores chamadas umbuzeiros"},{"@type":"BreadcrumbList","@id":"https:\/\/www.correiobraziliense.com.br\/cbradar\/pouco-popular-fora-do-nordeste-essa-fruta-refrescante-ajuda-na-hidratacao-na-saciedade-e-pode-ser-plantada-no-quintal\/#breadcrumb","itemListElement":[{"@type":"ListItem","position":1,"name":"In\u00edcio","item":"https:\/\/www.correiobraziliense.com.br\/cbradar\/"},{"@type":"ListItem","position":2,"name":"Pouco popular fora do Nordeste, essa fruta refrescante ajuda na hidrata\u00e7\u00e3o, na saciedade e pode ser plantada no quintal"}]},{"@type":"WebSite","@id":"https:\/\/www.correiobraziliense.com.br\/cbradar\/#website","url":"https:\/\/www.correiobraziliense.com.br\/cbradar\/","name":"Correio Braziliense - Radar","description":"Acompanhe as \u00faltimas not\u00edcias e fique bem informado sobre tudo o que acontece no Brasil e no mundo.","potentialAction":[{"@type":"SearchAction","target":{"@type":"EntryPoint","urlTemplate":"https:\/\/www.correiobraziliense.com.br\/cbradar\/?s={search_term_string}"},"query-input":{"@type":"PropertyValueSpecification","valueRequired":true,"valueName":"search_term_string"}}],"inLanguage":"pt-BR"},{"@type":"Person","@id":"https:\/\/www.correiobraziliense.com.br\/cbradar\/#\/schema\/person\/7356666e12ec0ee53f348ee5db227032","name":"Daniely Cardoso","image":{"@type":"ImageObject","inLanguage":"pt-BR","@id":"https:\/\/www.correiobraziliense.com.br\/cbradar\/#\/schema\/person\/image\/","url":"https:\/\/secure.gravatar.com\/avatar\/4b80ddbd124d1f071b626d52d62e5dff?s=96&d=mm&r=g","contentUrl":"https:\/\/secure.gravatar.com\/avatar\/4b80ddbd124d1f071b626d52d62e5dff?s=96&d=mm&r=g","caption":"Daniely Cardoso"},"description":"Redatora nos portais CB Radar e EM Foco, formada pela Universidade Federal de Goi\u00e1s, em Goi\u00e2nia. Apaixonada por comunica\u00e7\u00e3o, arte, decora\u00e7\u00e3o e tend\u00eancias, atuo na produ\u00e7\u00e3o de conte\u00fados envolventes sobre curiosidades, moda, beleza e paisagismo, sempre com um olhar atento \u00e0s novidades do momento.","sameAs":["https:\/\/www.correiobraziliense.com.br\/cbradar"],"url":"https:\/\/www.correiobraziliense.com.br\/cbradar\/author\/danielymyth\/"}]}},"_links":{"self":[{"href":"https:\/\/www.correiobraziliense.com.br\/cbradar\/wp-json\/wp\/v2\/posts\/205196","targetHints":{"allow":["GET"]}}],"collection":[{"href":"https:\/\/www.correiobraziliense.com.br\/cbradar\/wp-json\/wp\/v2\/posts"}],"about":[{"href":"https:\/\/www.correiobraziliense.com.br\/cbradar\/wp-json\/wp\/v2\/types\/post"}],"author":[{"embeddable":true,"href":"https:\/\/www.correiobraziliense.com.br\/cbradar\/wp-json\/wp\/v2\/users\/9"}],"replies":[{"embeddable":true,"href":"https:\/\/www.correiobraziliense.com.br\/cbradar\/wp-json\/wp\/v2\/comments?post=205196"}],"version-history":[{"count":2,"href":"https:\/\/www.correiobraziliense.com.br\/cbradar\/wp-json\/wp\/v2\/posts\/205196\/revisions"}],"predecessor-version":[{"id":205284,"href":"https:\/\/www.correiobraziliense.com.br\/cbradar\/wp-json\/wp\/v2\/posts\/205196\/revisions\/205284"}],"wp:featuredmedia":[{"embeddable":true,"href":"https:\/\/www.correiobraziliense.com.br\/cbradar\/wp-json\/wp\/v2\/media\/205741"}],"wp:attachment":[{"href":"https:\/\/www.correiobraziliense.com.br\/cbradar\/wp-json\/wp\/v2\/media?parent=205196"}],"wp:term":[{"taxonomy":"category","embeddable":true,"href":"https:\/\/www.correiobraziliense.com.br\/cbradar\/wp-json\/wp\/v2\/categories?post=205196"},{"taxonomy":"post_tag","embeddable":true,"href":"https:\/\/www.correiobraziliense.com.br\/cbradar\/wp-json\/wp\/v2\/post_tag?post=205196"}],"curies":[{"name":"wp","href":"https:\/\/api.w.org\/{rel}","templated":true}]}}