{"id":205197,"date":"2026-03-10T22:35:14","date_gmt":"2026-03-11T01:35:14","guid":{"rendered":"https:\/\/www.correiobraziliense.com.br\/cbradar\/?p=205197"},"modified":"2026-03-09T15:24:19","modified_gmt":"2026-03-09T18:24:19","slug":"o-fruto-tipico-do-cerrado-que-fortalece-a-imunidade-melhora-a-digestao-e-ainda-nutre-o-corpo","status":"publish","type":"post","link":"https:\/\/www.correiobraziliense.com.br\/cbradar\/o-fruto-tipico-do-cerrado-que-fortalece-a-imunidade-melhora-a-digestao-e-ainda-nutre-o-corpo\/","title":{"rendered":"O fruto t\u00edpico do Cerrado que fortalece a imunidade, melhora a digest\u00e3o e ainda nutre o corpo"},"content":{"rendered":"\n<p>Quem vive ou j\u00e1 visitou o Cerrado provavelmente tem alguma lembran\u00e7a ligada ao cheiro marcante do <b>pequi<\/b>, seja em um arroz de fam\u00edlia, seja em uma feira cheia de frutos coloridos. Esse <b>fruto t\u00edpico<\/b> do Cerrado, muito presente na regi\u00e3o Centro-Oeste, vem chamando aten\u00e7\u00e3o n\u00e3o s\u00f3 pelo sabor intenso, mas tamb\u00e9m pelos benef\u00edcios para a <b>imunidade<\/b>, a digest\u00e3o e a nutri\u00e7\u00e3o do corpo como um todo.<\/p>\n\n\n\n<h2 class=\"wp-block-heading\">Pequi \u00e9 um fruto t\u00edpico do Cerrado que fortalece a imunidade<\/h2>\n\n\n\n<p>Entre os frutos do Cerrado, o <b>pequi<\/b> se destaca pela polpa amarela e arom\u00e1tica, rica em vitamina A (na forma de <b>carotenoides<\/b>) e outros compostos antioxidantes. Esses nutrientes ajudam a proteger as <b>c\u00e9lulas<\/b> e colaboram com o bom funcionamento do sistema imunol\u00f3gico, algo essencial para o dia a dia.<\/p>\n\n\n\n<p>A presen\u00e7a de carotenoides, <b>vitamina E<\/b> e, em alguns derivados, vitamina C, refor\u00e7a esse efeito protetor, ajudando a reduzir o impacto dos <b>radicais livres<\/b>. Consumido com frequ\u00eancia, dentro de uma alimenta\u00e7\u00e3o variada, o pequi pode ser um aliado extra das <b>defesas naturais<\/b>, junto a outros h\u00e1bitos saud\u00e1veis como sono adequado e pr\u00e1tica de atividade f\u00edsica.<\/p>\n\n\n<div class=\"wp-block-image\">\n<figure class=\"aligncenter size-full\"><img decoding=\"async\" width=\"1280\" height=\"720\" src=\"https:\/\/www.correiobraziliense.com.br\/cbradar\/wp-content\/uploads\/2026\/03\/Gemini_Generated_Image_s2bm2ms2bm2ms2bm-1.png\" alt=\"\" class=\"wp-image-205293\" srcset=\"https:\/\/www.correiobraziliense.com.br\/cbradar\/wp-content\/uploads\/2026\/03\/Gemini_Generated_Image_s2bm2ms2bm2ms2bm-1.png 1280w, https:\/\/www.correiobraziliense.com.br\/cbradar\/wp-content\/uploads\/2026\/03\/Gemini_Generated_Image_s2bm2ms2bm2ms2bm-1-300x169.png 300w, https:\/\/www.correiobraziliense.com.br\/cbradar\/wp-content\/uploads\/2026\/03\/Gemini_Generated_Image_s2bm2ms2bm2ms2bm-1-768x432.png 768w, https:\/\/www.correiobraziliense.com.br\/cbradar\/wp-content\/uploads\/2026\/03\/Gemini_Generated_Image_s2bm2ms2bm2ms2bm-1-750x422.png 750w, https:\/\/www.correiobraziliense.com.br\/cbradar\/wp-content\/uploads\/2026\/03\/Gemini_Generated_Image_s2bm2ms2bm2ms2bm-1-1140x641.png 1140w\" sizes=\"(max-width: 1280px) 100vw, 1280px\" \/><figcaption class=\"wp-element-caption\">Quando o assunto \u00e9 sa\u00fade digestiva, o pequi tamb\u00e9m aparece como um apoio interessante<\/figcaption><\/figure><\/div>\n\n\n<p>Leia tamb\u00e9m:&nbsp;<a href=\"https:\/\/www.correiobraziliense.com.br\/cbradar\/a-planta-medicinal-que-ajuda-a-acalmar-a-mente-e-tambem-melhora-a-qualidade-do-sono\/\" target=\"_blank\" rel=\"noopener\">A planta medicinal que ajuda a acalmar a mente e tamb\u00e9m melhora a qualidade do sono<\/a><\/p>\n\n\n\n<h2 class=\"wp-block-heading\">Como o fruto t\u00edpico do Cerrado contribui de forma pr\u00e1tica para a digest\u00e3o<\/h2>\n\n\n\n<p>Quando o assunto \u00e9 <b>sa\u00fade digestiva<\/b>, o pequi tamb\u00e9m aparece como um apoio interessante. Sua polpa cont\u00e9m <b>fibras<\/b> que ajudam o intestino a funcionar melhor, favorecendo o tr\u00e2nsito intestinal, a forma\u00e7\u00e3o do bolo fecal e a sensa\u00e7\u00e3o de <b>saciedade<\/b> ap\u00f3s as refei\u00e7\u00f5es.<\/p>\n\n\n\n<p>Por ser um fruto naturalmente mais <b>gorduroso<\/b>, o pequi \u00e9 relativamente cal\u00f3rico, mas isso n\u00e3o \u00e9 um problema quando consumido em por\u00e7\u00f5es moderadas. Em pratos como <b>arroz com<\/b> pequi ou frango com pequi, ele entra como \u201ccoadjuvante de luxo\u201d: d\u00e1 sabor, oferece fibras e ainda contribui para uma dieta com mais alimentos de origem vegetal, o que beneficia a microbiota intestinal.<\/p>\n\n\n\n<h2 class=\"wp-block-heading\">De que forma o pequi nutre o corpo no dia a dia<\/h2>\n\n\n\n<p>O pequi combina energia, gorduras boas e <b>micronutrientes<\/b>, o que faz dele um alimento interessante para complementar as refei\u00e7\u00f5es. O \u00f3leo da polpa fornece <b>\u00e1cidos graxos<\/b> mono e poli-insaturados, enquanto as vitaminas e compostos bioativos ajudam na prote\u00e7\u00e3o do corpo e no equil\u00edbrio geral da <b>alimenta\u00e7\u00e3o<\/b>. Se voc\u00ea gosta de ouvir profissionais, separamos esse v\u00eddeo do canal <a href=\"https:\/\/www.youtube.com\/@nutricionista_gustavo\" target=\"_blank\" rel=\"noreferrer noopener\">Nutricionista Gustavo Duarte Pimentel<\/a> mostrando com mais detalhes o benef\u00edcios do pequi:<\/p>\n\n\n\n<figure class=\"wp-block-embed is-type-video is-provider-youtube wp-block-embed-youtube wp-embed-aspect-16-9 wp-has-aspect-ratio\"><div class=\"wp-block-embed__wrapper\">\n<div class=\"jeg_video_container jeg_video_content\"><iframe loading=\"lazy\" title=\"PEQUI, QUAIS OS BENEF\u00cdCIOS?  #nutricionista_gustavo\" width=\"500\" height=\"281\" src=\"https:\/\/www.youtube.com\/embed\/q9xVYQs1ETo?feature=oembed\" frameborder=\"0\" allow=\"accelerometer; autoplay; clipboard-write; encrypted-media; gyroscope; picture-in-picture; web-share\" referrerpolicy=\"strict-origin-when-cross-origin\" allowfullscreen><\/iframe><\/div>\n<\/div><\/figure>\n\n\n\n<p>Na rotina, esse fruto t\u00edpico do Cerrado pode ajudar a manter a <b>pele<\/b> e a vis\u00e3o saud\u00e1veis, fornecer energia e ainda contribuir com a sensa\u00e7\u00e3o de bem-estar ap\u00f3s as refei\u00e7\u00f5es. O segredo est\u00e1 em inclu\u00ed-lo como parte de um card\u00e1pio variado, com frutas, <b>legumes<\/b>, cereais integrais e prote\u00ednas de boa <b>qualidade<\/b>.<\/p>\n\n\n\n<ul class=\"wp-block-list\">\n<li><b>Carotenoides<\/b> ligados \u00e0 vitamina A, que ajudam na vis\u00e3o e na sa\u00fade da <b>pele<\/b>;<\/li>\n\n\n\n<li>Vitamina E, com a\u00e7\u00e3o <b>antioxidante<\/b>;<\/li>\n\n\n\n<li><b>Fibras alimentares<\/b>, que apoiam a digest\u00e3o e a <b>saciedade<\/b>;<\/li>\n\n\n\n<li>Gorduras <b>insaturadas<\/b>, importantes para o equil\u00edbrio dos lip\u00eddios no corpo;<\/li>\n\n\n\n<li>Compostos <b>fen\u00f3licos<\/b>, associados a efeitos antioxidantes e <b>anti-inflamat\u00f3rios<\/b>.<\/li>\n<\/ul>\n\n\n\n<h2 class=\"wp-block-heading\">Como incluir o fruto t\u00edpico do Cerrado nas refei\u00e7\u00f5es de forma simples<\/h2>\n\n\n\n<p>Mesmo quem n\u00e3o mora no Centro-Oeste j\u00e1 consegue encontrar <b>pequi<\/b> em feiras especializadas, mercados regionais ou pela internet. A ideia \u00e9 inseri-lo de forma gradual, respeitando o <b>paladar<\/b> e aprendendo aos poucos como lidar com sua textura e sabor bem marcantes, sem <b>exageros<\/b>.<\/p>\n\n\n\n<p>Algumas prepara\u00e7\u00f5es tradicionais e adapta\u00e7\u00f5es modernas ajudam a deixar o consumo mais f\u00e1cil e gostoso no dia a dia:<\/p>\n\n\n\n<div class=\"guia-gastronomico-pequi\" style=\"box-sizing: border-box; display: flex; flex-direction: column; width: 100%; max-width: 800px; margin: 30px auto; background-color: #ffffff; color: #333; border-radius: 12px; overflow: hidden; font-family: 'Segoe UI', Roboto, Helvetica, Arial, sans-serif; box-shadow: 0 8px 25px rgba(0,0,0,0.1); border: 1px solid #ffe082; position: relative;\">\n\n  <div style=\"background-color: #fff8e1; padding: 25px; border-bottom: 4px solid #fbc02d; text-align: left;\">\n    <h2 style=\"margin: 0; color: #ef6c00; font-size: 1.4rem; font-weight: 700; text-transform: uppercase;\">Ouro do Cerrado: Sabores com Pequi<\/h2>\n    <div style=\"font-size: 1rem; margin-top: 8px; color: #5d4037;\">Formas tradicionais e vers\u00e1teis de apreciar este fruto ic\u00f4nico da culin\u00e1ria brasileira<\/div>\n  <\/div>\n\n  <div style=\"padding: 25px;\">\n    \n    <div style=\"display: flex; align-items: flex-start; margin-bottom: 18px; padding: 15px; background-color: #fafafa; border-radius: 8px; border-left: 5px solid #fbc02d;\">\n      <div style=\"min-width: 30px; font-weight: bold; color: #ef6c00; font-size: 1.1rem; margin-right: 12px;\">1.<\/div>\n      <p style=\"margin: 0; font-size: 1rem; line-height: 1.6;\">\n        <strong>Arroz com pequi:<\/strong> a polpa \u00e9 cozida junto ao arroz, deixando o prato colorido e perfumado.\n      <\/p>\n    <\/div>\n\n    <div style=\"display: flex; align-items: flex-start; margin-bottom: 18px; padding: 15px; background-color: #fafafa; border-radius: 8px; border-left: 5px solid #fbc02d;\">\n      <div style=\"min-width: 30px; font-weight: bold; color: #ef6c00; font-size: 1.1rem; margin-right: 12px;\">2.<\/div>\n      <p style=\"margin: 0; font-size: 1rem; line-height: 1.6;\">\n        <strong>Frango com pequi:<\/strong> combina\u00e7\u00e3o cl\u00e1ssica em almo\u00e7os de fam\u00edlia na regi\u00e3o do Cerrado.\n      <\/p>\n    <\/div>\n\n    <div style=\"display: flex; align-items: flex-start; margin-bottom: 18px; padding: 15px; background-color: #fafafa; border-radius: 8px; border-left: 5px solid #fbc02d;\">\n      <div style=\"min-width: 30px; font-weight: bold; color: #ef6c00; font-size: 1.1rem; margin-right: 12px;\">3.<\/div>\n      <p style=\"margin: 0; font-size: 1rem; line-height: 1.6;\">\n        <strong>\u00d3leo de pequi:<\/strong> usado em pequenas quantidades para refogar ou finalizar receitas.\n      <\/p>\n    <\/div>\n\n    <div style=\"display: flex; align-items: flex-start; padding: 15px; background-color: #fafafa; border-radius: 8px; border-left: 5px solid #fbc02d;\">\n      <div style=\"min-width: 30px; font-weight: bold; color: #ef6c00; font-size: 1.1rem; margin-right: 12px;\">4.<\/div>\n      <p style=\"margin: 0; font-size: 1rem; line-height: 1.6;\">\n        <strong>Molhos e pastas:<\/strong> vers\u00f5es que misturam pequi a outros vegetais e temperos regionais.\n      <\/p>\n    <\/div>\n\n  <\/div>\n\n  <div style=\"background-color: #fff3e0; padding: 15px 25px; border-top: 1px solid #ffe0b2; text-align: center;\">\n    <p style=\"margin: 0; font-size: 0.85rem; color: #bf360c; font-style: italic;\">\n      Dica da Reda\u00e7\u00e3o: Ao consumir o fruto inteiro, lembre-se sempre de ro\u00ea-lo com cuidado para evitar os espinhos internos.\n    <\/p>\n  <\/div>\n<\/div>\n\n\n\n<p>Ao valorizar esse fruto t\u00edpico do <b>Cerrado<\/b>, comunidades locais fortalecem a <b>cultura<\/b> regional, geram renda e contribuem para a preserva\u00e7\u00e3o do bioma. Com o interesse crescente por alimentos regionais e sustent\u00e1veis, o <b>pequi<\/b> segue ganhando espa\u00e7o em pesquisas, feiras gastron\u00f4micas e at\u00e9 em programas de alimenta\u00e7\u00e3o escolar, mostrando que sabor e nutri\u00e7\u00e3o podem caminhar juntos.<\/p>\n","protected":false},"excerpt":{"rendered":"<p>Quem vive ou j\u00e1 visitou o Cerrado provavelmente tem alguma lembran\u00e7a ligada ao cheiro marcante do pequi, seja em um arroz de fam\u00edlia, seja em uma feira cheia de frutos coloridos. Esse fruto t\u00edpico do Cerrado, muito presente na regi\u00e3o Centro-Oeste, vem chamando aten\u00e7\u00e3o n\u00e3o s\u00f3 pelo sabor intenso, mas tamb\u00e9m pelos benef\u00edcios para a [&hellip;]<\/p>\n","protected":false},"author":9,"featured_media":205742,"comment_status":"open","ping_status":"open","sticky":false,"template":"","format":"standard","meta":{"_yoast_wpseo_focuskw":"benef\u00edcios do pequi","_yoast_wpseo_title":"","_yoast_wpseo_metadesc":"Fruto t\u00edpico do Cerrado ganha destaque por ajudar a fortalecer a imunidade, apoiar a digest\u00e3o e enriquecer a alimenta\u00e7\u00e3o com nutrientes naturais.","jnews-multi-image_gallery":[],"jnews_single_post":{"format":"standard"},"jnews_primary_category":[],"jnews_social_meta":[],"jnews_override_counter":[],"footnotes":""},"categories":[119,4404],"post_tag":[3051,15892,6755],"class_list":["post-205197","post","type-post","status-publish","format-standard","has-post-thumbnail","hentry","category-bem-estar","category-saude","tag-digestao","tag-fruto-do-cerrado","tag-pequi"],"yoast_head":"<!-- This site is optimized with the Yoast SEO plugin v24.6 - https:\/\/yoast.com\/wordpress\/plugins\/seo\/ -->\n<title>O fruto t\u00edpico do Cerrado que fortalece a imunidade, melhora a digest\u00e3o e ainda nutre o corpo - Correio Braziliense - Radar<\/title>\n<meta name=\"description\" content=\"Fruto t\u00edpico do Cerrado ganha destaque por ajudar a fortalecer a imunidade, apoiar a digest\u00e3o e enriquecer a alimenta\u00e7\u00e3o com nutrientes naturais.\" \/>\n<meta name=\"robots\" content=\"index, follow, max-snippet:-1, max-image-preview:large, max-video-preview:-1\" \/>\n<link rel=\"canonical\" href=\"https:\/\/www.correiobraziliense.com.br\/cbradar\/o-fruto-tipico-do-cerrado-que-fortalece-a-imunidade-melhora-a-digestao-e-ainda-nutre-o-corpo\/\" \/>\n<meta property=\"og:locale\" content=\"pt_BR\" \/>\n<meta property=\"og:type\" content=\"article\" \/>\n<meta property=\"og:title\" content=\"O fruto t\u00edpico do Cerrado que fortalece a imunidade, melhora a digest\u00e3o e ainda nutre o corpo - Correio Braziliense - Radar\" \/>\n<meta property=\"og:description\" content=\"Fruto t\u00edpico do Cerrado ganha destaque por ajudar a fortalecer a imunidade, apoiar a digest\u00e3o e enriquecer a alimenta\u00e7\u00e3o com nutrientes naturais.\" \/>\n<meta property=\"og:url\" content=\"https:\/\/www.correiobraziliense.com.br\/cbradar\/o-fruto-tipico-do-cerrado-que-fortalece-a-imunidade-melhora-a-digestao-e-ainda-nutre-o-corpo\/\" \/>\n<meta property=\"og:site_name\" content=\"Correio Braziliense - Radar\" \/>\n<meta property=\"article:published_time\" content=\"2026-03-11T01:35:14+00:00\" \/>\n<meta property=\"og:image\" content=\"https:\/\/www.correiobraziliense.com.br\/cbradar\/wp-content\/uploads\/2026\/03\/freepik__frutos-de-pequi-abertos-sobre-uma-mesa-rstica-de-m__86178.jpeg\" \/>\n\t<meta property=\"og:image:width\" content=\"1280\" \/>\n\t<meta property=\"og:image:height\" content=\"720\" \/>\n\t<meta property=\"og:image:type\" content=\"image\/jpeg\" \/>\n<meta name=\"author\" content=\"Daniely Cardoso\" \/>\n<meta name=\"twitter:card\" content=\"summary_large_image\" \/>\n<meta name=\"twitter:label1\" content=\"Escrito por\" \/>\n\t<meta name=\"twitter:data1\" content=\"Daniely Cardoso\" \/>\n\t<meta name=\"twitter:label2\" content=\"Est. tempo de leitura\" \/>\n\t<meta name=\"twitter:data2\" content=\"5 minutos\" \/>\n<!-- \/ Yoast SEO plugin. -->","yoast_head_json":{"title":"O fruto t\u00edpico do Cerrado que fortalece a imunidade, melhora a digest\u00e3o e ainda nutre o corpo - Correio Braziliense - Radar","description":"Fruto t\u00edpico do Cerrado ganha destaque por ajudar a fortalecer a imunidade, apoiar a digest\u00e3o e enriquecer a alimenta\u00e7\u00e3o com nutrientes naturais.","robots":{"index":"index","follow":"follow","max-snippet":"max-snippet:-1","max-image-preview":"max-image-preview:large","max-video-preview":"max-video-preview:-1"},"canonical":"https:\/\/www.correiobraziliense.com.br\/cbradar\/o-fruto-tipico-do-cerrado-que-fortalece-a-imunidade-melhora-a-digestao-e-ainda-nutre-o-corpo\/","og_locale":"pt_BR","og_type":"article","og_title":"O fruto t\u00edpico do Cerrado que fortalece a imunidade, melhora a digest\u00e3o e ainda nutre o corpo - Correio Braziliense - Radar","og_description":"Fruto t\u00edpico do Cerrado ganha destaque por ajudar a fortalecer a imunidade, apoiar a digest\u00e3o e enriquecer a alimenta\u00e7\u00e3o com nutrientes naturais.","og_url":"https:\/\/www.correiobraziliense.com.br\/cbradar\/o-fruto-tipico-do-cerrado-que-fortalece-a-imunidade-melhora-a-digestao-e-ainda-nutre-o-corpo\/","og_site_name":"Correio Braziliense - Radar","article_published_time":"2026-03-11T01:35:14+00:00","og_image":[{"width":1280,"height":720,"url":"https:\/\/www.correiobraziliense.com.br\/cbradar\/wp-content\/uploads\/2026\/03\/freepik__frutos-de-pequi-abertos-sobre-uma-mesa-rstica-de-m__86178.jpeg","type":"image\/jpeg"}],"author":"Daniely Cardoso","twitter_card":"summary_large_image","twitter_misc":{"Escrito por":"Daniely Cardoso","Est. tempo de leitura":"5 minutos"},"schema":{"@context":"https:\/\/schema.org","@graph":[{"@type":"WebPage","@id":"https:\/\/www.correiobraziliense.com.br\/cbradar\/o-fruto-tipico-do-cerrado-que-fortalece-a-imunidade-melhora-a-digestao-e-ainda-nutre-o-corpo\/","url":"https:\/\/www.correiobraziliense.com.br\/cbradar\/o-fruto-tipico-do-cerrado-que-fortalece-a-imunidade-melhora-a-digestao-e-ainda-nutre-o-corpo\/","name":"O fruto t\u00edpico do Cerrado que fortalece a imunidade, melhora a digest\u00e3o e ainda nutre o corpo - Correio Braziliense - Radar","isPartOf":{"@id":"https:\/\/www.correiobraziliense.com.br\/cbradar\/#website"},"primaryImageOfPage":{"@id":"https:\/\/www.correiobraziliense.com.br\/cbradar\/o-fruto-tipico-do-cerrado-que-fortalece-a-imunidade-melhora-a-digestao-e-ainda-nutre-o-corpo\/#primaryimage"},"image":{"@id":"https:\/\/www.correiobraziliense.com.br\/cbradar\/o-fruto-tipico-do-cerrado-que-fortalece-a-imunidade-melhora-a-digestao-e-ainda-nutre-o-corpo\/#primaryimage"},"thumbnailUrl":"https:\/\/www.correiobraziliense.com.br\/cbradar\/wp-content\/uploads\/2026\/03\/freepik__frutos-de-pequi-abertos-sobre-uma-mesa-rstica-de-m__86178.jpeg","datePublished":"2026-03-11T01:35:14+00:00","author":{"@id":"https:\/\/www.correiobraziliense.com.br\/cbradar\/#\/schema\/person\/7356666e12ec0ee53f348ee5db227032"},"description":"Fruto t\u00edpico do Cerrado ganha destaque por ajudar a fortalecer a imunidade, apoiar a digest\u00e3o e enriquecer a alimenta\u00e7\u00e3o com nutrientes naturais.","breadcrumb":{"@id":"https:\/\/www.correiobraziliense.com.br\/cbradar\/o-fruto-tipico-do-cerrado-que-fortalece-a-imunidade-melhora-a-digestao-e-ainda-nutre-o-corpo\/#breadcrumb"},"inLanguage":"pt-BR","potentialAction":[{"@type":"ReadAction","target":["https:\/\/www.correiobraziliense.com.br\/cbradar\/o-fruto-tipico-do-cerrado-que-fortalece-a-imunidade-melhora-a-digestao-e-ainda-nutre-o-corpo\/"]}]},{"@type":"ImageObject","inLanguage":"pt-BR","@id":"https:\/\/www.correiobraziliense.com.br\/cbradar\/o-fruto-tipico-do-cerrado-que-fortalece-a-imunidade-melhora-a-digestao-e-ainda-nutre-o-corpo\/#primaryimage","url":"https:\/\/www.correiobraziliense.com.br\/cbradar\/wp-content\/uploads\/2026\/03\/freepik__frutos-de-pequi-abertos-sobre-uma-mesa-rstica-de-m__86178.jpeg","contentUrl":"https:\/\/www.correiobraziliense.com.br\/cbradar\/wp-content\/uploads\/2026\/03\/freepik__frutos-de-pequi-abertos-sobre-uma-mesa-rstica-de-m__86178.jpeg","width":1280,"height":720,"caption":"O pequi possui gorduras naturais que ajudam na absor\u00e7\u00e3o de vitaminas lipossol\u00faveis"},{"@type":"BreadcrumbList","@id":"https:\/\/www.correiobraziliense.com.br\/cbradar\/o-fruto-tipico-do-cerrado-que-fortalece-a-imunidade-melhora-a-digestao-e-ainda-nutre-o-corpo\/#breadcrumb","itemListElement":[{"@type":"ListItem","position":1,"name":"In\u00edcio","item":"https:\/\/www.correiobraziliense.com.br\/cbradar\/"},{"@type":"ListItem","position":2,"name":"O fruto t\u00edpico do Cerrado que fortalece a imunidade, melhora a digest\u00e3o e ainda nutre o corpo"}]},{"@type":"WebSite","@id":"https:\/\/www.correiobraziliense.com.br\/cbradar\/#website","url":"https:\/\/www.correiobraziliense.com.br\/cbradar\/","name":"Correio Braziliense - Radar","description":"Acompanhe as \u00faltimas not\u00edcias e fique bem informado sobre tudo o que acontece no Brasil e no mundo.","potentialAction":[{"@type":"SearchAction","target":{"@type":"EntryPoint","urlTemplate":"https:\/\/www.correiobraziliense.com.br\/cbradar\/?s={search_term_string}"},"query-input":{"@type":"PropertyValueSpecification","valueRequired":true,"valueName":"search_term_string"}}],"inLanguage":"pt-BR"},{"@type":"Person","@id":"https:\/\/www.correiobraziliense.com.br\/cbradar\/#\/schema\/person\/7356666e12ec0ee53f348ee5db227032","name":"Daniely Cardoso","image":{"@type":"ImageObject","inLanguage":"pt-BR","@id":"https:\/\/www.correiobraziliense.com.br\/cbradar\/#\/schema\/person\/image\/","url":"https:\/\/secure.gravatar.com\/avatar\/4b80ddbd124d1f071b626d52d62e5dff?s=96&d=mm&r=g","contentUrl":"https:\/\/secure.gravatar.com\/avatar\/4b80ddbd124d1f071b626d52d62e5dff?s=96&d=mm&r=g","caption":"Daniely Cardoso"},"description":"Redatora nos portais CB Radar e EM Foco, formada pela Universidade Federal de Goi\u00e1s, em Goi\u00e2nia. Apaixonada por comunica\u00e7\u00e3o, arte, decora\u00e7\u00e3o e tend\u00eancias, atuo na produ\u00e7\u00e3o de conte\u00fados envolventes sobre curiosidades, moda, beleza e paisagismo, sempre com um olhar atento \u00e0s novidades do momento.","sameAs":["https:\/\/www.correiobraziliense.com.br\/cbradar"],"url":"https:\/\/www.correiobraziliense.com.br\/cbradar\/author\/danielymyth\/"}]}},"_links":{"self":[{"href":"https:\/\/www.correiobraziliense.com.br\/cbradar\/wp-json\/wp\/v2\/posts\/205197","targetHints":{"allow":["GET"]}}],"collection":[{"href":"https:\/\/www.correiobraziliense.com.br\/cbradar\/wp-json\/wp\/v2\/posts"}],"about":[{"href":"https:\/\/www.correiobraziliense.com.br\/cbradar\/wp-json\/wp\/v2\/types\/post"}],"author":[{"embeddable":true,"href":"https:\/\/www.correiobraziliense.com.br\/cbradar\/wp-json\/wp\/v2\/users\/9"}],"replies":[{"embeddable":true,"href":"https:\/\/www.correiobraziliense.com.br\/cbradar\/wp-json\/wp\/v2\/comments?post=205197"}],"version-history":[{"count":2,"href":"https:\/\/www.correiobraziliense.com.br\/cbradar\/wp-json\/wp\/v2\/posts\/205197\/revisions"}],"predecessor-version":[{"id":205294,"href":"https:\/\/www.correiobraziliense.com.br\/cbradar\/wp-json\/wp\/v2\/posts\/205197\/revisions\/205294"}],"wp:featuredmedia":[{"embeddable":true,"href":"https:\/\/www.correiobraziliense.com.br\/cbradar\/wp-json\/wp\/v2\/media\/205742"}],"wp:attachment":[{"href":"https:\/\/www.correiobraziliense.com.br\/cbradar\/wp-json\/wp\/v2\/media?parent=205197"}],"wp:term":[{"taxonomy":"category","embeddable":true,"href":"https:\/\/www.correiobraziliense.com.br\/cbradar\/wp-json\/wp\/v2\/categories?post=205197"},{"taxonomy":"post_tag","embeddable":true,"href":"https:\/\/www.correiobraziliense.com.br\/cbradar\/wp-json\/wp\/v2\/post_tag?post=205197"}],"curies":[{"name":"wp","href":"https:\/\/api.w.org\/{rel}","templated":true}]}}