{"id":205200,"date":"2026-03-09T10:25:00","date_gmt":"2026-03-09T13:25:00","guid":{"rendered":"https:\/\/www.correiobraziliense.com.br\/cbradar\/?p=205200"},"modified":"2026-03-09T13:58:46","modified_gmt":"2026-03-09T16:58:46","slug":"rochas-com-pinturas-de-10-mil-anos-marcam-a-famosa-cidade-entre-as-100-economias-mais-fortes-do-brasil-que-atrai-moradores","status":"publish","type":"post","link":"https:\/\/www.correiobraziliense.com.br\/cbradar\/rochas-com-pinturas-de-10-mil-anos-marcam-a-famosa-cidade-entre-as-100-economias-mais-fortes-do-brasil-que-atrai-moradores\/","title":{"rendered":"Rochas com pinturas de 10 mil anos marcam a famosa cidade entre as 100 economias mais fortes do Brasil que atra\u00ed moradores"},"content":{"rendered":"\n<p>Forma\u00e7\u00f5es rochosas de at\u00e9 100 metros de altura guardam pinturas rupestres e artefatos de civiliza\u00e7\u00f5es que habitaram o cerrado mil\u00eanios antes da chegada dos europeus. <strong>Rondon\u00f3polis<\/strong>, no sudeste de <strong>Mato Grosso<\/strong>, cresceu sobre esse passado e hoje \u00e9 a cidade mais populosa do interior do estado, com cerca de 263 mil habitantes segundo o <strong>IBGE<\/strong>.<\/p>\n\n\n\n<h2 class=\"wp-block-heading\">Que cidade nasceu de um posto telegr\u00e1fico no cerrado?<\/h2>\n\n\n\n<p>Rondon\u00f3polis come\u00e7ou como o Povoado do Rio Vermelho, fundado por fam\u00edlias vindas de <strong>Goi\u00e1s<\/strong> a partir de 1902. A viagem durava quatro meses a cavalo. Em 1915, cerca de setenta fam\u00edlias j\u00e1 ocupavam a margem do rio, e o governo estadual reservou 2 mil hectares para oficializar o povoado.<\/p>\n\n\n\n<p>Entre 1907 e 1909, as expedi\u00e7\u00f5es do tenente <strong>C\u00e2ndido Rondon<\/strong> cortaram a regi\u00e3o para instalar linhas telegr\u00e1ficas ligando Mato Grosso ao <strong>Amazonas<\/strong>. O posto telegr\u00e1fico \u00e0s margens do rio Poguba foi inaugurado em 1922, e o nome Rondon\u00f3polis veio como homenagem ao marechal em 1918. A emancipa\u00e7\u00e3o pol\u00edtica s\u00f3 aconteceu em 1953.<\/p>\n\n\n<div class=\"wp-block-image\">\n<figure class=\"aligncenter size-large\"><img decoding=\"async\" width=\"1024\" height=\"576\" src=\"https:\/\/www.correiobraziliense.com.br\/cbradar\/wp-content\/uploads\/2025\/12\/Imagens_de_drone_Mini_2_DJI_da_cidade_de_Rondonopolis_Mato_Grosso-Gilmar_Leal_VIDEOMAKER_12-33_screenshot-1024x576.jpg\" alt=\"A cidade onde a for\u00e7a industrial convive com paisagens naturais preservadas e atra\u00ed olhares\" class=\"wp-image-153696\" srcset=\"https:\/\/www.correiobraziliense.com.br\/cbradar\/wp-content\/uploads\/2025\/12\/Imagens_de_drone_Mini_2_DJI_da_cidade_de_Rondonopolis_Mato_Grosso-Gilmar_Leal_VIDEOMAKER_12-33_screenshot-1024x576.jpg 1024w, https:\/\/www.correiobraziliense.com.br\/cbradar\/wp-content\/uploads\/2025\/12\/Imagens_de_drone_Mini_2_DJI_da_cidade_de_Rondonopolis_Mato_Grosso-Gilmar_Leal_VIDEOMAKER_12-33_screenshot-300x169.jpg 300w, https:\/\/www.correiobraziliense.com.br\/cbradar\/wp-content\/uploads\/2025\/12\/Imagens_de_drone_Mini_2_DJI_da_cidade_de_Rondonopolis_Mato_Grosso-Gilmar_Leal_VIDEOMAKER_12-33_screenshot-768x432.jpg 768w, https:\/\/www.correiobraziliense.com.br\/cbradar\/wp-content\/uploads\/2025\/12\/Imagens_de_drone_Mini_2_DJI_da_cidade_de_Rondonopolis_Mato_Grosso-Gilmar_Leal_VIDEOMAKER_12-33_screenshot-1536x864.jpg 1536w, https:\/\/www.correiobraziliense.com.br\/cbradar\/wp-content\/uploads\/2025\/12\/Imagens_de_drone_Mini_2_DJI_da_cidade_de_Rondonopolis_Mato_Grosso-Gilmar_Leal_VIDEOMAKER_12-33_screenshot-2048x1152.jpg 2048w, https:\/\/www.correiobraziliense.com.br\/cbradar\/wp-content\/uploads\/2025\/12\/Imagens_de_drone_Mini_2_DJI_da_cidade_de_Rondonopolis_Mato_Grosso-Gilmar_Leal_VIDEOMAKER_12-33_screenshot-750x422.jpg 750w, https:\/\/www.correiobraziliense.com.br\/cbradar\/wp-content\/uploads\/2025\/12\/Imagens_de_drone_Mini_2_DJI_da_cidade_de_Rondonopolis_Mato_Grosso-Gilmar_Leal_VIDEOMAKER_12-33_screenshot-1140x641.jpg 1140w\" sizes=\"(max-width: 1024px) 100vw, 1024px\" \/><figcaption class=\"wp-element-caption\">A cidade equilibra vida urbana e campo, funcionando como base para produtores de soja e milho da regi\u00e3o \/\/ Cr\u00e9ditos: YouTube.com\/@gilmardasilvaleal<\/figcaption><\/figure><\/div>\n\n\n<h2 class=\"wp-block-heading\">A selva de pedra com 10 mil anos de ocupa\u00e7\u00e3o humana<\/h2>\n\n\n\n<p>A <strong>Cidade de Pedra<\/strong>, dentro do <strong>Parque Ecol\u00f3gico Jo\u00e3o Basso<\/strong>, \u00e9 um complexo rochoso de cerca de mil hectares com torres de arenito esculpidas pela eros\u00e3o ao longo de milh\u00f5es de anos. O cen\u00e1rio lembra arranha-c\u00e9us naturais em pleno cerrado.<\/p>\n\n\n\n<p>Pesquisadores do <strong>Museu de Arqueologia e Etnologia (MAE)<\/strong> da <a href=\"https:\/\/www5.usp.br\/noticias\/cultura\/cidade-de-pedra-revela-resquicios-de-ocupacao-antiga-na-regiao\/\" target=\"_blank\" rel=\"noreferrer noopener\"><strong>USP<\/strong><\/a>, em parceria com o Museu de Hist\u00f3ria Natural de Paris, estudam o local h\u00e1 mais de 30 anos. J\u00e1 foram encontrados mais de 25 mil artefatos, incluindo cer\u00e2micas, pinturas rupestres e vest\u00edgios de fogueiras com data\u00e7\u00e3o de at\u00e9 10 mil anos. O s\u00edtio arqueol\u00f3gico <strong>Ferraz Egreja<\/strong>, tamb\u00e9m na regi\u00e3o, registra sinais de ocupa\u00e7\u00e3o de pelo menos 5 mil anos, conforme dados do IBGE.<\/p>\n\n\n<div class=\"wp-block-image\">\n<figure class=\"aligncenter size-full\"><img decoding=\"async\" width=\"1280\" height=\"720\" src=\"https:\/\/www.correiobraziliense.com.br\/cbradar\/wp-content\/uploads\/2026\/03\/aaa-99.png\" alt=\"\" class=\"wp-image-205285\" srcset=\"https:\/\/www.correiobraziliense.com.br\/cbradar\/wp-content\/uploads\/2026\/03\/aaa-99.png 1280w, https:\/\/www.correiobraziliense.com.br\/cbradar\/wp-content\/uploads\/2026\/03\/aaa-99-300x169.png 300w, https:\/\/www.correiobraziliense.com.br\/cbradar\/wp-content\/uploads\/2026\/03\/aaa-99-768x432.png 768w, https:\/\/www.correiobraziliense.com.br\/cbradar\/wp-content\/uploads\/2026\/03\/aaa-99-750x422.png 750w, https:\/\/www.correiobraziliense.com.br\/cbradar\/wp-content\/uploads\/2026\/03\/aaa-99-1140x641.png 1140w\" sizes=\"(max-width: 1280px) 100vw, 1280px\" \/><figcaption class=\"wp-element-caption\">Forma\u00e7\u00f5es rochosas de at\u00e9 100 metros de altura guardam pinturas rupestres e artefatos de civiliza\u00e7\u00f5es que habitaram o cerrado mil\u00eanios antes da chegada dos europeus. \/ Imagem ilustrativa<\/figcaption><\/figure><\/div>\n\n\n<h2 class=\"wp-block-heading\">Onde a economia do campo encontra qualidade de vida urbana?<\/h2>\n\n\n\n<p>Rondon\u00f3polis ocupa o segundo lugar no <strong>PIB<\/strong> de Mato Grosso e figura entre as 100 maiores economias municipais do pa\u00eds. O <strong>\u00cdndice de Desenvolvimento Humano Municipal (IDHM)<\/strong> \u00e9 de 0,755, considerado alto e acima da m\u00e9dia nacional (0,727). A cidade conta com universidade federal pr\u00f3pria, a <strong>Universidade Federal de Rondon\u00f3polis (UFR)<\/strong>, que oferece cursos como Medicina, Engenharia e Psicologia.<\/p>\n\n\n\n<p>O crescimento populacional tamb\u00e9m impressiona. Entre 2024 e 2025, Rondon\u00f3polis cresceu 1,72%, taxa alcan\u00e7ada por apenas 14 cidades brasileiras na faixa de 100 a 500 mil habitantes. A mistura de migrantes nordestinos, paulistas, mineiros, sulistas, japoneses e libaneses moldou uma identidade cultural diversa, que se reflete na gastronomia e nas festas locais.<\/p>\n\n\n\n<p><strong>Rondon\u00f3polis \u00e9 o motor industrial do Mato Grosso e um ponto estrat\u00e9gico que conecta o Brasil. <\/strong>O v\u00eddeo \u00e9 do canal<strong> Cidades &amp; Cia<\/strong>, que conta com mais de<strong> 35 mil inscritos<\/strong>, e apresenta o desenvolvimento econ\u00f4mico, a infraestrutura e os pontos tur\u00edsticos da maior pot\u00eancia industrial do interior do estado:<\/p>\n\n\n\n<figure class=\"wp-block-embed aligncenter is-type-video is-provider-youtube wp-block-embed-youtube wp-embed-aspect-16-9 wp-has-aspect-ratio\"><div class=\"wp-block-embed__wrapper\">\n<div class=\"jeg_video_container jeg_video_content\"><iframe loading=\"lazy\" title=\"CONHECA RONDON\u00d3POLIS O MAIOR POLO INDUSTRIAL DO INTERIOR DO MATO GROSSO\" width=\"500\" height=\"281\" src=\"https:\/\/www.youtube.com\/embed\/zsZYflnyMJs?feature=oembed\" frameborder=\"0\" allow=\"accelerometer; autoplay; clipboard-write; encrypted-media; gyroscope; picture-in-picture; web-share\" referrerpolicy=\"strict-origin-when-cross-origin\" allowfullscreen><\/iframe><\/div>\n<\/div><\/figure>\n\n\n\n<h2 class=\"wp-block-heading\">O que fazer em Rondon\u00f3polis al\u00e9m do agroneg\u00f3cio?<\/h2>\n\n\n\n<p>A cidade oferece op\u00e7\u00f5es de lazer que v\u00e3o de parques urbanos a cachoeiras escondidas no cerrado. Algumas atra\u00e7\u00f5es ficam a poucos minutos do centro.<\/p>\n\n\n\n<ul class=\"wp-block-list\">\n<li><strong>Parque Ecol\u00f3gico Jo\u00e3o Basso<\/strong>: mais de 3.600 hectares de forma\u00e7\u00f5es rochosas, trilhas e s\u00edtios arqueol\u00f3gicos. Abriga a Cidade de Pedra.<\/li>\n\n\n\n<li><strong>Horto Florestal<\/strong>: pista de caminhada, academia ao ar livre e contato com fauna silvestre, como macacos e jabutis.<\/li>\n\n\n\n<li><strong>Casario<\/strong>: conjunto de 24 casas de adobe e alvenaria que contam a hist\u00f3ria da cidade desde 1930. Funciona como espa\u00e7o cultural com shows de MPB e exposi\u00e7\u00f5es.<\/li>\n\n\n\n<li><strong><a href=\"http:\/\/www.rondonopolis.mt.gov.br\/cidade\/atrativos-culturais\/\" target=\"_blank\" rel=\"noreferrer noopener\">Museu Municipal Rosa Bororo<\/a><\/strong>: acervo sobre a passagem do Marechal Rondon e a cultura ind\u00edgena da regi\u00e3o.<\/li>\n\n\n\n<li><strong>Complexo Tur\u00edstico do Carim\u00e3<\/strong>: circuito de nove cachoeiras a 55 km do centro, com hospedagem em chal\u00e9s r\u00fasticos e \u00e1rea de camping.<\/li>\n\n\n\n<li><strong>Parque do Escondidinho<\/strong>: mirante, fonte interativa e uma das maiores pistas de skate da regi\u00e3o.<\/li>\n<\/ul>\n\n\n<div class=\"wp-block-image\">\n<figure class=\"aligncenter size-full\"><img decoding=\"async\" width=\"1280\" height=\"720\" src=\"https:\/\/www.correiobraziliense.com.br\/cbradar\/wp-content\/uploads\/2026\/03\/aaa-100.png\" alt=\"\" class=\"wp-image-205288\" srcset=\"https:\/\/www.correiobraziliense.com.br\/cbradar\/wp-content\/uploads\/2026\/03\/aaa-100.png 1280w, https:\/\/www.correiobraziliense.com.br\/cbradar\/wp-content\/uploads\/2026\/03\/aaa-100-300x169.png 300w, https:\/\/www.correiobraziliense.com.br\/cbradar\/wp-content\/uploads\/2026\/03\/aaa-100-768x432.png 768w, https:\/\/www.correiobraziliense.com.br\/cbradar\/wp-content\/uploads\/2026\/03\/aaa-100-750x422.png 750w, https:\/\/www.correiobraziliense.com.br\/cbradar\/wp-content\/uploads\/2026\/03\/aaa-100-1140x641.png 1140w\" sizes=\"(max-width: 1280px) 100vw, 1280px\" \/><figcaption class=\"wp-element-caption\"> pinturas rupestres e vest\u00edgios de fogueiras com data\u00e7\u00e3o de at\u00e9 10 mil anos. \/ Imagem ilustrativa<\/figcaption><\/figure><\/div>\n\n\n<p><strong>Leia tamb\u00e9m: <a href=\"https:\/\/www.correiobraziliense.com.br\/cbradar\/antigo-coracao-economico-do-brasil-imperio-essa-cidade-dos-baroes-ja-produziu-a-maior-parte-do-cafe-do-mundo\/\" target=\"_blank\" rel=\"noreferrer noopener\">Antigo cora\u00e7\u00e3o econ\u00f4mico do Brasil Imp\u00e9rio, essa &#8220;Cidade dos Bar\u00f5es&#8221; j\u00e1 produziu a maior parte do caf\u00e9 do mundo.<\/a><\/strong><\/p>\n\n\n\n<h2 class=\"wp-block-heading\">Quando visitar a capital do agroneg\u00f3cio mato-grossense?<\/h2>\n\n\n\n<p>O clima \u00e9 tropical, com duas esta\u00e7\u00f5es bem definidas. A seca favorece trilhas e cachoeiras. A <strong>Exposul<\/strong>, maior feira agropecu\u00e1ria do interior de Mato Grosso, acontece em agosto e j\u00e1 soma mais de 50 edi\u00e7\u00f5es.<\/p>\n\n\n\n<div class=\"google-auto-ads-ignore\" style=\"font-family: 'Segoe UI', Roboto, Helvetica, Arial, sans-serif; max-width: 900px; margin: 10px auto; display: flex; flex-wrap: wrap; gap: 12px; justify-content: center;\">\n\n  <div style=\"flex: 1 1 200px; background: #ffffff; border-radius: 12px; border: 1px solid #bfdbfe; box-shadow: 0 2px 10px rgba(37, 99, 235, 0.05); overflow: hidden; display: flex; flex-direction: column;\">\n    <div style=\"background: #eff6ff; padding: 10px; border-bottom: 1px solid #dbeafe; display: flex; align-items: center; gap: 8px;\">\n      <div style=\"background: #2563eb; padding: 4px; border-radius: 6px; display: flex;\">\n        <svg width=\"14\" height=\"14\" viewBox=\"0 0 24 24\" fill=\"none\" stroke=\"#ffffff\" stroke-width=\"3\" stroke-linecap=\"round\" stroke-linejoin=\"round\"><circle cx=\"12\" cy=\"12\" r=\"5\"\/><line x1=\"12\" y1=\"1\" x2=\"12\" y2=\"3\"\/><line x1=\"12\" y1=\"21\" x2=\"12\" y2=\"23\"\/><line x1=\"4.22\" y1=\"4.22\" x2=\"5.64\" y2=\"5.64\"\/><line x1=\"18.36\" y1=\"18.36\" x2=\"19.78\" y2=\"19.78\"\/><line x1=\"1\" y1=\"12\" x2=\"3\" y2=\"12\"\/><line x1=\"21\" y1=\"12\" x2=\"23\" y2=\"12\"\/><\/svg>\n      <\/div>\n      <span style=\"font-size: 0.75rem; font-weight: 800; color: #1e3a8a; letter-spacing: 0.05em;\">VER\u00c3O<\/span>\n    <\/div>\n    <div style=\"padding: 12px; text-align: center;\">\n      <div style=\"font-size: 0.7rem; color: #1d4ed8; font-weight: 700;\">DEZ &#8211; FEV<\/div>\n      <div style=\"font-size: 1.2rem; font-weight: 900; color: #2563eb; margin: 2px 0;\">23-34\u00b0C<\/div>\n      <div style=\"font-size: 0.8rem; color: #1e293b; line-height: 1.3;\">Chuva alta. \u00c9 o momento perfeito para se refrescar nos <strong>rios e praias fluviais<\/strong> da regi\u00e3o.<\/div>\n    <\/div>\n  <\/div>\n\n  <div style=\"flex: 1 1 200px; background: #ffffff; border-radius: 12px; border: 1px solid #bfdbfe; box-shadow: 0 2px 10px rgba(37, 99, 235, 0.05); overflow: hidden; display: flex; flex-direction: column;\">\n    <div style=\"background: #eff6ff; padding: 10px; border-bottom: 1px solid #dbeafe; display: flex; align-items: center; gap: 8px;\">\n      <div style=\"background: #2563eb; padding: 4px; border-radius: 6px; display: flex;\">\n        <svg width=\"14\" height=\"14\" viewBox=\"0 0 24 24\" fill=\"none\" stroke=\"#ffffff\" stroke-width=\"3\" stroke-linecap=\"round\" stroke-linejoin=\"round\"><path d=\"M12 2L2 7l10 5 10-5-10-5zM2 17l10 5 10-5M2 12l10 5 10-5\"\/><\/svg>\n      <\/div>\n      <span style=\"font-size: 0.75rem; font-weight: 800; color: #1e3a8a; letter-spacing: 0.05em;\">OUTONO<\/span>\n    <\/div>\n    <div style=\"padding: 12px; text-align: center;\">\n      <div style=\"font-size: 0.7rem; color: #1d4ed8; font-weight: 700;\">MAR &#8211; MAI<\/div>\n      <div style=\"font-size: 1.2rem; font-weight: 900; color: #2563eb; margin: 2px 0;\">20-32\u00b0C<\/div>\n      <div style=\"font-size: 0.8rem; color: #1e293b; line-height: 1.3;\">Chuva m\u00e9dia. A paisagem se transforma com um <strong>verde intenso<\/strong>, ideal para <strong>trilhas<\/strong>.<\/div>\n    <\/div>\n  <\/div>\n\n  <div style=\"flex: 1 1 200px; background: #ffffff; border-radius: 12px; border: 1px solid #bfdbfe; box-shadow: 0 2px 10px rgba(37, 99, 235, 0.05); overflow: hidden; display: flex; flex-direction: column;\">\n    <div style=\"background: #eff6ff; padding: 10px; border-bottom: 1px solid #dbeafe; display: flex; align-items: center; gap: 8px;\">\n      <div style=\"background: #2563eb; padding: 4px; border-radius: 6px; display: flex;\">\n        <svg width=\"14\" height=\"14\" viewBox=\"0 0 24 24\" fill=\"none\" stroke=\"#ffffff\" stroke-width=\"3\" stroke-linecap=\"round\" stroke-linejoin=\"round\"><path d=\"M3 9l9-7 9 7v11a2 2 0 0 1-2 2H5a2 2 0 0 1-2-2z\"\/><polyline points=\"9 22 9 12 15 12 15 22\"\/><\/svg>\n      <\/div>\n      <span style=\"font-size: 0.75rem; font-weight: 800; color: #1e3a8a; letter-spacing: 0.05em;\">INVERNO<\/span>\n    <\/div>\n    <div style=\"padding: 12px; text-align: center;\">\n      <div style=\"font-size: 0.7rem; color: #1d4ed8; font-weight: 700;\">JUN &#8211; AGO<\/div>\n      <div style=\"font-size: 1.2rem; font-weight: 900; color: #2563eb; margin: 2px 0;\">15-30\u00b0C<\/div>\n      <div style=\"font-size: 0.8rem; color: #1e293b; line-height: 1.3;\">Chuva baixa. Esta\u00e7\u00e3o da <strong>Exposul<\/strong> e clima firme para visitar as <strong>cachoeiras<\/strong> da regi\u00e3o.<\/div>\n    <\/div>\n  <\/div>\n\n  <div style=\"flex: 1 1 200px; background: #ffffff; border-radius: 12px; border: 1px solid #bfdbfe; box-shadow: 0 2px 10px rgba(37, 99, 235, 0.05); overflow: hidden; display: flex; flex-direction: column;\">\n    <div style=\"background: #eff6ff; padding: 10px; border-bottom: 1px solid #dbeafe; display: flex; align-items: center; gap: 10px;\">\n      <div style=\"background: #2563eb; padding: 4px; border-radius: 6px; display: flex;\">\n        <svg width=\"14\" height=\"14\" viewBox=\"0 0 24 24\" fill=\"none\" stroke=\"#ffffff\" stroke-width=\"3\" stroke-linecap=\"round\" stroke-linejoin=\"round\"><path d=\"M12 7.5V21m-4.5-9L12 21l4.5-9\"\/><\/svg>\n      <\/div>\n      <span style=\"font-size: 0.75rem; font-weight: 800; color: #1e3a8a; letter-spacing: 0.05em;\">PRIMAVERA<\/span>\n    <\/div>\n    <div style=\"padding: 12px; text-align: center;\">\n      <div style=\"font-size: 0.7rem; color: #1d4ed8; font-weight: 700;\">SET &#8211; NOV<\/div>\n      <div style=\"font-size: 1.2rem; font-weight: 900; color: #2563eb; margin: 2px 0;\">22-36\u00b0C<\/div>\n      <div style=\"font-size: 0.8rem; color: #1e293b; line-height: 1.3;\">Chuva m\u00e9dia. Calor intenso ideal para curtir <strong>parques e mirantes<\/strong> com o c\u00e9u azul de MT.<\/div>\n    <\/div>\n  <\/div>\n\n<\/div>\n\n\n\n<p><em>Temperaturas aproximadas. Consulte a previs\u00e3o atualizada no <a href=\"https:\/\/www.climatempo.com.br\/previsao-do-tempo\/cidade\/222\/rondonopolis-mt\" target=\"_blank\" rel=\"noreferrer noopener\"><strong>Climatempo<\/strong><\/a>.<\/em><\/p>\n\n\n<div class=\"wp-block-image\">\n<figure class=\"aligncenter size-large\"><img decoding=\"async\" width=\"1024\" height=\"576\" src=\"https:\/\/www.correiobraziliense.com.br\/cbradar\/wp-content\/uploads\/2025\/12\/Imagens_de_drone_Mini_2_DJI_da_cidade_de_Rondonopolis_Mato_Grosso-Gilmar_Leal_VIDEOMAKER_0-1_screenshot-1024x576.jpg\" alt=\"A cidade onde a for\u00e7a industrial convive com paisagens naturais preservadas e atra\u00ed olhares no Centro-Oeste\" class=\"wp-image-153697\"\/><figcaption class=\"wp-element-caption\"> Rondon\u00f3polis possui o segundo maior PIB de Mato Grosso e lidera o ranking estadual de exporta\u00e7\u00f5es, exportando mais que muitos estados brasileiros gra\u00e7as \u00e0 for\u00e7a do agro. \/\/ Cr\u00e9ditos: YouTube.com\/@gilmardasilvaleal<\/figcaption><\/figure><\/div>\n\n\n<h2 class=\"wp-block-heading\">Como chegar a Rondon\u00f3polis saindo de Cuiab\u00e1?<\/h2>\n\n\n\n<p>Rondon\u00f3polis fica a 210 km de <strong>Cuiab\u00e1<\/strong> pela <strong>BR-364<\/strong>, cerca de 2h30 de carro. A cidade tamb\u00e9m est\u00e1 no cruzamento com a <strong>BR-163<\/strong>, que liga o norte ao sul do pa\u00eds. O <strong>Aeroporto de Rondon\u00f3polis (ROO)<\/strong> recebe voos regionais e facilita o acesso para quem vem de outros estados.<\/p>\n\n\n\n<h2 class=\"wp-block-heading\">Uma cidade que cresce sobre 5 mil anos de hist\u00f3ria<\/h2>\n\n\n\n<p>Rondon\u00f3polis \u00e9 rara por conciliar vest\u00edgios arqueol\u00f3gicos milenares, uma economia entre as mais fortes do Centro-Oeste e um cotidiano de cidade m\u00e9dia com parques, universidade e gastronomia diversa. A for\u00e7a do campo convive com forma\u00e7\u00f5es rochosas que j\u00e1 serviam de abrigo muito antes de qualquer fronteira agr\u00edcola.<\/p>\n\n\n\n<p>Voc\u00ea precisa conhecer Rondon\u00f3polis e pisar no mesmo cerrado que povos antigos habitaram h\u00e1 milhares de anos, agora cercado por uma cidade que n\u00e3o para de crescer.<\/p>\n","protected":false},"excerpt":{"rendered":"<p>Forma\u00e7\u00f5es rochosas de at\u00e9 100 metros de altura guardam pinturas rupestres e artefatos de civiliza\u00e7\u00f5es que habitaram o cerrado mil\u00eanios antes da chegada dos europeus. Rondon\u00f3polis, no sudeste de Mato Grosso, cresceu sobre esse passado e hoje \u00e9 a cidade mais populosa do interior do estado, com cerca de 263 mil habitantes segundo o IBGE. [&hellip;]<\/p>\n","protected":false},"author":8,"featured_media":205291,"comment_status":"open","ping_status":"open","sticky":false,"template":"","format":"standard","meta":{"_yoast_wpseo_focuskw":"pinturas rupestres","_yoast_wpseo_title":"","_yoast_wpseo_metadesc":"Cidade brasileira abriga pinturas rupestres com cerca de 5 mil anos e tamb\u00e9m figura entre as 100 economias mais importantes do pa\u00eds.","jnews-multi-image_gallery":[],"jnews_single_post":{"format":"standard"},"jnews_primary_category":[],"jnews_social_meta":[],"jnews_override_counter":[],"footnotes":""},"categories":[108,111],"tags":[4130,12547],"class_list":["post-205200","post","type-post","status-publish","format-standard","has-post-thumbnail","hentry","category-cidades","category-turismo","tag-mato-grosso","tag-rondonopolis"],"yoast_head":"<!-- This site is optimized with the Yoast SEO plugin v24.6 - https:\/\/yoast.com\/wordpress\/plugins\/seo\/ -->\n<title>Rochas com pinturas de 10 mil anos marcam a famosa cidade entre as 100 economias mais fortes do Brasil que atra\u00ed moradores - Correio Braziliense - Radar<\/title>\n<meta name=\"description\" content=\"Cidade brasileira abriga pinturas rupestres com cerca de 5 mil anos e tamb\u00e9m figura entre as 100 economias mais importantes do pa\u00eds.\" \/>\n<meta name=\"robots\" content=\"index, follow, max-snippet:-1, max-image-preview:large, max-video-preview:-1\" \/>\n<link rel=\"canonical\" href=\"https:\/\/www.correiobraziliense.com.br\/cbradar\/rochas-com-pinturas-de-10-mil-anos-marcam-a-famosa-cidade-entre-as-100-economias-mais-fortes-do-brasil-que-atrai-moradores\/\" \/>\n<meta property=\"og:locale\" content=\"pt_BR\" \/>\n<meta property=\"og:type\" content=\"article\" \/>\n<meta property=\"og:title\" content=\"Rochas com pinturas de 10 mil anos marcam a famosa cidade entre as 100 economias mais fortes do Brasil que atra\u00ed moradores - Correio Braziliense - Radar\" \/>\n<meta property=\"og:description\" content=\"Cidade brasileira abriga pinturas rupestres com cerca de 5 mil anos e tamb\u00e9m figura entre as 100 economias mais importantes do pa\u00eds.\" \/>\n<meta property=\"og:url\" content=\"https:\/\/www.correiobraziliense.com.br\/cbradar\/rochas-com-pinturas-de-10-mil-anos-marcam-a-famosa-cidade-entre-as-100-economias-mais-fortes-do-brasil-que-atrai-moradores\/\" \/>\n<meta property=\"og:site_name\" content=\"Correio Braziliense - Radar\" \/>\n<meta property=\"article:published_time\" content=\"2026-03-09T13:25:00+00:00\" \/>\n<meta property=\"article:modified_time\" content=\"2026-03-09T16:58:46+00:00\" \/>\n<meta property=\"og:image\" content=\"https:\/\/www.correiobraziliense.com.br\/cbradar\/wp-content\/uploads\/2026\/03\/aaa-2026-03-09T074253.570.png\" \/>\n\t<meta property=\"og:image:width\" content=\"1280\" \/>\n\t<meta property=\"og:image:height\" content=\"720\" \/>\n\t<meta property=\"og:image:type\" content=\"image\/png\" \/>\n<meta name=\"author\" content=\"Maura Pereira\" \/>\n<meta name=\"twitter:card\" content=\"summary_large_image\" \/>\n<meta name=\"twitter:label1\" content=\"Escrito por\" \/>\n\t<meta name=\"twitter:data1\" content=\"Maura Pereira\" \/>\n\t<meta name=\"twitter:label2\" content=\"Est. tempo de leitura\" \/>\n\t<meta name=\"twitter:data2\" content=\"7 minutos\" \/>\n<!-- \/ Yoast SEO plugin. -->","yoast_head_json":{"title":"Rochas com pinturas de 10 mil anos marcam a famosa cidade entre as 100 economias mais fortes do Brasil que atra\u00ed moradores - Correio Braziliense - Radar","description":"Cidade brasileira abriga pinturas rupestres com cerca de 5 mil anos e tamb\u00e9m figura entre as 100 economias mais importantes do pa\u00eds.","robots":{"index":"index","follow":"follow","max-snippet":"max-snippet:-1","max-image-preview":"max-image-preview:large","max-video-preview":"max-video-preview:-1"},"canonical":"https:\/\/www.correiobraziliense.com.br\/cbradar\/rochas-com-pinturas-de-10-mil-anos-marcam-a-famosa-cidade-entre-as-100-economias-mais-fortes-do-brasil-que-atrai-moradores\/","og_locale":"pt_BR","og_type":"article","og_title":"Rochas com pinturas de 10 mil anos marcam a famosa cidade entre as 100 economias mais fortes do Brasil que atra\u00ed moradores - Correio Braziliense - Radar","og_description":"Cidade brasileira abriga pinturas rupestres com cerca de 5 mil anos e tamb\u00e9m figura entre as 100 economias mais importantes do pa\u00eds.","og_url":"https:\/\/www.correiobraziliense.com.br\/cbradar\/rochas-com-pinturas-de-10-mil-anos-marcam-a-famosa-cidade-entre-as-100-economias-mais-fortes-do-brasil-que-atrai-moradores\/","og_site_name":"Correio Braziliense - Radar","article_published_time":"2026-03-09T13:25:00+00:00","article_modified_time":"2026-03-09T16:58:46+00:00","og_image":[{"width":1280,"height":720,"url":"https:\/\/www.correiobraziliense.com.br\/cbradar\/wp-content\/uploads\/2026\/03\/aaa-2026-03-09T074253.570.png","type":"image\/png"}],"author":"Maura Pereira","twitter_card":"summary_large_image","twitter_misc":{"Escrito por":"Maura Pereira","Est. tempo de leitura":"7 minutos"},"schema":{"@context":"https:\/\/schema.org","@graph":[{"@type":"WebPage","@id":"https:\/\/www.correiobraziliense.com.br\/cbradar\/rochas-com-pinturas-de-10-mil-anos-marcam-a-famosa-cidade-entre-as-100-economias-mais-fortes-do-brasil-que-atrai-moradores\/","url":"https:\/\/www.correiobraziliense.com.br\/cbradar\/rochas-com-pinturas-de-10-mil-anos-marcam-a-famosa-cidade-entre-as-100-economias-mais-fortes-do-brasil-que-atrai-moradores\/","name":"Rochas com pinturas de 10 mil anos marcam a famosa cidade entre as 100 economias mais fortes do Brasil que atra\u00ed moradores - Correio Braziliense - Radar","isPartOf":{"@id":"https:\/\/www.correiobraziliense.com.br\/cbradar\/#website"},"primaryImageOfPage":{"@id":"https:\/\/www.correiobraziliense.com.br\/cbradar\/rochas-com-pinturas-de-10-mil-anos-marcam-a-famosa-cidade-entre-as-100-economias-mais-fortes-do-brasil-que-atrai-moradores\/#primaryimage"},"image":{"@id":"https:\/\/www.correiobraziliense.com.br\/cbradar\/rochas-com-pinturas-de-10-mil-anos-marcam-a-famosa-cidade-entre-as-100-economias-mais-fortes-do-brasil-que-atrai-moradores\/#primaryimage"},"thumbnailUrl":"https:\/\/www.correiobraziliense.com.br\/cbradar\/wp-content\/uploads\/2026\/03\/aaa-2026-03-09T074253.570.png","datePublished":"2026-03-09T13:25:00+00:00","dateModified":"2026-03-09T16:58:46+00:00","author":{"@id":"https:\/\/www.correiobraziliense.com.br\/cbradar\/#\/schema\/person\/4053c651a9bfc785afc6f4cbc9032fd3"},"description":"Cidade brasileira abriga pinturas rupestres com cerca de 5 mil anos e tamb\u00e9m figura entre as 100 economias mais importantes do pa\u00eds.","breadcrumb":{"@id":"https:\/\/www.correiobraziliense.com.br\/cbradar\/rochas-com-pinturas-de-10-mil-anos-marcam-a-famosa-cidade-entre-as-100-economias-mais-fortes-do-brasil-que-atrai-moradores\/#breadcrumb"},"inLanguage":"pt-BR","potentialAction":[{"@type":"ReadAction","target":["https:\/\/www.correiobraziliense.com.br\/cbradar\/rochas-com-pinturas-de-10-mil-anos-marcam-a-famosa-cidade-entre-as-100-economias-mais-fortes-do-brasil-que-atrai-moradores\/"]}]},{"@type":"ImageObject","inLanguage":"pt-BR","@id":"https:\/\/www.correiobraziliense.com.br\/cbradar\/rochas-com-pinturas-de-10-mil-anos-marcam-a-famosa-cidade-entre-as-100-economias-mais-fortes-do-brasil-que-atrai-moradores\/#primaryimage","url":"https:\/\/www.correiobraziliense.com.br\/cbradar\/wp-content\/uploads\/2026\/03\/aaa-2026-03-09T074253.570.png","contentUrl":"https:\/\/www.correiobraziliense.com.br\/cbradar\/wp-content\/uploads\/2026\/03\/aaa-2026-03-09T074253.570.png","width":1280,"height":720,"caption":"A cidade equilibra vida urbana e campo, funcionando como base para produtores de soja e milho da regi\u00e3o"},{"@type":"BreadcrumbList","@id":"https:\/\/www.correiobraziliense.com.br\/cbradar\/rochas-com-pinturas-de-10-mil-anos-marcam-a-famosa-cidade-entre-as-100-economias-mais-fortes-do-brasil-que-atrai-moradores\/#breadcrumb","itemListElement":[{"@type":"ListItem","position":1,"name":"In\u00edcio","item":"https:\/\/www.correiobraziliense.com.br\/cbradar\/"},{"@type":"ListItem","position":2,"name":"Rochas com pinturas de 10 mil anos marcam a famosa cidade entre as 100 economias mais fortes do Brasil que atra\u00ed moradores"}]},{"@type":"WebSite","@id":"https:\/\/www.correiobraziliense.com.br\/cbradar\/#website","url":"https:\/\/www.correiobraziliense.com.br\/cbradar\/","name":"Correio Braziliense - Radar","description":"Acompanhe as \u00faltimas not\u00edcias e fique bem informado sobre tudo o que acontece no Brasil e no mundo.","potentialAction":[{"@type":"SearchAction","target":{"@type":"EntryPoint","urlTemplate":"https:\/\/www.correiobraziliense.com.br\/cbradar\/?s={search_term_string}"},"query-input":{"@type":"PropertyValueSpecification","valueRequired":true,"valueName":"search_term_string"}}],"inLanguage":"pt-BR"},{"@type":"Person","@id":"https:\/\/www.correiobraziliense.com.br\/cbradar\/#\/schema\/person\/4053c651a9bfc785afc6f4cbc9032fd3","name":"Maura Pereira","image":{"@type":"ImageObject","inLanguage":"pt-BR","@id":"https:\/\/www.correiobraziliense.com.br\/cbradar\/#\/schema\/person\/image\/","url":"https:\/\/secure.gravatar.com\/avatar\/3effd6bdadfa447f15089c7f7144eaa6?s=96&d=mm&r=g","contentUrl":"https:\/\/secure.gravatar.com\/avatar\/3effd6bdadfa447f15089c7f7144eaa6?s=96&d=mm&r=g","caption":"Maura Pereira"},"sameAs":["https:\/\/www.correiobraziliense.com.br\/"],"url":"https:\/\/www.correiobraziliense.com.br\/cbradar\/author\/mauramyth\/"}]}},"_links":{"self":[{"href":"https:\/\/www.correiobraziliense.com.br\/cbradar\/wp-json\/wp\/v2\/posts\/205200","targetHints":{"allow":["GET"]}}],"collection":[{"href":"https:\/\/www.correiobraziliense.com.br\/cbradar\/wp-json\/wp\/v2\/posts"}],"about":[{"href":"https:\/\/www.correiobraziliense.com.br\/cbradar\/wp-json\/wp\/v2\/types\/post"}],"author":[{"embeddable":true,"href":"https:\/\/www.correiobraziliense.com.br\/cbradar\/wp-json\/wp\/v2\/users\/8"}],"replies":[{"embeddable":true,"href":"https:\/\/www.correiobraziliense.com.br\/cbradar\/wp-json\/wp\/v2\/comments?post=205200"}],"version-history":[{"count":12,"href":"https:\/\/www.correiobraziliense.com.br\/cbradar\/wp-json\/wp\/v2\/posts\/205200\/revisions"}],"predecessor-version":[{"id":205305,"href":"https:\/\/www.correiobraziliense.com.br\/cbradar\/wp-json\/wp\/v2\/posts\/205200\/revisions\/205305"}],"wp:featuredmedia":[{"embeddable":true,"href":"https:\/\/www.correiobraziliense.com.br\/cbradar\/wp-json\/wp\/v2\/media\/205291"}],"wp:attachment":[{"href":"https:\/\/www.correiobraziliense.com.br\/cbradar\/wp-json\/wp\/v2\/media?parent=205200"}],"wp:term":[{"taxonomy":"category","embeddable":true,"href":"https:\/\/www.correiobraziliense.com.br\/cbradar\/wp-json\/wp\/v2\/categories?post=205200"},{"taxonomy":"post_tag","embeddable":true,"href":"https:\/\/www.correiobraziliense.com.br\/cbradar\/wp-json\/wp\/v2\/tags?post=205200"}],"curies":[{"name":"wp","href":"https:\/\/api.w.org\/{rel}","templated":true}]}}