{"id":205202,"date":"2026-03-09T12:45:00","date_gmt":"2026-03-09T15:45:00","guid":{"rendered":"https:\/\/www.correiobraziliense.com.br\/cbradar\/?p=205202"},"modified":"2026-03-09T09:39:25","modified_gmt":"2026-03-09T12:39:25","slug":"no-nordeste-um-paraiso-a-1-200-metros-com-grutas-azuis-e-canions-selvagens-guardavam-diamantes-preciosos-explorados-pela-franca","status":"publish","type":"post","link":"https:\/\/www.correiobraziliense.com.br\/cbradar\/no-nordeste-um-paraiso-a-1-200-metros-com-grutas-azuis-e-canions-selvagens-guardavam-diamantes-preciosos-explorados-pela-franca\/","title":{"rendered":"No Nordeste, um para\u00edso a 1.200 metros com grutas azuis e c\u00e2nions selvagens guardavam diamantes preciosos explorados pela Fran\u00e7a"},"content":{"rendered":"\n<p>Em meados do s\u00e9culo XIX, pedras preciosas brotavam dos rios com tanta fartura que o governo franc\u00eas instalou um vice-consulado em <strong>Len\u00e7\u00f3is<\/strong>, no cora\u00e7\u00e3o da <strong>Bahia<\/strong>, no Nordeste. A riqueza acabou, mas o cen\u00e1rio que restou vale mais do que qualquer gema: s\u00e3o 152 mil hectares de cachoeiras, c\u00e2nions e grutas protegidos pelo <strong>Parque Nacional da Chapada Diamantina<\/strong>.<\/p>\n\n\n\n<h2 class=\"wp-block-heading\">Do garimpo ao turismo na serra baiana<\/h2>\n\n\n\n<p>Os primeiros diamantes surgiram em <strong>1844<\/strong>, \u00e0s margens do rio Cumbucas, em <strong>Mucug\u00ea<\/strong>. No ano seguinte, garimpeiros subiram a serra e fundaram o que viria a ser Len\u00e7\u00f3is, nome inspirado nas barracas brancas que cobriam o vale vistas do alto. Entre 1845 e 1871, a cidade se tornou a maior produtora mundial de diamantes e a terceira mais importante da Bahia, segundo o <a href=\"http:\/\/portal.iphan.gov.br\/pagina\/detalhes\/1396\/\" target=\"_blank\" rel=\"noreferrer noopener\"><strong>IPHAN<\/strong><\/a>.<\/p>\n\n\n\n<p>A concorr\u00eancia das minas sul-africanas derrubou o ciclo. Ex-garimpeiros migraram e vilas inteiras ficaram vazias. D\u00e9cadas depois, os mesmos homens que conheciam cada grota da serra se reinventaram como guias de turismo. Em <strong>1985<\/strong>, a cria\u00e7\u00e3o do Parque Nacional selou a voca\u00e7\u00e3o da regi\u00e3o para o ecoturismo.<\/p>\n\n\n<div class=\"wp-block-image\">\n<figure class=\"aligncenter size-large\"><img decoding=\"async\" width=\"1024\" height=\"576\" src=\"https:\/\/www.correiobraziliense.com.br\/cbradar\/wp-content\/uploads\/2025\/04\/Edicoes-53-1024x576.png\" alt=\"No Nordeste existe um para\u00edso a 1.200 metros com grutas azuis e c\u00e2nions selvagens de tirar o f\u00f4lego com cen\u00e1rios incr\u00edveis\" class=\"wp-image-24108\" srcset=\"https:\/\/www.correiobraziliense.com.br\/cbradar\/wp-content\/uploads\/2025\/04\/Edicoes-53-1024x576.png 1024w, https:\/\/www.correiobraziliense.com.br\/cbradar\/wp-content\/uploads\/2025\/04\/Edicoes-53-300x169.png 300w, https:\/\/www.correiobraziliense.com.br\/cbradar\/wp-content\/uploads\/2025\/04\/Edicoes-53-768x432.png 768w, https:\/\/www.correiobraziliense.com.br\/cbradar\/wp-content\/uploads\/2025\/04\/Edicoes-53-750x422.png 750w, https:\/\/www.correiobraziliense.com.br\/cbradar\/wp-content\/uploads\/2025\/04\/Edicoes-53-1140x641.png 1140w, https:\/\/www.correiobraziliense.com.br\/cbradar\/wp-content\/uploads\/2025\/04\/Edicoes-53.png 1280w\" sizes=\"(max-width: 1024px) 100vw, 1024px\" \/><figcaption class=\"wp-element-caption\">Chapada Diamantina, na Bahia, \u00e9 famosa por suas cachoeiras, trilhas e belezas naturais. \/\/ Reprodu\u00e7\u00e3o: Wikipedia <\/figcaption><\/figure><\/div>\n\n\n<h2 class=\"wp-block-heading\">Tr\u00eas biomas em um s\u00f3 parque: o que torna a Chapada \u00fanica?<\/h2>\n\n\n\n<p>O Parque Nacional re\u00fane <strong>Mata Atl\u00e2ntica<\/strong>, <strong>Cerrado<\/strong> e <strong>Caatinga<\/strong> dentro de uma mesma unidade de conserva\u00e7\u00e3o, administrada pelo <a href=\"https:\/\/www.gov.br\/icmbio\/pt-br\/assuntos\/biodiversidade\/unidade-de-conservacao\/unidades-de-biomas\/caatinga\/lista-de-ucs\/parna-da-chapada-da-diamantina\" target=\"_blank\" rel=\"noreferrer noopener\"><strong>ICMBio<\/strong><\/a>. S\u00e3o quase 300 km de trilhas, 33 cachoeiras catalogadas e forma\u00e7\u00f5es rochosas que datam do Pr\u00e9-Cambriano. O <strong>Pico do Barbado<\/strong>, com 2.033 m, \u00e9 o ponto mais alto de todo o Nordeste brasileiro.<\/p>\n\n\n\n<p>Brom\u00e9lias, orqu\u00eddeas e sempre-vivas se adaptam a varia\u00e7\u00f5es de altitude que v\u00e3o de 500 a mais de 2 mil metros. Jaguatiricas, tamandu\u00e1s-bandeira e guig\u00f3s-da-caatinga dividem o territ\u00f3rio com centenas de esp\u00e9cies de aves.<\/p>\n\n\n\n<p><strong>A Chapada Diamantina \u00e9 um destino vasto e deslumbrante, abrangendo uma \u00e1rea similar \u00e0 da Su\u00ed\u00e7a<\/strong>, repleta de c\u00e2nions, cachoeiras e cavernas. O v\u00eddeo do canal <strong>Rol\u00ea Fam\u00edlia<\/strong>, que conta com mais de <strong>100 mil inscritos<\/strong>, apresenta um document\u00e1rio detalhado de 20 dias de expedi\u00e7\u00e3o pela regi\u00e3o, destacando por que este \u00e9 um dos lugares mais incr\u00edveis do mundo:<\/p>\n\n\n\n<figure class=\"wp-block-embed aligncenter is-type-video is-provider-youtube wp-block-embed-youtube wp-embed-aspect-16-9 wp-has-aspect-ratio\"><div class=\"wp-block-embed__wrapper\">\n<div class=\"jeg_video_container jeg_video_content\"><iframe loading=\"lazy\" title=\"Por que a CHAPADA DIAMANTINA \u00e9 um dos lugares mais incr\u00edveis do mundo? | Document\u00e1rio\" width=\"500\" height=\"281\" src=\"https:\/\/www.youtube.com\/embed\/EllDGtU33rw?feature=oembed\" frameborder=\"0\" allow=\"accelerometer; autoplay; clipboard-write; encrypted-media; gyroscope; picture-in-picture; web-share\" referrerpolicy=\"strict-origin-when-cross-origin\" allowfullscreen><\/iframe><\/div>\n<\/div><\/figure>\n\n\n\n<h2 class=\"wp-block-heading\">O que visitar na Chapada Diamantina al\u00e9m do \u00f3bvio?<\/h2>\n\n\n\n<p><strong>A lista de atra\u00e7\u00f5es \u00e9 extensa e se espalha por mais de 20 munic\u00edpios. <\/strong>Quatro dias mal cobrem o essencial, mas alguns pontos merecem prioridade.<\/p>\n\n\n\n<ul class=\"wp-block-list\">\n<li><strong>Cachoeira da Fuma\u00e7a<\/strong>: com cerca de 380 m de queda livre, a \u00e1gua vira n\u00e9voa antes de tocar o ch\u00e3o. A trilha por cima tem 6 km e n\u00edvel leve.<\/li>\n\n\n\n<li><strong>Morro do Pai In\u00e1cio<\/strong>: cart\u00e3o-postal a 1.120 m de altitude, com vista 360\u00b0 e p\u00f4r do sol que justifica a subida \u00edngreme de 20 minutos.<\/li>\n\n\n\n<li><strong>Po\u00e7o Azul<\/strong>: maior s\u00edtio paleontol\u00f3gico submerso do pa\u00eds, com f\u00f3sseis de pregui\u00e7as gigantes no fundo. A flutua\u00e7\u00e3o nas \u00e1guas cristalinas \u00e9 permitida.<\/li>\n\n\n\n<li><strong>Cachoeira do Burac\u00e3o<\/strong>: a trilha de 3 km em <strong>Ibicoara<\/strong> termina em um c\u00e2nion estreito com pared\u00f5es avermelhados e queda monumental.<\/li>\n\n\n\n<li><strong>Igatu<\/strong>: apelidada de Machu Picchu baiana, a vila de ru\u00ednas de pedra abriga a Galeria Arte e Mem\u00f3rias, museu a c\u00e9u aberto sobre o garimpo.<\/li>\n\n\n\n<li><strong>Marimbus<\/strong>: plan\u00edcie alagada conhecida como o Pantanal da Chapada, com passeio de canoa entre capivaras e jacar\u00e9s a 45 minutos de Len\u00e7\u00f3is.<\/li>\n<\/ul>\n\n\n\n<h2 class=\"wp-block-heading\">Vale do Pati: o trekking que transforma a viagem<\/h2>\n\n\n\n<p>Considerado um dos trekkings mais bonitos do Brasil, o <strong>Vale do Pati<\/strong> atravessa c\u00e2nions, rios e mirantes ao longo de 3 a 5 dias. Cerca de 50 moradores ainda vivem no vale e recebem caminhantes em suas casas, servindo refei\u00e7\u00f5es em fog\u00e3o \u00e0 lenha. O pernoite com fam\u00edlias locais \u00e9 parte central da experi\u00eancia.<\/p>\n\n\n\n<p>A trilha parte de <strong>Guin\u00e9<\/strong>, distrito de Mucug\u00ea, e pode terminar no <strong>Vale do Cap\u00e3o<\/strong> ou em <strong>Andara\u00ed<\/strong>. O mirante do Morro do Castelo e o Cachoeir\u00e3o, com 270 m de altura, s\u00e3o os pontos altos do percurso. Guia local \u00e9 obrigat\u00f3rio e a contrata\u00e7\u00e3o costuma ser feita por ag\u00eancias em Len\u00e7\u00f3is.<\/p>\n\n\n<div class=\"wp-block-image\">\n<figure class=\"aligncenter size-large\"><img decoding=\"async\" width=\"1024\" height=\"576\" src=\"https:\/\/www.correiobraziliense.com.br\/cbradar\/wp-content\/uploads\/2025\/02\/Chapada-Diamantina_1739513927780-1024x576.jpg\" alt=\"A 1.280 metros de altitude, este ref\u00fagio no Brasil esconde forma\u00e7\u00f5es rochosas que parecem de outro planeta\" class=\"wp-image-2645\" srcset=\"https:\/\/www.correiobraziliense.com.br\/cbradar\/wp-content\/uploads\/2025\/02\/Chapada-Diamantina_1739513927780-1024x576.jpg 1024w, https:\/\/www.correiobraziliense.com.br\/cbradar\/wp-content\/uploads\/2025\/02\/Chapada-Diamantina_1739513927780-300x169.jpg 300w, https:\/\/www.correiobraziliense.com.br\/cbradar\/wp-content\/uploads\/2025\/02\/Chapada-Diamantina_1739513927780-768x432.jpg 768w, https:\/\/www.correiobraziliense.com.br\/cbradar\/wp-content\/uploads\/2025\/02\/Chapada-Diamantina_1739513927780-750x422.jpg 750w, https:\/\/www.correiobraziliense.com.br\/cbradar\/wp-content\/uploads\/2025\/02\/Chapada-Diamantina_1739513927780-1140x641.jpg 1140w, https:\/\/www.correiobraziliense.com.br\/cbradar\/wp-content\/uploads\/2025\/02\/Chapada-Diamantina_1739513927780.jpg 1280w\" sizes=\"(max-width: 1024px) 100vw, 1024px\" \/><figcaption class=\"wp-element-caption\">Explore a Chapada Diamantina e conecte-se com a natureza em paisagens de tirar o f\u00f4lego \/\/ Cr\u00e9ditos: depositphotos.com \/ Elena Skalovskaia<\/figcaption><\/figure><\/div>\n\n\n<h2 class=\"wp-block-heading\">Vida e ritmo nas vilas da Chapada<\/h2>\n\n\n\n<p>Len\u00e7\u00f3is concentra a melhor estrutura de hospedagem, restaurantes e ag\u00eancias. O centro hist\u00f3rico, tombado pelo IPHAN em <strong>1973<\/strong>, preserva casar\u00f5es do s\u00e9culo XIX que hoje abrigam pousadas e caf\u00e9s. A <strong>Rua das Pedras<\/strong> ganha m\u00fasica ao vivo \u00e0 noite e re\u00fane moradores e viajantes.<\/p>\n\n\n\n<p>No <strong>Vale do Cap\u00e3o<\/strong>, o ritmo \u00e9 outro: comunidades alternativas convivem com agricultores e o sil\u00eancio da serra domina as manh\u00e3s. Mucug\u00ea mant\u00e9m o charme do garimpo no cemit\u00e9rio bizantino de <strong>Santa Isabel<\/strong>, com mausol\u00e9us que imitam fachadas de igrejas em miniatura. Cada vila tem personalidade pr\u00f3pria, e dividir a hospedagem entre duas ou tr\u00eas bases \u00e9 a melhor forma de conhecer a regi\u00e3o.<\/p>\n\n\n\n<h2 class=\"wp-block-heading\">O que comer entre uma trilha e outra?<\/h2>\n\n\n\n<p>A gastronomia da Chapada mistura tradi\u00e7\u00e3o sertaneja e influ\u00eancia dos antigos garimpeiros.<\/p>\n\n\n\n<ul class=\"wp-block-list\">\n<li><strong>God\u00f3 de banana<\/strong>: ensopado de banana-da-terra com carne seca, prato hist\u00f3rico dos garimpeiros, encontrado no Mercado Municipal de Len\u00e7\u00f3is.<\/li>\n\n\n\n<li><strong>Feij\u00e3o de corda com carne de bode<\/strong>: combina\u00e7\u00e3o cl\u00e1ssica do sert\u00e3o baiano, servida em restaurantes caseiros de Mucug\u00ea e Andara\u00ed.<\/li>\n\n\n\n<li><strong>Beiju recheado<\/strong>: crepe de tapioca com op\u00e7\u00f5es doces e salgadas, presen\u00e7a certa nas feiras locais.<\/li>\n\n\n\n<li><strong>Caf\u00e9 da Chapada<\/strong>: cultivado nas fazendas de altitude de <strong>Piat\u00e3<\/strong>, a cidade mais alta do Nordeste (1.260 m), com gr\u00e3os premiados nacionalmente.<\/li>\n<\/ul>\n\n\n\n<p><strong>Leia tamb\u00e9m: <a href=\"https:\/\/www.correiobraziliense.com.br\/cbradar\/antigo-coracao-economico-do-brasil-imperio-essa-cidade-dos-baroes-ja-produziu-a-maior-parte-do-cafe-do-mundo\/\" target=\"_blank\" rel=\"noreferrer noopener\">Antigo cora\u00e7\u00e3o econ\u00f4mico do Brasil Imp\u00e9rio, essa &#8220;Cidade dos Bar\u00f5es&#8221; j\u00e1 produziu a maior parte do caf\u00e9 do mundo.<\/a><\/strong><\/p>\n\n\n<div class=\"wp-block-image\">\n<figure class=\"aligncenter size-large\"><img decoding=\"async\" width=\"1024\" height=\"576\" src=\"https:\/\/www.correiobraziliense.com.br\/cbradar\/wp-content\/uploads\/2025\/02\/Chapada-Diamantina_1739513906758-1024x576.jpg\" alt=\"No Nordeste existe um para\u00edso a 1.200 metros com grutas azuis e c\u00e2nions selvagens de tirar o f\u00f4lego com cen\u00e1rios incr\u00edveis\" class=\"wp-image-2643\" srcset=\"https:\/\/www.correiobraziliense.com.br\/cbradar\/wp-content\/uploads\/2025\/02\/Chapada-Diamantina_1739513906758-1024x576.jpg 1024w, https:\/\/www.correiobraziliense.com.br\/cbradar\/wp-content\/uploads\/2025\/02\/Chapada-Diamantina_1739513906758-300x169.jpg 300w, https:\/\/www.correiobraziliense.com.br\/cbradar\/wp-content\/uploads\/2025\/02\/Chapada-Diamantina_1739513906758-768x432.jpg 768w, https:\/\/www.correiobraziliense.com.br\/cbradar\/wp-content\/uploads\/2025\/02\/Chapada-Diamantina_1739513906758-750x422.jpg 750w, https:\/\/www.correiobraziliense.com.br\/cbradar\/wp-content\/uploads\/2025\/02\/Chapada-Diamantina_1739513906758-1140x641.jpg 1140w, https:\/\/www.correiobraziliense.com.br\/cbradar\/wp-content\/uploads\/2025\/02\/Chapada-Diamantina_1739513906758.jpg 1280w\" sizes=\"(max-width: 1024px) 100vw, 1024px\" \/><figcaption class=\"wp-element-caption\">Venha se encantar com grutas, po\u00e7os azuis e montanhas na Chapada Diamantina, para\u00edso baiano. \/\/ Cr\u00e9ditos: depositphotos.com \/ temaiseme<\/figcaption><\/figure><\/div>\n\n\n<h2 class=\"wp-block-heading\">Quando ir para a Chapada Diamantina?<\/h2>\n\n\n\n<p>O clima \u00e9 mais ameno que o restante do semi\u00e1rido baiano, com temperatura m\u00e9dia anual abaixo de 22 \u00b0C. A regi\u00e3o pode ser visitada o ano inteiro, mas cada esta\u00e7\u00e3o oferece experi\u00eancias diferentes.<\/p>\n\n\n\n<div class=\"google-auto-ads-ignore\" style=\"font-family: 'Segoe UI', Roboto, Helvetica, Arial, sans-serif; max-width: 900px; margin: 10px auto; display: flex; flex-wrap: wrap; gap: 12px; justify-content: center;\">\n\n  <div style=\"flex: 1 1 200px; background: #ffffff; border-radius: 12px; border: 1px solid #bfdbfe; box-shadow: 0 2px 10px rgba(37, 99, 235, 0.05); overflow: hidden; display: flex; flex-direction: column;\">\n    <div style=\"background: #eff6ff; padding: 10px; border-bottom: 1px solid #dbeafe; display: flex; align-items: center; gap: 8px;\">\n      <div style=\"background: #2563eb; padding: 4px; border-radius: 6px; display: flex;\">\n        <svg width=\"14\" height=\"14\" viewBox=\"0 0 24 24\" fill=\"none\" stroke=\"#ffffff\" stroke-width=\"3\" stroke-linecap=\"round\" stroke-linejoin=\"round\"><circle cx=\"12\" cy=\"12\" r=\"5\"\/><line x1=\"12\" y1=\"1\" x2=\"12\" y2=\"3\"\/><line x1=\"12\" y1=\"21\" x2=\"12\" y2=\"23\"\/><line x1=\"4.22\" y1=\"4.22\" x2=\"5.64\" y2=\"5.64\"\/><line x1=\"18.36\" y1=\"18.36\" x2=\"19.78\" y2=\"19.78\"\/><line x1=\"1\" y1=\"12\" x2=\"3\" y2=\"12\"\/><line x1=\"21\" y1=\"12\" x2=\"23\" y2=\"12\"\/><\/svg>\n      <\/div>\n      <span style=\"font-size: 0.75rem; font-weight: 800; color: #1e3a8a; letter-spacing: 0.05em;\">VER\u00c3O<\/span>\n    <\/div>\n    <div style=\"padding: 12px; text-align: center;\">\n      <div style=\"font-size: 0.7rem; color: #1d4ed8; font-weight: 700;\">DEZ &#8211; FEV<\/div>\n      <div style=\"font-size: 1.2rem; font-weight: 900; color: #2563eb; margin: 2px 0;\">18-28 \u00b0C<\/div>\n      <div style=\"font-size: 0.8rem; color: #1e293b; line-height: 1.3;\">Chuva alta. \u00c9poca das <strong>cachoeiras em volume m\u00e1ximo<\/strong> e da serra em um verde exuberante.<\/div>\n    <\/div>\n  <\/div>\n\n  <div style=\"flex: 1 1 200px; background: #ffffff; border-radius: 12px; border: 1px solid #bfdbfe; box-shadow: 0 2px 10px rgba(37, 99, 235, 0.05); overflow: hidden; display: flex; flex-direction: column;\">\n    <div style=\"background: #eff6ff; padding: 10px; border-bottom: 1px solid #dbeafe; display: flex; align-items: center; gap: 8px;\">\n      <div style=\"background: #2563eb; padding: 4px; border-radius: 6px; display: flex;\">\n        <svg width=\"14\" height=\"14\" viewBox=\"0 0 24 24\" fill=\"none\" stroke=\"#ffffff\" stroke-width=\"3\" stroke-linecap=\"round\" stroke-linejoin=\"round\"><path d=\"M12 2L2 7l10 5 10-5-10-5zM2 17l10 5 10-5M2 12l10 5 10-5\"\/><\/svg>\n      <\/div>\n      <span style=\"font-size: 0.75rem; font-weight: 800; color: #1e3a8a; letter-spacing: 0.05em;\">OUTONO<\/span>\n    <\/div>\n    <div style=\"padding: 12px; text-align: center;\">\n      <div style=\"font-size: 0.7rem; color: #1d4ed8; font-weight: 700;\">MAR &#8211; MAI<\/div>\n      <div style=\"font-size: 1.2rem; font-weight: 900; color: #2563eb; margin: 2px 0;\">16-26 \u00b0C<\/div>\n      <div style=\"font-size: 0.8rem; color: #1e293b; line-height: 1.3;\">Chuva m\u00e9dia. \u00d3timo para <strong>trilhas<\/strong> com volume de \u00e1gua equilibrado e menos umidade.<\/div>\n    <\/div>\n  <\/div>\n\n  <div style=\"flex: 1 1 200px; background: #ffffff; border-radius: 12px; border: 1px solid #bfdbfe; box-shadow: 0 2px 10px rgba(37, 99, 235, 0.05); overflow: hidden; display: flex; flex-direction: column;\">\n    <div style=\"background: #eff6ff; padding: 10px; border-bottom: 1px solid #dbeafe; display: flex; align-items: center; gap: 8px;\">\n      <div style=\"background: #2563eb; padding: 4px; border-radius: 6px; display: flex;\">\n        <svg width=\"14\" height=\"14\" viewBox=\"0 0 24 24\" fill=\"none\" stroke=\"#ffffff\" stroke-width=\"3\" stroke-linecap=\"round\" stroke-linejoin=\"round\"><path d=\"M12 3a6 6 0 0 0 9 9 9 9 0 1 1-9-9Z\"\/><path d=\"M19 3v4\"\/><path d=\"M21 5h-4\"\/><\/svg>\n      <\/div>\n      <span style=\"font-size: 0.75rem; font-weight: 800; color: #1e3a8a; letter-spacing: 0.05em;\">INVERNO<\/span>\n    <\/div>\n    <div style=\"padding: 12px; text-align: center;\">\n      <div style=\"font-size: 0.7rem; color: #1d4ed8; font-weight: 700;\">JUN &#8211; AGO<\/div>\n      <div style=\"font-size: 1.2rem; font-weight: 900; color: #2563eb; margin: 2px 0;\">12-24 \u00b0C<\/div>\n      <div style=\"font-size: 0.8rem; color: #1e293b; line-height: 1.3;\">Chuva baixa. Perfeito para <strong>trekking longo<\/strong> e visibilidade total sob um c\u00e9u limpo.<\/div>\n    <\/div>\n  <\/div>\n\n  <div style=\"flex: 1 1 200px; background: #ffffff; border-radius: 12px; border: 1px solid #bfdbfe; box-shadow: 0 2px 10px rgba(37, 99, 235, 0.05); overflow: hidden; display: flex; flex-direction: column;\">\n    <div style=\"background: #eff6ff; padding: 10px; border-bottom: 1px solid #dbeafe; display: flex; align-items: center; gap: 10px;\">\n      <div style=\"background: #2563eb; padding: 4px; border-radius: 6px; display: flex;\">\n        <svg width=\"14\" height=\"14\" viewBox=\"0 0 24 24\" fill=\"none\" stroke=\"#ffffff\" stroke-width=\"3\" stroke-linecap=\"round\" stroke-linejoin=\"round\"><path d=\"M12 7.5V21m-4.5-9L12 21l4.5-9\"\/><\/svg>\n      <\/div>\n      <span style=\"font-size: 0.75rem; font-weight: 800; color: #1e3a8a; letter-spacing: 0.05em;\">PRIMAVERA<\/span>\n    <\/div>\n    <div style=\"padding: 12px; text-align: center;\">\n      <div style=\"font-size: 0.7rem; color: #1d4ed8; font-weight: 700;\">SET &#8211; NOV<\/div>\n      <div style=\"font-size: 1.2rem; font-weight: 900; color: #2563eb; margin: 2px 0;\">16-28 \u00b0C<\/div>\n      <div style=\"font-size: 0.8rem; color: #1e293b; line-height: 1.3;\">Chuva m\u00e9dia. \u00c9poca da <strong>flora\u00e7\u00e3o dos campos rupestres<\/strong>, deixando a serra colorida.<\/div>\n    <\/div>\n  <\/div>\n\n<\/div>\n\n\n\n<p><em>Temperaturas aproximadas com base no <a href=\"https:\/\/www.climatempo.com.br\/previsao-do-tempo\/cidade\/924\/lencois-ba\" target=\"_blank\" rel=\"noreferrer noopener\"><strong>Climatempo<\/strong><\/a>. Condi\u00e7\u00f5es podem variar conforme a altitude.<\/em><\/p>\n\n\n\n<h2 class=\"wp-block-heading\">Como chegar \u00e0 Chapada Diamantina?<\/h2>\n\n\n\n<p>Len\u00e7\u00f3is fica a cerca de 420 km de <strong>Salvador<\/strong> pelas rodovias <strong>BR-324<\/strong>, <strong>BA-052<\/strong> e <strong>BR-242<\/strong>, em aproximadamente 5 a 6 horas de carro. \u00d4nibus da <strong>Real Expresso\/Guanabara<\/strong> partem da Rodovi\u00e1ria de Salvador com tr\u00eas hor\u00e1rios di\u00e1rios. H\u00e1 tamb\u00e9m voos limitados da <strong>Azul<\/strong> entre Salvador e o <strong>Aeroporto Hor\u00e1cio de Matos<\/strong>, a 20 km do centro de Len\u00e7\u00f3is, operando em dias espec\u00edficos da semana.<\/p>\n\n\n\n<h2 class=\"wp-block-heading\">Um sert\u00e3o que surpreende quem chega<\/h2>\n\n\n\n<p>A Chapada Diamantina carrega na paisagem a mem\u00f3ria de garimpeiros, coron\u00e9is e tropeiros que moldaram o interior da Bahia. Hoje, essa mesma serra oferece trilhas entre tr\u00eas biomas, vilas com identidade pr\u00f3pria e um sil\u00eancio raro de encontrar t\u00e3o perto de <a href=\"https:\/\/visitbrasil.com\/pt\/location\/chapada-diamantina\/\" target=\"_blank\" rel=\"noreferrer noopener\"><strong>Salvador<\/strong><\/a>.<\/p>\n\n\n\n<p>Voc\u00ea precisa cal\u00e7ar uma bota, subir a serra e sentir por que a Chapada Diamantina transforma quem aceita caminhar por ela.<\/p>\n","protected":false},"excerpt":{"rendered":"<p>Em meados do s\u00e9culo XIX, pedras preciosas brotavam dos rios com tanta fartura que o governo franc\u00eas instalou um vice-consulado em Len\u00e7\u00f3is, no cora\u00e7\u00e3o da Bahia, no Nordeste. A riqueza acabou, mas o cen\u00e1rio que restou vale mais do que qualquer gema: s\u00e3o 152 mil hectares de cachoeiras, c\u00e2nions e grutas protegidos pelo Parque Nacional [&hellip;]<\/p>\n","protected":false},"author":8,"featured_media":205337,"comment_status":"open","ping_status":"open","sticky":false,"template":"","format":"standard","meta":{"_yoast_wpseo_focuskw":"nordeste","_yoast_wpseo_title":"","_yoast_wpseo_metadesc":"Destino no Nordeste a 1.200 metros de altitude re\u00fane grutas azuis, c\u00e2nions impressionantes e hist\u00f3ria ligada \u00e0 explora\u00e7\u00e3o de diamantes.","jnews-multi-image_gallery":[],"jnews_single_post":{"format":"standard"},"jnews_primary_category":[],"jnews_social_meta":[],"jnews_override_counter":[],"footnotes":""},"categories":[108,111],"post_tag":[483,8469],"class_list":["post-205202","post","type-post","status-publish","format-standard","has-post-thumbnail","hentry","category-cidades","category-turismo","tag-bahia","tag-lencois-2"],"yoast_head":"<!-- This site is optimized with the Yoast SEO plugin v24.6 - https:\/\/yoast.com\/wordpress\/plugins\/seo\/ -->\n<title>No Nordeste, um para\u00edso a 1.200 metros com grutas azuis e c\u00e2nions selvagens guardavam diamantes preciosos explorados pela Fran\u00e7a - Correio Braziliense - Radar<\/title>\n<meta name=\"description\" content=\"Destino no Nordeste a 1.200 metros de altitude re\u00fane grutas azuis, c\u00e2nions impressionantes e hist\u00f3ria ligada \u00e0 explora\u00e7\u00e3o de diamantes.\" \/>\n<meta name=\"robots\" content=\"index, follow, max-snippet:-1, max-image-preview:large, max-video-preview:-1\" \/>\n<link rel=\"canonical\" href=\"https:\/\/www.correiobraziliense.com.br\/cbradar\/no-nordeste-um-paraiso-a-1-200-metros-com-grutas-azuis-e-canions-selvagens-guardavam-diamantes-preciosos-explorados-pela-franca\/\" \/>\n<meta property=\"og:locale\" content=\"pt_BR\" \/>\n<meta property=\"og:type\" content=\"article\" \/>\n<meta property=\"og:title\" content=\"No Nordeste, um para\u00edso a 1.200 metros com grutas azuis e c\u00e2nions selvagens guardavam diamantes preciosos explorados pela Fran\u00e7a - Correio Braziliense - Radar\" \/>\n<meta property=\"og:description\" content=\"Destino no Nordeste a 1.200 metros de altitude re\u00fane grutas azuis, c\u00e2nions impressionantes e hist\u00f3ria ligada \u00e0 explora\u00e7\u00e3o de diamantes.\" \/>\n<meta property=\"og:url\" content=\"https:\/\/www.correiobraziliense.com.br\/cbradar\/no-nordeste-um-paraiso-a-1-200-metros-com-grutas-azuis-e-canions-selvagens-guardavam-diamantes-preciosos-explorados-pela-franca\/\" \/>\n<meta property=\"og:site_name\" content=\"Correio Braziliense - Radar\" \/>\n<meta property=\"article:published_time\" content=\"2026-03-09T15:45:00+00:00\" \/>\n<meta property=\"og:image\" content=\"https:\/\/www.correiobraziliense.com.br\/cbradar\/wp-content\/uploads\/2026\/03\/aaa-2026-03-09T084730.129.png\" \/>\n\t<meta property=\"og:image:width\" content=\"1280\" \/>\n\t<meta property=\"og:image:height\" content=\"720\" \/>\n\t<meta property=\"og:image:type\" content=\"image\/png\" \/>\n<meta name=\"author\" content=\"Maura Pereira\" \/>\n<meta name=\"twitter:card\" content=\"summary_large_image\" \/>\n<meta name=\"twitter:label1\" content=\"Escrito por\" \/>\n\t<meta name=\"twitter:data1\" content=\"Maura Pereira\" \/>\n\t<meta name=\"twitter:label2\" content=\"Est. tempo de leitura\" \/>\n\t<meta name=\"twitter:data2\" content=\"8 minutos\" \/>\n<!-- \/ Yoast SEO plugin. -->","yoast_head_json":{"title":"No Nordeste, um para\u00edso a 1.200 metros com grutas azuis e c\u00e2nions selvagens guardavam diamantes preciosos explorados pela Fran\u00e7a - Correio Braziliense - Radar","description":"Destino no Nordeste a 1.200 metros de altitude re\u00fane grutas azuis, c\u00e2nions impressionantes e hist\u00f3ria ligada \u00e0 explora\u00e7\u00e3o de diamantes.","robots":{"index":"index","follow":"follow","max-snippet":"max-snippet:-1","max-image-preview":"max-image-preview:large","max-video-preview":"max-video-preview:-1"},"canonical":"https:\/\/www.correiobraziliense.com.br\/cbradar\/no-nordeste-um-paraiso-a-1-200-metros-com-grutas-azuis-e-canions-selvagens-guardavam-diamantes-preciosos-explorados-pela-franca\/","og_locale":"pt_BR","og_type":"article","og_title":"No Nordeste, um para\u00edso a 1.200 metros com grutas azuis e c\u00e2nions selvagens guardavam diamantes preciosos explorados pela Fran\u00e7a - Correio Braziliense - Radar","og_description":"Destino no Nordeste a 1.200 metros de altitude re\u00fane grutas azuis, c\u00e2nions impressionantes e hist\u00f3ria ligada \u00e0 explora\u00e7\u00e3o de diamantes.","og_url":"https:\/\/www.correiobraziliense.com.br\/cbradar\/no-nordeste-um-paraiso-a-1-200-metros-com-grutas-azuis-e-canions-selvagens-guardavam-diamantes-preciosos-explorados-pela-franca\/","og_site_name":"Correio Braziliense - Radar","article_published_time":"2026-03-09T15:45:00+00:00","og_image":[{"width":1280,"height":720,"url":"https:\/\/www.correiobraziliense.com.br\/cbradar\/wp-content\/uploads\/2026\/03\/aaa-2026-03-09T084730.129.png","type":"image\/png"}],"author":"Maura Pereira","twitter_card":"summary_large_image","twitter_misc":{"Escrito por":"Maura Pereira","Est. tempo de leitura":"8 minutos"},"schema":{"@context":"https:\/\/schema.org","@graph":[{"@type":"WebPage","@id":"https:\/\/www.correiobraziliense.com.br\/cbradar\/no-nordeste-um-paraiso-a-1-200-metros-com-grutas-azuis-e-canions-selvagens-guardavam-diamantes-preciosos-explorados-pela-franca\/","url":"https:\/\/www.correiobraziliense.com.br\/cbradar\/no-nordeste-um-paraiso-a-1-200-metros-com-grutas-azuis-e-canions-selvagens-guardavam-diamantes-preciosos-explorados-pela-franca\/","name":"No Nordeste, um para\u00edso a 1.200 metros com grutas azuis e c\u00e2nions selvagens guardavam diamantes preciosos explorados pela Fran\u00e7a - Correio Braziliense - Radar","isPartOf":{"@id":"https:\/\/www.correiobraziliense.com.br\/cbradar\/#website"},"primaryImageOfPage":{"@id":"https:\/\/www.correiobraziliense.com.br\/cbradar\/no-nordeste-um-paraiso-a-1-200-metros-com-grutas-azuis-e-canions-selvagens-guardavam-diamantes-preciosos-explorados-pela-franca\/#primaryimage"},"image":{"@id":"https:\/\/www.correiobraziliense.com.br\/cbradar\/no-nordeste-um-paraiso-a-1-200-metros-com-grutas-azuis-e-canions-selvagens-guardavam-diamantes-preciosos-explorados-pela-franca\/#primaryimage"},"thumbnailUrl":"https:\/\/www.correiobraziliense.com.br\/cbradar\/wp-content\/uploads\/2026\/03\/aaa-2026-03-09T084730.129.png","datePublished":"2026-03-09T15:45:00+00:00","author":{"@id":"https:\/\/www.correiobraziliense.com.br\/cbradar\/#\/schema\/person\/4053c651a9bfc785afc6f4cbc9032fd3"},"description":"Destino no Nordeste a 1.200 metros de altitude re\u00fane grutas azuis, c\u00e2nions impressionantes e hist\u00f3ria ligada \u00e0 explora\u00e7\u00e3o de diamantes.","breadcrumb":{"@id":"https:\/\/www.correiobraziliense.com.br\/cbradar\/no-nordeste-um-paraiso-a-1-200-metros-com-grutas-azuis-e-canions-selvagens-guardavam-diamantes-preciosos-explorados-pela-franca\/#breadcrumb"},"inLanguage":"pt-BR","potentialAction":[{"@type":"ReadAction","target":["https:\/\/www.correiobraziliense.com.br\/cbradar\/no-nordeste-um-paraiso-a-1-200-metros-com-grutas-azuis-e-canions-selvagens-guardavam-diamantes-preciosos-explorados-pela-franca\/"]}]},{"@type":"ImageObject","inLanguage":"pt-BR","@id":"https:\/\/www.correiobraziliense.com.br\/cbradar\/no-nordeste-um-paraiso-a-1-200-metros-com-grutas-azuis-e-canions-selvagens-guardavam-diamantes-preciosos-explorados-pela-franca\/#primaryimage","url":"https:\/\/www.correiobraziliense.com.br\/cbradar\/wp-content\/uploads\/2026\/03\/aaa-2026-03-09T084730.129.png","contentUrl":"https:\/\/www.correiobraziliense.com.br\/cbradar\/wp-content\/uploads\/2026\/03\/aaa-2026-03-09T084730.129.png","width":1280,"height":720,"caption":"O Parque Nacional re\u00fane Mata Atl\u00e2ntica, Cerrado e Caatinga dentro de uma mesma unidade de conserva\u00e7\u00e3o. \/ Imagem ilustrativa"},{"@type":"BreadcrumbList","@id":"https:\/\/www.correiobraziliense.com.br\/cbradar\/no-nordeste-um-paraiso-a-1-200-metros-com-grutas-azuis-e-canions-selvagens-guardavam-diamantes-preciosos-explorados-pela-franca\/#breadcrumb","itemListElement":[{"@type":"ListItem","position":1,"name":"In\u00edcio","item":"https:\/\/www.correiobraziliense.com.br\/cbradar\/"},{"@type":"ListItem","position":2,"name":"No Nordeste, um para\u00edso a 1.200 metros com grutas azuis e c\u00e2nions selvagens guardavam diamantes preciosos explorados pela Fran\u00e7a"}]},{"@type":"WebSite","@id":"https:\/\/www.correiobraziliense.com.br\/cbradar\/#website","url":"https:\/\/www.correiobraziliense.com.br\/cbradar\/","name":"Correio Braziliense - Radar","description":"Acompanhe as \u00faltimas not\u00edcias e fique bem informado sobre tudo o que acontece no Brasil e no mundo.","potentialAction":[{"@type":"SearchAction","target":{"@type":"EntryPoint","urlTemplate":"https:\/\/www.correiobraziliense.com.br\/cbradar\/?s={search_term_string}"},"query-input":{"@type":"PropertyValueSpecification","valueRequired":true,"valueName":"search_term_string"}}],"inLanguage":"pt-BR"},{"@type":"Person","@id":"https:\/\/www.correiobraziliense.com.br\/cbradar\/#\/schema\/person\/4053c651a9bfc785afc6f4cbc9032fd3","name":"Maura Pereira","image":{"@type":"ImageObject","inLanguage":"pt-BR","@id":"https:\/\/www.correiobraziliense.com.br\/cbradar\/#\/schema\/person\/image\/","url":"https:\/\/secure.gravatar.com\/avatar\/3effd6bdadfa447f15089c7f7144eaa6?s=96&d=mm&r=g","contentUrl":"https:\/\/secure.gravatar.com\/avatar\/3effd6bdadfa447f15089c7f7144eaa6?s=96&d=mm&r=g","caption":"Maura Pereira"},"sameAs":["https:\/\/www.correiobraziliense.com.br\/"],"url":"https:\/\/www.correiobraziliense.com.br\/cbradar\/author\/mauramyth\/"}]}},"_links":{"self":[{"href":"https:\/\/www.correiobraziliense.com.br\/cbradar\/wp-json\/wp\/v2\/posts\/205202","targetHints":{"allow":["GET"]}}],"collection":[{"href":"https:\/\/www.correiobraziliense.com.br\/cbradar\/wp-json\/wp\/v2\/posts"}],"about":[{"href":"https:\/\/www.correiobraziliense.com.br\/cbradar\/wp-json\/wp\/v2\/types\/post"}],"author":[{"embeddable":true,"href":"https:\/\/www.correiobraziliense.com.br\/cbradar\/wp-json\/wp\/v2\/users\/8"}],"replies":[{"embeddable":true,"href":"https:\/\/www.correiobraziliense.com.br\/cbradar\/wp-json\/wp\/v2\/comments?post=205202"}],"version-history":[{"count":9,"href":"https:\/\/www.correiobraziliense.com.br\/cbradar\/wp-json\/wp\/v2\/posts\/205202\/revisions"}],"predecessor-version":[{"id":205339,"href":"https:\/\/www.correiobraziliense.com.br\/cbradar\/wp-json\/wp\/v2\/posts\/205202\/revisions\/205339"}],"wp:featuredmedia":[{"embeddable":true,"href":"https:\/\/www.correiobraziliense.com.br\/cbradar\/wp-json\/wp\/v2\/media\/205337"}],"wp:attachment":[{"href":"https:\/\/www.correiobraziliense.com.br\/cbradar\/wp-json\/wp\/v2\/media?parent=205202"}],"wp:term":[{"taxonomy":"category","embeddable":true,"href":"https:\/\/www.correiobraziliense.com.br\/cbradar\/wp-json\/wp\/v2\/categories?post=205202"},{"taxonomy":"post_tag","embeddable":true,"href":"https:\/\/www.correiobraziliense.com.br\/cbradar\/wp-json\/wp\/v2\/post_tag?post=205202"}],"curies":[{"name":"wp","href":"https:\/\/api.w.org\/{rel}","templated":true}]}}