{"id":205205,"date":"2026-03-09T21:05:00","date_gmt":"2026-03-10T00:05:00","guid":{"rendered":"https:\/\/www.correiobraziliense.com.br\/cbradar\/?p=205205"},"modified":"2026-03-09T09:46:09","modified_gmt":"2026-03-09T12:46:09","slug":"a-terra-que-inventou-o-charque-e-revelou-o-dragao-do-mar-esta-chamando-atencao-de-turistas-em-busca-de-praias-paradisiacas","status":"publish","type":"post","link":"https:\/\/www.correiobraziliense.com.br\/cbradar\/a-terra-que-inventou-o-charque-e-revelou-o-dragao-do-mar-esta-chamando-atencao-de-turistas-em-busca-de-praias-paradisiacas\/","title":{"rendered":"A terra que inventou o charque e revelou o Drag\u00e3o do Mar est\u00e1 chamando aten\u00e7\u00e3o de turistas em busca de praias paradis\u00edacas"},"content":{"rendered":"\n<p>O vento leste bate constante nas fal\u00e9sias vermelhas e carrega cheiro de sal at\u00e9 os sobrados coloniais da <strong>Rua Grande<\/strong>. <strong>Aracati<\/strong>, no litoral leste do <strong>Cear\u00e1<\/strong>, guarda 275 im\u00f3veis tombados, uma praia famosa no mundo inteiro e a hist\u00f3ria do &#8220;Drag\u00e3o do Mar&#8221;, o jangadeiro que ajudou a libertar escravos quatro anos antes da Lei \u00c1urea.<\/p>\n\n\n\n<h2 class=\"wp-block-heading\">A cidade que j\u00e1 foi a mais rica do Cear\u00e1<\/h2>\n\n\n\n<p>Por volta de <strong>1730<\/strong>, \u00e0s margens do <strong>Rio Jaguaribe<\/strong>, surgiu a primeira charqueada conhecida do Brasil. A carne salgada e seca ao sol era embarcada no porto local rumo a <strong>Recife<\/strong>, <strong>Salvador<\/strong> e <strong>Rio de Janeiro<\/strong>. A riqueza gerada pelo charque transformou o pequeno arraial de S\u00e3o Jos\u00e9 do Porto dos Barcos na pra\u00e7a comercial mais importante da capitania cearense durante todo o s\u00e9culo XVIII.<\/p>\n\n\n\n<p>Quando as grandes secas de 1777 a 1793 dizimaram os rebanhos, o charqueador <strong>Jos\u00e9 Pinto Martins<\/strong> migrou para <strong>Pelotas<\/strong> e levou a t\u00e9cnica consigo. A cidade perdeu protagonismo econ\u00f4mico, mas os sobrados de azulejos portugueses ficaram de p\u00e9. Em <strong>2000<\/strong>, o <a href=\"http:\/\/portal.iphan.gov.br\/pagina\/detalhes\/238\/\" target=\"_blank\" rel=\"noreferrer noopener\"><strong>Instituto do Patrim\u00f4nio Hist\u00f3rico e Art\u00edstico Nacional (IPHAN)<\/strong><\/a> tombou o conjunto arquitet\u00f4nico como patrim\u00f4nio nacional.<\/p>\n\n\n<div class=\"wp-block-image\">\n<figure class=\"aligncenter size-large\"><img decoding=\"async\" width=\"1024\" height=\"576\" src=\"https:\/\/www.correiobraziliense.com.br\/cbradar\/wp-content\/uploads\/2025\/12\/G-2025-12-12T191309.196-1024x576.png\" alt=\"A antiga vila de pescadores que abriga uma praia do Nordeste famosa pela sua &quot;Broadway&quot; e belezas irresist\u00edveis\" class=\"wp-image-158330\" srcset=\"https:\/\/www.correiobraziliense.com.br\/cbradar\/wp-content\/uploads\/2025\/12\/G-2025-12-12T191309.196-1024x576.png 1024w, https:\/\/www.correiobraziliense.com.br\/cbradar\/wp-content\/uploads\/2025\/12\/G-2025-12-12T191309.196-300x169.png 300w, https:\/\/www.correiobraziliense.com.br\/cbradar\/wp-content\/uploads\/2025\/12\/G-2025-12-12T191309.196-768x432.png 768w, https:\/\/www.correiobraziliense.com.br\/cbradar\/wp-content\/uploads\/2025\/12\/G-2025-12-12T191309.196-750x422.png 750w, https:\/\/www.correiobraziliense.com.br\/cbradar\/wp-content\/uploads\/2025\/12\/G-2025-12-12T191309.196-1140x641.png 1140w, https:\/\/www.correiobraziliense.com.br\/cbradar\/wp-content\/uploads\/2025\/12\/G-2025-12-12T191309.196.png 1280w\" sizes=\"(max-width: 1024px) 100vw, 1024px\" \/><figcaption class=\"wp-element-caption\">Aracati nasceu como entreposto comercial do ciclo do charque e hoje vive principalmente do turismo de sol e praia, servi\u00e7os e do Aeroporto Drag\u00e3o do Mar, que recebe voos sazonais.\u200b\u200b \/\/ Cr\u00e9ditos: Wikip\u00e9dia<\/figcaption><\/figure><\/div>\n\n\n<h2 class=\"wp-block-heading\">Quem foi o Drag\u00e3o do Mar nascido nas fal\u00e9sias?<\/h2>\n\n\n\n<p><strong>Francisco Jos\u00e9 do Nascimento<\/strong> nasceu em <strong>Canoa Quebrada<\/strong> em <strong>1839<\/strong>, filho de pescadores e neto de escravizados. Conhecido como Chico da Matilde, tornou-se pr\u00e1tico-mor do porto de <strong>Fortaleza<\/strong> e, em janeiro de <strong>1881<\/strong>, liderou a greve dos jangadeiros que impediu o embarque de pessoas escravizadas. O gesto contribuiu para que o Cear\u00e1 se tornasse a primeira prov\u00edncia brasileira a abolir a escravid\u00e3o, em 25 de mar\u00e7o de <strong>1884<\/strong>.<\/p>\n\n\n\n<p>A imprensa abolicionista do Rio de Janeiro batizou o jangadeiro de Drag\u00e3o do Mar. Hoje, o apelido nomeia o principal centro cultural de Fortaleza, o aeroporto regional de Aracati e uma est\u00e1tua no cal\u00e7ad\u00e3o de Canoa Quebrada.<\/p>\n\n\n\n<p><strong>Aracati \u00e9 uma joia hist\u00f3rica do Cear\u00e1, famosa pelo seu conjunto arquitet\u00f4nico preservado e por ser a porta de entrada para praias ic\u00f4nicas como Canoa Quebrada. <\/strong>O v\u00eddeo \u00e9 do canal <strong>DEVA NO AR<\/strong>, que conta com mais de <strong>100 mil inscritos<\/strong>, e apresenta as belezas da cidade \u00e0s margens do Rio Jaguaribe, destacando suas igrejas, mercados e casar\u00f5es coloniais:<\/p>\n\n\n\n<figure class=\"wp-block-embed aligncenter is-type-video is-provider-youtube wp-block-embed-youtube wp-embed-aspect-16-9 wp-has-aspect-ratio\"><div class=\"wp-block-embed__wrapper\">\n<div class=\"jeg_video_container jeg_video_content\"><iframe loading=\"lazy\" title=\"CONHE\u00c7A ARACATI no CEAR\u00c1 - A CIDADE ENCANTADORA \u00c0S MARGENS DO RIO JAGUARIBE\" width=\"500\" height=\"281\" src=\"https:\/\/www.youtube.com\/embed\/AUCUSTu1YD8?feature=oembed\" frameborder=\"0\" allow=\"accelerometer; autoplay; clipboard-write; encrypted-media; gyroscope; picture-in-picture; web-share\" referrerpolicy=\"strict-origin-when-cross-origin\" allowfullscreen><\/iframe><\/div>\n<\/div><\/figure>\n\n\n\n<h2 class=\"wp-block-heading\">O que visitar na Terra dos Bons Ventos?<\/h2>\n\n\n\n<p>O nome Aracati vem do tupi e pode ser traduzido como &#8220;bons tempos&#8221; ou &#8220;terra de boa claridade&#8221;. Essa etimologia cabe perfeitamente num roteiro que mistura patrim\u00f4nio colonial, praias e aventura.<\/p>\n\n\n\n<ul class=\"wp-block-list\">\n<li><strong>Canoa Quebrada<\/strong>: fal\u00e9sias avermelhadas de at\u00e9 30 metros, mar esverdeado e o s\u00edmbolo da lua com estrela esculpido na rocha. Passeios de buggy, jangada e voo de parapente completam o dia.<\/li>\n\n\n\n<li><strong>Broadway<\/strong>: a Rua Drag\u00e3o do Mar, fechada para carros, concentra restaurantes, bares de forr\u00f3 e reggae e toda a vida noturna da vila.<\/li>\n\n\n\n<li><strong>Centro Hist\u00f3rico<\/strong>: caminhe pela Rua Grande e observe os sobrados de azulejos portugueses dos s\u00e9culos XVIII e XIX. A <strong>Igreja Matriz de Nossa Senhora do Ros\u00e1rio<\/strong>, conclu\u00edda no s\u00e9culo XIX, \u00e9 o cart\u00e3o-postal urbano.<\/li>\n\n\n\n<li><strong>Museu Jaguaribano<\/strong>: instalado no solar de quatro andares do <strong>Bar\u00e3o de Aracati<\/strong>, exibe fotografias, objetos e mobili\u00e1rio do per\u00edodo colonial.<\/li>\n\n\n\n<li><strong>Majorl\u00e2ndia<\/strong>: praia vizinha onde artes\u00e3os criam as famosas garrafinhas de areia colorida (silicografia). Comprar uma pe\u00e7a direto do artes\u00e3o \u00e9 programa obrigat\u00f3rio.<\/li>\n\n\n\n<li><strong>Ponta Grossa<\/strong>: passeio de buggy que percorre fal\u00e9sias multicoloridas at\u00e9 o munic\u00edpio de <strong>Icapu\u00ed<\/strong>, revelando um degrad\u00ea de tons terrosos, brancos e amarelos.<\/li>\n<\/ul>\n\n\n<div class=\"wp-block-image\">\n<figure class=\"aligncenter size-large\"><img decoding=\"async\" width=\"1024\" height=\"576\" src=\"https:\/\/www.correiobraziliense.com.br\/cbradar\/wp-content\/uploads\/2025\/12\/G-2025-12-12T191349.314-1024x576.png\" alt=\"O litoral cearense pouco conhecido que est\u00e1 chamando a aten\u00e7\u00e3o de turistas pelas praias exuberantes e sua hist\u00f3ria\" class=\"wp-image-158331\" srcset=\"https:\/\/www.correiobraziliense.com.br\/cbradar\/wp-content\/uploads\/2025\/12\/G-2025-12-12T191349.314-1024x576.png 1024w, https:\/\/www.correiobraziliense.com.br\/cbradar\/wp-content\/uploads\/2025\/12\/G-2025-12-12T191349.314-300x169.png 300w, https:\/\/www.correiobraziliense.com.br\/cbradar\/wp-content\/uploads\/2025\/12\/G-2025-12-12T191349.314-768x432.png 768w, https:\/\/www.correiobraziliense.com.br\/cbradar\/wp-content\/uploads\/2025\/12\/G-2025-12-12T191349.314-750x422.png 750w, https:\/\/www.correiobraziliense.com.br\/cbradar\/wp-content\/uploads\/2025\/12\/G-2025-12-12T191349.314-1140x641.png 1140w, https:\/\/www.correiobraziliense.com.br\/cbradar\/wp-content\/uploads\/2025\/12\/G-2025-12-12T191349.314.png 1280w\" sizes=\"(max-width: 1024px) 100vw, 1024px\" \/><figcaption class=\"wp-element-caption\">Aracati une casar\u00f5es coloridos \u00e0s margens do Jaguaribe com praias como Canoa Quebrada, onde fal\u00e9sias avermelhadas encontram um mar verde-esmeralda de cart\u00e3o-postal. \/\/ Cr\u00e9ditos: Wikip\u00e9dia<\/figcaption><\/figure><\/div>\n\n\n<h2 class=\"wp-block-heading\">Carne de sol, camar\u00e3o e tamarindo na mesa cearense<\/h2>\n\n\n\n<p>A heran\u00e7a das charqueadas sobrevive no prato mais pedido da regi\u00e3o. A gastronomia local conecta sert\u00e3o e litoral com ingredientes frescos e receitas antigas.<\/p>\n\n\n\n<ul class=\"wp-block-list\">\n<li><strong>Carne de sol com macaxeira e manteiga da terra<\/strong>: tradi\u00e7\u00e3o sertaneja servida nas barracas de praia e nos restaurantes do centro.<\/li>\n\n\n\n<li><strong>Camar\u00e3o regional<\/strong>: Aracati \u00e9 um dos maiores produtores de camar\u00e3o em cativeiro do Cear\u00e1. O crust\u00e1ceo aparece grelhado, ao alho e em moquecas.<\/li>\n\n\n\n<li><strong>Suco de tamarindo da Casa Ponciano<\/strong>: bar com cerca de 70 anos no centro hist\u00f3rico, conhecido pela receita secreta da bebida.<\/li>\n<\/ul>\n\n\n\n<p><strong>Leia tamb\u00e9m: <a href=\"https:\/\/www.correiobraziliense.com.br\/cbradar\/antigo-coracao-economico-do-brasil-imperio-essa-cidade-dos-baroes-ja-produziu-a-maior-parte-do-cafe-do-mundo\/\" target=\"_blank\" rel=\"noreferrer noopener\">Antigo cora\u00e7\u00e3o econ\u00f4mico do Brasil Imp\u00e9rio, essa &#8220;Cidade dos Bar\u00f5es&#8221; j\u00e1 produziu a maior parte do caf\u00e9 do mundo.<\/a><\/strong><\/p>\n\n\n\n<h2 class=\"wp-block-heading\">Quando o clima favorece cada tipo de passeio?<\/h2>\n\n\n\n<p>O sol aparece praticamente todos os dias do ano. O primeiro semestre concentra chuvas curtas, enquanto o segundo traz ventos fortes e c\u00e9u limpo, atraindo kitesurfistas de v\u00e1rios pa\u00edses.<\/p>\n\n\n\n<div class=\"google-auto-ads-ignore\" style=\"font-family: 'Segoe UI', Roboto, Helvetica, Arial, sans-serif; max-width: 900px; margin: 10px auto; display: flex; flex-wrap: wrap; gap: 12px; justify-content: center;\">\n\n  <div style=\"flex: 1 1 200px; background: #ffffff; border-radius: 12px; border: 1px solid #bfdbfe; box-shadow: 0 2px 10px rgba(37, 99, 235, 0.05); overflow: hidden; display: flex; flex-direction: column;\">\n    <div style=\"background: #eff6ff; padding: 10px; border-bottom: 1px solid #dbeafe; display: flex; align-items: center; gap: 8px;\">\n      <div style=\"background: #2563eb; padding: 4px; border-radius: 6px; display: flex;\">\n        <svg width=\"14\" height=\"14\" viewBox=\"0 0 24 24\" fill=\"none\" stroke=\"#ffffff\" stroke-width=\"3\" stroke-linecap=\"round\" stroke-linejoin=\"round\"><circle cx=\"12\" cy=\"12\" r=\"5\"\/><line x1=\"12\" y1=\"1\" x2=\"12\" y2=\"3\"\/><line x1=\"12\" y1=\"21\" x2=\"12\" y2=\"23\"\/><line x1=\"4.22\" y1=\"4.22\" x2=\"5.64\" y2=\"5.64\"\/><line x1=\"18.36\" y1=\"18.36\" x2=\"19.78\" y2=\"19.78\"\/><line x1=\"1\" y1=\"12\" x2=\"3\" y2=\"12\"\/><line x1=\"21\" y1=\"12\" x2=\"23\" y2=\"12\"\/><\/svg>\n      <\/div>\n      <span style=\"font-size: 0.75rem; font-weight: 800; color: #1e3a8a; letter-spacing: 0.05em;\">VER\u00c3O<\/span>\n    <\/div>\n    <div style=\"padding: 12px; text-align: center;\">\n      <div style=\"font-size: 0.7rem; color: #1d4ed8; font-weight: 700;\">DEZ &#8211; FEV<\/div>\n      <div style=\"font-size: 1.2rem; font-weight: 900; color: #2563eb; margin: 2px 0;\">25-33 \u00b0C<\/div>\n      <div style=\"font-size: 0.8rem; color: #1e293b; line-height: 1.3;\">Chuva m\u00e9dia. Sol e calor no \u00e1pice, ideal para curtir as <strong>praias, o Carnaval e a vida noturna<\/strong> vibrante.<\/div>\n    <\/div>\n  <\/div>\n\n  <div style=\"flex: 1 1 200px; background: #ffffff; border-radius: 12px; border: 1px solid #bfdbfe; box-shadow: 0 2px 10px rgba(37, 99, 235, 0.05); overflow: hidden; display: flex; flex-direction: column;\">\n    <div style=\"background: #eff6ff; padding: 10px; border-bottom: 1px solid #dbeafe; display: flex; align-items: center; gap: 8px;\">\n      <div style=\"background: #2563eb; padding: 4px; border-radius: 6px; display: flex;\">\n        <svg width=\"14\" height=\"14\" viewBox=\"0 0 24 24\" fill=\"none\" stroke=\"#ffffff\" stroke-width=\"3\" stroke-linecap=\"round\" stroke-linejoin=\"round\"><path d=\"M4 19.5A2.5 2.5 0 0 1 6.5 17H20\"\/><path d=\"M6.5 2H20v20H6.5A2.5 2.5 0 0 1 4 19.5v-15A2.5 2.5 0 0 1 6.5 2z\"\/><\/svg>\n      <\/div>\n      <span style=\"font-size: 0.75rem; font-weight: 800; color: #1e3a8a; letter-spacing: 0.05em;\">OUTONO<\/span>\n    <\/div>\n    <div style=\"padding: 12px; text-align: center;\">\n      <div style=\"font-size: 0.7rem; color: #1d4ed8; font-weight: 700;\">MAR &#8211; MAI<\/div>\n      <div style=\"font-size: 1.2rem; font-weight: 900; color: #2563eb; margin: 2px 0;\">24-31 \u00b0C<\/div>\n      <div style=\"font-size: 0.8rem; color: #1e293b; line-height: 1.3;\">Chuva alta. Per\u00edodo para explorar a arquitetura do <strong>centro hist\u00f3rico<\/strong> e a rica <strong>gastronomia<\/strong> local.<\/div>\n    <\/div>\n  <\/div>\n\n  <div style=\"flex: 1 1 200px; background: #ffffff; border-radius: 12px; border: 1px solid #bfdbfe; box-shadow: 0 2px 10px rgba(37, 99, 235, 0.05); overflow: hidden; display: flex; flex-direction: column;\">\n    <div style=\"background: #eff6ff; padding: 10px; border-bottom: 1px solid #dbeafe; display: flex; align-items: center; gap: 8px;\">\n      <div style=\"background: #2563eb; padding: 4px; border-radius: 6px; display: flex;\">\n        <svg width=\"14\" height=\"14\" viewBox=\"0 0 24 24\" fill=\"none\" stroke=\"#ffffff\" stroke-width=\"3\" stroke-linecap=\"round\" stroke-linejoin=\"round\"><path d=\"M9.59 4.59A2 2 0 1 1 11 8H2m10.59 11.41A2 2 0 1 0 14 16H2m15.73-8.27A2.5 2.5 0 1 1 19.5 12H2\"\/><\/svg>\n      <\/div>\n      <span style=\"font-size: 0.75rem; font-weight: 800; color: #1e3a8a; letter-spacing: 0.05em;\">INVERNO<\/span>\n    <\/div>\n    <div style=\"padding: 12px; text-align: center;\">\n      <div style=\"font-size: 0.7rem; color: #1d4ed8; font-weight: 700;\">JUN &#8211; AGO<\/div>\n      <div style=\"font-size: 1.2rem; font-weight: 900; color: #2563eb; margin: 2px 0;\">24-31 \u00b0C<\/div>\n      <div style=\"font-size: 0.8rem; color: #1e293b; line-height: 1.3;\">Chuva baixa. Ventos perfeitos para o <strong>kitesurf<\/strong> e dias firmes para <strong>passeios de buggy<\/strong> pelas dunas.<\/div>\n    <\/div>\n  <\/div>\n\n  <div style=\"flex: 1 1 200px; background: #ffffff; border-radius: 12px; border: 1px solid #bfdbfe; box-shadow: 0 2px 10px rgba(37, 99, 235, 0.05); overflow: hidden; display: flex; flex-direction: column;\">\n    <div style=\"background: #eff6ff; padding: 10px; border-bottom: 1px solid #dbeafe; display: flex; align-items: center; gap: 10px;\">\n      <div style=\"background: #2563eb; padding: 4px; border-radius: 6px; display: flex;\">\n        <svg width=\"14\" height=\"14\" viewBox=\"0 0 24 24\" fill=\"none\" stroke=\"#ffffff\" stroke-width=\"3\" stroke-linecap=\"round\" stroke-linejoin=\"round\"><path d=\"M12 7.5V21m-4.5-9L12 21l4.5-9\"\/><\/svg>\n      <\/div>\n      <span style=\"font-size: 0.75rem; font-weight: 800; color: #1e3a8a; letter-spacing: 0.05em;\">PRIMAVERA<\/span>\n    <\/div>\n    <div style=\"padding: 12px; text-align: center;\">\n      <div style=\"font-size: 0.7rem; color: #1d4ed8; font-weight: 700;\">SET &#8211; NOV<\/div>\n      <div style=\"font-size: 1.2rem; font-weight: 900; color: #2563eb; margin: 2px 0;\">25-33 \u00b0C<\/div>\n      <div style=\"font-size: 0.8rem; color: #1e293b; line-height: 1.3;\">Chuva baixa. Esta\u00e7\u00e3o nobre para <strong>kitesurf, parapente e jangada<\/strong> sob o c\u00e9u azul constante.<\/div>\n    <\/div>\n  <\/div>\n\n<\/div>\n\n\n\n<p><em>Temperaturas aproximadas com base no <a href=\"https:\/\/www.climatempo.com.br\/previsao-do-tempo\/cidade\/4833\/aracati-ce\" target=\"_blank\" rel=\"noreferrer noopener\"><strong>Climatempo<\/strong><\/a>. Condi\u00e7\u00f5es podem variar.<\/em><\/p>\n\n\n<div class=\"wp-block-image\">\n<figure class=\"aligncenter size-large\"><img decoding=\"async\" width=\"1024\" height=\"576\" src=\"https:\/\/www.correiobraziliense.com.br\/cbradar\/wp-content\/uploads\/2025\/12\/G-2025-12-12T190654.938-1024x576.png\" alt=\"O litoral no Cear\u00e1 pouco conhecido que est\u00e1 chamando a aten\u00e7\u00e3o de turistas pelas praias exuberantes e sua hist\u00f3ria\" class=\"wp-image-158328\" srcset=\"https:\/\/www.correiobraziliense.com.br\/cbradar\/wp-content\/uploads\/2025\/12\/G-2025-12-12T190654.938-1024x576.png 1024w, https:\/\/www.correiobraziliense.com.br\/cbradar\/wp-content\/uploads\/2025\/12\/G-2025-12-12T190654.938-300x169.png 300w, https:\/\/www.correiobraziliense.com.br\/cbradar\/wp-content\/uploads\/2025\/12\/G-2025-12-12T190654.938-768x432.png 768w, https:\/\/www.correiobraziliense.com.br\/cbradar\/wp-content\/uploads\/2025\/12\/G-2025-12-12T190654.938-750x422.png 750w, https:\/\/www.correiobraziliense.com.br\/cbradar\/wp-content\/uploads\/2025\/12\/G-2025-12-12T190654.938-1140x641.png 1140w, https:\/\/www.correiobraziliense.com.br\/cbradar\/wp-content\/uploads\/2025\/12\/G-2025-12-12T190654.938.png 1280w\" sizes=\"(max-width: 1024px) 100vw, 1024px\" \/><figcaption class=\"wp-element-caption\"> Em Aracati d\u00e1 para passear pelo centro hist\u00f3rico tombado, curtir o p\u00f4r do sol nas dunas de Canoa Quebrada, andar de buggy pela praia e aproveitar a animada \u201cBroadway\u201d do vilarejo. \/\/ Cr\u00e9ditos: Wikip\u00e9dia<\/figcaption><\/figure><\/div>\n\n\n<h2 class=\"wp-block-heading\">Como chegar ao litoral leste do Cear\u00e1?<\/h2>\n\n\n\n<p>Aracati fica a 150 km de Fortaleza pela <strong>CE-040<\/strong>, com trecho duplicado em boa parte do caminho. O trajeto de carro dura cerca de 2h. \u00d4nibus partem da rodovi\u00e1ria da capital com op\u00e7\u00f5es que deixam o passageiro no centro ou direto em Canoa Quebrada. A cidade tamb\u00e9m conta com o <strong>Aeroporto Regional Drag\u00e3o do Mar<\/strong>, a 20 minutos da vila, que recebe voos regionais.<\/p>\n\n\n\n<h2 class=\"wp-block-heading\">Vale cruzar o Cear\u00e1 por Aracati<\/h2>\n\n\n\n<p>Poucos destinos no <strong>Nordeste<\/strong> re\u00fanem fal\u00e9sias de cart\u00e3o-postal, um centro hist\u00f3rico tombado e a mem\u00f3ria de um her\u00f3i nacional no mesmo munic\u00edpio. Aracati entrega tudo isso temperado por ventos constantes, carne de sol no prato e forr\u00f3 na Broadway.<\/p>\n\n\n\n<p>Voc\u00ea precisa sentir o vento leste no rosto e entender por que os tupis chamaram este lugar de terra dos bons tempos.<\/p>\n","protected":false},"excerpt":{"rendered":"<p>O vento leste bate constante nas fal\u00e9sias vermelhas e carrega cheiro de sal at\u00e9 os sobrados coloniais da Rua Grande. Aracati, no litoral leste do Cear\u00e1, guarda 275 im\u00f3veis tombados, uma praia famosa no mundo inteiro e a hist\u00f3ria do &#8220;Drag\u00e3o do Mar&#8221;, o jangadeiro que ajudou a libertar escravos quatro anos antes da Lei [&hellip;]<\/p>\n","protected":false},"author":8,"featured_media":205436,"comment_status":"open","ping_status":"open","sticky":false,"template":"","format":"standard","meta":{"_yoast_wpseo_focuskw":"Drag\u00e3o do Mar","_yoast_wpseo_title":"","_yoast_wpseo_metadesc":"Terra que inventou o charque e revelou o Drag\u00e3o do Mar hoje chama aten\u00e7\u00e3o por suas praias paradis\u00edacas e rica hist\u00f3ria.","jnews-multi-image_gallery":[],"jnews_single_post":{"format":"standard"},"jnews_primary_category":[],"jnews_social_meta":[],"jnews_override_counter":[],"footnotes":""},"categories":[108,111],"tags":[12949,1460],"class_list":["post-205205","post","type-post","status-publish","format-standard","has-post-thumbnail","hentry","category-cidades","category-turismo","tag-aracati","tag-ceara"],"yoast_head":"<!-- This site is optimized with the Yoast SEO plugin v24.6 - https:\/\/yoast.com\/wordpress\/plugins\/seo\/ -->\n<title>A terra que inventou o charque e revelou o Drag\u00e3o do Mar est\u00e1 chamando aten\u00e7\u00e3o de turistas em busca de praias paradis\u00edacas - Correio Braziliense - Radar<\/title>\n<meta name=\"description\" content=\"Terra que inventou o charque e revelou o Drag\u00e3o do Mar hoje chama aten\u00e7\u00e3o por suas praias paradis\u00edacas e rica hist\u00f3ria.\" \/>\n<meta name=\"robots\" content=\"index, follow, max-snippet:-1, max-image-preview:large, max-video-preview:-1\" \/>\n<link rel=\"canonical\" href=\"https:\/\/www.correiobraziliense.com.br\/cbradar\/a-terra-que-inventou-o-charque-e-revelou-o-dragao-do-mar-esta-chamando-atencao-de-turistas-em-busca-de-praias-paradisiacas\/\" \/>\n<meta property=\"og:locale\" content=\"pt_BR\" \/>\n<meta property=\"og:type\" content=\"article\" \/>\n<meta property=\"og:title\" content=\"A terra que inventou o charque e revelou o Drag\u00e3o do Mar est\u00e1 chamando aten\u00e7\u00e3o de turistas em busca de praias paradis\u00edacas - Correio Braziliense - Radar\" \/>\n<meta property=\"og:description\" content=\"Terra que inventou o charque e revelou o Drag\u00e3o do Mar hoje chama aten\u00e7\u00e3o por suas praias paradis\u00edacas e rica hist\u00f3ria.\" \/>\n<meta property=\"og:url\" content=\"https:\/\/www.correiobraziliense.com.br\/cbradar\/a-terra-que-inventou-o-charque-e-revelou-o-dragao-do-mar-esta-chamando-atencao-de-turistas-em-busca-de-praias-paradisiacas\/\" \/>\n<meta property=\"og:site_name\" content=\"Correio Braziliense - Radar\" \/>\n<meta property=\"article:published_time\" content=\"2026-03-10T00:05:00+00:00\" \/>\n<meta property=\"og:image\" content=\"https:\/\/www.correiobraziliense.com.br\/cbradar\/wp-content\/uploads\/2026\/03\/aaa-2026-03-09T094501.051.png\" \/>\n\t<meta property=\"og:image:width\" content=\"1280\" \/>\n\t<meta property=\"og:image:height\" content=\"720\" \/>\n\t<meta property=\"og:image:type\" content=\"image\/png\" \/>\n<meta name=\"author\" content=\"Maura Pereira\" \/>\n<meta name=\"twitter:card\" content=\"summary_large_image\" \/>\n<meta name=\"twitter:label1\" content=\"Escrito por\" \/>\n\t<meta name=\"twitter:data1\" content=\"Maura Pereira\" \/>\n\t<meta name=\"twitter:label2\" content=\"Est. tempo de leitura\" \/>\n\t<meta name=\"twitter:data2\" content=\"7 minutos\" \/>\n<!-- \/ Yoast SEO plugin. -->","yoast_head_json":{"title":"A terra que inventou o charque e revelou o Drag\u00e3o do Mar est\u00e1 chamando aten\u00e7\u00e3o de turistas em busca de praias paradis\u00edacas - Correio Braziliense - Radar","description":"Terra que inventou o charque e revelou o Drag\u00e3o do Mar hoje chama aten\u00e7\u00e3o por suas praias paradis\u00edacas e rica hist\u00f3ria.","robots":{"index":"index","follow":"follow","max-snippet":"max-snippet:-1","max-image-preview":"max-image-preview:large","max-video-preview":"max-video-preview:-1"},"canonical":"https:\/\/www.correiobraziliense.com.br\/cbradar\/a-terra-que-inventou-o-charque-e-revelou-o-dragao-do-mar-esta-chamando-atencao-de-turistas-em-busca-de-praias-paradisiacas\/","og_locale":"pt_BR","og_type":"article","og_title":"A terra que inventou o charque e revelou o Drag\u00e3o do Mar est\u00e1 chamando aten\u00e7\u00e3o de turistas em busca de praias paradis\u00edacas - Correio Braziliense - Radar","og_description":"Terra que inventou o charque e revelou o Drag\u00e3o do Mar hoje chama aten\u00e7\u00e3o por suas praias paradis\u00edacas e rica hist\u00f3ria.","og_url":"https:\/\/www.correiobraziliense.com.br\/cbradar\/a-terra-que-inventou-o-charque-e-revelou-o-dragao-do-mar-esta-chamando-atencao-de-turistas-em-busca-de-praias-paradisiacas\/","og_site_name":"Correio Braziliense - Radar","article_published_time":"2026-03-10T00:05:00+00:00","og_image":[{"width":1280,"height":720,"url":"https:\/\/www.correiobraziliense.com.br\/cbradar\/wp-content\/uploads\/2026\/03\/aaa-2026-03-09T094501.051.png","type":"image\/png"}],"author":"Maura Pereira","twitter_card":"summary_large_image","twitter_misc":{"Escrito por":"Maura Pereira","Est. tempo de leitura":"7 minutos"},"schema":{"@context":"https:\/\/schema.org","@graph":[{"@type":"WebPage","@id":"https:\/\/www.correiobraziliense.com.br\/cbradar\/a-terra-que-inventou-o-charque-e-revelou-o-dragao-do-mar-esta-chamando-atencao-de-turistas-em-busca-de-praias-paradisiacas\/","url":"https:\/\/www.correiobraziliense.com.br\/cbradar\/a-terra-que-inventou-o-charque-e-revelou-o-dragao-do-mar-esta-chamando-atencao-de-turistas-em-busca-de-praias-paradisiacas\/","name":"A terra que inventou o charque e revelou o Drag\u00e3o do Mar est\u00e1 chamando aten\u00e7\u00e3o de turistas em busca de praias paradis\u00edacas - Correio Braziliense - Radar","isPartOf":{"@id":"https:\/\/www.correiobraziliense.com.br\/cbradar\/#website"},"primaryImageOfPage":{"@id":"https:\/\/www.correiobraziliense.com.br\/cbradar\/a-terra-que-inventou-o-charque-e-revelou-o-dragao-do-mar-esta-chamando-atencao-de-turistas-em-busca-de-praias-paradisiacas\/#primaryimage"},"image":{"@id":"https:\/\/www.correiobraziliense.com.br\/cbradar\/a-terra-que-inventou-o-charque-e-revelou-o-dragao-do-mar-esta-chamando-atencao-de-turistas-em-busca-de-praias-paradisiacas\/#primaryimage"},"thumbnailUrl":"https:\/\/www.correiobraziliense.com.br\/cbradar\/wp-content\/uploads\/2026\/03\/aaa-2026-03-09T094501.051.png","datePublished":"2026-03-10T00:05:00+00:00","author":{"@id":"https:\/\/www.correiobraziliense.com.br\/cbradar\/#\/schema\/person\/4053c651a9bfc785afc6f4cbc9032fd3"},"description":"Terra que inventou o charque e revelou o Drag\u00e3o do Mar hoje chama aten\u00e7\u00e3o por suas praias paradis\u00edacas e rica hist\u00f3ria.","breadcrumb":{"@id":"https:\/\/www.correiobraziliense.com.br\/cbradar\/a-terra-que-inventou-o-charque-e-revelou-o-dragao-do-mar-esta-chamando-atencao-de-turistas-em-busca-de-praias-paradisiacas\/#breadcrumb"},"inLanguage":"pt-BR","potentialAction":[{"@type":"ReadAction","target":["https:\/\/www.correiobraziliense.com.br\/cbradar\/a-terra-que-inventou-o-charque-e-revelou-o-dragao-do-mar-esta-chamando-atencao-de-turistas-em-busca-de-praias-paradisiacas\/"]}]},{"@type":"ImageObject","inLanguage":"pt-BR","@id":"https:\/\/www.correiobraziliense.com.br\/cbradar\/a-terra-que-inventou-o-charque-e-revelou-o-dragao-do-mar-esta-chamando-atencao-de-turistas-em-busca-de-praias-paradisiacas\/#primaryimage","url":"https:\/\/www.correiobraziliense.com.br\/cbradar\/wp-content\/uploads\/2026\/03\/aaa-2026-03-09T094501.051.png","contentUrl":"https:\/\/www.correiobraziliense.com.br\/cbradar\/wp-content\/uploads\/2026\/03\/aaa-2026-03-09T094501.051.png","width":1280,"height":720,"caption":"O nome Aracati vem do tupi e pode ser traduzido como \"bons tempos\" ou \"terra de boa claridade\". \/ Imagem ilustrativa"},{"@type":"BreadcrumbList","@id":"https:\/\/www.correiobraziliense.com.br\/cbradar\/a-terra-que-inventou-o-charque-e-revelou-o-dragao-do-mar-esta-chamando-atencao-de-turistas-em-busca-de-praias-paradisiacas\/#breadcrumb","itemListElement":[{"@type":"ListItem","position":1,"name":"In\u00edcio","item":"https:\/\/www.correiobraziliense.com.br\/cbradar\/"},{"@type":"ListItem","position":2,"name":"A terra que inventou o charque e revelou o Drag\u00e3o do Mar est\u00e1 chamando aten\u00e7\u00e3o de turistas em busca de praias paradis\u00edacas"}]},{"@type":"WebSite","@id":"https:\/\/www.correiobraziliense.com.br\/cbradar\/#website","url":"https:\/\/www.correiobraziliense.com.br\/cbradar\/","name":"Correio Braziliense - Radar","description":"Acompanhe as \u00faltimas not\u00edcias e fique bem informado sobre tudo o que acontece no Brasil e no mundo.","potentialAction":[{"@type":"SearchAction","target":{"@type":"EntryPoint","urlTemplate":"https:\/\/www.correiobraziliense.com.br\/cbradar\/?s={search_term_string}"},"query-input":{"@type":"PropertyValueSpecification","valueRequired":true,"valueName":"search_term_string"}}],"inLanguage":"pt-BR"},{"@type":"Person","@id":"https:\/\/www.correiobraziliense.com.br\/cbradar\/#\/schema\/person\/4053c651a9bfc785afc6f4cbc9032fd3","name":"Maura Pereira","image":{"@type":"ImageObject","inLanguage":"pt-BR","@id":"https:\/\/www.correiobraziliense.com.br\/cbradar\/#\/schema\/person\/image\/","url":"https:\/\/secure.gravatar.com\/avatar\/3effd6bdadfa447f15089c7f7144eaa6?s=96&d=mm&r=g","contentUrl":"https:\/\/secure.gravatar.com\/avatar\/3effd6bdadfa447f15089c7f7144eaa6?s=96&d=mm&r=g","caption":"Maura Pereira"},"sameAs":["https:\/\/www.correiobraziliense.com.br\/"],"url":"https:\/\/www.correiobraziliense.com.br\/cbradar\/author\/mauramyth\/"}]}},"_links":{"self":[{"href":"https:\/\/www.correiobraziliense.com.br\/cbradar\/wp-json\/wp\/v2\/posts\/205205","targetHints":{"allow":["GET"]}}],"collection":[{"href":"https:\/\/www.correiobraziliense.com.br\/cbradar\/wp-json\/wp\/v2\/posts"}],"about":[{"href":"https:\/\/www.correiobraziliense.com.br\/cbradar\/wp-json\/wp\/v2\/types\/post"}],"author":[{"embeddable":true,"href":"https:\/\/www.correiobraziliense.com.br\/cbradar\/wp-json\/wp\/v2\/users\/8"}],"replies":[{"embeddable":true,"href":"https:\/\/www.correiobraziliense.com.br\/cbradar\/wp-json\/wp\/v2\/comments?post=205205"}],"version-history":[{"count":7,"href":"https:\/\/www.correiobraziliense.com.br\/cbradar\/wp-json\/wp\/v2\/posts\/205205\/revisions"}],"predecessor-version":[{"id":205437,"href":"https:\/\/www.correiobraziliense.com.br\/cbradar\/wp-json\/wp\/v2\/posts\/205205\/revisions\/205437"}],"wp:featuredmedia":[{"embeddable":true,"href":"https:\/\/www.correiobraziliense.com.br\/cbradar\/wp-json\/wp\/v2\/media\/205436"}],"wp:attachment":[{"href":"https:\/\/www.correiobraziliense.com.br\/cbradar\/wp-json\/wp\/v2\/media?parent=205205"}],"wp:term":[{"taxonomy":"category","embeddable":true,"href":"https:\/\/www.correiobraziliense.com.br\/cbradar\/wp-json\/wp\/v2\/categories?post=205205"},{"taxonomy":"post_tag","embeddable":true,"href":"https:\/\/www.correiobraziliense.com.br\/cbradar\/wp-json\/wp\/v2\/tags?post=205205"}],"curies":[{"name":"wp","href":"https:\/\/api.w.org\/{rel}","templated":true}]}}