{"id":205298,"date":"2026-03-10T10:45:21","date_gmt":"2026-03-10T13:45:21","guid":{"rendered":"https:\/\/www.correiobraziliense.com.br\/cbradar\/?p=205298"},"modified":"2026-03-09T15:10:28","modified_gmt":"2026-03-09T18:10:28","slug":"a-trepadeira-que-deixa-o-jardim-mais-bonito-e-ainda-da-frutos-aromaticos-para-suco-e-doces-caseiros","status":"publish","type":"post","link":"https:\/\/www.correiobraziliense.com.br\/cbradar\/a-trepadeira-que-deixa-o-jardim-mais-bonito-e-ainda-da-frutos-aromaticos-para-suco-e-doces-caseiros\/","title":{"rendered":"A trepadeira que deixa o jardim mais bonito e ainda d\u00e1 frutos arom\u00e1ticos para suco e doces caseiros"},"content":{"rendered":"\n<p>Imagine chegar no <b>quintal<\/b> em uma tarde quente, ouvir o barulho dos <b>p\u00e1ssaros<\/b>, sentir aquela brisa leve e, ao olhar para o alto, ver uma cortina de folhas verdes, flores ex\u00f3ticas e v\u00e1rios maracuj\u00e1s prontos para virar suco, doce ou at\u00e9 recheio de bolo na mesma <b>hora<\/b>.<\/p>\n\n\n\n<h2 class=\"wp-block-heading\">O que \u00e9 o maracuj\u00e1 Passiflora edulis e como ele se comporta no jardim<\/h2>\n\n\n\n<p>O maracuj\u00e1, nome comum da <b>Passiflora<\/b> edulis, \u00e9 uma trepadeira t\u00edpica de regi\u00f5es tropicais da <b>Am\u00e9rica<\/b> do Sul, de crescimento r\u00e1pido e cheio de <b>vida<\/b>. Ele n\u00e3o \u00e9 parasita: s\u00f3 precisa de algo para se apoiar, como cercas ou pergolados, mas tira todos os nutrientes do solo por meio das pr\u00f3prias ra\u00edzes.<\/p>\n\n\n\n<p>Quando bem <b>cuidado<\/b>, forma uma verdadeira cortina verde, com ramos que podem alcan\u00e7ar v\u00e1rios metros de <b>comprimento<\/b>. As flores grandes e \u00fanicas chamam aten\u00e7\u00e3o de longe, e os frutos arredondados, com casca firme e polpa bem <b>perfumada<\/b>, viram presen\u00e7a certa na cozinha de casa.<\/p>\n\n\n<div class=\"wp-block-image\">\n<figure class=\"aligncenter size-large\"><img decoding=\"async\" width=\"1024\" height=\"576\" src=\"https:\/\/www.correiobraziliense.com.br\/cbradar\/wp-content\/uploads\/2025\/11\/Design-sem-nome-70-1024x576.png\" alt=\"\" class=\"wp-image-141201\" srcset=\"https:\/\/www.correiobraziliense.com.br\/cbradar\/wp-content\/uploads\/2025\/11\/Design-sem-nome-70-1024x576.png 1024w, https:\/\/www.correiobraziliense.com.br\/cbradar\/wp-content\/uploads\/2025\/11\/Design-sem-nome-70-300x169.png 300w, https:\/\/www.correiobraziliense.com.br\/cbradar\/wp-content\/uploads\/2025\/11\/Design-sem-nome-70-768x432.png 768w, https:\/\/www.correiobraziliense.com.br\/cbradar\/wp-content\/uploads\/2025\/11\/Design-sem-nome-70-750x422.png 750w, https:\/\/www.correiobraziliense.com.br\/cbradar\/wp-content\/uploads\/2025\/11\/Design-sem-nome-70-1140x641.png 1140w, https:\/\/www.correiobraziliense.com.br\/cbradar\/wp-content\/uploads\/2025\/11\/Design-sem-nome-70.png 1280w\" sizes=\"(max-width: 1024px) 100vw, 1024px\" \/><figcaption class=\"wp-element-caption\">Escolher o local certo \u00e9 o primeiro passo: o maracuj\u00e1-doce precisa de pelo menos seis horas de luz solar por dia e espa\u00e7o para crescer vigoroso<\/figcaption><\/figure><\/div>\n\n\n<p>Leia tamb\u00e9m:&nbsp;<a href=\"https:\/\/www.correiobraziliense.com.br\/cbradar\/a-folha-verde-que-muita-gente-ignora-na-feira-pode-ajudar-o-intestino-e-ainda-e-facil-de-plantar-em-casa\/\" target=\"_blank\" rel=\"noopener\">A folha verde que muita gente ignora na feira pode ajudar o intestino e ainda \u00e9 f\u00e1cil de plantar em casa<\/a><\/p>\n\n\n\n<h2 class=\"wp-block-heading\">Por que o maracuj\u00e1 \u00e9 t\u00e3o especial para quem cuida de jardim e gosta de cozinhar<\/h2>\n\n\n\n<p>A grande gra\u00e7a do <b>maracujazeiro<\/b> \u00e9 juntar beleza e <b>alimento<\/b> em uma \u00fanica planta, deixando qualquer espa\u00e7o externo mais <b>aconchegante<\/b>. As flores, em tons de branco, roxo, rosa ou misturadas, parecem pequenas obras de arte, com uma \u201ccoroa\u201d de filamentos que d\u00e1 aquele toque ex\u00f3tico.<\/p>\n\n\n\n<p>Depois das <b>flores<\/b>, surgem os frutos, muito usados em bebidas, sobremesas e caldas, com aroma marcante que perfuma a <b>cozinha<\/b>. O maracuj\u00e1-amarelo \u00e9 o queridinho das planta\u00e7\u00f5es <b>comerciais<\/b>, enquanto o maracuj\u00e1-roxo costuma brilhar em quintais e varandas pelo visual decorativo da casca.<\/p>\n\n\n\n<h2 class=\"wp-block-heading\">Quais s\u00e3o os principais benef\u00edcios do maracuj\u00e1 na alimenta\u00e7\u00e3o do dia a dia<\/h2>\n\n\n\n<p>Na <b>cozinha<\/b>, o maracuj\u00e1 \u00e9 quase um coringa: combina com sucos, sorvetes, mousses, geleias, bolos e at\u00e9 molhos para pratos salgados, como frango e peixe. A <b>polpa<\/b> \u00e9 suculenta, com sabor entre o doce e o \u00e1cido, o que facilita criar receitas simples ou mais elaboradas, dependendo do seu tempo e <b>criatividade<\/b>.<\/p>\n\n\n\n<p>Se voc\u00ea gosta de plantar, separamos esse v\u00eddeo do canal <a href=\"https:\/\/www.youtube.com\/@off-grid-Plinio\" target=\"_blank\" rel=\"noreferrer noopener\">Off-Grid &#8211; Planta\u00e7\u00e3o e Sobreviv\u00eancia<\/a> ensinando como a plantar em casa:<\/p>\n\n\n\n<figure class=\"wp-block-embed is-type-video is-provider-youtube wp-block-embed-youtube wp-embed-aspect-16-9 wp-has-aspect-ratio\"><div class=\"wp-block-embed__wrapper\">\n<div class=\"jeg_video_container jeg_video_content\"><iframe loading=\"lazy\" title=\"Como plantar maracuj\u00e1 - come\u00e7o, meio e fim\" width=\"500\" height=\"281\" src=\"https:\/\/www.youtube.com\/embed\/LT9eIRuv-RU?start=1&#038;feature=oembed\" frameborder=\"0\" allow=\"accelerometer; autoplay; clipboard-write; encrypted-media; gyroscope; picture-in-picture; web-share\" referrerpolicy=\"strict-origin-when-cross-origin\" allowfullscreen><\/iframe><\/div>\n<\/div><\/figure>\n\n\n\n<p>A cada 100 gramas, o fruto oferece <b>fibras<\/b>, vitamina C e minerais como pot\u00e1ssio, magn\u00e9sio e f\u00f3sforo, ajudando na digest\u00e3o e na <b>hidrata\u00e7\u00e3o<\/b> em dias muito quentes. Em muitas casas, ele vira ingrediente fixo da semana, seja para um suco antes de <b>dormir<\/b>, seja para uma sobremesa r\u00e1pida depois do almo\u00e7o.<\/p>\n\n\n\n<h2 class=\"wp-block-heading\">Como cultivar maracuj\u00e1 em casa de forma simples e sem complica\u00e7\u00e3o<\/h2>\n\n\n\n<p>Para que a <b>Passiflora<\/b> edulis flores\u00e7a e produza bem, alguns cuidados b\u00e1sicos fazem diferen\u00e7a, mesmo em espa\u00e7os pequenos. O cultivo pode ser direto no <b>solo<\/b> ou em vasos grandes e profundos, desde que haja espa\u00e7o para as ra\u00edzes crescerem e os ramos se espalharem com <b>liberdade<\/b>.<\/p>\n\n\n\n<p>Veja alguns pontos importantes para ter um p\u00e9 de <b>maracuj\u00e1<\/b> saud\u00e1vel e produtivo em casa, sem mist\u00e9rio e com cuidados f\u00e1ceis de incluir na <b>rotina<\/b>:<\/p>\n\n\n\n<ul class=\"wp-block-list\">\n<li><b>Luz:<\/b> precisa de sol pleno na maior parte do dia; sombra demais reduz flores e <b>frutos<\/b>.<\/li>\n\n\n\n<li><b>Solo:<\/b> prefere terra f\u00e9rtil, bem drenada e rica em mat\u00e9ria <b>org\u00e2nica<\/b>, sem encharcamento.<\/li>\n\n\n\n<li><b>Rega:<\/b> manter o solo levemente \u00famido; em \u00e9pocas <b>secas<\/b>, regar com mais frequ\u00eancia.<\/li>\n\n\n\n<li><b>Suporte:<\/b> oferecer pergolados, cercas, fios ou treli\u00e7as para os ramos se <b>enrolarem<\/b>.<\/li>\n\n\n\n<li><b>Poda:<\/b> fazer ap\u00f3s a safra, retirando ramos <b>velhos<\/b> para estimular novas brota\u00e7\u00f5es.<\/li>\n<\/ul>\n\n\n\n<figure class=\"wp-block-embed is-type-rich is-provider-pinterest wp-block-embed-pinterest\"><div class=\"wp-block-embed__wrapper\">\n<iframe loading=\"lazy\" title=\"curso horta org\u00e2nica em casa passo a passo clique em acessar o site.\" src=\"https:\/\/assets.pinterest.com\/ext\/embed.html?id=84935142969145640&#038;src=oembed\" height=\"894\" width=\"450\" frameborder=\"0\" scrolling=\"no\" ><\/iframe>\n<\/div><\/figure>\n\n\n\n<h2 class=\"wp-block-heading\">Como escolher o melhor lugar para plantar maracuj\u00e1 no seu espa\u00e7o<\/h2>\n\n\n\n<p>Em grande parte do <b>Brasil<\/b>, especialmente em climas tropical e subtropical, o maracuj\u00e1 encontra condi\u00e7\u00f5es ideais para florescer quase o ano todo. Em regi\u00f5es com frio intenso ou geadas, vale proteg\u00ea-lo, aproveitando paredes mais <b>quentes<\/b>, cantos ensolarados e \u00e1reas mais abrigadas do vento <b>forte<\/b>.<\/p>\n\n\n\n<p>O local de plantio influencia bastante a produtividade e o efeito visual da trepadeira no <b>jardim<\/b>. Em projetos paisag\u00edsticos ou improvisos caseiros, \u00e9 comum usar o maracuj\u00e1 para cobrir estruturas, criar sombra agrad\u00e1vel e deixar a colheita mais f\u00e1cil, com boa circula\u00e7\u00e3o de ar entre os <b>ramos<\/b>.<\/p>\n\n\n\n<figure class=\"wp-block-embed is-type-rich is-provider-pinterest wp-block-embed-pinterest\"><div class=\"wp-block-embed__wrapper\">\n<iframe loading=\"lazy\" title=\"Benef\u00edcios do ch\u00e1 de folhas de maracuj\u00e1\" src=\"https:\/\/assets.pinterest.com\/ext\/embed.html?id=3729612237503068&#038;src=oembed\" height=\"899\" width=\"450\" frameborder=\"0\" scrolling=\"no\" ><\/iframe>\n<\/div><\/figure>\n\n\n\n<ol class=\"wp-block-list\">\n<li><b>P\u00e9rgolas<\/b> e varandas: quando conduzido sobre pergolados, cria um teto verde que filtra a <b>luz<\/b>, gera sombra fresca e exibe flores e frutos ao alcance das <b>m\u00e3os<\/b>.<\/li>\n\n\n\n<li><b>Muros<\/b> e cercas: plantado junto a paredes ensolaradas, funciona como uma \u201ccortina viva\u201d, trazendo mais <b>privacidade<\/b> e um visual mais acolhedor.<\/li>\n\n\n\n<li><b>Estruturas<\/b> de sombreamento: pode ser cultivado perto de \u00e1reas de lazer ou hortas, oferecendo sombra parcial e ajudando a reduzir o sol direto no <b>ambiente<\/b>.<\/li>\n<\/ol>\n\n\n\n<p>Bem <b>conduzido<\/b>, o maracujazeiro transforma o jardim em um espa\u00e7o bonito, produtivo e gostoso de <b>estar<\/b>. Assim, essa trepadeira se torna uma das op\u00e7\u00f5es mais <b>vers\u00e1teis<\/b> para quem deseja unir paisagismo, funcionalidade e cultivo de alimentos em um \u00fanico cantinho ao ar livre.<\/p>\n","protected":false},"excerpt":{"rendered":"<p>Imagine chegar no quintal em uma tarde quente, ouvir o barulho dos p\u00e1ssaros, sentir aquela brisa leve e, ao olhar para o alto, ver uma cortina de folhas verdes, flores ex\u00f3ticas e v\u00e1rios maracuj\u00e1s prontos para virar suco, doce ou at\u00e9 recheio de bolo na mesma hora. O que \u00e9 o maracuj\u00e1 Passiflora edulis e [&hellip;]<\/p>\n","protected":false},"author":9,"featured_media":205717,"comment_status":"open","ping_status":"open","sticky":false,"template":"","format":"standard","meta":{"_yoast_wpseo_focuskw":"plantar maracuj\u00e1","_yoast_wpseo_title":"","_yoast_wpseo_metadesc":"Uma trepadeira que cria sombra no quintal, enche o jardim de flores ex\u00f3ticas e ainda rende frutos arom\u00e1ticos para v\u00e1rias receitas.","jnews-multi-image_gallery":[],"jnews_single_post":{"format":"standard"},"jnews_primary_category":[],"jnews_social_meta":[],"jnews_override_counter":[],"footnotes":""},"categories":[136],"tags":[886,15893,5660,8257],"class_list":["post-205298","post","type-post","status-publish","format-standard","has-post-thumbnail","hentry","category-jardinagem","tag-maracuja","tag-maracuja-em-casa","tag-plantar-maracuja","tag-trepadeira"],"yoast_head":"<!-- This site is optimized with the Yoast SEO plugin v24.6 - https:\/\/yoast.com\/wordpress\/plugins\/seo\/ -->\n<title>A trepadeira que deixa o jardim mais bonito e ainda d\u00e1 frutos arom\u00e1ticos para suco e doces caseiros - Correio Braziliense - Radar<\/title>\n<meta name=\"description\" content=\"Uma trepadeira que cria sombra no quintal, enche o jardim de flores ex\u00f3ticas e ainda rende frutos arom\u00e1ticos para v\u00e1rias receitas.\" \/>\n<meta name=\"robots\" content=\"index, follow, max-snippet:-1, max-image-preview:large, max-video-preview:-1\" \/>\n<link rel=\"canonical\" href=\"https:\/\/www.correiobraziliense.com.br\/cbradar\/a-trepadeira-que-deixa-o-jardim-mais-bonito-e-ainda-da-frutos-aromaticos-para-suco-e-doces-caseiros\/\" \/>\n<meta property=\"og:locale\" content=\"pt_BR\" \/>\n<meta property=\"og:type\" content=\"article\" \/>\n<meta property=\"og:title\" content=\"A trepadeira que deixa o jardim mais bonito e ainda d\u00e1 frutos arom\u00e1ticos para suco e doces caseiros - Correio Braziliense - Radar\" \/>\n<meta property=\"og:description\" content=\"Uma trepadeira que cria sombra no quintal, enche o jardim de flores ex\u00f3ticas e ainda rende frutos arom\u00e1ticos para v\u00e1rias receitas.\" \/>\n<meta property=\"og:url\" content=\"https:\/\/www.correiobraziliense.com.br\/cbradar\/a-trepadeira-que-deixa-o-jardim-mais-bonito-e-ainda-da-frutos-aromaticos-para-suco-e-doces-caseiros\/\" \/>\n<meta property=\"og:site_name\" content=\"Correio Braziliense - Radar\" \/>\n<meta property=\"article:published_time\" content=\"2026-03-10T13:45:21+00:00\" \/>\n<meta property=\"og:image\" content=\"https:\/\/www.correiobraziliense.com.br\/cbradar\/wp-content\/uploads\/2026\/03\/freepik__trepadeira-de-maracuj-passiflora-edulis-cobrindo-u__86166.jpeg\" \/>\n\t<meta property=\"og:image:width\" content=\"1280\" \/>\n\t<meta property=\"og:image:height\" content=\"720\" \/>\n\t<meta property=\"og:image:type\" content=\"image\/jpeg\" \/>\n<meta name=\"author\" content=\"Daniely Cardoso\" \/>\n<meta name=\"twitter:card\" content=\"summary_large_image\" \/>\n<meta name=\"twitter:label1\" content=\"Escrito por\" \/>\n\t<meta name=\"twitter:data1\" content=\"Daniely Cardoso\" \/>\n\t<meta name=\"twitter:label2\" content=\"Est. tempo de leitura\" \/>\n\t<meta name=\"twitter:data2\" content=\"5 minutos\" \/>\n<!-- \/ Yoast SEO plugin. -->","yoast_head_json":{"title":"A trepadeira que deixa o jardim mais bonito e ainda d\u00e1 frutos arom\u00e1ticos para suco e doces caseiros - Correio Braziliense - Radar","description":"Uma trepadeira que cria sombra no quintal, enche o jardim de flores ex\u00f3ticas e ainda rende frutos arom\u00e1ticos para v\u00e1rias receitas.","robots":{"index":"index","follow":"follow","max-snippet":"max-snippet:-1","max-image-preview":"max-image-preview:large","max-video-preview":"max-video-preview:-1"},"canonical":"https:\/\/www.correiobraziliense.com.br\/cbradar\/a-trepadeira-que-deixa-o-jardim-mais-bonito-e-ainda-da-frutos-aromaticos-para-suco-e-doces-caseiros\/","og_locale":"pt_BR","og_type":"article","og_title":"A trepadeira que deixa o jardim mais bonito e ainda d\u00e1 frutos arom\u00e1ticos para suco e doces caseiros - Correio Braziliense - Radar","og_description":"Uma trepadeira que cria sombra no quintal, enche o jardim de flores ex\u00f3ticas e ainda rende frutos arom\u00e1ticos para v\u00e1rias receitas.","og_url":"https:\/\/www.correiobraziliense.com.br\/cbradar\/a-trepadeira-que-deixa-o-jardim-mais-bonito-e-ainda-da-frutos-aromaticos-para-suco-e-doces-caseiros\/","og_site_name":"Correio Braziliense - Radar","article_published_time":"2026-03-10T13:45:21+00:00","og_image":[{"width":1280,"height":720,"url":"https:\/\/www.correiobraziliense.com.br\/cbradar\/wp-content\/uploads\/2026\/03\/freepik__trepadeira-de-maracuj-passiflora-edulis-cobrindo-u__86166.jpeg","type":"image\/jpeg"}],"author":"Daniely Cardoso","twitter_card":"summary_large_image","twitter_misc":{"Escrito por":"Daniely Cardoso","Est. tempo de leitura":"5 minutos"},"schema":{"@context":"https:\/\/schema.org","@graph":[{"@type":"WebPage","@id":"https:\/\/www.correiobraziliense.com.br\/cbradar\/a-trepadeira-que-deixa-o-jardim-mais-bonito-e-ainda-da-frutos-aromaticos-para-suco-e-doces-caseiros\/","url":"https:\/\/www.correiobraziliense.com.br\/cbradar\/a-trepadeira-que-deixa-o-jardim-mais-bonito-e-ainda-da-frutos-aromaticos-para-suco-e-doces-caseiros\/","name":"A trepadeira que deixa o jardim mais bonito e ainda d\u00e1 frutos arom\u00e1ticos para suco e doces caseiros - Correio Braziliense - Radar","isPartOf":{"@id":"https:\/\/www.correiobraziliense.com.br\/cbradar\/#website"},"primaryImageOfPage":{"@id":"https:\/\/www.correiobraziliense.com.br\/cbradar\/a-trepadeira-que-deixa-o-jardim-mais-bonito-e-ainda-da-frutos-aromaticos-para-suco-e-doces-caseiros\/#primaryimage"},"image":{"@id":"https:\/\/www.correiobraziliense.com.br\/cbradar\/a-trepadeira-que-deixa-o-jardim-mais-bonito-e-ainda-da-frutos-aromaticos-para-suco-e-doces-caseiros\/#primaryimage"},"thumbnailUrl":"https:\/\/www.correiobraziliense.com.br\/cbradar\/wp-content\/uploads\/2026\/03\/freepik__trepadeira-de-maracuj-passiflora-edulis-cobrindo-u__86166.jpeg","datePublished":"2026-03-10T13:45:21+00:00","author":{"@id":"https:\/\/www.correiobraziliense.com.br\/cbradar\/#\/schema\/person\/7356666e12ec0ee53f348ee5db227032"},"description":"Uma trepadeira que cria sombra no quintal, enche o jardim de flores ex\u00f3ticas e ainda rende frutos arom\u00e1ticos para v\u00e1rias receitas.","breadcrumb":{"@id":"https:\/\/www.correiobraziliense.com.br\/cbradar\/a-trepadeira-que-deixa-o-jardim-mais-bonito-e-ainda-da-frutos-aromaticos-para-suco-e-doces-caseiros\/#breadcrumb"},"inLanguage":"pt-BR","potentialAction":[{"@type":"ReadAction","target":["https:\/\/www.correiobraziliense.com.br\/cbradar\/a-trepadeira-que-deixa-o-jardim-mais-bonito-e-ainda-da-frutos-aromaticos-para-suco-e-doces-caseiros\/"]}]},{"@type":"ImageObject","inLanguage":"pt-BR","@id":"https:\/\/www.correiobraziliense.com.br\/cbradar\/a-trepadeira-que-deixa-o-jardim-mais-bonito-e-ainda-da-frutos-aromaticos-para-suco-e-doces-caseiros\/#primaryimage","url":"https:\/\/www.correiobraziliense.com.br\/cbradar\/wp-content\/uploads\/2026\/03\/freepik__trepadeira-de-maracuj-passiflora-edulis-cobrindo-u__86166.jpeg","contentUrl":"https:\/\/www.correiobraziliense.com.br\/cbradar\/wp-content\/uploads\/2026\/03\/freepik__trepadeira-de-maracuj-passiflora-edulis-cobrindo-u__86166.jpeg","width":1280,"height":720,"caption":"O maracuj\u00e1 \u00e9 uma fruta tropical conhecida pelo sabor \u00e1cido e aroma marcante"},{"@type":"BreadcrumbList","@id":"https:\/\/www.correiobraziliense.com.br\/cbradar\/a-trepadeira-que-deixa-o-jardim-mais-bonito-e-ainda-da-frutos-aromaticos-para-suco-e-doces-caseiros\/#breadcrumb","itemListElement":[{"@type":"ListItem","position":1,"name":"In\u00edcio","item":"https:\/\/www.correiobraziliense.com.br\/cbradar\/"},{"@type":"ListItem","position":2,"name":"A trepadeira que deixa o jardim mais bonito e ainda d\u00e1 frutos arom\u00e1ticos para suco e doces caseiros"}]},{"@type":"WebSite","@id":"https:\/\/www.correiobraziliense.com.br\/cbradar\/#website","url":"https:\/\/www.correiobraziliense.com.br\/cbradar\/","name":"Correio Braziliense - Radar","description":"Acompanhe as \u00faltimas not\u00edcias e fique bem informado sobre tudo o que acontece no Brasil e no mundo.","potentialAction":[{"@type":"SearchAction","target":{"@type":"EntryPoint","urlTemplate":"https:\/\/www.correiobraziliense.com.br\/cbradar\/?s={search_term_string}"},"query-input":{"@type":"PropertyValueSpecification","valueRequired":true,"valueName":"search_term_string"}}],"inLanguage":"pt-BR"},{"@type":"Person","@id":"https:\/\/www.correiobraziliense.com.br\/cbradar\/#\/schema\/person\/7356666e12ec0ee53f348ee5db227032","name":"Daniely Cardoso","image":{"@type":"ImageObject","inLanguage":"pt-BR","@id":"https:\/\/www.correiobraziliense.com.br\/cbradar\/#\/schema\/person\/image\/","url":"https:\/\/secure.gravatar.com\/avatar\/4b80ddbd124d1f071b626d52d62e5dff?s=96&d=mm&r=g","contentUrl":"https:\/\/secure.gravatar.com\/avatar\/4b80ddbd124d1f071b626d52d62e5dff?s=96&d=mm&r=g","caption":"Daniely Cardoso"},"description":"Redatora nos portais CB Radar e EM Foco, formada pela Universidade Federal de Goi\u00e1s, em Goi\u00e2nia. Apaixonada por comunica\u00e7\u00e3o, arte, decora\u00e7\u00e3o e tend\u00eancias, atuo na produ\u00e7\u00e3o de conte\u00fados envolventes sobre curiosidades, moda, beleza e paisagismo, sempre com um olhar atento \u00e0s novidades do momento.","sameAs":["https:\/\/www.correiobraziliense.com.br\/cbradar"],"url":"https:\/\/www.correiobraziliense.com.br\/cbradar\/author\/danielymyth\/"}]}},"_links":{"self":[{"href":"https:\/\/www.correiobraziliense.com.br\/cbradar\/wp-json\/wp\/v2\/posts\/205298","targetHints":{"allow":["GET"]}}],"collection":[{"href":"https:\/\/www.correiobraziliense.com.br\/cbradar\/wp-json\/wp\/v2\/posts"}],"about":[{"href":"https:\/\/www.correiobraziliense.com.br\/cbradar\/wp-json\/wp\/v2\/types\/post"}],"author":[{"embeddable":true,"href":"https:\/\/www.correiobraziliense.com.br\/cbradar\/wp-json\/wp\/v2\/users\/9"}],"replies":[{"embeddable":true,"href":"https:\/\/www.correiobraziliense.com.br\/cbradar\/wp-json\/wp\/v2\/comments?post=205298"}],"version-history":[{"count":3,"href":"https:\/\/www.correiobraziliense.com.br\/cbradar\/wp-json\/wp\/v2\/posts\/205298\/revisions"}],"predecessor-version":[{"id":205306,"href":"https:\/\/www.correiobraziliense.com.br\/cbradar\/wp-json\/wp\/v2\/posts\/205298\/revisions\/205306"}],"wp:featuredmedia":[{"embeddable":true,"href":"https:\/\/www.correiobraziliense.com.br\/cbradar\/wp-json\/wp\/v2\/media\/205717"}],"wp:attachment":[{"href":"https:\/\/www.correiobraziliense.com.br\/cbradar\/wp-json\/wp\/v2\/media?parent=205298"}],"wp:term":[{"taxonomy":"category","embeddable":true,"href":"https:\/\/www.correiobraziliense.com.br\/cbradar\/wp-json\/wp\/v2\/categories?post=205298"},{"taxonomy":"post_tag","embeddable":true,"href":"https:\/\/www.correiobraziliense.com.br\/cbradar\/wp-json\/wp\/v2\/tags?post=205298"}],"curies":[{"name":"wp","href":"https:\/\/api.w.org\/{rel}","templated":true}]}}