{"id":205300,"date":"2026-03-10T19:55:33","date_gmt":"2026-03-10T22:55:33","guid":{"rendered":"https:\/\/www.correiobraziliense.com.br\/cbradar\/?p=205300"},"modified":"2026-03-09T16:22:29","modified_gmt":"2026-03-09T19:22:29","slug":"o-lugar-certo-no-quintal-pode-fazer-essa-arvore-produzir-frutos-o-ano-inteiro","status":"publish","type":"post","link":"https:\/\/www.correiobraziliense.com.br\/cbradar\/o-lugar-certo-no-quintal-pode-fazer-essa-arvore-produzir-frutos-o-ano-inteiro\/","title":{"rendered":"O lugar certo no quintal pode fazer essa \u00e1rvore produzir frutos o ano inteiro"},"content":{"rendered":"\n<p>Imagine chegar em casa, atravessar o quintal e colher um <b>lim\u00e3o fresquinho<\/b> direto do p\u00e9 para fazer uma <b>limonada<\/b> ou temperar o jantar. O limoeiro, al\u00e9m de perfumar o ambiente, \u00e9 uma \u00e1rvore que \u201cconversa\u201d com quem cuida dele, mostrando no seu <b>crescimento<\/b> se est\u00e1 feliz com o lugar onde foi plantado.<\/p>\n\n\n\n<h2 class=\"wp-block-heading\">Por que a orienta\u00e7\u00e3o do limoeiro influencia tanto na produ\u00e7\u00e3o?<\/h2>\n\n\n\n<p>O limoeiro \u00e9 muito sens\u00edvel ao <b>ambiente<\/b> e reage r\u00e1pido \u00e0 forma como \u00e9 plantado e cuidado. Luz do <b>sol<\/b>, vento, tipo de solo e quantidade de \u00e1gua mudam completamente o jeito como ele cresce e <b>frutifica<\/b> no quintal ou em vasos grandes.<\/p>\n\n\n\n<p>Quando recebe sol demais, <b>\u00e1gua<\/b> de menos ou ventos frios constantes, ele mostra o problema nas <b>folhas<\/b>, flores e frutos. J\u00e1 em um cantinho com <b>microclima<\/b> agrad\u00e1vel, costuma produzir lim\u00f5es o ano quase todo, mantendo a \u00e1rvore sempre verde e cheia de vida.<\/p>\n\n\n<div class=\"wp-block-image\">\n<figure class=\"aligncenter size-large\"><img decoding=\"async\" width=\"1024\" height=\"576\" src=\"https:\/\/www.correiobraziliense.com.br\/cbradar\/wp-content\/uploads\/2025\/12\/limao-plantacao_1766153274736-1024x576.jpg\" alt=\"\" class=\"wp-image-159121\" srcset=\"https:\/\/www.correiobraziliense.com.br\/cbradar\/wp-content\/uploads\/2025\/12\/limao-plantacao_1766153274736-1024x576.jpg 1024w, https:\/\/www.correiobraziliense.com.br\/cbradar\/wp-content\/uploads\/2025\/12\/limao-plantacao_1766153274736-300x169.jpg 300w, https:\/\/www.correiobraziliense.com.br\/cbradar\/wp-content\/uploads\/2025\/12\/limao-plantacao_1766153274736-768x432.jpg 768w, https:\/\/www.correiobraziliense.com.br\/cbradar\/wp-content\/uploads\/2025\/12\/limao-plantacao_1766153274736-750x422.jpg 750w, https:\/\/www.correiobraziliense.com.br\/cbradar\/wp-content\/uploads\/2025\/12\/limao-plantacao_1766153274736-1140x641.jpg 1140w, https:\/\/www.correiobraziliense.com.br\/cbradar\/wp-content\/uploads\/2025\/12\/limao-plantacao_1766153274736.jpg 1280w\" sizes=\"(max-width: 1024px) 100vw, 1024px\" \/><figcaption class=\"wp-element-caption\">Antes de plantar, \u00e9 importante definir qual tipo de lim\u00e3o se encaixa melhor no espa\u00e7o dispon\u00edvel e no clima da regi\u00e3o &#8211; Cr\u00e9ditos: depositphotos.com \/ welcomia<\/figcaption><\/figure><\/div>\n\n\n<p>Leia tamb\u00e9m:&nbsp;<a href=\"https:\/\/www.correiobraziliense.com.br\/cbradar\/a-folha-verde-que-muita-gente-ignora-na-feira-pode-ajudar-o-intestino-e-ainda-e-facil-de-plantar-em-casa\/\" target=\"_blank\" rel=\"noopener\">A folha verde que muita gente ignora na feira pode ajudar o intestino e ainda \u00e9 f\u00e1cil de plantar em casa<\/a><\/p>\n\n\n\n<h2 class=\"wp-block-heading\">Como a posi\u00e7\u00e3o do limoeiro no terreno afeta o crescimento?<\/h2>\n\n\n\n<p>A orienta\u00e7\u00e3o do limoeiro no <b>terreno<\/b> interfere diretamente na quantidade e na qualidade dos <b>frutos<\/b>. Em regi\u00f5es do hemisf\u00e9rio sul, costuma funcionar bem escolher \u00e1reas voltadas para oeste ou <b>sudoeste<\/b>, onde o sol da tarde \u00e9 mais presente.<\/p>\n\n\n\n<p>Com essa boa distribui\u00e7\u00e3o de <b>luz<\/b>, a copa cresce de forma mais equilibrada, sem um lado muito mais carregado que o <b>outro<\/b>. Isso melhora a circula\u00e7\u00e3o de <b>ar<\/b> entre as folhas, reduz a umidade parada e diminui as chances de fungos e doen\u00e7as aparecerem.<\/p>\n\n\n\n<h2 class=\"wp-block-heading\">Como a orienta\u00e7\u00e3o do limoeiro melhora a qualidade dos frutos?<\/h2>\n\n\n\n<p>Um limoeiro bem <b>posicionado<\/b> n\u00e3o s\u00f3 produz mais, como gera frutos com melhor cor, casca firme e mais <b>suco<\/b>. A boa luminosidade ajuda a planta a formar a\u00e7\u00facares, \u00f3leos <b>essenciais<\/b> e compostos que garantem o aroma e o sabor t\u00edpicos do lim\u00e3o.<\/p>\n\n\n\n<p>Temperaturas mais <b>est\u00e1veis<\/b> tamb\u00e9m fazem diferen\u00e7a. Plantar pr\u00f3ximo a um muro ensolarado cria um \u201ccobertor t\u00e9rmico <b>natural<\/b>\u201d: a parede esquenta durante o dia e libera calor \u00e0 <b>noite<\/b>, ajudando a proteger o limoeiro de geadas leves e mudan\u00e7as bruscas de temperatura. Se voc\u00ea gosta de cultivo, separamos esse v\u00eddeo do canal <a href=\"https:\/\/www.youtube.com\/@cultivandoplantas\" target=\"_blank\" rel=\"noreferrer noopener\"><br>Cultivando Plantas<\/a> ensinando a plantar lim\u00e3o:<\/p>\n\n\n\n<figure class=\"wp-block-embed is-type-video is-provider-youtube wp-block-embed-youtube wp-embed-aspect-16-9 wp-has-aspect-ratio\"><div class=\"wp-block-embed__wrapper\">\n<div class=\"jeg_video_container jeg_video_content\"><iframe loading=\"lazy\" title=\"Como plantar lim\u00e3o\" width=\"500\" height=\"281\" src=\"https:\/\/www.youtube.com\/embed\/Octdj3-tKCc?feature=oembed\" frameborder=\"0\" allow=\"accelerometer; autoplay; clipboard-write; encrypted-media; gyroscope; picture-in-picture; web-share\" referrerpolicy=\"strict-origin-when-cross-origin\" allowfullscreen><\/iframe><\/div>\n<\/div><\/figure>\n\n\n\n<h2 class=\"wp-block-heading\">Quais benef\u00edcios o microclima ideal traz para o limoeiro?<\/h2>\n\n\n\n<p>Quando a planta est\u00e1 em um local com luz suficiente, boa circula\u00e7\u00e3o de <b>ar<\/b> e prote\u00e7\u00e3o contra ventos frios, o limoeiro responde com mais <b>flores<\/b> e safras mais constantes. Esse equil\u00edbrio simples de sol, vento e <b>temperatura<\/b> facilita muito o cuidado di\u00e1rio.<\/p>\n\n\n\n<ul class=\"wp-block-list\">\n<li><strong>Mais luz:<\/strong> estimula uma <b>flora\u00e7\u00e3o intensa<\/b> e frutifica\u00e7\u00e3o quase <b>cont\u00ednua<\/b>.<\/li>\n\n\n\n<li><strong>Menos umidade acumulada:<\/strong> reduz o risco de <b>fungos<\/b> em folhas e <b>galhos<\/b>.<\/li>\n\n\n\n<li><strong>Menos estresse t\u00e9rmico:<\/strong> protege a <b>\u00e1rvore<\/b> de ondas de frio <b>repentinas<\/b>.<\/li>\n<\/ul>\n\n\n\n<h2 class=\"wp-block-heading\">Como escolher o melhor lugar para plantar o limoeiro em casa?<\/h2>\n\n\n\n<p>Antes de plantar, vale observar o caminho do <b>sol<\/b> ao longo do dia no seu quintal ou jardim. O ideal \u00e9 um ponto que receba de 6 a 8 horas de sol direto, sem ficar todo o tempo na <b>sombra<\/b> de casas, muros altos ou outras \u00e1rvores <b>grandes<\/b>.<\/p>\n\n\n\n<p>O solo tamb\u00e9m precisa ajudar: o limoeiro gosta de terra bem <b>drenada<\/b>, levemente \u00famida e rica em mat\u00e9ria <b>org\u00e2nica<\/b>, mas n\u00e3o tolera \u201cp\u00e9s encharcados\u201d. Um bom truque \u00e9 tocar a terra com os <b>dedos<\/b>: se a camada superficial estiver seca, \u00e9 hora de regar novamente.<\/p>\n\n\n\n<figure class=\"wp-block-embed is-type-rich is-provider-pinterest wp-block-embed-pinterest\"><div class=\"wp-block-embed__wrapper\">\n<iframe loading=\"lazy\" title=\"Voc\u00ea sabia que d\u00e1 pra fazer mudas de lim\u00e3o com apenas um galho e um pouco de babosa?\ud83c\udf4b  Essa t\u00e9cnica simples acelera o enraizamento e transforma qualquer galho em uma nova planta cheia de vida.  Em poucos dias, voc\u00ea ver\u00e1 as primeiras ra\u00edzes surgindo e em pouco tempo, um novo limoeiro pronto pra produzir!  \ud83c\udf3f Sem gastar com horm\u00f4nios, sem complica\u00e7\u00e3o s\u00f3 t\u00e9cnica natural e eficiente.  Quer aprender passo a passo como multiplicar suas plantas e montar seu pr\u00f3prio pomar em casa?  \ud83d\udc49 Acesse o link da ...\" src=\"https:\/\/assets.pinterest.com\/ext\/embed.html?id=51158145761993467&#038;src=oembed\" height=\"898\" width=\"450\" frameborder=\"0\" scrolling=\"no\" ><\/iframe>\n<\/div><\/figure>\n\n\n\n<h2 class=\"wp-block-heading\">Quais passos seguir para plantar um limoeiro mais produtivo?<\/h2>\n\n\n\n<p>Para quem est\u00e1 come\u00e7ando agora ou quer replantar o limoeiro em um local melhor, alguns cuidados simples aumentam muito as chances de ter uma \u00e1rvore saud\u00e1vel e <b>produtiva<\/b> por muitos anos. Escolher bem a <b>muda<\/b> e verificar se est\u00e1 enxertada em porta-enxerto resistente tamb\u00e9m melhora a <b>adapta\u00e7\u00e3o<\/b> da planta.<\/p>\n\n\n\n<ol class=\"wp-block-list\">\n<li>Escolher uma \u00e1rea <b>ensolarada<\/b>, com luz por boa parte do <b>dia<\/b>.<\/li>\n\n\n\n<li>Garantir <b>prote\u00e7\u00e3o parcial<\/b> contra ventos frios <b>intensos<\/b>.<\/li>\n\n\n\n<li>Preparar o solo com boa <b>drenagem<\/b> e mat\u00e9ria org\u00e2nica bem <b>decomposta<\/b>.<\/li>\n\n\n\n<li>Evitar plantar muito perto de \u00e1rvores de grande <b>porte<\/b>.<\/li>\n\n\n\n<li>Monitorar a <b>umidade<\/b> do solo antes de cada <b>rega<\/b>.<\/li>\n<\/ol>\n\n\n\n<h2 class=\"wp-block-heading\">Quais cuidados di\u00e1rios mant\u00eam o limoeiro sempre produtivo?<\/h2>\n\n\n\n<p>Depois de bem instalado, o limoeiro precisa de aten\u00e7\u00e3o regular \u00e0s <b>regas<\/b>, podas e aduba\u00e7\u00e3o. Nos dias mais quentes ele consome mais <b>\u00e1gua<\/b>; j\u00e1 no frio, o excesso de rega pode prejudicar as ra\u00edzes, causando folhas <b>amareladas<\/b> mesmo com a planta aparentemente verde.<\/p>\n\n\n\n<p>A poda deve ser <b>leve<\/b>, removendo apenas galhos secos, doentes ou cruzados, para manter a copa <b>arejada<\/b> e permitir a entrada de <b>sol<\/b>. Com aduba\u00e7\u00e3o org\u00e2nica peri\u00f3dica e inspe\u00e7\u00f5es r\u00e1pidas em busca de pragas, o limoeiro tende a retribuir com flores abundantes e lim\u00f5es frescos ao longo de todo o ano.<\/p>\n","protected":false},"excerpt":{"rendered":"<p>Imagine chegar em casa, atravessar o quintal e colher um lim\u00e3o fresquinho direto do p\u00e9 para fazer uma limonada ou temperar o jantar. O limoeiro, al\u00e9m de perfumar o ambiente, \u00e9 uma \u00e1rvore que \u201cconversa\u201d com quem cuida dele, mostrando no seu crescimento se est\u00e1 feliz com o lugar onde foi plantado. Por que a [&hellip;]<\/p>\n","protected":false},"author":9,"featured_media":205743,"comment_status":"open","ping_status":"open","sticky":false,"template":"","format":"standard","meta":{"_yoast_wpseo_focuskw":"plantar lim\u00e3o","_yoast_wpseo_title":"","_yoast_wpseo_metadesc":"A posi\u00e7\u00e3o da \u00e1rvore no quintal pode mudar a quantidade e a qualidade dos frutos ao longo do ano. Entenda o detalhe que faz diferen\u00e7a.","jnews-multi-image_gallery":[],"jnews_single_post":{"format":"standard"},"jnews_primary_category":[],"jnews_social_meta":[],"jnews_override_counter":[],"footnotes":""},"categories":[136],"post_tag":[15897,4681,843],"class_list":["post-205300","post","type-post","status-publish","format-standard","has-post-thumbnail","hentry","category-jardinagem","tag-limao-em-casa","tag-limoeiro","tag-plantar-limao"],"yoast_head":"<!-- This site is optimized with the Yoast SEO plugin v24.6 - https:\/\/yoast.com\/wordpress\/plugins\/seo\/ -->\n<title>O lugar certo no quintal pode fazer essa \u00e1rvore produzir frutos o ano inteiro - Correio Braziliense - Radar<\/title>\n<meta name=\"description\" content=\"A posi\u00e7\u00e3o da \u00e1rvore no quintal pode mudar a quantidade e a qualidade dos frutos ao longo do ano. Entenda o detalhe que faz diferen\u00e7a.\" \/>\n<meta name=\"robots\" content=\"index, follow, max-snippet:-1, max-image-preview:large, max-video-preview:-1\" \/>\n<link rel=\"canonical\" href=\"https:\/\/www.correiobraziliense.com.br\/cbradar\/o-lugar-certo-no-quintal-pode-fazer-essa-arvore-produzir-frutos-o-ano-inteiro\/\" \/>\n<meta property=\"og:locale\" content=\"pt_BR\" \/>\n<meta property=\"og:type\" content=\"article\" \/>\n<meta property=\"og:title\" content=\"O lugar certo no quintal pode fazer essa \u00e1rvore produzir frutos o ano inteiro - Correio Braziliense - Radar\" \/>\n<meta property=\"og:description\" content=\"A posi\u00e7\u00e3o da \u00e1rvore no quintal pode mudar a quantidade e a qualidade dos frutos ao longo do ano. Entenda o detalhe que faz diferen\u00e7a.\" \/>\n<meta property=\"og:url\" content=\"https:\/\/www.correiobraziliense.com.br\/cbradar\/o-lugar-certo-no-quintal-pode-fazer-essa-arvore-produzir-frutos-o-ano-inteiro\/\" \/>\n<meta property=\"og:site_name\" content=\"Correio Braziliense - Radar\" \/>\n<meta property=\"article:published_time\" content=\"2026-03-10T22:55:33+00:00\" \/>\n<meta property=\"og:image\" content=\"https:\/\/www.correiobraziliense.com.br\/cbradar\/wp-content\/uploads\/2026\/03\/freepik__limoeiro-carregado-de-limes-amarelos-plantado-em-u__86177.jpeg\" \/>\n\t<meta property=\"og:image:width\" content=\"1280\" \/>\n\t<meta property=\"og:image:height\" content=\"720\" \/>\n\t<meta property=\"og:image:type\" content=\"image\/jpeg\" \/>\n<meta name=\"author\" content=\"Daniely Cardoso\" \/>\n<meta name=\"twitter:card\" content=\"summary_large_image\" \/>\n<meta name=\"twitter:label1\" content=\"Escrito por\" \/>\n\t<meta name=\"twitter:data1\" content=\"Daniely Cardoso\" \/>\n\t<meta name=\"twitter:label2\" content=\"Est. tempo de leitura\" \/>\n\t<meta name=\"twitter:data2\" content=\"5 minutos\" \/>\n<!-- \/ Yoast SEO plugin. -->","yoast_head_json":{"title":"O lugar certo no quintal pode fazer essa \u00e1rvore produzir frutos o ano inteiro - Correio Braziliense - Radar","description":"A posi\u00e7\u00e3o da \u00e1rvore no quintal pode mudar a quantidade e a qualidade dos frutos ao longo do ano. Entenda o detalhe que faz diferen\u00e7a.","robots":{"index":"index","follow":"follow","max-snippet":"max-snippet:-1","max-image-preview":"max-image-preview:large","max-video-preview":"max-video-preview:-1"},"canonical":"https:\/\/www.correiobraziliense.com.br\/cbradar\/o-lugar-certo-no-quintal-pode-fazer-essa-arvore-produzir-frutos-o-ano-inteiro\/","og_locale":"pt_BR","og_type":"article","og_title":"O lugar certo no quintal pode fazer essa \u00e1rvore produzir frutos o ano inteiro - Correio Braziliense - Radar","og_description":"A posi\u00e7\u00e3o da \u00e1rvore no quintal pode mudar a quantidade e a qualidade dos frutos ao longo do ano. Entenda o detalhe que faz diferen\u00e7a.","og_url":"https:\/\/www.correiobraziliense.com.br\/cbradar\/o-lugar-certo-no-quintal-pode-fazer-essa-arvore-produzir-frutos-o-ano-inteiro\/","og_site_name":"Correio Braziliense - Radar","article_published_time":"2026-03-10T22:55:33+00:00","og_image":[{"width":1280,"height":720,"url":"https:\/\/www.correiobraziliense.com.br\/cbradar\/wp-content\/uploads\/2026\/03\/freepik__limoeiro-carregado-de-limes-amarelos-plantado-em-u__86177.jpeg","type":"image\/jpeg"}],"author":"Daniely Cardoso","twitter_card":"summary_large_image","twitter_misc":{"Escrito por":"Daniely Cardoso","Est. tempo de leitura":"5 minutos"},"schema":{"@context":"https:\/\/schema.org","@graph":[{"@type":"WebPage","@id":"https:\/\/www.correiobraziliense.com.br\/cbradar\/o-lugar-certo-no-quintal-pode-fazer-essa-arvore-produzir-frutos-o-ano-inteiro\/","url":"https:\/\/www.correiobraziliense.com.br\/cbradar\/o-lugar-certo-no-quintal-pode-fazer-essa-arvore-produzir-frutos-o-ano-inteiro\/","name":"O lugar certo no quintal pode fazer essa \u00e1rvore produzir frutos o ano inteiro - Correio Braziliense - Radar","isPartOf":{"@id":"https:\/\/www.correiobraziliense.com.br\/cbradar\/#website"},"primaryImageOfPage":{"@id":"https:\/\/www.correiobraziliense.com.br\/cbradar\/o-lugar-certo-no-quintal-pode-fazer-essa-arvore-produzir-frutos-o-ano-inteiro\/#primaryimage"},"image":{"@id":"https:\/\/www.correiobraziliense.com.br\/cbradar\/o-lugar-certo-no-quintal-pode-fazer-essa-arvore-produzir-frutos-o-ano-inteiro\/#primaryimage"},"thumbnailUrl":"https:\/\/www.correiobraziliense.com.br\/cbradar\/wp-content\/uploads\/2026\/03\/freepik__limoeiro-carregado-de-limes-amarelos-plantado-em-u__86177.jpeg","datePublished":"2026-03-10T22:55:33+00:00","author":{"@id":"https:\/\/www.correiobraziliense.com.br\/cbradar\/#\/schema\/person\/7356666e12ec0ee53f348ee5db227032"},"description":"A posi\u00e7\u00e3o da \u00e1rvore no quintal pode mudar a quantidade e a qualidade dos frutos ao longo do ano. Entenda o detalhe que faz diferen\u00e7a.","breadcrumb":{"@id":"https:\/\/www.correiobraziliense.com.br\/cbradar\/o-lugar-certo-no-quintal-pode-fazer-essa-arvore-produzir-frutos-o-ano-inteiro\/#breadcrumb"},"inLanguage":"pt-BR","potentialAction":[{"@type":"ReadAction","target":["https:\/\/www.correiobraziliense.com.br\/cbradar\/o-lugar-certo-no-quintal-pode-fazer-essa-arvore-produzir-frutos-o-ano-inteiro\/"]}]},{"@type":"ImageObject","inLanguage":"pt-BR","@id":"https:\/\/www.correiobraziliense.com.br\/cbradar\/o-lugar-certo-no-quintal-pode-fazer-essa-arvore-produzir-frutos-o-ano-inteiro\/#primaryimage","url":"https:\/\/www.correiobraziliense.com.br\/cbradar\/wp-content\/uploads\/2026\/03\/freepik__limoeiro-carregado-de-limes-amarelos-plantado-em-u__86177.jpeg","contentUrl":"https:\/\/www.correiobraziliense.com.br\/cbradar\/wp-content\/uploads\/2026\/03\/freepik__limoeiro-carregado-de-limes-amarelos-plantado-em-u__86177.jpeg","width":1280,"height":720,"caption":"O limoeiro \u00e9 uma \u00e1rvore frut\u00edfera do g\u00eanero Citrus muito cultivada em regi\u00f5es tropicais e subtropicais"},{"@type":"BreadcrumbList","@id":"https:\/\/www.correiobraziliense.com.br\/cbradar\/o-lugar-certo-no-quintal-pode-fazer-essa-arvore-produzir-frutos-o-ano-inteiro\/#breadcrumb","itemListElement":[{"@type":"ListItem","position":1,"name":"In\u00edcio","item":"https:\/\/www.correiobraziliense.com.br\/cbradar\/"},{"@type":"ListItem","position":2,"name":"O lugar certo no quintal pode fazer essa \u00e1rvore produzir frutos o ano inteiro"}]},{"@type":"WebSite","@id":"https:\/\/www.correiobraziliense.com.br\/cbradar\/#website","url":"https:\/\/www.correiobraziliense.com.br\/cbradar\/","name":"Correio Braziliense - Radar","description":"Acompanhe as \u00faltimas not\u00edcias e fique bem informado sobre tudo o que acontece no Brasil e no mundo.","potentialAction":[{"@type":"SearchAction","target":{"@type":"EntryPoint","urlTemplate":"https:\/\/www.correiobraziliense.com.br\/cbradar\/?s={search_term_string}"},"query-input":{"@type":"PropertyValueSpecification","valueRequired":true,"valueName":"search_term_string"}}],"inLanguage":"pt-BR"},{"@type":"Person","@id":"https:\/\/www.correiobraziliense.com.br\/cbradar\/#\/schema\/person\/7356666e12ec0ee53f348ee5db227032","name":"Daniely Cardoso","image":{"@type":"ImageObject","inLanguage":"pt-BR","@id":"https:\/\/www.correiobraziliense.com.br\/cbradar\/#\/schema\/person\/image\/","url":"https:\/\/secure.gravatar.com\/avatar\/4b80ddbd124d1f071b626d52d62e5dff?s=96&d=mm&r=g","contentUrl":"https:\/\/secure.gravatar.com\/avatar\/4b80ddbd124d1f071b626d52d62e5dff?s=96&d=mm&r=g","caption":"Daniely Cardoso"},"description":"Redatora nos portais CB Radar e EM Foco, formada pela Universidade Federal de Goi\u00e1s, em Goi\u00e2nia. Apaixonada por comunica\u00e7\u00e3o, arte, decora\u00e7\u00e3o e tend\u00eancias, atuo na produ\u00e7\u00e3o de conte\u00fados envolventes sobre curiosidades, moda, beleza e paisagismo, sempre com um olhar atento \u00e0s novidades do momento.","sameAs":["https:\/\/www.correiobraziliense.com.br\/cbradar"],"url":"https:\/\/www.correiobraziliense.com.br\/cbradar\/author\/danielymyth\/"}]}},"_links":{"self":[{"href":"https:\/\/www.correiobraziliense.com.br\/cbradar\/wp-json\/wp\/v2\/posts\/205300","targetHints":{"allow":["GET"]}}],"collection":[{"href":"https:\/\/www.correiobraziliense.com.br\/cbradar\/wp-json\/wp\/v2\/posts"}],"about":[{"href":"https:\/\/www.correiobraziliense.com.br\/cbradar\/wp-json\/wp\/v2\/types\/post"}],"author":[{"embeddable":true,"href":"https:\/\/www.correiobraziliense.com.br\/cbradar\/wp-json\/wp\/v2\/users\/9"}],"replies":[{"embeddable":true,"href":"https:\/\/www.correiobraziliense.com.br\/cbradar\/wp-json\/wp\/v2\/comments?post=205300"}],"version-history":[{"count":3,"href":"https:\/\/www.correiobraziliense.com.br\/cbradar\/wp-json\/wp\/v2\/posts\/205300\/revisions"}],"predecessor-version":[{"id":205818,"href":"https:\/\/www.correiobraziliense.com.br\/cbradar\/wp-json\/wp\/v2\/posts\/205300\/revisions\/205818"}],"wp:featuredmedia":[{"embeddable":true,"href":"https:\/\/www.correiobraziliense.com.br\/cbradar\/wp-json\/wp\/v2\/media\/205743"}],"wp:attachment":[{"href":"https:\/\/www.correiobraziliense.com.br\/cbradar\/wp-json\/wp\/v2\/media?parent=205300"}],"wp:term":[{"taxonomy":"category","embeddable":true,"href":"https:\/\/www.correiobraziliense.com.br\/cbradar\/wp-json\/wp\/v2\/categories?post=205300"},{"taxonomy":"post_tag","embeddable":true,"href":"https:\/\/www.correiobraziliense.com.br\/cbradar\/wp-json\/wp\/v2\/post_tag?post=205300"}],"curies":[{"name":"wp","href":"https:\/\/api.w.org\/{rel}","templated":true}]}}