{"id":205307,"date":"2026-03-10T06:15:01","date_gmt":"2026-03-10T09:15:01","guid":{"rendered":"https:\/\/www.correiobraziliense.com.br\/cbradar\/?p=205307"},"modified":"2026-03-09T14:57:39","modified_gmt":"2026-03-09T17:57:39","slug":"a-parte-da-fruta-que-muita-gente-ignora-pode-trazer-fibras-gorduras-boas-e-mais-saciedade-no-dia-a-dia","status":"publish","type":"post","link":"https:\/\/www.correiobraziliense.com.br\/cbradar\/a-parte-da-fruta-que-muita-gente-ignora-pode-trazer-fibras-gorduras-boas-e-mais-saciedade-no-dia-a-dia\/","title":{"rendered":"A parte da fruta que muita gente ignora pode trazer fibras, gorduras boas e mais saciedade no dia a dia"},"content":{"rendered":"\n<p>Voc\u00ea j\u00e1 reparou como a <b>semente de mel\u00e3o<\/b> quase sempre vai direto para o lixo? Muita gente nem imagina que aquele punhadinho de <b>sementes<\/b> pode virar comida de verdade, cheia de nutrientes, sabor e ainda ajudar a reduzir o <b>desperd\u00edcio<\/b> na cozinha do dia a dia.<\/p>\n\n\n\n<h2 class=\"wp-block-heading\">Semente de mel\u00e3o \u00e9 rica em gorduras boas e nutrientes essenciais<\/h2>\n\n\n\n<p>A <b>semente de mel\u00e3o<\/b> chama aten\u00e7\u00e3o por ser uma fonte interessante de gorduras boas, conhecidas por ajudarem a cuidar do <b>cora\u00e7\u00e3o<\/b>. A maior parte dessas gorduras \u00e9 do tipo mono e poli-insaturada, geralmente ligada ao melhor equil\u00edbrio do <b>colesterol<\/b> quando combinada com uma alimenta\u00e7\u00e3o organizada.<\/p>\n\n\n\n<p>Ela tamb\u00e9m oferece <b>fibras<\/b>, que ajudam o intestino a funcionar melhor e prolongam a sensa\u00e7\u00e3o de saciedade, al\u00e9m de prote\u00ednas vegetais, minerais como <b>magn\u00e9sio<\/b>, pot\u00e1ssio, f\u00f3sforo, zinco e um pouco de ferro. Vitaminas do complexo B aparecem em quantidades moderadas, contribuindo para dar suporte ao <b>metabolismo<\/b> de energia no dia a dia.<\/p>\n\n\n<div class=\"wp-block-image\">\n<figure class=\"aligncenter size-large\"><img decoding=\"async\" width=\"1024\" height=\"576\" src=\"https:\/\/www.correiobraziliense.com.br\/cbradar\/wp-content\/uploads\/2026\/02\/Gemini_Generated_Image_fug3ajfug3ajfug3-1-1024x576.png\" alt=\"\" class=\"wp-image-186492\" srcset=\"https:\/\/www.correiobraziliense.com.br\/cbradar\/wp-content\/uploads\/2026\/02\/Gemini_Generated_Image_fug3ajfug3ajfug3-1-1024x576.png 1024w, https:\/\/www.correiobraziliense.com.br\/cbradar\/wp-content\/uploads\/2026\/02\/Gemini_Generated_Image_fug3ajfug3ajfug3-1-300x169.png 300w, https:\/\/www.correiobraziliense.com.br\/cbradar\/wp-content\/uploads\/2026\/02\/Gemini_Generated_Image_fug3ajfug3ajfug3-1-768x432.png 768w, https:\/\/www.correiobraziliense.com.br\/cbradar\/wp-content\/uploads\/2026\/02\/Gemini_Generated_Image_fug3ajfug3ajfug3-1-750x422.png 750w, https:\/\/www.correiobraziliense.com.br\/cbradar\/wp-content\/uploads\/2026\/02\/Gemini_Generated_Image_fug3ajfug3ajfug3-1-1140x641.png 1140w, https:\/\/www.correiobraziliense.com.br\/cbradar\/wp-content\/uploads\/2026\/02\/Gemini_Generated_Image_fug3ajfug3ajfug3-1.png 1280w\" sizes=\"(max-width: 1024px) 100vw, 1024px\" \/><figcaption class=\"wp-element-caption\">A semente de mel\u00e3o tem sido usada na medicina popular como aliada na sa\u00fade dos rins e no est\u00edmulo da diurese<\/figcaption><\/figure><\/div>\n\n\n<p>Leia tamb\u00e9m:&nbsp;<a href=\"https:\/\/www.correiobraziliense.com.br\/cbradar\/essa-erva-aromatica-usada-na-cozinha-tambem-pode-ajudar-quem-sofre-com-tosse-e-nariz-entupido\/\" target=\"_blank\" rel=\"noopener\">Essa erva arom\u00e1tica usada na cozinha tamb\u00e9m pode ajudar quem sofre com tosse e nariz entupido<\/a><\/p>\n\n\n\n<h2 class=\"wp-block-heading\">Como a semente de mel\u00e3o pode contribuir para a sa\u00fade do cora\u00e7\u00e3o<\/h2>\n\n\n\n<p>A rela\u00e7\u00e3o entre <b>semente de mel\u00e3o<\/b> e sa\u00fade do cora\u00e7\u00e3o passa principalmente pelo seu tipo de gordura. Quando usada para substituir fontes de gordura mais saturada em lanches e refei\u00e7\u00f5es, pode favorecer o controle do <b>colesterol<\/b>, ajudando a reduzir o LDL (colesterol considerado ruim) e a manter n\u00edveis adequados de HDL (colesterol considerado bom).<\/p>\n\n\n\n<p>Al\u00e9m disso, o <b>magn\u00e9sio<\/b> e o pot\u00e1ssio presentes na semente participam do equil\u00edbrio da press\u00e3o arterial e da contra\u00e7\u00e3o do m\u00fasculo card\u00edaco. J\u00e1 as <b>fibras<\/b> colaboram na redu\u00e7\u00e3o da absor\u00e7\u00e3o de colesterol de outros alimentos e podem apoiar o controle do peso, algo importante para quem se preocupa com o bem-estar <b>cardiovascular<\/b>.<\/p>\n\n\n\n<h2 class=\"wp-block-heading\">Quais s\u00e3o os principais benef\u00edcios da semente de mel\u00e3o no dia a dia<\/h2>\n\n\n\n<p>No cotidiano, a <b>semente de mel\u00e3o<\/b> pode ser uma aliada discreta, mas constante, trazendo pequenas melhorias em v\u00e1rios aspectos da <b>sa\u00fade<\/b>. Ao fazer parte de lanches, caf\u00e9s da manh\u00e3 ou receitas simples, ajuda a deixar as prepara\u00e7\u00f5es mais <b>nutritivas<\/b> sem exigir grandes mudan\u00e7as de rotina.<\/p>\n\n\n\n<p>Para facilitar a visualiza\u00e7\u00e3o, veja alguns pontos que explicam por que vale a pena considerar incluir a <b>semente<\/b> de mel\u00e3o na alimenta\u00e7\u00e3o:<\/p>\n\n\n\n<ul class=\"wp-block-list\">\n<li><strong>Aproveitamento integral<\/strong> do alimento: reduz o <b>desperd\u00edcio<\/b> da fruta.<\/li>\n\n\n\n<li><strong>Melhor qualidade<\/strong> de gordura: aumenta a presen\u00e7a de gorduras boas no dia a dia.<\/li>\n\n\n\n<li><strong>Saciedade prolongada<\/strong>: fibras e gorduras ajudam a segurar a fome entre as <b>refei\u00e7\u00f5es<\/b>.<\/li>\n\n\n\n<li><strong>Versatilidade<\/strong> na cozinha: combina com receitas doces e salgadas, frias ou <b>quentes<\/b>.<\/li>\n<\/ul>\n\n\n\n<p>Se voc\u00ea gosta de ouvir especialistas, separamos esse v\u00eddeo do canal da <a href=\"https:\/\/www.youtube.com\/@NutricionistaPatriciaLeite\" target=\"_blank\" rel=\"noreferrer noopener\">Nutricionista Patricia Leite<\/a> mostrando com mais detalhes os benef\u00edcios da semente dessa fruta:<\/p>\n\n\n\n<figure class=\"wp-block-embed is-type-video is-provider-youtube wp-block-embed-youtube wp-embed-aspect-16-9 wp-has-aspect-ratio\"><div class=\"wp-block-embed__wrapper\">\n<div class=\"jeg_video_container jeg_video_content\"><iframe loading=\"lazy\" title=\"Benef\u00edcios da SEMENTE DE MEL\u00c3O para Sa\u00fade e Boa Forma! Receitas F\u00e1ceis e Gostosas\" width=\"500\" height=\"281\" src=\"https:\/\/www.youtube.com\/embed\/ez1vCwDH6YU?start=2&#038;feature=oembed\" frameborder=\"0\" allow=\"accelerometer; autoplay; clipboard-write; encrypted-media; gyroscope; picture-in-picture; web-share\" referrerpolicy=\"strict-origin-when-cross-origin\" allowfullscreen><\/iframe><\/div>\n<\/div><\/figure>\n\n\n\n<h2 class=\"wp-block-heading\">Como consumir semente de mel\u00e3o na rotina de forma simples<\/h2>\n\n\n\n<p>N\u00e3o \u00e9 preciso nenhuma t\u00e9cnica complicada para aproveitar a <b>semente de mel\u00e3o<\/b> em casa. Depois de retirar a polpa da fruta, basta lavar bem as <b>sementes<\/b>, secar e lev\u00e1-las rapidamente ao forno baixo ou \u00e0 frigideira, sem exagerar no \u00f3leo ou no sal, apenas para tostar levemente e deix\u00e1-las mais crocantes e <b>saborosas<\/b>.<\/p>\n\n\n\n<p>Quando estiverem frias, podem ser consumidas inteiras, como <b>petisco<\/b>, ou trituradas at\u00e9 virar uma esp\u00e9cie de farinha. Assim, entram com facilidade em vitaminas, mingaus, bolos simples, p\u00e3es, biscoitos caseiros e tamb\u00e9m podem ser polvilhadas sobre frutas, iogurtes, saladas e sopas, sempre em quantidades moderadas por serem mais <b>cal\u00f3ricas<\/b> e concentradas em <b>gorduras boas<\/b>.<\/p>\n\n\n\n<ol class=\"wp-block-list\">\n<li><b>Lavar bem<\/b> as sementes ap\u00f3s retirar a polpa do <b>mel\u00e3o<\/b>.<\/li>\n\n\n\n<li>Secar em papel toalha ou <b>pano limpo<\/b>.<\/li>\n\n\n\n<li>Tostar levemente em forno baixo ou <b>frigideira<\/b>, mexendo para n\u00e3o queimar.<\/li>\n\n\n\n<li>Consumir inteiras ou bater no <b>liquidificador<\/b>\/processador para obter uma <b>farinha<\/b>.<\/li>\n\n\n\n<li>Armazenar em pote bem <b>fechado<\/b>, em local seco e fresco.<\/li>\n<\/ol>\n\n\n\n<h2 class=\"wp-block-heading\">Tabela nutricional aproximada da semente de mel\u00e3o tostada<\/h2>\n\n\n\n<p>A seguir, voc\u00ea encontra uma tabela com valores m\u00e9dios estimados para <b>30 g<\/b> de semente de mel\u00e3o tostada (cerca de 2 colheres de sopa cheias). Esses n\u00fameros podem variar de acordo com o tipo de <b>mel\u00e3o<\/b>, condi\u00e7\u00f5es de cultivo e modo de preparo, mas ajudam a ter uma no\u00e7\u00e3o geral de sua <b>composi\u00e7\u00e3o<\/b>.<\/p>\n\n\n\n<div class=\"nutritional-info-container\" style=\"box-sizing: border-box; display: flex; flex-direction: column; width: 100%; max-width: 800px; margin: 30px auto; background-color: #ffffff; color: #333; border-radius: 12px; overflow: hidden; font-family: 'Segoe UI', Roboto, Helvetica, Arial, sans-serif; box-shadow: 0 4px 20px rgba(0,0,0,0.1); border: 1px solid #e0e0e0;\">\n\n  <div style=\"background-color: #f8f9fa; padding: 20px; border-bottom: 2px solid #007bff; text-align: left;\">\n    <h2 style=\"margin: 0; color: #1a1a1a; font-size: 1.4rem; font-weight: 700;\">Tabela Nutricional<\/h2>\n    <div style=\"font-size: 0.9rem; margin-top: 4px; color: #666;\">Valores m\u00e9dios calculados para uma por\u00e7\u00e3o de <strong>30g<\/strong><\/div>\n  <\/div>\n\n  <div style=\"padding: 20px;\">\n    <table style=\"width: 100%; border-collapse: collapse; font-size: 0.95rem;\">\n      <thead>\n        <tr style=\"border-bottom: 2px solid #eee;\">\n          <th style=\"text-align: left; padding: 12px 8px; color: #555; font-weight: 600;\">Componente<\/th>\n          <th style=\"text-align: right; padding: 12px 8px; color: #555; font-weight: 600;\">Quantidade aproximada em 30g<\/th>\n        <\/tr>\n      <\/thead>\n      <tbody>\n        <tr style=\"border-bottom: 1px solid #f0f0f0;\">\n          <td style=\"padding: 12px 8px; font-weight: 500;\">Energia<\/td>\n          <td style=\"padding: 12px 8px; text-align: right;\">cerca de <strong>160\u2013180 kcal<\/strong><\/td>\n        <\/tr>\n        <tr style=\"border-bottom: 1px solid #f0f0f0;\">\n          <td style=\"padding: 12px 8px; font-weight: 500;\">Carboidratos totais<\/td>\n          <td style=\"padding: 12px 8px; text-align: right;\"><strong>4\u20136 g<\/strong><\/td>\n        <\/tr>\n        <tr style=\"border-bottom: 1px solid #f0f0f0;\">\n          <td style=\"padding: 12px 8px; font-weight: 500;\">Prote\u00ednas<\/td>\n          <td style=\"padding: 12px 8px; text-align: right;\"><strong>6\u20138 g<\/strong><\/td>\n        <\/tr>\n        <tr style=\"background-color: #fafafa;\">\n          <td style=\"padding: 12px 8px; font-weight: 700; color: #000;\">Gorduras totais<\/td>\n          <td style=\"padding: 12px 8px; text-align: right;\"><strong>12\u201314 g<\/strong><\/td>\n        <\/tr>\n        <tr style=\"border-bottom: 1px solid #f9f9f9;\">\n          <td style=\"padding: 8px 8px 8px 25px; color: #666; font-size: 0.9rem;\">Gorduras saturadas<\/td>\n          <td style=\"padding: 8px 8px; text-align: right; color: #444;\">2\u20133 g<\/td>\n        <\/tr>\n        <tr style=\"border-bottom: 1px solid #f9f9f9;\">\n          <td style=\"padding: 8px 8px 8px 25px; color: #666; font-size: 0.9rem;\">Gorduras monoinsaturadas<\/td>\n          <td style=\"padding: 8px 8px; text-align: right; color: #444;\">3\u20135 g<\/td>\n        <\/tr>\n        <tr style=\"border-bottom: 1px solid #f0f0f0;\">\n          <td style=\"padding: 8px 8px 8px 25px; color: #666; font-size: 0.9rem;\">Gorduras poli-insaturadas<\/td>\n          <td style=\"padding: 8px 8px; text-align: right; color: #444;\">5\u20137 g<\/td>\n        <\/tr>\n        <tr style=\"border-bottom: 1px solid #f0f0f0;\">\n          <td style=\"padding: 12px 8px; font-weight: 500;\">Fibras alimentares<\/td>\n          <td style=\"padding: 12px 8px; text-align: right;\">2\u20134 g<\/td>\n        <\/tr>\n        <tr style=\"border-bottom: 1px solid #f0f0f0;\">\n          <td style=\"padding: 12px 8px; font-weight: 500;\">Magn\u00e9sio<\/td>\n          <td style=\"padding: 12px 8px; text-align: right;\">80\u2013110 mg<\/td>\n        <\/tr>\n        <tr style=\"border-bottom: 1px solid #f0f0f0;\">\n          <td style=\"padding: 12px 8px; font-weight: 500;\">Pot\u00e1ssio<\/td>\n          <td style=\"padding: 12px 8px; text-align: right;\">160\u2013220 mg<\/td>\n        <\/tr>\n        <tr style=\"border-bottom: 1px solid #f0f0f0;\">\n          <td style=\"padding: 12px 8px; font-weight: 500;\">F\u00f3sforo<\/td>\n          <td style=\"padding: 12px 8px; text-align: right;\">130\u2013180 mg<\/td>\n        <\/tr>\n        <tr>\n          <td style=\"padding: 12px 8px; font-weight: 500;\">Zinco<\/td>\n          <td style=\"padding: 12px 8px; text-align: right;\">1\u20132 mg<\/td>\n        <\/tr>\n      <\/tbody>\n    <\/table>\n  <\/div>\n\n  <div style=\"background-color: #fffbe6; padding: 15px; border-top: 1px solid #ffe58f; text-align: center; font-size: 0.85rem; color: #856404;\">\n    * Os valores podem variar dependendo da origem e do processamento do alimento.\n  <\/div>\n<\/div>\n\n\n\n<p>Mesmo com tantos pontos positivos, a <b>semente de mel\u00e3o<\/b> n\u00e3o substitui rem\u00e9dios nem consultas m\u00e9dicas. Ela funciona melhor quando faz parte de uma alimenta\u00e7\u00e3o <b>variada<\/b>, com frutas, legumes, gr\u00e3os integrais e boas fontes de prote\u00edna. Quem tem condi\u00e7\u00f5es espec\u00edficas de sa\u00fade ou restri\u00e7\u00f5es a <b>fibras<\/b>, gorduras ou sementes deve conversar com um profissional antes de ampliar o consumo.<\/p>\n","protected":false},"excerpt":{"rendered":"<p>Voc\u00ea j\u00e1 reparou como a semente de mel\u00e3o quase sempre vai direto para o lixo? Muita gente nem imagina que aquele punhadinho de sementes pode virar comida de verdade, cheia de nutrientes, sabor e ainda ajudar a reduzir o desperd\u00edcio na cozinha do dia a dia. Semente de mel\u00e3o \u00e9 rica em gorduras boas e [&hellip;]<\/p>\n","protected":false},"author":9,"featured_media":205700,"comment_status":"open","ping_status":"open","sticky":false,"template":"","format":"standard","meta":{"_yoast_wpseo_focuskw":"Semente de mel\u00e3o","_yoast_wpseo_title":"","_yoast_wpseo_metadesc":"Aquilo que muita gente descarta na fruta pode virar um petisco nutritivo, rico em gorduras boas, fibras e minerais para o dia a dia.","jnews-multi-image_gallery":[],"jnews_single_post":{"format":"standard"},"jnews_primary_category":[],"jnews_social_meta":[],"jnews_override_counter":[],"footnotes":""},"categories":[119,4404],"post_tag":[194,1986,565,13554],"class_list":["post-205307","post","type-post","status-publish","format-standard","has-post-thumbnail","hentry","category-bem-estar","category-saude","tag-beneficios","tag-melao","tag-saude","tag-semente-de-melao"],"yoast_head":"<!-- This site is optimized with the Yoast SEO plugin v24.6 - https:\/\/yoast.com\/wordpress\/plugins\/seo\/ -->\n<title>A parte da fruta que muita gente ignora pode trazer fibras, gorduras boas e mais saciedade no dia a dia - Correio Braziliense - Radar<\/title>\n<meta name=\"description\" content=\"Aquilo que muita gente descarta na fruta pode virar um petisco nutritivo, rico em gorduras boas, fibras e minerais para o dia a dia.\" \/>\n<meta name=\"robots\" content=\"index, follow, max-snippet:-1, max-image-preview:large, max-video-preview:-1\" \/>\n<link rel=\"canonical\" href=\"https:\/\/www.correiobraziliense.com.br\/cbradar\/a-parte-da-fruta-que-muita-gente-ignora-pode-trazer-fibras-gorduras-boas-e-mais-saciedade-no-dia-a-dia\/\" \/>\n<meta property=\"og:locale\" content=\"pt_BR\" \/>\n<meta property=\"og:type\" content=\"article\" \/>\n<meta property=\"og:title\" content=\"A parte da fruta que muita gente ignora pode trazer fibras, gorduras boas e mais saciedade no dia a dia - Correio Braziliense - Radar\" \/>\n<meta property=\"og:description\" content=\"Aquilo que muita gente descarta na fruta pode virar um petisco nutritivo, rico em gorduras boas, fibras e minerais para o dia a dia.\" \/>\n<meta property=\"og:url\" content=\"https:\/\/www.correiobraziliense.com.br\/cbradar\/a-parte-da-fruta-que-muita-gente-ignora-pode-trazer-fibras-gorduras-boas-e-mais-saciedade-no-dia-a-dia\/\" \/>\n<meta property=\"og:site_name\" content=\"Correio Braziliense - Radar\" \/>\n<meta property=\"article:published_time\" content=\"2026-03-10T09:15:01+00:00\" \/>\n<meta property=\"og:image\" content=\"https:\/\/www.correiobraziliense.com.br\/cbradar\/wp-content\/uploads\/2026\/03\/freepik__melo-aberto-sobre-mesa-de-cozinha-com-um-pequeno-m__86159.jpeg\" \/>\n\t<meta property=\"og:image:width\" content=\"1280\" \/>\n\t<meta property=\"og:image:height\" content=\"720\" \/>\n\t<meta property=\"og:image:type\" content=\"image\/jpeg\" \/>\n<meta name=\"author\" content=\"Daniely Cardoso\" \/>\n<meta name=\"twitter:card\" content=\"summary_large_image\" \/>\n<meta name=\"twitter:label1\" content=\"Escrito por\" \/>\n\t<meta name=\"twitter:data1\" content=\"Daniely Cardoso\" \/>\n\t<meta name=\"twitter:label2\" content=\"Est. tempo de leitura\" \/>\n\t<meta name=\"twitter:data2\" content=\"5 minutos\" \/>\n<!-- \/ Yoast SEO plugin. -->","yoast_head_json":{"title":"A parte da fruta que muita gente ignora pode trazer fibras, gorduras boas e mais saciedade no dia a dia - Correio Braziliense - Radar","description":"Aquilo que muita gente descarta na fruta pode virar um petisco nutritivo, rico em gorduras boas, fibras e minerais para o dia a dia.","robots":{"index":"index","follow":"follow","max-snippet":"max-snippet:-1","max-image-preview":"max-image-preview:large","max-video-preview":"max-video-preview:-1"},"canonical":"https:\/\/www.correiobraziliense.com.br\/cbradar\/a-parte-da-fruta-que-muita-gente-ignora-pode-trazer-fibras-gorduras-boas-e-mais-saciedade-no-dia-a-dia\/","og_locale":"pt_BR","og_type":"article","og_title":"A parte da fruta que muita gente ignora pode trazer fibras, gorduras boas e mais saciedade no dia a dia - Correio Braziliense - Radar","og_description":"Aquilo que muita gente descarta na fruta pode virar um petisco nutritivo, rico em gorduras boas, fibras e minerais para o dia a dia.","og_url":"https:\/\/www.correiobraziliense.com.br\/cbradar\/a-parte-da-fruta-que-muita-gente-ignora-pode-trazer-fibras-gorduras-boas-e-mais-saciedade-no-dia-a-dia\/","og_site_name":"Correio Braziliense - Radar","article_published_time":"2026-03-10T09:15:01+00:00","og_image":[{"width":1280,"height":720,"url":"https:\/\/www.correiobraziliense.com.br\/cbradar\/wp-content\/uploads\/2026\/03\/freepik__melo-aberto-sobre-mesa-de-cozinha-com-um-pequeno-m__86159.jpeg","type":"image\/jpeg"}],"author":"Daniely Cardoso","twitter_card":"summary_large_image","twitter_misc":{"Escrito por":"Daniely Cardoso","Est. tempo de leitura":"5 minutos"},"schema":{"@context":"https:\/\/schema.org","@graph":[{"@type":"WebPage","@id":"https:\/\/www.correiobraziliense.com.br\/cbradar\/a-parte-da-fruta-que-muita-gente-ignora-pode-trazer-fibras-gorduras-boas-e-mais-saciedade-no-dia-a-dia\/","url":"https:\/\/www.correiobraziliense.com.br\/cbradar\/a-parte-da-fruta-que-muita-gente-ignora-pode-trazer-fibras-gorduras-boas-e-mais-saciedade-no-dia-a-dia\/","name":"A parte da fruta que muita gente ignora pode trazer fibras, gorduras boas e mais saciedade no dia a dia - Correio Braziliense - Radar","isPartOf":{"@id":"https:\/\/www.correiobraziliense.com.br\/cbradar\/#website"},"primaryImageOfPage":{"@id":"https:\/\/www.correiobraziliense.com.br\/cbradar\/a-parte-da-fruta-que-muita-gente-ignora-pode-trazer-fibras-gorduras-boas-e-mais-saciedade-no-dia-a-dia\/#primaryimage"},"image":{"@id":"https:\/\/www.correiobraziliense.com.br\/cbradar\/a-parte-da-fruta-que-muita-gente-ignora-pode-trazer-fibras-gorduras-boas-e-mais-saciedade-no-dia-a-dia\/#primaryimage"},"thumbnailUrl":"https:\/\/www.correiobraziliense.com.br\/cbradar\/wp-content\/uploads\/2026\/03\/freepik__melo-aberto-sobre-mesa-de-cozinha-com-um-pequeno-m__86159.jpeg","datePublished":"2026-03-10T09:15:01+00:00","author":{"@id":"https:\/\/www.correiobraziliense.com.br\/cbradar\/#\/schema\/person\/7356666e12ec0ee53f348ee5db227032"},"description":"Aquilo que muita gente descarta na fruta pode virar um petisco nutritivo, rico em gorduras boas, fibras e minerais para o dia a dia.","breadcrumb":{"@id":"https:\/\/www.correiobraziliense.com.br\/cbradar\/a-parte-da-fruta-que-muita-gente-ignora-pode-trazer-fibras-gorduras-boas-e-mais-saciedade-no-dia-a-dia\/#breadcrumb"},"inLanguage":"pt-BR","potentialAction":[{"@type":"ReadAction","target":["https:\/\/www.correiobraziliense.com.br\/cbradar\/a-parte-da-fruta-que-muita-gente-ignora-pode-trazer-fibras-gorduras-boas-e-mais-saciedade-no-dia-a-dia\/"]}]},{"@type":"ImageObject","inLanguage":"pt-BR","@id":"https:\/\/www.correiobraziliense.com.br\/cbradar\/a-parte-da-fruta-que-muita-gente-ignora-pode-trazer-fibras-gorduras-boas-e-mais-saciedade-no-dia-a-dia\/#primaryimage","url":"https:\/\/www.correiobraziliense.com.br\/cbradar\/wp-content\/uploads\/2026\/03\/freepik__melo-aberto-sobre-mesa-de-cozinha-com-um-pequeno-m__86159.jpeg","contentUrl":"https:\/\/www.correiobraziliense.com.br\/cbradar\/wp-content\/uploads\/2026\/03\/freepik__melo-aberto-sobre-mesa-de-cozinha-com-um-pequeno-m__86159.jpeg","width":1280,"height":720,"caption":"Sementes de mel\u00e3o s\u00e3o ricas em fibras, prote\u00ednas e gorduras saud\u00e1veis"},{"@type":"BreadcrumbList","@id":"https:\/\/www.correiobraziliense.com.br\/cbradar\/a-parte-da-fruta-que-muita-gente-ignora-pode-trazer-fibras-gorduras-boas-e-mais-saciedade-no-dia-a-dia\/#breadcrumb","itemListElement":[{"@type":"ListItem","position":1,"name":"In\u00edcio","item":"https:\/\/www.correiobraziliense.com.br\/cbradar\/"},{"@type":"ListItem","position":2,"name":"A parte da fruta que muita gente ignora pode trazer fibras, gorduras boas e mais saciedade no dia a dia"}]},{"@type":"WebSite","@id":"https:\/\/www.correiobraziliense.com.br\/cbradar\/#website","url":"https:\/\/www.correiobraziliense.com.br\/cbradar\/","name":"Correio Braziliense - Radar","description":"Acompanhe as \u00faltimas not\u00edcias e fique bem informado sobre tudo o que acontece no Brasil e no mundo.","potentialAction":[{"@type":"SearchAction","target":{"@type":"EntryPoint","urlTemplate":"https:\/\/www.correiobraziliense.com.br\/cbradar\/?s={search_term_string}"},"query-input":{"@type":"PropertyValueSpecification","valueRequired":true,"valueName":"search_term_string"}}],"inLanguage":"pt-BR"},{"@type":"Person","@id":"https:\/\/www.correiobraziliense.com.br\/cbradar\/#\/schema\/person\/7356666e12ec0ee53f348ee5db227032","name":"Daniely Cardoso","image":{"@type":"ImageObject","inLanguage":"pt-BR","@id":"https:\/\/www.correiobraziliense.com.br\/cbradar\/#\/schema\/person\/image\/","url":"https:\/\/secure.gravatar.com\/avatar\/4b80ddbd124d1f071b626d52d62e5dff?s=96&d=mm&r=g","contentUrl":"https:\/\/secure.gravatar.com\/avatar\/4b80ddbd124d1f071b626d52d62e5dff?s=96&d=mm&r=g","caption":"Daniely Cardoso"},"description":"Redatora nos portais CB Radar e EM Foco, formada pela Universidade Federal de Goi\u00e1s, em Goi\u00e2nia. Apaixonada por comunica\u00e7\u00e3o, arte, decora\u00e7\u00e3o e tend\u00eancias, atuo na produ\u00e7\u00e3o de conte\u00fados envolventes sobre curiosidades, moda, beleza e paisagismo, sempre com um olhar atento \u00e0s novidades do momento.","sameAs":["https:\/\/www.correiobraziliense.com.br\/cbradar"],"url":"https:\/\/www.correiobraziliense.com.br\/cbradar\/author\/danielymyth\/"}]}},"_links":{"self":[{"href":"https:\/\/www.correiobraziliense.com.br\/cbradar\/wp-json\/wp\/v2\/posts\/205307","targetHints":{"allow":["GET"]}}],"collection":[{"href":"https:\/\/www.correiobraziliense.com.br\/cbradar\/wp-json\/wp\/v2\/posts"}],"about":[{"href":"https:\/\/www.correiobraziliense.com.br\/cbradar\/wp-json\/wp\/v2\/types\/post"}],"author":[{"embeddable":true,"href":"https:\/\/www.correiobraziliense.com.br\/cbradar\/wp-json\/wp\/v2\/users\/9"}],"replies":[{"embeddable":true,"href":"https:\/\/www.correiobraziliense.com.br\/cbradar\/wp-json\/wp\/v2\/comments?post=205307"}],"version-history":[{"count":2,"href":"https:\/\/www.correiobraziliense.com.br\/cbradar\/wp-json\/wp\/v2\/posts\/205307\/revisions"}],"predecessor-version":[{"id":205338,"href":"https:\/\/www.correiobraziliense.com.br\/cbradar\/wp-json\/wp\/v2\/posts\/205307\/revisions\/205338"}],"wp:featuredmedia":[{"embeddable":true,"href":"https:\/\/www.correiobraziliense.com.br\/cbradar\/wp-json\/wp\/v2\/media\/205700"}],"wp:attachment":[{"href":"https:\/\/www.correiobraziliense.com.br\/cbradar\/wp-json\/wp\/v2\/media?parent=205307"}],"wp:term":[{"taxonomy":"category","embeddable":true,"href":"https:\/\/www.correiobraziliense.com.br\/cbradar\/wp-json\/wp\/v2\/categories?post=205307"},{"taxonomy":"post_tag","embeddable":true,"href":"https:\/\/www.correiobraziliense.com.br\/cbradar\/wp-json\/wp\/v2\/post_tag?post=205307"}],"curies":[{"name":"wp","href":"https:\/\/api.w.org\/{rel}","templated":true}]}}