{"id":205308,"date":"2026-03-10T08:15:00","date_gmt":"2026-03-10T11:15:00","guid":{"rendered":"https:\/\/www.correiobraziliense.com.br\/cbradar\/?p=205308"},"modified":"2026-03-09T19:36:22","modified_gmt":"2026-03-09T22:36:22","slug":"essa-farinha-diferente-pode-ajudar-o-intestino-a-funcionar-melhor-e-aumentar-a-saciedade-nas-refeicoes","status":"publish","type":"post","link":"https:\/\/www.correiobraziliense.com.br\/cbradar\/essa-farinha-diferente-pode-ajudar-o-intestino-a-funcionar-melhor-e-aumentar-a-saciedade-nas-refeicoes\/","title":{"rendered":"Essa farinha diferente pode ajudar o intestino a funcionar melhor e aumentar a saciedade nas refei\u00e7\u00f5es"},"content":{"rendered":"\n<p>Voc\u00ea j\u00e1 percebeu como pequenos ajustes na alimenta\u00e7\u00e3o podem fazer uma grande diferen\u00e7a no <b>bem-estar<\/b> ao longo do dia? A <b>farinha<\/b> de coco vem entrando na rotina de muita gente exatamente por isso: \u00e9 uma op\u00e7\u00e3o mais rica em fibras e com menos carboidratos refinados, feita a partir da polpa do coco depois da extra\u00e7\u00e3o do \u00f3leo ou do leite. Ela concentra <b>nutrientes<\/b> que podem ajudar o intestino a funcionar melhor e aumentar a sensa\u00e7\u00e3o de saciedade, sendo um ingrediente vers\u00e1til para receitas doces e salgadas, substituindo total ou parcialmente outras farinhas.<\/p>\n\n\n\n<h2 class=\"wp-block-heading\">Por que a farinha de coco \u00e9 t\u00e3o rica em fibras<\/h2>\n\n\n\n<p>A principal caracter\u00edstica da <b>farinha<\/b> de coco \u00e9 a alta concentra\u00e7\u00e3o de fibras, tanto sol\u00faveis quanto insol\u00faveis, o que a torna interessante para quem quer melhorar o tr\u00e2nsito intestinal. Em compara\u00e7\u00e3o com farinhas tradicionais, como a de trigo refinada, a diferen\u00e7a na quantidade de <b>fibras<\/b> \u00e9 grande, o que ajuda a explicar sua <b>popularidade<\/b> nas dietas mais atuais.<\/p>\n\n\n\n<p>As fibras insol\u00faveis ajudam a formar o volume das fezes, enquanto as sol\u00faveis formam um tipo de gel no intestino, que pode reduzir a velocidade de absor\u00e7\u00e3o de a\u00e7\u00facares e gorduras. Isso favorece uma digest\u00e3o um pouco mais lenta e uma saciedade prolongada, motivo pelo qual a farinha de coco costuma aparecer em planos alimentares com foco em menos <b>ultraprocessados<\/b> e mais fibras no dia a dia, especialmente em estrat\u00e9gias como alimenta\u00e7\u00e3o <b>low<\/b> carb e controle da <b>glicemia<\/b>.<\/p>\n\n\n<div class=\"wp-block-image\">\n<figure class=\"aligncenter size-full\"><img decoding=\"async\" width=\"1280\" height=\"720\" src=\"https:\/\/www.correiobraziliense.com.br\/cbradar\/wp-content\/uploads\/2026\/03\/Gemini_Generated_Image_4tcdfn4tcdfn4tcd-2.png\" alt=\"\" class=\"wp-image-205348\" srcset=\"https:\/\/www.correiobraziliense.com.br\/cbradar\/wp-content\/uploads\/2026\/03\/Gemini_Generated_Image_4tcdfn4tcdfn4tcd-2.png 1280w, https:\/\/www.correiobraziliense.com.br\/cbradar\/wp-content\/uploads\/2026\/03\/Gemini_Generated_Image_4tcdfn4tcdfn4tcd-2-300x169.png 300w, https:\/\/www.correiobraziliense.com.br\/cbradar\/wp-content\/uploads\/2026\/03\/Gemini_Generated_Image_4tcdfn4tcdfn4tcd-2-768x432.png 768w, https:\/\/www.correiobraziliense.com.br\/cbradar\/wp-content\/uploads\/2026\/03\/Gemini_Generated_Image_4tcdfn4tcdfn4tcd-2-750x422.png 750w, https:\/\/www.correiobraziliense.com.br\/cbradar\/wp-content\/uploads\/2026\/03\/Gemini_Generated_Image_4tcdfn4tcdfn4tcd-2-1140x641.png 1140w\" sizes=\"(max-width: 1280px) 100vw, 1280px\" \/><figcaption class=\"wp-element-caption\">As fibras insol\u00faveis ajudam a formar o volume das fezes, enquanto as sol\u00faveis formam um tipo de gel no intestino<\/figcaption><\/figure><\/div>\n\n\n<p>Leia tamb\u00e9m:&nbsp;<a href=\"https:\/\/www.correiobraziliense.com.br\/cbradar\/essa-erva-aromatica-usada-na-cozinha-tambem-pode-ajudar-quem-sofre-com-tosse-e-nariz-entupido\/\" target=\"_blank\" rel=\"noopener\">Essa erva arom\u00e1tica usada na cozinha tamb\u00e9m pode ajudar quem sofre com tosse e nariz entupido<\/a><\/p>\n\n\n\n<h2 class=\"wp-block-heading\">Como a farinha de coco age no intestino e na saciedade<\/h2>\n\n\n\n<p>O impacto da farinha de coco no <b>intestino<\/b> est\u00e1 ligado diretamente ao seu alto teor de fibras, que precisa vir acompanhado de uma boa hidrata\u00e7\u00e3o ao longo do dia. Quando isso acontece, ela pode auxiliar na regularidade das evacua\u00e7\u00f5es e reduzir epis\u00f3dios de intestino preso, principalmente em pessoas que antes consumiam poucas frutas, verduras, legumes e gr\u00e3os <b>integrais<\/b>, contribuindo tamb\u00e9m para uma melhor <b>microbiota<\/b> intestinal.<\/p>\n\n\n\n<p>Para evitar desconfortos como gases e estufamento, o ideal \u00e9 incluir a farinha de coco aos poucos, observando a rea\u00e7\u00e3o do organismo. Assim, \u00e9 mais f\u00e1cil ajustar a quantidade de forma individual, sem exageros, lembrando que ela n\u00e3o substitui outras fontes de <b>fibras<\/b>, mas funciona muito bem como complemento em uma alimenta\u00e7\u00e3o variada, podendo at\u00e9 ajudar em planos de <b>emagrecimento<\/b> e de controle de <b>apetite<\/b>.<\/p>\n\n\n\n<h2 class=\"wp-block-heading\">Quais s\u00e3o os principais efeitos da farinha de coco no corpo<\/h2>\n\n\n\n<p>Quando a farinha de coco \u00e9 usada com equil\u00edbrio, ela pode trazer alguns efeitos percebidos no dia a dia, especialmente para quem antes consumia muitas farinhas refinadas. Esses resultados variam de pessoa para pessoa, mas costumam envolver tanto o funcionamento do intestino quanto a sensa\u00e7\u00e3o de <b>saciedade<\/b> entre as refei\u00e7\u00f5es, al\u00e9m de impacto indireto na <b>energia<\/b> e em poss\u00edveis oscila\u00e7\u00f5es de <b>humor<\/b> relacionadas \u00e0 alimenta\u00e7\u00e3o. Se voc\u00ea gosta de ouvir especialistas, separamos esse v\u00eddeo da nutricionista Esther Costa do canal <a href=\"https:\/\/www.youtube.com\/@MundoBoaFormaTV\" target=\"_blank\" rel=\"noreferrer noopener\">MundoBoaForma<\/a> mostrando com mais detalhes os benef\u00edcios da farinha de coco:<\/p>\n\n\n\n<figure class=\"wp-block-embed is-type-video is-provider-youtube wp-block-embed-youtube wp-embed-aspect-16-9 wp-has-aspect-ratio\"><div class=\"wp-block-embed__wrapper\">\n<div class=\"jeg_video_container jeg_video_content\"><iframe loading=\"lazy\" title=\"7 Benef\u00edcios da FARINHA DE COCO e Como USAR CERTO para EMAGRECER e SA\u00daDE! (Low Carb)\" width=\"500\" height=\"281\" src=\"https:\/\/www.youtube.com\/embed\/U4qbHNVwwR0?feature=oembed\" frameborder=\"0\" allow=\"accelerometer; autoplay; clipboard-write; encrypted-media; gyroscope; picture-in-picture; web-share\" referrerpolicy=\"strict-origin-when-cross-origin\" allowfullscreen><\/iframe><\/div>\n<\/div><\/figure>\n\n\n\n<ul class=\"wp-block-list\">\n<li><strong>Volume fecal aumentado:<\/strong> as fibras insol\u00faveis ajudam a dar mais consist\u00eancia \u00e0s <b>fezes<\/b>.<\/li>\n\n\n\n<li><strong>Tr\u00e2nsito intestinal mais regular:<\/strong> a combina\u00e7\u00e3o de fibras e \u00e1gua favorece um ritmo mais <b>organizado<\/b>.<\/li>\n\n\n\n<li><strong>Saciedade maior:<\/strong> a digest\u00e3o um pouco mais lenta pode prolongar o intervalo entre as <b>refei\u00e7\u00f5es<\/b>.<\/li>\n<\/ul>\n\n\n\n<h2 class=\"wp-block-heading\">A farinha de coco tem mais fibras que outras farinhas<\/h2>\n\n\n\n<p>Ao comparar a farinha de coco com outros tipos, percebe-se que, em geral, ela tem mais fibras do que muitas farinhas comuns encontradas no mercado. Os valores podem variar entre marcas, mas os n\u00fameros m\u00e9dios por 100 g ajudam a ter uma ideia e entender por que ela costuma ser t\u00e3o associada ao aumento do consumo de <b>fibras<\/b>, o que \u00e9 um ponto importante em padr\u00f5es de alimenta\u00e7\u00e3o mais <b>saud\u00e1veis<\/b> e na preven\u00e7\u00e3o de problemas como constipa\u00e7\u00e3o e aumento de <b>colesterol<\/b>.<\/p>\n\n\n\n<div class=\"fiber-content-container\" style=\"box-sizing: border-box; display: flex; flex-direction: column; width: 100%; max-width: 800px; margin: 30px auto; background-color: #ffffff; color: #1f1f1f; border-radius: 12px; overflow: hidden; font-family: 'Segoe UI', Roboto, Helvetica, Arial, sans-serif; box-shadow: 0 4px 15px rgba(0,0,0,0.1); border: 1px solid #e2e8f0;\">\n\n  <div style=\"background-color: #f0fdf4; padding: 25px; border-bottom: 3px solid #22c55e; text-align: center;\">\n    <h2 style=\"margin: 0; color: #166534; font-size: 1.5rem; line-height: 1.3;\">\ud83d\udcca Comparativo: Teor de Fibras nas Farinhas<\/h2>\n    <div style=\"font-size: 0.95rem; margin-top: 8px; color: #374151; opacity: 0.9;\">Valores m\u00e9dios de fibras por por\u00e7\u00e3o de refer\u00eancia<\/div>\n  <\/div>\n\n  <div style=\"padding: 25px;\">\n    <div style=\"display: grid; grid-template-columns: 1fr; gap: 12px;\">\n      \n      <div style=\"display: flex; justify-content: space-between; align-items: center; padding: 15px; background-color: #f8fafc; border-radius: 8px; border-left: 5px solid #22c55e;\">\n        <span style=\"font-weight: 600; font-size: 1rem; color: #334155;\">\ud83e\udd65 Farinha de coco<\/span>\n        <span style=\"font-size: 1.05rem; color: #166534;\"><strong>35 g a 45 g<\/strong> de fibras<\/span>\n      <\/div>\n\n      <div style=\"display: flex; justify-content: space-between; align-items: center; padding: 15px; background-color: #f8fafc; border-radius: 8px; border-left: 5px solid #4ade80;\">\n        <span style=\"font-weight: 600; font-size: 1rem; color: #334155;\">\ud83c\udf31 Farinha de linha\u00e7a<\/span>\n        <span style=\"font-size: 1.05rem; color: #166534;\"><strong>25 g a 30 g<\/strong> de fibras<\/span>\n      <\/div>\n\n      <div style=\"display: flex; justify-content: space-between; align-items: center; padding: 15px; background-color: #ffffff; border-radius: 8px; border: 1px solid #f1f5f9;\">\n        <span style=\"font-weight: 600; font-size: 1rem; color: #334155;\">\ud83e\udd5c Farinha de am\u00eandoas<\/span>\n        <span style=\"font-size: 1rem; color: #475569;\"><strong>10 g a 13 g<\/strong> de fibras<\/span>\n      <\/div>\n\n      <div style=\"display: flex; justify-content: space-between; align-items: center; padding: 15px; background-color: #ffffff; border-radius: 8px; border: 1px solid #f1f5f9;\">\n        <span style=\"font-weight: 600; font-size: 1rem; color: #334155;\">\ud83c\udf3e Farinha de trigo integral<\/span>\n        <span style=\"font-size: 1rem; color: #475569;\"><strong>9 g a 13 g<\/strong> de fibras<\/span>\n      <\/div>\n\n      <div style=\"display: flex; justify-content: space-between; align-items: center; padding: 15px; background-color: #ffffff; border-radius: 8px; border: 1px solid #f1f5f9;\">\n        <span style=\"font-weight: 600; font-size: 1rem; color: #334155;\">\ud83e\udd63 Farinha de aveia<\/span>\n        <span style=\"font-size: 1rem; color: #475569;\"><strong>7 g a 10 g<\/strong> de fibras<\/span>\n      <\/div>\n\n      <div style=\"display: flex; justify-content: space-between; align-items: center; padding: 15px; background-color: #fff1f2; border-radius: 8px; border: 1px solid #ffe4e6;\">\n        <span style=\"font-weight: 600; font-size: 1rem; color: #991b1b;\">\ud83e\udd56 Farinha de trigo branca<\/span>\n        <span style=\"font-size: 1rem; color: #991b1b;\"><strong>2 g a 3 g<\/strong> de fibras<\/span>\n      <\/div>\n\n      <div style=\"display: flex; justify-content: space-between; align-items: center; padding: 15px; background-color: #fff1f2; border-radius: 8px; border: 1px solid #ffe4e6;\">\n        <span style=\"font-weight: 600; font-size: 1rem; color: #991b1b;\">\ud83c\udf5a Farinha de arroz branca<\/span>\n        <span style=\"font-size: 1rem; color: #991b1b;\"><strong>1 g a 2 g<\/strong> de fibras<\/span>\n      <\/div>\n\n    <\/div>\n  <\/div>\n\n  <div style=\"background-color: #f8fafc; padding: 15px; border-top: 1px solid #e2e8f0; text-align: center; font-size: 0.85rem; color: #64748b; font-style: italic;\">\n    Nota: Substituir farinhas brancas por op\u00e7\u00f5es como coco ou linha\u00e7a pode aumentar drasticamente a saciedade.\n  <\/div>\n<\/div>\n\n\n\n<p>Esses dados mostram por que se diz que a farinha de coco tem mais fibras do que muitas outras. Para decidir como inclu\u00ed-la na rotina, vale considerar o contexto geral da alimenta\u00e7\u00e3o, poss\u00edveis <b>restri\u00e7\u00f5es<\/b> e objetivos pessoais, lembrando sempre que ela \u00e9 uma aliada, e n\u00e3o a \u00fanica respons\u00e1vel por uma dieta equilibrada, devendo vir acompanhada de h\u00e1bitos como boa <b>hidrata\u00e7\u00e3o<\/b> e consumo adequado de frutas, legumes e <b>verduras<\/b>.<\/p>\n","protected":false},"excerpt":{"rendered":"<p>Voc\u00ea j\u00e1 percebeu como pequenos ajustes na alimenta\u00e7\u00e3o podem fazer uma grande diferen\u00e7a no bem-estar ao longo do dia? A farinha de coco vem entrando na rotina de muita gente exatamente por isso: \u00e9 uma op\u00e7\u00e3o mais rica em fibras e com menos carboidratos refinados, feita a partir da polpa do coco depois da extra\u00e7\u00e3o [&hellip;]<\/p>\n","protected":false},"author":9,"featured_media":205696,"comment_status":"open","ping_status":"open","sticky":false,"template":"","format":"standard","meta":{"_yoast_wpseo_focuskw":"farinha de coco","_yoast_wpseo_title":"","_yoast_wpseo_metadesc":"Uma farinha rica em fibras que pode ajudar o intestino, aumentar a saciedade e substituir op\u00e7\u00f5es refinadas em v\u00e1rias receitas.","jnews-multi-image_gallery":[],"jnews_single_post":{"format":"standard"},"jnews_primary_category":[],"jnews_social_meta":[],"jnews_override_counter":[],"footnotes":""},"categories":[119,4404],"post_tag":[15898,14722,2295,1422],"class_list":["post-205308","post","type-post","status-publish","format-standard","has-post-thumbnail","hentry","category-bem-estar","category-saude","tag-beneficios-da-farinha-de-coco","tag-farinha-de-coco","tag-fibras","tag-intestino"],"yoast_head":"<!-- This site is optimized with the Yoast SEO plugin v24.6 - https:\/\/yoast.com\/wordpress\/plugins\/seo\/ -->\n<title>Essa farinha diferente pode ajudar o intestino a funcionar melhor e aumentar a saciedade nas refei\u00e7\u00f5es - Correio Braziliense - Radar<\/title>\n<meta name=\"description\" content=\"Uma farinha rica em fibras que pode ajudar o intestino, aumentar a saciedade e substituir op\u00e7\u00f5es refinadas em v\u00e1rias receitas.\" \/>\n<meta name=\"robots\" content=\"index, follow, max-snippet:-1, max-image-preview:large, max-video-preview:-1\" \/>\n<link rel=\"canonical\" href=\"https:\/\/www.correiobraziliense.com.br\/cbradar\/essa-farinha-diferente-pode-ajudar-o-intestino-a-funcionar-melhor-e-aumentar-a-saciedade-nas-refeicoes\/\" \/>\n<meta property=\"og:locale\" content=\"pt_BR\" \/>\n<meta property=\"og:type\" content=\"article\" \/>\n<meta property=\"og:title\" content=\"Essa farinha diferente pode ajudar o intestino a funcionar melhor e aumentar a saciedade nas refei\u00e7\u00f5es - Correio Braziliense - Radar\" \/>\n<meta property=\"og:description\" content=\"Uma farinha rica em fibras que pode ajudar o intestino, aumentar a saciedade e substituir op\u00e7\u00f5es refinadas em v\u00e1rias receitas.\" \/>\n<meta property=\"og:url\" content=\"https:\/\/www.correiobraziliense.com.br\/cbradar\/essa-farinha-diferente-pode-ajudar-o-intestino-a-funcionar-melhor-e-aumentar-a-saciedade-nas-refeicoes\/\" \/>\n<meta property=\"og:site_name\" content=\"Correio Braziliense - Radar\" \/>\n<meta property=\"article:published_time\" content=\"2026-03-10T11:15:00+00:00\" \/>\n<meta property=\"og:image\" content=\"https:\/\/www.correiobraziliense.com.br\/cbradar\/wp-content\/uploads\/2026\/03\/freepik__pote-de-vidro-cheio-de-farinha-de-coco-sobre-banca__86161.jpeg\" \/>\n\t<meta property=\"og:image:width\" content=\"1280\" \/>\n\t<meta property=\"og:image:height\" content=\"720\" \/>\n\t<meta property=\"og:image:type\" content=\"image\/jpeg\" \/>\n<meta name=\"author\" content=\"Daniely Cardoso\" \/>\n<meta name=\"twitter:card\" content=\"summary_large_image\" \/>\n<meta name=\"twitter:label1\" content=\"Escrito por\" \/>\n\t<meta name=\"twitter:data1\" content=\"Daniely Cardoso\" \/>\n\t<meta name=\"twitter:label2\" content=\"Est. tempo de leitura\" \/>\n\t<meta name=\"twitter:data2\" content=\"6 minutos\" \/>\n<!-- \/ Yoast SEO plugin. -->","yoast_head_json":{"title":"Essa farinha diferente pode ajudar o intestino a funcionar melhor e aumentar a saciedade nas refei\u00e7\u00f5es - Correio Braziliense - Radar","description":"Uma farinha rica em fibras que pode ajudar o intestino, aumentar a saciedade e substituir op\u00e7\u00f5es refinadas em v\u00e1rias receitas.","robots":{"index":"index","follow":"follow","max-snippet":"max-snippet:-1","max-image-preview":"max-image-preview:large","max-video-preview":"max-video-preview:-1"},"canonical":"https:\/\/www.correiobraziliense.com.br\/cbradar\/essa-farinha-diferente-pode-ajudar-o-intestino-a-funcionar-melhor-e-aumentar-a-saciedade-nas-refeicoes\/","og_locale":"pt_BR","og_type":"article","og_title":"Essa farinha diferente pode ajudar o intestino a funcionar melhor e aumentar a saciedade nas refei\u00e7\u00f5es - Correio Braziliense - Radar","og_description":"Uma farinha rica em fibras que pode ajudar o intestino, aumentar a saciedade e substituir op\u00e7\u00f5es refinadas em v\u00e1rias receitas.","og_url":"https:\/\/www.correiobraziliense.com.br\/cbradar\/essa-farinha-diferente-pode-ajudar-o-intestino-a-funcionar-melhor-e-aumentar-a-saciedade-nas-refeicoes\/","og_site_name":"Correio Braziliense - Radar","article_published_time":"2026-03-10T11:15:00+00:00","og_image":[{"width":1280,"height":720,"url":"https:\/\/www.correiobraziliense.com.br\/cbradar\/wp-content\/uploads\/2026\/03\/freepik__pote-de-vidro-cheio-de-farinha-de-coco-sobre-banca__86161.jpeg","type":"image\/jpeg"}],"author":"Daniely Cardoso","twitter_card":"summary_large_image","twitter_misc":{"Escrito por":"Daniely Cardoso","Est. tempo de leitura":"6 minutos"},"schema":{"@context":"https:\/\/schema.org","@graph":[{"@type":"WebPage","@id":"https:\/\/www.correiobraziliense.com.br\/cbradar\/essa-farinha-diferente-pode-ajudar-o-intestino-a-funcionar-melhor-e-aumentar-a-saciedade-nas-refeicoes\/","url":"https:\/\/www.correiobraziliense.com.br\/cbradar\/essa-farinha-diferente-pode-ajudar-o-intestino-a-funcionar-melhor-e-aumentar-a-saciedade-nas-refeicoes\/","name":"Essa farinha diferente pode ajudar o intestino a funcionar melhor e aumentar a saciedade nas refei\u00e7\u00f5es - Correio Braziliense - Radar","isPartOf":{"@id":"https:\/\/www.correiobraziliense.com.br\/cbradar\/#website"},"primaryImageOfPage":{"@id":"https:\/\/www.correiobraziliense.com.br\/cbradar\/essa-farinha-diferente-pode-ajudar-o-intestino-a-funcionar-melhor-e-aumentar-a-saciedade-nas-refeicoes\/#primaryimage"},"image":{"@id":"https:\/\/www.correiobraziliense.com.br\/cbradar\/essa-farinha-diferente-pode-ajudar-o-intestino-a-funcionar-melhor-e-aumentar-a-saciedade-nas-refeicoes\/#primaryimage"},"thumbnailUrl":"https:\/\/www.correiobraziliense.com.br\/cbradar\/wp-content\/uploads\/2026\/03\/freepik__pote-de-vidro-cheio-de-farinha-de-coco-sobre-banca__86161.jpeg","datePublished":"2026-03-10T11:15:00+00:00","author":{"@id":"https:\/\/www.correiobraziliense.com.br\/cbradar\/#\/schema\/person\/7356666e12ec0ee53f348ee5db227032"},"description":"Uma farinha rica em fibras que pode ajudar o intestino, aumentar a saciedade e substituir op\u00e7\u00f5es refinadas em v\u00e1rias receitas.","breadcrumb":{"@id":"https:\/\/www.correiobraziliense.com.br\/cbradar\/essa-farinha-diferente-pode-ajudar-o-intestino-a-funcionar-melhor-e-aumentar-a-saciedade-nas-refeicoes\/#breadcrumb"},"inLanguage":"pt-BR","potentialAction":[{"@type":"ReadAction","target":["https:\/\/www.correiobraziliense.com.br\/cbradar\/essa-farinha-diferente-pode-ajudar-o-intestino-a-funcionar-melhor-e-aumentar-a-saciedade-nas-refeicoes\/"]}]},{"@type":"ImageObject","inLanguage":"pt-BR","@id":"https:\/\/www.correiobraziliense.com.br\/cbradar\/essa-farinha-diferente-pode-ajudar-o-intestino-a-funcionar-melhor-e-aumentar-a-saciedade-nas-refeicoes\/#primaryimage","url":"https:\/\/www.correiobraziliense.com.br\/cbradar\/wp-content\/uploads\/2026\/03\/freepik__pote-de-vidro-cheio-de-farinha-de-coco-sobre-banca__86161.jpeg","contentUrl":"https:\/\/www.correiobraziliense.com.br\/cbradar\/wp-content\/uploads\/2026\/03\/freepik__pote-de-vidro-cheio-de-farinha-de-coco-sobre-banca__86161.jpeg","width":1280,"height":720,"caption":"A farinha de coco \u00e9 produzida a partir da polpa do coco que sobra ap\u00f3s a extra\u00e7\u00e3o do \u00f3leo ou do leite"},{"@type":"BreadcrumbList","@id":"https:\/\/www.correiobraziliense.com.br\/cbradar\/essa-farinha-diferente-pode-ajudar-o-intestino-a-funcionar-melhor-e-aumentar-a-saciedade-nas-refeicoes\/#breadcrumb","itemListElement":[{"@type":"ListItem","position":1,"name":"In\u00edcio","item":"https:\/\/www.correiobraziliense.com.br\/cbradar\/"},{"@type":"ListItem","position":2,"name":"Essa farinha diferente pode ajudar o intestino a funcionar melhor e aumentar a saciedade nas refei\u00e7\u00f5es"}]},{"@type":"WebSite","@id":"https:\/\/www.correiobraziliense.com.br\/cbradar\/#website","url":"https:\/\/www.correiobraziliense.com.br\/cbradar\/","name":"Correio Braziliense - Radar","description":"Acompanhe as \u00faltimas not\u00edcias e fique bem informado sobre tudo o que acontece no Brasil e no mundo.","potentialAction":[{"@type":"SearchAction","target":{"@type":"EntryPoint","urlTemplate":"https:\/\/www.correiobraziliense.com.br\/cbradar\/?s={search_term_string}"},"query-input":{"@type":"PropertyValueSpecification","valueRequired":true,"valueName":"search_term_string"}}],"inLanguage":"pt-BR"},{"@type":"Person","@id":"https:\/\/www.correiobraziliense.com.br\/cbradar\/#\/schema\/person\/7356666e12ec0ee53f348ee5db227032","name":"Daniely Cardoso","image":{"@type":"ImageObject","inLanguage":"pt-BR","@id":"https:\/\/www.correiobraziliense.com.br\/cbradar\/#\/schema\/person\/image\/","url":"https:\/\/secure.gravatar.com\/avatar\/4b80ddbd124d1f071b626d52d62e5dff?s=96&d=mm&r=g","contentUrl":"https:\/\/secure.gravatar.com\/avatar\/4b80ddbd124d1f071b626d52d62e5dff?s=96&d=mm&r=g","caption":"Daniely Cardoso"},"description":"Redatora nos portais CB Radar e EM Foco, formada pela Universidade Federal de Goi\u00e1s, em Goi\u00e2nia. Apaixonada por comunica\u00e7\u00e3o, arte, decora\u00e7\u00e3o e tend\u00eancias, atuo na produ\u00e7\u00e3o de conte\u00fados envolventes sobre curiosidades, moda, beleza e paisagismo, sempre com um olhar atento \u00e0s novidades do momento.","sameAs":["https:\/\/www.correiobraziliense.com.br\/cbradar"],"url":"https:\/\/www.correiobraziliense.com.br\/cbradar\/author\/danielymyth\/"}]}},"_links":{"self":[{"href":"https:\/\/www.correiobraziliense.com.br\/cbradar\/wp-json\/wp\/v2\/posts\/205308","targetHints":{"allow":["GET"]}}],"collection":[{"href":"https:\/\/www.correiobraziliense.com.br\/cbradar\/wp-json\/wp\/v2\/posts"}],"about":[{"href":"https:\/\/www.correiobraziliense.com.br\/cbradar\/wp-json\/wp\/v2\/types\/post"}],"author":[{"embeddable":true,"href":"https:\/\/www.correiobraziliense.com.br\/cbradar\/wp-json\/wp\/v2\/users\/9"}],"replies":[{"embeddable":true,"href":"https:\/\/www.correiobraziliense.com.br\/cbradar\/wp-json\/wp\/v2\/comments?post=205308"}],"version-history":[{"count":2,"href":"https:\/\/www.correiobraziliense.com.br\/cbradar\/wp-json\/wp\/v2\/posts\/205308\/revisions"}],"predecessor-version":[{"id":205349,"href":"https:\/\/www.correiobraziliense.com.br\/cbradar\/wp-json\/wp\/v2\/posts\/205308\/revisions\/205349"}],"wp:featuredmedia":[{"embeddable":true,"href":"https:\/\/www.correiobraziliense.com.br\/cbradar\/wp-json\/wp\/v2\/media\/205696"}],"wp:attachment":[{"href":"https:\/\/www.correiobraziliense.com.br\/cbradar\/wp-json\/wp\/v2\/media?parent=205308"}],"wp:term":[{"taxonomy":"category","embeddable":true,"href":"https:\/\/www.correiobraziliense.com.br\/cbradar\/wp-json\/wp\/v2\/categories?post=205308"},{"taxonomy":"post_tag","embeddable":true,"href":"https:\/\/www.correiobraziliense.com.br\/cbradar\/wp-json\/wp\/v2\/post_tag?post=205308"}],"curies":[{"name":"wp","href":"https:\/\/api.w.org\/{rel}","templated":true}]}}