{"id":205310,"date":"2026-03-10T10:05:18","date_gmt":"2026-03-10T13:05:18","guid":{"rendered":"https:\/\/www.correiobraziliense.com.br\/cbradar\/?p=205310"},"modified":"2026-03-09T15:02:49","modified_gmt":"2026-03-09T18:02:49","slug":"a-fruta-seca-que-muita-gente-usa-para-ajudar-o-intestino-a-voltar-ao-ritmo-natural","status":"publish","type":"post","link":"https:\/\/www.correiobraziliense.com.br\/cbradar\/a-fruta-seca-que-muita-gente-usa-para-ajudar-o-intestino-a-voltar-ao-ritmo-natural\/","title":{"rendered":"A fruta seca que muita gente usa para ajudar o intestino a voltar ao ritmo natural"},"content":{"rendered":"\n<p>Voc\u00ea j\u00e1 ouviu algu\u00e9m dizer que <b>ameixa seca<\/b> \u201csolta o <b>intestino<\/b>\u201d e ficou curioso se isso \u00e9 mesmo verdade? Muita gente recorre a essa fruta desidratada quando o intestino come\u00e7a a \u201cenroscar\u201d, seja por indica\u00e7\u00e3o de fam\u00edlia, amigos ou at\u00e9 de <b>profissionais<\/b> de sa\u00fade. Al\u00e9m de ser pr\u00e1tica, ela pode se encaixar facilmente na rotina e ajudar quem quer melhorar o funcionamento intestinal sem depender logo de medicamentos.<\/p>\n\n\n\n<h2 class=\"wp-block-heading\">Por que a ameixa seca \u00e9 t\u00e3o ligada ao intestino preso<\/h2>\n\n\n\n<p>A fama da ameixa seca vem principalmente do seu teor de <b>fibras alimentares<\/b>, que aumentam o volume do bolo fecal e estimulam o movimento natural do intestino. Essas fibras ajudam as fezes a ficarem mais volumosas e f\u00e1ceis de serem eliminadas, algo essencial para quem sofre com <b>constipa\u00e7\u00e3o intestinal<\/b>.<\/p>\n\n\n\n<p>Outro ponto importante \u00e9 o <b>sorbitol<\/b>, um carboidrato presente na ameixa seca com leve efeito osm\u00f3tico, que puxa \u00e1gua para dentro do intestino e deixa as fezes mais macias. Ainda assim, para o intestino funcionar bem, \u00e9 fundamental manter boa <b>hidrata\u00e7\u00e3o<\/b> e praticar atividade f\u00edsica com regularidade, al\u00e9m de ter uma alimenta\u00e7\u00e3o geral rica em <b>vegetais<\/b>.<\/p>\n\n\n<div class=\"wp-block-image\">\n<figure class=\"aligncenter size-large\"><img decoding=\"async\" width=\"1024\" height=\"576\" src=\"https:\/\/www.correiobraziliense.com.br\/cbradar\/wp-content\/uploads\/2026\/02\/Gemini_Generated_Image_1c6bq51c6bq51c6b-1-1024x576.png\" alt=\"\" class=\"wp-image-192562\" srcset=\"https:\/\/www.correiobraziliense.com.br\/cbradar\/wp-content\/uploads\/2026\/02\/Gemini_Generated_Image_1c6bq51c6bq51c6b-1-1024x576.png 1024w, https:\/\/www.correiobraziliense.com.br\/cbradar\/wp-content\/uploads\/2026\/02\/Gemini_Generated_Image_1c6bq51c6bq51c6b-1-300x169.png 300w, https:\/\/www.correiobraziliense.com.br\/cbradar\/wp-content\/uploads\/2026\/02\/Gemini_Generated_Image_1c6bq51c6bq51c6b-1-768x432.png 768w, https:\/\/www.correiobraziliense.com.br\/cbradar\/wp-content\/uploads\/2026\/02\/Gemini_Generated_Image_1c6bq51c6bq51c6b-1-750x422.png 750w, https:\/\/www.correiobraziliense.com.br\/cbradar\/wp-content\/uploads\/2026\/02\/Gemini_Generated_Image_1c6bq51c6bq51c6b-1-1140x641.png 1140w, https:\/\/www.correiobraziliense.com.br\/cbradar\/wp-content\/uploads\/2026\/02\/Gemini_Generated_Image_1c6bq51c6bq51c6b-1.png 1280w\" sizes=\"(max-width: 1024px) 100vw, 1024px\" \/><figcaption class=\"wp-element-caption\">Nos \u00faltimos anos, a ameixa seca passou a ser estudada como suporte para a sa\u00fade \u00f3ssea<\/figcaption><\/figure><\/div>\n\n\n<p>Leia tamb\u00e9m:&nbsp;<a href=\"https:\/\/www.correiobraziliense.com.br\/cbradar\/essa-erva-aromatica-usada-na-cozinha-tambem-pode-ajudar-quem-sofre-com-tosse-e-nariz-entupido\/\" target=\"_blank\" rel=\"noopener\">Essa erva arom\u00e1tica usada na cozinha tamb\u00e9m pode ajudar quem sofre com tosse e nariz entupido<\/a><\/p>\n\n\n\n<h2 class=\"wp-block-heading\">A ameixa seca realmente tem mais fibras que muitas frutas<\/h2>\n\n\n\n<p>Quando comparada a outras frutas comuns, a <b>ameixa seca<\/b> costuma se destacar na quantidade de fibras por por\u00e7\u00e3o. Isso acontece porque, ao ser desidratada, ela perde \u00e1gua e concentra seus <b>nutrientes<\/b>, entre eles as fibras, o que faz pequenas quantidades terem um bom impacto na ingest\u00e3o di\u00e1ria.<\/p>\n\n\n\n<p>Isso \u00e9 \u00fatil principalmente para quem n\u00e3o consegue comer grandes volumes de <b>alimentos<\/b> ao longo do dia. A tabela abaixo ajuda a visualizar, de forma aproximada, como a ameixa seca se compara a outras <b>frutas<\/b> bastante presentes na alimenta\u00e7\u00e3o.<\/p>\n\n\n\n<h2 class=\"wp-block-heading\">Como \u00e9 a compara\u00e7\u00e3o de fibras entre ameixa seca e outras frutas<\/h2>\n\n\n\n<div class=\"guia-fibras-frutas\" style=\"box-sizing: border-box; display: flex; flex-direction: column; width: 100%; max-width: 800px; margin: 30px auto; background-color: #ffffff; color: #333; border-radius: 12px; overflow: hidden; font-family: 'Segoe UI', Roboto, Helvetica, Arial, sans-serif; box-shadow: 0 10px 30px rgba(0,0,0,0.06); border: 1px solid #e8f5e9; position: relative;\">\n\n  <div style=\"background-color: #f1f8e9; padding: 25px; border-bottom: 3px solid #689f38; text-align: left;\">\n    <h2 style=\"margin: 0; color: #33691e; font-size: 1.4rem; font-weight: 700; text-transform: uppercase; letter-spacing: 0.5px;\">Ranking de Fibras: Frutas Selecionadas<\/h2>\n    <div style=\"font-size: 0.95rem; margin-top: 6px; color: #558b2f;\">Compare o teor de fibras por por\u00e7\u00e3o e otimize sua sa\u00fade digestiva<\/div>\n  <\/div>\n\n  <div style=\"padding: 10px; overflow-x: auto;\">\n    <table style=\"width: 100%; border-collapse: collapse; min-width: 500px;\">\n      <thead>\n        <tr style=\"background-color: #fafafa;\">\n          <th style=\"text-align: left; padding: 15px; color: #444; font-weight: 700; font-size: 0.85rem; text-transform: uppercase; border-bottom: 2px solid #eee;\">Alimento<\/th>\n          <th style=\"text-align: left; padding: 15px; color: #444; font-weight: 700; font-size: 0.85rem; text-transform: uppercase; border-bottom: 2px solid #eee;\">Por\u00e7\u00e3o Aproximada<\/th>\n          <th style=\"text-align: right; padding: 15px; color: #444; font-weight: 700; font-size: 0.85rem; text-transform: uppercase; border-bottom: 2px solid #eee;\">Fibras (g) por por\u00e7\u00e3o<\/th>\n        <\/tr>\n      <\/thead>\n      <tbody>\n        <tr style=\"border-bottom: 1px solid #f5f5f5;\">\n          <td style=\"padding: 12px 15px; font-size: 0.95rem; font-weight: 600; color: #2e7d32;\">Ameixa seca<\/td>\n          <td style=\"padding: 12px 15px; font-size: 0.95rem; color: #666;\">5 unidades (~ 40 g)<\/td>\n          <td style=\"padding: 12px 15px; font-size: 1rem; text-align: right; font-weight: 700; color: #33691e;\">3,5 g<\/td>\n        <\/tr>\n        <tr style=\"border-bottom: 1px solid #f5f5f5; background-color: #fcfdfc;\">\n          <td style=\"padding: 12px 15px; font-size: 0.95rem; font-weight: 600; color: #2e7d32;\">Pera com casca<\/td>\n          <td style=\"padding: 12px 15px; font-size: 0.95rem; color: #666;\">1 unidade m\u00e9dia (~ 160 g)<\/td>\n          <td style=\"padding: 12px 15px; font-size: 1rem; text-align: right; font-weight: 700; color: #33691e;\">3,1 g<\/td>\n        <\/tr>\n        <tr style=\"border-bottom: 1px solid #f5f5f5;\">\n          <td style=\"padding: 12px 15px; font-size: 0.95rem; font-weight: 600; color: #2e7d32;\">Ma\u00e7\u00e3 com casca<\/td>\n          <td style=\"padding: 12px 15px; font-size: 0.95rem; color: #666;\">1 unidade m\u00e9dia (~ 130 g)<\/td>\n          <td style=\"padding: 12px 15px; font-size: 1rem; text-align: right; font-weight: 700; color: #33691e;\">3,0 g<\/td>\n        <\/tr>\n        <tr style=\"border-bottom: 1px solid #f5f5f5; background-color: #fcfdfc;\">\n          <td style=\"padding: 12px 15px; font-size: 0.95rem; font-weight: 600; color: #2e7d32;\">Mam\u00e3o papaia<\/td>\n          <td style=\"padding: 12px 15px; font-size: 0.95rem; color: #666;\">1\/2 unidade m\u00e9dia (~ 170 g)<\/td>\n          <td style=\"padding: 12px 15px; font-size: 1rem; text-align: right; font-weight: 700; color: #33691e;\">2,3 g<\/td>\n        <\/tr>\n        <tr style=\"border-bottom: 1px solid #f5f5f5;\">\n          <td style=\"padding: 12px 15px; font-size: 0.95rem; font-weight: 600; color: #2e7d32;\">Laranja-pera<\/td>\n          <td style=\"padding: 12px 15px; font-size: 0.95rem; color: #666;\">1 unidade m\u00e9dia (~ 120 g)<\/td>\n          <td style=\"padding: 12px 15px; font-size: 1rem; text-align: right; font-weight: 700; color: #33691e;\">2,0 g<\/td>\n        <\/tr>\n        <tr style=\"border-bottom: 1px solid #f5f5f5; background-color: #fcfdfc;\">\n          <td style=\"padding: 12px 15px; font-size: 0.95rem; font-weight: 600; color: #2e7d32;\">Banana-prata<\/td>\n          <td style=\"padding: 12px 15px; font-size: 0.95rem; color: #666;\">1 unidade m\u00e9dia (~ 70 g)<\/td>\n          <td style=\"padding: 12px 15px; font-size: 1rem; text-align: right; font-weight: 700; color: #33691e;\">1,6 g<\/td>\n        <\/tr>\n        <tr>\n          <td style=\"padding: 12px 15px; font-size: 0.95rem; font-weight: 600; color: #2e7d32;\">Uva fresca<\/td>\n          <td style=\"padding: 12px 15px; font-size: 0.95rem; color: #666;\">1 cacho pequeno (~ 80 g)<\/td>\n          <td style=\"padding: 12px 15px; font-size: 1rem; text-align: right; font-weight: 700; color: #33691e;\">0,9 g<\/td>\n        <\/tr>\n      <\/tbody>\n    <\/table>\n  <\/div>\n\n  <div style=\"background-color: #f1f8e9; padding: 15px 25px; border-top: 1px solid #dcedc8; text-align: center;\">\n    <p style=\"margin: 0; font-size: 0.85rem; color: #558b2f; font-style: italic;\">\n      Dica da Reda\u00e7\u00e3o: Note que o consumo da casca (como na pera e ma\u00e7\u00e3) \u00e9 fundamental para manter o alto teor de fibras.\n    <\/p>\n  <\/div>\n<\/div>\n\n\n\n<p>Percebe-se que a <b>ameixa seca<\/b> oferece fibras em quantidade semelhante ou at\u00e9 superior a frutas bastante populares, mesmo em uma por\u00e7\u00e3o menor. Isso refor\u00e7a seu uso para quem quer aumentar a ingest\u00e3o de <b>fibras<\/b> de forma pr\u00e1tica e sem mudan\u00e7as radicais na <b>alimenta\u00e7\u00e3o<\/b>.<\/p>\n\n\n\n<h2 class=\"wp-block-heading\">Como incluir a ameixa seca na alimenta\u00e7\u00e3o do dia a dia<\/h2>\n\n\n\n<p>Para aproveitar os benef\u00edcios, n\u00e3o \u00e9 preciso comer grandes quantidades de <b>ameixa seca<\/b> de uma vez. Geralmente \u00e9 melhor come\u00e7ar com pequenas por\u00e7\u00f5es, observar como o corpo reage e aumentar aos poucos, especialmente se voc\u00ea ainda n\u00e3o tem o h\u00e1bito de consumir muitos alimentos ricos em <b>fibras<\/b>.<\/p>\n\n\n\n<p>Uma forma simples de variar a rotina \u00e9 usar a ameixa seca em prepara\u00e7\u00f5es que voc\u00ea j\u00e1 consome. Veja algumas ideias de como inseri-la no dia a dia de um jeito <b>pr\u00e1tico<\/b>:<\/p>\n\n\n\n<ul class=\"wp-block-list\">\n<li>Adicionar ameixa seca picada em <b>iogurtes naturais<\/b> ou bebidas l\u00e1cteas fermentadas;<\/li>\n\n\n\n<li>Misturar a fruta desidratada em mingaus de <b>aveia<\/b> ou cereais integrais no caf\u00e9 da manh\u00e3;<\/li>\n\n\n\n<li>Usar como complemento em <b>saladas de frutas<\/b> ou saladas verdes, para dar contraste de textura e sabor;<\/li>\n\n\n\n<li>Consumir algumas unidades com <b>castanhas<\/b> ou sementes, formando um lanche intermedi\u00e1rio mais completo;<\/li>\n\n\n\n<li>Hidratar a ameixa em \u00e1gua e usar tanto a fruta amolecida quanto o <b>l\u00edquido<\/b> em receitas caseiras.<\/li>\n<\/ul>\n\n\n\n<p>Se voc\u00ca gosta de ouvir profissionais, separamos esse v\u00eddeo do canal da <a href=\"https:\/\/www.youtube.com\/@NutricionistaPatriciaLeite\" target=\"_blank\" rel=\"noreferrer noopener\">Nutricionista Patricia Leite<\/a> mostrando com mais detalhes os benef\u00edcios da ameixa na sa\u00fade:<\/p>\n\n\n\n<figure class=\"wp-block-embed is-type-video is-provider-youtube wp-block-embed-youtube wp-embed-aspect-16-9 wp-has-aspect-ratio\"><div class=\"wp-block-embed__wrapper\">\n<div class=\"jeg_video_container jeg_video_content\"><iframe loading=\"lazy\" title=\"Benef\u00edcios da Ameixa - Para Que Serve? Solta o Intestino? [DICAS]\" width=\"500\" height=\"281\" src=\"https:\/\/www.youtube.com\/embed\/-YKjEpcYRd4?start=1&#038;feature=oembed\" frameborder=\"0\" allow=\"accelerometer; autoplay; clipboard-write; encrypted-media; gyroscope; picture-in-picture; web-share\" referrerpolicy=\"strict-origin-when-cross-origin\" allowfullscreen><\/iframe><\/div>\n<\/div><\/figure>\n\n\n\n<h2 class=\"wp-block-heading\">Quais cuidados s\u00e3o importantes ao consumir ameixa seca<\/h2>\n\n\n\n<p>Mesmo sendo uma fruta, a vers\u00e3o desidratada concentra mais <b>a\u00e7\u00facares naturais<\/b> e calorias do que a fresca. Por isso, quem tem diabetes ou precisa controlar carboidratos deve ajustar a quantidade com orienta\u00e7\u00e3o profissional, encaixando a ameixa seca dentro do <b>plano alimentar<\/b>.<\/p>\n\n\n\n<p>Outro cuidado \u00e9 n\u00e3o exagerar na <b>fibra<\/b> de uma hora para outra, pois aumentos bruscos podem causar gases, estufamento e desconforto abdominal. De modo geral, quando a ameixa seca \u00e9 combinada com outras frutas, verduras, legumes, gr\u00e3os integrais e boa <b>hidrata\u00e7\u00e3o di\u00e1ria<\/b>, pode contribuir para aliviar o intestino preso e deixar a alimenta\u00e7\u00e3o mais rica em fibras ao longo do <b>tempo<\/b>.<\/p>\n","protected":false},"excerpt":{"rendered":"<p>Voc\u00ea j\u00e1 ouviu algu\u00e9m dizer que ameixa seca \u201csolta o intestino\u201d e ficou curioso se isso \u00e9 mesmo verdade? Muita gente recorre a essa fruta desidratada quando o intestino come\u00e7a a \u201cenroscar\u201d, seja por indica\u00e7\u00e3o de fam\u00edlia, amigos ou at\u00e9 de profissionais de sa\u00fade. Al\u00e9m de ser pr\u00e1tica, ela pode se encaixar facilmente na rotina [&hellip;]<\/p>\n","protected":false},"author":9,"featured_media":205702,"comment_status":"open","ping_status":"open","sticky":false,"template":"","format":"standard","meta":{"_yoast_wpseo_focuskw":"ameixa seca","_yoast_wpseo_title":"","_yoast_wpseo_metadesc":"Uma fruta seca rica em fibras que muita gente usa para ajudar o intestino a funcionar melhor e aumentar o consumo de fibras no dia a dia.","jnews-multi-image_gallery":[],"jnews_single_post":{"format":"standard"},"jnews_primary_category":[],"jnews_social_meta":[],"jnews_override_counter":[],"footnotes":""},"categories":[119,4404],"post_tag":[6002,194,9283,1422],"class_list":["post-205310","post","type-post","status-publish","format-standard","has-post-thumbnail","hentry","category-bem-estar","category-saude","tag-ameixa-seca","tag-beneficios","tag-fruta-seca","tag-intestino"],"yoast_head":"<!-- This site is optimized with the Yoast SEO plugin v24.6 - https:\/\/yoast.com\/wordpress\/plugins\/seo\/ -->\n<title>A fruta seca que muita gente usa para ajudar o intestino a voltar ao ritmo natural - Correio Braziliense - Radar<\/title>\n<meta name=\"description\" content=\"Uma fruta seca rica em fibras que muita gente usa para ajudar o intestino a funcionar melhor e aumentar o consumo de fibras no dia a dia.\" \/>\n<meta name=\"robots\" content=\"index, follow, max-snippet:-1, max-image-preview:large, max-video-preview:-1\" \/>\n<link rel=\"canonical\" href=\"https:\/\/www.correiobraziliense.com.br\/cbradar\/a-fruta-seca-que-muita-gente-usa-para-ajudar-o-intestino-a-voltar-ao-ritmo-natural\/\" \/>\n<meta property=\"og:locale\" content=\"pt_BR\" \/>\n<meta property=\"og:type\" content=\"article\" \/>\n<meta property=\"og:title\" content=\"A fruta seca que muita gente usa para ajudar o intestino a voltar ao ritmo natural - Correio Braziliense - Radar\" \/>\n<meta property=\"og:description\" content=\"Uma fruta seca rica em fibras que muita gente usa para ajudar o intestino a funcionar melhor e aumentar o consumo de fibras no dia a dia.\" \/>\n<meta property=\"og:url\" content=\"https:\/\/www.correiobraziliense.com.br\/cbradar\/a-fruta-seca-que-muita-gente-usa-para-ajudar-o-intestino-a-voltar-ao-ritmo-natural\/\" \/>\n<meta property=\"og:site_name\" content=\"Correio Braziliense - Radar\" \/>\n<meta property=\"article:published_time\" content=\"2026-03-10T13:05:18+00:00\" \/>\n<meta property=\"og:image\" content=\"https:\/\/www.correiobraziliense.com.br\/cbradar\/wp-content\/uploads\/2026\/03\/freepik__pequena-tigela-de-vidro-cheia-de-ameixas-secas-sob__86165.jpeg\" \/>\n\t<meta property=\"og:image:width\" content=\"1280\" \/>\n\t<meta property=\"og:image:height\" content=\"720\" \/>\n\t<meta property=\"og:image:type\" content=\"image\/jpeg\" \/>\n<meta name=\"author\" content=\"Daniely Cardoso\" \/>\n<meta name=\"twitter:card\" content=\"summary_large_image\" \/>\n<meta name=\"twitter:label1\" content=\"Escrito por\" \/>\n\t<meta name=\"twitter:data1\" content=\"Daniely Cardoso\" \/>\n\t<meta name=\"twitter:label2\" content=\"Est. tempo de leitura\" \/>\n\t<meta name=\"twitter:data2\" content=\"5 minutos\" \/>\n<!-- \/ Yoast SEO plugin. -->","yoast_head_json":{"title":"A fruta seca que muita gente usa para ajudar o intestino a voltar ao ritmo natural - Correio Braziliense - Radar","description":"Uma fruta seca rica em fibras que muita gente usa para ajudar o intestino a funcionar melhor e aumentar o consumo de fibras no dia a dia.","robots":{"index":"index","follow":"follow","max-snippet":"max-snippet:-1","max-image-preview":"max-image-preview:large","max-video-preview":"max-video-preview:-1"},"canonical":"https:\/\/www.correiobraziliense.com.br\/cbradar\/a-fruta-seca-que-muita-gente-usa-para-ajudar-o-intestino-a-voltar-ao-ritmo-natural\/","og_locale":"pt_BR","og_type":"article","og_title":"A fruta seca que muita gente usa para ajudar o intestino a voltar ao ritmo natural - Correio Braziliense - Radar","og_description":"Uma fruta seca rica em fibras que muita gente usa para ajudar o intestino a funcionar melhor e aumentar o consumo de fibras no dia a dia.","og_url":"https:\/\/www.correiobraziliense.com.br\/cbradar\/a-fruta-seca-que-muita-gente-usa-para-ajudar-o-intestino-a-voltar-ao-ritmo-natural\/","og_site_name":"Correio Braziliense - Radar","article_published_time":"2026-03-10T13:05:18+00:00","og_image":[{"width":1280,"height":720,"url":"https:\/\/www.correiobraziliense.com.br\/cbradar\/wp-content\/uploads\/2026\/03\/freepik__pequena-tigela-de-vidro-cheia-de-ameixas-secas-sob__86165.jpeg","type":"image\/jpeg"}],"author":"Daniely Cardoso","twitter_card":"summary_large_image","twitter_misc":{"Escrito por":"Daniely Cardoso","Est. tempo de leitura":"5 minutos"},"schema":{"@context":"https:\/\/schema.org","@graph":[{"@type":"WebPage","@id":"https:\/\/www.correiobraziliense.com.br\/cbradar\/a-fruta-seca-que-muita-gente-usa-para-ajudar-o-intestino-a-voltar-ao-ritmo-natural\/","url":"https:\/\/www.correiobraziliense.com.br\/cbradar\/a-fruta-seca-que-muita-gente-usa-para-ajudar-o-intestino-a-voltar-ao-ritmo-natural\/","name":"A fruta seca que muita gente usa para ajudar o intestino a voltar ao ritmo natural - Correio Braziliense - Radar","isPartOf":{"@id":"https:\/\/www.correiobraziliense.com.br\/cbradar\/#website"},"primaryImageOfPage":{"@id":"https:\/\/www.correiobraziliense.com.br\/cbradar\/a-fruta-seca-que-muita-gente-usa-para-ajudar-o-intestino-a-voltar-ao-ritmo-natural\/#primaryimage"},"image":{"@id":"https:\/\/www.correiobraziliense.com.br\/cbradar\/a-fruta-seca-que-muita-gente-usa-para-ajudar-o-intestino-a-voltar-ao-ritmo-natural\/#primaryimage"},"thumbnailUrl":"https:\/\/www.correiobraziliense.com.br\/cbradar\/wp-content\/uploads\/2026\/03\/freepik__pequena-tigela-de-vidro-cheia-de-ameixas-secas-sob__86165.jpeg","datePublished":"2026-03-10T13:05:18+00:00","author":{"@id":"https:\/\/www.correiobraziliense.com.br\/cbradar\/#\/schema\/person\/7356666e12ec0ee53f348ee5db227032"},"description":"Uma fruta seca rica em fibras que muita gente usa para ajudar o intestino a funcionar melhor e aumentar o consumo de fibras no dia a dia.","breadcrumb":{"@id":"https:\/\/www.correiobraziliense.com.br\/cbradar\/a-fruta-seca-que-muita-gente-usa-para-ajudar-o-intestino-a-voltar-ao-ritmo-natural\/#breadcrumb"},"inLanguage":"pt-BR","potentialAction":[{"@type":"ReadAction","target":["https:\/\/www.correiobraziliense.com.br\/cbradar\/a-fruta-seca-que-muita-gente-usa-para-ajudar-o-intestino-a-voltar-ao-ritmo-natural\/"]}]},{"@type":"ImageObject","inLanguage":"pt-BR","@id":"https:\/\/www.correiobraziliense.com.br\/cbradar\/a-fruta-seca-que-muita-gente-usa-para-ajudar-o-intestino-a-voltar-ao-ritmo-natural\/#primaryimage","url":"https:\/\/www.correiobraziliense.com.br\/cbradar\/wp-content\/uploads\/2026\/03\/freepik__pequena-tigela-de-vidro-cheia-de-ameixas-secas-sob__86165.jpeg","contentUrl":"https:\/\/www.correiobraziliense.com.br\/cbradar\/wp-content\/uploads\/2026\/03\/freepik__pequena-tigela-de-vidro-cheia-de-ameixas-secas-sob__86165.jpeg","width":1280,"height":720,"caption":"A ameixa seca \u00e9 rica em fibras que ajudam a estimular o funcionamento do intestino"},{"@type":"BreadcrumbList","@id":"https:\/\/www.correiobraziliense.com.br\/cbradar\/a-fruta-seca-que-muita-gente-usa-para-ajudar-o-intestino-a-voltar-ao-ritmo-natural\/#breadcrumb","itemListElement":[{"@type":"ListItem","position":1,"name":"In\u00edcio","item":"https:\/\/www.correiobraziliense.com.br\/cbradar\/"},{"@type":"ListItem","position":2,"name":"A fruta seca que muita gente usa para ajudar o intestino a voltar ao ritmo natural"}]},{"@type":"WebSite","@id":"https:\/\/www.correiobraziliense.com.br\/cbradar\/#website","url":"https:\/\/www.correiobraziliense.com.br\/cbradar\/","name":"Correio Braziliense - Radar","description":"Acompanhe as \u00faltimas not\u00edcias e fique bem informado sobre tudo o que acontece no Brasil e no mundo.","potentialAction":[{"@type":"SearchAction","target":{"@type":"EntryPoint","urlTemplate":"https:\/\/www.correiobraziliense.com.br\/cbradar\/?s={search_term_string}"},"query-input":{"@type":"PropertyValueSpecification","valueRequired":true,"valueName":"search_term_string"}}],"inLanguage":"pt-BR"},{"@type":"Person","@id":"https:\/\/www.correiobraziliense.com.br\/cbradar\/#\/schema\/person\/7356666e12ec0ee53f348ee5db227032","name":"Daniely Cardoso","image":{"@type":"ImageObject","inLanguage":"pt-BR","@id":"https:\/\/www.correiobraziliense.com.br\/cbradar\/#\/schema\/person\/image\/","url":"https:\/\/secure.gravatar.com\/avatar\/4b80ddbd124d1f071b626d52d62e5dff?s=96&d=mm&r=g","contentUrl":"https:\/\/secure.gravatar.com\/avatar\/4b80ddbd124d1f071b626d52d62e5dff?s=96&d=mm&r=g","caption":"Daniely Cardoso"},"description":"Redatora nos portais CB Radar e EM Foco, formada pela Universidade Federal de Goi\u00e1s, em Goi\u00e2nia. Apaixonada por comunica\u00e7\u00e3o, arte, decora\u00e7\u00e3o e tend\u00eancias, atuo na produ\u00e7\u00e3o de conte\u00fados envolventes sobre curiosidades, moda, beleza e paisagismo, sempre com um olhar atento \u00e0s novidades do momento.","sameAs":["https:\/\/www.correiobraziliense.com.br\/cbradar"],"url":"https:\/\/www.correiobraziliense.com.br\/cbradar\/author\/danielymyth\/"}]}},"_links":{"self":[{"href":"https:\/\/www.correiobraziliense.com.br\/cbradar\/wp-json\/wp\/v2\/posts\/205310","targetHints":{"allow":["GET"]}}],"collection":[{"href":"https:\/\/www.correiobraziliense.com.br\/cbradar\/wp-json\/wp\/v2\/posts"}],"about":[{"href":"https:\/\/www.correiobraziliense.com.br\/cbradar\/wp-json\/wp\/v2\/types\/post"}],"author":[{"embeddable":true,"href":"https:\/\/www.correiobraziliense.com.br\/cbradar\/wp-json\/wp\/v2\/users\/9"}],"replies":[{"embeddable":true,"href":"https:\/\/www.correiobraziliense.com.br\/cbradar\/wp-json\/wp\/v2\/comments?post=205310"}],"version-history":[{"count":2,"href":"https:\/\/www.correiobraziliense.com.br\/cbradar\/wp-json\/wp\/v2\/posts\/205310\/revisions"}],"predecessor-version":[{"id":205370,"href":"https:\/\/www.correiobraziliense.com.br\/cbradar\/wp-json\/wp\/v2\/posts\/205310\/revisions\/205370"}],"wp:featuredmedia":[{"embeddable":true,"href":"https:\/\/www.correiobraziliense.com.br\/cbradar\/wp-json\/wp\/v2\/media\/205702"}],"wp:attachment":[{"href":"https:\/\/www.correiobraziliense.com.br\/cbradar\/wp-json\/wp\/v2\/media?parent=205310"}],"wp:term":[{"taxonomy":"category","embeddable":true,"href":"https:\/\/www.correiobraziliense.com.br\/cbradar\/wp-json\/wp\/v2\/categories?post=205310"},{"taxonomy":"post_tag","embeddable":true,"href":"https:\/\/www.correiobraziliense.com.br\/cbradar\/wp-json\/wp\/v2\/post_tag?post=205310"}],"curies":[{"name":"wp","href":"https:\/\/api.w.org\/{rel}","templated":true}]}}