{"id":205311,"date":"2026-03-10T14:55:23","date_gmt":"2026-03-10T17:55:23","guid":{"rendered":"https:\/\/www.correiobraziliense.com.br\/cbradar\/?p=205311"},"modified":"2026-03-09T15:13:14","modified_gmt":"2026-03-09T18:13:14","slug":"esse-tempero-comum-da-cozinha-pode-trazer-vitaminas-e-antioxidantes-mesmo-usado-em-pequenas-porcoes","status":"publish","type":"post","link":"https:\/\/www.correiobraziliense.com.br\/cbradar\/esse-tempero-comum-da-cozinha-pode-trazer-vitaminas-e-antioxidantes-mesmo-usado-em-pequenas-porcoes\/","title":{"rendered":"Esse tempero comum da cozinha pode trazer vitaminas e antioxidantes mesmo usado em pequenas por\u00e7\u00f5es"},"content":{"rendered":"\n<p>Imagine chegar em casa depois de um dia cheio, preparar um <strong>arroz simples<\/strong>, um ovo mexido e, no final, jogar um punhado de <strong>cebolinha fresca<\/strong> por cima. De repente, o prato fica mais <strong>colorido<\/strong>, cheiroso e com um toque de cuidado a mais. Essa hortali\u00e7a, t\u00e3o comum nas feiras e mercados, \u00e9 barata, f\u00e1cil de usar e pode trazer pequenos benef\u00edcios para a sa\u00fade quando aparece com frequ\u00eancia nas refei\u00e7\u00f5es do dia a dia.<\/p>\n\n\n\n<h2 class=\"wp-block-heading\">Quais s\u00e3o os principais benef\u00edcios da cebolinha para o organismo<\/h2>\n\n\n\n<p>A cebolinha faz parte do grupo das <strong>hortali\u00e7as arom\u00e1ticas<\/strong> e costuma ser usada crua ou no final do preparo, o que ajuda a preservar melhor seus <strong>nutrientes<\/strong>. Mesmo entrando em pouca quantidade no prato, ela oferece vitaminas, minerais, fibras e compostos <strong>antioxidantes<\/strong> que, somados a outros alimentos saud\u00e1veis, podem colaborar com o bom funcionamento do corpo.<\/p>\n\n\n\n<p>Suas folhas verdes fornecem pequenas por\u00e7\u00f5es de <strong>vitaminas A<\/strong>, C, K e do complexo B, al\u00e9m de c\u00e1lcio, pot\u00e1ssio e magn\u00e9sio. Esses nutrientes, juntos, podem apoiar a sa\u00fade dos <strong>ossos<\/strong>, da vis\u00e3o, da circula\u00e7\u00e3o e do sistema <strong>imunol\u00f3gico<\/strong>, sempre como complemento de uma alimenta\u00e7\u00e3o variada e n\u00e3o como fonte principal de vitaminas e minerais.<\/p>\n\n\n<div class=\"wp-block-image\">\n<figure class=\"aligncenter size-large\"><img decoding=\"async\" width=\"1024\" height=\"576\" src=\"https:\/\/www.correiobraziliense.com.br\/cbradar\/wp-content\/uploads\/2025\/11\/cebolinha-salada_1763587183913-1024x576.jpg\" alt=\"\" class=\"wp-image-140896\" srcset=\"https:\/\/www.correiobraziliense.com.br\/cbradar\/wp-content\/uploads\/2025\/11\/cebolinha-salada_1763587183913-1024x576.jpg 1024w, https:\/\/www.correiobraziliense.com.br\/cbradar\/wp-content\/uploads\/2025\/11\/cebolinha-salada_1763587183913-300x169.jpg 300w, https:\/\/www.correiobraziliense.com.br\/cbradar\/wp-content\/uploads\/2025\/11\/cebolinha-salada_1763587183913-768x432.jpg 768w, https:\/\/www.correiobraziliense.com.br\/cbradar\/wp-content\/uploads\/2025\/11\/cebolinha-salada_1763587183913-750x422.jpg 750w, https:\/\/www.correiobraziliense.com.br\/cbradar\/wp-content\/uploads\/2025\/11\/cebolinha-salada_1763587183913-1140x641.jpg 1140w, https:\/\/www.correiobraziliense.com.br\/cbradar\/wp-content\/uploads\/2025\/11\/cebolinha-salada_1763587183913.jpg 1280w\" sizes=\"(max-width: 1024px) 100vw, 1024px\" \/><figcaption class=\"wp-element-caption\">Os compostos sulfurados da cebolinha, como a alicina, ajudam a reduzir o colesterol LDL e a melhorar a circula\u00e7\u00e3o sangu\u00ednea &#8211; Cr\u00e9ditos: depositphotos.com \/ Ikarahma<\/figcaption><\/figure><\/div>\n\n\n<p>Leia tamb\u00e9m:&nbsp;<a href=\"https:\/\/www.correiobraziliense.com.br\/cbradar\/essa-erva-aromatica-usada-na-cozinha-tambem-pode-ajudar-quem-sofre-com-tosse-e-nariz-entupido\/\" target=\"_blank\" rel=\"noopener\">Essa erva arom\u00e1tica usada na cozinha tamb\u00e9m pode ajudar quem sofre com tosse e nariz entupido<\/a><\/p>\n\n\n\n<h2 class=\"wp-block-heading\">Como a cebolinha e seus antioxidantes atuam no corpo<\/h2>\n\n\n\n<p>A cebolinha \u00e9 rica em compostos <strong>bioativos<\/strong>, como flavonoides, carotenoides e vitamina C, que ajudam a neutralizar <strong>radicais livres<\/strong> produzidos naturalmente pelo organismo. Esse efeito antioxidante est\u00e1 ligado \u00e0 prote\u00e7\u00e3o das <strong>c\u00e9lulas<\/strong> contra danos que, ao longo dos anos, podem contribuir para o envelhecimento precoce e para o surgimento de algumas doen\u00e7as cr\u00f4nicas.<\/p>\n\n\n\n<p>Por pertencer \u00e0 mesma fam\u00edlia do <strong>alho<\/strong> e da cebola, a cebolinha tamb\u00e9m cont\u00e9m compostos sulfurados que v\u00eam sendo estudados por sua poss\u00edvel rela\u00e7\u00e3o com a sa\u00fade <strong>cardiovascular<\/strong> e o equil\u00edbrio da press\u00e3o arterial. Al\u00e9m disso, suas fibras ajudam no funcionamento <strong>intestinal<\/strong> e podem dar uma forcinha na saciedade quando fazem parte de refei\u00e7\u00f5es bem montadas, com legumes, frutas, gr\u00e3os e boas fontes de prote\u00edna.<\/p>\n\n\n\n<h2 class=\"wp-block-heading\">Como incluir a cebolinha na rotina alimentar de forma pr\u00e1tica<\/h2>\n\n\n\n<p>Usar cebolinha no dia a dia \u00e9 simples e n\u00e3o exige grandes habilidades na <strong>cozinha<\/strong>. O ideal \u00e9 acrescent\u00e1-la ao final do preparo ou direto no prato pronto, para manter seu sabor mais intenso e preservar melhor os <strong>nutrientes sens\u00edveis<\/strong> ao calor. Ela combina com receitas quentes e frias, como <strong>sopas<\/strong>, omeletes, saladas, massas e at\u00e9 sandu\u00edches. Se voc\u00ea gosta de opini\u00e3o de especialistas, separamos esse v\u00eddeo do canal <a href=\"https:\/\/www.youtube.com\/@NutricionistaPatriciaLeite\" target=\"_blank\" rel=\"noreferrer noopener\">Nutricionista Patricia Leite<\/a> mostrando com mais detalhes sobre a cebolinha na sa\u00fade:<\/p>\n\n\n\n<figure class=\"wp-block-embed is-type-video is-provider-youtube wp-block-embed-youtube wp-embed-aspect-16-9 wp-has-aspect-ratio\"><div class=\"wp-block-embed__wrapper\">\n<div class=\"jeg_video_container jeg_video_content\"><iframe loading=\"lazy\" title=\"Benef\u00edcios da CEBOLINHA para SA\u00daDE e EMAGRECER! Como Usar, Receitas e Dicas\" width=\"500\" height=\"281\" src=\"https:\/\/www.youtube.com\/embed\/eaQvyg_akuA?feature=oembed\" frameborder=\"0\" allow=\"accelerometer; autoplay; clipboard-write; encrypted-media; gyroscope; picture-in-picture; web-share\" referrerpolicy=\"strict-origin-when-cross-origin\" allowfullscreen><\/iframe><\/div>\n<\/div><\/figure>\n\n\n\n<p>Para facilitar o consumo regular, algumas estrat\u00e9gias ajudam a deixar a cebolinha sempre \u00e0 m\u00e3o e pronta para uso em diferentes <strong>refei\u00e7\u00f5es<\/strong> ao longo da semana:<\/p>\n\n\n\n<ul class=\"wp-block-list\">\n<li><strong>Higienizar<\/strong> e picar a cebolinha assim que chegar do mercado, guardando em pote bem fechado na <strong>geladeira<\/strong>.<\/li>\n\n\n\n<li>Congelar por\u00e7\u00f5es j\u00e1 cortadas, facilitando o uso em prepara\u00e7\u00f5es r\u00e1pidas, como <strong>caldos<\/strong> e refogados.<\/li>\n\n\n\n<li>Adicionar cebolinha em omeletes, ovos mexidos e tapiocas para aumentar o consumo de <strong>vegetais<\/strong> no caf\u00e9 da manh\u00e3.<\/li>\n\n\n\n<li>Finalizar sopas, pur\u00eas, carnes, peixes e legumes assados com uma colher de <strong>cebolinha picada<\/strong> fresca.<\/li>\n\n\n\n<li>Misturar cebolinha com iogurte natural ou creme de <strong>ricota<\/strong> para criar pastinhas leves para p\u00e3es e <strong>torradas<\/strong>.<\/li>\n<\/ul>\n\n\n\n<h2 class=\"wp-block-heading\">Quais s\u00e3o as informa\u00e7\u00f5es nutricionais da cebolinha crua<\/h2>\n\n\n\n<p>Por ser usada normalmente em pequenas por\u00e7\u00f5es, a cebolinha quase n\u00e3o pesa nas <strong>calorias<\/strong> do prato, mas agrega cor, sabor e nutrientes. A tabela abaixo mostra valores m\u00e9dios por 100 gramas da hortali\u00e7a crua, que podem variar conforme o <strong>solo<\/strong>, a \u00e9poca do ano e o tipo de cultivo, mas ajudam a ter uma ideia de sua composi\u00e7\u00e3o <strong>geral<\/strong>.<\/p>\n\n\n\n<div class=\"tabela-nutricional-vegetal\" style=\"box-sizing: border-box; display: flex; flex-direction: column; width: 100%; max-width: 600px; margin: 30px auto; background-color: #ffffff; color: #333; border-radius: 12px; overflow: hidden; font-family: 'Segoe UI', Roboto, Helvetica, Arial, sans-serif; box-shadow: 0 10px 30px rgba(0,0,0,0.06); border: 1px solid #f0f4f0; position: relative; z-index: 5;\">\n\n  <div style=\"background-color: #f7faf7; padding: 20px; border-bottom: 3px solid #4caf50; text-align: left;\">\n    <h2 style=\"margin: 0; color: #1b5e20; font-size: 1.2rem; font-weight: 700; text-transform: uppercase; letter-spacing: 0.5px;\">Ficha Nutricional Detalhada<\/h2>\n    <div style=\"font-size: 0.9rem; margin-top: 4px; color: #666;\">Valores de refer\u00eancia para uma por\u00e7\u00e3o de <strong>100 g<\/strong><\/div>\n  <\/div>\n\n  <div style=\"padding: 10px;\">\n    <table style=\"width: 100%; border-collapse: collapse;\">\n      <thead>\n        <tr style=\"border-bottom: 1px solid #4caf50;\">\n          <th style=\"text-align: left; padding: 12px 10px; font-size: 0.85rem; color: #000; text-transform: uppercase;\">Nutriente<\/th>\n          <th style=\"text-align: right; padding: 12px 10px; font-size: 0.85rem; color: #000; text-transform: uppercase;\">Quantidade (por 100 g)<\/th>\n        <\/tr>\n      <\/thead>\n      <tbody>\n        <tr style=\"border-bottom: 1px solid #eee;\">\n          <td style=\"padding: 10px; font-size: 0.95rem;\">Energia<\/td>\n          <td style=\"padding: 10px; font-size: 0.95rem; text-align: right; font-weight: 600;\">27 kcal<\/td>\n        <\/tr>\n        <tr style=\"border-bottom: 1px solid #eee;\">\n          <td style=\"padding: 10px; font-size: 0.95rem;\">Carboidratos<\/td>\n          <td style=\"padding: 10px; font-size: 0.95rem; text-align: right; font-weight: 600;\">4,4 g<\/td>\n        <\/tr>\n        <tr style=\"border-bottom: 1px solid #eee;\">\n          <td style=\"padding: 10px; font-size: 0.95rem;\">Prote\u00ednas<\/td>\n          <td style=\"padding: 10px; font-size: 0.95rem; text-align: right; font-weight: 600;\">1,8 g<\/td>\n        <\/tr>\n        <tr style=\"border-bottom: 1px solid #eee;\">\n          <td style=\"padding: 10px; font-size: 0.95rem;\">Gorduras totais<\/td>\n          <td style=\"padding: 10px; font-size: 0.95rem; text-align: right; font-weight: 600;\">0,7 g<\/td>\n        <\/tr>\n        <tr style=\"border-bottom: 1px solid #eee; background-color: #f9fdf9;\">\n          <td style=\"padding: 10px; font-size: 0.95rem; font-weight: 600;\">Fibras<\/td>\n          <td style=\"padding: 10px; font-size: 0.95rem; text-align: right; font-weight: 600;\">2,5 g<\/td>\n        <\/tr>\n        <tr style=\"border-bottom: 1px solid #eee;\">\n          <td style=\"padding: 10px; font-size: 0.95rem;\">Vitamina A<\/td>\n          <td style=\"padding: 10px; font-size: 0.95rem; text-align: right; font-weight: 600;\">aprox. 4300 IU<\/td>\n        <\/tr>\n        <tr style=\"border-bottom: 1px solid #eee;\">\n          <td style=\"padding: 10px; font-size: 0.95rem;\">Vitamina C<\/td>\n          <td style=\"padding: 10px; font-size: 0.95rem; text-align: right; font-weight: 600;\">26 mg<\/td>\n        <\/tr>\n        <tr style=\"border-bottom: 1px solid #eee;\">\n          <td style=\"padding: 10px; font-size: 0.95rem;\">Vitamina K<\/td>\n          <td style=\"padding: 10px; font-size: 0.95rem; text-align: right; font-weight: 600;\">~ 210 \u00b5g<\/td>\n        <\/tr>\n        <tr style=\"border-bottom: 1px solid #eee;\">\n          <td style=\"padding: 10px; font-size: 0.95rem;\">Folato (vitamina B9)<\/td>\n          <td style=\"padding: 10px; font-size: 0.95rem; text-align: right; font-weight: 600;\">105 \u00b5g<\/td>\n        <\/tr>\n        <tr style=\"border-bottom: 1px solid #eee;\">\n          <td style=\"padding: 10px; font-size: 0.95rem;\">C\u00e1lcio<\/td>\n          <td style=\"padding: 10px; font-size: 0.95rem; text-align: right; font-weight: 600;\">92 mg<\/td>\n        <\/tr>\n        <tr style=\"border-bottom: 1px solid #eee;\">\n          <td style=\"padding: 10px; font-size: 0.95rem;\">Pot\u00e1ssio<\/td>\n          <td style=\"padding: 10px; font-size: 0.95rem; text-align: right; font-weight: 600;\">296 mg<\/td>\n        <\/tr>\n        <tr style=\"border-bottom: 1px solid #eee;\">\n          <td style=\"padding: 10px; font-size: 0.95rem;\">F\u00f3sforo<\/td>\n          <td style=\"padding: 10px; font-size: 0.95rem; text-align: right; font-weight: 600;\">58 mg<\/td>\n        <\/tr>\n        <tr>\n          <td style=\"padding: 10px; font-size: 0.95rem;\">Magn\u00e9sio<\/td>\n          <td style=\"padding: 10px; font-size: 0.95rem; text-align: right; font-weight: 600;\">42 mg<\/td>\n        <\/tr>\n      <\/tbody>\n    <\/table>\n  <\/div>\n\n  <div style=\"background-color: #1b5e20; padding: 12px; text-align: center;\">\n    <p style=\"margin: 0; font-size: 0.75rem; color: #fff; text-transform: uppercase; letter-spacing: 1px;\">\n      Fonte: Base de Dados de Composi\u00e7\u00e3o de Alimentos (TACO\/USDA)\n    <\/p>\n  <\/div>\n<\/div>\n\n\n\n<p>Esses n\u00fameros refor\u00e7am que a cebolinha \u00e9 um ingrediente de baixo valor <strong>cal\u00f3rico<\/strong>, mas com boa concentra\u00e7\u00e3o de micronutrientes e <strong>antioxidantes<\/strong>. Quando aparece com frequ\u00eancia em pratos simples, junto de outros vegetais, leguminosas, cereais integrais e prote\u00ednas de qualidade, ela ajuda a deixar a alimenta\u00e7\u00e3o mais <strong>colorida<\/strong>, saborosa e alinhada com o cuidado di\u00e1rio com a sa\u00fade.<\/p>\n","protected":false},"excerpt":{"rendered":"<p>Imagine chegar em casa depois de um dia cheio, preparar um arroz simples, um ovo mexido e, no final, jogar um punhado de cebolinha fresca por cima. De repente, o prato fica mais colorido, cheiroso e com um toque de cuidado a mais. Essa hortali\u00e7a, t\u00e3o comum nas feiras e mercados, \u00e9 barata, f\u00e1cil de [&hellip;]<\/p>\n","protected":false},"author":9,"featured_media":205721,"comment_status":"open","ping_status":"open","sticky":false,"template":"","format":"standard","meta":{"_yoast_wpseo_focuskw":"principais benef\u00edcios da cebolinha","_yoast_wpseo_title":"","_yoast_wpseo_metadesc":"Um tempero verde simples e barato que pode trazer vitaminas, antioxidantes e mais sabor para as refei\u00e7\u00f5es do dia a dia.","jnews-multi-image_gallery":[],"jnews_single_post":{"format":"standard"},"jnews_primary_category":[],"jnews_social_meta":[],"jnews_override_counter":[],"footnotes":""},"categories":[119,4404],"post_tag":[12854,456,565],"class_list":["post-205311","post","type-post","status-publish","format-standard","has-post-thumbnail","hentry","category-bem-estar","category-saude","tag-beneficios-da-cebolinha","tag-cebolinha","tag-saude"],"yoast_head":"<!-- This site is optimized with the Yoast SEO plugin v24.6 - https:\/\/yoast.com\/wordpress\/plugins\/seo\/ -->\n<title>Esse tempero comum da cozinha pode trazer vitaminas e antioxidantes mesmo usado em pequenas por\u00e7\u00f5es - Correio Braziliense - Radar<\/title>\n<meta name=\"description\" content=\"Um tempero verde simples e barato que pode trazer vitaminas, antioxidantes e mais sabor para as refei\u00e7\u00f5es do dia a dia.\" \/>\n<meta name=\"robots\" content=\"index, follow, max-snippet:-1, max-image-preview:large, max-video-preview:-1\" \/>\n<link rel=\"canonical\" href=\"https:\/\/www.correiobraziliense.com.br\/cbradar\/esse-tempero-comum-da-cozinha-pode-trazer-vitaminas-e-antioxidantes-mesmo-usado-em-pequenas-porcoes\/\" \/>\n<meta property=\"og:locale\" content=\"pt_BR\" \/>\n<meta property=\"og:type\" content=\"article\" \/>\n<meta property=\"og:title\" content=\"Esse tempero comum da cozinha pode trazer vitaminas e antioxidantes mesmo usado em pequenas por\u00e7\u00f5es - Correio Braziliense - Radar\" \/>\n<meta property=\"og:description\" content=\"Um tempero verde simples e barato que pode trazer vitaminas, antioxidantes e mais sabor para as refei\u00e7\u00f5es do dia a dia.\" \/>\n<meta property=\"og:url\" content=\"https:\/\/www.correiobraziliense.com.br\/cbradar\/esse-tempero-comum-da-cozinha-pode-trazer-vitaminas-e-antioxidantes-mesmo-usado-em-pequenas-porcoes\/\" \/>\n<meta property=\"og:site_name\" content=\"Correio Braziliense - Radar\" \/>\n<meta property=\"article:published_time\" content=\"2026-03-10T17:55:23+00:00\" \/>\n<meta property=\"og:image\" content=\"https:\/\/www.correiobraziliense.com.br\/cbradar\/wp-content\/uploads\/2026\/03\/freepik__molho-de-cebolinha-fresca-com-folhas-verdes-longas__86171.jpeg\" \/>\n\t<meta property=\"og:image:width\" content=\"1280\" \/>\n\t<meta property=\"og:image:height\" content=\"720\" \/>\n\t<meta property=\"og:image:type\" content=\"image\/jpeg\" \/>\n<meta name=\"author\" content=\"Daniely Cardoso\" \/>\n<meta name=\"twitter:card\" content=\"summary_large_image\" \/>\n<meta name=\"twitter:label1\" content=\"Escrito por\" \/>\n\t<meta name=\"twitter:data1\" content=\"Daniely Cardoso\" \/>\n\t<meta name=\"twitter:label2\" content=\"Est. tempo de leitura\" \/>\n\t<meta name=\"twitter:data2\" content=\"5 minutos\" \/>\n<!-- \/ Yoast SEO plugin. -->","yoast_head_json":{"title":"Esse tempero comum da cozinha pode trazer vitaminas e antioxidantes mesmo usado em pequenas por\u00e7\u00f5es - Correio Braziliense - Radar","description":"Um tempero verde simples e barato que pode trazer vitaminas, antioxidantes e mais sabor para as refei\u00e7\u00f5es do dia a dia.","robots":{"index":"index","follow":"follow","max-snippet":"max-snippet:-1","max-image-preview":"max-image-preview:large","max-video-preview":"max-video-preview:-1"},"canonical":"https:\/\/www.correiobraziliense.com.br\/cbradar\/esse-tempero-comum-da-cozinha-pode-trazer-vitaminas-e-antioxidantes-mesmo-usado-em-pequenas-porcoes\/","og_locale":"pt_BR","og_type":"article","og_title":"Esse tempero comum da cozinha pode trazer vitaminas e antioxidantes mesmo usado em pequenas por\u00e7\u00f5es - Correio Braziliense - Radar","og_description":"Um tempero verde simples e barato que pode trazer vitaminas, antioxidantes e mais sabor para as refei\u00e7\u00f5es do dia a dia.","og_url":"https:\/\/www.correiobraziliense.com.br\/cbradar\/esse-tempero-comum-da-cozinha-pode-trazer-vitaminas-e-antioxidantes-mesmo-usado-em-pequenas-porcoes\/","og_site_name":"Correio Braziliense - Radar","article_published_time":"2026-03-10T17:55:23+00:00","og_image":[{"width":1280,"height":720,"url":"https:\/\/www.correiobraziliense.com.br\/cbradar\/wp-content\/uploads\/2026\/03\/freepik__molho-de-cebolinha-fresca-com-folhas-verdes-longas__86171.jpeg","type":"image\/jpeg"}],"author":"Daniely Cardoso","twitter_card":"summary_large_image","twitter_misc":{"Escrito por":"Daniely Cardoso","Est. tempo de leitura":"5 minutos"},"schema":{"@context":"https:\/\/schema.org","@graph":[{"@type":"WebPage","@id":"https:\/\/www.correiobraziliense.com.br\/cbradar\/esse-tempero-comum-da-cozinha-pode-trazer-vitaminas-e-antioxidantes-mesmo-usado-em-pequenas-porcoes\/","url":"https:\/\/www.correiobraziliense.com.br\/cbradar\/esse-tempero-comum-da-cozinha-pode-trazer-vitaminas-e-antioxidantes-mesmo-usado-em-pequenas-porcoes\/","name":"Esse tempero comum da cozinha pode trazer vitaminas e antioxidantes mesmo usado em pequenas por\u00e7\u00f5es - Correio Braziliense - Radar","isPartOf":{"@id":"https:\/\/www.correiobraziliense.com.br\/cbradar\/#website"},"primaryImageOfPage":{"@id":"https:\/\/www.correiobraziliense.com.br\/cbradar\/esse-tempero-comum-da-cozinha-pode-trazer-vitaminas-e-antioxidantes-mesmo-usado-em-pequenas-porcoes\/#primaryimage"},"image":{"@id":"https:\/\/www.correiobraziliense.com.br\/cbradar\/esse-tempero-comum-da-cozinha-pode-trazer-vitaminas-e-antioxidantes-mesmo-usado-em-pequenas-porcoes\/#primaryimage"},"thumbnailUrl":"https:\/\/www.correiobraziliense.com.br\/cbradar\/wp-content\/uploads\/2026\/03\/freepik__molho-de-cebolinha-fresca-com-folhas-verdes-longas__86171.jpeg","datePublished":"2026-03-10T17:55:23+00:00","author":{"@id":"https:\/\/www.correiobraziliense.com.br\/cbradar\/#\/schema\/person\/7356666e12ec0ee53f348ee5db227032"},"description":"Um tempero verde simples e barato que pode trazer vitaminas, antioxidantes e mais sabor para as refei\u00e7\u00f5es do dia a dia.","breadcrumb":{"@id":"https:\/\/www.correiobraziliense.com.br\/cbradar\/esse-tempero-comum-da-cozinha-pode-trazer-vitaminas-e-antioxidantes-mesmo-usado-em-pequenas-porcoes\/#breadcrumb"},"inLanguage":"pt-BR","potentialAction":[{"@type":"ReadAction","target":["https:\/\/www.correiobraziliense.com.br\/cbradar\/esse-tempero-comum-da-cozinha-pode-trazer-vitaminas-e-antioxidantes-mesmo-usado-em-pequenas-porcoes\/"]}]},{"@type":"ImageObject","inLanguage":"pt-BR","@id":"https:\/\/www.correiobraziliense.com.br\/cbradar\/esse-tempero-comum-da-cozinha-pode-trazer-vitaminas-e-antioxidantes-mesmo-usado-em-pequenas-porcoes\/#primaryimage","url":"https:\/\/www.correiobraziliense.com.br\/cbradar\/wp-content\/uploads\/2026\/03\/freepik__molho-de-cebolinha-fresca-com-folhas-verdes-longas__86171.jpeg","contentUrl":"https:\/\/www.correiobraziliense.com.br\/cbradar\/wp-content\/uploads\/2026\/03\/freepik__molho-de-cebolinha-fresca-com-folhas-verdes-longas__86171.jpeg","width":1280,"height":720,"caption":"A cebolinha tamb\u00e9m fornece antioxidantes que ajudam a combater radicais livres"},{"@type":"BreadcrumbList","@id":"https:\/\/www.correiobraziliense.com.br\/cbradar\/esse-tempero-comum-da-cozinha-pode-trazer-vitaminas-e-antioxidantes-mesmo-usado-em-pequenas-porcoes\/#breadcrumb","itemListElement":[{"@type":"ListItem","position":1,"name":"In\u00edcio","item":"https:\/\/www.correiobraziliense.com.br\/cbradar\/"},{"@type":"ListItem","position":2,"name":"Esse tempero comum da cozinha pode trazer vitaminas e antioxidantes mesmo usado em pequenas por\u00e7\u00f5es"}]},{"@type":"WebSite","@id":"https:\/\/www.correiobraziliense.com.br\/cbradar\/#website","url":"https:\/\/www.correiobraziliense.com.br\/cbradar\/","name":"Correio Braziliense - Radar","description":"Acompanhe as \u00faltimas not\u00edcias e fique bem informado sobre tudo o que acontece no Brasil e no mundo.","potentialAction":[{"@type":"SearchAction","target":{"@type":"EntryPoint","urlTemplate":"https:\/\/www.correiobraziliense.com.br\/cbradar\/?s={search_term_string}"},"query-input":{"@type":"PropertyValueSpecification","valueRequired":true,"valueName":"search_term_string"}}],"inLanguage":"pt-BR"},{"@type":"Person","@id":"https:\/\/www.correiobraziliense.com.br\/cbradar\/#\/schema\/person\/7356666e12ec0ee53f348ee5db227032","name":"Daniely Cardoso","image":{"@type":"ImageObject","inLanguage":"pt-BR","@id":"https:\/\/www.correiobraziliense.com.br\/cbradar\/#\/schema\/person\/image\/","url":"https:\/\/secure.gravatar.com\/avatar\/4b80ddbd124d1f071b626d52d62e5dff?s=96&d=mm&r=g","contentUrl":"https:\/\/secure.gravatar.com\/avatar\/4b80ddbd124d1f071b626d52d62e5dff?s=96&d=mm&r=g","caption":"Daniely Cardoso"},"description":"Redatora nos portais CB Radar e EM Foco, formada pela Universidade Federal de Goi\u00e1s, em Goi\u00e2nia. Apaixonada por comunica\u00e7\u00e3o, arte, decora\u00e7\u00e3o e tend\u00eancias, atuo na produ\u00e7\u00e3o de conte\u00fados envolventes sobre curiosidades, moda, beleza e paisagismo, sempre com um olhar atento \u00e0s novidades do momento.","sameAs":["https:\/\/www.correiobraziliense.com.br\/cbradar"],"url":"https:\/\/www.correiobraziliense.com.br\/cbradar\/author\/danielymyth\/"}]}},"_links":{"self":[{"href":"https:\/\/www.correiobraziliense.com.br\/cbradar\/wp-json\/wp\/v2\/posts\/205311","targetHints":{"allow":["GET"]}}],"collection":[{"href":"https:\/\/www.correiobraziliense.com.br\/cbradar\/wp-json\/wp\/v2\/posts"}],"about":[{"href":"https:\/\/www.correiobraziliense.com.br\/cbradar\/wp-json\/wp\/v2\/types\/post"}],"author":[{"embeddable":true,"href":"https:\/\/www.correiobraziliense.com.br\/cbradar\/wp-json\/wp\/v2\/users\/9"}],"replies":[{"embeddable":true,"href":"https:\/\/www.correiobraziliense.com.br\/cbradar\/wp-json\/wp\/v2\/comments?post=205311"}],"version-history":[{"count":2,"href":"https:\/\/www.correiobraziliense.com.br\/cbradar\/wp-json\/wp\/v2\/posts\/205311\/revisions"}],"predecessor-version":[{"id":205378,"href":"https:\/\/www.correiobraziliense.com.br\/cbradar\/wp-json\/wp\/v2\/posts\/205311\/revisions\/205378"}],"wp:featuredmedia":[{"embeddable":true,"href":"https:\/\/www.correiobraziliense.com.br\/cbradar\/wp-json\/wp\/v2\/media\/205721"}],"wp:attachment":[{"href":"https:\/\/www.correiobraziliense.com.br\/cbradar\/wp-json\/wp\/v2\/media?parent=205311"}],"wp:term":[{"taxonomy":"category","embeddable":true,"href":"https:\/\/www.correiobraziliense.com.br\/cbradar\/wp-json\/wp\/v2\/categories?post=205311"},{"taxonomy":"post_tag","embeddable":true,"href":"https:\/\/www.correiobraziliense.com.br\/cbradar\/wp-json\/wp\/v2\/post_tag?post=205311"}],"curies":[{"name":"wp","href":"https:\/\/api.w.org\/{rel}","templated":true}]}}