{"id":205312,"date":"2026-03-10T16:25:28","date_gmt":"2026-03-10T19:25:28","guid":{"rendered":"https:\/\/www.correiobraziliense.com.br\/cbradar\/?p=205312"},"modified":"2026-03-09T15:13:49","modified_gmt":"2026-03-09T18:13:49","slug":"pouca-gente-percebe-mas-esse-alimento-simples-pode-ajudar-o-corpo-a-se-hidratar-melhor","status":"publish","type":"post","link":"https:\/\/www.correiobraziliense.com.br\/cbradar\/pouca-gente-percebe-mas-esse-alimento-simples-pode-ajudar-o-corpo-a-se-hidratar-melhor\/","title":{"rendered":"Pouca gente percebe, mas esse alimento simples pode ajudar o corpo a se hidratar melhor"},"content":{"rendered":"\n<p>Voc\u00ea j\u00e1 reparou como alguns alimentos \u201ccom cara de ro\u00e7a\u201d trazem um <b>conforto imediato<\/b>, s\u00f3 de olhar? O <b>maxixe<\/b> \u00e9 um desses: simples, fresco e cheio de lembran\u00e7as de almo\u00e7o em fam\u00edlia, mas tamb\u00e9m um aliado discreto da sa\u00fade, especialmente para quem quer <b>comer bem<\/b> sem complica\u00e7\u00e3o.<\/p>\n\n\n\n<h2 class=\"wp-block-heading\">Como o maxixe pode fazer bem para o corpo no dia a dia<\/h2>\n\n\n\n<p>O maxixe vem ganhando espa\u00e7o nas feiras e cozinhas brasileiras por ser <b>leve e refrescante<\/b> e f\u00e1cil de incluir nas refei\u00e7\u00f5es. Ele chama aten\u00e7\u00e3o principalmente por ajudar na <b>digest\u00e3o<\/b> e colaborar com a hidrata\u00e7\u00e3o do corpo, o que agrada tanto quem busca uma alimenta\u00e7\u00e3o equilibrada quanto quem s\u00f3 quer variar o card\u00e1pio com algo mais <b>natural e simples<\/b>.<\/p>\n\n\n\n<p>Por fazer parte da mesma fam\u00edlia do <b>pepino<\/b> e da <b>melancia<\/b>, o maxixe \u00e9 rico em \u00e1gua, fibras e minerais. Costuma entrar em preparos simples, como refogados e ensopados, mas tamb\u00e9m pode ser consumido cru em saladas, trazendo <b>frescor<\/b> sem brigar com o sabor de outros ingredientes.<\/p>\n\n\n<div class=\"wp-block-image\">\n<figure class=\"aligncenter size-large\"><img decoding=\"async\" width=\"1024\" height=\"576\" src=\"https:\/\/www.correiobraziliense.com.br\/cbradar\/wp-content\/uploads\/2026\/01\/Gemini_Generated_Image_abycyuabycyuabyc-1-1024x576.png\" alt=\"O alimento leve e diur\u00e9tico que ajuda no incha\u00e7o e ainda apoia a sa\u00fade do cora\u00e7\u00e3o\" class=\"wp-image-169872\" srcset=\"https:\/\/www.correiobraziliense.com.br\/cbradar\/wp-content\/uploads\/2026\/01\/Gemini_Generated_Image_abycyuabycyuabyc-1-1024x576.png 1024w, https:\/\/www.correiobraziliense.com.br\/cbradar\/wp-content\/uploads\/2026\/01\/Gemini_Generated_Image_abycyuabycyuabyc-1-300x169.png 300w, https:\/\/www.correiobraziliense.com.br\/cbradar\/wp-content\/uploads\/2026\/01\/Gemini_Generated_Image_abycyuabycyuabyc-1-768x432.png 768w, https:\/\/www.correiobraziliense.com.br\/cbradar\/wp-content\/uploads\/2026\/01\/Gemini_Generated_Image_abycyuabycyuabyc-1-750x422.png 750w, https:\/\/www.correiobraziliense.com.br\/cbradar\/wp-content\/uploads\/2026\/01\/Gemini_Generated_Image_abycyuabycyuabyc-1-1140x641.png 1140w, https:\/\/www.correiobraziliense.com.br\/cbradar\/wp-content\/uploads\/2026\/01\/Gemini_Generated_Image_abycyuabycyuabyc-1.png 1280w\" sizes=\"(max-width: 1024px) 100vw, 1024px\" \/><figcaption class=\"wp-element-caption\">A proposta costuma envolver o uso regular do alimento como parte de uma rotina saud\u00e1vel<\/figcaption><\/figure><\/div>\n\n\n<p>Leia tamb\u00e9m:&nbsp;<a href=\"https:\/\/www.correiobraziliense.com.br\/cbradar\/essa-erva-aromatica-usada-na-cozinha-tambem-pode-ajudar-quem-sofre-com-tosse-e-nariz-entupido\/\" target=\"_blank\" rel=\"noopener\">Essa erva arom\u00e1tica usada na cozinha tamb\u00e9m pode ajudar quem sofre com tosse e nariz entupido<\/a><\/p>\n\n\n\n<h2 class=\"wp-block-heading\">Como o maxixe ajuda na digest\u00e3o de forma pr\u00e1tica<\/h2>\n\n\n\n<p>A contribui\u00e7\u00e3o do <b>maxixe<\/b> para a digest\u00e3o est\u00e1 ligada principalmente \u00e0s <b>fibras<\/b> da casca e da polpa, que ajudam a aumentar o volume do bolo fecal e a regular o intestino. Isso reduz o desconforto da pris\u00e3o de ventre e aquela sensa\u00e7\u00e3o de <b>estufamento<\/b> depois das refei\u00e7\u00f5es, deixando o dia mais leve.<\/p>\n\n\n\n<p>Al\u00e9m disso, por ter pouca <b>gordura<\/b> e geralmente ser preparado com pouco \u00f3leo, o maxixe torna a refei\u00e7\u00e3o menos pesada. A combina\u00e7\u00e3o de <b>fibras<\/b> com bastante \u00e1gua deixa o conte\u00fado intestinal mais macio, facilitando o tr\u00e2nsito pelo trato digestivo e combinando bem com pratos que levam <b>prote\u00ednas<\/b> e carboidratos.<\/p>\n\n\n\n<h2 class=\"wp-block-heading\">De que forma o maxixe contribui para a hidrata\u00e7\u00e3o<\/h2>\n\n\n\n<p>O maxixe \u00e9 formado majoritariamente por <b>\u00e1gua<\/b>, o que o coloca entre os vegetais que ajudam na hidrata\u00e7\u00e3o do organismo. Em dias quentes ou quando suamos mais, inclu\u00ed-lo nas refei\u00e7\u00f5es pode colaborar na reposi\u00e7\u00e3o de parte da \u00e1gua perdida ao longo do dia, somando pontos com a ingest\u00e3o de <b>l\u00edquidos<\/b> e outras fontes de <b>hidrata\u00e7\u00e3o<\/b>.<\/p>\n\n\n\n<p>Al\u00e9m da \u00e1gua, ele oferece minerais como <b>pot\u00e1ssio<\/b> e <b>magn\u00e9sio<\/b>, que participam do equil\u00edbrio de fluidos no corpo e do bom funcionamento muscular e cardiovascular. Em refei\u00e7\u00f5es mais salgadas, hortali\u00e7as ricas em \u00e1gua e pot\u00e1ssio, como o maxixe, podem ajudar a equilibrar um pouco o excesso de s\u00f3dio dentro de um contexto alimentar <b>cuidadoso<\/b>. Se voc\u00ea gosta de opini\u00e3o de especialistas, separamos esse v\u00eddeo do canal da <a href=\"https:\/\/www.youtube.com\/@AngelaXavier\" target=\"_blank\" rel=\"noreferrer noopener\">Angela Xavier<\/a> mostrando com mais detalhes sobre o maxixe na sa\u00fade:<\/p>\n\n\n\n<figure class=\"wp-block-embed is-type-video is-provider-youtube wp-block-embed-youtube wp-embed-aspect-16-9 wp-has-aspect-ratio\"><div class=\"wp-block-embed__wrapper\">\n<div class=\"jeg_video_container jeg_video_content\"><iframe loading=\"lazy\" title=\"Voc\u00ea sabia que o maxixe faz tudo isso?\" width=\"500\" height=\"281\" src=\"https:\/\/www.youtube.com\/embed\/uYQ2t0GnqFM?start=205&#038;feature=oembed\" frameborder=\"0\" allow=\"accelerometer; autoplay; clipboard-write; encrypted-media; gyroscope; picture-in-picture; web-share\" referrerpolicy=\"strict-origin-when-cross-origin\" allowfullscreen><\/iframe><\/div>\n<\/div><\/figure>\n\n\n\n<h2 class=\"wp-block-heading\">Quais nutrientes se destacam no maxixe no dia a dia<\/h2>\n\n\n\n<p>O maxixe \u00e9 um alimento de <b>baixo valor<\/b> cal\u00f3rico e, mesmo assim, oferece vitaminas, minerais e fibras em quantidades interessantes para o consumo di\u00e1rio. Assim, \u00e9 uma boa op\u00e7\u00e3o para quem gosta de pratos volumosos, mas com menos <b>calorias<\/b>, sem abrir m\u00e3o de nutrientes importantes para o <b>corpo<\/b>.<\/p>\n\n\n\n<p>A tabela abaixo traz uma estimativa de nutrientes para 100 g de maxixe cru, considerando refer\u00eancias nutricionais at\u00e9 2026, lembrando que esses valores podem variar conforme a <b>variedade<\/b>, o cultivo e o ponto de matura\u00e7\u00e3o. Em dietas equilibradas, esse perfil nutricional ajuda na <b>preven\u00e7\u00e3o<\/b> de defici\u00eancias e pode apoiar o cuidado com a <b>sa\u00fade digestiva<\/b>:<\/p>\n\n\n\n<div class=\"tabela-nutricional-maxixe\" style=\"box-sizing: border-box; display: flex; flex-direction: column; width: 100%; max-width: 600px; margin: 30px auto; background-color: #ffffff; color: #333; border-radius: 12px; overflow: hidden; font-family: 'Segoe UI', Roboto, Helvetica, Arial, sans-serif; box-shadow: 0 10px 30px rgba(0,0,0,0.06); border: 1px solid #e9f5e9; position: relative; z-index: 5;\">\n\n  <div style=\"background-color: #f1f8e9; padding: 20px; border-bottom: 3px solid #8bc34a; text-align: left;\">\n    <h2 style=\"margin: 0; color: #33691e; font-size: 1.2rem; font-weight: 700; text-transform: uppercase; letter-spacing: 0.5px;\">Ficha Nutricional: Maxixe Cru<\/h2>\n    <div style=\"font-size: 0.9rem; margin-top: 4px; color: #558b2f;\">Valores de refer\u00eancia para uma por\u00e7\u00e3o de <strong>100 g<\/strong><\/div>\n  <\/div>\n\n  <div style=\"padding: 10px;\">\n    <table style=\"width: 100%; border-collapse: collapse;\">\n      <thead>\n        <tr style=\"border-bottom: 1px solid #8bc34a;\">\n          <th style=\"text-align: left; padding: 12px 10px; font-size: 0.85rem; color: #000; text-transform: uppercase;\">Nutriente<\/th>\n          <th style=\"text-align: right; padding: 12px 10px; font-size: 0.85rem; color: #000; text-transform: uppercase;\">Quantidade (por 100 g)<\/th>\n        <\/tr>\n      <\/thead>\n      <tbody>\n        <tr style=\"border-bottom: 1px solid #eee;\">\n          <td style=\"padding: 10px; font-size: 0.95rem;\">Energia<\/td>\n          <td style=\"padding: 10px; font-size: 0.95rem; text-align: right; font-weight: 600;\">15 a 20 kcal<\/td>\n        <\/tr>\n        <tr style=\"border-bottom: 1px solid #eee;\">\n          <td style=\"padding: 10px; font-size: 0.95rem;\">Carboidratos totais<\/td>\n          <td style=\"padding: 10px; font-size: 0.95rem; text-align: right; font-weight: 600;\">3,0 a 4,0 g<\/td>\n        <\/tr>\n        <tr style=\"border-bottom: 1px solid #eee;\">\n          <td style=\"padding: 10px; font-size: 0.95rem;\">Prote\u00ednas<\/td>\n          <td style=\"padding: 10px; font-size: 0.95rem; text-align: right; font-weight: 600;\">0,8 a 1,5 g<\/td>\n        <\/tr>\n        <tr style=\"border-bottom: 1px solid #eee;\">\n          <td style=\"padding: 10px; font-size: 0.95rem;\">Gorduras totais<\/td>\n          <td style=\"padding: 10px; font-size: 0.95rem; text-align: right; font-weight: 600;\">0,1 a 0,3 g<\/td>\n        <\/tr>\n        <tr style=\"border-bottom: 1px solid #eee; background-color: #f9fdf9;\">\n          <td style=\"padding: 10px; font-size: 0.95rem; font-weight: 600;\">Fibras alimentares<\/td>\n          <td style=\"padding: 10px; font-size: 0.95rem; text-align: right; font-weight: 600;\">1,0 a 2,0 g<\/td>\n        <\/tr>\n        <tr style=\"border-bottom: 1px solid #eee;\">\n          <td style=\"padding: 10px; font-size: 0.95rem; font-weight: 600; color: #0288d1;\">\u00c1gua<\/td>\n          <td style=\"padding: 10px; font-size: 0.95rem; text-align: right; font-weight: 600; color: #0288d1;\">aprox. 93 a 95 g<\/td>\n        <\/tr>\n        <tr style=\"border-bottom: 1px solid #eee;\">\n          <td style=\"padding: 10px; font-size: 0.95rem;\">Vitamina C<\/td>\n          <td style=\"padding: 10px; font-size: 0.95rem; text-align: right; font-weight: 600;\">8 a 15 mg<\/td>\n        <\/tr>\n        <tr style=\"border-bottom: 1px solid #eee;\">\n          <td style=\"padding: 10px; font-size: 0.95rem;\">Vitamina A (eq. retinol)<\/td>\n          <td style=\"padding: 10px; font-size: 0.95rem; text-align: right; font-weight: 600;\">40 a 80 \u00b5g<\/td>\n        <\/tr>\n        <tr style=\"border-bottom: 1px solid #eee;\">\n          <td style=\"padding: 10px; font-size: 0.95rem;\">Folatos (vitamina B9)<\/td>\n          <td style=\"padding: 10px; font-size: 0.95rem; text-align: right; font-weight: 600;\">15 a 30 \u00b5g<\/td>\n        <\/tr>\n        <tr style=\"border-bottom: 1px solid #eee;\">\n          <td style=\"padding: 10px; font-size: 0.95rem;\">Pot\u00e1ssio<\/td>\n          <td style=\"padding: 10px; font-size: 0.95rem; text-align: right; font-weight: 600;\">150 a 250 mg<\/td>\n        <\/tr>\n        <tr style=\"border-bottom: 1px solid #eee;\">\n          <td style=\"padding: 10px; font-size: 0.95rem;\">C\u00e1lcio<\/td>\n          <td style=\"padding: 10px; font-size: 0.95rem; text-align: right; font-weight: 600;\">15 a 30 mg<\/td>\n        <\/tr>\n        <tr style=\"border-bottom: 1px solid #eee;\">\n          <td style=\"padding: 10px; font-size: 0.95rem;\">F\u00f3sforo<\/td>\n          <td style=\"padding: 10px; font-size: 0.95rem; text-align: right; font-weight: 600;\">20 a 40 mg<\/td>\n        <\/tr>\n        <tr>\n          <td style=\"padding: 10px; font-size: 0.95rem;\">Magn\u00e9sio<\/td>\n          <td style=\"padding: 10px; font-size: 0.95rem; text-align: right; font-weight: 600;\">10 a 20 mg<\/td>\n        <\/tr>\n      <\/tbody>\n    <\/table>\n  <\/div>\n\n  <div style=\"background-color: #33691e; padding: 12px; text-align: center;\">\n    <p style=\"margin: 0; font-size: 0.75rem; color: #fff; text-transform: uppercase; letter-spacing: 1px;\">\n      Fonte: Estimativas Nutricionais para Vegetais Crus\n    <\/p>\n  <\/div>\n<\/div>\n\n\n\n<h2 class=\"wp-block-heading\">Como incluir o maxixe na rotina alimentar de maneira simples<\/h2>\n\n\n\n<p>Para colocar o maxixe no dia a dia, vale come\u00e7ar com <b>preparos conhecidos<\/b> e adaptar ao gosto da fam\u00edlia, ajustando temperos e textura. Ele combina bem com receitas r\u00e1pidas, tanto em casa quanto em restaurantes regionais, e um <b>cozimento leve<\/b> ajuda a manter sabor, croc\u00e2ncia e parte dos <b>nutrientes<\/b>.<\/p>\n\n\n\n<p>Para facilitar essa inclus\u00e3o, veja algumas formas pr\u00e1ticas de preparo que costumam agradar diferentes <b>paladares<\/b> e permitem variar o card\u00e1pio sem aumentar muito o custo nem o tempo na <b>cozinha<\/b>:<\/p>\n\n\n\n<ul class=\"wp-block-list\">\n<li><strong>Refogado:<\/strong> cortado em <b>rodelas<\/b> ou cubos, salteado com alho, cebola e ervas frescas.<\/li>\n\n\n\n<li><strong>Ensopado:<\/strong> em caldos com <b>carnes magras<\/b>, frango ou leguminosas, como o feij\u00e3o.<\/li>\n\n\n\n<li><strong>Saladas:<\/strong> cru ou rapidamente branqueado, misturado a <b>tomate<\/b>, pepino e folhas verdes.<\/li>\n\n\n\n<li><strong>Grelhado ou assado:<\/strong> em peda\u00e7os maiores, com fio de <b>\u00f3leo<\/b>, ervas e um toque de lim\u00e3o.<\/li>\n<\/ul>\n\n\n\n<h2 class=\"wp-block-heading\">Quais cuidados ter ao consumir maxixe regularmente<\/h2>\n\n\n\n<p>No dia a dia, alguns cuidados simples deixam o consumo mais <b>seguro<\/b> e aproveitam melhor o frescor do alimento, especialmente quando comprado em feiras livres ou direto do produtor. Tamb\u00e9m vale observar a <b>origem<\/b> do produto e evitar vegetais muito machucados ou com odor alterado, priorizando sempre o armazenamento e a <b>higiene<\/b> adequados.<\/p>\n\n\n\n<ol class=\"wp-block-list\">\n<li>Escolher maxixes <b>firmes<\/b>, sem manchas escuras ou partes amolecidas.<\/li>\n\n\n\n<li>Higienizar bem em \u00e1gua corrente e, quando indicado, usar <b>solu\u00e7\u00e3o sanitizante<\/b> pr\u00f3pria.<\/li>\n\n\n\n<li>Evitar cocc\u00e7\u00f5es muito prolongadas, que prejudicam textura e vitaminas sens\u00edveis ao <b>calor<\/b>.<\/li>\n\n\n\n<li>Armazenar em local refrigerado e consumir em poucos dias, para manter o <b>sabor<\/b> e a qualidade.<\/li>\n<\/ol>\n\n\n\n<p>De modo geral, o maxixe \u00e9 bem <b>tolerado<\/b>, mas quem tem problemas renais ou precisa controlar o pot\u00e1ssio deve seguir orienta\u00e7\u00e3o profissional para ajustar por\u00e7\u00f5es e frequ\u00eancia. Para a maioria das pessoas, o consumo moderado em uma alimenta\u00e7\u00e3o variada \u00e9 <b>seguro<\/b> e bem-vindo como parte de um padr\u00e3o alimentar <b>equilibrado<\/b>.<\/p>\n","protected":false},"excerpt":{"rendered":"<p>Voc\u00ea j\u00e1 reparou como alguns alimentos \u201ccom cara de ro\u00e7a\u201d trazem um conforto imediato, s\u00f3 de olhar? O maxixe \u00e9 um desses: simples, fresco e cheio de lembran\u00e7as de almo\u00e7o em fam\u00edlia, mas tamb\u00e9m um aliado discreto da sa\u00fade, especialmente para quem quer comer bem sem complica\u00e7\u00e3o. Como o maxixe pode fazer bem para o [&hellip;]<\/p>\n","protected":false},"author":9,"featured_media":205719,"comment_status":"open","ping_status":"open","sticky":false,"template":"","format":"standard","meta":{"_yoast_wpseo_focuskw":"principais benef\u00edcios do maxixe","_yoast_wpseo_title":"","_yoast_wpseo_metadesc":"Um vegetal simples e leve que pode ajudar na digest\u00e3o, contribuir para a hidrata\u00e7\u00e3o e deixar as refei\u00e7\u00f5es mais equilibradas.","jnews-multi-image_gallery":[],"jnews_single_post":{"format":"standard"},"jnews_primary_category":[],"jnews_social_meta":[],"jnews_override_counter":[],"footnotes":""},"categories":[119,4404],"post_tag":[3051,1395,1071],"class_list":["post-205312","post","type-post","status-publish","format-standard","has-post-thumbnail","hentry","category-bem-estar","category-saude","tag-digestao","tag-maxixe","tag-vegetal"],"yoast_head":"<!-- This site is optimized with the Yoast SEO plugin v24.6 - https:\/\/yoast.com\/wordpress\/plugins\/seo\/ -->\n<title>Pouca gente percebe, mas esse alimento simples pode ajudar o corpo a se hidratar melhor - Correio Braziliense - Radar<\/title>\n<meta name=\"description\" content=\"Um vegetal simples e leve que pode ajudar na digest\u00e3o, contribuir para a hidrata\u00e7\u00e3o e deixar as refei\u00e7\u00f5es mais equilibradas.\" \/>\n<meta name=\"robots\" content=\"index, follow, max-snippet:-1, max-image-preview:large, max-video-preview:-1\" \/>\n<link rel=\"canonical\" href=\"https:\/\/www.correiobraziliense.com.br\/cbradar\/pouca-gente-percebe-mas-esse-alimento-simples-pode-ajudar-o-corpo-a-se-hidratar-melhor\/\" \/>\n<meta property=\"og:locale\" content=\"pt_BR\" \/>\n<meta property=\"og:type\" content=\"article\" \/>\n<meta property=\"og:title\" content=\"Pouca gente percebe, mas esse alimento simples pode ajudar o corpo a se hidratar melhor - Correio Braziliense - Radar\" \/>\n<meta property=\"og:description\" content=\"Um vegetal simples e leve que pode ajudar na digest\u00e3o, contribuir para a hidrata\u00e7\u00e3o e deixar as refei\u00e7\u00f5es mais equilibradas.\" \/>\n<meta property=\"og:url\" content=\"https:\/\/www.correiobraziliense.com.br\/cbradar\/pouca-gente-percebe-mas-esse-alimento-simples-pode-ajudar-o-corpo-a-se-hidratar-melhor\/\" \/>\n<meta property=\"og:site_name\" content=\"Correio Braziliense - Radar\" \/>\n<meta property=\"article:published_time\" content=\"2026-03-10T19:25:28+00:00\" \/>\n<meta property=\"og:image\" content=\"https:\/\/www.correiobraziliense.com.br\/cbradar\/wp-content\/uploads\/2026\/03\/freepik__cesta-de-palha-com-vrios-maxixes-verdes-frescos-so__86172.jpeg\" \/>\n\t<meta property=\"og:image:width\" content=\"1280\" \/>\n\t<meta property=\"og:image:height\" content=\"720\" \/>\n\t<meta property=\"og:image:type\" content=\"image\/jpeg\" \/>\n<meta name=\"author\" content=\"Daniely Cardoso\" \/>\n<meta name=\"twitter:card\" content=\"summary_large_image\" \/>\n<meta name=\"twitter:label1\" content=\"Escrito por\" \/>\n\t<meta name=\"twitter:data1\" content=\"Daniely Cardoso\" \/>\n\t<meta name=\"twitter:label2\" content=\"Est. tempo de leitura\" \/>\n\t<meta name=\"twitter:data2\" content=\"6 minutos\" \/>\n<!-- \/ Yoast SEO plugin. -->","yoast_head_json":{"title":"Pouca gente percebe, mas esse alimento simples pode ajudar o corpo a se hidratar melhor - Correio Braziliense - Radar","description":"Um vegetal simples e leve que pode ajudar na digest\u00e3o, contribuir para a hidrata\u00e7\u00e3o e deixar as refei\u00e7\u00f5es mais equilibradas.","robots":{"index":"index","follow":"follow","max-snippet":"max-snippet:-1","max-image-preview":"max-image-preview:large","max-video-preview":"max-video-preview:-1"},"canonical":"https:\/\/www.correiobraziliense.com.br\/cbradar\/pouca-gente-percebe-mas-esse-alimento-simples-pode-ajudar-o-corpo-a-se-hidratar-melhor\/","og_locale":"pt_BR","og_type":"article","og_title":"Pouca gente percebe, mas esse alimento simples pode ajudar o corpo a se hidratar melhor - Correio Braziliense - Radar","og_description":"Um vegetal simples e leve que pode ajudar na digest\u00e3o, contribuir para a hidrata\u00e7\u00e3o e deixar as refei\u00e7\u00f5es mais equilibradas.","og_url":"https:\/\/www.correiobraziliense.com.br\/cbradar\/pouca-gente-percebe-mas-esse-alimento-simples-pode-ajudar-o-corpo-a-se-hidratar-melhor\/","og_site_name":"Correio Braziliense - Radar","article_published_time":"2026-03-10T19:25:28+00:00","og_image":[{"width":1280,"height":720,"url":"https:\/\/www.correiobraziliense.com.br\/cbradar\/wp-content\/uploads\/2026\/03\/freepik__cesta-de-palha-com-vrios-maxixes-verdes-frescos-so__86172.jpeg","type":"image\/jpeg"}],"author":"Daniely Cardoso","twitter_card":"summary_large_image","twitter_misc":{"Escrito por":"Daniely Cardoso","Est. tempo de leitura":"6 minutos"},"schema":{"@context":"https:\/\/schema.org","@graph":[{"@type":"WebPage","@id":"https:\/\/www.correiobraziliense.com.br\/cbradar\/pouca-gente-percebe-mas-esse-alimento-simples-pode-ajudar-o-corpo-a-se-hidratar-melhor\/","url":"https:\/\/www.correiobraziliense.com.br\/cbradar\/pouca-gente-percebe-mas-esse-alimento-simples-pode-ajudar-o-corpo-a-se-hidratar-melhor\/","name":"Pouca gente percebe, mas esse alimento simples pode ajudar o corpo a se hidratar melhor - Correio Braziliense - Radar","isPartOf":{"@id":"https:\/\/www.correiobraziliense.com.br\/cbradar\/#website"},"primaryImageOfPage":{"@id":"https:\/\/www.correiobraziliense.com.br\/cbradar\/pouca-gente-percebe-mas-esse-alimento-simples-pode-ajudar-o-corpo-a-se-hidratar-melhor\/#primaryimage"},"image":{"@id":"https:\/\/www.correiobraziliense.com.br\/cbradar\/pouca-gente-percebe-mas-esse-alimento-simples-pode-ajudar-o-corpo-a-se-hidratar-melhor\/#primaryimage"},"thumbnailUrl":"https:\/\/www.correiobraziliense.com.br\/cbradar\/wp-content\/uploads\/2026\/03\/freepik__cesta-de-palha-com-vrios-maxixes-verdes-frescos-so__86172.jpeg","datePublished":"2026-03-10T19:25:28+00:00","author":{"@id":"https:\/\/www.correiobraziliense.com.br\/cbradar\/#\/schema\/person\/7356666e12ec0ee53f348ee5db227032"},"description":"Um vegetal simples e leve que pode ajudar na digest\u00e3o, contribuir para a hidrata\u00e7\u00e3o e deixar as refei\u00e7\u00f5es mais equilibradas.","breadcrumb":{"@id":"https:\/\/www.correiobraziliense.com.br\/cbradar\/pouca-gente-percebe-mas-esse-alimento-simples-pode-ajudar-o-corpo-a-se-hidratar-melhor\/#breadcrumb"},"inLanguage":"pt-BR","potentialAction":[{"@type":"ReadAction","target":["https:\/\/www.correiobraziliense.com.br\/cbradar\/pouca-gente-percebe-mas-esse-alimento-simples-pode-ajudar-o-corpo-a-se-hidratar-melhor\/"]}]},{"@type":"ImageObject","inLanguage":"pt-BR","@id":"https:\/\/www.correiobraziliense.com.br\/cbradar\/pouca-gente-percebe-mas-esse-alimento-simples-pode-ajudar-o-corpo-a-se-hidratar-melhor\/#primaryimage","url":"https:\/\/www.correiobraziliense.com.br\/cbradar\/wp-content\/uploads\/2026\/03\/freepik__cesta-de-palha-com-vrios-maxixes-verdes-frescos-so__86172.jpeg","contentUrl":"https:\/\/www.correiobraziliense.com.br\/cbradar\/wp-content\/uploads\/2026\/03\/freepik__cesta-de-palha-com-vrios-maxixes-verdes-frescos-so__86172.jpeg","width":1280,"height":720,"caption":"Este alimento \u00e9 rico em \u00e1gua e possui poucas calorias"},{"@type":"BreadcrumbList","@id":"https:\/\/www.correiobraziliense.com.br\/cbradar\/pouca-gente-percebe-mas-esse-alimento-simples-pode-ajudar-o-corpo-a-se-hidratar-melhor\/#breadcrumb","itemListElement":[{"@type":"ListItem","position":1,"name":"In\u00edcio","item":"https:\/\/www.correiobraziliense.com.br\/cbradar\/"},{"@type":"ListItem","position":2,"name":"Pouca gente percebe, mas esse alimento simples pode ajudar o corpo a se hidratar melhor"}]},{"@type":"WebSite","@id":"https:\/\/www.correiobraziliense.com.br\/cbradar\/#website","url":"https:\/\/www.correiobraziliense.com.br\/cbradar\/","name":"Correio Braziliense - Radar","description":"Acompanhe as \u00faltimas not\u00edcias e fique bem informado sobre tudo o que acontece no Brasil e no mundo.","potentialAction":[{"@type":"SearchAction","target":{"@type":"EntryPoint","urlTemplate":"https:\/\/www.correiobraziliense.com.br\/cbradar\/?s={search_term_string}"},"query-input":{"@type":"PropertyValueSpecification","valueRequired":true,"valueName":"search_term_string"}}],"inLanguage":"pt-BR"},{"@type":"Person","@id":"https:\/\/www.correiobraziliense.com.br\/cbradar\/#\/schema\/person\/7356666e12ec0ee53f348ee5db227032","name":"Daniely Cardoso","image":{"@type":"ImageObject","inLanguage":"pt-BR","@id":"https:\/\/www.correiobraziliense.com.br\/cbradar\/#\/schema\/person\/image\/","url":"https:\/\/secure.gravatar.com\/avatar\/4b80ddbd124d1f071b626d52d62e5dff?s=96&d=mm&r=g","contentUrl":"https:\/\/secure.gravatar.com\/avatar\/4b80ddbd124d1f071b626d52d62e5dff?s=96&d=mm&r=g","caption":"Daniely Cardoso"},"description":"Redatora nos portais CB Radar e EM Foco, formada pela Universidade Federal de Goi\u00e1s, em Goi\u00e2nia. Apaixonada por comunica\u00e7\u00e3o, arte, decora\u00e7\u00e3o e tend\u00eancias, atuo na produ\u00e7\u00e3o de conte\u00fados envolventes sobre curiosidades, moda, beleza e paisagismo, sempre com um olhar atento \u00e0s novidades do momento.","sameAs":["https:\/\/www.correiobraziliense.com.br\/cbradar"],"url":"https:\/\/www.correiobraziliense.com.br\/cbradar\/author\/danielymyth\/"}]}},"_links":{"self":[{"href":"https:\/\/www.correiobraziliense.com.br\/cbradar\/wp-json\/wp\/v2\/posts\/205312","targetHints":{"allow":["GET"]}}],"collection":[{"href":"https:\/\/www.correiobraziliense.com.br\/cbradar\/wp-json\/wp\/v2\/posts"}],"about":[{"href":"https:\/\/www.correiobraziliense.com.br\/cbradar\/wp-json\/wp\/v2\/types\/post"}],"author":[{"embeddable":true,"href":"https:\/\/www.correiobraziliense.com.br\/cbradar\/wp-json\/wp\/v2\/users\/9"}],"replies":[{"embeddable":true,"href":"https:\/\/www.correiobraziliense.com.br\/cbradar\/wp-json\/wp\/v2\/comments?post=205312"}],"version-history":[{"count":2,"href":"https:\/\/www.correiobraziliense.com.br\/cbradar\/wp-json\/wp\/v2\/posts\/205312\/revisions"}],"predecessor-version":[{"id":205388,"href":"https:\/\/www.correiobraziliense.com.br\/cbradar\/wp-json\/wp\/v2\/posts\/205312\/revisions\/205388"}],"wp:featuredmedia":[{"embeddable":true,"href":"https:\/\/www.correiobraziliense.com.br\/cbradar\/wp-json\/wp\/v2\/media\/205719"}],"wp:attachment":[{"href":"https:\/\/www.correiobraziliense.com.br\/cbradar\/wp-json\/wp\/v2\/media?parent=205312"}],"wp:term":[{"taxonomy":"category","embeddable":true,"href":"https:\/\/www.correiobraziliense.com.br\/cbradar\/wp-json\/wp\/v2\/categories?post=205312"},{"taxonomy":"post_tag","embeddable":true,"href":"https:\/\/www.correiobraziliense.com.br\/cbradar\/wp-json\/wp\/v2\/post_tag?post=205312"}],"curies":[{"name":"wp","href":"https:\/\/api.w.org\/{rel}","templated":true}]}}