{"id":205367,"date":"2026-03-09T11:05:00","date_gmt":"2026-03-09T14:05:00","guid":{"rendered":"https:\/\/www.correiobraziliense.com.br\/cbradar\/?p=205367"},"modified":"2026-03-09T09:07:34","modified_gmt":"2026-03-09T12:07:34","slug":"banho-quente-demais-pode-acelerar-o-ressecamento-e-irritar-a-pele","status":"publish","type":"post","link":"https:\/\/www.correiobraziliense.com.br\/cbradar\/banho-quente-demais-pode-acelerar-o-ressecamento-e-irritar-a-pele\/","title":{"rendered":"Banho quente demais pode acelerar o ressecamento e irritar a pele"},"content":{"rendered":"\n<p>Tomar banho quente \u00e9 uma atividade di\u00e1ria para muitos, mas \u00e9 importante compreender os efeitos a longo prazo que esse h\u00e1bito pode ter sobre a pele. A \u00e1gua em temperatura elevada, quando utilizada constantemente, pode comprometer a camada protetora natural da pele, conhecida como manto lip\u00eddico, que funciona como uma barreira essencial para manter a hidrata\u00e7\u00e3o e proteger contra agentes irritantes.<\/p>\n\n\n\n<h2 class=\"wp-block-heading\">Quais s\u00e3o os sinais de que o banho quente est\u00e1 danificando a pele?<\/h2>\n\n\n\n<p>Muitas vezes, os sinais de danos cut\u00e2neos causados por banhos quentes passam despercebidos ou s\u00e3o atribu\u00eddos a outros fatores, como o envelhecimento. \u00c9 essencial ficar atento a indicadores como coceira ap\u00f3s o banho, pele \u00e1spera e vermelhid\u00e3o, que podem indicar que a barreira cut\u00e2nea est\u00e1 sendo prejudicada.<\/p>\n\n\n\n<p>Em casos de pele mais sens\u00edvel, essas condi\u00e7\u00f5es podem evoluir para quadros de dermatite ou agravar doen\u00e7as pr\u00e9-existentes como psor\u00edase e ros\u00e1cea. Tamb\u00e9m podem surgir sensa\u00e7\u00e3o de repuxamento, descama\u00e7\u00e3o fina e maior sensibilidade a produtos de higiene e cosm\u00e9ticos.<\/p>\n\n\n\n<p>Para compreender melhor como o banho quente pode afetar a pele, assista ao v\u00eddeo a seguir, no qual a dermatologista <strong>Dra. Cl\u00e1udia Moraes<\/strong> explica o assunto de forma clara e did\u00e1tica no canal respons\u00e1vel pelo conte\u00fado<\/p>\n\n\n\n<iframe loading=\"lazy\" width=\"1396\" height=\"785\" src=\"https:\/\/www.youtube.com\/embed\/q88Y_qMJzIs\" title=\"Banho quente faz mal \u00e0 pele? Dermatologista Dra Cla\u00fadia Moraes explica\" frameborder=\"0\" allow=\"accelerometer; autoplay; clipboard-write; encrypted-media; gyroscope; picture-in-picture; web-share\" referrerpolicy=\"strict-origin-when-cross-origin\" allowfullscreen><\/iframe>\n\n\n\n<h2 class=\"wp-block-heading\">Por que a temperatura da \u00e1gua \u00e9 t\u00e3o importante para a sa\u00fade da pele?<\/h2>\n\n\n\n<p>Um estudo publicado no J<a href=\"https:\/\/pubmed.ncbi.nlm.nih.gov\/35053992\/\" target=\"_blank\" rel=\"noreferrer noopener\">ournal of Clinical Medicine em 2022<\/a> destacou a influ\u00eancia da temperatura da \u00e1gua na fun\u00e7\u00e3o da barreira da pele. A pesquisa observou que a \u00e1gua quente aumentou significativamente a perda de \u00e1gua pela pele, elevando o pH e causando vermelhid\u00e3o em 50 volunt\u00e1rios saud\u00e1veis.<\/p>\n\n\n\n<p>Esses resultados evidenciam que a temperatura da \u00e1gua \u00e9 um fator crucial para a manuten\u00e7\u00e3o da integridade da barreira cut\u00e2nea. Banhos muito quentes, especialmente prolongados, removem lip\u00eddios naturais, favorecendo ressecamento, irrita\u00e7\u00e3o e envelhecimento precoce da pele.<\/p>\n\n\n<div class=\"wp-block-image\">\n<figure class=\"aligncenter size-full\"><img decoding=\"async\" width=\"1280\" height=\"720\" src=\"https:\/\/www.correiobraziliense.com.br\/cbradar\/wp-content\/uploads\/2026\/03\/banho-quente_1773058007348.jpg\" alt=\"\" class=\"wp-image-205372\" srcset=\"https:\/\/www.correiobraziliense.com.br\/cbradar\/wp-content\/uploads\/2026\/03\/banho-quente_1773058007348.jpg 1280w, https:\/\/www.correiobraziliense.com.br\/cbradar\/wp-content\/uploads\/2026\/03\/banho-quente_1773058007348-300x169.jpg 300w, https:\/\/www.correiobraziliense.com.br\/cbradar\/wp-content\/uploads\/2026\/03\/banho-quente_1773058007348-768x432.jpg 768w, https:\/\/www.correiobraziliense.com.br\/cbradar\/wp-content\/uploads\/2026\/03\/banho-quente_1773058007348-750x422.jpg 750w, https:\/\/www.correiobraziliense.com.br\/cbradar\/wp-content\/uploads\/2026\/03\/banho-quente_1773058007348-1140x641.jpg 1140w\" sizes=\"(max-width: 1280px) 100vw, 1280px\" \/><figcaption class=\"wp-element-caption\">Banho quente frequente pode causar vermelhid\u00e3o e ressecamento da pele &#8211; Cr\u00e9ditos: depositphotos.com \/ nikkytok<\/figcaption><\/figure><\/div>\n\n\n<h2 class=\"wp-block-heading\">Como adaptar a rotina de banho para proteger melhor a pele?<\/h2>\n\n\n\n<p>Felizmente, ajustar algumas pr\u00e1ticas no banho pode ajudar a mitigar os danos sem abrir m\u00e3o do conforto. Especialistas recomendam que a temperatura da \u00e1gua fique entre 35 e 37 graus Celsius e que o tempo de banho seja limitado a no m\u00e1ximo 10 minutos.<\/p>\n\n\n\n<p>Al\u00e9m disso, alguns cuidados simples potencializam a prote\u00e7\u00e3o do manto lip\u00eddico e mant\u00eam a pele mais saud\u00e1vel no dia a dia, tornando o banho um h\u00e1bito menos agressivo:<\/p>\n\n\n\n\n<style>\n  .make-wrap{\n    max-width: 760px;\n    margin: 26px auto;\n    padding: 18px;\n    border-radius: 18px;\n    background: linear-gradient(135deg,#fff7fb 0%,#f6f2ff 100%);\n    border: 1px solid #f7d4ea;\n    box-shadow: 0 8px 20px rgba(236,72,153,.12);\n    font-family: system-ui, -apple-system, Segoe UI, Roboto, Helvetica, Arial, sans-serif;\n  }\n\n  .make-title{\n    display:flex; \n    align-items:center; \n    gap:10px;\n    margin:0 0 12px 4px;\n    font-size:1.2rem; \n    font-weight:900; \n    color:#9d174d;\n  }\n\n  .make-table{\n    width:100%;\n    border-collapse:separate;\n    border-spacing:0;\n    overflow:hidden;\n    border-radius:16px;\n    border:1px solid #f7d4ea;\n    background:#fff;\n    font-size:.92rem;\n  }\n\n  .make-table thead th{\n    background:linear-gradient(90deg,#fde7f3 0%,#f8e9ff 100%);\n    padding:12px;\n    color:#7a1e63;\n    font-weight:800;\n    text-align:left;\n    border-bottom:1px solid #f7d4ea;\n  }\n\n  .make-table tbody td{\n    padding:12px;\n    color:#374151;\n    vertical-align:top;\n    border-bottom:1px dashed #f7d4ea;\n  }\n\n  .make-table tbody tr:nth-child(odd){\n    background:#fffaff;\n  }\n\n  .price{\n    display:inline-flex;\n    align-items:center;\n    background:#fff7ed;\n    color:#b45309;\n    padding:6px 10px;\n    border-radius:10px;\n    border:1px solid #fed7aa;\n    font-weight:700;\n    white-space:nowrap;\n  }\n\n  .badge{\n    display:inline-block;\n    background:#fde7f3;\n    color:#c026d3;\n    border:1px solid #fecdd3;\n    padding:4px 10px;\n    border-radius:999px;\n    font-weight:700;\n    font-size:.78rem;\n  }\n\n  @media (max-width:720px){\n    .make-table thead{display:none}\n    .make-table, .make-table tbody, .make-table tr, .make-table td{\n      display:block; \n      width:100%;\n    }\n    .make-table tr{\n      margin-bottom:12px;\n      border:1px solid #f7d4ea;\n      border-radius:14px;\n      overflow:hidden;\n      background:#fff;\n    }\n    .make-table td[data-label]:before{\n      content:attr(data-label);\n      display:block;\n      font-weight:800;\n      color:#7a1e63;\n      margin-bottom:4px;\n    }\n    .make-table tbody td:last-child{border-bottom:none}\n  }\n<\/style>\n\n<div class=\"make-wrap\">\n  <h3 class=\"make-title\">\ud83d\udec1\u2728 Cuidados Essenciais para um Banho Saud\u00e1vel<\/h3>\n\n  <table class=\"make-table\">\n    <thead>\n      <tr>\n        <th>Cuidados<\/th>\n        <th>Como aplicar no dia a dia<\/th>\n      <\/tr>\n    <\/thead>\n    <tbody>\n      <tr>\n        <td data-label=\"Cuidados\"><span class=\"badge\">Uso do sabonete<\/span><\/td>\n        <td data-label=\"Como aplicar no dia a dia\">Aplicar sabonete apenas nas \u00e1reas que realmente necessitam, como axilas, virilhas e p\u00e9s.<\/td>\n      <\/tr>\n      <tr>\n        <td data-label=\"Cuidados\"><span class=\"badge\">Tipo de sabonete<\/span><\/td>\n        <td data-label=\"Como aplicar no dia a dia\">Preferir sabonetes suaves, com pH pr\u00f3ximo ao da pele e, de prefer\u00eancia, hidratantes.<\/td>\n      <\/tr>\n      <tr>\n        <td data-label=\"Cuidados\"><span class=\"badge\">Esfolia\u00e7\u00e3o<\/span><\/td>\n        <td data-label=\"Como aplicar no dia a dia\">Evitar buchas \u00e1speras e esfolia\u00e7\u00f5es frequentes durante o banho.<\/td>\n      <\/tr>\n      <tr>\n        <td data-label=\"Cuidados\"><span class=\"badge\">Hidrata\u00e7\u00e3o<\/span><\/td>\n        <td data-label=\"Como aplicar no dia a dia\">Hidratar a pele imediatamente ap\u00f3s o banho, com o corpo ainda levemente \u00famido.<\/td>\n      <\/tr>\n    <\/tbody>\n  <\/table>\n\n  <p style=\"margin-top:14px; color:#6b7280; font-size:.9rem;\">\n    \ud83d\udca1 <strong>Dica:<\/strong> Banhos mais suaves ajudam a preservar a barreira natural da pele e evitam ressecamento.\n  <\/p>\n<\/div>\n\n\n\n\n\n<h2 class=\"wp-block-heading\">Quando \u00e9 necess\u00e1rio buscar ajuda profissional para cuidar da pele?<\/h2>\n\n\n\n<p>Se, apesar das mudan\u00e7as na rotina, a pele continua apresentando sinais de ressecamento, coceira persistente ou descama\u00e7\u00e3o, pode ser necess\u00e1rio buscar a avalia\u00e7\u00e3o de um dermatologista. Esse profissional pode identificar o grau de comprometimento da pele e recomendar tratamentos adequados.<\/p>\n\n\n\n<p>O dermatologista tamb\u00e9m pode orientar sobre produtos mais indicados para cada tipo de pele e sobre como cuidar da barreira cut\u00e2nea de forma eficaz. A consulta com um especialista \u00e9 fundamental para evitar que o problema se agrave e garantir a sa\u00fade da pele a longo prazo.<\/p>\n\n\n<a href=\"https:\/\/www.instagram.com\/dra.annaluisabf\/\" target=\"_blank\" rel=\"noopener\" style=\"text-decoration: none; color: inherit;\">\n    <span style=\"display: inline-block; border: 1px solid #ccc; border-radius: 10px; padding: 15px; max-width: 550px; font-family: sans-serif; box-shadow: 0 2px 5px rgba(0,0,0,0.1); width: 100%;\">\n\n      <!-- T\u00edtulo -->\n      <span style=\"display: block; margin: 0 0 15px 0; font-weight: bold; color: #2c3e50; text-align: center;\">\n        Entre em contato:\n      <\/span>\n\n      <!-- Linha do perfil -->\n      <span style=\"display: flex; align-items: center; gap: 15px;\">\n        <img decoding=\"async\"\n          src=\"https:\/\/www.correiobraziliense.com.br\/cbradar\/wp-content\/uploads\/2025\/08\/dra_anna_luisa.jpeg\"\n          alt=\"Foto da Dra. Anna Lu\u00edsa\"\n          style=\"border-radius: 50%; width: 80px; height: 80px; object-fit: cover;\"\n        \/>\n        <span style=\"display: flex; flex-direction: column;\">\n          <span style=\"font-size: 18px; font-weight: 700; color: #2c3e50;\">Dra. Anna Lu\u00edsa Barbosa Fernandes<\/span>\n          <span style=\"color: #555;\">CRM-GO 33.271<\/span>\n        <\/span>\n      <\/span>\n\n      <!-- Redes -->\n      <span style=\"display: flex; align-items: center; gap: 10px; margin-top: 12px;\">\n        <img decoding=\"async\" src=\"https:\/\/cdn-icons-png.flaticon.com\/24\/1384\/1384063.png\" alt=\"Instagram\" width=\"24\" height=\"24\" \/>\n        <span style=\"text-decoration: underline; color: #2c3e50;\">@dra.annaluisabf<\/span>\n      <\/span>\n\n    <\/span>\n  <\/a>","protected":false},"excerpt":{"rendered":"<p>Tomar banho quente \u00e9 uma atividade di\u00e1ria para muitos, mas \u00e9 importante compreender os efeitos a longo prazo que esse h\u00e1bito pode ter sobre a pele. A \u00e1gua em temperatura elevada, quando utilizada constantemente, pode comprometer a camada protetora natural da pele, conhecida como manto lip\u00eddico, que funciona como uma barreira essencial para manter a [&hellip;]<\/p>\n","protected":false},"author":14,"featured_media":205371,"comment_status":"open","ping_status":"open","sticky":false,"template":"","format":"standard","meta":{"_yoast_wpseo_focuskw":"Banho quente","_yoast_wpseo_title":"","_yoast_wpseo_metadesc":"Banho quente pode ressecar a pele e enfraquecer sua barreira natural. Entenda os sinais e como evitar esse dano.","jnews-multi-image_gallery":[],"jnews_single_post":{"format":"standard"},"jnews_primary_category":[],"jnews_social_meta":[],"jnews_override_counter":[],"footnotes":""},"categories":[4404],"post_tag":[120,247,1318],"class_list":["post-205367","post","type-post","status-publish","format-standard","has-post-thumbnail","hentry","category-saude","tag-bem-estar","tag-qualidade-de-vida","tag-saude-2"],"yoast_head":"<!-- This site is optimized with the Yoast SEO plugin v24.6 - https:\/\/yoast.com\/wordpress\/plugins\/seo\/ -->\n<title>Banho quente demais pode acelerar o ressecamento e irritar a pele - Correio Braziliense - Radar<\/title>\n<meta name=\"description\" content=\"Banho quente pode ressecar a pele e enfraquecer sua barreira natural. Entenda os sinais e como evitar esse dano.\" \/>\n<meta name=\"robots\" content=\"index, follow, max-snippet:-1, max-image-preview:large, max-video-preview:-1\" \/>\n<link rel=\"canonical\" href=\"https:\/\/www.correiobraziliense.com.br\/cbradar\/banho-quente-demais-pode-acelerar-o-ressecamento-e-irritar-a-pele\/\" \/>\n<meta property=\"og:locale\" content=\"pt_BR\" \/>\n<meta property=\"og:type\" content=\"article\" \/>\n<meta property=\"og:title\" content=\"Banho quente demais pode acelerar o ressecamento e irritar a pele - Correio Braziliense - Radar\" \/>\n<meta property=\"og:description\" content=\"Banho quente pode ressecar a pele e enfraquecer sua barreira natural. Entenda os sinais e como evitar esse dano.\" \/>\n<meta property=\"og:url\" content=\"https:\/\/www.correiobraziliense.com.br\/cbradar\/banho-quente-demais-pode-acelerar-o-ressecamento-e-irritar-a-pele\/\" \/>\n<meta property=\"og:site_name\" content=\"Correio Braziliense - Radar\" \/>\n<meta property=\"article:published_time\" content=\"2026-03-09T14:05:00+00:00\" \/>\n<meta property=\"og:image\" content=\"https:\/\/www.correiobraziliense.com.br\/cbradar\/wp-content\/uploads\/2026\/03\/banho-quente_1773057984884.jpg\" \/>\n\t<meta property=\"og:image:width\" content=\"1280\" \/>\n\t<meta property=\"og:image:height\" content=\"720\" \/>\n\t<meta property=\"og:image:type\" content=\"image\/jpeg\" \/>\n<meta name=\"author\" content=\"guilherme_saude\" \/>\n<meta name=\"twitter:card\" content=\"summary_large_image\" \/>\n<meta name=\"twitter:label1\" content=\"Escrito por\" \/>\n\t<meta name=\"twitter:data1\" content=\"guilherme_saude\" \/>\n\t<meta name=\"twitter:label2\" content=\"Est. tempo de leitura\" \/>\n\t<meta name=\"twitter:data2\" content=\"5 minutos\" \/>\n<!-- \/ Yoast SEO plugin. -->","yoast_head_json":{"title":"Banho quente demais pode acelerar o ressecamento e irritar a pele - Correio Braziliense - Radar","description":"Banho quente pode ressecar a pele e enfraquecer sua barreira natural. Entenda os sinais e como evitar esse dano.","robots":{"index":"index","follow":"follow","max-snippet":"max-snippet:-1","max-image-preview":"max-image-preview:large","max-video-preview":"max-video-preview:-1"},"canonical":"https:\/\/www.correiobraziliense.com.br\/cbradar\/banho-quente-demais-pode-acelerar-o-ressecamento-e-irritar-a-pele\/","og_locale":"pt_BR","og_type":"article","og_title":"Banho quente demais pode acelerar o ressecamento e irritar a pele - Correio Braziliense - Radar","og_description":"Banho quente pode ressecar a pele e enfraquecer sua barreira natural. Entenda os sinais e como evitar esse dano.","og_url":"https:\/\/www.correiobraziliense.com.br\/cbradar\/banho-quente-demais-pode-acelerar-o-ressecamento-e-irritar-a-pele\/","og_site_name":"Correio Braziliense - Radar","article_published_time":"2026-03-09T14:05:00+00:00","og_image":[{"width":1280,"height":720,"url":"https:\/\/www.correiobraziliense.com.br\/cbradar\/wp-content\/uploads\/2026\/03\/banho-quente_1773057984884.jpg","type":"image\/jpeg"}],"author":"guilherme_saude","twitter_card":"summary_large_image","twitter_misc":{"Escrito por":"guilherme_saude","Est. tempo de leitura":"5 minutos"},"schema":{"@context":"https:\/\/schema.org","@graph":[{"@type":"WebPage","@id":"https:\/\/www.correiobraziliense.com.br\/cbradar\/banho-quente-demais-pode-acelerar-o-ressecamento-e-irritar-a-pele\/","url":"https:\/\/www.correiobraziliense.com.br\/cbradar\/banho-quente-demais-pode-acelerar-o-ressecamento-e-irritar-a-pele\/","name":"Banho quente demais pode acelerar o ressecamento e irritar a pele - Correio Braziliense - Radar","isPartOf":{"@id":"https:\/\/www.correiobraziliense.com.br\/cbradar\/#website"},"primaryImageOfPage":{"@id":"https:\/\/www.correiobraziliense.com.br\/cbradar\/banho-quente-demais-pode-acelerar-o-ressecamento-e-irritar-a-pele\/#primaryimage"},"image":{"@id":"https:\/\/www.correiobraziliense.com.br\/cbradar\/banho-quente-demais-pode-acelerar-o-ressecamento-e-irritar-a-pele\/#primaryimage"},"thumbnailUrl":"https:\/\/www.correiobraziliense.com.br\/cbradar\/wp-content\/uploads\/2026\/03\/banho-quente_1773057984884.jpg","datePublished":"2026-03-09T14:05:00+00:00","author":{"@id":"https:\/\/www.correiobraziliense.com.br\/cbradar\/#\/schema\/person\/5aa4bf3c8fa699c267933611de12978b"},"description":"Banho quente pode ressecar a pele e enfraquecer sua barreira natural. Entenda os sinais e como evitar esse dano.","breadcrumb":{"@id":"https:\/\/www.correiobraziliense.com.br\/cbradar\/banho-quente-demais-pode-acelerar-o-ressecamento-e-irritar-a-pele\/#breadcrumb"},"inLanguage":"pt-BR","potentialAction":[{"@type":"ReadAction","target":["https:\/\/www.correiobraziliense.com.br\/cbradar\/banho-quente-demais-pode-acelerar-o-ressecamento-e-irritar-a-pele\/"]}]},{"@type":"ImageObject","inLanguage":"pt-BR","@id":"https:\/\/www.correiobraziliense.com.br\/cbradar\/banho-quente-demais-pode-acelerar-o-ressecamento-e-irritar-a-pele\/#primaryimage","url":"https:\/\/www.correiobraziliense.com.br\/cbradar\/wp-content\/uploads\/2026\/03\/banho-quente_1773057984884.jpg","contentUrl":"https:\/\/www.correiobraziliense.com.br\/cbradar\/wp-content\/uploads\/2026\/03\/banho-quente_1773057984884.jpg","width":1280,"height":720,"caption":"Banho quente pode estar destruindo a barreira natural da sua pele - Cr\u00e9ditos: depositphotos.com \/ nikkytok"},{"@type":"BreadcrumbList","@id":"https:\/\/www.correiobraziliense.com.br\/cbradar\/banho-quente-demais-pode-acelerar-o-ressecamento-e-irritar-a-pele\/#breadcrumb","itemListElement":[{"@type":"ListItem","position":1,"name":"In\u00edcio","item":"https:\/\/www.correiobraziliense.com.br\/cbradar\/"},{"@type":"ListItem","position":2,"name":"Banho quente demais pode acelerar o ressecamento e irritar a pele"}]},{"@type":"WebSite","@id":"https:\/\/www.correiobraziliense.com.br\/cbradar\/#website","url":"https:\/\/www.correiobraziliense.com.br\/cbradar\/","name":"Correio Braziliense - Radar","description":"Acompanhe as \u00faltimas not\u00edcias e fique bem informado sobre tudo o que acontece no Brasil e no mundo.","potentialAction":[{"@type":"SearchAction","target":{"@type":"EntryPoint","urlTemplate":"https:\/\/www.correiobraziliense.com.br\/cbradar\/?s={search_term_string}"},"query-input":{"@type":"PropertyValueSpecification","valueRequired":true,"valueName":"search_term_string"}}],"inLanguage":"pt-BR"},{"@type":"Person","@id":"https:\/\/www.correiobraziliense.com.br\/cbradar\/#\/schema\/person\/5aa4bf3c8fa699c267933611de12978b","name":"guilherme_saude","image":{"@type":"ImageObject","inLanguage":"pt-BR","@id":"https:\/\/www.correiobraziliense.com.br\/cbradar\/#\/schema\/person\/image\/","url":"https:\/\/secure.gravatar.com\/avatar\/df9adfb835d344bc0af109d41756253f?s=96&d=mm&r=g","contentUrl":"https:\/\/secure.gravatar.com\/avatar\/df9adfb835d344bc0af109d41756253f?s=96&d=mm&r=g","caption":"guilherme_saude"},"url":"https:\/\/www.correiobraziliense.com.br\/cbradar\/author\/guilherme_saude\/"}]}},"_links":{"self":[{"href":"https:\/\/www.correiobraziliense.com.br\/cbradar\/wp-json\/wp\/v2\/posts\/205367","targetHints":{"allow":["GET"]}}],"collection":[{"href":"https:\/\/www.correiobraziliense.com.br\/cbradar\/wp-json\/wp\/v2\/posts"}],"about":[{"href":"https:\/\/www.correiobraziliense.com.br\/cbradar\/wp-json\/wp\/v2\/types\/post"}],"author":[{"embeddable":true,"href":"https:\/\/www.correiobraziliense.com.br\/cbradar\/wp-json\/wp\/v2\/users\/14"}],"replies":[{"embeddable":true,"href":"https:\/\/www.correiobraziliense.com.br\/cbradar\/wp-json\/wp\/v2\/comments?post=205367"}],"version-history":[{"count":1,"href":"https:\/\/www.correiobraziliense.com.br\/cbradar\/wp-json\/wp\/v2\/posts\/205367\/revisions"}],"predecessor-version":[{"id":205374,"href":"https:\/\/www.correiobraziliense.com.br\/cbradar\/wp-json\/wp\/v2\/posts\/205367\/revisions\/205374"}],"wp:featuredmedia":[{"embeddable":true,"href":"https:\/\/www.correiobraziliense.com.br\/cbradar\/wp-json\/wp\/v2\/media\/205371"}],"wp:attachment":[{"href":"https:\/\/www.correiobraziliense.com.br\/cbradar\/wp-json\/wp\/v2\/media?parent=205367"}],"wp:term":[{"taxonomy":"category","embeddable":true,"href":"https:\/\/www.correiobraziliense.com.br\/cbradar\/wp-json\/wp\/v2\/categories?post=205367"},{"taxonomy":"post_tag","embeddable":true,"href":"https:\/\/www.correiobraziliense.com.br\/cbradar\/wp-json\/wp\/v2\/post_tag?post=205367"}],"curies":[{"name":"wp","href":"https:\/\/api.w.org\/{rel}","templated":true}]}}