{"id":205393,"date":"2026-03-09T17:15:00","date_gmt":"2026-03-09T20:15:00","guid":{"rendered":"https:\/\/www.correiobraziliense.com.br\/cbradar\/?p=205393"},"modified":"2026-03-09T09:20:32","modified_gmt":"2026-03-09T12:20:32","slug":"o-calculo-simples-que-revela-a-quantidade-ideal-de-agua-para-seu-corpo","status":"publish","type":"post","link":"https:\/\/www.correiobraziliense.com.br\/cbradar\/o-calculo-simples-que-revela-a-quantidade-ideal-de-agua-para-seu-corpo\/","title":{"rendered":"O c\u00e1lculo simples que revela a quantidade ideal de \u00e1gua para seu corpo"},"content":{"rendered":"\n<p>A <strong>ingest\u00e3o adequada de \u00e1gua<\/strong> \u00e9 fundamental para manter as fun\u00e7\u00f5es vitais do organismo em equil\u00edbrio. Embora seja comum ouvir a recomenda\u00e7\u00e3o de consumir dois litros di\u00e1rios, essa quantidade pode variar de acordo com peso, idade, clima e n\u00edvel de atividade f\u00edsica, tornando necess\u00e1rio individualizar a hidrata\u00e7\u00e3o para garantir que o corpo funcione de forma eficiente.<\/p>\n\n\n\n<h2 class=\"wp-block-heading\">Qual \u00e9 a import\u00e2ncia da hidrata\u00e7\u00e3o adequada?<\/h2>\n\n\n\n<p>A \u00e1gua participa de processos essenciais, como regula\u00e7\u00e3o da temperatura corporal, transporte de nutrientes, funcionamento dos rins e lubrifica\u00e7\u00e3o das articula\u00e7\u00f5es. Como cerca de 70% do corpo humano \u00e9 composto por \u00e1gua, pequenas varia\u00e7\u00f5es na hidrata\u00e7\u00e3o j\u00e1 podem impactar energia, bem-estar e desempenho f\u00edsico e mental.<\/p>\n\n\n\n<h2 class=\"wp-block-heading\">Como calcular a quantidade ideal de \u00e1gua por dia?<\/h2>\n\n\n\n<p>Uma forma pr\u00e1tica de estimar a necessidade di\u00e1ria \u00e9 multiplicar o peso corporal por cerca de 35 ml de \u00e1gua. Assim, uma pessoa com 70 kg deve consumir aproximadamente 2,45 litros de \u00e1gua por dia, ajustando esse valor sempre que houver mudan\u00e7as importantes na rotina ou nas condi\u00e7\u00f5es de sa\u00fade.<\/p>\n\n\n\n<p>Algumas faixas et\u00e1rias e situa\u00e7\u00f5es espec\u00edficas exigem adapta\u00e7\u00f5es do c\u00e1lculo b\u00e1sico, respeitando as caracter\u00edsticas de cada organismo. Abaixo est\u00e3o exemplos de ajustes frequentemente utilizados por profissionais de sa\u00fade:<\/p>\n\n\n\n\n<style>\n  .make-wrap{\n    max-width: 760px;\n    margin: 26px auto;\n    padding: 18px;\n    border-radius: 18px;\n    background: linear-gradient(135deg,#fff7fb 0%,#f6f2ff 100%);\n    border: 1px solid #f7d4ea;\n    box-shadow: 0 8px 20px rgba(236,72,153,.12);\n    font-family: system-ui, -apple-system, Segoe UI, Roboto, Helvetica, Arial, sans-serif;\n  }\n\n  .make-title{\n    display:flex; \n    align-items:center; \n    gap:10px;\n    margin:0 0 12px 4px;\n    font-size:1.2rem; \n    font-weight:900; \n    color:#9d174d;\n  }\n\n  .make-table{\n    width:100%;\n    border-collapse:separate;\n    border-spacing:0;\n    overflow:hidden;\n    border-radius:16px;\n    border:1px solid #f7d4ea;\n    background:#fff;\n    font-size:.92rem;\n  }\n\n  .make-table thead th{\n    background:linear-gradient(90deg,#fde7f3 0%,#f8e9ff 100%);\n    padding:12px;\n    color:#7a1e63;\n    font-weight:800;\n    text-align:left;\n    border-bottom:1px solid #f7d4ea;\n  }\n\n  .make-table tbody td{\n    padding:12px;\n    color:#374151;\n    vertical-align:top;\n    border-bottom:1px dashed #f7d4ea;\n  }\n\n  .make-table tbody tr:nth-child(odd){\n    background:#fffaff;\n  }\n\n  .price{\n    display:inline-flex;\n    align-items:center;\n    background:#fff7ed;\n    color:#b45309;\n    padding:6px 10px;\n    border-radius:10px;\n    border:1px solid #fed7aa;\n    font-weight:700;\n    white-space:nowrap;\n  }\n\n  .badge{\n    display:inline-block;\n    background:#fde7f3;\n    color:#c026d3;\n    border:1px solid #fecdd3;\n    padding:4px 10px;\n    border-radius:999px;\n    font-weight:700;\n    font-size:.78rem;\n  }\n\n  @media (max-width:720px){\n    .make-table thead{display:none}\n    .make-table, .make-table tbody, .make-table tr, .make-table td{\n      display:block; \n      width:100%;\n    }\n    .make-table tr{\n      margin-bottom:12px;\n      border:1px solid #f7d4ea;\n      border-radius:14px;\n      overflow:hidden;\n      background:#fff;\n    }\n    .make-table td[data-label]:before{\n      content:attr(data-label);\n      display:block;\n      font-weight:800;\n      color:#7a1e63;\n      margin-bottom:4px;\n    }\n    .make-table tbody td:last-child{border-bottom:none}\n  }\n<\/style>\n\n<div class=\"make-wrap\">\n  <h3 class=\"make-title\">\ud83d\udca7\ud83d\udcca Consumo Di\u00e1rio de \u00c1gua por Faixa Et\u00e1ria<\/h3>\n\n  <table class=\"make-table\">\n    <thead>\n      <tr>\n        <th>Grupo<\/th>\n        <th>Recomenda\u00e7\u00e3o<\/th>\n      <\/tr>\n    <\/thead>\n    <tbody>\n      <tr>\n        <td data-label=\"Grupo\"><span class=\"badge\">Jovens at\u00e9 17 anos<\/span><\/td>\n        <td data-label=\"Recomenda\u00e7\u00e3o\">Cerca de 40 ml de \u00e1gua por quilo de peso corporal.<\/td>\n      <\/tr>\n      <tr>\n        <td data-label=\"Grupo\"><span class=\"badge\">Adultos<\/span><\/td>\n        <td data-label=\"Recomenda\u00e7\u00e3o\">Aproximadamente 35 ml por quilo de peso, com poss\u00edveis ajustes individuais.<\/td>\n      <\/tr>\n      <tr>\n        <td data-label=\"Grupo\"><span class=\"badge\">Idosos<\/span><\/td>\n        <td data-label=\"Recomenda\u00e7\u00e3o\">Entre 25 e 30 ml por quilo, considerando a fun\u00e7\u00e3o renal.<\/td>\n      <\/tr>\n      <tr>\n        <td data-label=\"Grupo\"><span class=\"badge\">Calor ou exerc\u00edcios intensos<\/span><\/td>\n        <td data-label=\"Recomenda\u00e7\u00e3o\">A ingest\u00e3o pode aumentar para cerca de 45 ml por quilo.<\/td>\n      <\/tr>\n    <\/tbody>\n  <\/table>\n\n  <p style=\"margin-top:14px; color:#6b7280; font-size:.9rem;\">\n    \ud83d\udca1 <strong>Dica:<\/strong> Ajuste a ingest\u00e3o de \u00e1gua conforme clima, n\u00edvel de atividade f\u00edsica e necessidades individuais.\n  <\/p>\n<\/div>\n\n\n\n\n\n<h2 class=\"wp-block-heading\">Quais s\u00e3o os riscos da baixa ingest\u00e3o de \u00e1gua?<\/h2>\n\n\n\n<p>A desidrata\u00e7\u00e3o, mesmo leve, pode causar sintomas como urina escura, dor de cabe\u00e7a, pele seca, constipa\u00e7\u00e3o intestinal e cansa\u00e7o f\u00edsico. Quando persistente, a baixa ingest\u00e3o h\u00eddrica pode sobrecarregar os rins, favorecer c\u00e1lculos renais e prejudicar o desempenho cognitivo e f\u00edsico ao longo do dia.<\/p>\n\n\n\n<p>Em situa\u00e7\u00f5es mais graves, a falta de \u00e1gua pode levar \u00e0 queda de press\u00e3o arterial, tonturas, confus\u00e3o mental e maior risco de infec\u00e7\u00f5es urin\u00e1rias. Por isso, observar a cor da urina, a frequ\u00eancia de sede e o bem-estar geral ajuda a identificar precocemente sinais de hidrata\u00e7\u00e3o inadequada.<\/p>\n\n\n\n<p>Para compreender melhor os riscos de beber pouca \u00e1gua e como a desidrata\u00e7\u00e3o pode afetar a sa\u00fade, assista ao v\u00eddeo a seguir, no qual o especialista explica o assunto de forma clara e did\u00e1tica no canal <strong>Cardio DF<\/strong>.<\/p>\n\n\n\n<iframe loading=\"lazy\" width=\"1396\" height=\"785\" src=\"https:\/\/www.youtube.com\/embed\/-tmJGwfjQ-o\" title=\"O PERIGO DE BEBER POUCA \u00c1GUA e AS DOEN\u00c7AS QUE S\u00c3O EVITADAS E CURADAS COM ELA (evite desidrata\u00e7\u00e3o)\" frameborder=\"0\" allow=\"accelerometer; autoplay; clipboard-write; encrypted-media; gyroscope; picture-in-picture; web-share\" referrerpolicy=\"strict-origin-when-cross-origin\" allowfullscreen><\/iframe>\n\n\n\n<h2 class=\"wp-block-heading\">Quais s\u00e3o os principais benef\u00edcios da ingest\u00e3o adequada de \u00e1gua?<\/h2>\n\n\n\n<p>Uma revis\u00e3o sistem\u00e1tica publicada no JAMA Network Open em 2024 associou maior consumo de \u00e1gua \u00e0 perda de peso e \u00e0 redu\u00e7\u00e3o da incid\u00eancia de c\u00e1lculos renais. Tamb\u00e9m foram observados benef\u00edcios como melhor controle da glicemia, preven\u00e7\u00e3o de enxaquecas e menor ocorr\u00eancia de infec\u00e7\u00f5es do trato urin\u00e1rio.<\/p>\n\n\n\n<p>Al\u00e9m disso, manter-se bem hidratado contribui para o bom funcionamento intestinal, para a elasticidade da pele e para a disposi\u00e7\u00e3o f\u00edsica e mental. Em conjunto com alimenta\u00e7\u00e3o equilibrada e sono adequado, a \u00e1gua torna-se um pilar simples e acess\u00edvel da promo\u00e7\u00e3o de sa\u00fade.<\/p>\n\n\n\n<h2 class=\"wp-block-heading\">Como manter a hidrata\u00e7\u00e3o adequada no dia a dia?<\/h2>\n\n\n\n<p>Mesmo conhecendo a quantidade ideal de \u00e1gua, muitas pessoas t\u00eam dificuldade em transformar o consumo regular em h\u00e1bito. Algumas estrat\u00e9gias simples podem facilitar essa rotina e ajudar a atingir a meta di\u00e1ria de hidrata\u00e7\u00e3o de forma mais natural e prazerosa:<\/p>\n\n\n\n<ul class=\"wp-block-list\">\n<li>Tenha sempre uma garrafa de \u00e1gua por perto durante o trabalho, <a href=\"https:\/\/pubmed.ncbi.nlm.nih.gov\/39585691\/\" target=\"_blank\" rel=\"noreferrer noopener\">estudo <\/a>ou em casa.<\/li>\n\n\n\n<li>Comece o dia com um copo de \u00e1gua para repor o l\u00edquido perdido durante o sono.<\/li>\n\n\n\n<li>Inclua frutas ricas em \u00e1gua, como melancia, mel\u00e3o, laranja e abacaxi, na alimenta\u00e7\u00e3o.<\/li>\n\n\n\n<li>Saborize a \u00e1gua com peda\u00e7os de frutas, ervas ou rodelas de lim\u00e3o para torn\u00e1-la mais atrativa.<\/li>\n\n\n\n<li>Use aplicativos ou alarmes no celular para lembrar de beber \u00e1gua ao longo do dia.<\/li>\n<\/ul>\n\n\n\n<p>Gestantes, lactantes, atletas e pessoas com condi\u00e7\u00f5es m\u00e9dicas espec\u00edficas, como doen\u00e7as renais ou card\u00edacas, podem necessitar de ajustes individuais. Nesses casos, \u00e9 essencial buscar orienta\u00e7\u00e3o profissional para adequar a ingest\u00e3o de \u00e1gua de forma segura e ben\u00e9fica para a sa\u00fade.<\/p>\n\n\n<a href=\"https:\/\/www.instagram.com\/dra.annaluisabf\/\" target=\"_blank\" rel=\"noopener\" style=\"text-decoration: none; color: inherit;\">\n    <span style=\"display: inline-block; border: 1px solid #ccc; border-radius: 10px; padding: 15px; max-width: 550px; font-family: sans-serif; box-shadow: 0 2px 5px rgba(0,0,0,0.1); width: 100%;\">\n\n      <!-- T\u00edtulo -->\n      <span style=\"display: block; margin: 0 0 15px 0; font-weight: bold; color: #2c3e50; text-align: center;\">\n        Entre em contato:\n      <\/span>\n\n      <!-- Linha do perfil -->\n      <span style=\"display: flex; align-items: center; gap: 15px;\">\n        <img decoding=\"async\"\n          src=\"https:\/\/www.correiobraziliense.com.br\/cbradar\/wp-content\/uploads\/2025\/08\/dra_anna_luisa.jpeg\"\n          alt=\"Foto da Dra. Anna Lu\u00edsa\"\n          style=\"border-radius: 50%; width: 80px; height: 80px; object-fit: cover;\"\n        \/>\n        <span style=\"display: flex; flex-direction: column;\">\n          <span style=\"font-size: 18px; font-weight: 700; color: #2c3e50;\">Dra. Anna Lu\u00edsa Barbosa Fernandes<\/span>\n          <span style=\"color: #555;\">CRM-GO 33.271<\/span>\n        <\/span>\n      <\/span>\n\n      <!-- Redes -->\n      <span style=\"display: flex; align-items: center; gap: 10px; margin-top: 12px;\">\n        <img decoding=\"async\" src=\"https:\/\/cdn-icons-png.flaticon.com\/24\/1384\/1384063.png\" alt=\"Instagram\" width=\"24\" height=\"24\" \/>\n        <span style=\"text-decoration: underline; color: #2c3e50;\">@dra.annaluisabf<\/span>\n      <\/span>\n\n    <\/span>\n  <\/a>","protected":false},"excerpt":{"rendered":"<p>A ingest\u00e3o adequada de \u00e1gua \u00e9 fundamental para manter as fun\u00e7\u00f5es vitais do organismo em equil\u00edbrio. Embora seja comum ouvir a recomenda\u00e7\u00e3o de consumir dois litros di\u00e1rios, essa quantidade pode variar de acordo com peso, idade, clima e n\u00edvel de atividade f\u00edsica, tornando necess\u00e1rio individualizar a hidrata\u00e7\u00e3o para garantir que o corpo funcione de forma [&hellip;]<\/p>\n","protected":false},"author":14,"featured_media":109254,"comment_status":"open","ping_status":"open","sticky":false,"template":"","format":"standard","meta":{"_yoast_wpseo_focuskw":"quantidade ideal de \u00e1gua","_yoast_wpseo_title":"","_yoast_wpseo_metadesc":"A quantidade ideal de \u00e1gua pode variar conforme seu peso. Descubra o c\u00e1lculo simples que ajuda a acertar na hidrata\u00e7\u00e3o.","jnews-multi-image_gallery":[],"jnews_single_post":{"format":"standard"},"jnews_primary_category":[],"jnews_social_meta":[],"jnews_override_counter":[],"footnotes":""},"categories":[4404],"post_tag":[120,247,1318],"class_list":["post-205393","post","type-post","status-publish","format-standard","has-post-thumbnail","hentry","category-saude","tag-bem-estar","tag-qualidade-de-vida","tag-saude-2"],"yoast_head":"<!-- This site is optimized with the Yoast SEO plugin v24.6 - https:\/\/yoast.com\/wordpress\/plugins\/seo\/ -->\n<title>O c\u00e1lculo simples que revela a quantidade ideal de \u00e1gua para seu corpo - Correio Braziliense - Radar<\/title>\n<meta name=\"description\" content=\"A quantidade ideal de \u00e1gua pode variar conforme seu peso. Descubra o c\u00e1lculo simples que ajuda a acertar na hidrata\u00e7\u00e3o.\" \/>\n<meta name=\"robots\" content=\"index, follow, max-snippet:-1, max-image-preview:large, max-video-preview:-1\" \/>\n<link rel=\"canonical\" href=\"https:\/\/www.correiobraziliense.com.br\/cbradar\/o-calculo-simples-que-revela-a-quantidade-ideal-de-agua-para-seu-corpo\/\" \/>\n<meta property=\"og:locale\" content=\"pt_BR\" \/>\n<meta property=\"og:type\" content=\"article\" \/>\n<meta property=\"og:title\" content=\"O c\u00e1lculo simples que revela a quantidade ideal de \u00e1gua para seu corpo - Correio Braziliense - Radar\" \/>\n<meta property=\"og:description\" content=\"A quantidade ideal de \u00e1gua pode variar conforme seu peso. Descubra o c\u00e1lculo simples que ajuda a acertar na hidrata\u00e7\u00e3o.\" \/>\n<meta property=\"og:url\" content=\"https:\/\/www.correiobraziliense.com.br\/cbradar\/o-calculo-simples-que-revela-a-quantidade-ideal-de-agua-para-seu-corpo\/\" \/>\n<meta property=\"og:site_name\" content=\"Correio Braziliense - Radar\" \/>\n<meta property=\"article:published_time\" content=\"2026-03-09T20:15:00+00:00\" \/>\n<meta property=\"og:image\" content=\"https:\/\/www.correiobraziliense.com.br\/cbradar\/wp-content\/uploads\/2025\/09\/beber-agua_1758772343691.jpg\" \/>\n\t<meta property=\"og:image:width\" content=\"1280\" \/>\n\t<meta property=\"og:image:height\" content=\"720\" \/>\n\t<meta property=\"og:image:type\" content=\"image\/jpeg\" \/>\n<meta name=\"author\" content=\"guilherme_saude\" \/>\n<meta name=\"twitter:card\" content=\"summary_large_image\" \/>\n<meta name=\"twitter:label1\" content=\"Escrito por\" \/>\n\t<meta name=\"twitter:data1\" content=\"guilherme_saude\" \/>\n\t<meta name=\"twitter:label2\" content=\"Est. tempo de leitura\" \/>\n\t<meta name=\"twitter:data2\" content=\"5 minutos\" \/>\n<!-- \/ Yoast SEO plugin. -->","yoast_head_json":{"title":"O c\u00e1lculo simples que revela a quantidade ideal de \u00e1gua para seu corpo - Correio Braziliense - Radar","description":"A quantidade ideal de \u00e1gua pode variar conforme seu peso. Descubra o c\u00e1lculo simples que ajuda a acertar na hidrata\u00e7\u00e3o.","robots":{"index":"index","follow":"follow","max-snippet":"max-snippet:-1","max-image-preview":"max-image-preview:large","max-video-preview":"max-video-preview:-1"},"canonical":"https:\/\/www.correiobraziliense.com.br\/cbradar\/o-calculo-simples-que-revela-a-quantidade-ideal-de-agua-para-seu-corpo\/","og_locale":"pt_BR","og_type":"article","og_title":"O c\u00e1lculo simples que revela a quantidade ideal de \u00e1gua para seu corpo - Correio Braziliense - Radar","og_description":"A quantidade ideal de \u00e1gua pode variar conforme seu peso. Descubra o c\u00e1lculo simples que ajuda a acertar na hidrata\u00e7\u00e3o.","og_url":"https:\/\/www.correiobraziliense.com.br\/cbradar\/o-calculo-simples-que-revela-a-quantidade-ideal-de-agua-para-seu-corpo\/","og_site_name":"Correio Braziliense - Radar","article_published_time":"2026-03-09T20:15:00+00:00","og_image":[{"width":1280,"height":720,"url":"https:\/\/www.correiobraziliense.com.br\/cbradar\/wp-content\/uploads\/2025\/09\/beber-agua_1758772343691.jpg","type":"image\/jpeg"}],"author":"guilherme_saude","twitter_card":"summary_large_image","twitter_misc":{"Escrito por":"guilherme_saude","Est. tempo de leitura":"5 minutos"},"schema":{"@context":"https:\/\/schema.org","@graph":[{"@type":"WebPage","@id":"https:\/\/www.correiobraziliense.com.br\/cbradar\/o-calculo-simples-que-revela-a-quantidade-ideal-de-agua-para-seu-corpo\/","url":"https:\/\/www.correiobraziliense.com.br\/cbradar\/o-calculo-simples-que-revela-a-quantidade-ideal-de-agua-para-seu-corpo\/","name":"O c\u00e1lculo simples que revela a quantidade ideal de \u00e1gua para seu corpo - Correio Braziliense - Radar","isPartOf":{"@id":"https:\/\/www.correiobraziliense.com.br\/cbradar\/#website"},"primaryImageOfPage":{"@id":"https:\/\/www.correiobraziliense.com.br\/cbradar\/o-calculo-simples-que-revela-a-quantidade-ideal-de-agua-para-seu-corpo\/#primaryimage"},"image":{"@id":"https:\/\/www.correiobraziliense.com.br\/cbradar\/o-calculo-simples-que-revela-a-quantidade-ideal-de-agua-para-seu-corpo\/#primaryimage"},"thumbnailUrl":"https:\/\/www.correiobraziliense.com.br\/cbradar\/wp-content\/uploads\/2025\/09\/beber-agua_1758772343691.jpg","datePublished":"2026-03-09T20:15:00+00:00","author":{"@id":"https:\/\/www.correiobraziliense.com.br\/cbradar\/#\/schema\/person\/5aa4bf3c8fa699c267933611de12978b"},"description":"A quantidade ideal de \u00e1gua pode variar conforme seu peso. Descubra o c\u00e1lculo simples que ajuda a acertar na hidrata\u00e7\u00e3o.","breadcrumb":{"@id":"https:\/\/www.correiobraziliense.com.br\/cbradar\/o-calculo-simples-que-revela-a-quantidade-ideal-de-agua-para-seu-corpo\/#breadcrumb"},"inLanguage":"pt-BR","potentialAction":[{"@type":"ReadAction","target":["https:\/\/www.correiobraziliense.com.br\/cbradar\/o-calculo-simples-que-revela-a-quantidade-ideal-de-agua-para-seu-corpo\/"]}]},{"@type":"ImageObject","inLanguage":"pt-BR","@id":"https:\/\/www.correiobraziliense.com.br\/cbradar\/o-calculo-simples-que-revela-a-quantidade-ideal-de-agua-para-seu-corpo\/#primaryimage","url":"https:\/\/www.correiobraziliense.com.br\/cbradar\/wp-content\/uploads\/2025\/09\/beber-agua_1758772343691.jpg","contentUrl":"https:\/\/www.correiobraziliense.com.br\/cbradar\/wp-content\/uploads\/2025\/09\/beber-agua_1758772343691.jpg","width":1280,"height":720,"caption":"Ingest\u00e3o de \u00c1gua - Cr\u00e9ditos: depositphotos.com \/ EdZbarzhyvetsky"},{"@type":"BreadcrumbList","@id":"https:\/\/www.correiobraziliense.com.br\/cbradar\/o-calculo-simples-que-revela-a-quantidade-ideal-de-agua-para-seu-corpo\/#breadcrumb","itemListElement":[{"@type":"ListItem","position":1,"name":"In\u00edcio","item":"https:\/\/www.correiobraziliense.com.br\/cbradar\/"},{"@type":"ListItem","position":2,"name":"O c\u00e1lculo simples que revela a quantidade ideal de \u00e1gua para seu corpo"}]},{"@type":"WebSite","@id":"https:\/\/www.correiobraziliense.com.br\/cbradar\/#website","url":"https:\/\/www.correiobraziliense.com.br\/cbradar\/","name":"Correio Braziliense - Radar","description":"Acompanhe as \u00faltimas not\u00edcias e fique bem informado sobre tudo o que acontece no Brasil e no mundo.","potentialAction":[{"@type":"SearchAction","target":{"@type":"EntryPoint","urlTemplate":"https:\/\/www.correiobraziliense.com.br\/cbradar\/?s={search_term_string}"},"query-input":{"@type":"PropertyValueSpecification","valueRequired":true,"valueName":"search_term_string"}}],"inLanguage":"pt-BR"},{"@type":"Person","@id":"https:\/\/www.correiobraziliense.com.br\/cbradar\/#\/schema\/person\/5aa4bf3c8fa699c267933611de12978b","name":"guilherme_saude","image":{"@type":"ImageObject","inLanguage":"pt-BR","@id":"https:\/\/www.correiobraziliense.com.br\/cbradar\/#\/schema\/person\/image\/","url":"https:\/\/secure.gravatar.com\/avatar\/df9adfb835d344bc0af109d41756253f?s=96&d=mm&r=g","contentUrl":"https:\/\/secure.gravatar.com\/avatar\/df9adfb835d344bc0af109d41756253f?s=96&d=mm&r=g","caption":"guilherme_saude"},"url":"https:\/\/www.correiobraziliense.com.br\/cbradar\/author\/guilherme_saude\/"}]}},"_links":{"self":[{"href":"https:\/\/www.correiobraziliense.com.br\/cbradar\/wp-json\/wp\/v2\/posts\/205393","targetHints":{"allow":["GET"]}}],"collection":[{"href":"https:\/\/www.correiobraziliense.com.br\/cbradar\/wp-json\/wp\/v2\/posts"}],"about":[{"href":"https:\/\/www.correiobraziliense.com.br\/cbradar\/wp-json\/wp\/v2\/types\/post"}],"author":[{"embeddable":true,"href":"https:\/\/www.correiobraziliense.com.br\/cbradar\/wp-json\/wp\/v2\/users\/14"}],"replies":[{"embeddable":true,"href":"https:\/\/www.correiobraziliense.com.br\/cbradar\/wp-json\/wp\/v2\/comments?post=205393"}],"version-history":[{"count":1,"href":"https:\/\/www.correiobraziliense.com.br\/cbradar\/wp-json\/wp\/v2\/posts\/205393\/revisions"}],"predecessor-version":[{"id":205397,"href":"https:\/\/www.correiobraziliense.com.br\/cbradar\/wp-json\/wp\/v2\/posts\/205393\/revisions\/205397"}],"wp:featuredmedia":[{"embeddable":true,"href":"https:\/\/www.correiobraziliense.com.br\/cbradar\/wp-json\/wp\/v2\/media\/109254"}],"wp:attachment":[{"href":"https:\/\/www.correiobraziliense.com.br\/cbradar\/wp-json\/wp\/v2\/media?parent=205393"}],"wp:term":[{"taxonomy":"category","embeddable":true,"href":"https:\/\/www.correiobraziliense.com.br\/cbradar\/wp-json\/wp\/v2\/categories?post=205393"},{"taxonomy":"post_tag","embeddable":true,"href":"https:\/\/www.correiobraziliense.com.br\/cbradar\/wp-json\/wp\/v2\/post_tag?post=205393"}],"curies":[{"name":"wp","href":"https:\/\/api.w.org\/{rel}","templated":true}]}}